{"id":53086,"date":"2021-08-13T18:10:56","date_gmt":"2021-08-13T17:10:56","guid":{"rendered":"https:\/\/radioljubuski.ba\/?p=53086"},"modified":"2021-08-13T18:10:57","modified_gmt":"2021-08-13T17:10:57","slug":"za-pola-godine-bih-napustilo-85-000-osoba","status":"publish","type":"post","link":"https:\/\/radioljubuski.ba\/index.php\/2021\/08\/13\/za-pola-godine-bih-napustilo-85-000-osoba\/","title":{"rendered":"Za pola godine BiH napustilo 85.000 osoba"},"content":{"rendered":"\n<p>I na Me\u0111unarodni dan mladih moramo podsjetiti da je sve manji broj mladih koji se odlu\u010duju da ostanu u Bosni i Hercegovini. Sve ve\u0107i broj izdatih dozvola za rad i odricanja bh. dr\u017eavljanstva, a vlasti ni\u0161ta ne poduzimaju. Za pola godine na\u0161u dr\u017eavu napustio je cijeli jedan grad, \u010dak 85.000 gra\u0111ana, me\u0111u njima najvi\u0161e mladih.<\/p>\n\n\n\n<p>U Sarajevu veliki broj turista, \u0161to je dobra vijest za na\u0161u dr\u017eavu. Ali ono \u0161to je surova istina i realnost je da na\u0161i dr\u017eavljani nisu u druge dr\u017eave oti\u0161li turisti\u010dki, ve\u0107 prete\u017eno zbog egzistencije. Jedan od njih je i 16-godi\u0161nji Hamza Orman, koji je prije \u010detiri godine oti\u0161ao u Njema\u010dku s obitelji, gdje se \u0161koluje i radi. Do\u0161ao je na odmor u Sarajevo na 30 dana.<\/p>\n\n\n\n<p>&#8211; Tamo je puno bolje. Kao 16-godi\u0161njak radim i dijelim novine, imam svoj posao. Primam pla\u0107u za to, i sve mi se ubraja u mirovinu. Tamo je lijepo i sve je ure\u0111eno. Sam sebi zara\u0111ujem i kupujem stvari, \u0161to ovdje ne bih mogao priu\u0161titi \u2013 pri\u010da Hamza.<\/p>\n\n\n\n<p>Prema podacima Unije za odr\u017eivi povratak i integracije u BiH, u prvih \u0161est mjeseci ove godine na\u0161u dr\u017eavu je napustilo 85.000 osoba. Mladi su svjesni te\u0161ke situacije iz koje izlaz pronalaze samo van granica BiH.<\/p>\n\n\n\n<p>Mladi u Bosni i Hercegovini su u nezavidnom polo\u017eaju, gotovo na marginama dru\u0161tvu u kojem \u017eivimo, smatra doc. dr. Amer Osmi\u0107, profesor na Odsjeku za sociologiju FPN UNSA.<\/p>\n\n\n\n<p>&#8211; Teme koje zanimaju mlade, o perspektivi, o budu\u0107nosti, o njihovom statusu u dru\u0161tvu skroz su marginalizirane i zanemare jer, na\u017ealost, dominiraju neke druge teme koje su mladim ljudima na margini, te teme koje se ti\u010du nekih etni\u010dkih problema \u2013 isti\u010de Osmi\u0107.<\/p>\n\n\n\n<p>Na\u0161a dr\u017eava definitivno ostaje bez mladog sposobnog stanovni\u0161tva. Za to vrijeme, BiH puni bud\u017eet novcem od ispisnica iz knjiga bh. dr\u017eavljana, kojih je sve vi\u0161e. Doma\u0107i politi\u010dari ignoriraju ovaj problem i izgleda \u010dekaju da postanemo zemlja staraca, ako ve\u0107 i nismo.<\/p>\n\n\n\n<p>Izvor:federalna.ba<\/p>\n","protected":false},"excerpt":{"rendered":"<p>I na Me\u0111unarodni dan mladih moramo podsjetiti da je sve manji broj mladih koji se odlu\u010duju da ostanu u Bosni i Hercegovini. Sve ve\u0107i broj izdatih dozvola za rad i odricanja bh. dr\u017eavljanstva, a vlasti ni\u0161ta ne poduzimaju. Za pola godine na\u0161u dr\u017eavu napustio je cijeli jedan grad, \u010dak 85.000 gra\u0111ana, me\u0111u njima najvi\u0161e mladih. [&hellip;]<\/p>\n","protected":false},"author":2,"featured_media":24717,"comment_status":"closed","ping_status":"closed","sticky":false,"template":"","format":"standard","meta":{"h5ap_radio_sources":[],"footnotes":""},"categories":[1],"tags":[],"class_list":["post-53086","post","type-post","status-publish","format-standard","has-post-thumbnail","hentry","category-bihiregija"],"yoast_head":"<!-- This site is optimized with the Yoast SEO plugin v27.4 - https:\/\/yoast.com\/product\/yoast-seo-wordpress\/ -->\n<title>Za pola godine BiH napustilo 85.000 osoba - RADIO LJUBU\u0160KI<\/title>\n<meta name=\"robots\" content=\"index, follow, max-snippet:-1, max-image-preview:large, max-video-preview:-1\" \/>\n<link rel=\"canonical\" href=\"https:\/\/radioljubuski.ba\/index.php\/2021\/08\/13\/za-pola-godine-bih-napustilo-85-000-osoba\/\" \/>\n<meta property=\"og:locale\" content=\"hr_HR\" \/>\n<meta property=\"og:type\" content=\"article\" \/>\n<meta property=\"og:title\" content=\"Za pola godine BiH napustilo 85.000 osoba - RADIO LJUBU\u0160KI\" \/>\n<meta property=\"og:description\" content=\"I na Me\u0111unarodni dan mladih moramo podsjetiti da je sve manji broj mladih koji se odlu\u010duju da ostanu u Bosni i Hercegovini. Sve ve\u0107i broj izdatih dozvola za rad i odricanja bh. dr\u017eavljanstva, a vlasti ni\u0161ta ne poduzimaju. Za pola godine na\u0161u dr\u017eavu napustio je cijeli jedan grad, \u010dak 85.000 gra\u0111ana, me\u0111u njima najvi\u0161e mladih. [&hellip;]\" \/>\n<meta property=\"og:url\" content=\"https:\/\/radioljubuski.ba\/index.php\/2021\/08\/13\/za-pola-godine-bih-napustilo-85-000-osoba\/\" \/>\n<meta property=\"og:site_name\" content=\"RADIO LJUBU\u0160KI\" \/>\n<meta property=\"article:publisher\" content=\"https:\/\/www.facebook.com\/Radiio-Ljubuski-1490835324566332\" \/>\n<meta property=\"article:published_time\" content=\"2021-08-13T17:10:56+00:00\" \/>\n<meta property=\"article:modified_time\" content=\"2021-08-13T17:10:57+00:00\" \/>\n<meta property=\"og:image\" content=\"https:\/\/radioljubuski.ba\/wp-content\/uploads\/2021\/05\/EGojyxcA_odlazak.jpg\" \/>\n\t<meta property=\"og:image:width\" content=\"1000\" \/>\n\t<meta property=\"og:image:height\" content=\"625\" \/>\n\t<meta property=\"og:image:type\" content=\"image\/jpeg\" \/>\n<meta name=\"author\" content=\"Radio Ljubu\u0161ki\" \/>\n<meta name=\"twitter:card\" content=\"summary_large_image\" \/>\n<meta name=\"twitter:creator\" content=\"@radioljubuski\" \/>\n<meta name=\"twitter:site\" content=\"@radioljubuski\" \/>\n<meta name=\"twitter:label1\" content=\"Napisao\/la\" \/>\n\t<meta name=\"twitter:data1\" content=\"Radio Ljubu\u0161ki\" \/>\n\t<meta name=\"twitter:label2\" content=\"Procijenjeno vrijeme \u010ditanja\" \/>\n\t<meta name=\"twitter:data2\" content=\"2 minute\" \/>\n<script type=\"application\/ld+json\" class=\"yoast-schema-graph\">{\"@context\":\"https:\\\/\\\/schema.org\",\"@graph\":[{\"@type\":\"Article\",\"@id\":\"https:\\\/\\\/radioljubuski.ba\\\/index.php\\\/2021\\\/08\\\/13\\\/za-pola-godine-bih-napustilo-85-000-osoba\\\/#article\",\"isPartOf\":{\"@id\":\"https:\\\/\\\/radioljubuski.ba\\\/index.php\\\/2021\\\/08\\\/13\\\/za-pola-godine-bih-napustilo-85-000-osoba\\\/\"},\"author\":{\"name\":\"Radio Ljubu\u0161ki\",\"@id\":\"https:\\\/\\\/radioljubuski.ba\\\/#\\\/schema\\\/person\\\/19fc700381a780f69665d7956c469e3b\"},\"headline\":\"Za pola godine BiH napustilo 85.000 osoba\",\"datePublished\":\"2021-08-13T17:10:56+00:00\",\"dateModified\":\"2021-08-13T17:10:57+00:00\",\"mainEntityOfPage\":{\"@id\":\"https:\\\/\\\/radioljubuski.ba\\\/index.php\\\/2021\\\/08\\\/13\\\/za-pola-godine-bih-napustilo-85-000-osoba\\\/\"},\"wordCount\":366,\"publisher\":{\"@id\":\"https:\\\/\\\/radioljubuski.ba\\\/#organization\"},\"image\":{\"@id\":\"https:\\\/\\\/radioljubuski.ba\\\/index.php\\\/2021\\\/08\\\/13\\\/za-pola-godine-bih-napustilo-85-000-osoba\\\/#primaryimage\"},\"thumbnailUrl\":\"https:\\\/\\\/radioljubuski.ba\\\/wp-content\\\/uploads\\\/2021\\\/05\\\/EGojyxcA_odlazak.jpg\",\"articleSection\":[\"BIH i regija\"],\"inLanguage\":\"hr\"},{\"@type\":\"WebPage\",\"@id\":\"https:\\\/\\\/radioljubuski.ba\\\/index.php\\\/2021\\\/08\\\/13\\\/za-pola-godine-bih-napustilo-85-000-osoba\\\/\",\"url\":\"https:\\\/\\\/radioljubuski.ba\\\/index.php\\\/2021\\\/08\\\/13\\\/za-pola-godine-bih-napustilo-85-000-osoba\\\/\",\"name\":\"Za pola godine BiH napustilo 85.000 osoba - RADIO LJUBU\u0160KI\",\"isPartOf\":{\"@id\":\"https:\\\/\\\/radioljubuski.ba\\\/#website\"},\"primaryImageOfPage\":{\"@id\":\"https:\\\/\\\/radioljubuski.ba\\\/index.php\\\/2021\\\/08\\\/13\\\/za-pola-godine-bih-napustilo-85-000-osoba\\\/#primaryimage\"},\"image\":{\"@id\":\"https:\\\/\\\/radioljubuski.ba\\\/index.php\\\/2021\\\/08\\\/13\\\/za-pola-godine-bih-napustilo-85-000-osoba\\\/#primaryimage\"},\"thumbnailUrl\":\"https:\\\/\\\/radioljubuski.ba\\\/wp-content\\\/uploads\\\/2021\\\/05\\\/EGojyxcA_odlazak.jpg\",\"datePublished\":\"2021-08-13T17:10:56+00:00\",\"dateModified\":\"2021-08-13T17:10:57+00:00\",\"breadcrumb\":{\"@id\":\"https:\\\/\\\/radioljubuski.ba\\\/index.php\\\/2021\\\/08\\\/13\\\/za-pola-godine-bih-napustilo-85-000-osoba\\\/#breadcrumb\"},\"inLanguage\":\"hr\",\"potentialAction\":[{\"@type\":\"ReadAction\",\"target\":[\"https:\\\/\\\/radioljubuski.ba\\\/index.php\\\/2021\\\/08\\\/13\\\/za-pola-godine-bih-napustilo-85-000-osoba\\\/\"]}]},{\"@type\":\"ImageObject\",\"inLanguage\":\"hr\",\"@id\":\"https:\\\/\\\/radioljubuski.ba\\\/index.php\\\/2021\\\/08\\\/13\\\/za-pola-godine-bih-napustilo-85-000-osoba\\\/#primaryimage\",\"url\":\"https:\\\/\\\/radioljubuski.ba\\\/wp-content\\\/uploads\\\/2021\\\/05\\\/EGojyxcA_odlazak.jpg\",\"contentUrl\":\"https:\\\/\\\/radioljubuski.ba\\\/wp-content\\\/uploads\\\/2021\\\/05\\\/EGojyxcA_odlazak.jpg\",\"width\":1000,\"height\":625},{\"@type\":\"BreadcrumbList\",\"@id\":\"https:\\\/\\\/radioljubuski.ba\\\/index.php\\\/2021\\\/08\\\/13\\\/za-pola-godine-bih-napustilo-85-000-osoba\\\/#breadcrumb\",\"itemListElement\":[{\"@type\":\"ListItem\",\"position\":1,\"name\":\"Po\u010detna stranica\",\"item\":\"https:\\\/\\\/radioljubuski.ba\\\/\"},{\"@type\":\"ListItem\",\"position\":2,\"name\":\"Za pola godine BiH napustilo 85.000 osoba\"}]},{\"@type\":\"WebSite\",\"@id\":\"https:\\\/\\\/radioljubuski.ba\\\/#website\",\"url\":\"https:\\\/\\\/radioljubuski.ba\\\/\",\"name\":\"Radio Ljubu\u0161ki\",\"description\":\"Sun\u010dana frekvencija Hercegovine\",\"publisher\":{\"@id\":\"https:\\\/\\\/radioljubuski.ba\\\/#organization\"},\"potentialAction\":[{\"@type\":\"SearchAction\",\"target\":{\"@type\":\"EntryPoint\",\"urlTemplate\":\"https:\\\/\\\/radioljubuski.ba\\\/?s={search_term_string}\"},\"query-input\":{\"@type\":\"PropertyValueSpecification\",\"valueRequired\":true,\"valueName\":\"search_term_string\"}}],\"inLanguage\":\"hr\"},{\"@type\":\"Organization\",\"@id\":\"https:\\\/\\\/radioljubuski.ba\\\/#organization\",\"name\":\"Radio Ljubu\u0161ki\",\"url\":\"https:\\\/\\\/radioljubuski.ba\\\/\",\"logo\":{\"@type\":\"ImageObject\",\"inLanguage\":\"hr\",\"@id\":\"https:\\\/\\\/radioljubuski.ba\\\/#\\\/schema\\\/logo\\\/image\\\/\",\"url\":\"https:\\\/\\\/radioljubuski.ba\\\/wp-content\\\/uploads\\\/2021\\\/02\\\/cropped-Radio_Ljubuski_logo1.jpg\",\"contentUrl\":\"https:\\\/\\\/radioljubuski.ba\\\/wp-content\\\/uploads\\\/2021\\\/02\\\/cropped-Radio_Ljubuski_logo1.jpg\",\"width\":512,\"height\":512,\"caption\":\"Radio Ljubu\u0161ki\"},\"image\":{\"@id\":\"https:\\\/\\\/radioljubuski.ba\\\/#\\\/schema\\\/logo\\\/image\\\/\"},\"sameAs\":[\"https:\\\/\\\/www.facebook.com\\\/Radiio-Ljubuski-1490835324566332\",\"https:\\\/\\\/x.com\\\/radioljubuski\",\"https:\\\/\\\/hr.linkedin.com\\\/company\\\/radio-ljubuski\",\"https:\\\/\\\/www.youtube.com\\\/channel\\\/UCHYaeO_n0Db3tjNGudGpXyw\"]},{\"@type\":\"Person\",\"@id\":\"https:\\\/\\\/radioljubuski.ba\\\/#\\\/schema\\\/person\\\/19fc700381a780f69665d7956c469e3b\",\"name\":\"Radio Ljubu\u0161ki\"}]}<\/script>\n<!-- \/ Yoast SEO plugin. -->","yoast_head_json":{"title":"Za pola godine BiH napustilo 85.000 osoba - RADIO LJUBU\u0160KI","robots":{"index":"index","follow":"follow","max-snippet":"max-snippet:-1","max-image-preview":"max-image-preview:large","max-video-preview":"max-video-preview:-1"},"canonical":"https:\/\/radioljubuski.ba\/index.php\/2021\/08\/13\/za-pola-godine-bih-napustilo-85-000-osoba\/","og_locale":"hr_HR","og_type":"article","og_title":"Za pola godine BiH napustilo 85.000 osoba - RADIO LJUBU\u0160KI","og_description":"I na Me\u0111unarodni dan mladih moramo podsjetiti da je sve manji broj mladih koji se odlu\u010duju da ostanu u Bosni i Hercegovini. Sve ve\u0107i broj izdatih dozvola za rad i odricanja bh. dr\u017eavljanstva, a vlasti ni\u0161ta ne poduzimaju. Za pola godine na\u0161u dr\u017eavu napustio je cijeli jedan grad, \u010dak 85.000 gra\u0111ana, me\u0111u njima najvi\u0161e mladih. [&hellip;]","og_url":"https:\/\/radioljubuski.ba\/index.php\/2021\/08\/13\/za-pola-godine-bih-napustilo-85-000-osoba\/","og_site_name":"RADIO LJUBU\u0160KI","article_publisher":"https:\/\/www.facebook.com\/Radiio-Ljubuski-1490835324566332","article_published_time":"2021-08-13T17:10:56+00:00","article_modified_time":"2021-08-13T17:10:57+00:00","og_image":[{"width":1000,"height":625,"url":"https:\/\/radioljubuski.ba\/wp-content\/uploads\/2021\/05\/EGojyxcA_odlazak.jpg","type":"image\/jpeg"}],"author":"Radio Ljubu\u0161ki","twitter_card":"summary_large_image","twitter_creator":"@radioljubuski","twitter_site":"@radioljubuski","twitter_misc":{"Napisao\/la":"Radio Ljubu\u0161ki","Procijenjeno vrijeme \u010ditanja":"2 minute"},"schema":{"@context":"https:\/\/schema.org","@graph":[{"@type":"Article","@id":"https:\/\/radioljubuski.ba\/index.php\/2021\/08\/13\/za-pola-godine-bih-napustilo-85-000-osoba\/#article","isPartOf":{"@id":"https:\/\/radioljubuski.ba\/index.php\/2021\/08\/13\/za-pola-godine-bih-napustilo-85-000-osoba\/"},"author":{"name":"Radio Ljubu\u0161ki","@id":"https:\/\/radioljubuski.ba\/#\/schema\/person\/19fc700381a780f69665d7956c469e3b"},"headline":"Za pola godine BiH napustilo 85.000 osoba","datePublished":"2021-08-13T17:10:56+00:00","dateModified":"2021-08-13T17:10:57+00:00","mainEntityOfPage":{"@id":"https:\/\/radioljubuski.ba\/index.php\/2021\/08\/13\/za-pola-godine-bih-napustilo-85-000-osoba\/"},"wordCount":366,"publisher":{"@id":"https:\/\/radioljubuski.ba\/#organization"},"image":{"@id":"https:\/\/radioljubuski.ba\/index.php\/2021\/08\/13\/za-pola-godine-bih-napustilo-85-000-osoba\/#primaryimage"},"thumbnailUrl":"https:\/\/radioljubuski.ba\/wp-content\/uploads\/2021\/05\/EGojyxcA_odlazak.jpg","articleSection":["BIH i regija"],"inLanguage":"hr"},{"@type":"WebPage","@id":"https:\/\/radioljubuski.ba\/index.php\/2021\/08\/13\/za-pola-godine-bih-napustilo-85-000-osoba\/","url":"https:\/\/radioljubuski.ba\/index.php\/2021\/08\/13\/za-pola-godine-bih-napustilo-85-000-osoba\/","name":"Za pola godine BiH napustilo 85.000 osoba - RADIO LJUBU\u0160KI","isPartOf":{"@id":"https:\/\/radioljubuski.ba\/#website"},"primaryImageOfPage":{"@id":"https:\/\/radioljubuski.ba\/index.php\/2021\/08\/13\/za-pola-godine-bih-napustilo-85-000-osoba\/#primaryimage"},"image":{"@id":"https:\/\/radioljubuski.ba\/index.php\/2021\/08\/13\/za-pola-godine-bih-napustilo-85-000-osoba\/#primaryimage"},"thumbnailUrl":"https:\/\/radioljubuski.ba\/wp-content\/uploads\/2021\/05\/EGojyxcA_odlazak.jpg","datePublished":"2021-08-13T17:10:56+00:00","dateModified":"2021-08-13T17:10:57+00:00","breadcrumb":{"@id":"https:\/\/radioljubuski.ba\/index.php\/2021\/08\/13\/za-pola-godine-bih-napustilo-85-000-osoba\/#breadcrumb"},"inLanguage":"hr","potentialAction":[{"@type":"ReadAction","target":["https:\/\/radioljubuski.ba\/index.php\/2021\/08\/13\/za-pola-godine-bih-napustilo-85-000-osoba\/"]}]},{"@type":"ImageObject","inLanguage":"hr","@id":"https:\/\/radioljubuski.ba\/index.php\/2021\/08\/13\/za-pola-godine-bih-napustilo-85-000-osoba\/#primaryimage","url":"https:\/\/radioljubuski.ba\/wp-content\/uploads\/2021\/05\/EGojyxcA_odlazak.jpg","contentUrl":"https:\/\/radioljubuski.ba\/wp-content\/uploads\/2021\/05\/EGojyxcA_odlazak.jpg","width":1000,"height":625},{"@type":"BreadcrumbList","@id":"https:\/\/radioljubuski.ba\/index.php\/2021\/08\/13\/za-pola-godine-bih-napustilo-85-000-osoba\/#breadcrumb","itemListElement":[{"@type":"ListItem","position":1,"name":"Po\u010detna stranica","item":"https:\/\/radioljubuski.ba\/"},{"@type":"ListItem","position":2,"name":"Za pola godine BiH napustilo 85.000 osoba"}]},{"@type":"WebSite","@id":"https:\/\/radioljubuski.ba\/#website","url":"https:\/\/radioljubuski.ba\/","name":"Radio Ljubu\u0161ki","description":"Sun\u010dana frekvencija Hercegovine","publisher":{"@id":"https:\/\/radioljubuski.ba\/#organization"},"potentialAction":[{"@type":"SearchAction","target":{"@type":"EntryPoint","urlTemplate":"https:\/\/radioljubuski.ba\/?s={search_term_string}"},"query-input":{"@type":"PropertyValueSpecification","valueRequired":true,"valueName":"search_term_string"}}],"inLanguage":"hr"},{"@type":"Organization","@id":"https:\/\/radioljubuski.ba\/#organization","name":"Radio Ljubu\u0161ki","url":"https:\/\/radioljubuski.ba\/","logo":{"@type":"ImageObject","inLanguage":"hr","@id":"https:\/\/radioljubuski.ba\/#\/schema\/logo\/image\/","url":"https:\/\/radioljubuski.ba\/wp-content\/uploads\/2021\/02\/cropped-Radio_Ljubuski_logo1.jpg","contentUrl":"https:\/\/radioljubuski.ba\/wp-content\/uploads\/2021\/02\/cropped-Radio_Ljubuski_logo1.jpg","width":512,"height":512,"caption":"Radio Ljubu\u0161ki"},"image":{"@id":"https:\/\/radioljubuski.ba\/#\/schema\/logo\/image\/"},"sameAs":["https:\/\/www.facebook.com\/Radiio-Ljubuski-1490835324566332","https:\/\/x.com\/radioljubuski","https:\/\/hr.linkedin.com\/company\/radio-ljubuski","https:\/\/www.youtube.com\/channel\/UCHYaeO_n0Db3tjNGudGpXyw"]},{"@type":"Person","@id":"https:\/\/radioljubuski.ba\/#\/schema\/person\/19fc700381a780f69665d7956c469e3b","name":"Radio Ljubu\u0161ki"}]}},"_links":{"self":[{"href":"https:\/\/radioljubuski.ba\/index.php\/wp-json\/wp\/v2\/posts\/53086","targetHints":{"allow":["GET"]}}],"collection":[{"href":"https:\/\/radioljubuski.ba\/index.php\/wp-json\/wp\/v2\/posts"}],"about":[{"href":"https:\/\/radioljubuski.ba\/index.php\/wp-json\/wp\/v2\/types\/post"}],"author":[{"embeddable":true,"href":"https:\/\/radioljubuski.ba\/index.php\/wp-json\/wp\/v2\/users\/2"}],"replies":[{"embeddable":true,"href":"https:\/\/radioljubuski.ba\/index.php\/wp-json\/wp\/v2\/comments?post=53086"}],"version-history":[{"count":1,"href":"https:\/\/radioljubuski.ba\/index.php\/wp-json\/wp\/v2\/posts\/53086\/revisions"}],"predecessor-version":[{"id":53087,"href":"https:\/\/radioljubuski.ba\/index.php\/wp-json\/wp\/v2\/posts\/53086\/revisions\/53087"}],"wp:featuredmedia":[{"embeddable":true,"href":"https:\/\/radioljubuski.ba\/index.php\/wp-json\/wp\/v2\/media\/24717"}],"wp:attachment":[{"href":"https:\/\/radioljubuski.ba\/index.php\/wp-json\/wp\/v2\/media?parent=53086"}],"wp:term":[{"taxonomy":"category","embeddable":true,"href":"https:\/\/radioljubuski.ba\/index.php\/wp-json\/wp\/v2\/categories?post=53086"},{"taxonomy":"post_tag","embeddable":true,"href":"https:\/\/radioljubuski.ba\/index.php\/wp-json\/wp\/v2\/tags?post=53086"}],"curies":[{"name":"wp","href":"https:\/\/api.w.org\/{rel}","templated":true}]}}