{"id":53106,"date":"2021-08-13T18:22:08","date_gmt":"2021-08-13T17:22:08","guid":{"rendered":"https:\/\/radioljubuski.ba\/?p=53106"},"modified":"2021-08-13T18:22:09","modified_gmt":"2021-08-13T17:22:09","slug":"mijenja-se-nacin-ispisa-eu-digitalnih-covid-potvrda","status":"publish","type":"post","link":"https:\/\/radioljubuski.ba\/index.php\/2021\/08\/13\/mijenja-se-nacin-ispisa-eu-digitalnih-covid-potvrda\/","title":{"rendered":"Mijenja se na\u010din ispisa EU digitalnih COVID potvrda"},"content":{"rendered":"\n<p>Mijenja se na\u010din ispisa EU digitalnih COVID potvrda koje sadr\u017eavaju ispisane pune vrijednosti temeljem kojih je osoba stekla status za izdavanje dokumenta, priop\u0107eno je iz Agencije za komercijalnu djelatnost (AKD).<\/p>\n\n\n\n<p>AKD navodi kako od 13. kolovoza izdaju EU digitalne COVID potvrde koje sadr\u017eavaju ispisane pune vrijednosti podataka temeljem kojih je osoba stekla status za izdavanje dokumenta, umjesto dosada\u0161njeg ispisa \u0161ifri vrijednosti, a u skladu s tehni\u010dkom specifikacijom setova podataka za EU digitalne COVID potvrde Europske komisije od srpnja 2021.<br>Dokument tehni\u010dke specifikacije je dostupan na poveznici: https:\/\/ec.europa.eu\/health\/sites\/default\/files\/ehealth\/docs\/digital-green-value-sets_en.pdf .<\/p>\n\n\n\n<p>Ranije izdane EU digitalne COVID potvrde su va\u017ee\u0107e u obliku u kojem su izdane te nije potrebno podnositi zahtjeve za izdavanjem novih.&nbsp;<br>&nbsp;Agencija navodi i kako u sadr\u017eaju zapisa QR koda nije bilo promjena.<\/p>\n\n\n\n<p>Osobe koje su zadu\u017eene za provjeru EU digitalnih COVID potvrda mogu ispravno validirati potvrde isklju\u010divo uz predo\u010denje identifikacijskog dokumenta vlasnika nakon skeniranja QR koda, te je ova informacija tako\u0111er dodana na potvrdama.<\/p>\n\n\n\n<p>Obavijest je objavljena i na mre\u017enim stranicama: https:\/\/eudigitalnacovidpotvrda.hr\/hr\/novosti\/promjena-nacina-ispisa-podataka-na-eu-digitalnim-covid-potvrdama<\/p>\n\n\n\n<p>Izvor:pogled.ba<\/p>\n","protected":false},"excerpt":{"rendered":"<p>Mijenja se na\u010din ispisa EU digitalnih COVID potvrda koje sadr\u017eavaju ispisane pune vrijednosti temeljem kojih je osoba stekla status za izdavanje dokumenta, priop\u0107eno je iz Agencije za komercijalnu djelatnost (AKD). AKD navodi kako od 13. kolovoza izdaju EU digitalne COVID potvrde koje sadr\u017eavaju ispisane pune vrijednosti podataka temeljem kojih je osoba stekla status za izdavanje [&hellip;]<\/p>\n","protected":false},"author":2,"featured_media":53107,"comment_status":"closed","ping_status":"closed","sticky":false,"template":"","format":"standard","meta":{"h5ap_radio_sources":[],"footnotes":""},"categories":[1],"tags":[],"class_list":["post-53106","post","type-post","status-publish","format-standard","has-post-thumbnail","hentry","category-bihiregija"],"yoast_head":"<!-- This site is optimized with the Yoast SEO plugin v27.4 - https:\/\/yoast.com\/product\/yoast-seo-wordpress\/ -->\n<title>Mijenja se na\u010din ispisa EU digitalnih COVID potvrda - RADIO LJUBU\u0160KI<\/title>\n<meta name=\"robots\" content=\"index, follow, max-snippet:-1, max-image-preview:large, max-video-preview:-1\" \/>\n<link rel=\"canonical\" href=\"https:\/\/radioljubuski.ba\/index.php\/2021\/08\/13\/mijenja-se-nacin-ispisa-eu-digitalnih-covid-potvrda\/\" \/>\n<meta property=\"og:locale\" content=\"hr_HR\" \/>\n<meta property=\"og:type\" content=\"article\" \/>\n<meta property=\"og:title\" content=\"Mijenja se na\u010din ispisa EU digitalnih COVID potvrda - RADIO LJUBU\u0160KI\" \/>\n<meta property=\"og:description\" content=\"Mijenja se na\u010din ispisa EU digitalnih COVID potvrda koje sadr\u017eavaju ispisane pune vrijednosti temeljem kojih je osoba stekla status za izdavanje dokumenta, priop\u0107eno je iz Agencije za komercijalnu djelatnost (AKD). AKD navodi kako od 13. kolovoza izdaju EU digitalne COVID potvrde koje sadr\u017eavaju ispisane pune vrijednosti podataka temeljem kojih je osoba stekla status za izdavanje [&hellip;]\" \/>\n<meta property=\"og:url\" content=\"https:\/\/radioljubuski.ba\/index.php\/2021\/08\/13\/mijenja-se-nacin-ispisa-eu-digitalnih-covid-potvrda\/\" \/>\n<meta property=\"og:site_name\" content=\"RADIO LJUBU\u0160KI\" \/>\n<meta property=\"article:publisher\" content=\"https:\/\/www.facebook.com\/Radiio-Ljubuski-1490835324566332\" \/>\n<meta property=\"article:published_time\" content=\"2021-08-13T17:22:08+00:00\" \/>\n<meta property=\"article:modified_time\" content=\"2021-08-13T17:22:09+00:00\" \/>\n<meta property=\"og:image\" content=\"https:\/\/radioljubuski.ba\/wp-content\/uploads\/2021\/08\/8-2021-05-11-18-48-50-covid.png\" \/>\n\t<meta property=\"og:image:width\" content=\"1000\" \/>\n\t<meta property=\"og:image:height\" content=\"625\" \/>\n\t<meta property=\"og:image:type\" content=\"image\/png\" \/>\n<meta name=\"author\" content=\"Radio Ljubu\u0161ki\" \/>\n<meta name=\"twitter:card\" content=\"summary_large_image\" \/>\n<meta name=\"twitter:creator\" content=\"@radioljubuski\" \/>\n<meta name=\"twitter:site\" content=\"@radioljubuski\" \/>\n<meta name=\"twitter:label1\" content=\"Napisao\/la\" \/>\n\t<meta name=\"twitter:data1\" content=\"Radio Ljubu\u0161ki\" \/>\n\t<meta name=\"twitter:label2\" content=\"Procijenjeno vrijeme \u010ditanja\" \/>\n\t<meta name=\"twitter:data2\" content=\"1 minuta\" \/>\n<script type=\"application\/ld+json\" class=\"yoast-schema-graph\">{\"@context\":\"https:\\\/\\\/schema.org\",\"@graph\":[{\"@type\":\"Article\",\"@id\":\"https:\\\/\\\/radioljubuski.ba\\\/index.php\\\/2021\\\/08\\\/13\\\/mijenja-se-nacin-ispisa-eu-digitalnih-covid-potvrda\\\/#article\",\"isPartOf\":{\"@id\":\"https:\\\/\\\/radioljubuski.ba\\\/index.php\\\/2021\\\/08\\\/13\\\/mijenja-se-nacin-ispisa-eu-digitalnih-covid-potvrda\\\/\"},\"author\":{\"name\":\"Radio Ljubu\u0161ki\",\"@id\":\"https:\\\/\\\/radioljubuski.ba\\\/#\\\/schema\\\/person\\\/19fc700381a780f69665d7956c469e3b\"},\"headline\":\"Mijenja se na\u010din ispisa EU digitalnih COVID potvrda\",\"datePublished\":\"2021-08-13T17:22:08+00:00\",\"dateModified\":\"2021-08-13T17:22:09+00:00\",\"mainEntityOfPage\":{\"@id\":\"https:\\\/\\\/radioljubuski.ba\\\/index.php\\\/2021\\\/08\\\/13\\\/mijenja-se-nacin-ispisa-eu-digitalnih-covid-potvrda\\\/\"},\"wordCount\":205,\"publisher\":{\"@id\":\"https:\\\/\\\/radioljubuski.ba\\\/#organization\"},\"image\":{\"@id\":\"https:\\\/\\\/radioljubuski.ba\\\/index.php\\\/2021\\\/08\\\/13\\\/mijenja-se-nacin-ispisa-eu-digitalnih-covid-potvrda\\\/#primaryimage\"},\"thumbnailUrl\":\"https:\\\/\\\/radioljubuski.ba\\\/wp-content\\\/uploads\\\/2021\\\/08\\\/8-2021-05-11-18-48-50-covid.png\",\"articleSection\":[\"BIH i regija\"],\"inLanguage\":\"hr\"},{\"@type\":\"WebPage\",\"@id\":\"https:\\\/\\\/radioljubuski.ba\\\/index.php\\\/2021\\\/08\\\/13\\\/mijenja-se-nacin-ispisa-eu-digitalnih-covid-potvrda\\\/\",\"url\":\"https:\\\/\\\/radioljubuski.ba\\\/index.php\\\/2021\\\/08\\\/13\\\/mijenja-se-nacin-ispisa-eu-digitalnih-covid-potvrda\\\/\",\"name\":\"Mijenja se na\u010din ispisa EU digitalnih COVID potvrda - RADIO LJUBU\u0160KI\",\"isPartOf\":{\"@id\":\"https:\\\/\\\/radioljubuski.ba\\\/#website\"},\"primaryImageOfPage\":{\"@id\":\"https:\\\/\\\/radioljubuski.ba\\\/index.php\\\/2021\\\/08\\\/13\\\/mijenja-se-nacin-ispisa-eu-digitalnih-covid-potvrda\\\/#primaryimage\"},\"image\":{\"@id\":\"https:\\\/\\\/radioljubuski.ba\\\/index.php\\\/2021\\\/08\\\/13\\\/mijenja-se-nacin-ispisa-eu-digitalnih-covid-potvrda\\\/#primaryimage\"},\"thumbnailUrl\":\"https:\\\/\\\/radioljubuski.ba\\\/wp-content\\\/uploads\\\/2021\\\/08\\\/8-2021-05-11-18-48-50-covid.png\",\"datePublished\":\"2021-08-13T17:22:08+00:00\",\"dateModified\":\"2021-08-13T17:22:09+00:00\",\"breadcrumb\":{\"@id\":\"https:\\\/\\\/radioljubuski.ba\\\/index.php\\\/2021\\\/08\\\/13\\\/mijenja-se-nacin-ispisa-eu-digitalnih-covid-potvrda\\\/#breadcrumb\"},\"inLanguage\":\"hr\",\"potentialAction\":[{\"@type\":\"ReadAction\",\"target\":[\"https:\\\/\\\/radioljubuski.ba\\\/index.php\\\/2021\\\/08\\\/13\\\/mijenja-se-nacin-ispisa-eu-digitalnih-covid-potvrda\\\/\"]}]},{\"@type\":\"ImageObject\",\"inLanguage\":\"hr\",\"@id\":\"https:\\\/\\\/radioljubuski.ba\\\/index.php\\\/2021\\\/08\\\/13\\\/mijenja-se-nacin-ispisa-eu-digitalnih-covid-potvrda\\\/#primaryimage\",\"url\":\"https:\\\/\\\/radioljubuski.ba\\\/wp-content\\\/uploads\\\/2021\\\/08\\\/8-2021-05-11-18-48-50-covid.png\",\"contentUrl\":\"https:\\\/\\\/radioljubuski.ba\\\/wp-content\\\/uploads\\\/2021\\\/08\\\/8-2021-05-11-18-48-50-covid.png\",\"width\":1000,\"height\":625},{\"@type\":\"BreadcrumbList\",\"@id\":\"https:\\\/\\\/radioljubuski.ba\\\/index.php\\\/2021\\\/08\\\/13\\\/mijenja-se-nacin-ispisa-eu-digitalnih-covid-potvrda\\\/#breadcrumb\",\"itemListElement\":[{\"@type\":\"ListItem\",\"position\":1,\"name\":\"Po\u010detna stranica\",\"item\":\"https:\\\/\\\/radioljubuski.ba\\\/\"},{\"@type\":\"ListItem\",\"position\":2,\"name\":\"Mijenja se na\u010din ispisa EU digitalnih COVID potvrda\"}]},{\"@type\":\"WebSite\",\"@id\":\"https:\\\/\\\/radioljubuski.ba\\\/#website\",\"url\":\"https:\\\/\\\/radioljubuski.ba\\\/\",\"name\":\"Radio Ljubu\u0161ki\",\"description\":\"Sun\u010dana frekvencija Hercegovine\",\"publisher\":{\"@id\":\"https:\\\/\\\/radioljubuski.ba\\\/#organization\"},\"potentialAction\":[{\"@type\":\"SearchAction\",\"target\":{\"@type\":\"EntryPoint\",\"urlTemplate\":\"https:\\\/\\\/radioljubuski.ba\\\/?s={search_term_string}\"},\"query-input\":{\"@type\":\"PropertyValueSpecification\",\"valueRequired\":true,\"valueName\":\"search_term_string\"}}],\"inLanguage\":\"hr\"},{\"@type\":\"Organization\",\"@id\":\"https:\\\/\\\/radioljubuski.ba\\\/#organization\",\"name\":\"Radio Ljubu\u0161ki\",\"url\":\"https:\\\/\\\/radioljubuski.ba\\\/\",\"logo\":{\"@type\":\"ImageObject\",\"inLanguage\":\"hr\",\"@id\":\"https:\\\/\\\/radioljubuski.ba\\\/#\\\/schema\\\/logo\\\/image\\\/\",\"url\":\"https:\\\/\\\/radioljubuski.ba\\\/wp-content\\\/uploads\\\/2021\\\/02\\\/cropped-Radio_Ljubuski_logo1.jpg\",\"contentUrl\":\"https:\\\/\\\/radioljubuski.ba\\\/wp-content\\\/uploads\\\/2021\\\/02\\\/cropped-Radio_Ljubuski_logo1.jpg\",\"width\":512,\"height\":512,\"caption\":\"Radio Ljubu\u0161ki\"},\"image\":{\"@id\":\"https:\\\/\\\/radioljubuski.ba\\\/#\\\/schema\\\/logo\\\/image\\\/\"},\"sameAs\":[\"https:\\\/\\\/www.facebook.com\\\/Radiio-Ljubuski-1490835324566332\",\"https:\\\/\\\/x.com\\\/radioljubuski\",\"https:\\\/\\\/hr.linkedin.com\\\/company\\\/radio-ljubuski\",\"https:\\\/\\\/www.youtube.com\\\/channel\\\/UCHYaeO_n0Db3tjNGudGpXyw\"]},{\"@type\":\"Person\",\"@id\":\"https:\\\/\\\/radioljubuski.ba\\\/#\\\/schema\\\/person\\\/19fc700381a780f69665d7956c469e3b\",\"name\":\"Radio Ljubu\u0161ki\"}]}<\/script>\n<!-- \/ Yoast SEO plugin. -->","yoast_head_json":{"title":"Mijenja se na\u010din ispisa EU digitalnih COVID potvrda - RADIO LJUBU\u0160KI","robots":{"index":"index","follow":"follow","max-snippet":"max-snippet:-1","max-image-preview":"max-image-preview:large","max-video-preview":"max-video-preview:-1"},"canonical":"https:\/\/radioljubuski.ba\/index.php\/2021\/08\/13\/mijenja-se-nacin-ispisa-eu-digitalnih-covid-potvrda\/","og_locale":"hr_HR","og_type":"article","og_title":"Mijenja se na\u010din ispisa EU digitalnih COVID potvrda - RADIO LJUBU\u0160KI","og_description":"Mijenja se na\u010din ispisa EU digitalnih COVID potvrda koje sadr\u017eavaju ispisane pune vrijednosti temeljem kojih je osoba stekla status za izdavanje dokumenta, priop\u0107eno je iz Agencije za komercijalnu djelatnost (AKD). AKD navodi kako od 13. kolovoza izdaju EU digitalne COVID potvrde koje sadr\u017eavaju ispisane pune vrijednosti podataka temeljem kojih je osoba stekla status za izdavanje [&hellip;]","og_url":"https:\/\/radioljubuski.ba\/index.php\/2021\/08\/13\/mijenja-se-nacin-ispisa-eu-digitalnih-covid-potvrda\/","og_site_name":"RADIO LJUBU\u0160KI","article_publisher":"https:\/\/www.facebook.com\/Radiio-Ljubuski-1490835324566332","article_published_time":"2021-08-13T17:22:08+00:00","article_modified_time":"2021-08-13T17:22:09+00:00","og_image":[{"width":1000,"height":625,"url":"https:\/\/radioljubuski.ba\/wp-content\/uploads\/2021\/08\/8-2021-05-11-18-48-50-covid.png","type":"image\/png"}],"author":"Radio Ljubu\u0161ki","twitter_card":"summary_large_image","twitter_creator":"@radioljubuski","twitter_site":"@radioljubuski","twitter_misc":{"Napisao\/la":"Radio Ljubu\u0161ki","Procijenjeno vrijeme \u010ditanja":"1 minuta"},"schema":{"@context":"https:\/\/schema.org","@graph":[{"@type":"Article","@id":"https:\/\/radioljubuski.ba\/index.php\/2021\/08\/13\/mijenja-se-nacin-ispisa-eu-digitalnih-covid-potvrda\/#article","isPartOf":{"@id":"https:\/\/radioljubuski.ba\/index.php\/2021\/08\/13\/mijenja-se-nacin-ispisa-eu-digitalnih-covid-potvrda\/"},"author":{"name":"Radio Ljubu\u0161ki","@id":"https:\/\/radioljubuski.ba\/#\/schema\/person\/19fc700381a780f69665d7956c469e3b"},"headline":"Mijenja se na\u010din ispisa EU digitalnih COVID potvrda","datePublished":"2021-08-13T17:22:08+00:00","dateModified":"2021-08-13T17:22:09+00:00","mainEntityOfPage":{"@id":"https:\/\/radioljubuski.ba\/index.php\/2021\/08\/13\/mijenja-se-nacin-ispisa-eu-digitalnih-covid-potvrda\/"},"wordCount":205,"publisher":{"@id":"https:\/\/radioljubuski.ba\/#organization"},"image":{"@id":"https:\/\/radioljubuski.ba\/index.php\/2021\/08\/13\/mijenja-se-nacin-ispisa-eu-digitalnih-covid-potvrda\/#primaryimage"},"thumbnailUrl":"https:\/\/radioljubuski.ba\/wp-content\/uploads\/2021\/08\/8-2021-05-11-18-48-50-covid.png","articleSection":["BIH i regija"],"inLanguage":"hr"},{"@type":"WebPage","@id":"https:\/\/radioljubuski.ba\/index.php\/2021\/08\/13\/mijenja-se-nacin-ispisa-eu-digitalnih-covid-potvrda\/","url":"https:\/\/radioljubuski.ba\/index.php\/2021\/08\/13\/mijenja-se-nacin-ispisa-eu-digitalnih-covid-potvrda\/","name":"Mijenja se na\u010din ispisa EU digitalnih COVID potvrda - RADIO LJUBU\u0160KI","isPartOf":{"@id":"https:\/\/radioljubuski.ba\/#website"},"primaryImageOfPage":{"@id":"https:\/\/radioljubuski.ba\/index.php\/2021\/08\/13\/mijenja-se-nacin-ispisa-eu-digitalnih-covid-potvrda\/#primaryimage"},"image":{"@id":"https:\/\/radioljubuski.ba\/index.php\/2021\/08\/13\/mijenja-se-nacin-ispisa-eu-digitalnih-covid-potvrda\/#primaryimage"},"thumbnailUrl":"https:\/\/radioljubuski.ba\/wp-content\/uploads\/2021\/08\/8-2021-05-11-18-48-50-covid.png","datePublished":"2021-08-13T17:22:08+00:00","dateModified":"2021-08-13T17:22:09+00:00","breadcrumb":{"@id":"https:\/\/radioljubuski.ba\/index.php\/2021\/08\/13\/mijenja-se-nacin-ispisa-eu-digitalnih-covid-potvrda\/#breadcrumb"},"inLanguage":"hr","potentialAction":[{"@type":"ReadAction","target":["https:\/\/radioljubuski.ba\/index.php\/2021\/08\/13\/mijenja-se-nacin-ispisa-eu-digitalnih-covid-potvrda\/"]}]},{"@type":"ImageObject","inLanguage":"hr","@id":"https:\/\/radioljubuski.ba\/index.php\/2021\/08\/13\/mijenja-se-nacin-ispisa-eu-digitalnih-covid-potvrda\/#primaryimage","url":"https:\/\/radioljubuski.ba\/wp-content\/uploads\/2021\/08\/8-2021-05-11-18-48-50-covid.png","contentUrl":"https:\/\/radioljubuski.ba\/wp-content\/uploads\/2021\/08\/8-2021-05-11-18-48-50-covid.png","width":1000,"height":625},{"@type":"BreadcrumbList","@id":"https:\/\/radioljubuski.ba\/index.php\/2021\/08\/13\/mijenja-se-nacin-ispisa-eu-digitalnih-covid-potvrda\/#breadcrumb","itemListElement":[{"@type":"ListItem","position":1,"name":"Po\u010detna stranica","item":"https:\/\/radioljubuski.ba\/"},{"@type":"ListItem","position":2,"name":"Mijenja se na\u010din ispisa EU digitalnih COVID potvrda"}]},{"@type":"WebSite","@id":"https:\/\/radioljubuski.ba\/#website","url":"https:\/\/radioljubuski.ba\/","name":"Radio Ljubu\u0161ki","description":"Sun\u010dana frekvencija Hercegovine","publisher":{"@id":"https:\/\/radioljubuski.ba\/#organization"},"potentialAction":[{"@type":"SearchAction","target":{"@type":"EntryPoint","urlTemplate":"https:\/\/radioljubuski.ba\/?s={search_term_string}"},"query-input":{"@type":"PropertyValueSpecification","valueRequired":true,"valueName":"search_term_string"}}],"inLanguage":"hr"},{"@type":"Organization","@id":"https:\/\/radioljubuski.ba\/#organization","name":"Radio Ljubu\u0161ki","url":"https:\/\/radioljubuski.ba\/","logo":{"@type":"ImageObject","inLanguage":"hr","@id":"https:\/\/radioljubuski.ba\/#\/schema\/logo\/image\/","url":"https:\/\/radioljubuski.ba\/wp-content\/uploads\/2021\/02\/cropped-Radio_Ljubuski_logo1.jpg","contentUrl":"https:\/\/radioljubuski.ba\/wp-content\/uploads\/2021\/02\/cropped-Radio_Ljubuski_logo1.jpg","width":512,"height":512,"caption":"Radio Ljubu\u0161ki"},"image":{"@id":"https:\/\/radioljubuski.ba\/#\/schema\/logo\/image\/"},"sameAs":["https:\/\/www.facebook.com\/Radiio-Ljubuski-1490835324566332","https:\/\/x.com\/radioljubuski","https:\/\/hr.linkedin.com\/company\/radio-ljubuski","https:\/\/www.youtube.com\/channel\/UCHYaeO_n0Db3tjNGudGpXyw"]},{"@type":"Person","@id":"https:\/\/radioljubuski.ba\/#\/schema\/person\/19fc700381a780f69665d7956c469e3b","name":"Radio Ljubu\u0161ki"}]}},"_links":{"self":[{"href":"https:\/\/radioljubuski.ba\/index.php\/wp-json\/wp\/v2\/posts\/53106","targetHints":{"allow":["GET"]}}],"collection":[{"href":"https:\/\/radioljubuski.ba\/index.php\/wp-json\/wp\/v2\/posts"}],"about":[{"href":"https:\/\/radioljubuski.ba\/index.php\/wp-json\/wp\/v2\/types\/post"}],"author":[{"embeddable":true,"href":"https:\/\/radioljubuski.ba\/index.php\/wp-json\/wp\/v2\/users\/2"}],"replies":[{"embeddable":true,"href":"https:\/\/radioljubuski.ba\/index.php\/wp-json\/wp\/v2\/comments?post=53106"}],"version-history":[{"count":1,"href":"https:\/\/radioljubuski.ba\/index.php\/wp-json\/wp\/v2\/posts\/53106\/revisions"}],"predecessor-version":[{"id":53108,"href":"https:\/\/radioljubuski.ba\/index.php\/wp-json\/wp\/v2\/posts\/53106\/revisions\/53108"}],"wp:featuredmedia":[{"embeddable":true,"href":"https:\/\/radioljubuski.ba\/index.php\/wp-json\/wp\/v2\/media\/53107"}],"wp:attachment":[{"href":"https:\/\/radioljubuski.ba\/index.php\/wp-json\/wp\/v2\/media?parent=53106"}],"wp:term":[{"taxonomy":"category","embeddable":true,"href":"https:\/\/radioljubuski.ba\/index.php\/wp-json\/wp\/v2\/categories?post=53106"},{"taxonomy":"post_tag","embeddable":true,"href":"https:\/\/radioljubuski.ba\/index.php\/wp-json\/wp\/v2\/tags?post=53106"}],"curies":[{"name":"wp","href":"https:\/\/api.w.org\/{rel}","templated":true}]}}