{"id":53109,"date":"2021-08-13T18:23:10","date_gmt":"2021-08-13T17:23:10","guid":{"rendered":"https:\/\/radioljubuski.ba\/?p=53109"},"modified":"2021-08-13T18:23:11","modified_gmt":"2021-08-13T17:23:11","slug":"coric-puni-samopouzdanja-idemo-u-tuzlu","status":"publish","type":"post","link":"https:\/\/radioljubuski.ba\/index.php\/2021\/08\/13\/coric-puni-samopouzdanja-idemo-u-tuzlu\/","title":{"rendered":"\u0106ori\u0107: Puni samopouzdanja idemo u Tuzlu"},"content":{"rendered":"\n<p>U 5. kolu m:tel Premijer lige BiH H\u0160K Posu\u0161je \u0107e gostovati kod FK Tuzla City na Tu\u0161nju, a utakmica se igra u subotu 14. kolovoza s po\u010detkom u 18 sati. Utakmicu su najavili \u0161ef stru\u010dnog sto\u017eera H\u0160K Posu\u0161je Denis \u0106ori\u0107 i vezni igra\u010d Dario Kri\u0161to.<\/p>\n\n\n\n<p>Trener \u0106ori\u0107 je naglasio da je atmosfera poslije pobjede protiv Borca jo\u0161 bolja i da se \u017eele dobro predstaviti publici u Tuzli.<\/p>\n\n\n\n<p>-Poslije ove pobjede puno je bolja atmosfera, a i prije je bila dobra atmosfera. \u0160to se ti\u010de mom\u010dadi Tuzla City, znamo da nas o\u010dekuje jedan kvalitetan protivnik, koji je dobro u\u0161ao u prvenstvo. Imaju visoke ambicije, odli\u010dnu ekipu i prije svega odli\u010dnog trenera. Mi smo puni samopouzdanja, \u010detiri kola su iza nas gdje smo pokazali dobru igru i nadam se da \u0107emo mi u Tuzli odigrati dobru utakmicu, a za ne\u0161to vi\u0161e uvijek treba i malo sre\u0107e. \u017delimo odigrati kvalitetno i dobro se predstaviti publici u Tuzli \u2013 istaknuo je \u0106ori\u0107.<\/p>\n\n\n\n<p>Trener Posu\u0161ja je rekao i da imaju dosta problema sa ozljedama igra\u010da.<\/p>\n\n\n\n<p>-\u0160to se ti\u010de zdravstvenog stanja, tu smo malo hendikepirani, jer imamo dosta ozlije\u0111enih i kartoniranih igra\u010da. Nismo se jo\u0161 odu\u010dili za najboljih jedanaest, imamo cijeli dan, ali svi koji istr\u010de na teren \u0107e biti zdravi i spremni i ja se nadam da mo\u017eemo gore napraviti dosta toga \u2013 kazao je \u0106ori\u0107.<\/p>\n\n\n\n<p>Dario Kri\u0161to se pred susret s Tuzla City zahvalio svima u klubu \u0161to nisu vr\u0161ili pritisak na njih nakon prva tri poraza. On je naglasio da mu je ovo prvi put da nije osje\u0107ao lo\u0161u atmosferu nakon lo\u0161e serije.<\/p>\n\n\n\n<p>-Atmosfera je dobra, posebno nakon ove pobjede. Prije svega htio bih se zahvaliti u ime cijele mom\u010dadi svim ljudima u klubu i oko kluba, koji nakon prva tri kola nisu pravili nikakvu dramu. Nisam osjetio nikakav pritisak i nervozu, i mo\u017eda je to prvi put jer sam promijenio dosta klubova. Nakon tako lo\u0161eg niza nisam osjetio lo\u0161u atmosferu, energiju u klubu. Vjerovali smo u to \u0161to radimo, da \u0107e nam se vratiti, bez obzira na prva tri poraza. Protiv Borca mislim da smo zaslu\u017eeno izdominirali i uzeli tri boda. Dobro radimo i idemo gore po nastavak pozitivnog niza, po\u0161tujemo Tuzlu, ali znamo na\u0161e kvalitete i idemo napraviti dobar rezultat \u2013 izjavio je Kri\u0161to.<\/p>\n\n\n\n<p>Izvor:pogled.ba<\/p>\n","protected":false},"excerpt":{"rendered":"<p>U 5. kolu m:tel Premijer lige BiH H\u0160K Posu\u0161je \u0107e gostovati kod FK Tuzla City na Tu\u0161nju, a utakmica se igra u subotu 14. kolovoza s po\u010detkom u 18 sati. Utakmicu su najavili \u0161ef stru\u010dnog sto\u017eera H\u0160K Posu\u0161je Denis \u0106ori\u0107 i vezni igra\u010d Dario Kri\u0161to. Trener \u0106ori\u0107 je naglasio da je atmosfera poslije pobjede protiv [&hellip;]<\/p>\n","protected":false},"author":2,"featured_media":53110,"comment_status":"closed","ping_status":"closed","sticky":false,"template":"","format":"standard","meta":{"h5ap_radio_sources":[],"footnotes":""},"categories":[7],"tags":[],"class_list":["post-53109","post","type-post","status-publish","format-standard","has-post-thumbnail","hentry","category-sport"],"yoast_head":"<!-- This site is optimized with the Yoast SEO plugin v27.4 - https:\/\/yoast.com\/product\/yoast-seo-wordpress\/ -->\n<title>\u0106ori\u0107: Puni samopouzdanja idemo u Tuzlu - RADIO LJUBU\u0160KI<\/title>\n<meta name=\"robots\" content=\"index, follow, max-snippet:-1, max-image-preview:large, max-video-preview:-1\" \/>\n<link rel=\"canonical\" href=\"https:\/\/radioljubuski.ba\/index.php\/2021\/08\/13\/coric-puni-samopouzdanja-idemo-u-tuzlu\/\" \/>\n<meta property=\"og:locale\" content=\"hr_HR\" \/>\n<meta property=\"og:type\" content=\"article\" \/>\n<meta property=\"og:title\" content=\"\u0106ori\u0107: Puni samopouzdanja idemo u Tuzlu - RADIO LJUBU\u0160KI\" \/>\n<meta property=\"og:description\" content=\"U 5. kolu m:tel Premijer lige BiH H\u0160K Posu\u0161je \u0107e gostovati kod FK Tuzla City na Tu\u0161nju, a utakmica se igra u subotu 14. kolovoza s po\u010detkom u 18 sati. Utakmicu su najavili \u0161ef stru\u010dnog sto\u017eera H\u0160K Posu\u0161je Denis \u0106ori\u0107 i vezni igra\u010d Dario Kri\u0161to. Trener \u0106ori\u0107 je naglasio da je atmosfera poslije pobjede protiv [&hellip;]\" \/>\n<meta property=\"og:url\" content=\"https:\/\/radioljubuski.ba\/index.php\/2021\/08\/13\/coric-puni-samopouzdanja-idemo-u-tuzlu\/\" \/>\n<meta property=\"og:site_name\" content=\"RADIO LJUBU\u0160KI\" \/>\n<meta property=\"article:publisher\" content=\"https:\/\/www.facebook.com\/Radiio-Ljubuski-1490835324566332\" \/>\n<meta property=\"article:published_time\" content=\"2021-08-13T17:23:10+00:00\" \/>\n<meta property=\"article:modified_time\" content=\"2021-08-13T17:23:11+00:00\" \/>\n<meta property=\"og:image\" content=\"https:\/\/radioljubuski.ba\/wp-content\/uploads\/2021\/08\/8-2021-08-13-13-24-12-posusje.jpg\" \/>\n\t<meta property=\"og:image:width\" content=\"1000\" \/>\n\t<meta property=\"og:image:height\" content=\"625\" \/>\n\t<meta property=\"og:image:type\" content=\"image\/jpeg\" \/>\n<meta name=\"author\" content=\"Radio Ljubu\u0161ki\" \/>\n<meta name=\"twitter:card\" content=\"summary_large_image\" \/>\n<meta name=\"twitter:creator\" content=\"@radioljubuski\" \/>\n<meta name=\"twitter:site\" content=\"@radioljubuski\" \/>\n<meta name=\"twitter:label1\" content=\"Napisao\/la\" \/>\n\t<meta name=\"twitter:data1\" content=\"Radio Ljubu\u0161ki\" \/>\n\t<meta name=\"twitter:label2\" content=\"Procijenjeno vrijeme \u010ditanja\" \/>\n\t<meta name=\"twitter:data2\" content=\"2 minute\" \/>\n<script type=\"application\/ld+json\" class=\"yoast-schema-graph\">{\"@context\":\"https:\\\/\\\/schema.org\",\"@graph\":[{\"@type\":\"Article\",\"@id\":\"https:\\\/\\\/radioljubuski.ba\\\/index.php\\\/2021\\\/08\\\/13\\\/coric-puni-samopouzdanja-idemo-u-tuzlu\\\/#article\",\"isPartOf\":{\"@id\":\"https:\\\/\\\/radioljubuski.ba\\\/index.php\\\/2021\\\/08\\\/13\\\/coric-puni-samopouzdanja-idemo-u-tuzlu\\\/\"},\"author\":{\"name\":\"Radio Ljubu\u0161ki\",\"@id\":\"https:\\\/\\\/radioljubuski.ba\\\/#\\\/schema\\\/person\\\/19fc700381a780f69665d7956c469e3b\"},\"headline\":\"\u0106ori\u0107: Puni samopouzdanja idemo u Tuzlu\",\"datePublished\":\"2021-08-13T17:23:10+00:00\",\"dateModified\":\"2021-08-13T17:23:11+00:00\",\"mainEntityOfPage\":{\"@id\":\"https:\\\/\\\/radioljubuski.ba\\\/index.php\\\/2021\\\/08\\\/13\\\/coric-puni-samopouzdanja-idemo-u-tuzlu\\\/\"},\"wordCount\":417,\"publisher\":{\"@id\":\"https:\\\/\\\/radioljubuski.ba\\\/#organization\"},\"image\":{\"@id\":\"https:\\\/\\\/radioljubuski.ba\\\/index.php\\\/2021\\\/08\\\/13\\\/coric-puni-samopouzdanja-idemo-u-tuzlu\\\/#primaryimage\"},\"thumbnailUrl\":\"https:\\\/\\\/radioljubuski.ba\\\/wp-content\\\/uploads\\\/2021\\\/08\\\/8-2021-08-13-13-24-12-posusje.jpg\",\"articleSection\":[\"\u0160port\"],\"inLanguage\":\"hr\"},{\"@type\":\"WebPage\",\"@id\":\"https:\\\/\\\/radioljubuski.ba\\\/index.php\\\/2021\\\/08\\\/13\\\/coric-puni-samopouzdanja-idemo-u-tuzlu\\\/\",\"url\":\"https:\\\/\\\/radioljubuski.ba\\\/index.php\\\/2021\\\/08\\\/13\\\/coric-puni-samopouzdanja-idemo-u-tuzlu\\\/\",\"name\":\"\u0106ori\u0107: Puni samopouzdanja idemo u Tuzlu - RADIO LJUBU\u0160KI\",\"isPartOf\":{\"@id\":\"https:\\\/\\\/radioljubuski.ba\\\/#website\"},\"primaryImageOfPage\":{\"@id\":\"https:\\\/\\\/radioljubuski.ba\\\/index.php\\\/2021\\\/08\\\/13\\\/coric-puni-samopouzdanja-idemo-u-tuzlu\\\/#primaryimage\"},\"image\":{\"@id\":\"https:\\\/\\\/radioljubuski.ba\\\/index.php\\\/2021\\\/08\\\/13\\\/coric-puni-samopouzdanja-idemo-u-tuzlu\\\/#primaryimage\"},\"thumbnailUrl\":\"https:\\\/\\\/radioljubuski.ba\\\/wp-content\\\/uploads\\\/2021\\\/08\\\/8-2021-08-13-13-24-12-posusje.jpg\",\"datePublished\":\"2021-08-13T17:23:10+00:00\",\"dateModified\":\"2021-08-13T17:23:11+00:00\",\"breadcrumb\":{\"@id\":\"https:\\\/\\\/radioljubuski.ba\\\/index.php\\\/2021\\\/08\\\/13\\\/coric-puni-samopouzdanja-idemo-u-tuzlu\\\/#breadcrumb\"},\"inLanguage\":\"hr\",\"potentialAction\":[{\"@type\":\"ReadAction\",\"target\":[\"https:\\\/\\\/radioljubuski.ba\\\/index.php\\\/2021\\\/08\\\/13\\\/coric-puni-samopouzdanja-idemo-u-tuzlu\\\/\"]}]},{\"@type\":\"ImageObject\",\"inLanguage\":\"hr\",\"@id\":\"https:\\\/\\\/radioljubuski.ba\\\/index.php\\\/2021\\\/08\\\/13\\\/coric-puni-samopouzdanja-idemo-u-tuzlu\\\/#primaryimage\",\"url\":\"https:\\\/\\\/radioljubuski.ba\\\/wp-content\\\/uploads\\\/2021\\\/08\\\/8-2021-08-13-13-24-12-posusje.jpg\",\"contentUrl\":\"https:\\\/\\\/radioljubuski.ba\\\/wp-content\\\/uploads\\\/2021\\\/08\\\/8-2021-08-13-13-24-12-posusje.jpg\",\"width\":1000,\"height\":625},{\"@type\":\"BreadcrumbList\",\"@id\":\"https:\\\/\\\/radioljubuski.ba\\\/index.php\\\/2021\\\/08\\\/13\\\/coric-puni-samopouzdanja-idemo-u-tuzlu\\\/#breadcrumb\",\"itemListElement\":[{\"@type\":\"ListItem\",\"position\":1,\"name\":\"Po\u010detna stranica\",\"item\":\"https:\\\/\\\/radioljubuski.ba\\\/\"},{\"@type\":\"ListItem\",\"position\":2,\"name\":\"\u0106ori\u0107: Puni samopouzdanja idemo u Tuzlu\"}]},{\"@type\":\"WebSite\",\"@id\":\"https:\\\/\\\/radioljubuski.ba\\\/#website\",\"url\":\"https:\\\/\\\/radioljubuski.ba\\\/\",\"name\":\"Radio Ljubu\u0161ki\",\"description\":\"Sun\u010dana frekvencija Hercegovine\",\"publisher\":{\"@id\":\"https:\\\/\\\/radioljubuski.ba\\\/#organization\"},\"potentialAction\":[{\"@type\":\"SearchAction\",\"target\":{\"@type\":\"EntryPoint\",\"urlTemplate\":\"https:\\\/\\\/radioljubuski.ba\\\/?s={search_term_string}\"},\"query-input\":{\"@type\":\"PropertyValueSpecification\",\"valueRequired\":true,\"valueName\":\"search_term_string\"}}],\"inLanguage\":\"hr\"},{\"@type\":\"Organization\",\"@id\":\"https:\\\/\\\/radioljubuski.ba\\\/#organization\",\"name\":\"Radio Ljubu\u0161ki\",\"url\":\"https:\\\/\\\/radioljubuski.ba\\\/\",\"logo\":{\"@type\":\"ImageObject\",\"inLanguage\":\"hr\",\"@id\":\"https:\\\/\\\/radioljubuski.ba\\\/#\\\/schema\\\/logo\\\/image\\\/\",\"url\":\"https:\\\/\\\/radioljubuski.ba\\\/wp-content\\\/uploads\\\/2021\\\/02\\\/cropped-Radio_Ljubuski_logo1.jpg\",\"contentUrl\":\"https:\\\/\\\/radioljubuski.ba\\\/wp-content\\\/uploads\\\/2021\\\/02\\\/cropped-Radio_Ljubuski_logo1.jpg\",\"width\":512,\"height\":512,\"caption\":\"Radio Ljubu\u0161ki\"},\"image\":{\"@id\":\"https:\\\/\\\/radioljubuski.ba\\\/#\\\/schema\\\/logo\\\/image\\\/\"},\"sameAs\":[\"https:\\\/\\\/www.facebook.com\\\/Radiio-Ljubuski-1490835324566332\",\"https:\\\/\\\/x.com\\\/radioljubuski\",\"https:\\\/\\\/hr.linkedin.com\\\/company\\\/radio-ljubuski\",\"https:\\\/\\\/www.youtube.com\\\/channel\\\/UCHYaeO_n0Db3tjNGudGpXyw\"]},{\"@type\":\"Person\",\"@id\":\"https:\\\/\\\/radioljubuski.ba\\\/#\\\/schema\\\/person\\\/19fc700381a780f69665d7956c469e3b\",\"name\":\"Radio Ljubu\u0161ki\"}]}<\/script>\n<!-- \/ Yoast SEO plugin. -->","yoast_head_json":{"title":"\u0106ori\u0107: Puni samopouzdanja idemo u Tuzlu - RADIO LJUBU\u0160KI","robots":{"index":"index","follow":"follow","max-snippet":"max-snippet:-1","max-image-preview":"max-image-preview:large","max-video-preview":"max-video-preview:-1"},"canonical":"https:\/\/radioljubuski.ba\/index.php\/2021\/08\/13\/coric-puni-samopouzdanja-idemo-u-tuzlu\/","og_locale":"hr_HR","og_type":"article","og_title":"\u0106ori\u0107: Puni samopouzdanja idemo u Tuzlu - RADIO LJUBU\u0160KI","og_description":"U 5. kolu m:tel Premijer lige BiH H\u0160K Posu\u0161je \u0107e gostovati kod FK Tuzla City na Tu\u0161nju, a utakmica se igra u subotu 14. kolovoza s po\u010detkom u 18 sati. Utakmicu su najavili \u0161ef stru\u010dnog sto\u017eera H\u0160K Posu\u0161je Denis \u0106ori\u0107 i vezni igra\u010d Dario Kri\u0161to. Trener \u0106ori\u0107 je naglasio da je atmosfera poslije pobjede protiv [&hellip;]","og_url":"https:\/\/radioljubuski.ba\/index.php\/2021\/08\/13\/coric-puni-samopouzdanja-idemo-u-tuzlu\/","og_site_name":"RADIO LJUBU\u0160KI","article_publisher":"https:\/\/www.facebook.com\/Radiio-Ljubuski-1490835324566332","article_published_time":"2021-08-13T17:23:10+00:00","article_modified_time":"2021-08-13T17:23:11+00:00","og_image":[{"width":1000,"height":625,"url":"https:\/\/radioljubuski.ba\/wp-content\/uploads\/2021\/08\/8-2021-08-13-13-24-12-posusje.jpg","type":"image\/jpeg"}],"author":"Radio Ljubu\u0161ki","twitter_card":"summary_large_image","twitter_creator":"@radioljubuski","twitter_site":"@radioljubuski","twitter_misc":{"Napisao\/la":"Radio Ljubu\u0161ki","Procijenjeno vrijeme \u010ditanja":"2 minute"},"schema":{"@context":"https:\/\/schema.org","@graph":[{"@type":"Article","@id":"https:\/\/radioljubuski.ba\/index.php\/2021\/08\/13\/coric-puni-samopouzdanja-idemo-u-tuzlu\/#article","isPartOf":{"@id":"https:\/\/radioljubuski.ba\/index.php\/2021\/08\/13\/coric-puni-samopouzdanja-idemo-u-tuzlu\/"},"author":{"name":"Radio Ljubu\u0161ki","@id":"https:\/\/radioljubuski.ba\/#\/schema\/person\/19fc700381a780f69665d7956c469e3b"},"headline":"\u0106ori\u0107: Puni samopouzdanja idemo u Tuzlu","datePublished":"2021-08-13T17:23:10+00:00","dateModified":"2021-08-13T17:23:11+00:00","mainEntityOfPage":{"@id":"https:\/\/radioljubuski.ba\/index.php\/2021\/08\/13\/coric-puni-samopouzdanja-idemo-u-tuzlu\/"},"wordCount":417,"publisher":{"@id":"https:\/\/radioljubuski.ba\/#organization"},"image":{"@id":"https:\/\/radioljubuski.ba\/index.php\/2021\/08\/13\/coric-puni-samopouzdanja-idemo-u-tuzlu\/#primaryimage"},"thumbnailUrl":"https:\/\/radioljubuski.ba\/wp-content\/uploads\/2021\/08\/8-2021-08-13-13-24-12-posusje.jpg","articleSection":["\u0160port"],"inLanguage":"hr"},{"@type":"WebPage","@id":"https:\/\/radioljubuski.ba\/index.php\/2021\/08\/13\/coric-puni-samopouzdanja-idemo-u-tuzlu\/","url":"https:\/\/radioljubuski.ba\/index.php\/2021\/08\/13\/coric-puni-samopouzdanja-idemo-u-tuzlu\/","name":"\u0106ori\u0107: Puni samopouzdanja idemo u Tuzlu - RADIO LJUBU\u0160KI","isPartOf":{"@id":"https:\/\/radioljubuski.ba\/#website"},"primaryImageOfPage":{"@id":"https:\/\/radioljubuski.ba\/index.php\/2021\/08\/13\/coric-puni-samopouzdanja-idemo-u-tuzlu\/#primaryimage"},"image":{"@id":"https:\/\/radioljubuski.ba\/index.php\/2021\/08\/13\/coric-puni-samopouzdanja-idemo-u-tuzlu\/#primaryimage"},"thumbnailUrl":"https:\/\/radioljubuski.ba\/wp-content\/uploads\/2021\/08\/8-2021-08-13-13-24-12-posusje.jpg","datePublished":"2021-08-13T17:23:10+00:00","dateModified":"2021-08-13T17:23:11+00:00","breadcrumb":{"@id":"https:\/\/radioljubuski.ba\/index.php\/2021\/08\/13\/coric-puni-samopouzdanja-idemo-u-tuzlu\/#breadcrumb"},"inLanguage":"hr","potentialAction":[{"@type":"ReadAction","target":["https:\/\/radioljubuski.ba\/index.php\/2021\/08\/13\/coric-puni-samopouzdanja-idemo-u-tuzlu\/"]}]},{"@type":"ImageObject","inLanguage":"hr","@id":"https:\/\/radioljubuski.ba\/index.php\/2021\/08\/13\/coric-puni-samopouzdanja-idemo-u-tuzlu\/#primaryimage","url":"https:\/\/radioljubuski.ba\/wp-content\/uploads\/2021\/08\/8-2021-08-13-13-24-12-posusje.jpg","contentUrl":"https:\/\/radioljubuski.ba\/wp-content\/uploads\/2021\/08\/8-2021-08-13-13-24-12-posusje.jpg","width":1000,"height":625},{"@type":"BreadcrumbList","@id":"https:\/\/radioljubuski.ba\/index.php\/2021\/08\/13\/coric-puni-samopouzdanja-idemo-u-tuzlu\/#breadcrumb","itemListElement":[{"@type":"ListItem","position":1,"name":"Po\u010detna stranica","item":"https:\/\/radioljubuski.ba\/"},{"@type":"ListItem","position":2,"name":"\u0106ori\u0107: Puni samopouzdanja idemo u Tuzlu"}]},{"@type":"WebSite","@id":"https:\/\/radioljubuski.ba\/#website","url":"https:\/\/radioljubuski.ba\/","name":"Radio Ljubu\u0161ki","description":"Sun\u010dana frekvencija Hercegovine","publisher":{"@id":"https:\/\/radioljubuski.ba\/#organization"},"potentialAction":[{"@type":"SearchAction","target":{"@type":"EntryPoint","urlTemplate":"https:\/\/radioljubuski.ba\/?s={search_term_string}"},"query-input":{"@type":"PropertyValueSpecification","valueRequired":true,"valueName":"search_term_string"}}],"inLanguage":"hr"},{"@type":"Organization","@id":"https:\/\/radioljubuski.ba\/#organization","name":"Radio Ljubu\u0161ki","url":"https:\/\/radioljubuski.ba\/","logo":{"@type":"ImageObject","inLanguage":"hr","@id":"https:\/\/radioljubuski.ba\/#\/schema\/logo\/image\/","url":"https:\/\/radioljubuski.ba\/wp-content\/uploads\/2021\/02\/cropped-Radio_Ljubuski_logo1.jpg","contentUrl":"https:\/\/radioljubuski.ba\/wp-content\/uploads\/2021\/02\/cropped-Radio_Ljubuski_logo1.jpg","width":512,"height":512,"caption":"Radio Ljubu\u0161ki"},"image":{"@id":"https:\/\/radioljubuski.ba\/#\/schema\/logo\/image\/"},"sameAs":["https:\/\/www.facebook.com\/Radiio-Ljubuski-1490835324566332","https:\/\/x.com\/radioljubuski","https:\/\/hr.linkedin.com\/company\/radio-ljubuski","https:\/\/www.youtube.com\/channel\/UCHYaeO_n0Db3tjNGudGpXyw"]},{"@type":"Person","@id":"https:\/\/radioljubuski.ba\/#\/schema\/person\/19fc700381a780f69665d7956c469e3b","name":"Radio Ljubu\u0161ki"}]}},"_links":{"self":[{"href":"https:\/\/radioljubuski.ba\/index.php\/wp-json\/wp\/v2\/posts\/53109","targetHints":{"allow":["GET"]}}],"collection":[{"href":"https:\/\/radioljubuski.ba\/index.php\/wp-json\/wp\/v2\/posts"}],"about":[{"href":"https:\/\/radioljubuski.ba\/index.php\/wp-json\/wp\/v2\/types\/post"}],"author":[{"embeddable":true,"href":"https:\/\/radioljubuski.ba\/index.php\/wp-json\/wp\/v2\/users\/2"}],"replies":[{"embeddable":true,"href":"https:\/\/radioljubuski.ba\/index.php\/wp-json\/wp\/v2\/comments?post=53109"}],"version-history":[{"count":1,"href":"https:\/\/radioljubuski.ba\/index.php\/wp-json\/wp\/v2\/posts\/53109\/revisions"}],"predecessor-version":[{"id":53111,"href":"https:\/\/radioljubuski.ba\/index.php\/wp-json\/wp\/v2\/posts\/53109\/revisions\/53111"}],"wp:featuredmedia":[{"embeddable":true,"href":"https:\/\/radioljubuski.ba\/index.php\/wp-json\/wp\/v2\/media\/53110"}],"wp:attachment":[{"href":"https:\/\/radioljubuski.ba\/index.php\/wp-json\/wp\/v2\/media?parent=53109"}],"wp:term":[{"taxonomy":"category","embeddable":true,"href":"https:\/\/radioljubuski.ba\/index.php\/wp-json\/wp\/v2\/categories?post=53109"},{"taxonomy":"post_tag","embeddable":true,"href":"https:\/\/radioljubuski.ba\/index.php\/wp-json\/wp\/v2\/tags?post=53109"}],"curies":[{"name":"wp","href":"https:\/\/api.w.org\/{rel}","templated":true}]}}