{"id":53118,"date":"2021-08-13T18:27:04","date_gmt":"2021-08-13T17:27:04","guid":{"rendered":"https:\/\/radioljubuski.ba\/?p=53118"},"modified":"2021-08-13T18:27:06","modified_gmt":"2021-08-13T17:27:06","slug":"dosao-iz-kanade-u-rodni-kiseljak-na-odmor-pa-se-zaposlio","status":"publish","type":"post","link":"https:\/\/radioljubuski.ba\/index.php\/2021\/08\/13\/dosao-iz-kanade-u-rodni-kiseljak-na-odmor-pa-se-zaposlio\/","title":{"rendered":"Do\u0161ao iz Kanade u rodni Kiseljak na odmor pa se zaposlio"},"content":{"rendered":"\n<p>Oglasi za posao u kojima se tra\u017ei konobar sve su \u010de\u0161\u0107i. Za konobarom je tako dugo tragala i tvrtka Zrak- optomehanika d.d, &nbsp;koja u sklopu nekada\u0161nje industrijske zone \u201eCarinski terminal\u201c &nbsp;na ulazu u Kiseljak , koja posljednjih godina opet o\u017eivljava, ima restoran \u201eExpres\u201c. Na oglas za posao javio im se sasvim neo\u010dekivano Miroslav Papaz koji &nbsp;je na godi\u0161nji odmor u rodni Kiseljak stigao uz Kanade gdje \u017eivi i radi, pi\u0161e&nbsp;<a href=\"https:\/\/artinfo.ba\/index.php\/vijesti\/36757-kiseljak-na-godisnji-odmor-dosao-iz-kanade-i-zaposlio-se\" target=\"_blank\" rel=\"noreferrer noopener\">Artinfo.ba.<\/a><\/p>\n\n\n\n<p><strong>Nomadski \u017eivot<\/strong><\/p>\n\n\n\n<p>Miroslav je u svoje mjesto donio &nbsp;i neke malo druga\u010dije navike uz koje je puno lak\u0161e razumjeti &nbsp;ne samo za\u0161to je prihvatio posao dok je na godi\u0161njem odmoru, ve\u0107 i kako u poslovima koji se nude na tr\u017ei\u0161tu rada prepoznati mno\u0161tvo prilika, ne samo za zaradu.<\/p>\n\n\n\n<p>\u201eJa \u017eivim jedan nomadski na\u010din \u017eivota, putujem i pronalazim poslove od kojih \u017eivim. Takav na\u010din \u017eivota pogodan je ljudima koji ne \u017eele \u017eivjeti po uobi\u010dajenim stereotipima, koji \u017eele upoznati svijet, prirodu, otkriti \u0161to im odgovara. Posebno je dobar za studente koji putuju\u0107i, rade\u0107i i u\u010de\u0107i stje\u010du vrijedna znanja i iskustva te otkrivaju koji ih posao usre\u0107uje. A kada jednom otkriju \u0161to je to \u0161to zaista vole raditi, onda zapravo ne rade do kraja \u017eivota jer im je posao prije svega u\u017eitak\u201c, mi\u0161ljenja je Miroslav.<\/p>\n\n\n\n<p>Na pitanje za\u0161to se odlu\u010dio za posao u konobara u restoranu u kojemu su naj\u010de\u0161\u0107i gosti radnici i poslovni ljudi, odgovara .<\/p>\n\n\n\n<p>\u201eJednostavno jer nisam samo konobar. Dok radim taj posao uspostavljam kontakte s brojnim poslovnim ljudima. Moj posao je ina\u010de istra\u017eiva\u010dki, istra\u017eujem za industrije nekoliko zemalja u svijetu. Tako i sad dok u Kiseljaku radim kao konobar, paralelno provodim istra\u017eivanja ovda\u0161njeg tr\u017ei\u0161ta rada i njegovih potreba. Mo\u017eda uskoro pokrenem i svoj neki posao ovdje ili dovedem investitore u svoje rodno mjesto. Jednostavno, ovo je za mene vi\u0161estruki izazov kojeg sam rado prihvatio\u201c, ka\u017ee Miroslav Papaz.<\/p>\n\n\n\n<p><strong>Kiseljak nudi perspektivu<\/strong><\/p>\n\n\n\n<p>Njegova dosada\u0161nja istra\u017eivanja, otkrio je, &nbsp;pokazala su da je Kiseljak je prekrasno mjesto za \u017eivot, ima mno\u0161tvo mogu\u0107nosti i izazova.&nbsp;<\/p>\n\n\n\n<p>Na mladima je da ih prepoznaju i iskoriste.<\/p>\n\n\n\n<p>\u201ePrije svega rade\u0107i kao konobar, a to je jedan sasvim obi\u010dan posao, ali vrijedan kao i svaki drugi, otkrio sam s koliko se malo novca ovdje mo\u017ee sasvim lijepo \u017eivjeti. Najam stana u novogradnji pla\u0107am samo 200 KM, hranu imam na poslu, a nakon posla toliko prekrasnih destinacija u prirodi za koje nisam siguran ni da \u0107u ih sti\u0107i sve obi\u0107i.&nbsp;<\/p>\n\n\n\n<p>Ovaj je kraj prekrasan za \u0161etnje, izlete u prirodu, biciklizam. Toliko je toga \u0161to mnogi koji ovdje \u017eive, \u010dini mi se, nekad ne vide. Tu je naravno i dru\u0161tvo, rodbina i prijatelji s kojima sam odrastao. Zaista Kiseljak je za mene mjesto u kojemu se mo\u017ee lijepo, kvalitetno i jeftino &nbsp;\u017eivjeti\u201c, prepri\u010dao je Miroslav Papaz svoja iskustva radnog odmora &nbsp;u Kiseljaku.&nbsp;<\/p>\n\n\n\n<p>Poruka koju \u017eeli uputiti, posebno mladima jer da im ovo mjesto nudi brojne mogu\u0107nosti .&nbsp;<\/p>\n\n\n\n<p>\u201ePutovao sam po cijelom svijetu i ono \u0161to mogu kazati jest da Kiseljak nudi perspektivu ukoliko ste spremni prihvatiti izazov. Na vama je da &nbsp;prepoznate mogu\u0107nosti koje se nude i iskoristite ih spu\u0161taju\u0107i malo razinu o\u010dekivanja jer niti europske ni prekooceanske zemlje nisu raj na zemlji u kojemu se sve \u017eelje ispunjavaju preko no\u0107i. Svugdje u svijetu jedino od rada mo\u017ee se &nbsp;\u017eivjeti, a u mno\u0161tvu poslova samo putuju\u0107i i istra\u017euju\u0107i svijet i svoje \u017eelje, mo\u017eete za sebe prona\u0107i onaj najbolji\u201c, poruka je Miroslava Papaza.<\/p>\n\n\n\n<p>Izvor:artinfo.ba<\/p>\n","protected":false},"excerpt":{"rendered":"<p>Oglasi za posao u kojima se tra\u017ei konobar sve su \u010de\u0161\u0107i. Za konobarom je tako dugo tragala i tvrtka Zrak- optomehanika d.d, &nbsp;koja u sklopu nekada\u0161nje industrijske zone \u201eCarinski terminal\u201c &nbsp;na ulazu u Kiseljak , koja posljednjih godina opet o\u017eivljava, ima restoran \u201eExpres\u201c. Na oglas za posao javio im se sasvim neo\u010dekivano Miroslav Papaz koji [&hellip;]<\/p>\n","protected":false},"author":2,"featured_media":53119,"comment_status":"closed","ping_status":"closed","sticky":false,"template":"","format":"standard","meta":{"h5ap_radio_sources":[],"footnotes":""},"categories":[1],"tags":[],"class_list":["post-53118","post","type-post","status-publish","format-standard","has-post-thumbnail","hentry","category-bihiregija"],"yoast_head":"<!-- This site is optimized with the Yoast SEO plugin v27.4 - https:\/\/yoast.com\/product\/yoast-seo-wordpress\/ -->\n<title>Do\u0161ao iz Kanade u rodni Kiseljak na odmor pa se zaposlio - RADIO LJUBU\u0160KI<\/title>\n<meta name=\"robots\" content=\"index, follow, max-snippet:-1, max-image-preview:large, max-video-preview:-1\" \/>\n<link rel=\"canonical\" href=\"https:\/\/radioljubuski.ba\/index.php\/2021\/08\/13\/dosao-iz-kanade-u-rodni-kiseljak-na-odmor-pa-se-zaposlio\/\" \/>\n<meta property=\"og:locale\" content=\"hr_HR\" \/>\n<meta property=\"og:type\" content=\"article\" \/>\n<meta property=\"og:title\" content=\"Do\u0161ao iz Kanade u rodni Kiseljak na odmor pa se zaposlio - RADIO LJUBU\u0160KI\" \/>\n<meta property=\"og:description\" content=\"Oglasi za posao u kojima se tra\u017ei konobar sve su \u010de\u0161\u0107i. Za konobarom je tako dugo tragala i tvrtka Zrak- optomehanika d.d, &nbsp;koja u sklopu nekada\u0161nje industrijske zone \u201eCarinski terminal\u201c &nbsp;na ulazu u Kiseljak , koja posljednjih godina opet o\u017eivljava, ima restoran \u201eExpres\u201c. Na oglas za posao javio im se sasvim neo\u010dekivano Miroslav Papaz koji [&hellip;]\" \/>\n<meta property=\"og:url\" content=\"https:\/\/radioljubuski.ba\/index.php\/2021\/08\/13\/dosao-iz-kanade-u-rodni-kiseljak-na-odmor-pa-se-zaposlio\/\" \/>\n<meta property=\"og:site_name\" content=\"RADIO LJUBU\u0160KI\" \/>\n<meta property=\"article:publisher\" content=\"https:\/\/www.facebook.com\/Radiio-Ljubuski-1490835324566332\" \/>\n<meta property=\"article:published_time\" content=\"2021-08-13T17:27:04+00:00\" \/>\n<meta property=\"article:modified_time\" content=\"2021-08-13T17:27:06+00:00\" \/>\n<meta property=\"og:image\" content=\"https:\/\/radioljubuski.ba\/wp-content\/uploads\/2021\/08\/8-2021-08-13-13-36-10-papaz.jpg\" \/>\n\t<meta property=\"og:image:width\" content=\"1000\" \/>\n\t<meta property=\"og:image:height\" content=\"625\" \/>\n\t<meta property=\"og:image:type\" content=\"image\/jpeg\" \/>\n<meta name=\"author\" content=\"Radio Ljubu\u0161ki\" \/>\n<meta name=\"twitter:card\" content=\"summary_large_image\" \/>\n<meta name=\"twitter:creator\" content=\"@radioljubuski\" \/>\n<meta name=\"twitter:site\" content=\"@radioljubuski\" \/>\n<meta name=\"twitter:label1\" content=\"Napisao\/la\" \/>\n\t<meta name=\"twitter:data1\" content=\"Radio Ljubu\u0161ki\" \/>\n\t<meta name=\"twitter:label2\" content=\"Procijenjeno vrijeme \u010ditanja\" \/>\n\t<meta name=\"twitter:data2\" content=\"3 minute\" \/>\n<script type=\"application\/ld+json\" class=\"yoast-schema-graph\">{\"@context\":\"https:\\\/\\\/schema.org\",\"@graph\":[{\"@type\":\"Article\",\"@id\":\"https:\\\/\\\/radioljubuski.ba\\\/index.php\\\/2021\\\/08\\\/13\\\/dosao-iz-kanade-u-rodni-kiseljak-na-odmor-pa-se-zaposlio\\\/#article\",\"isPartOf\":{\"@id\":\"https:\\\/\\\/radioljubuski.ba\\\/index.php\\\/2021\\\/08\\\/13\\\/dosao-iz-kanade-u-rodni-kiseljak-na-odmor-pa-se-zaposlio\\\/\"},\"author\":{\"name\":\"Radio Ljubu\u0161ki\",\"@id\":\"https:\\\/\\\/radioljubuski.ba\\\/#\\\/schema\\\/person\\\/19fc700381a780f69665d7956c469e3b\"},\"headline\":\"Do\u0161ao iz Kanade u rodni Kiseljak na odmor pa se zaposlio\",\"datePublished\":\"2021-08-13T17:27:04+00:00\",\"dateModified\":\"2021-08-13T17:27:06+00:00\",\"mainEntityOfPage\":{\"@id\":\"https:\\\/\\\/radioljubuski.ba\\\/index.php\\\/2021\\\/08\\\/13\\\/dosao-iz-kanade-u-rodni-kiseljak-na-odmor-pa-se-zaposlio\\\/\"},\"wordCount\":646,\"publisher\":{\"@id\":\"https:\\\/\\\/radioljubuski.ba\\\/#organization\"},\"image\":{\"@id\":\"https:\\\/\\\/radioljubuski.ba\\\/index.php\\\/2021\\\/08\\\/13\\\/dosao-iz-kanade-u-rodni-kiseljak-na-odmor-pa-se-zaposlio\\\/#primaryimage\"},\"thumbnailUrl\":\"https:\\\/\\\/radioljubuski.ba\\\/wp-content\\\/uploads\\\/2021\\\/08\\\/8-2021-08-13-13-36-10-papaz.jpg\",\"articleSection\":[\"BIH i regija\"],\"inLanguage\":\"hr\"},{\"@type\":\"WebPage\",\"@id\":\"https:\\\/\\\/radioljubuski.ba\\\/index.php\\\/2021\\\/08\\\/13\\\/dosao-iz-kanade-u-rodni-kiseljak-na-odmor-pa-se-zaposlio\\\/\",\"url\":\"https:\\\/\\\/radioljubuski.ba\\\/index.php\\\/2021\\\/08\\\/13\\\/dosao-iz-kanade-u-rodni-kiseljak-na-odmor-pa-se-zaposlio\\\/\",\"name\":\"Do\u0161ao iz Kanade u rodni Kiseljak na odmor pa se zaposlio - RADIO LJUBU\u0160KI\",\"isPartOf\":{\"@id\":\"https:\\\/\\\/radioljubuski.ba\\\/#website\"},\"primaryImageOfPage\":{\"@id\":\"https:\\\/\\\/radioljubuski.ba\\\/index.php\\\/2021\\\/08\\\/13\\\/dosao-iz-kanade-u-rodni-kiseljak-na-odmor-pa-se-zaposlio\\\/#primaryimage\"},\"image\":{\"@id\":\"https:\\\/\\\/radioljubuski.ba\\\/index.php\\\/2021\\\/08\\\/13\\\/dosao-iz-kanade-u-rodni-kiseljak-na-odmor-pa-se-zaposlio\\\/#primaryimage\"},\"thumbnailUrl\":\"https:\\\/\\\/radioljubuski.ba\\\/wp-content\\\/uploads\\\/2021\\\/08\\\/8-2021-08-13-13-36-10-papaz.jpg\",\"datePublished\":\"2021-08-13T17:27:04+00:00\",\"dateModified\":\"2021-08-13T17:27:06+00:00\",\"breadcrumb\":{\"@id\":\"https:\\\/\\\/radioljubuski.ba\\\/index.php\\\/2021\\\/08\\\/13\\\/dosao-iz-kanade-u-rodni-kiseljak-na-odmor-pa-se-zaposlio\\\/#breadcrumb\"},\"inLanguage\":\"hr\",\"potentialAction\":[{\"@type\":\"ReadAction\",\"target\":[\"https:\\\/\\\/radioljubuski.ba\\\/index.php\\\/2021\\\/08\\\/13\\\/dosao-iz-kanade-u-rodni-kiseljak-na-odmor-pa-se-zaposlio\\\/\"]}]},{\"@type\":\"ImageObject\",\"inLanguage\":\"hr\",\"@id\":\"https:\\\/\\\/radioljubuski.ba\\\/index.php\\\/2021\\\/08\\\/13\\\/dosao-iz-kanade-u-rodni-kiseljak-na-odmor-pa-se-zaposlio\\\/#primaryimage\",\"url\":\"https:\\\/\\\/radioljubuski.ba\\\/wp-content\\\/uploads\\\/2021\\\/08\\\/8-2021-08-13-13-36-10-papaz.jpg\",\"contentUrl\":\"https:\\\/\\\/radioljubuski.ba\\\/wp-content\\\/uploads\\\/2021\\\/08\\\/8-2021-08-13-13-36-10-papaz.jpg\",\"width\":1000,\"height\":625},{\"@type\":\"BreadcrumbList\",\"@id\":\"https:\\\/\\\/radioljubuski.ba\\\/index.php\\\/2021\\\/08\\\/13\\\/dosao-iz-kanade-u-rodni-kiseljak-na-odmor-pa-se-zaposlio\\\/#breadcrumb\",\"itemListElement\":[{\"@type\":\"ListItem\",\"position\":1,\"name\":\"Po\u010detna stranica\",\"item\":\"https:\\\/\\\/radioljubuski.ba\\\/\"},{\"@type\":\"ListItem\",\"position\":2,\"name\":\"Do\u0161ao iz Kanade u rodni Kiseljak na odmor pa se zaposlio\"}]},{\"@type\":\"WebSite\",\"@id\":\"https:\\\/\\\/radioljubuski.ba\\\/#website\",\"url\":\"https:\\\/\\\/radioljubuski.ba\\\/\",\"name\":\"Radio Ljubu\u0161ki\",\"description\":\"Sun\u010dana frekvencija Hercegovine\",\"publisher\":{\"@id\":\"https:\\\/\\\/radioljubuski.ba\\\/#organization\"},\"potentialAction\":[{\"@type\":\"SearchAction\",\"target\":{\"@type\":\"EntryPoint\",\"urlTemplate\":\"https:\\\/\\\/radioljubuski.ba\\\/?s={search_term_string}\"},\"query-input\":{\"@type\":\"PropertyValueSpecification\",\"valueRequired\":true,\"valueName\":\"search_term_string\"}}],\"inLanguage\":\"hr\"},{\"@type\":\"Organization\",\"@id\":\"https:\\\/\\\/radioljubuski.ba\\\/#organization\",\"name\":\"Radio Ljubu\u0161ki\",\"url\":\"https:\\\/\\\/radioljubuski.ba\\\/\",\"logo\":{\"@type\":\"ImageObject\",\"inLanguage\":\"hr\",\"@id\":\"https:\\\/\\\/radioljubuski.ba\\\/#\\\/schema\\\/logo\\\/image\\\/\",\"url\":\"https:\\\/\\\/radioljubuski.ba\\\/wp-content\\\/uploads\\\/2021\\\/02\\\/cropped-Radio_Ljubuski_logo1.jpg\",\"contentUrl\":\"https:\\\/\\\/radioljubuski.ba\\\/wp-content\\\/uploads\\\/2021\\\/02\\\/cropped-Radio_Ljubuski_logo1.jpg\",\"width\":512,\"height\":512,\"caption\":\"Radio Ljubu\u0161ki\"},\"image\":{\"@id\":\"https:\\\/\\\/radioljubuski.ba\\\/#\\\/schema\\\/logo\\\/image\\\/\"},\"sameAs\":[\"https:\\\/\\\/www.facebook.com\\\/Radiio-Ljubuski-1490835324566332\",\"https:\\\/\\\/x.com\\\/radioljubuski\",\"https:\\\/\\\/hr.linkedin.com\\\/company\\\/radio-ljubuski\",\"https:\\\/\\\/www.youtube.com\\\/channel\\\/UCHYaeO_n0Db3tjNGudGpXyw\"]},{\"@type\":\"Person\",\"@id\":\"https:\\\/\\\/radioljubuski.ba\\\/#\\\/schema\\\/person\\\/19fc700381a780f69665d7956c469e3b\",\"name\":\"Radio Ljubu\u0161ki\"}]}<\/script>\n<!-- \/ Yoast SEO plugin. -->","yoast_head_json":{"title":"Do\u0161ao iz Kanade u rodni Kiseljak na odmor pa se zaposlio - RADIO LJUBU\u0160KI","robots":{"index":"index","follow":"follow","max-snippet":"max-snippet:-1","max-image-preview":"max-image-preview:large","max-video-preview":"max-video-preview:-1"},"canonical":"https:\/\/radioljubuski.ba\/index.php\/2021\/08\/13\/dosao-iz-kanade-u-rodni-kiseljak-na-odmor-pa-se-zaposlio\/","og_locale":"hr_HR","og_type":"article","og_title":"Do\u0161ao iz Kanade u rodni Kiseljak na odmor pa se zaposlio - RADIO LJUBU\u0160KI","og_description":"Oglasi za posao u kojima se tra\u017ei konobar sve su \u010de\u0161\u0107i. Za konobarom je tako dugo tragala i tvrtka Zrak- optomehanika d.d, &nbsp;koja u sklopu nekada\u0161nje industrijske zone \u201eCarinski terminal\u201c &nbsp;na ulazu u Kiseljak , koja posljednjih godina opet o\u017eivljava, ima restoran \u201eExpres\u201c. Na oglas za posao javio im se sasvim neo\u010dekivano Miroslav Papaz koji [&hellip;]","og_url":"https:\/\/radioljubuski.ba\/index.php\/2021\/08\/13\/dosao-iz-kanade-u-rodni-kiseljak-na-odmor-pa-se-zaposlio\/","og_site_name":"RADIO LJUBU\u0160KI","article_publisher":"https:\/\/www.facebook.com\/Radiio-Ljubuski-1490835324566332","article_published_time":"2021-08-13T17:27:04+00:00","article_modified_time":"2021-08-13T17:27:06+00:00","og_image":[{"width":1000,"height":625,"url":"https:\/\/radioljubuski.ba\/wp-content\/uploads\/2021\/08\/8-2021-08-13-13-36-10-papaz.jpg","type":"image\/jpeg"}],"author":"Radio Ljubu\u0161ki","twitter_card":"summary_large_image","twitter_creator":"@radioljubuski","twitter_site":"@radioljubuski","twitter_misc":{"Napisao\/la":"Radio Ljubu\u0161ki","Procijenjeno vrijeme \u010ditanja":"3 minute"},"schema":{"@context":"https:\/\/schema.org","@graph":[{"@type":"Article","@id":"https:\/\/radioljubuski.ba\/index.php\/2021\/08\/13\/dosao-iz-kanade-u-rodni-kiseljak-na-odmor-pa-se-zaposlio\/#article","isPartOf":{"@id":"https:\/\/radioljubuski.ba\/index.php\/2021\/08\/13\/dosao-iz-kanade-u-rodni-kiseljak-na-odmor-pa-se-zaposlio\/"},"author":{"name":"Radio Ljubu\u0161ki","@id":"https:\/\/radioljubuski.ba\/#\/schema\/person\/19fc700381a780f69665d7956c469e3b"},"headline":"Do\u0161ao iz Kanade u rodni Kiseljak na odmor pa se zaposlio","datePublished":"2021-08-13T17:27:04+00:00","dateModified":"2021-08-13T17:27:06+00:00","mainEntityOfPage":{"@id":"https:\/\/radioljubuski.ba\/index.php\/2021\/08\/13\/dosao-iz-kanade-u-rodni-kiseljak-na-odmor-pa-se-zaposlio\/"},"wordCount":646,"publisher":{"@id":"https:\/\/radioljubuski.ba\/#organization"},"image":{"@id":"https:\/\/radioljubuski.ba\/index.php\/2021\/08\/13\/dosao-iz-kanade-u-rodni-kiseljak-na-odmor-pa-se-zaposlio\/#primaryimage"},"thumbnailUrl":"https:\/\/radioljubuski.ba\/wp-content\/uploads\/2021\/08\/8-2021-08-13-13-36-10-papaz.jpg","articleSection":["BIH i regija"],"inLanguage":"hr"},{"@type":"WebPage","@id":"https:\/\/radioljubuski.ba\/index.php\/2021\/08\/13\/dosao-iz-kanade-u-rodni-kiseljak-na-odmor-pa-se-zaposlio\/","url":"https:\/\/radioljubuski.ba\/index.php\/2021\/08\/13\/dosao-iz-kanade-u-rodni-kiseljak-na-odmor-pa-se-zaposlio\/","name":"Do\u0161ao iz Kanade u rodni Kiseljak na odmor pa se zaposlio - RADIO LJUBU\u0160KI","isPartOf":{"@id":"https:\/\/radioljubuski.ba\/#website"},"primaryImageOfPage":{"@id":"https:\/\/radioljubuski.ba\/index.php\/2021\/08\/13\/dosao-iz-kanade-u-rodni-kiseljak-na-odmor-pa-se-zaposlio\/#primaryimage"},"image":{"@id":"https:\/\/radioljubuski.ba\/index.php\/2021\/08\/13\/dosao-iz-kanade-u-rodni-kiseljak-na-odmor-pa-se-zaposlio\/#primaryimage"},"thumbnailUrl":"https:\/\/radioljubuski.ba\/wp-content\/uploads\/2021\/08\/8-2021-08-13-13-36-10-papaz.jpg","datePublished":"2021-08-13T17:27:04+00:00","dateModified":"2021-08-13T17:27:06+00:00","breadcrumb":{"@id":"https:\/\/radioljubuski.ba\/index.php\/2021\/08\/13\/dosao-iz-kanade-u-rodni-kiseljak-na-odmor-pa-se-zaposlio\/#breadcrumb"},"inLanguage":"hr","potentialAction":[{"@type":"ReadAction","target":["https:\/\/radioljubuski.ba\/index.php\/2021\/08\/13\/dosao-iz-kanade-u-rodni-kiseljak-na-odmor-pa-se-zaposlio\/"]}]},{"@type":"ImageObject","inLanguage":"hr","@id":"https:\/\/radioljubuski.ba\/index.php\/2021\/08\/13\/dosao-iz-kanade-u-rodni-kiseljak-na-odmor-pa-se-zaposlio\/#primaryimage","url":"https:\/\/radioljubuski.ba\/wp-content\/uploads\/2021\/08\/8-2021-08-13-13-36-10-papaz.jpg","contentUrl":"https:\/\/radioljubuski.ba\/wp-content\/uploads\/2021\/08\/8-2021-08-13-13-36-10-papaz.jpg","width":1000,"height":625},{"@type":"BreadcrumbList","@id":"https:\/\/radioljubuski.ba\/index.php\/2021\/08\/13\/dosao-iz-kanade-u-rodni-kiseljak-na-odmor-pa-se-zaposlio\/#breadcrumb","itemListElement":[{"@type":"ListItem","position":1,"name":"Po\u010detna stranica","item":"https:\/\/radioljubuski.ba\/"},{"@type":"ListItem","position":2,"name":"Do\u0161ao iz Kanade u rodni Kiseljak na odmor pa se zaposlio"}]},{"@type":"WebSite","@id":"https:\/\/radioljubuski.ba\/#website","url":"https:\/\/radioljubuski.ba\/","name":"Radio Ljubu\u0161ki","description":"Sun\u010dana frekvencija Hercegovine","publisher":{"@id":"https:\/\/radioljubuski.ba\/#organization"},"potentialAction":[{"@type":"SearchAction","target":{"@type":"EntryPoint","urlTemplate":"https:\/\/radioljubuski.ba\/?s={search_term_string}"},"query-input":{"@type":"PropertyValueSpecification","valueRequired":true,"valueName":"search_term_string"}}],"inLanguage":"hr"},{"@type":"Organization","@id":"https:\/\/radioljubuski.ba\/#organization","name":"Radio Ljubu\u0161ki","url":"https:\/\/radioljubuski.ba\/","logo":{"@type":"ImageObject","inLanguage":"hr","@id":"https:\/\/radioljubuski.ba\/#\/schema\/logo\/image\/","url":"https:\/\/radioljubuski.ba\/wp-content\/uploads\/2021\/02\/cropped-Radio_Ljubuski_logo1.jpg","contentUrl":"https:\/\/radioljubuski.ba\/wp-content\/uploads\/2021\/02\/cropped-Radio_Ljubuski_logo1.jpg","width":512,"height":512,"caption":"Radio Ljubu\u0161ki"},"image":{"@id":"https:\/\/radioljubuski.ba\/#\/schema\/logo\/image\/"},"sameAs":["https:\/\/www.facebook.com\/Radiio-Ljubuski-1490835324566332","https:\/\/x.com\/radioljubuski","https:\/\/hr.linkedin.com\/company\/radio-ljubuski","https:\/\/www.youtube.com\/channel\/UCHYaeO_n0Db3tjNGudGpXyw"]},{"@type":"Person","@id":"https:\/\/radioljubuski.ba\/#\/schema\/person\/19fc700381a780f69665d7956c469e3b","name":"Radio Ljubu\u0161ki"}]}},"_links":{"self":[{"href":"https:\/\/radioljubuski.ba\/index.php\/wp-json\/wp\/v2\/posts\/53118","targetHints":{"allow":["GET"]}}],"collection":[{"href":"https:\/\/radioljubuski.ba\/index.php\/wp-json\/wp\/v2\/posts"}],"about":[{"href":"https:\/\/radioljubuski.ba\/index.php\/wp-json\/wp\/v2\/types\/post"}],"author":[{"embeddable":true,"href":"https:\/\/radioljubuski.ba\/index.php\/wp-json\/wp\/v2\/users\/2"}],"replies":[{"embeddable":true,"href":"https:\/\/radioljubuski.ba\/index.php\/wp-json\/wp\/v2\/comments?post=53118"}],"version-history":[{"count":1,"href":"https:\/\/radioljubuski.ba\/index.php\/wp-json\/wp\/v2\/posts\/53118\/revisions"}],"predecessor-version":[{"id":53120,"href":"https:\/\/radioljubuski.ba\/index.php\/wp-json\/wp\/v2\/posts\/53118\/revisions\/53120"}],"wp:featuredmedia":[{"embeddable":true,"href":"https:\/\/radioljubuski.ba\/index.php\/wp-json\/wp\/v2\/media\/53119"}],"wp:attachment":[{"href":"https:\/\/radioljubuski.ba\/index.php\/wp-json\/wp\/v2\/media?parent=53118"}],"wp:term":[{"taxonomy":"category","embeddable":true,"href":"https:\/\/radioljubuski.ba\/index.php\/wp-json\/wp\/v2\/categories?post=53118"},{"taxonomy":"post_tag","embeddable":true,"href":"https:\/\/radioljubuski.ba\/index.php\/wp-json\/wp\/v2\/tags?post=53118"}],"curies":[{"name":"wp","href":"https:\/\/api.w.org\/{rel}","templated":true}]}}