{"id":53176,"date":"2021-08-13T23:48:34","date_gmt":"2021-08-13T22:48:34","guid":{"rendered":"https:\/\/radioljubuski.ba\/?p=53176"},"modified":"2021-08-13T23:48:36","modified_gmt":"2021-08-13T22:48:36","slug":"semper-se-pridruzio-badelju","status":"publish","type":"post","link":"https:\/\/radioljubuski.ba\/index.php\/2021\/08\/13\/semper-se-pridruzio-badelju\/","title":{"rendered":"\u0160emper se pridru\u017eio Badelju"},"content":{"rendered":"\n<p><strong>Vratar mlade hrvatske reprezentacije Adrian \u0160emper karijeru \u0107e nastaviti u elitnom razredu talijanskog nogometa, objavio je Hrvatski nogometni savez.<\/strong><\/p>\n\n\n\n<p>\u0160emper je novi igra\u010d Genoe, nakon \u0161to je dogovorio suradnju s klubom koji je u tri navrata vodio hrvatski stru\u010dnjak&nbsp;<strong>Ivan Juri\u0107<\/strong>, a \u010dije boje jo\u0161 brani srebrni Vatreni&nbsp;<strong>Milan Badelj<\/strong>.<\/p>\n\n\n\n<p>\u010cuvar mre\u017ee Hrvatske U-21 seniorsku je karijeru zapo\u010deo u Dinamu i Lokomotivu, da bi 2018. godine preselio u Chievo, u \u010dijem je dresu debitirao u Serie A. Potom je s Chievom dvije sezone igrao Serie B, a ovim se transferom vra\u0107a u prvoliga\u0161ko dru\u0161tvo.<br><br>Za hrvatsku U-21 reprezentaciju nastupio je 13 puta.<\/p>\n\n\n\n<blockquote class=\"twitter-tweet\"><p lang=\"it\" dir=\"ltr\">\u2764\ufe0f\ud83d\udc99 Adrian <a href=\"https:\/\/twitter.com\/hashtag\/Semper?src=hash&amp;ref_src=twsrc%5Etfw\">#Semper<\/a> \u00e8 Rossobl\u00f9. <br><br>\ud83d\udcdd <a href=\"https:\/\/t.co\/imexEMP4xg\">https:\/\/t.co\/imexEMP4xg<\/a> <a href=\"https:\/\/t.co\/cqbJ2mgppG\">pic.twitter.com\/cqbJ2mgppG<\/a><\/p>&mdash; Genoa CFC (@GenoaCFC) <a href=\"https:\/\/twitter.com\/GenoaCFC\/status\/1425451841106677760?ref_src=twsrc%5Etfw\">August 11, 2021<\/a><\/blockquote> <script async src=\"https:\/\/platform.twitter.com\/widgets.js\" charset=\"utf-8\"><\/script>\n\n\n\n<p>Izvor:hrt.hr<\/p>\n","protected":false},"excerpt":{"rendered":"<p>Vratar mlade hrvatske reprezentacije Adrian \u0160emper karijeru \u0107e nastaviti u elitnom razredu talijanskog nogometa, objavio je Hrvatski nogometni savez. \u0160emper je novi igra\u010d Genoe, nakon \u0161to je dogovorio suradnju s klubom koji je u tri navrata vodio hrvatski stru\u010dnjak&nbsp;Ivan Juri\u0107, a \u010dije boje jo\u0161 brani srebrni Vatreni&nbsp;Milan Badelj. \u010cuvar mre\u017ee Hrvatske U-21 seniorsku je karijeru [&hellip;]<\/p>\n","protected":false},"author":2,"featured_media":53177,"comment_status":"closed","ping_status":"closed","sticky":false,"template":"","format":"standard","meta":{"h5ap_radio_sources":[],"footnotes":""},"categories":[7],"tags":[],"class_list":["post-53176","post","type-post","status-publish","format-standard","has-post-thumbnail","hentry","category-sport"],"yoast_head":"<!-- This site is optimized with the Yoast SEO plugin v27.4 - https:\/\/yoast.com\/product\/yoast-seo-wordpress\/ -->\n<title>\u0160emper se pridru\u017eio Badelju - RADIO LJUBU\u0160KI<\/title>\n<meta name=\"robots\" content=\"index, follow, max-snippet:-1, max-image-preview:large, max-video-preview:-1\" \/>\n<link rel=\"canonical\" href=\"https:\/\/radioljubuski.ba\/index.php\/2021\/08\/13\/semper-se-pridruzio-badelju\/\" \/>\n<meta property=\"og:locale\" content=\"hr_HR\" \/>\n<meta property=\"og:type\" content=\"article\" \/>\n<meta property=\"og:title\" content=\"\u0160emper se pridru\u017eio Badelju - RADIO LJUBU\u0160KI\" \/>\n<meta property=\"og:description\" content=\"Vratar mlade hrvatske reprezentacije Adrian \u0160emper karijeru \u0107e nastaviti u elitnom razredu talijanskog nogometa, objavio je Hrvatski nogometni savez. \u0160emper je novi igra\u010d Genoe, nakon \u0161to je dogovorio suradnju s klubom koji je u tri navrata vodio hrvatski stru\u010dnjak&nbsp;Ivan Juri\u0107, a \u010dije boje jo\u0161 brani srebrni Vatreni&nbsp;Milan Badelj. \u010cuvar mre\u017ee Hrvatske U-21 seniorsku je karijeru [&hellip;]\" \/>\n<meta property=\"og:url\" content=\"https:\/\/radioljubuski.ba\/index.php\/2021\/08\/13\/semper-se-pridruzio-badelju\/\" \/>\n<meta property=\"og:site_name\" content=\"RADIO LJUBU\u0160KI\" \/>\n<meta property=\"article:publisher\" content=\"https:\/\/www.facebook.com\/Radiio-Ljubuski-1490835324566332\" \/>\n<meta property=\"article:published_time\" content=\"2021-08-13T22:48:34+00:00\" \/>\n<meta property=\"article:modified_time\" content=\"2021-08-13T22:48:36+00:00\" \/>\n<meta property=\"og:image\" content=\"https:\/\/radioljubuski.ba\/wp-content\/uploads\/2021\/08\/pxl-250321-32293357-20210813144537.jpg\" \/>\n\t<meta property=\"og:image:width\" content=\"1600\" \/>\n\t<meta property=\"og:image:height\" content=\"1062\" \/>\n\t<meta property=\"og:image:type\" content=\"image\/jpeg\" \/>\n<meta name=\"author\" content=\"Radio Ljubu\u0161ki\" \/>\n<meta name=\"twitter:card\" content=\"summary_large_image\" \/>\n<meta name=\"twitter:creator\" content=\"@radioljubuski\" \/>\n<meta name=\"twitter:site\" content=\"@radioljubuski\" \/>\n<meta name=\"twitter:label1\" content=\"Napisao\/la\" \/>\n\t<meta name=\"twitter:data1\" content=\"Radio Ljubu\u0161ki\" \/>\n\t<meta name=\"twitter:label2\" content=\"Procijenjeno vrijeme \u010ditanja\" \/>\n\t<meta name=\"twitter:data2\" content=\"1 minuta\" \/>\n<script type=\"application\/ld+json\" class=\"yoast-schema-graph\">{\"@context\":\"https:\\\/\\\/schema.org\",\"@graph\":[{\"@type\":\"Article\",\"@id\":\"https:\\\/\\\/radioljubuski.ba\\\/index.php\\\/2021\\\/08\\\/13\\\/semper-se-pridruzio-badelju\\\/#article\",\"isPartOf\":{\"@id\":\"https:\\\/\\\/radioljubuski.ba\\\/index.php\\\/2021\\\/08\\\/13\\\/semper-se-pridruzio-badelju\\\/\"},\"author\":{\"name\":\"Radio Ljubu\u0161ki\",\"@id\":\"https:\\\/\\\/radioljubuski.ba\\\/#\\\/schema\\\/person\\\/19fc700381a780f69665d7956c469e3b\"},\"headline\":\"\u0160emper se pridru\u017eio Badelju\",\"datePublished\":\"2021-08-13T22:48:34+00:00\",\"dateModified\":\"2021-08-13T22:48:36+00:00\",\"mainEntityOfPage\":{\"@id\":\"https:\\\/\\\/radioljubuski.ba\\\/index.php\\\/2021\\\/08\\\/13\\\/semper-se-pridruzio-badelju\\\/\"},\"wordCount\":134,\"publisher\":{\"@id\":\"https:\\\/\\\/radioljubuski.ba\\\/#organization\"},\"image\":{\"@id\":\"https:\\\/\\\/radioljubuski.ba\\\/index.php\\\/2021\\\/08\\\/13\\\/semper-se-pridruzio-badelju\\\/#primaryimage\"},\"thumbnailUrl\":\"https:\\\/\\\/radioljubuski.ba\\\/wp-content\\\/uploads\\\/2021\\\/08\\\/pxl-250321-32293357-20210813144537.jpg\",\"articleSection\":[\"\u0160port\"],\"inLanguage\":\"hr\"},{\"@type\":\"WebPage\",\"@id\":\"https:\\\/\\\/radioljubuski.ba\\\/index.php\\\/2021\\\/08\\\/13\\\/semper-se-pridruzio-badelju\\\/\",\"url\":\"https:\\\/\\\/radioljubuski.ba\\\/index.php\\\/2021\\\/08\\\/13\\\/semper-se-pridruzio-badelju\\\/\",\"name\":\"\u0160emper se pridru\u017eio Badelju - RADIO LJUBU\u0160KI\",\"isPartOf\":{\"@id\":\"https:\\\/\\\/radioljubuski.ba\\\/#website\"},\"primaryImageOfPage\":{\"@id\":\"https:\\\/\\\/radioljubuski.ba\\\/index.php\\\/2021\\\/08\\\/13\\\/semper-se-pridruzio-badelju\\\/#primaryimage\"},\"image\":{\"@id\":\"https:\\\/\\\/radioljubuski.ba\\\/index.php\\\/2021\\\/08\\\/13\\\/semper-se-pridruzio-badelju\\\/#primaryimage\"},\"thumbnailUrl\":\"https:\\\/\\\/radioljubuski.ba\\\/wp-content\\\/uploads\\\/2021\\\/08\\\/pxl-250321-32293357-20210813144537.jpg\",\"datePublished\":\"2021-08-13T22:48:34+00:00\",\"dateModified\":\"2021-08-13T22:48:36+00:00\",\"breadcrumb\":{\"@id\":\"https:\\\/\\\/radioljubuski.ba\\\/index.php\\\/2021\\\/08\\\/13\\\/semper-se-pridruzio-badelju\\\/#breadcrumb\"},\"inLanguage\":\"hr\",\"potentialAction\":[{\"@type\":\"ReadAction\",\"target\":[\"https:\\\/\\\/radioljubuski.ba\\\/index.php\\\/2021\\\/08\\\/13\\\/semper-se-pridruzio-badelju\\\/\"]}]},{\"@type\":\"ImageObject\",\"inLanguage\":\"hr\",\"@id\":\"https:\\\/\\\/radioljubuski.ba\\\/index.php\\\/2021\\\/08\\\/13\\\/semper-se-pridruzio-badelju\\\/#primaryimage\",\"url\":\"https:\\\/\\\/radioljubuski.ba\\\/wp-content\\\/uploads\\\/2021\\\/08\\\/pxl-250321-32293357-20210813144537.jpg\",\"contentUrl\":\"https:\\\/\\\/radioljubuski.ba\\\/wp-content\\\/uploads\\\/2021\\\/08\\\/pxl-250321-32293357-20210813144537.jpg\",\"width\":1600,\"height\":1062,\"caption\":\"25.03.2021., stadion Bonifika, Koper, Slovenija - UEFA Europsko U21 prvenstvo, skupina D, Portugal - Hrvatska. Photo: Luka Stanzl\\\/PIXSELL\"},{\"@type\":\"BreadcrumbList\",\"@id\":\"https:\\\/\\\/radioljubuski.ba\\\/index.php\\\/2021\\\/08\\\/13\\\/semper-se-pridruzio-badelju\\\/#breadcrumb\",\"itemListElement\":[{\"@type\":\"ListItem\",\"position\":1,\"name\":\"Po\u010detna stranica\",\"item\":\"https:\\\/\\\/radioljubuski.ba\\\/\"},{\"@type\":\"ListItem\",\"position\":2,\"name\":\"\u0160emper se pridru\u017eio Badelju\"}]},{\"@type\":\"WebSite\",\"@id\":\"https:\\\/\\\/radioljubuski.ba\\\/#website\",\"url\":\"https:\\\/\\\/radioljubuski.ba\\\/\",\"name\":\"Radio Ljubu\u0161ki\",\"description\":\"Sun\u010dana frekvencija Hercegovine\",\"publisher\":{\"@id\":\"https:\\\/\\\/radioljubuski.ba\\\/#organization\"},\"potentialAction\":[{\"@type\":\"SearchAction\",\"target\":{\"@type\":\"EntryPoint\",\"urlTemplate\":\"https:\\\/\\\/radioljubuski.ba\\\/?s={search_term_string}\"},\"query-input\":{\"@type\":\"PropertyValueSpecification\",\"valueRequired\":true,\"valueName\":\"search_term_string\"}}],\"inLanguage\":\"hr\"},{\"@type\":\"Organization\",\"@id\":\"https:\\\/\\\/radioljubuski.ba\\\/#organization\",\"name\":\"Radio Ljubu\u0161ki\",\"url\":\"https:\\\/\\\/radioljubuski.ba\\\/\",\"logo\":{\"@type\":\"ImageObject\",\"inLanguage\":\"hr\",\"@id\":\"https:\\\/\\\/radioljubuski.ba\\\/#\\\/schema\\\/logo\\\/image\\\/\",\"url\":\"https:\\\/\\\/radioljubuski.ba\\\/wp-content\\\/uploads\\\/2021\\\/02\\\/cropped-Radio_Ljubuski_logo1.jpg\",\"contentUrl\":\"https:\\\/\\\/radioljubuski.ba\\\/wp-content\\\/uploads\\\/2021\\\/02\\\/cropped-Radio_Ljubuski_logo1.jpg\",\"width\":512,\"height\":512,\"caption\":\"Radio Ljubu\u0161ki\"},\"image\":{\"@id\":\"https:\\\/\\\/radioljubuski.ba\\\/#\\\/schema\\\/logo\\\/image\\\/\"},\"sameAs\":[\"https:\\\/\\\/www.facebook.com\\\/Radiio-Ljubuski-1490835324566332\",\"https:\\\/\\\/x.com\\\/radioljubuski\",\"https:\\\/\\\/hr.linkedin.com\\\/company\\\/radio-ljubuski\",\"https:\\\/\\\/www.youtube.com\\\/channel\\\/UCHYaeO_n0Db3tjNGudGpXyw\"]},{\"@type\":\"Person\",\"@id\":\"https:\\\/\\\/radioljubuski.ba\\\/#\\\/schema\\\/person\\\/19fc700381a780f69665d7956c469e3b\",\"name\":\"Radio Ljubu\u0161ki\"}]}<\/script>\n<!-- \/ Yoast SEO plugin. -->","yoast_head_json":{"title":"\u0160emper se pridru\u017eio Badelju - RADIO LJUBU\u0160KI","robots":{"index":"index","follow":"follow","max-snippet":"max-snippet:-1","max-image-preview":"max-image-preview:large","max-video-preview":"max-video-preview:-1"},"canonical":"https:\/\/radioljubuski.ba\/index.php\/2021\/08\/13\/semper-se-pridruzio-badelju\/","og_locale":"hr_HR","og_type":"article","og_title":"\u0160emper se pridru\u017eio Badelju - RADIO LJUBU\u0160KI","og_description":"Vratar mlade hrvatske reprezentacije Adrian \u0160emper karijeru \u0107e nastaviti u elitnom razredu talijanskog nogometa, objavio je Hrvatski nogometni savez. \u0160emper je novi igra\u010d Genoe, nakon \u0161to je dogovorio suradnju s klubom koji je u tri navrata vodio hrvatski stru\u010dnjak&nbsp;Ivan Juri\u0107, a \u010dije boje jo\u0161 brani srebrni Vatreni&nbsp;Milan Badelj. \u010cuvar mre\u017ee Hrvatske U-21 seniorsku je karijeru [&hellip;]","og_url":"https:\/\/radioljubuski.ba\/index.php\/2021\/08\/13\/semper-se-pridruzio-badelju\/","og_site_name":"RADIO LJUBU\u0160KI","article_publisher":"https:\/\/www.facebook.com\/Radiio-Ljubuski-1490835324566332","article_published_time":"2021-08-13T22:48:34+00:00","article_modified_time":"2021-08-13T22:48:36+00:00","og_image":[{"width":1600,"height":1062,"url":"https:\/\/radioljubuski.ba\/wp-content\/uploads\/2021\/08\/pxl-250321-32293357-20210813144537.jpg","type":"image\/jpeg"}],"author":"Radio Ljubu\u0161ki","twitter_card":"summary_large_image","twitter_creator":"@radioljubuski","twitter_site":"@radioljubuski","twitter_misc":{"Napisao\/la":"Radio Ljubu\u0161ki","Procijenjeno vrijeme \u010ditanja":"1 minuta"},"schema":{"@context":"https:\/\/schema.org","@graph":[{"@type":"Article","@id":"https:\/\/radioljubuski.ba\/index.php\/2021\/08\/13\/semper-se-pridruzio-badelju\/#article","isPartOf":{"@id":"https:\/\/radioljubuski.ba\/index.php\/2021\/08\/13\/semper-se-pridruzio-badelju\/"},"author":{"name":"Radio Ljubu\u0161ki","@id":"https:\/\/radioljubuski.ba\/#\/schema\/person\/19fc700381a780f69665d7956c469e3b"},"headline":"\u0160emper se pridru\u017eio Badelju","datePublished":"2021-08-13T22:48:34+00:00","dateModified":"2021-08-13T22:48:36+00:00","mainEntityOfPage":{"@id":"https:\/\/radioljubuski.ba\/index.php\/2021\/08\/13\/semper-se-pridruzio-badelju\/"},"wordCount":134,"publisher":{"@id":"https:\/\/radioljubuski.ba\/#organization"},"image":{"@id":"https:\/\/radioljubuski.ba\/index.php\/2021\/08\/13\/semper-se-pridruzio-badelju\/#primaryimage"},"thumbnailUrl":"https:\/\/radioljubuski.ba\/wp-content\/uploads\/2021\/08\/pxl-250321-32293357-20210813144537.jpg","articleSection":["\u0160port"],"inLanguage":"hr"},{"@type":"WebPage","@id":"https:\/\/radioljubuski.ba\/index.php\/2021\/08\/13\/semper-se-pridruzio-badelju\/","url":"https:\/\/radioljubuski.ba\/index.php\/2021\/08\/13\/semper-se-pridruzio-badelju\/","name":"\u0160emper se pridru\u017eio Badelju - RADIO LJUBU\u0160KI","isPartOf":{"@id":"https:\/\/radioljubuski.ba\/#website"},"primaryImageOfPage":{"@id":"https:\/\/radioljubuski.ba\/index.php\/2021\/08\/13\/semper-se-pridruzio-badelju\/#primaryimage"},"image":{"@id":"https:\/\/radioljubuski.ba\/index.php\/2021\/08\/13\/semper-se-pridruzio-badelju\/#primaryimage"},"thumbnailUrl":"https:\/\/radioljubuski.ba\/wp-content\/uploads\/2021\/08\/pxl-250321-32293357-20210813144537.jpg","datePublished":"2021-08-13T22:48:34+00:00","dateModified":"2021-08-13T22:48:36+00:00","breadcrumb":{"@id":"https:\/\/radioljubuski.ba\/index.php\/2021\/08\/13\/semper-se-pridruzio-badelju\/#breadcrumb"},"inLanguage":"hr","potentialAction":[{"@type":"ReadAction","target":["https:\/\/radioljubuski.ba\/index.php\/2021\/08\/13\/semper-se-pridruzio-badelju\/"]}]},{"@type":"ImageObject","inLanguage":"hr","@id":"https:\/\/radioljubuski.ba\/index.php\/2021\/08\/13\/semper-se-pridruzio-badelju\/#primaryimage","url":"https:\/\/radioljubuski.ba\/wp-content\/uploads\/2021\/08\/pxl-250321-32293357-20210813144537.jpg","contentUrl":"https:\/\/radioljubuski.ba\/wp-content\/uploads\/2021\/08\/pxl-250321-32293357-20210813144537.jpg","width":1600,"height":1062,"caption":"25.03.2021., stadion Bonifika, Koper, Slovenija - UEFA Europsko U21 prvenstvo, skupina D, Portugal - Hrvatska. Photo: Luka Stanzl\/PIXSELL"},{"@type":"BreadcrumbList","@id":"https:\/\/radioljubuski.ba\/index.php\/2021\/08\/13\/semper-se-pridruzio-badelju\/#breadcrumb","itemListElement":[{"@type":"ListItem","position":1,"name":"Po\u010detna stranica","item":"https:\/\/radioljubuski.ba\/"},{"@type":"ListItem","position":2,"name":"\u0160emper se pridru\u017eio Badelju"}]},{"@type":"WebSite","@id":"https:\/\/radioljubuski.ba\/#website","url":"https:\/\/radioljubuski.ba\/","name":"Radio Ljubu\u0161ki","description":"Sun\u010dana frekvencija Hercegovine","publisher":{"@id":"https:\/\/radioljubuski.ba\/#organization"},"potentialAction":[{"@type":"SearchAction","target":{"@type":"EntryPoint","urlTemplate":"https:\/\/radioljubuski.ba\/?s={search_term_string}"},"query-input":{"@type":"PropertyValueSpecification","valueRequired":true,"valueName":"search_term_string"}}],"inLanguage":"hr"},{"@type":"Organization","@id":"https:\/\/radioljubuski.ba\/#organization","name":"Radio Ljubu\u0161ki","url":"https:\/\/radioljubuski.ba\/","logo":{"@type":"ImageObject","inLanguage":"hr","@id":"https:\/\/radioljubuski.ba\/#\/schema\/logo\/image\/","url":"https:\/\/radioljubuski.ba\/wp-content\/uploads\/2021\/02\/cropped-Radio_Ljubuski_logo1.jpg","contentUrl":"https:\/\/radioljubuski.ba\/wp-content\/uploads\/2021\/02\/cropped-Radio_Ljubuski_logo1.jpg","width":512,"height":512,"caption":"Radio Ljubu\u0161ki"},"image":{"@id":"https:\/\/radioljubuski.ba\/#\/schema\/logo\/image\/"},"sameAs":["https:\/\/www.facebook.com\/Radiio-Ljubuski-1490835324566332","https:\/\/x.com\/radioljubuski","https:\/\/hr.linkedin.com\/company\/radio-ljubuski","https:\/\/www.youtube.com\/channel\/UCHYaeO_n0Db3tjNGudGpXyw"]},{"@type":"Person","@id":"https:\/\/radioljubuski.ba\/#\/schema\/person\/19fc700381a780f69665d7956c469e3b","name":"Radio Ljubu\u0161ki"}]}},"_links":{"self":[{"href":"https:\/\/radioljubuski.ba\/index.php\/wp-json\/wp\/v2\/posts\/53176","targetHints":{"allow":["GET"]}}],"collection":[{"href":"https:\/\/radioljubuski.ba\/index.php\/wp-json\/wp\/v2\/posts"}],"about":[{"href":"https:\/\/radioljubuski.ba\/index.php\/wp-json\/wp\/v2\/types\/post"}],"author":[{"embeddable":true,"href":"https:\/\/radioljubuski.ba\/index.php\/wp-json\/wp\/v2\/users\/2"}],"replies":[{"embeddable":true,"href":"https:\/\/radioljubuski.ba\/index.php\/wp-json\/wp\/v2\/comments?post=53176"}],"version-history":[{"count":1,"href":"https:\/\/radioljubuski.ba\/index.php\/wp-json\/wp\/v2\/posts\/53176\/revisions"}],"predecessor-version":[{"id":53178,"href":"https:\/\/radioljubuski.ba\/index.php\/wp-json\/wp\/v2\/posts\/53176\/revisions\/53178"}],"wp:featuredmedia":[{"embeddable":true,"href":"https:\/\/radioljubuski.ba\/index.php\/wp-json\/wp\/v2\/media\/53177"}],"wp:attachment":[{"href":"https:\/\/radioljubuski.ba\/index.php\/wp-json\/wp\/v2\/media?parent=53176"}],"wp:term":[{"taxonomy":"category","embeddable":true,"href":"https:\/\/radioljubuski.ba\/index.php\/wp-json\/wp\/v2\/categories?post=53176"},{"taxonomy":"post_tag","embeddable":true,"href":"https:\/\/radioljubuski.ba\/index.php\/wp-json\/wp\/v2\/tags?post=53176"}],"curies":[{"name":"wp","href":"https:\/\/api.w.org\/{rel}","templated":true}]}}