{"id":53179,"date":"2021-08-13T23:49:42","date_gmt":"2021-08-13T22:49:42","guid":{"rendered":"https:\/\/radioljubuski.ba\/?p=53179"},"modified":"2021-08-13T23:49:43","modified_gmt":"2021-08-13T22:49:43","slug":"ancelotti-odusevljen-modricevim-entuzijazmom","status":"publish","type":"post","link":"https:\/\/radioljubuski.ba\/index.php\/2021\/08\/13\/ancelotti-odusevljen-modricevim-entuzijazmom\/","title":{"rendered":"Ancelotti odu\u0161evljen Modri\u0107evim entuzijazmom"},"content":{"rendered":"\n<p><strong>Povratnik na klupu Real Madrida, Carlo Ancelotti, rekao je u petak tijekom konferencije za medije kako je uo\u010dio veliki entuzijazam kod najstarijeg igra\u010da u mom\u010dadi Luke Modri\u0107a, koji bi trebao istr\u010dati u subotu u udarnoj postavi protiv Deportivo Alavesa.<\/strong><\/p>\n\n\n\n<p>&#8211; Luka Modri\u0107 je do\u0161ao s velikim entuzijazmom. Veliko je zadovoljstvo vidjeti s kakvom su \u017eeljom ovi stariji igra\u010di trenirali na pripremama, izjavio je Ancelotti u Madridu uo\u010di po\u010detka \u0161panjolskog prvenstva.<\/p>\n\n\n\n<p>Real Madrid u svibnju je produljio ugovor s 35-godi\u0161njim Modri\u0107em na dodatnih godinu dana, do 30. lipnja 2022. U srpnju je zatim za trenera doveo Ancelottija koji je ve\u0107 bio na klupi Real Madrida od 2013. do 2015.<\/p>\n\n\n\n<p>&#8211; Pro\u0161le sezone mom\u010dad je imala problema s postizanjem golova. Zabijao je uglavnom&nbsp;<strong>Karim Benzema<\/strong>, dok su drugi trebali vi\u0161e pridonijeti. Zato sada gledamo kako se kolektivno ofenzivnije postaviti na terenu, uklju\u010duju\u0107i i vezne igra\u010de, izjavio je Ancelotti ne otkriv\u0161i ho\u0107e li promijeniti klasi\u010dnu formaciju 4-3-3 u kojoj je ta mom\u010dad godinama igrala.<\/p>\n\n\n\n<p>Modri\u0107, iza kojega je 391 utakmica u bijelom dresu, za mjesec dana napunit \u0107e 36 godina. U mom\u010dadi nije bilo takvog &#8220;veterana&#8221; od 2011. godine kada je s napunjenih 38 godina me\u0111u vratnicama bio poljski vratar&nbsp;<strong>Jerzy Dudek<\/strong>. No, on je te sezone samo dva puta nastupio.<\/p>\n\n\n\n<p>Hrvatska &#8220;desetka&#8221; bi, me\u0111utim, kao i dosad trebala dirigirati sredinom terena, \u0161to je pokazala pripremna utakmica s Milanom (0-0) odigrana prije pet dana.<\/p>\n\n\n\n<p>Real Madrid, koji je ovo ljeto doveo samo stopera&nbsp;<strong>Davida Alabu<\/strong>&nbsp;i to besplatno iz Bayerna, mogao bi se jo\u0161 poja\u010dati do isteka prijelaznog roka 31. kolovoza.<\/p>\n\n\n\n<p>&#8211; Ne mogu vam potvrditi da do kraja ne\u0107emo ne\u0161to napraviti, napomenuo je Ancelotti od kojeg se o\u010dekuju trofeji nakon &#8220;su\u0161ne&#8221; pro\u0161le sezone pod vodstvom trenera Zinedinea Zidanea.<\/p>\n\n\n\n<p>Odgovaraju\u0107i na pitanja novinara, Ancelotti je uporno odbijao re\u0107i razmi\u0161ljaju li u klubu o dovo\u0111enju&nbsp;<strong>Kyliana Mbapp\u00e9a<\/strong>. \u0160panjolska radijska postaja Cadena SER izvijestila je u \u010detvrtak da na Santiago Bernabeuu pripremaju ponudu od 120 milijuna eura.<\/p>\n\n\n\n<p>&#8211; S predsjednikom (<strong>Florentinom Perezom<\/strong>) razgovaram svaki dan o svemu, izjavio je Ancelotti, koji poznaje i predsjednika PSG-a jer je u Parizu bio trener od sije\u010dnja 2012. do lipnja 2013.<\/p>\n\n\n\n<p>Rekao je da ga je iznenadio odlazak&nbsp;<strong>Lionela Messija<\/strong>&nbsp;na Park prin\u010deva, jer je &#8220;Messi bio simbol Barcelone&#8221;. U PSG je oti\u0161ao i dosada\u0161nji Realov kapetan<strong>&nbsp;Sergio Ramos<\/strong>&nbsp;nakon \u0161to mu je istekao ugovor u Madridu.<\/p>\n\n\n\n<p>&#8211; Mislim da se mi mo\u017eemo nositi s takvim klubovima, napomenuo je Ancelotti misle\u0107i na PSG i Manchester City s velikim izvorom novca.<\/p>\n\n\n\n<p>&#8211; Na meni je sada da od ovih igra\u010da ovdje izvu\u010dem kvalitetu. Jako sam zadovoljan onime \u0161to sam vidio tijekom ovih treninga dosad, zaklju\u010dio je.<\/p>\n\n\n\n<p>Izvor:hrt.hr<\/p>\n","protected":false},"excerpt":{"rendered":"<p>Povratnik na klupu Real Madrida, Carlo Ancelotti, rekao je u petak tijekom konferencije za medije kako je uo\u010dio veliki entuzijazam kod najstarijeg igra\u010da u mom\u010dadi Luke Modri\u0107a, koji bi trebao istr\u010dati u subotu u udarnoj postavi protiv Deportivo Alavesa. &#8211; Luka Modri\u0107 je do\u0161ao s velikim entuzijazmom. Veliko je zadovoljstvo vidjeti s kakvom su \u017eeljom [&hellip;]<\/p>\n","protected":false},"author":2,"featured_media":53180,"comment_status":"closed","ping_status":"closed","sticky":false,"template":"","format":"standard","meta":{"h5ap_radio_sources":[],"footnotes":""},"categories":[7],"tags":[],"class_list":["post-53179","post","type-post","status-publish","format-standard","has-post-thumbnail","hentry","category-sport"],"yoast_head":"<!-- This site is optimized with the Yoast SEO plugin v27.4 - https:\/\/yoast.com\/product\/yoast-seo-wordpress\/ -->\n<title>Ancelotti odu\u0161evljen Modri\u0107evim entuzijazmom - RADIO LJUBU\u0160KI<\/title>\n<meta name=\"robots\" content=\"index, follow, max-snippet:-1, max-image-preview:large, max-video-preview:-1\" \/>\n<link rel=\"canonical\" href=\"https:\/\/radioljubuski.ba\/index.php\/2021\/08\/13\/ancelotti-odusevljen-modricevim-entuzijazmom\/\" \/>\n<meta property=\"og:locale\" content=\"hr_HR\" \/>\n<meta property=\"og:type\" content=\"article\" \/>\n<meta property=\"og:title\" content=\"Ancelotti odu\u0161evljen Modri\u0107evim entuzijazmom - RADIO LJUBU\u0160KI\" \/>\n<meta property=\"og:description\" content=\"Povratnik na klupu Real Madrida, Carlo Ancelotti, rekao je u petak tijekom konferencije za medije kako je uo\u010dio veliki entuzijazam kod najstarijeg igra\u010da u mom\u010dadi Luke Modri\u0107a, koji bi trebao istr\u010dati u subotu u udarnoj postavi protiv Deportivo Alavesa. &#8211; Luka Modri\u0107 je do\u0161ao s velikim entuzijazmom. Veliko je zadovoljstvo vidjeti s kakvom su \u017eeljom [&hellip;]\" \/>\n<meta property=\"og:url\" content=\"https:\/\/radioljubuski.ba\/index.php\/2021\/08\/13\/ancelotti-odusevljen-modricevim-entuzijazmom\/\" \/>\n<meta property=\"og:site_name\" content=\"RADIO LJUBU\u0160KI\" \/>\n<meta property=\"article:publisher\" content=\"https:\/\/www.facebook.com\/Radiio-Ljubuski-1490835324566332\" \/>\n<meta property=\"article:published_time\" content=\"2021-08-13T22:49:42+00:00\" \/>\n<meta property=\"article:modified_time\" content=\"2021-08-13T22:49:43+00:00\" \/>\n<meta property=\"og:image\" content=\"https:\/\/radioljubuski.ba\/wp-content\/uploads\/2021\/08\/pxl-pa-090821-34158102-20210813163652.jpg\" \/>\n\t<meta property=\"og:image:width\" content=\"1500\" \/>\n\t<meta property=\"og:image:height\" content=\"1000\" \/>\n\t<meta property=\"og:image:type\" content=\"image\/jpeg\" \/>\n<meta name=\"author\" content=\"Radio Ljubu\u0161ki\" \/>\n<meta name=\"twitter:card\" content=\"summary_large_image\" \/>\n<meta name=\"twitter:creator\" content=\"@radioljubuski\" \/>\n<meta name=\"twitter:site\" content=\"@radioljubuski\" \/>\n<meta name=\"twitter:label1\" content=\"Napisao\/la\" \/>\n\t<meta name=\"twitter:data1\" content=\"Radio Ljubu\u0161ki\" \/>\n\t<meta name=\"twitter:label2\" content=\"Procijenjeno vrijeme \u010ditanja\" \/>\n\t<meta name=\"twitter:data2\" content=\"2 minute\" \/>\n<script type=\"application\/ld+json\" class=\"yoast-schema-graph\">{\"@context\":\"https:\\\/\\\/schema.org\",\"@graph\":[{\"@type\":\"Article\",\"@id\":\"https:\\\/\\\/radioljubuski.ba\\\/index.php\\\/2021\\\/08\\\/13\\\/ancelotti-odusevljen-modricevim-entuzijazmom\\\/#article\",\"isPartOf\":{\"@id\":\"https:\\\/\\\/radioljubuski.ba\\\/index.php\\\/2021\\\/08\\\/13\\\/ancelotti-odusevljen-modricevim-entuzijazmom\\\/\"},\"author\":{\"name\":\"Radio Ljubu\u0161ki\",\"@id\":\"https:\\\/\\\/radioljubuski.ba\\\/#\\\/schema\\\/person\\\/19fc700381a780f69665d7956c469e3b\"},\"headline\":\"Ancelotti odu\u0161evljen Modri\u0107evim entuzijazmom\",\"datePublished\":\"2021-08-13T22:49:42+00:00\",\"dateModified\":\"2021-08-13T22:49:43+00:00\",\"mainEntityOfPage\":{\"@id\":\"https:\\\/\\\/radioljubuski.ba\\\/index.php\\\/2021\\\/08\\\/13\\\/ancelotti-odusevljen-modricevim-entuzijazmom\\\/\"},\"wordCount\":487,\"publisher\":{\"@id\":\"https:\\\/\\\/radioljubuski.ba\\\/#organization\"},\"image\":{\"@id\":\"https:\\\/\\\/radioljubuski.ba\\\/index.php\\\/2021\\\/08\\\/13\\\/ancelotti-odusevljen-modricevim-entuzijazmom\\\/#primaryimage\"},\"thumbnailUrl\":\"https:\\\/\\\/radioljubuski.ba\\\/wp-content\\\/uploads\\\/2021\\\/08\\\/pxl-pa-090821-34158102-20210813163652.jpg\",\"articleSection\":[\"\u0160port\"],\"inLanguage\":\"hr\"},{\"@type\":\"WebPage\",\"@id\":\"https:\\\/\\\/radioljubuski.ba\\\/index.php\\\/2021\\\/08\\\/13\\\/ancelotti-odusevljen-modricevim-entuzijazmom\\\/\",\"url\":\"https:\\\/\\\/radioljubuski.ba\\\/index.php\\\/2021\\\/08\\\/13\\\/ancelotti-odusevljen-modricevim-entuzijazmom\\\/\",\"name\":\"Ancelotti odu\u0161evljen Modri\u0107evim entuzijazmom - RADIO LJUBU\u0160KI\",\"isPartOf\":{\"@id\":\"https:\\\/\\\/radioljubuski.ba\\\/#website\"},\"primaryImageOfPage\":{\"@id\":\"https:\\\/\\\/radioljubuski.ba\\\/index.php\\\/2021\\\/08\\\/13\\\/ancelotti-odusevljen-modricevim-entuzijazmom\\\/#primaryimage\"},\"image\":{\"@id\":\"https:\\\/\\\/radioljubuski.ba\\\/index.php\\\/2021\\\/08\\\/13\\\/ancelotti-odusevljen-modricevim-entuzijazmom\\\/#primaryimage\"},\"thumbnailUrl\":\"https:\\\/\\\/radioljubuski.ba\\\/wp-content\\\/uploads\\\/2021\\\/08\\\/pxl-pa-090821-34158102-20210813163652.jpg\",\"datePublished\":\"2021-08-13T22:49:42+00:00\",\"dateModified\":\"2021-08-13T22:49:43+00:00\",\"breadcrumb\":{\"@id\":\"https:\\\/\\\/radioljubuski.ba\\\/index.php\\\/2021\\\/08\\\/13\\\/ancelotti-odusevljen-modricevim-entuzijazmom\\\/#breadcrumb\"},\"inLanguage\":\"hr\",\"potentialAction\":[{\"@type\":\"ReadAction\",\"target\":[\"https:\\\/\\\/radioljubuski.ba\\\/index.php\\\/2021\\\/08\\\/13\\\/ancelotti-odusevljen-modricevim-entuzijazmom\\\/\"]}]},{\"@type\":\"ImageObject\",\"inLanguage\":\"hr\",\"@id\":\"https:\\\/\\\/radioljubuski.ba\\\/index.php\\\/2021\\\/08\\\/13\\\/ancelotti-odusevljen-modricevim-entuzijazmom\\\/#primaryimage\",\"url\":\"https:\\\/\\\/radioljubuski.ba\\\/wp-content\\\/uploads\\\/2021\\\/08\\\/pxl-pa-090821-34158102-20210813163652.jpg\",\"contentUrl\":\"https:\\\/\\\/radioljubuski.ba\\\/wp-content\\\/uploads\\\/2021\\\/08\\\/pxl-pa-090821-34158102-20210813163652.jpg\",\"width\":1500,\"height\":1000},{\"@type\":\"BreadcrumbList\",\"@id\":\"https:\\\/\\\/radioljubuski.ba\\\/index.php\\\/2021\\\/08\\\/13\\\/ancelotti-odusevljen-modricevim-entuzijazmom\\\/#breadcrumb\",\"itemListElement\":[{\"@type\":\"ListItem\",\"position\":1,\"name\":\"Po\u010detna stranica\",\"item\":\"https:\\\/\\\/radioljubuski.ba\\\/\"},{\"@type\":\"ListItem\",\"position\":2,\"name\":\"Ancelotti odu\u0161evljen Modri\u0107evim entuzijazmom\"}]},{\"@type\":\"WebSite\",\"@id\":\"https:\\\/\\\/radioljubuski.ba\\\/#website\",\"url\":\"https:\\\/\\\/radioljubuski.ba\\\/\",\"name\":\"Radio Ljubu\u0161ki\",\"description\":\"Sun\u010dana frekvencija Hercegovine\",\"publisher\":{\"@id\":\"https:\\\/\\\/radioljubuski.ba\\\/#organization\"},\"potentialAction\":[{\"@type\":\"SearchAction\",\"target\":{\"@type\":\"EntryPoint\",\"urlTemplate\":\"https:\\\/\\\/radioljubuski.ba\\\/?s={search_term_string}\"},\"query-input\":{\"@type\":\"PropertyValueSpecification\",\"valueRequired\":true,\"valueName\":\"search_term_string\"}}],\"inLanguage\":\"hr\"},{\"@type\":\"Organization\",\"@id\":\"https:\\\/\\\/radioljubuski.ba\\\/#organization\",\"name\":\"Radio Ljubu\u0161ki\",\"url\":\"https:\\\/\\\/radioljubuski.ba\\\/\",\"logo\":{\"@type\":\"ImageObject\",\"inLanguage\":\"hr\",\"@id\":\"https:\\\/\\\/radioljubuski.ba\\\/#\\\/schema\\\/logo\\\/image\\\/\",\"url\":\"https:\\\/\\\/radioljubuski.ba\\\/wp-content\\\/uploads\\\/2021\\\/02\\\/cropped-Radio_Ljubuski_logo1.jpg\",\"contentUrl\":\"https:\\\/\\\/radioljubuski.ba\\\/wp-content\\\/uploads\\\/2021\\\/02\\\/cropped-Radio_Ljubuski_logo1.jpg\",\"width\":512,\"height\":512,\"caption\":\"Radio Ljubu\u0161ki\"},\"image\":{\"@id\":\"https:\\\/\\\/radioljubuski.ba\\\/#\\\/schema\\\/logo\\\/image\\\/\"},\"sameAs\":[\"https:\\\/\\\/www.facebook.com\\\/Radiio-Ljubuski-1490835324566332\",\"https:\\\/\\\/x.com\\\/radioljubuski\",\"https:\\\/\\\/hr.linkedin.com\\\/company\\\/radio-ljubuski\",\"https:\\\/\\\/www.youtube.com\\\/channel\\\/UCHYaeO_n0Db3tjNGudGpXyw\"]},{\"@type\":\"Person\",\"@id\":\"https:\\\/\\\/radioljubuski.ba\\\/#\\\/schema\\\/person\\\/19fc700381a780f69665d7956c469e3b\",\"name\":\"Radio Ljubu\u0161ki\"}]}<\/script>\n<!-- \/ Yoast SEO plugin. -->","yoast_head_json":{"title":"Ancelotti odu\u0161evljen Modri\u0107evim entuzijazmom - RADIO LJUBU\u0160KI","robots":{"index":"index","follow":"follow","max-snippet":"max-snippet:-1","max-image-preview":"max-image-preview:large","max-video-preview":"max-video-preview:-1"},"canonical":"https:\/\/radioljubuski.ba\/index.php\/2021\/08\/13\/ancelotti-odusevljen-modricevim-entuzijazmom\/","og_locale":"hr_HR","og_type":"article","og_title":"Ancelotti odu\u0161evljen Modri\u0107evim entuzijazmom - RADIO LJUBU\u0160KI","og_description":"Povratnik na klupu Real Madrida, Carlo Ancelotti, rekao je u petak tijekom konferencije za medije kako je uo\u010dio veliki entuzijazam kod najstarijeg igra\u010da u mom\u010dadi Luke Modri\u0107a, koji bi trebao istr\u010dati u subotu u udarnoj postavi protiv Deportivo Alavesa. &#8211; Luka Modri\u0107 je do\u0161ao s velikim entuzijazmom. Veliko je zadovoljstvo vidjeti s kakvom su \u017eeljom [&hellip;]","og_url":"https:\/\/radioljubuski.ba\/index.php\/2021\/08\/13\/ancelotti-odusevljen-modricevim-entuzijazmom\/","og_site_name":"RADIO LJUBU\u0160KI","article_publisher":"https:\/\/www.facebook.com\/Radiio-Ljubuski-1490835324566332","article_published_time":"2021-08-13T22:49:42+00:00","article_modified_time":"2021-08-13T22:49:43+00:00","og_image":[{"width":1500,"height":1000,"url":"https:\/\/radioljubuski.ba\/wp-content\/uploads\/2021\/08\/pxl-pa-090821-34158102-20210813163652.jpg","type":"image\/jpeg"}],"author":"Radio Ljubu\u0161ki","twitter_card":"summary_large_image","twitter_creator":"@radioljubuski","twitter_site":"@radioljubuski","twitter_misc":{"Napisao\/la":"Radio Ljubu\u0161ki","Procijenjeno vrijeme \u010ditanja":"2 minute"},"schema":{"@context":"https:\/\/schema.org","@graph":[{"@type":"Article","@id":"https:\/\/radioljubuski.ba\/index.php\/2021\/08\/13\/ancelotti-odusevljen-modricevim-entuzijazmom\/#article","isPartOf":{"@id":"https:\/\/radioljubuski.ba\/index.php\/2021\/08\/13\/ancelotti-odusevljen-modricevim-entuzijazmom\/"},"author":{"name":"Radio Ljubu\u0161ki","@id":"https:\/\/radioljubuski.ba\/#\/schema\/person\/19fc700381a780f69665d7956c469e3b"},"headline":"Ancelotti odu\u0161evljen Modri\u0107evim entuzijazmom","datePublished":"2021-08-13T22:49:42+00:00","dateModified":"2021-08-13T22:49:43+00:00","mainEntityOfPage":{"@id":"https:\/\/radioljubuski.ba\/index.php\/2021\/08\/13\/ancelotti-odusevljen-modricevim-entuzijazmom\/"},"wordCount":487,"publisher":{"@id":"https:\/\/radioljubuski.ba\/#organization"},"image":{"@id":"https:\/\/radioljubuski.ba\/index.php\/2021\/08\/13\/ancelotti-odusevljen-modricevim-entuzijazmom\/#primaryimage"},"thumbnailUrl":"https:\/\/radioljubuski.ba\/wp-content\/uploads\/2021\/08\/pxl-pa-090821-34158102-20210813163652.jpg","articleSection":["\u0160port"],"inLanguage":"hr"},{"@type":"WebPage","@id":"https:\/\/radioljubuski.ba\/index.php\/2021\/08\/13\/ancelotti-odusevljen-modricevim-entuzijazmom\/","url":"https:\/\/radioljubuski.ba\/index.php\/2021\/08\/13\/ancelotti-odusevljen-modricevim-entuzijazmom\/","name":"Ancelotti odu\u0161evljen Modri\u0107evim entuzijazmom - RADIO LJUBU\u0160KI","isPartOf":{"@id":"https:\/\/radioljubuski.ba\/#website"},"primaryImageOfPage":{"@id":"https:\/\/radioljubuski.ba\/index.php\/2021\/08\/13\/ancelotti-odusevljen-modricevim-entuzijazmom\/#primaryimage"},"image":{"@id":"https:\/\/radioljubuski.ba\/index.php\/2021\/08\/13\/ancelotti-odusevljen-modricevim-entuzijazmom\/#primaryimage"},"thumbnailUrl":"https:\/\/radioljubuski.ba\/wp-content\/uploads\/2021\/08\/pxl-pa-090821-34158102-20210813163652.jpg","datePublished":"2021-08-13T22:49:42+00:00","dateModified":"2021-08-13T22:49:43+00:00","breadcrumb":{"@id":"https:\/\/radioljubuski.ba\/index.php\/2021\/08\/13\/ancelotti-odusevljen-modricevim-entuzijazmom\/#breadcrumb"},"inLanguage":"hr","potentialAction":[{"@type":"ReadAction","target":["https:\/\/radioljubuski.ba\/index.php\/2021\/08\/13\/ancelotti-odusevljen-modricevim-entuzijazmom\/"]}]},{"@type":"ImageObject","inLanguage":"hr","@id":"https:\/\/radioljubuski.ba\/index.php\/2021\/08\/13\/ancelotti-odusevljen-modricevim-entuzijazmom\/#primaryimage","url":"https:\/\/radioljubuski.ba\/wp-content\/uploads\/2021\/08\/pxl-pa-090821-34158102-20210813163652.jpg","contentUrl":"https:\/\/radioljubuski.ba\/wp-content\/uploads\/2021\/08\/pxl-pa-090821-34158102-20210813163652.jpg","width":1500,"height":1000},{"@type":"BreadcrumbList","@id":"https:\/\/radioljubuski.ba\/index.php\/2021\/08\/13\/ancelotti-odusevljen-modricevim-entuzijazmom\/#breadcrumb","itemListElement":[{"@type":"ListItem","position":1,"name":"Po\u010detna stranica","item":"https:\/\/radioljubuski.ba\/"},{"@type":"ListItem","position":2,"name":"Ancelotti odu\u0161evljen Modri\u0107evim entuzijazmom"}]},{"@type":"WebSite","@id":"https:\/\/radioljubuski.ba\/#website","url":"https:\/\/radioljubuski.ba\/","name":"Radio Ljubu\u0161ki","description":"Sun\u010dana frekvencija Hercegovine","publisher":{"@id":"https:\/\/radioljubuski.ba\/#organization"},"potentialAction":[{"@type":"SearchAction","target":{"@type":"EntryPoint","urlTemplate":"https:\/\/radioljubuski.ba\/?s={search_term_string}"},"query-input":{"@type":"PropertyValueSpecification","valueRequired":true,"valueName":"search_term_string"}}],"inLanguage":"hr"},{"@type":"Organization","@id":"https:\/\/radioljubuski.ba\/#organization","name":"Radio Ljubu\u0161ki","url":"https:\/\/radioljubuski.ba\/","logo":{"@type":"ImageObject","inLanguage":"hr","@id":"https:\/\/radioljubuski.ba\/#\/schema\/logo\/image\/","url":"https:\/\/radioljubuski.ba\/wp-content\/uploads\/2021\/02\/cropped-Radio_Ljubuski_logo1.jpg","contentUrl":"https:\/\/radioljubuski.ba\/wp-content\/uploads\/2021\/02\/cropped-Radio_Ljubuski_logo1.jpg","width":512,"height":512,"caption":"Radio Ljubu\u0161ki"},"image":{"@id":"https:\/\/radioljubuski.ba\/#\/schema\/logo\/image\/"},"sameAs":["https:\/\/www.facebook.com\/Radiio-Ljubuski-1490835324566332","https:\/\/x.com\/radioljubuski","https:\/\/hr.linkedin.com\/company\/radio-ljubuski","https:\/\/www.youtube.com\/channel\/UCHYaeO_n0Db3tjNGudGpXyw"]},{"@type":"Person","@id":"https:\/\/radioljubuski.ba\/#\/schema\/person\/19fc700381a780f69665d7956c469e3b","name":"Radio Ljubu\u0161ki"}]}},"_links":{"self":[{"href":"https:\/\/radioljubuski.ba\/index.php\/wp-json\/wp\/v2\/posts\/53179","targetHints":{"allow":["GET"]}}],"collection":[{"href":"https:\/\/radioljubuski.ba\/index.php\/wp-json\/wp\/v2\/posts"}],"about":[{"href":"https:\/\/radioljubuski.ba\/index.php\/wp-json\/wp\/v2\/types\/post"}],"author":[{"embeddable":true,"href":"https:\/\/radioljubuski.ba\/index.php\/wp-json\/wp\/v2\/users\/2"}],"replies":[{"embeddable":true,"href":"https:\/\/radioljubuski.ba\/index.php\/wp-json\/wp\/v2\/comments?post=53179"}],"version-history":[{"count":1,"href":"https:\/\/radioljubuski.ba\/index.php\/wp-json\/wp\/v2\/posts\/53179\/revisions"}],"predecessor-version":[{"id":53181,"href":"https:\/\/radioljubuski.ba\/index.php\/wp-json\/wp\/v2\/posts\/53179\/revisions\/53181"}],"wp:featuredmedia":[{"embeddable":true,"href":"https:\/\/radioljubuski.ba\/index.php\/wp-json\/wp\/v2\/media\/53180"}],"wp:attachment":[{"href":"https:\/\/radioljubuski.ba\/index.php\/wp-json\/wp\/v2\/media?parent=53179"}],"wp:term":[{"taxonomy":"category","embeddable":true,"href":"https:\/\/radioljubuski.ba\/index.php\/wp-json\/wp\/v2\/categories?post=53179"},{"taxonomy":"post_tag","embeddable":true,"href":"https:\/\/radioljubuski.ba\/index.php\/wp-json\/wp\/v2\/tags?post=53179"}],"curies":[{"name":"wp","href":"https:\/\/api.w.org\/{rel}","templated":true}]}}