{"id":53200,"date":"2021-08-14T00:02:35","date_gmt":"2021-08-13T23:02:35","guid":{"rendered":"https:\/\/radioljubuski.ba\/?p=53200"},"modified":"2021-08-14T00:02:36","modified_gmt":"2021-08-13T23:02:36","slug":"slovenski-reprezentativac-pojacao-rijeku","status":"publish","type":"post","link":"https:\/\/radioljubuski.ba\/index.php\/2021\/08\/14\/slovenski-reprezentativac-pojacao-rijeku\/","title":{"rendered":"Slovenski reprezentativac poja\u010dao Rijeku"},"content":{"rendered":"\n<p><strong>Slovenski nogometni reprezentativac, 28-godi\u0161nji napada\u010d Haris Vu\u010dki\u0107, u petak je postao novim igra\u010dem Rijeke, u koju je stigao na posudbu iz Reala Zaragoze do kraja ove sezone.<\/strong><\/p>\n\n\n\n<p>Vu\u010dki\u0107 je u Rijeku stigao u \u010detvrtak poslijepodne, pogledao uvjerljivu pobjedu novih suigra\u010da (4-1) u uzvratu protiv \u0161kotskog Hiberniana, a u petak je nakon lije\u010dni\u010dkog pregleda potpisao ugovor.<\/p>\n\n\n\n<p>&#8211; Prvi dojmovi su super. Utakmica je bila odli\u010dna, Rijeka je pro\u0161la dalje. Super igra, super pogoci i super atmosfera, prokomentirao je Vu\u010dki\u0107 ono \u0161to je vidio u dvoboju sa \u0160kotima.<\/p>\n\n\n\n<p>Ovaj je 186 cm visoki napada\u010d, koji preferira ulogu polu\u0161pice, najve\u0107i dio karijere proveo u Velikoj Britaniji, gdje je igrao za engleske klubove u raznim ligama (Newcastle United, Wigan Athletic, Rotherham United, Bradford City), a jednu je polusezonu proveo i u \u0161kotskom Rangersu. Tri je sezone nastupao za nizozemski Twente, a od kolovoza pro\u0161le godine je pod ugovorom sa \u0161panjolskim drugoliga\u0161em Real Zaragozom, gdje nije dobio pravi priliku.<\/p>\n\n\n\n<div style=\"width: 640px;\" class=\"wp-video\"><video class=\"wp-video-shortcode\" id=\"video-53200-1\" width=\"640\" height=\"360\" preload=\"metadata\" controls=\"controls\"><source type=\"video\/mp4\" src=\"https:\/\/api.hrt.hr\/media\/58\/4e\/haris-vuki-pojaao-rijeku-61168a6442a692353ebb9ad4-aug-13-2021-15-42-52-20210813164109.mp4?_=1\" \/><a href=\"https:\/\/api.hrt.hr\/media\/58\/4e\/haris-vuki-pojaao-rijeku-61168a6442a692353ebb9ad4-aug-13-2021-15-42-52-20210813164109.mp4\">https:\/\/api.hrt.hr\/media\/58\/4e\/haris-vuki-pojaao-rijeku-61168a6442a692353ebb9ad4-aug-13-2021-15-42-52-20210813164109.mp4<\/a><\/video><\/div>\n\n\n\n<p>&#8211; Kada je stigla ponuda Rijeke sve sam izvagao, bilo je tu jako puno pozitivnih stvari. Dobar klub, odli\u010dna organizacija, jako dobra liga. Sve \u0161to sam vidio u Rijeci je odli\u010dno, rekao je Vu\u010dki\u0107 u razgovoru za slu\u017ebeni internetski portal HNK Rijeke.<\/p>\n\n\n\n<p>Vu\u010dki\u0107 je ostvario deset nastupa u slovenskoj reprezentaciji za koju je postigao pet pogodaka, a na\u0161ao se na popisu biv\u0161eg trenera Rijeke&nbsp;<strong>Matja\u017ea Keka<\/strong>&nbsp;i za sljede\u0107e kvalifikacijske utakmice za Svjetsko prvenstvo, me\u0111u kojima je i dvoboj protiv Hrvatske na splitskom Poljudu, 7. rujna.&nbsp;&nbsp;<\/p>\n\n\n\n<p>Izvor:hrt.hr<\/p>\n","protected":false},"excerpt":{"rendered":"<p>Slovenski nogometni reprezentativac, 28-godi\u0161nji napada\u010d Haris Vu\u010dki\u0107, u petak je postao novim igra\u010dem Rijeke, u koju je stigao na posudbu iz Reala Zaragoze do kraja ove sezone. Vu\u010dki\u0107 je u Rijeku stigao u \u010detvrtak poslijepodne, pogledao uvjerljivu pobjedu novih suigra\u010da (4-1) u uzvratu protiv \u0161kotskog Hiberniana, a u petak je nakon lije\u010dni\u010dkog pregleda potpisao ugovor. [&hellip;]<\/p>\n","protected":false},"author":2,"featured_media":53201,"comment_status":"closed","ping_status":"closed","sticky":false,"template":"","format":"standard","meta":{"h5ap_radio_sources":[],"footnotes":""},"categories":[7],"tags":[],"class_list":["post-53200","post","type-post","status-publish","format-standard","has-post-thumbnail","hentry","category-sport"],"yoast_head":"<!-- This site is optimized with the Yoast SEO plugin v27.4 - https:\/\/yoast.com\/product\/yoast-seo-wordpress\/ -->\n<title>Slovenski reprezentativac poja\u010dao Rijeku - RADIO LJUBU\u0160KI<\/title>\n<meta name=\"robots\" content=\"index, follow, max-snippet:-1, max-image-preview:large, max-video-preview:-1\" \/>\n<link rel=\"canonical\" href=\"https:\/\/radioljubuski.ba\/index.php\/2021\/08\/14\/slovenski-reprezentativac-pojacao-rijeku\/\" \/>\n<meta property=\"og:locale\" content=\"hr_HR\" \/>\n<meta property=\"og:type\" content=\"article\" \/>\n<meta property=\"og:title\" content=\"Slovenski reprezentativac poja\u010dao Rijeku - RADIO LJUBU\u0160KI\" \/>\n<meta property=\"og:description\" content=\"Slovenski nogometni reprezentativac, 28-godi\u0161nji napada\u010d Haris Vu\u010dki\u0107, u petak je postao novim igra\u010dem Rijeke, u koju je stigao na posudbu iz Reala Zaragoze do kraja ove sezone. Vu\u010dki\u0107 je u Rijeku stigao u \u010detvrtak poslijepodne, pogledao uvjerljivu pobjedu novih suigra\u010da (4-1) u uzvratu protiv \u0161kotskog Hiberniana, a u petak je nakon lije\u010dni\u010dkog pregleda potpisao ugovor. [&hellip;]\" \/>\n<meta property=\"og:url\" content=\"https:\/\/radioljubuski.ba\/index.php\/2021\/08\/14\/slovenski-reprezentativac-pojacao-rijeku\/\" \/>\n<meta property=\"og:site_name\" content=\"RADIO LJUBU\u0160KI\" \/>\n<meta property=\"article:publisher\" content=\"https:\/\/www.facebook.com\/Radiio-Ljubuski-1490835324566332\" \/>\n<meta property=\"article:published_time\" content=\"2021-08-13T23:02:35+00:00\" \/>\n<meta property=\"article:modified_time\" content=\"2021-08-13T23:02:36+00:00\" \/>\n<meta property=\"og:image\" content=\"https:\/\/radioljubuski.ba\/wp-content\/uploads\/2021\/08\/haris-vuckic-rijeka.jpg\" \/>\n\t<meta property=\"og:image:width\" content=\"1600\" \/>\n\t<meta property=\"og:image:height\" content=\"899\" \/>\n\t<meta property=\"og:image:type\" content=\"image\/jpeg\" \/>\n<meta name=\"author\" content=\"Radio Ljubu\u0161ki\" \/>\n<meta name=\"twitter:card\" content=\"summary_large_image\" \/>\n<meta name=\"twitter:creator\" content=\"@radioljubuski\" \/>\n<meta name=\"twitter:site\" content=\"@radioljubuski\" \/>\n<meta name=\"twitter:label1\" content=\"Napisao\/la\" \/>\n\t<meta name=\"twitter:data1\" content=\"Radio Ljubu\u0161ki\" \/>\n\t<meta name=\"twitter:label2\" content=\"Procijenjeno vrijeme \u010ditanja\" \/>\n\t<meta name=\"twitter:data2\" content=\"2 minute\" \/>\n<script type=\"application\/ld+json\" class=\"yoast-schema-graph\">{\"@context\":\"https:\\\/\\\/schema.org\",\"@graph\":[{\"@type\":\"Article\",\"@id\":\"https:\\\/\\\/radioljubuski.ba\\\/index.php\\\/2021\\\/08\\\/14\\\/slovenski-reprezentativac-pojacao-rijeku\\\/#article\",\"isPartOf\":{\"@id\":\"https:\\\/\\\/radioljubuski.ba\\\/index.php\\\/2021\\\/08\\\/14\\\/slovenski-reprezentativac-pojacao-rijeku\\\/\"},\"author\":{\"name\":\"Radio Ljubu\u0161ki\",\"@id\":\"https:\\\/\\\/radioljubuski.ba\\\/#\\\/schema\\\/person\\\/19fc700381a780f69665d7956c469e3b\"},\"headline\":\"Slovenski reprezentativac poja\u010dao Rijeku\",\"datePublished\":\"2021-08-13T23:02:35+00:00\",\"dateModified\":\"2021-08-13T23:02:36+00:00\",\"mainEntityOfPage\":{\"@id\":\"https:\\\/\\\/radioljubuski.ba\\\/index.php\\\/2021\\\/08\\\/14\\\/slovenski-reprezentativac-pojacao-rijeku\\\/\"},\"wordCount\":292,\"publisher\":{\"@id\":\"https:\\\/\\\/radioljubuski.ba\\\/#organization\"},\"image\":{\"@id\":\"https:\\\/\\\/radioljubuski.ba\\\/index.php\\\/2021\\\/08\\\/14\\\/slovenski-reprezentativac-pojacao-rijeku\\\/#primaryimage\"},\"thumbnailUrl\":\"https:\\\/\\\/radioljubuski.ba\\\/wp-content\\\/uploads\\\/2021\\\/08\\\/haris-vuckic-rijeka.jpg\",\"articleSection\":[\"\u0160port\"],\"inLanguage\":\"hr\"},{\"@type\":\"WebPage\",\"@id\":\"https:\\\/\\\/radioljubuski.ba\\\/index.php\\\/2021\\\/08\\\/14\\\/slovenski-reprezentativac-pojacao-rijeku\\\/\",\"url\":\"https:\\\/\\\/radioljubuski.ba\\\/index.php\\\/2021\\\/08\\\/14\\\/slovenski-reprezentativac-pojacao-rijeku\\\/\",\"name\":\"Slovenski reprezentativac poja\u010dao Rijeku - RADIO LJUBU\u0160KI\",\"isPartOf\":{\"@id\":\"https:\\\/\\\/radioljubuski.ba\\\/#website\"},\"primaryImageOfPage\":{\"@id\":\"https:\\\/\\\/radioljubuski.ba\\\/index.php\\\/2021\\\/08\\\/14\\\/slovenski-reprezentativac-pojacao-rijeku\\\/#primaryimage\"},\"image\":{\"@id\":\"https:\\\/\\\/radioljubuski.ba\\\/index.php\\\/2021\\\/08\\\/14\\\/slovenski-reprezentativac-pojacao-rijeku\\\/#primaryimage\"},\"thumbnailUrl\":\"https:\\\/\\\/radioljubuski.ba\\\/wp-content\\\/uploads\\\/2021\\\/08\\\/haris-vuckic-rijeka.jpg\",\"datePublished\":\"2021-08-13T23:02:35+00:00\",\"dateModified\":\"2021-08-13T23:02:36+00:00\",\"breadcrumb\":{\"@id\":\"https:\\\/\\\/radioljubuski.ba\\\/index.php\\\/2021\\\/08\\\/14\\\/slovenski-reprezentativac-pojacao-rijeku\\\/#breadcrumb\"},\"inLanguage\":\"hr\",\"potentialAction\":[{\"@type\":\"ReadAction\",\"target\":[\"https:\\\/\\\/radioljubuski.ba\\\/index.php\\\/2021\\\/08\\\/14\\\/slovenski-reprezentativac-pojacao-rijeku\\\/\"]}]},{\"@type\":\"ImageObject\",\"inLanguage\":\"hr\",\"@id\":\"https:\\\/\\\/radioljubuski.ba\\\/index.php\\\/2021\\\/08\\\/14\\\/slovenski-reprezentativac-pojacao-rijeku\\\/#primaryimage\",\"url\":\"https:\\\/\\\/radioljubuski.ba\\\/wp-content\\\/uploads\\\/2021\\\/08\\\/haris-vuckic-rijeka.jpg\",\"contentUrl\":\"https:\\\/\\\/radioljubuski.ba\\\/wp-content\\\/uploads\\\/2021\\\/08\\\/haris-vuckic-rijeka.jpg\",\"width\":1600,\"height\":899},{\"@type\":\"BreadcrumbList\",\"@id\":\"https:\\\/\\\/radioljubuski.ba\\\/index.php\\\/2021\\\/08\\\/14\\\/slovenski-reprezentativac-pojacao-rijeku\\\/#breadcrumb\",\"itemListElement\":[{\"@type\":\"ListItem\",\"position\":1,\"name\":\"Po\u010detna stranica\",\"item\":\"https:\\\/\\\/radioljubuski.ba\\\/\"},{\"@type\":\"ListItem\",\"position\":2,\"name\":\"Slovenski reprezentativac poja\u010dao Rijeku\"}]},{\"@type\":\"WebSite\",\"@id\":\"https:\\\/\\\/radioljubuski.ba\\\/#website\",\"url\":\"https:\\\/\\\/radioljubuski.ba\\\/\",\"name\":\"Radio Ljubu\u0161ki\",\"description\":\"Sun\u010dana frekvencija Hercegovine\",\"publisher\":{\"@id\":\"https:\\\/\\\/radioljubuski.ba\\\/#organization\"},\"potentialAction\":[{\"@type\":\"SearchAction\",\"target\":{\"@type\":\"EntryPoint\",\"urlTemplate\":\"https:\\\/\\\/radioljubuski.ba\\\/?s={search_term_string}\"},\"query-input\":{\"@type\":\"PropertyValueSpecification\",\"valueRequired\":true,\"valueName\":\"search_term_string\"}}],\"inLanguage\":\"hr\"},{\"@type\":\"Organization\",\"@id\":\"https:\\\/\\\/radioljubuski.ba\\\/#organization\",\"name\":\"Radio Ljubu\u0161ki\",\"url\":\"https:\\\/\\\/radioljubuski.ba\\\/\",\"logo\":{\"@type\":\"ImageObject\",\"inLanguage\":\"hr\",\"@id\":\"https:\\\/\\\/radioljubuski.ba\\\/#\\\/schema\\\/logo\\\/image\\\/\",\"url\":\"https:\\\/\\\/radioljubuski.ba\\\/wp-content\\\/uploads\\\/2021\\\/02\\\/cropped-Radio_Ljubuski_logo1.jpg\",\"contentUrl\":\"https:\\\/\\\/radioljubuski.ba\\\/wp-content\\\/uploads\\\/2021\\\/02\\\/cropped-Radio_Ljubuski_logo1.jpg\",\"width\":512,\"height\":512,\"caption\":\"Radio Ljubu\u0161ki\"},\"image\":{\"@id\":\"https:\\\/\\\/radioljubuski.ba\\\/#\\\/schema\\\/logo\\\/image\\\/\"},\"sameAs\":[\"https:\\\/\\\/www.facebook.com\\\/Radiio-Ljubuski-1490835324566332\",\"https:\\\/\\\/x.com\\\/radioljubuski\",\"https:\\\/\\\/hr.linkedin.com\\\/company\\\/radio-ljubuski\",\"https:\\\/\\\/www.youtube.com\\\/channel\\\/UCHYaeO_n0Db3tjNGudGpXyw\"]},{\"@type\":\"Person\",\"@id\":\"https:\\\/\\\/radioljubuski.ba\\\/#\\\/schema\\\/person\\\/19fc700381a780f69665d7956c469e3b\",\"name\":\"Radio Ljubu\u0161ki\"}]}<\/script>\n<!-- \/ Yoast SEO plugin. -->","yoast_head_json":{"title":"Slovenski reprezentativac poja\u010dao Rijeku - RADIO LJUBU\u0160KI","robots":{"index":"index","follow":"follow","max-snippet":"max-snippet:-1","max-image-preview":"max-image-preview:large","max-video-preview":"max-video-preview:-1"},"canonical":"https:\/\/radioljubuski.ba\/index.php\/2021\/08\/14\/slovenski-reprezentativac-pojacao-rijeku\/","og_locale":"hr_HR","og_type":"article","og_title":"Slovenski reprezentativac poja\u010dao Rijeku - RADIO LJUBU\u0160KI","og_description":"Slovenski nogometni reprezentativac, 28-godi\u0161nji napada\u010d Haris Vu\u010dki\u0107, u petak je postao novim igra\u010dem Rijeke, u koju je stigao na posudbu iz Reala Zaragoze do kraja ove sezone. Vu\u010dki\u0107 je u Rijeku stigao u \u010detvrtak poslijepodne, pogledao uvjerljivu pobjedu novih suigra\u010da (4-1) u uzvratu protiv \u0161kotskog Hiberniana, a u petak je nakon lije\u010dni\u010dkog pregleda potpisao ugovor. [&hellip;]","og_url":"https:\/\/radioljubuski.ba\/index.php\/2021\/08\/14\/slovenski-reprezentativac-pojacao-rijeku\/","og_site_name":"RADIO LJUBU\u0160KI","article_publisher":"https:\/\/www.facebook.com\/Radiio-Ljubuski-1490835324566332","article_published_time":"2021-08-13T23:02:35+00:00","article_modified_time":"2021-08-13T23:02:36+00:00","og_image":[{"width":1600,"height":899,"url":"https:\/\/radioljubuski.ba\/wp-content\/uploads\/2021\/08\/haris-vuckic-rijeka.jpg","type":"image\/jpeg"}],"author":"Radio Ljubu\u0161ki","twitter_card":"summary_large_image","twitter_creator":"@radioljubuski","twitter_site":"@radioljubuski","twitter_misc":{"Napisao\/la":"Radio Ljubu\u0161ki","Procijenjeno vrijeme \u010ditanja":"2 minute"},"schema":{"@context":"https:\/\/schema.org","@graph":[{"@type":"Article","@id":"https:\/\/radioljubuski.ba\/index.php\/2021\/08\/14\/slovenski-reprezentativac-pojacao-rijeku\/#article","isPartOf":{"@id":"https:\/\/radioljubuski.ba\/index.php\/2021\/08\/14\/slovenski-reprezentativac-pojacao-rijeku\/"},"author":{"name":"Radio Ljubu\u0161ki","@id":"https:\/\/radioljubuski.ba\/#\/schema\/person\/19fc700381a780f69665d7956c469e3b"},"headline":"Slovenski reprezentativac poja\u010dao Rijeku","datePublished":"2021-08-13T23:02:35+00:00","dateModified":"2021-08-13T23:02:36+00:00","mainEntityOfPage":{"@id":"https:\/\/radioljubuski.ba\/index.php\/2021\/08\/14\/slovenski-reprezentativac-pojacao-rijeku\/"},"wordCount":292,"publisher":{"@id":"https:\/\/radioljubuski.ba\/#organization"},"image":{"@id":"https:\/\/radioljubuski.ba\/index.php\/2021\/08\/14\/slovenski-reprezentativac-pojacao-rijeku\/#primaryimage"},"thumbnailUrl":"https:\/\/radioljubuski.ba\/wp-content\/uploads\/2021\/08\/haris-vuckic-rijeka.jpg","articleSection":["\u0160port"],"inLanguage":"hr"},{"@type":"WebPage","@id":"https:\/\/radioljubuski.ba\/index.php\/2021\/08\/14\/slovenski-reprezentativac-pojacao-rijeku\/","url":"https:\/\/radioljubuski.ba\/index.php\/2021\/08\/14\/slovenski-reprezentativac-pojacao-rijeku\/","name":"Slovenski reprezentativac poja\u010dao Rijeku - RADIO LJUBU\u0160KI","isPartOf":{"@id":"https:\/\/radioljubuski.ba\/#website"},"primaryImageOfPage":{"@id":"https:\/\/radioljubuski.ba\/index.php\/2021\/08\/14\/slovenski-reprezentativac-pojacao-rijeku\/#primaryimage"},"image":{"@id":"https:\/\/radioljubuski.ba\/index.php\/2021\/08\/14\/slovenski-reprezentativac-pojacao-rijeku\/#primaryimage"},"thumbnailUrl":"https:\/\/radioljubuski.ba\/wp-content\/uploads\/2021\/08\/haris-vuckic-rijeka.jpg","datePublished":"2021-08-13T23:02:35+00:00","dateModified":"2021-08-13T23:02:36+00:00","breadcrumb":{"@id":"https:\/\/radioljubuski.ba\/index.php\/2021\/08\/14\/slovenski-reprezentativac-pojacao-rijeku\/#breadcrumb"},"inLanguage":"hr","potentialAction":[{"@type":"ReadAction","target":["https:\/\/radioljubuski.ba\/index.php\/2021\/08\/14\/slovenski-reprezentativac-pojacao-rijeku\/"]}]},{"@type":"ImageObject","inLanguage":"hr","@id":"https:\/\/radioljubuski.ba\/index.php\/2021\/08\/14\/slovenski-reprezentativac-pojacao-rijeku\/#primaryimage","url":"https:\/\/radioljubuski.ba\/wp-content\/uploads\/2021\/08\/haris-vuckic-rijeka.jpg","contentUrl":"https:\/\/radioljubuski.ba\/wp-content\/uploads\/2021\/08\/haris-vuckic-rijeka.jpg","width":1600,"height":899},{"@type":"BreadcrumbList","@id":"https:\/\/radioljubuski.ba\/index.php\/2021\/08\/14\/slovenski-reprezentativac-pojacao-rijeku\/#breadcrumb","itemListElement":[{"@type":"ListItem","position":1,"name":"Po\u010detna stranica","item":"https:\/\/radioljubuski.ba\/"},{"@type":"ListItem","position":2,"name":"Slovenski reprezentativac poja\u010dao Rijeku"}]},{"@type":"WebSite","@id":"https:\/\/radioljubuski.ba\/#website","url":"https:\/\/radioljubuski.ba\/","name":"Radio Ljubu\u0161ki","description":"Sun\u010dana frekvencija Hercegovine","publisher":{"@id":"https:\/\/radioljubuski.ba\/#organization"},"potentialAction":[{"@type":"SearchAction","target":{"@type":"EntryPoint","urlTemplate":"https:\/\/radioljubuski.ba\/?s={search_term_string}"},"query-input":{"@type":"PropertyValueSpecification","valueRequired":true,"valueName":"search_term_string"}}],"inLanguage":"hr"},{"@type":"Organization","@id":"https:\/\/radioljubuski.ba\/#organization","name":"Radio Ljubu\u0161ki","url":"https:\/\/radioljubuski.ba\/","logo":{"@type":"ImageObject","inLanguage":"hr","@id":"https:\/\/radioljubuski.ba\/#\/schema\/logo\/image\/","url":"https:\/\/radioljubuski.ba\/wp-content\/uploads\/2021\/02\/cropped-Radio_Ljubuski_logo1.jpg","contentUrl":"https:\/\/radioljubuski.ba\/wp-content\/uploads\/2021\/02\/cropped-Radio_Ljubuski_logo1.jpg","width":512,"height":512,"caption":"Radio Ljubu\u0161ki"},"image":{"@id":"https:\/\/radioljubuski.ba\/#\/schema\/logo\/image\/"},"sameAs":["https:\/\/www.facebook.com\/Radiio-Ljubuski-1490835324566332","https:\/\/x.com\/radioljubuski","https:\/\/hr.linkedin.com\/company\/radio-ljubuski","https:\/\/www.youtube.com\/channel\/UCHYaeO_n0Db3tjNGudGpXyw"]},{"@type":"Person","@id":"https:\/\/radioljubuski.ba\/#\/schema\/person\/19fc700381a780f69665d7956c469e3b","name":"Radio Ljubu\u0161ki"}]}},"_links":{"self":[{"href":"https:\/\/radioljubuski.ba\/index.php\/wp-json\/wp\/v2\/posts\/53200","targetHints":{"allow":["GET"]}}],"collection":[{"href":"https:\/\/radioljubuski.ba\/index.php\/wp-json\/wp\/v2\/posts"}],"about":[{"href":"https:\/\/radioljubuski.ba\/index.php\/wp-json\/wp\/v2\/types\/post"}],"author":[{"embeddable":true,"href":"https:\/\/radioljubuski.ba\/index.php\/wp-json\/wp\/v2\/users\/2"}],"replies":[{"embeddable":true,"href":"https:\/\/radioljubuski.ba\/index.php\/wp-json\/wp\/v2\/comments?post=53200"}],"version-history":[{"count":1,"href":"https:\/\/radioljubuski.ba\/index.php\/wp-json\/wp\/v2\/posts\/53200\/revisions"}],"predecessor-version":[{"id":53202,"href":"https:\/\/radioljubuski.ba\/index.php\/wp-json\/wp\/v2\/posts\/53200\/revisions\/53202"}],"wp:featuredmedia":[{"embeddable":true,"href":"https:\/\/radioljubuski.ba\/index.php\/wp-json\/wp\/v2\/media\/53201"}],"wp:attachment":[{"href":"https:\/\/radioljubuski.ba\/index.php\/wp-json\/wp\/v2\/media?parent=53200"}],"wp:term":[{"taxonomy":"category","embeddable":true,"href":"https:\/\/radioljubuski.ba\/index.php\/wp-json\/wp\/v2\/categories?post=53200"},{"taxonomy":"post_tag","embeddable":true,"href":"https:\/\/radioljubuski.ba\/index.php\/wp-json\/wp\/v2\/tags?post=53200"}],"curies":[{"name":"wp","href":"https:\/\/api.w.org\/{rel}","templated":true}]}}