{"id":53203,"date":"2021-08-14T00:04:17","date_gmt":"2021-08-13T23:04:17","guid":{"rendered":"https:\/\/radioljubuski.ba\/?p=53203"},"modified":"2021-08-14T00:04:18","modified_gmt":"2021-08-13T23:04:18","slug":"dinamo-pobijedio-goricu-presudio-autogol-gostiju","status":"publish","type":"post","link":"https:\/\/radioljubuski.ba\/index.php\/2021\/08\/14\/dinamo-pobijedio-goricu-presudio-autogol-gostiju\/","title":{"rendered":"Dinamo pobijedio Goricu, presudio autogol gostiju"},"content":{"rendered":"\n<p><strong>Nogometa\u0161i Dinama svladali su Goricu s 1-0 (1-0) u prvoj utakmici 5. kola HT Prve lige odigranoj u petak na Maksimiru.<\/strong><\/p>\n\n\n\n<p>Dinamo je do pobjedni\u010dkog pogotka do\u0161ao u 36. minuti, kad je uba\u010daj&nbsp;<strong>Moubandjea&nbsp;<\/strong>s lijevog boka poku\u0161ao blokirati&nbsp;<strong>Albi Doka<\/strong>, od kojeg se lopta \u010dudno odbila, u visokom luku preletjela vratara Gorice<strong>&nbsp;Ivana Bani\u0107a<\/strong>&nbsp;i zavr\u0161ila u mre\u017ei.<\/p>\n\n\n\n<p>Dinamo je pobjedom do\u0161ao do tre\u0107eg mjesta i sa sedam bodova se bodovno izjedna\u010dio s Rijekom, Hajdukom i Lokomotivom. Vode\u0107i Osijek ima 10 bodova iz \u010detiri utakmice. Nakon drugog uzastopnog poraza, Gorica je na \u0161estom mjestu sa \u0161est bodova.&nbsp;<\/p>\n\n\n\n<p><strong>Damir Krznar&nbsp;<\/strong>je protiv Gorice izveo kombiniranu postavu bez nekolicine igra\u010da koji su sudjelovali u pobjedi u Var\u0161avi, poput strijelca&nbsp;<strong>Bartola Franji\u0107a<\/strong>, asistenta&nbsp;<strong>Luke Ivanu\u0161eca<\/strong>, hrvatskih reprezentativaca&nbsp;<strong>Brune Petkovi\u0107a&nbsp;<\/strong>i&nbsp;<strong>Mislava Or\u0161i\u0107a<\/strong>.<\/p>\n\n\n\n<p>Unato\u010d tome, doma\u0107a mom\u010dad je o\u010dekivano imali veliku nadmo\u0107 u posjedu lopte, \u0161to je odgovaralo i Gorici, \u010diji se trener&nbsp;<strong>Krunoslav Renduli\u0107&nbsp;<\/strong>opredijelio za prijetnje iz kontranapada. Bilo ih je nekoliko, ali nije zavr\u0161ila \u010distom prilikom.<\/p>\n\n\n\n<p>Ni Dinamo nije bio pretjerano konkretan i precizan u zavr\u0161nici, ali je na vrlo sretan i pomalo bizaran na\u010din hrvatski prvak u 36. minuti do\u0161ao do jedinog pogotka na utakmici.<\/p>\n\n\n\n<p>\u0160vicarski reprezentativac&nbsp;<strong>Francois Moubandje&nbsp;<\/strong>je dobro istr\u010dao kontranapad po lijevoj strani, dobio pravovremenu loptu i s pozicije skra\u0107enog kornera odlu\u010dio ubaciti lijevom nogom u kazneni prostor. Suparni\u010dki brani\u010d&nbsp;<strong>Albi Doka<\/strong>&nbsp;je u najboljoj namjeri uklizao kako bi blokirao uba\u010daj, lopta se od njegove noge odbila, dobila \u010dudnu putanju i u visokom luku preletjela vratara Gorice<strong>&nbsp;Ivana Bani\u0107a&nbsp;<\/strong>te zavr\u0161ila u mre\u017ei.<\/p>\n\n\n\n<p>Mogao je Dinamo u drugom poluvremenu pove\u0107ati prednost, ali je Bani\u0107 imao nekoliko zapa\u017eenih intervencija, poput one u 65. minuti kad je pucao<strong>&nbsp;Lovro Majer<\/strong>&nbsp;te u 85. minuti kad se<strong>&nbsp;Lirim Kastrati&nbsp;<\/strong>po desnoj strani sjurio u kazneni prostor, dobio odli\u010dnu loptu od \u0160piki\u0107a, ali ne uspijeva svladati Bani\u0107a u situaciji &#8220;jedan na jedan&#8221;.<\/p>\n\n\n\n<p>Tako je Maksimir ostao jedini prvoliga\u0161ki teren na kojem Gorica od ulaska u prvoliga\u0161ko dru\u0161tvo jo\u0161 nije uspjela osvojiti nijedan bod, a \u010detiri puta je u sedam dvoboja gubila samo s jednim golom razlike.&nbsp;&nbsp;<\/p>\n\n\n\n<p>Utakmicu je sudio Dario Bel iz Osijeka.<\/p>\n\n\n\n<p>Strijelac: 1-0 Albi Doka (36-ag)<\/p>\n\n\n\n<p>Prva HNL &#8211; 5. kolo<\/p>\n\n\n\n<p><strong>Dinamo &#8211; Gorica 1-0 (Doka 36-ag)<\/strong><\/p>\n\n\n\n<p>Lokomotiva &#8211; Istra 1961 (sub, 18.55)<\/p>\n\n\n\n<p>Hajduk &#8211; Slaven B. (sub, 21.00)<\/p>\n\n\n\n<p>\u0160ibenik &#8211; H. dragovoljac (ned, 18.55)<\/p>\n\n\n\n<p>Osijek &#8211; Rijeka (ned, 21.00)<\/p>\n\n\n\n<p>Ljestvica<\/p>\n\n\n\n<p>1. Osijek 4 3 1 0 7-2 10<\/p>\n\n\n\n<p>2. Rijeka 3 2 1 0 7-3 7<\/p>\n\n\n\n<p>3. Dinamo Zagreb 4 2 1 1 8-5 7<\/p>\n\n\n\n<p>4. Hajduk Split 4 2 1 1 7-5 7<\/p>\n\n\n\n<p>5. Lokomotiva 3 2 1 0 7-5 7<\/p>\n\n\n\n<p>6. Gorica 5 2 0 3 6-8 6<\/p>\n\n\n\n<p>7. Slaven Belupo 4 1 2 1 4-3 5<\/p>\n\n\n\n<p>8. Istra 1961 3 1 0 2 4-5 3<\/p>\n\n\n\n<p>9. \u0160ibenik 4 0 1 3 2-8 1<\/p>\n\n\n\n<p>10. Hrv. dragovoljac 4 0 0 4 4-12 0<\/p>\n\n\n\n<p>Izvor:hrt.hr<\/p>\n","protected":false},"excerpt":{"rendered":"<p>Nogometa\u0161i Dinama svladali su Goricu s 1-0 (1-0) u prvoj utakmici 5. kola HT Prve lige odigranoj u petak na Maksimiru. Dinamo je do pobjedni\u010dkog pogotka do\u0161ao u 36. minuti, kad je uba\u010daj&nbsp;Moubandjea&nbsp;s lijevog boka poku\u0161ao blokirati&nbsp;Albi Doka, od kojeg se lopta \u010dudno odbila, u visokom luku preletjela vratara Gorice&nbsp;Ivana Bani\u0107a&nbsp;i zavr\u0161ila u mre\u017ei. Dinamo [&hellip;]<\/p>\n","protected":false},"author":2,"featured_media":53204,"comment_status":"closed","ping_status":"closed","sticky":false,"template":"","format":"standard","meta":{"h5ap_radio_sources":[],"footnotes":""},"categories":[7],"tags":[],"class_list":["post-53203","post","type-post","status-publish","format-standard","has-post-thumbnail","hentry","category-sport"],"yoast_head":"<!-- This site is optimized with the Yoast SEO plugin v27.4 - https:\/\/yoast.com\/product\/yoast-seo-wordpress\/ -->\n<title>Dinamo pobijedio Goricu, presudio autogol gostiju - RADIO LJUBU\u0160KI<\/title>\n<meta name=\"robots\" content=\"index, follow, max-snippet:-1, max-image-preview:large, max-video-preview:-1\" \/>\n<link rel=\"canonical\" href=\"https:\/\/radioljubuski.ba\/index.php\/2021\/08\/14\/dinamo-pobijedio-goricu-presudio-autogol-gostiju\/\" \/>\n<meta property=\"og:locale\" content=\"hr_HR\" \/>\n<meta property=\"og:type\" content=\"article\" \/>\n<meta property=\"og:title\" content=\"Dinamo pobijedio Goricu, presudio autogol gostiju - RADIO LJUBU\u0160KI\" \/>\n<meta property=\"og:description\" content=\"Nogometa\u0161i Dinama svladali su Goricu s 1-0 (1-0) u prvoj utakmici 5. kola HT Prve lige odigranoj u petak na Maksimiru. Dinamo je do pobjedni\u010dkog pogotka do\u0161ao u 36. minuti, kad je uba\u010daj&nbsp;Moubandjea&nbsp;s lijevog boka poku\u0161ao blokirati&nbsp;Albi Doka, od kojeg se lopta \u010dudno odbila, u visokom luku preletjela vratara Gorice&nbsp;Ivana Bani\u0107a&nbsp;i zavr\u0161ila u mre\u017ei. Dinamo [&hellip;]\" \/>\n<meta property=\"og:url\" content=\"https:\/\/radioljubuski.ba\/index.php\/2021\/08\/14\/dinamo-pobijedio-goricu-presudio-autogol-gostiju\/\" \/>\n<meta property=\"og:site_name\" content=\"RADIO LJUBU\u0160KI\" \/>\n<meta property=\"article:publisher\" content=\"https:\/\/www.facebook.com\/Radiio-Ljubuski-1490835324566332\" \/>\n<meta property=\"article:published_time\" content=\"2021-08-13T23:04:17+00:00\" \/>\n<meta property=\"article:modified_time\" content=\"2021-08-13T23:04:18+00:00\" \/>\n<meta property=\"og:image\" content=\"https:\/\/radioljubuski.ba\/wp-content\/uploads\/2021\/08\/affd0e6b697b2515b867.jpeg\" \/>\n\t<meta property=\"og:image:width\" content=\"960\" \/>\n\t<meta property=\"og:image:height\" content=\"540\" \/>\n\t<meta property=\"og:image:type\" content=\"image\/jpeg\" \/>\n<meta name=\"author\" content=\"Radio Ljubu\u0161ki\" \/>\n<meta name=\"twitter:card\" content=\"summary_large_image\" \/>\n<meta name=\"twitter:creator\" content=\"@radioljubuski\" \/>\n<meta name=\"twitter:site\" content=\"@radioljubuski\" \/>\n<meta name=\"twitter:label1\" content=\"Napisao\/la\" \/>\n\t<meta name=\"twitter:data1\" content=\"Radio Ljubu\u0161ki\" \/>\n\t<meta name=\"twitter:label2\" content=\"Procijenjeno vrijeme \u010ditanja\" \/>\n\t<meta name=\"twitter:data2\" content=\"3 minute\" \/>\n<script type=\"application\/ld+json\" class=\"yoast-schema-graph\">{\"@context\":\"https:\\\/\\\/schema.org\",\"@graph\":[{\"@type\":\"Article\",\"@id\":\"https:\\\/\\\/radioljubuski.ba\\\/index.php\\\/2021\\\/08\\\/14\\\/dinamo-pobijedio-goricu-presudio-autogol-gostiju\\\/#article\",\"isPartOf\":{\"@id\":\"https:\\\/\\\/radioljubuski.ba\\\/index.php\\\/2021\\\/08\\\/14\\\/dinamo-pobijedio-goricu-presudio-autogol-gostiju\\\/\"},\"author\":{\"name\":\"Radio Ljubu\u0161ki\",\"@id\":\"https:\\\/\\\/radioljubuski.ba\\\/#\\\/schema\\\/person\\\/19fc700381a780f69665d7956c469e3b\"},\"headline\":\"Dinamo pobijedio Goricu, presudio autogol gostiju\",\"datePublished\":\"2021-08-13T23:04:17+00:00\",\"dateModified\":\"2021-08-13T23:04:18+00:00\",\"mainEntityOfPage\":{\"@id\":\"https:\\\/\\\/radioljubuski.ba\\\/index.php\\\/2021\\\/08\\\/14\\\/dinamo-pobijedio-goricu-presudio-autogol-gostiju\\\/\"},\"wordCount\":482,\"publisher\":{\"@id\":\"https:\\\/\\\/radioljubuski.ba\\\/#organization\"},\"image\":{\"@id\":\"https:\\\/\\\/radioljubuski.ba\\\/index.php\\\/2021\\\/08\\\/14\\\/dinamo-pobijedio-goricu-presudio-autogol-gostiju\\\/#primaryimage\"},\"thumbnailUrl\":\"https:\\\/\\\/radioljubuski.ba\\\/wp-content\\\/uploads\\\/2021\\\/08\\\/affd0e6b697b2515b867.jpeg\",\"articleSection\":[\"\u0160port\"],\"inLanguage\":\"hr\"},{\"@type\":\"WebPage\",\"@id\":\"https:\\\/\\\/radioljubuski.ba\\\/index.php\\\/2021\\\/08\\\/14\\\/dinamo-pobijedio-goricu-presudio-autogol-gostiju\\\/\",\"url\":\"https:\\\/\\\/radioljubuski.ba\\\/index.php\\\/2021\\\/08\\\/14\\\/dinamo-pobijedio-goricu-presudio-autogol-gostiju\\\/\",\"name\":\"Dinamo pobijedio Goricu, presudio autogol gostiju - RADIO LJUBU\u0160KI\",\"isPartOf\":{\"@id\":\"https:\\\/\\\/radioljubuski.ba\\\/#website\"},\"primaryImageOfPage\":{\"@id\":\"https:\\\/\\\/radioljubuski.ba\\\/index.php\\\/2021\\\/08\\\/14\\\/dinamo-pobijedio-goricu-presudio-autogol-gostiju\\\/#primaryimage\"},\"image\":{\"@id\":\"https:\\\/\\\/radioljubuski.ba\\\/index.php\\\/2021\\\/08\\\/14\\\/dinamo-pobijedio-goricu-presudio-autogol-gostiju\\\/#primaryimage\"},\"thumbnailUrl\":\"https:\\\/\\\/radioljubuski.ba\\\/wp-content\\\/uploads\\\/2021\\\/08\\\/affd0e6b697b2515b867.jpeg\",\"datePublished\":\"2021-08-13T23:04:17+00:00\",\"dateModified\":\"2021-08-13T23:04:18+00:00\",\"breadcrumb\":{\"@id\":\"https:\\\/\\\/radioljubuski.ba\\\/index.php\\\/2021\\\/08\\\/14\\\/dinamo-pobijedio-goricu-presudio-autogol-gostiju\\\/#breadcrumb\"},\"inLanguage\":\"hr\",\"potentialAction\":[{\"@type\":\"ReadAction\",\"target\":[\"https:\\\/\\\/radioljubuski.ba\\\/index.php\\\/2021\\\/08\\\/14\\\/dinamo-pobijedio-goricu-presudio-autogol-gostiju\\\/\"]}]},{\"@type\":\"ImageObject\",\"inLanguage\":\"hr\",\"@id\":\"https:\\\/\\\/radioljubuski.ba\\\/index.php\\\/2021\\\/08\\\/14\\\/dinamo-pobijedio-goricu-presudio-autogol-gostiju\\\/#primaryimage\",\"url\":\"https:\\\/\\\/radioljubuski.ba\\\/wp-content\\\/uploads\\\/2021\\\/08\\\/affd0e6b697b2515b867.jpeg\",\"contentUrl\":\"https:\\\/\\\/radioljubuski.ba\\\/wp-content\\\/uploads\\\/2021\\\/08\\\/affd0e6b697b2515b867.jpeg\",\"width\":960,\"height\":540},{\"@type\":\"BreadcrumbList\",\"@id\":\"https:\\\/\\\/radioljubuski.ba\\\/index.php\\\/2021\\\/08\\\/14\\\/dinamo-pobijedio-goricu-presudio-autogol-gostiju\\\/#breadcrumb\",\"itemListElement\":[{\"@type\":\"ListItem\",\"position\":1,\"name\":\"Po\u010detna stranica\",\"item\":\"https:\\\/\\\/radioljubuski.ba\\\/\"},{\"@type\":\"ListItem\",\"position\":2,\"name\":\"Dinamo pobijedio Goricu, presudio autogol gostiju\"}]},{\"@type\":\"WebSite\",\"@id\":\"https:\\\/\\\/radioljubuski.ba\\\/#website\",\"url\":\"https:\\\/\\\/radioljubuski.ba\\\/\",\"name\":\"Radio Ljubu\u0161ki\",\"description\":\"Sun\u010dana frekvencija Hercegovine\",\"publisher\":{\"@id\":\"https:\\\/\\\/radioljubuski.ba\\\/#organization\"},\"potentialAction\":[{\"@type\":\"SearchAction\",\"target\":{\"@type\":\"EntryPoint\",\"urlTemplate\":\"https:\\\/\\\/radioljubuski.ba\\\/?s={search_term_string}\"},\"query-input\":{\"@type\":\"PropertyValueSpecification\",\"valueRequired\":true,\"valueName\":\"search_term_string\"}}],\"inLanguage\":\"hr\"},{\"@type\":\"Organization\",\"@id\":\"https:\\\/\\\/radioljubuski.ba\\\/#organization\",\"name\":\"Radio Ljubu\u0161ki\",\"url\":\"https:\\\/\\\/radioljubuski.ba\\\/\",\"logo\":{\"@type\":\"ImageObject\",\"inLanguage\":\"hr\",\"@id\":\"https:\\\/\\\/radioljubuski.ba\\\/#\\\/schema\\\/logo\\\/image\\\/\",\"url\":\"https:\\\/\\\/radioljubuski.ba\\\/wp-content\\\/uploads\\\/2021\\\/02\\\/cropped-Radio_Ljubuski_logo1.jpg\",\"contentUrl\":\"https:\\\/\\\/radioljubuski.ba\\\/wp-content\\\/uploads\\\/2021\\\/02\\\/cropped-Radio_Ljubuski_logo1.jpg\",\"width\":512,\"height\":512,\"caption\":\"Radio Ljubu\u0161ki\"},\"image\":{\"@id\":\"https:\\\/\\\/radioljubuski.ba\\\/#\\\/schema\\\/logo\\\/image\\\/\"},\"sameAs\":[\"https:\\\/\\\/www.facebook.com\\\/Radiio-Ljubuski-1490835324566332\",\"https:\\\/\\\/x.com\\\/radioljubuski\",\"https:\\\/\\\/hr.linkedin.com\\\/company\\\/radio-ljubuski\",\"https:\\\/\\\/www.youtube.com\\\/channel\\\/UCHYaeO_n0Db3tjNGudGpXyw\"]},{\"@type\":\"Person\",\"@id\":\"https:\\\/\\\/radioljubuski.ba\\\/#\\\/schema\\\/person\\\/19fc700381a780f69665d7956c469e3b\",\"name\":\"Radio Ljubu\u0161ki\"}]}<\/script>\n<!-- \/ Yoast SEO plugin. -->","yoast_head_json":{"title":"Dinamo pobijedio Goricu, presudio autogol gostiju - RADIO LJUBU\u0160KI","robots":{"index":"index","follow":"follow","max-snippet":"max-snippet:-1","max-image-preview":"max-image-preview:large","max-video-preview":"max-video-preview:-1"},"canonical":"https:\/\/radioljubuski.ba\/index.php\/2021\/08\/14\/dinamo-pobijedio-goricu-presudio-autogol-gostiju\/","og_locale":"hr_HR","og_type":"article","og_title":"Dinamo pobijedio Goricu, presudio autogol gostiju - RADIO LJUBU\u0160KI","og_description":"Nogometa\u0161i Dinama svladali su Goricu s 1-0 (1-0) u prvoj utakmici 5. kola HT Prve lige odigranoj u petak na Maksimiru. Dinamo je do pobjedni\u010dkog pogotka do\u0161ao u 36. minuti, kad je uba\u010daj&nbsp;Moubandjea&nbsp;s lijevog boka poku\u0161ao blokirati&nbsp;Albi Doka, od kojeg se lopta \u010dudno odbila, u visokom luku preletjela vratara Gorice&nbsp;Ivana Bani\u0107a&nbsp;i zavr\u0161ila u mre\u017ei. Dinamo [&hellip;]","og_url":"https:\/\/radioljubuski.ba\/index.php\/2021\/08\/14\/dinamo-pobijedio-goricu-presudio-autogol-gostiju\/","og_site_name":"RADIO LJUBU\u0160KI","article_publisher":"https:\/\/www.facebook.com\/Radiio-Ljubuski-1490835324566332","article_published_time":"2021-08-13T23:04:17+00:00","article_modified_time":"2021-08-13T23:04:18+00:00","og_image":[{"width":960,"height":540,"url":"https:\/\/radioljubuski.ba\/wp-content\/uploads\/2021\/08\/affd0e6b697b2515b867.jpeg","type":"image\/jpeg"}],"author":"Radio Ljubu\u0161ki","twitter_card":"summary_large_image","twitter_creator":"@radioljubuski","twitter_site":"@radioljubuski","twitter_misc":{"Napisao\/la":"Radio Ljubu\u0161ki","Procijenjeno vrijeme \u010ditanja":"3 minute"},"schema":{"@context":"https:\/\/schema.org","@graph":[{"@type":"Article","@id":"https:\/\/radioljubuski.ba\/index.php\/2021\/08\/14\/dinamo-pobijedio-goricu-presudio-autogol-gostiju\/#article","isPartOf":{"@id":"https:\/\/radioljubuski.ba\/index.php\/2021\/08\/14\/dinamo-pobijedio-goricu-presudio-autogol-gostiju\/"},"author":{"name":"Radio Ljubu\u0161ki","@id":"https:\/\/radioljubuski.ba\/#\/schema\/person\/19fc700381a780f69665d7956c469e3b"},"headline":"Dinamo pobijedio Goricu, presudio autogol gostiju","datePublished":"2021-08-13T23:04:17+00:00","dateModified":"2021-08-13T23:04:18+00:00","mainEntityOfPage":{"@id":"https:\/\/radioljubuski.ba\/index.php\/2021\/08\/14\/dinamo-pobijedio-goricu-presudio-autogol-gostiju\/"},"wordCount":482,"publisher":{"@id":"https:\/\/radioljubuski.ba\/#organization"},"image":{"@id":"https:\/\/radioljubuski.ba\/index.php\/2021\/08\/14\/dinamo-pobijedio-goricu-presudio-autogol-gostiju\/#primaryimage"},"thumbnailUrl":"https:\/\/radioljubuski.ba\/wp-content\/uploads\/2021\/08\/affd0e6b697b2515b867.jpeg","articleSection":["\u0160port"],"inLanguage":"hr"},{"@type":"WebPage","@id":"https:\/\/radioljubuski.ba\/index.php\/2021\/08\/14\/dinamo-pobijedio-goricu-presudio-autogol-gostiju\/","url":"https:\/\/radioljubuski.ba\/index.php\/2021\/08\/14\/dinamo-pobijedio-goricu-presudio-autogol-gostiju\/","name":"Dinamo pobijedio Goricu, presudio autogol gostiju - RADIO LJUBU\u0160KI","isPartOf":{"@id":"https:\/\/radioljubuski.ba\/#website"},"primaryImageOfPage":{"@id":"https:\/\/radioljubuski.ba\/index.php\/2021\/08\/14\/dinamo-pobijedio-goricu-presudio-autogol-gostiju\/#primaryimage"},"image":{"@id":"https:\/\/radioljubuski.ba\/index.php\/2021\/08\/14\/dinamo-pobijedio-goricu-presudio-autogol-gostiju\/#primaryimage"},"thumbnailUrl":"https:\/\/radioljubuski.ba\/wp-content\/uploads\/2021\/08\/affd0e6b697b2515b867.jpeg","datePublished":"2021-08-13T23:04:17+00:00","dateModified":"2021-08-13T23:04:18+00:00","breadcrumb":{"@id":"https:\/\/radioljubuski.ba\/index.php\/2021\/08\/14\/dinamo-pobijedio-goricu-presudio-autogol-gostiju\/#breadcrumb"},"inLanguage":"hr","potentialAction":[{"@type":"ReadAction","target":["https:\/\/radioljubuski.ba\/index.php\/2021\/08\/14\/dinamo-pobijedio-goricu-presudio-autogol-gostiju\/"]}]},{"@type":"ImageObject","inLanguage":"hr","@id":"https:\/\/radioljubuski.ba\/index.php\/2021\/08\/14\/dinamo-pobijedio-goricu-presudio-autogol-gostiju\/#primaryimage","url":"https:\/\/radioljubuski.ba\/wp-content\/uploads\/2021\/08\/affd0e6b697b2515b867.jpeg","contentUrl":"https:\/\/radioljubuski.ba\/wp-content\/uploads\/2021\/08\/affd0e6b697b2515b867.jpeg","width":960,"height":540},{"@type":"BreadcrumbList","@id":"https:\/\/radioljubuski.ba\/index.php\/2021\/08\/14\/dinamo-pobijedio-goricu-presudio-autogol-gostiju\/#breadcrumb","itemListElement":[{"@type":"ListItem","position":1,"name":"Po\u010detna stranica","item":"https:\/\/radioljubuski.ba\/"},{"@type":"ListItem","position":2,"name":"Dinamo pobijedio Goricu, presudio autogol gostiju"}]},{"@type":"WebSite","@id":"https:\/\/radioljubuski.ba\/#website","url":"https:\/\/radioljubuski.ba\/","name":"Radio Ljubu\u0161ki","description":"Sun\u010dana frekvencija Hercegovine","publisher":{"@id":"https:\/\/radioljubuski.ba\/#organization"},"potentialAction":[{"@type":"SearchAction","target":{"@type":"EntryPoint","urlTemplate":"https:\/\/radioljubuski.ba\/?s={search_term_string}"},"query-input":{"@type":"PropertyValueSpecification","valueRequired":true,"valueName":"search_term_string"}}],"inLanguage":"hr"},{"@type":"Organization","@id":"https:\/\/radioljubuski.ba\/#organization","name":"Radio Ljubu\u0161ki","url":"https:\/\/radioljubuski.ba\/","logo":{"@type":"ImageObject","inLanguage":"hr","@id":"https:\/\/radioljubuski.ba\/#\/schema\/logo\/image\/","url":"https:\/\/radioljubuski.ba\/wp-content\/uploads\/2021\/02\/cropped-Radio_Ljubuski_logo1.jpg","contentUrl":"https:\/\/radioljubuski.ba\/wp-content\/uploads\/2021\/02\/cropped-Radio_Ljubuski_logo1.jpg","width":512,"height":512,"caption":"Radio Ljubu\u0161ki"},"image":{"@id":"https:\/\/radioljubuski.ba\/#\/schema\/logo\/image\/"},"sameAs":["https:\/\/www.facebook.com\/Radiio-Ljubuski-1490835324566332","https:\/\/x.com\/radioljubuski","https:\/\/hr.linkedin.com\/company\/radio-ljubuski","https:\/\/www.youtube.com\/channel\/UCHYaeO_n0Db3tjNGudGpXyw"]},{"@type":"Person","@id":"https:\/\/radioljubuski.ba\/#\/schema\/person\/19fc700381a780f69665d7956c469e3b","name":"Radio Ljubu\u0161ki"}]}},"_links":{"self":[{"href":"https:\/\/radioljubuski.ba\/index.php\/wp-json\/wp\/v2\/posts\/53203","targetHints":{"allow":["GET"]}}],"collection":[{"href":"https:\/\/radioljubuski.ba\/index.php\/wp-json\/wp\/v2\/posts"}],"about":[{"href":"https:\/\/radioljubuski.ba\/index.php\/wp-json\/wp\/v2\/types\/post"}],"author":[{"embeddable":true,"href":"https:\/\/radioljubuski.ba\/index.php\/wp-json\/wp\/v2\/users\/2"}],"replies":[{"embeddable":true,"href":"https:\/\/radioljubuski.ba\/index.php\/wp-json\/wp\/v2\/comments?post=53203"}],"version-history":[{"count":1,"href":"https:\/\/radioljubuski.ba\/index.php\/wp-json\/wp\/v2\/posts\/53203\/revisions"}],"predecessor-version":[{"id":53205,"href":"https:\/\/radioljubuski.ba\/index.php\/wp-json\/wp\/v2\/posts\/53203\/revisions\/53205"}],"wp:featuredmedia":[{"embeddable":true,"href":"https:\/\/radioljubuski.ba\/index.php\/wp-json\/wp\/v2\/media\/53204"}],"wp:attachment":[{"href":"https:\/\/radioljubuski.ba\/index.php\/wp-json\/wp\/v2\/media?parent=53203"}],"wp:term":[{"taxonomy":"category","embeddable":true,"href":"https:\/\/radioljubuski.ba\/index.php\/wp-json\/wp\/v2\/categories?post=53203"},{"taxonomy":"post_tag","embeddable":true,"href":"https:\/\/radioljubuski.ba\/index.php\/wp-json\/wp\/v2\/tags?post=53203"}],"curies":[{"name":"wp","href":"https:\/\/api.w.org\/{rel}","templated":true}]}}