{"id":53218,"date":"2021-08-14T00:14:59","date_gmt":"2021-08-13T23:14:59","guid":{"rendered":"https:\/\/radioljubuski.ba\/?p=53218"},"modified":"2021-08-14T00:15:01","modified_gmt":"2021-08-13T23:15:01","slug":"u-trenutku-podizanja-svete-hostije-tijekom-mise-na-kneziji-opsjednuta-osoba-pocela-vristati","status":"publish","type":"post","link":"https:\/\/radioljubuski.ba\/index.php\/2021\/08\/14\/u-trenutku-podizanja-svete-hostije-tijekom-mise-na-kneziji-opsjednuta-osoba-pocela-vristati\/","title":{"rendered":"U trenutku podizanja svete hostije tijekom mise na Kne\u017eiji opsjednuta osoba po\u010dela vri\u0161tati"},"content":{"rendered":"\n<p>U nedjelju 8. kolovoza u \u017eupi Bla\u017eene Djevice Marije Pomo\u0107nice na Kne\u017eiji odr\u017eano je uobi\u010dajeno misno slavlje koje je predvodio don Mario Bobi\u0107 koji je pro\u0161le godine zamijenio don Damira Stoji\u0107a na mjestu studentskog kapelana na Sveu\u010dili\u0161tu u Zagrebu. Misa se u\u017eivo prenosila.<\/p>\n\n\n\n<p>Tijekom sv. mise don Bobi\u0107 je podigao hostiju te krenuo moliti \u201cJaganj\u010de Bo\u017eji koji oduzima\u0161 grijehe svijeta, smiluj nam se\u201d. U tom trenutku za\u010duo se vrisak i urlanje u crkvi. Nakon toga sve\u0107enik je uz povi\u0161en glas ponovio molitvu, a \u017eena je nastavila urlati, pi\u0161e\u00a0<a href=\"https:\/\/narod.hr\/hrvatska\/tijekom-sv-mise-na-kneziji-opsjednuta-osoba-vristala-i-urlikala?fbclid=IwAR25QKHZdHwMizpWMkrP69InfnSXAuCCk5_i70qUipnoAFWRwawxVx_1okg\" target=\"_blank\" rel=\"noreferrer noopener\">Narod.<\/a><\/p>\n\n\n\n<iframe loading=\"lazy\" title=\"Tijekom mise opsjednuta osoba vristala\" width=\"640\" height=\"360\" src=\"https:\/\/www.youtube.com\/embed\/UxqBJRM9Np4?feature=oembed\" frameborder=\"0\" allow=\"accelerometer; autoplay; clipboard-write; encrypted-media; gyroscope; picture-in-picture; web-share\" referrerpolicy=\"strict-origin-when-cross-origin\" allowfullscreen><\/iframe>\n\n\n\n<p>Jedan od ministranata \u017eenu je odveo u sakristiju te se i dalje moglo \u010duti njezino vikanje. Sve\u0107enik je na kraju mise rekao kako trebamo biti svjesni prisutnosti Boga \u017eivoga u hostiji, a \u017eena je prema dostupnim informacijama u procesu egzorcizma.<\/p>\n\n\n\n<p>Don Mario Bobi\u0107 je na kraju mise rekao kako ne smijemo zaboraviti na sakramentalni \u017eivot, na stvarnu prisutnost Isusa pod prilikama kruha i vina i redovitu molitvu.<\/p>\n\n\n\n<p><strong>\u0160to je pretvorba?<\/strong><\/p>\n\n\n\n<p>Pretvorba ili transupstancijacija u katoli\u010dkom nauku predstavlja dogmu, odnosno vjerovanje da se kruh i vino u zajednici, misi, odnosno slavlju euharistije pretvaraju u istinsku krv i istinsko tijelo Kristovo. Ona se doga\u0111a u unutarnjoj biti, a ne u vanjskom izgledu.<\/p>\n\n\n\n<p>Kako navodi Katekizam Katoli\u010dke Crkve: \u201cTridentski sabor katoli\u010dku vjeru o tome sa\u017eimlje slijede\u0107om izjavom: \u00bbA budu\u0107i da je Krist, Otkupitelj na\u0161, o onom \u0161to je pru\u017eao pod prilikom kruha rekao da je zaista njegovo Tijelo, zato je uvijek u Crkvi Bo\u017ejoj bilo uvjerenje, i to ovaj sveti Sabor sada ponovno izjavljuje: po posve\u0107enju kruha i vina zbiva se pretvorba sve su\u0161tine kruha u su\u0161tinu Tijela Krista, na\u0161ega Gospodina, i \u010ditave su\u0161tine vina u su\u0161tinu njegove Krvi\u201d.<\/p>\n\n\n\n<p><strong>\u0160to je egzorcizam?<\/strong><\/p>\n\n\n\n<p>Razni su oblici blagoslovina koje prepoznaje Katoli\u010dka Crkva, a kada ona javno i mjerodavno, u ime Isusa Krista, tra\u017ei da neka osoba ili predmet budu za\u0161ti\u0107eni od opsjednu\u0107a Zloga i oslobo\u0111eni njegove vlasti, govori se o otklinjanju (egzorcizmu).<\/p>\n\n\n\n<p>\u201cIsus ga je vr\u0161io; od njega Crkva ima mo\u0107 i zada\u0107u otklinjanja (egzorcizma).U jednostavnom obliku egzorcizam se vr\u0161i u slavlju kr\u0161tenja. Sve\u010dano otklinjanje, zvano \u00bbvelikim egzorcizmom\u00ab, mo\u017ee izvr\u0161iti samo sve\u0107enik, i to s biskupovim dopu\u0161tenjem. Egzorcizam smjera izgonu zloduha ili osloba\u0111anju od utjecaja zloduha, i to duhovnom vla\u0161\u0107u koju je Isus povjerio svojoj Crkvi\u201d, stoji u Katekizmu.<\/p>\n\n\n\n<p>Da bi sve\u0107enik zaklju\u010dio kako je neka osoba opsjednuta Zlime treba zadovoljiti nekoliko uvjeta. Opsjednuta osoba mora razdvojenu osobnost odnosno jako protivljenje svetome, mora postojati prisutnost pojava koja ulaze u sferu parapsihologije te o\u010ditovanja trebaju biti suprotna znanstvenima, odnosno fenomeni opsjednu\u0107a ne smiju se mo\u0107i opisati medicinskim modelom\/pisholo\u0161ko-psihijatri\u010dkom znano\u0161\u0107u.<\/p>\n\n\n\n<p>Kod stvarnog opsjednu\u0107a osoba je imuna na sve lijekove odnosno psihofarmatike.<\/p>\n\n\n\n<p>Izvor:medjugorje-info.com<\/p>\n","protected":false},"excerpt":{"rendered":"<p>U nedjelju 8. kolovoza u \u017eupi Bla\u017eene Djevice Marije Pomo\u0107nice na Kne\u017eiji odr\u017eano je uobi\u010dajeno misno slavlje koje je predvodio don Mario Bobi\u0107 koji je pro\u0161le godine zamijenio don Damira Stoji\u0107a na mjestu studentskog kapelana na Sveu\u010dili\u0161tu u Zagrebu. Misa se u\u017eivo prenosila. Tijekom sv. mise don Bobi\u0107 je podigao hostiju te krenuo moliti \u201cJaganj\u010de [&hellip;]<\/p>\n","protected":false},"author":2,"featured_media":53219,"comment_status":"closed","ping_status":"closed","sticky":false,"template":"","format":"standard","meta":{"h5ap_radio_sources":[],"footnotes":""},"categories":[1],"tags":[],"class_list":["post-53218","post","type-post","status-publish","format-standard","has-post-thumbnail","hentry","category-bihiregija"],"yoast_head":"<!-- This site is optimized with the Yoast SEO plugin v27.4 - https:\/\/yoast.com\/product\/yoast-seo-wordpress\/ -->\n<title>U trenutku podizanja svete hostije tijekom mise na Kne\u017eiji opsjednuta osoba po\u010dela vri\u0161tati - RADIO LJUBU\u0160KI<\/title>\n<meta name=\"robots\" content=\"index, follow, max-snippet:-1, max-image-preview:large, max-video-preview:-1\" \/>\n<link rel=\"canonical\" href=\"https:\/\/radioljubuski.ba\/index.php\/2021\/08\/14\/u-trenutku-podizanja-svete-hostije-tijekom-mise-na-kneziji-opsjednuta-osoba-pocela-vristati\/\" \/>\n<meta property=\"og:locale\" content=\"hr_HR\" \/>\n<meta property=\"og:type\" content=\"article\" \/>\n<meta property=\"og:title\" content=\"U trenutku podizanja svete hostije tijekom mise na Kne\u017eiji opsjednuta osoba po\u010dela vri\u0161tati - RADIO LJUBU\u0160KI\" \/>\n<meta property=\"og:description\" content=\"U nedjelju 8. kolovoza u \u017eupi Bla\u017eene Djevice Marije Pomo\u0107nice na Kne\u017eiji odr\u017eano je uobi\u010dajeno misno slavlje koje je predvodio don Mario Bobi\u0107 koji je pro\u0161le godine zamijenio don Damira Stoji\u0107a na mjestu studentskog kapelana na Sveu\u010dili\u0161tu u Zagrebu. Misa se u\u017eivo prenosila. Tijekom sv. mise don Bobi\u0107 je podigao hostiju te krenuo moliti \u201cJaganj\u010de [&hellip;]\" \/>\n<meta property=\"og:url\" content=\"https:\/\/radioljubuski.ba\/index.php\/2021\/08\/14\/u-trenutku-podizanja-svete-hostije-tijekom-mise-na-kneziji-opsjednuta-osoba-pocela-vristati\/\" \/>\n<meta property=\"og:site_name\" content=\"RADIO LJUBU\u0160KI\" \/>\n<meta property=\"article:publisher\" content=\"https:\/\/www.facebook.com\/Radiio-Ljubuski-1490835324566332\" \/>\n<meta property=\"article:published_time\" content=\"2021-08-13T23:14:59+00:00\" \/>\n<meta property=\"article:modified_time\" content=\"2021-08-13T23:15:01+00:00\" \/>\n<meta property=\"og:image\" content=\"https:\/\/radioljubuski.ba\/wp-content\/uploads\/2021\/08\/don-mario-bobic.jpg\" \/>\n\t<meta property=\"og:image:width\" content=\"740\" \/>\n\t<meta property=\"og:image:height\" content=\"370\" \/>\n\t<meta property=\"og:image:type\" content=\"image\/jpeg\" \/>\n<meta name=\"author\" content=\"Radio Ljubu\u0161ki\" \/>\n<meta name=\"twitter:card\" content=\"summary_large_image\" \/>\n<meta name=\"twitter:creator\" content=\"@radioljubuski\" \/>\n<meta name=\"twitter:site\" content=\"@radioljubuski\" \/>\n<meta name=\"twitter:label1\" content=\"Napisao\/la\" \/>\n\t<meta name=\"twitter:data1\" content=\"Radio Ljubu\u0161ki\" \/>\n\t<meta name=\"twitter:label2\" content=\"Procijenjeno vrijeme \u010ditanja\" \/>\n\t<meta name=\"twitter:data2\" content=\"2 minute\" \/>\n<script type=\"application\/ld+json\" class=\"yoast-schema-graph\">{\"@context\":\"https:\\\/\\\/schema.org\",\"@graph\":[{\"@type\":\"Article\",\"@id\":\"https:\\\/\\\/radioljubuski.ba\\\/index.php\\\/2021\\\/08\\\/14\\\/u-trenutku-podizanja-svete-hostije-tijekom-mise-na-kneziji-opsjednuta-osoba-pocela-vristati\\\/#article\",\"isPartOf\":{\"@id\":\"https:\\\/\\\/radioljubuski.ba\\\/index.php\\\/2021\\\/08\\\/14\\\/u-trenutku-podizanja-svete-hostije-tijekom-mise-na-kneziji-opsjednuta-osoba-pocela-vristati\\\/\"},\"author\":{\"name\":\"Radio Ljubu\u0161ki\",\"@id\":\"https:\\\/\\\/radioljubuski.ba\\\/#\\\/schema\\\/person\\\/19fc700381a780f69665d7956c469e3b\"},\"headline\":\"U trenutku podizanja svete hostije tijekom mise na Kne\u017eiji opsjednuta osoba po\u010dela vri\u0161tati\",\"datePublished\":\"2021-08-13T23:14:59+00:00\",\"dateModified\":\"2021-08-13T23:15:01+00:00\",\"mainEntityOfPage\":{\"@id\":\"https:\\\/\\\/radioljubuski.ba\\\/index.php\\\/2021\\\/08\\\/14\\\/u-trenutku-podizanja-svete-hostije-tijekom-mise-na-kneziji-opsjednuta-osoba-pocela-vristati\\\/\"},\"wordCount\":519,\"publisher\":{\"@id\":\"https:\\\/\\\/radioljubuski.ba\\\/#organization\"},\"image\":{\"@id\":\"https:\\\/\\\/radioljubuski.ba\\\/index.php\\\/2021\\\/08\\\/14\\\/u-trenutku-podizanja-svete-hostije-tijekom-mise-na-kneziji-opsjednuta-osoba-pocela-vristati\\\/#primaryimage\"},\"thumbnailUrl\":\"https:\\\/\\\/radioljubuski.ba\\\/wp-content\\\/uploads\\\/2021\\\/08\\\/don-mario-bobic.jpg\",\"articleSection\":[\"BIH i regija\"],\"inLanguage\":\"hr\"},{\"@type\":\"WebPage\",\"@id\":\"https:\\\/\\\/radioljubuski.ba\\\/index.php\\\/2021\\\/08\\\/14\\\/u-trenutku-podizanja-svete-hostije-tijekom-mise-na-kneziji-opsjednuta-osoba-pocela-vristati\\\/\",\"url\":\"https:\\\/\\\/radioljubuski.ba\\\/index.php\\\/2021\\\/08\\\/14\\\/u-trenutku-podizanja-svete-hostije-tijekom-mise-na-kneziji-opsjednuta-osoba-pocela-vristati\\\/\",\"name\":\"U trenutku podizanja svete hostije tijekom mise na Kne\u017eiji opsjednuta osoba po\u010dela vri\u0161tati - RADIO LJUBU\u0160KI\",\"isPartOf\":{\"@id\":\"https:\\\/\\\/radioljubuski.ba\\\/#website\"},\"primaryImageOfPage\":{\"@id\":\"https:\\\/\\\/radioljubuski.ba\\\/index.php\\\/2021\\\/08\\\/14\\\/u-trenutku-podizanja-svete-hostije-tijekom-mise-na-kneziji-opsjednuta-osoba-pocela-vristati\\\/#primaryimage\"},\"image\":{\"@id\":\"https:\\\/\\\/radioljubuski.ba\\\/index.php\\\/2021\\\/08\\\/14\\\/u-trenutku-podizanja-svete-hostije-tijekom-mise-na-kneziji-opsjednuta-osoba-pocela-vristati\\\/#primaryimage\"},\"thumbnailUrl\":\"https:\\\/\\\/radioljubuski.ba\\\/wp-content\\\/uploads\\\/2021\\\/08\\\/don-mario-bobic.jpg\",\"datePublished\":\"2021-08-13T23:14:59+00:00\",\"dateModified\":\"2021-08-13T23:15:01+00:00\",\"breadcrumb\":{\"@id\":\"https:\\\/\\\/radioljubuski.ba\\\/index.php\\\/2021\\\/08\\\/14\\\/u-trenutku-podizanja-svete-hostije-tijekom-mise-na-kneziji-opsjednuta-osoba-pocela-vristati\\\/#breadcrumb\"},\"inLanguage\":\"hr\",\"potentialAction\":[{\"@type\":\"ReadAction\",\"target\":[\"https:\\\/\\\/radioljubuski.ba\\\/index.php\\\/2021\\\/08\\\/14\\\/u-trenutku-podizanja-svete-hostije-tijekom-mise-na-kneziji-opsjednuta-osoba-pocela-vristati\\\/\"]}]},{\"@type\":\"ImageObject\",\"inLanguage\":\"hr\",\"@id\":\"https:\\\/\\\/radioljubuski.ba\\\/index.php\\\/2021\\\/08\\\/14\\\/u-trenutku-podizanja-svete-hostije-tijekom-mise-na-kneziji-opsjednuta-osoba-pocela-vristati\\\/#primaryimage\",\"url\":\"https:\\\/\\\/radioljubuski.ba\\\/wp-content\\\/uploads\\\/2021\\\/08\\\/don-mario-bobic.jpg\",\"contentUrl\":\"https:\\\/\\\/radioljubuski.ba\\\/wp-content\\\/uploads\\\/2021\\\/08\\\/don-mario-bobic.jpg\",\"width\":740,\"height\":370},{\"@type\":\"BreadcrumbList\",\"@id\":\"https:\\\/\\\/radioljubuski.ba\\\/index.php\\\/2021\\\/08\\\/14\\\/u-trenutku-podizanja-svete-hostije-tijekom-mise-na-kneziji-opsjednuta-osoba-pocela-vristati\\\/#breadcrumb\",\"itemListElement\":[{\"@type\":\"ListItem\",\"position\":1,\"name\":\"Po\u010detna stranica\",\"item\":\"https:\\\/\\\/radioljubuski.ba\\\/\"},{\"@type\":\"ListItem\",\"position\":2,\"name\":\"U trenutku podizanja svete hostije tijekom mise na Kne\u017eiji opsjednuta osoba po\u010dela vri\u0161tati\"}]},{\"@type\":\"WebSite\",\"@id\":\"https:\\\/\\\/radioljubuski.ba\\\/#website\",\"url\":\"https:\\\/\\\/radioljubuski.ba\\\/\",\"name\":\"Radio Ljubu\u0161ki\",\"description\":\"Sun\u010dana frekvencija Hercegovine\",\"publisher\":{\"@id\":\"https:\\\/\\\/radioljubuski.ba\\\/#organization\"},\"potentialAction\":[{\"@type\":\"SearchAction\",\"target\":{\"@type\":\"EntryPoint\",\"urlTemplate\":\"https:\\\/\\\/radioljubuski.ba\\\/?s={search_term_string}\"},\"query-input\":{\"@type\":\"PropertyValueSpecification\",\"valueRequired\":true,\"valueName\":\"search_term_string\"}}],\"inLanguage\":\"hr\"},{\"@type\":\"Organization\",\"@id\":\"https:\\\/\\\/radioljubuski.ba\\\/#organization\",\"name\":\"Radio Ljubu\u0161ki\",\"url\":\"https:\\\/\\\/radioljubuski.ba\\\/\",\"logo\":{\"@type\":\"ImageObject\",\"inLanguage\":\"hr\",\"@id\":\"https:\\\/\\\/radioljubuski.ba\\\/#\\\/schema\\\/logo\\\/image\\\/\",\"url\":\"https:\\\/\\\/radioljubuski.ba\\\/wp-content\\\/uploads\\\/2021\\\/02\\\/cropped-Radio_Ljubuski_logo1.jpg\",\"contentUrl\":\"https:\\\/\\\/radioljubuski.ba\\\/wp-content\\\/uploads\\\/2021\\\/02\\\/cropped-Radio_Ljubuski_logo1.jpg\",\"width\":512,\"height\":512,\"caption\":\"Radio Ljubu\u0161ki\"},\"image\":{\"@id\":\"https:\\\/\\\/radioljubuski.ba\\\/#\\\/schema\\\/logo\\\/image\\\/\"},\"sameAs\":[\"https:\\\/\\\/www.facebook.com\\\/Radiio-Ljubuski-1490835324566332\",\"https:\\\/\\\/x.com\\\/radioljubuski\",\"https:\\\/\\\/hr.linkedin.com\\\/company\\\/radio-ljubuski\",\"https:\\\/\\\/www.youtube.com\\\/channel\\\/UCHYaeO_n0Db3tjNGudGpXyw\"]},{\"@type\":\"Person\",\"@id\":\"https:\\\/\\\/radioljubuski.ba\\\/#\\\/schema\\\/person\\\/19fc700381a780f69665d7956c469e3b\",\"name\":\"Radio Ljubu\u0161ki\"}]}<\/script>\n<!-- \/ Yoast SEO plugin. -->","yoast_head_json":{"title":"U trenutku podizanja svete hostije tijekom mise na Kne\u017eiji opsjednuta osoba po\u010dela vri\u0161tati - RADIO LJUBU\u0160KI","robots":{"index":"index","follow":"follow","max-snippet":"max-snippet:-1","max-image-preview":"max-image-preview:large","max-video-preview":"max-video-preview:-1"},"canonical":"https:\/\/radioljubuski.ba\/index.php\/2021\/08\/14\/u-trenutku-podizanja-svete-hostije-tijekom-mise-na-kneziji-opsjednuta-osoba-pocela-vristati\/","og_locale":"hr_HR","og_type":"article","og_title":"U trenutku podizanja svete hostije tijekom mise na Kne\u017eiji opsjednuta osoba po\u010dela vri\u0161tati - RADIO LJUBU\u0160KI","og_description":"U nedjelju 8. kolovoza u \u017eupi Bla\u017eene Djevice Marije Pomo\u0107nice na Kne\u017eiji odr\u017eano je uobi\u010dajeno misno slavlje koje je predvodio don Mario Bobi\u0107 koji je pro\u0161le godine zamijenio don Damira Stoji\u0107a na mjestu studentskog kapelana na Sveu\u010dili\u0161tu u Zagrebu. Misa se u\u017eivo prenosila. Tijekom sv. mise don Bobi\u0107 je podigao hostiju te krenuo moliti \u201cJaganj\u010de [&hellip;]","og_url":"https:\/\/radioljubuski.ba\/index.php\/2021\/08\/14\/u-trenutku-podizanja-svete-hostije-tijekom-mise-na-kneziji-opsjednuta-osoba-pocela-vristati\/","og_site_name":"RADIO LJUBU\u0160KI","article_publisher":"https:\/\/www.facebook.com\/Radiio-Ljubuski-1490835324566332","article_published_time":"2021-08-13T23:14:59+00:00","article_modified_time":"2021-08-13T23:15:01+00:00","og_image":[{"width":740,"height":370,"url":"https:\/\/radioljubuski.ba\/wp-content\/uploads\/2021\/08\/don-mario-bobic.jpg","type":"image\/jpeg"}],"author":"Radio Ljubu\u0161ki","twitter_card":"summary_large_image","twitter_creator":"@radioljubuski","twitter_site":"@radioljubuski","twitter_misc":{"Napisao\/la":"Radio Ljubu\u0161ki","Procijenjeno vrijeme \u010ditanja":"2 minute"},"schema":{"@context":"https:\/\/schema.org","@graph":[{"@type":"Article","@id":"https:\/\/radioljubuski.ba\/index.php\/2021\/08\/14\/u-trenutku-podizanja-svete-hostije-tijekom-mise-na-kneziji-opsjednuta-osoba-pocela-vristati\/#article","isPartOf":{"@id":"https:\/\/radioljubuski.ba\/index.php\/2021\/08\/14\/u-trenutku-podizanja-svete-hostije-tijekom-mise-na-kneziji-opsjednuta-osoba-pocela-vristati\/"},"author":{"name":"Radio Ljubu\u0161ki","@id":"https:\/\/radioljubuski.ba\/#\/schema\/person\/19fc700381a780f69665d7956c469e3b"},"headline":"U trenutku podizanja svete hostije tijekom mise na Kne\u017eiji opsjednuta osoba po\u010dela vri\u0161tati","datePublished":"2021-08-13T23:14:59+00:00","dateModified":"2021-08-13T23:15:01+00:00","mainEntityOfPage":{"@id":"https:\/\/radioljubuski.ba\/index.php\/2021\/08\/14\/u-trenutku-podizanja-svete-hostije-tijekom-mise-na-kneziji-opsjednuta-osoba-pocela-vristati\/"},"wordCount":519,"publisher":{"@id":"https:\/\/radioljubuski.ba\/#organization"},"image":{"@id":"https:\/\/radioljubuski.ba\/index.php\/2021\/08\/14\/u-trenutku-podizanja-svete-hostije-tijekom-mise-na-kneziji-opsjednuta-osoba-pocela-vristati\/#primaryimage"},"thumbnailUrl":"https:\/\/radioljubuski.ba\/wp-content\/uploads\/2021\/08\/don-mario-bobic.jpg","articleSection":["BIH i regija"],"inLanguage":"hr"},{"@type":"WebPage","@id":"https:\/\/radioljubuski.ba\/index.php\/2021\/08\/14\/u-trenutku-podizanja-svete-hostije-tijekom-mise-na-kneziji-opsjednuta-osoba-pocela-vristati\/","url":"https:\/\/radioljubuski.ba\/index.php\/2021\/08\/14\/u-trenutku-podizanja-svete-hostije-tijekom-mise-na-kneziji-opsjednuta-osoba-pocela-vristati\/","name":"U trenutku podizanja svete hostije tijekom mise na Kne\u017eiji opsjednuta osoba po\u010dela vri\u0161tati - RADIO LJUBU\u0160KI","isPartOf":{"@id":"https:\/\/radioljubuski.ba\/#website"},"primaryImageOfPage":{"@id":"https:\/\/radioljubuski.ba\/index.php\/2021\/08\/14\/u-trenutku-podizanja-svete-hostije-tijekom-mise-na-kneziji-opsjednuta-osoba-pocela-vristati\/#primaryimage"},"image":{"@id":"https:\/\/radioljubuski.ba\/index.php\/2021\/08\/14\/u-trenutku-podizanja-svete-hostije-tijekom-mise-na-kneziji-opsjednuta-osoba-pocela-vristati\/#primaryimage"},"thumbnailUrl":"https:\/\/radioljubuski.ba\/wp-content\/uploads\/2021\/08\/don-mario-bobic.jpg","datePublished":"2021-08-13T23:14:59+00:00","dateModified":"2021-08-13T23:15:01+00:00","breadcrumb":{"@id":"https:\/\/radioljubuski.ba\/index.php\/2021\/08\/14\/u-trenutku-podizanja-svete-hostije-tijekom-mise-na-kneziji-opsjednuta-osoba-pocela-vristati\/#breadcrumb"},"inLanguage":"hr","potentialAction":[{"@type":"ReadAction","target":["https:\/\/radioljubuski.ba\/index.php\/2021\/08\/14\/u-trenutku-podizanja-svete-hostije-tijekom-mise-na-kneziji-opsjednuta-osoba-pocela-vristati\/"]}]},{"@type":"ImageObject","inLanguage":"hr","@id":"https:\/\/radioljubuski.ba\/index.php\/2021\/08\/14\/u-trenutku-podizanja-svete-hostije-tijekom-mise-na-kneziji-opsjednuta-osoba-pocela-vristati\/#primaryimage","url":"https:\/\/radioljubuski.ba\/wp-content\/uploads\/2021\/08\/don-mario-bobic.jpg","contentUrl":"https:\/\/radioljubuski.ba\/wp-content\/uploads\/2021\/08\/don-mario-bobic.jpg","width":740,"height":370},{"@type":"BreadcrumbList","@id":"https:\/\/radioljubuski.ba\/index.php\/2021\/08\/14\/u-trenutku-podizanja-svete-hostije-tijekom-mise-na-kneziji-opsjednuta-osoba-pocela-vristati\/#breadcrumb","itemListElement":[{"@type":"ListItem","position":1,"name":"Po\u010detna stranica","item":"https:\/\/radioljubuski.ba\/"},{"@type":"ListItem","position":2,"name":"U trenutku podizanja svete hostije tijekom mise na Kne\u017eiji opsjednuta osoba po\u010dela vri\u0161tati"}]},{"@type":"WebSite","@id":"https:\/\/radioljubuski.ba\/#website","url":"https:\/\/radioljubuski.ba\/","name":"Radio Ljubu\u0161ki","description":"Sun\u010dana frekvencija Hercegovine","publisher":{"@id":"https:\/\/radioljubuski.ba\/#organization"},"potentialAction":[{"@type":"SearchAction","target":{"@type":"EntryPoint","urlTemplate":"https:\/\/radioljubuski.ba\/?s={search_term_string}"},"query-input":{"@type":"PropertyValueSpecification","valueRequired":true,"valueName":"search_term_string"}}],"inLanguage":"hr"},{"@type":"Organization","@id":"https:\/\/radioljubuski.ba\/#organization","name":"Radio Ljubu\u0161ki","url":"https:\/\/radioljubuski.ba\/","logo":{"@type":"ImageObject","inLanguage":"hr","@id":"https:\/\/radioljubuski.ba\/#\/schema\/logo\/image\/","url":"https:\/\/radioljubuski.ba\/wp-content\/uploads\/2021\/02\/cropped-Radio_Ljubuski_logo1.jpg","contentUrl":"https:\/\/radioljubuski.ba\/wp-content\/uploads\/2021\/02\/cropped-Radio_Ljubuski_logo1.jpg","width":512,"height":512,"caption":"Radio Ljubu\u0161ki"},"image":{"@id":"https:\/\/radioljubuski.ba\/#\/schema\/logo\/image\/"},"sameAs":["https:\/\/www.facebook.com\/Radiio-Ljubuski-1490835324566332","https:\/\/x.com\/radioljubuski","https:\/\/hr.linkedin.com\/company\/radio-ljubuski","https:\/\/www.youtube.com\/channel\/UCHYaeO_n0Db3tjNGudGpXyw"]},{"@type":"Person","@id":"https:\/\/radioljubuski.ba\/#\/schema\/person\/19fc700381a780f69665d7956c469e3b","name":"Radio Ljubu\u0161ki"}]}},"_links":{"self":[{"href":"https:\/\/radioljubuski.ba\/index.php\/wp-json\/wp\/v2\/posts\/53218","targetHints":{"allow":["GET"]}}],"collection":[{"href":"https:\/\/radioljubuski.ba\/index.php\/wp-json\/wp\/v2\/posts"}],"about":[{"href":"https:\/\/radioljubuski.ba\/index.php\/wp-json\/wp\/v2\/types\/post"}],"author":[{"embeddable":true,"href":"https:\/\/radioljubuski.ba\/index.php\/wp-json\/wp\/v2\/users\/2"}],"replies":[{"embeddable":true,"href":"https:\/\/radioljubuski.ba\/index.php\/wp-json\/wp\/v2\/comments?post=53218"}],"version-history":[{"count":1,"href":"https:\/\/radioljubuski.ba\/index.php\/wp-json\/wp\/v2\/posts\/53218\/revisions"}],"predecessor-version":[{"id":53220,"href":"https:\/\/radioljubuski.ba\/index.php\/wp-json\/wp\/v2\/posts\/53218\/revisions\/53220"}],"wp:featuredmedia":[{"embeddable":true,"href":"https:\/\/radioljubuski.ba\/index.php\/wp-json\/wp\/v2\/media\/53219"}],"wp:attachment":[{"href":"https:\/\/radioljubuski.ba\/index.php\/wp-json\/wp\/v2\/media?parent=53218"}],"wp:term":[{"taxonomy":"category","embeddable":true,"href":"https:\/\/radioljubuski.ba\/index.php\/wp-json\/wp\/v2\/categories?post=53218"},{"taxonomy":"post_tag","embeddable":true,"href":"https:\/\/radioljubuski.ba\/index.php\/wp-json\/wp\/v2\/tags?post=53218"}],"curies":[{"name":"wp","href":"https:\/\/api.w.org\/{rel}","templated":true}]}}