{"id":53221,"date":"2021-08-14T00:17:18","date_gmt":"2021-08-13T23:17:18","guid":{"rendered":"https:\/\/radioljubuski.ba\/?p=53221"},"modified":"2021-08-14T00:17:20","modified_gmt":"2021-08-13T23:17:20","slug":"djecakovo-pismo-isusu-napisano-prije-82-godine-slucajno-pronadeno-mali-isuse-cekam-te-blagoslovi-sve-one-koje-volim","status":"publish","type":"post","link":"https:\/\/radioljubuski.ba\/index.php\/2021\/08\/14\/djecakovo-pismo-isusu-napisano-prije-82-godine-slucajno-pronadeno-mali-isuse-cekam-te-blagoslovi-sve-one-koje-volim\/","title":{"rendered":"Dje\u010dakovo pismo Isusu napisano prije 82 godine slu\u010dajno prona\u0111eno: \u201eMali Isuse, \u010dekam te! Blagoslovi sve one koje volim&#8221;"},"content":{"rendered":"\n<p>Vi\u0161e od 80 godina nakon \u0161to je ovaj mali dje\u010daka pisao Isusu, njegovo je pismo ponovno otkriveno i dirnulo je mnoga srca, pi\u0161e&nbsp;<a href=\"https:\/\/aleteia.org\/2021\/08\/09\/a-boys-letter-to-jesus-written-82-years-ago-found-by-chance\/\" target=\"_blank\" rel=\"noreferrer noopener\">Aleteia<\/a>.<\/p>\n\n\n\n<p>Pismo ovog dje\u010da\u010di\u0107a Isusu, napisano prije 82 godine na po\u010detku Drugog svjetskog rata, nedavno je prona\u0111eno u dnu ladice komada namje\u0161taja u Francuskoj.<\/p>\n\n\n\n<p>Bilo je to 17. prosinca 1939. Mali Pierre, iz grada Mazameta u Tarnu (ju\u017ena Francuska), napisao je:<\/p>\n\n\n\n<p>\u201cDragi mali Isuse, molim Te da me pripremi\u0161 za prvu pri\u010dest, molim Te da mi ove godine ne donosi\u0161 igra\u010dke. \u017delim se \u017ertvovati kako bih Ti zahvalio i zamolio Te da se pobrine\u0161 za tatu, te da uskoro okon\u010da\u0161 rat kako on vi\u0161e ne bi bio prisiljen oti\u0107i daleko tamo gdje se vode borbe.\u201d<\/p>\n\n\n\n<p>Nakon 82 godine, pismo, zaboravljeno unutar starog no\u0107nog ormari\u0107a, prona\u0161la je druga obitelj u regiji. Dirnuti dje\u010djom vjerom, odlu\u010dili su potra\u017eiti njenog autora.<\/p>\n\n\n\n<p>Laura, k\u0107i novih vlasnika ku\u0107e, obratila se dru\u0161tvenim mre\u017eama kako bi prona\u0161la Pierrea i vratila mu pismo upu\u0107eno Isusu. Napisala je: \u201cProna\u0161li smo malo blago skriveno u starom komadu namje\u0161taja u ku\u0107i. \u017deljeli bismo prona\u0107i vlasnika ili \u010dlana njegove obitelji kako bi mu dali ovo vrlo dirljivu poruku. \u201d<\/p>\n\n\n\n<p><strong>Dje\u010dakovo pismo Isusu<\/strong><\/p>\n\n\n\n<p>Prema izvje\u0161\u0107u na francuskoj katoli\u010dkoj web stranici Famille Chretienne, Laura je imala malo podataka koji bi joj pomogli da prona\u0111e pisca. Znala je samo datum i mjesto pisma, kao i ime dje\u010daka koji ga je napisao, Pierrea, i njegovog brata Josepha, jer ga je Pierre spomenuo u pismu.<\/p>\n\n\n\n<p>Prije nego \u0161to se obratila dru\u0161tvenim mre\u017eama, obitelj je tra\u017eila prethodnog vlasnika ku\u0107e kako bi poku\u0161ala saznati tko je bio vlasnik tog namje\u0161taja. Tako\u0111er su tra\u017eili informacije od biskupije i gradske \u0161kole, ali bez uspjeha.<\/p>\n\n\n\n<p>Tada je Laura svoju potragu zapo\u010dela na Facebooku. Njena poruka podijeljena je vi\u0161e od 7.000 puta. Nekoliko dana kasnije stupila je u kontakt s Pierreovom k\u0107eri.<\/p>\n\n\n\n<iframe loading=\"lazy\" src=\"https:\/\/www.facebook.com\/plugins\/post.php?href=https%3A%2F%2Fwww.facebook.com%2Fphoto.php%3Ffbid%3D10224272015458038%26set%3Da.4220762767325%26type%3D3&#038;show_text=true&#038;width=500\" width=\"500\" height=\"497\" style=\"border:none;overflow:hidden\" scrolling=\"no\" frameborder=\"0\" allowfullscreen=\"true\" allow=\"autoplay; clipboard-write; encrypted-media; picture-in-picture; web-share\"><\/iframe>\n\n\n\n<p>Laura je tada saznala da je Pierre imao 7 godina kada je napisao pismo. Jo\u0161 uvijek \u017eivi u Mazametu, ali se malo sje\u0107a tog dalekog vremena. Ipak, obitelj je prona\u0161la nekoliko drugih dokumenata koji pokazuju da je on autor poruke, uklju\u010duju\u0107i zapise o njegovoj prvoj pri\u010desti i njegovoj krizmi.<\/p>\n\n\n\n<p>Osjetljivost du\u0161e s kojom su se djeca pripremala za svoju prvu svetu pri\u010dest je upe\u010datljiva. Zapravo, Pierre je tako\u0111er napisao: \u201eMali Isuse, \u010dekam te! Blagoslovi sve one koje volim. \u201d<\/p>\n\n\n\n<p>Izvor:medjugorje-info.com<\/p>\n","protected":false},"excerpt":{"rendered":"<p>Vi\u0161e od 80 godina nakon \u0161to je ovaj mali dje\u010daka pisao Isusu, njegovo je pismo ponovno otkriveno i dirnulo je mnoga srca, pi\u0161e&nbsp;Aleteia. Pismo ovog dje\u010da\u010di\u0107a Isusu, napisano prije 82 godine na po\u010detku Drugog svjetskog rata, nedavno je prona\u0111eno u dnu ladice komada namje\u0161taja u Francuskoj. Bilo je to 17. prosinca 1939. Mali Pierre, iz [&hellip;]<\/p>\n","protected":false},"author":2,"featured_media":53222,"comment_status":"closed","ping_status":"closed","sticky":false,"template":"","format":"standard","meta":{"h5ap_radio_sources":[],"footnotes":""},"categories":[1],"tags":[],"class_list":["post-53221","post","type-post","status-publish","format-standard","has-post-thumbnail","hentry","category-bihiregija"],"yoast_head":"<!-- This site is optimized with the Yoast SEO plugin v27.4 - https:\/\/yoast.com\/product\/yoast-seo-wordpress\/ -->\n<title>Dje\u010dakovo pismo Isusu napisano prije 82 godine slu\u010dajno prona\u0111eno: \u201eMali Isuse, \u010dekam te! Blagoslovi sve one koje volim&quot; - RADIO LJUBU\u0160KI<\/title>\n<meta name=\"robots\" content=\"index, follow, max-snippet:-1, max-image-preview:large, max-video-preview:-1\" \/>\n<link rel=\"canonical\" href=\"https:\/\/radioljubuski.ba\/index.php\/2021\/08\/14\/djecakovo-pismo-isusu-napisano-prije-82-godine-slucajno-pronadeno-mali-isuse-cekam-te-blagoslovi-sve-one-koje-volim\/\" \/>\n<meta property=\"og:locale\" content=\"hr_HR\" \/>\n<meta property=\"og:type\" content=\"article\" \/>\n<meta property=\"og:title\" content=\"Dje\u010dakovo pismo Isusu napisano prije 82 godine slu\u010dajno prona\u0111eno: \u201eMali Isuse, \u010dekam te! Blagoslovi sve one koje volim&quot; - RADIO LJUBU\u0160KI\" \/>\n<meta property=\"og:description\" content=\"Vi\u0161e od 80 godina nakon \u0161to je ovaj mali dje\u010daka pisao Isusu, njegovo je pismo ponovno otkriveno i dirnulo je mnoga srca, pi\u0161e&nbsp;Aleteia. Pismo ovog dje\u010da\u010di\u0107a Isusu, napisano prije 82 godine na po\u010detku Drugog svjetskog rata, nedavno je prona\u0111eno u dnu ladice komada namje\u0161taja u Francuskoj. Bilo je to 17. prosinca 1939. Mali Pierre, iz [&hellip;]\" \/>\n<meta property=\"og:url\" content=\"https:\/\/radioljubuski.ba\/index.php\/2021\/08\/14\/djecakovo-pismo-isusu-napisano-prije-82-godine-slucajno-pronadeno-mali-isuse-cekam-te-blagoslovi-sve-one-koje-volim\/\" \/>\n<meta property=\"og:site_name\" content=\"RADIO LJUBU\u0160KI\" \/>\n<meta property=\"article:publisher\" content=\"https:\/\/www.facebook.com\/Radiio-Ljubuski-1490835324566332\" \/>\n<meta property=\"article:published_time\" content=\"2021-08-13T23:17:18+00:00\" \/>\n<meta property=\"article:modified_time\" content=\"2021-08-13T23:17:20+00:00\" \/>\n<meta property=\"og:image\" content=\"https:\/\/radioljubuski.ba\/wp-content\/uploads\/2021\/08\/pierre.jpg\" \/>\n\t<meta property=\"og:image:width\" content=\"740\" \/>\n\t<meta property=\"og:image:height\" content=\"370\" \/>\n\t<meta property=\"og:image:type\" content=\"image\/jpeg\" \/>\n<meta name=\"author\" content=\"Radio Ljubu\u0161ki\" \/>\n<meta name=\"twitter:card\" content=\"summary_large_image\" \/>\n<meta name=\"twitter:creator\" content=\"@radioljubuski\" \/>\n<meta name=\"twitter:site\" content=\"@radioljubuski\" \/>\n<meta name=\"twitter:label1\" content=\"Napisao\/la\" \/>\n\t<meta name=\"twitter:data1\" content=\"Radio Ljubu\u0161ki\" \/>\n\t<meta name=\"twitter:label2\" content=\"Procijenjeno vrijeme \u010ditanja\" \/>\n\t<meta name=\"twitter:data2\" content=\"2 minute\" \/>\n<script type=\"application\/ld+json\" class=\"yoast-schema-graph\">{\"@context\":\"https:\\\/\\\/schema.org\",\"@graph\":[{\"@type\":\"Article\",\"@id\":\"https:\\\/\\\/radioljubuski.ba\\\/index.php\\\/2021\\\/08\\\/14\\\/djecakovo-pismo-isusu-napisano-prije-82-godine-slucajno-pronadeno-mali-isuse-cekam-te-blagoslovi-sve-one-koje-volim\\\/#article\",\"isPartOf\":{\"@id\":\"https:\\\/\\\/radioljubuski.ba\\\/index.php\\\/2021\\\/08\\\/14\\\/djecakovo-pismo-isusu-napisano-prije-82-godine-slucajno-pronadeno-mali-isuse-cekam-te-blagoslovi-sve-one-koje-volim\\\/\"},\"author\":{\"name\":\"Radio Ljubu\u0161ki\",\"@id\":\"https:\\\/\\\/radioljubuski.ba\\\/#\\\/schema\\\/person\\\/19fc700381a780f69665d7956c469e3b\"},\"headline\":\"Dje\u010dakovo pismo Isusu napisano prije 82 godine slu\u010dajno prona\u0111eno: \u201eMali Isuse, \u010dekam te! Blagoslovi sve one koje volim&#8221;\",\"datePublished\":\"2021-08-13T23:17:18+00:00\",\"dateModified\":\"2021-08-13T23:17:20+00:00\",\"mainEntityOfPage\":{\"@id\":\"https:\\\/\\\/radioljubuski.ba\\\/index.php\\\/2021\\\/08\\\/14\\\/djecakovo-pismo-isusu-napisano-prije-82-godine-slucajno-pronadeno-mali-isuse-cekam-te-blagoslovi-sve-one-koje-volim\\\/\"},\"wordCount\":452,\"publisher\":{\"@id\":\"https:\\\/\\\/radioljubuski.ba\\\/#organization\"},\"image\":{\"@id\":\"https:\\\/\\\/radioljubuski.ba\\\/index.php\\\/2021\\\/08\\\/14\\\/djecakovo-pismo-isusu-napisano-prije-82-godine-slucajno-pronadeno-mali-isuse-cekam-te-blagoslovi-sve-one-koje-volim\\\/#primaryimage\"},\"thumbnailUrl\":\"https:\\\/\\\/radioljubuski.ba\\\/wp-content\\\/uploads\\\/2021\\\/08\\\/pierre.jpg\",\"articleSection\":[\"BIH i regija\"],\"inLanguage\":\"hr\"},{\"@type\":\"WebPage\",\"@id\":\"https:\\\/\\\/radioljubuski.ba\\\/index.php\\\/2021\\\/08\\\/14\\\/djecakovo-pismo-isusu-napisano-prije-82-godine-slucajno-pronadeno-mali-isuse-cekam-te-blagoslovi-sve-one-koje-volim\\\/\",\"url\":\"https:\\\/\\\/radioljubuski.ba\\\/index.php\\\/2021\\\/08\\\/14\\\/djecakovo-pismo-isusu-napisano-prije-82-godine-slucajno-pronadeno-mali-isuse-cekam-te-blagoslovi-sve-one-koje-volim\\\/\",\"name\":\"Dje\u010dakovo pismo Isusu napisano prije 82 godine slu\u010dajno prona\u0111eno: \u201eMali Isuse, \u010dekam te! Blagoslovi sve one koje volim\\\" - RADIO LJUBU\u0160KI\",\"isPartOf\":{\"@id\":\"https:\\\/\\\/radioljubuski.ba\\\/#website\"},\"primaryImageOfPage\":{\"@id\":\"https:\\\/\\\/radioljubuski.ba\\\/index.php\\\/2021\\\/08\\\/14\\\/djecakovo-pismo-isusu-napisano-prije-82-godine-slucajno-pronadeno-mali-isuse-cekam-te-blagoslovi-sve-one-koje-volim\\\/#primaryimage\"},\"image\":{\"@id\":\"https:\\\/\\\/radioljubuski.ba\\\/index.php\\\/2021\\\/08\\\/14\\\/djecakovo-pismo-isusu-napisano-prije-82-godine-slucajno-pronadeno-mali-isuse-cekam-te-blagoslovi-sve-one-koje-volim\\\/#primaryimage\"},\"thumbnailUrl\":\"https:\\\/\\\/radioljubuski.ba\\\/wp-content\\\/uploads\\\/2021\\\/08\\\/pierre.jpg\",\"datePublished\":\"2021-08-13T23:17:18+00:00\",\"dateModified\":\"2021-08-13T23:17:20+00:00\",\"breadcrumb\":{\"@id\":\"https:\\\/\\\/radioljubuski.ba\\\/index.php\\\/2021\\\/08\\\/14\\\/djecakovo-pismo-isusu-napisano-prije-82-godine-slucajno-pronadeno-mali-isuse-cekam-te-blagoslovi-sve-one-koje-volim\\\/#breadcrumb\"},\"inLanguage\":\"hr\",\"potentialAction\":[{\"@type\":\"ReadAction\",\"target\":[\"https:\\\/\\\/radioljubuski.ba\\\/index.php\\\/2021\\\/08\\\/14\\\/djecakovo-pismo-isusu-napisano-prije-82-godine-slucajno-pronadeno-mali-isuse-cekam-te-blagoslovi-sve-one-koje-volim\\\/\"]}]},{\"@type\":\"ImageObject\",\"inLanguage\":\"hr\",\"@id\":\"https:\\\/\\\/radioljubuski.ba\\\/index.php\\\/2021\\\/08\\\/14\\\/djecakovo-pismo-isusu-napisano-prije-82-godine-slucajno-pronadeno-mali-isuse-cekam-te-blagoslovi-sve-one-koje-volim\\\/#primaryimage\",\"url\":\"https:\\\/\\\/radioljubuski.ba\\\/wp-content\\\/uploads\\\/2021\\\/08\\\/pierre.jpg\",\"contentUrl\":\"https:\\\/\\\/radioljubuski.ba\\\/wp-content\\\/uploads\\\/2021\\\/08\\\/pierre.jpg\",\"width\":740,\"height\":370},{\"@type\":\"BreadcrumbList\",\"@id\":\"https:\\\/\\\/radioljubuski.ba\\\/index.php\\\/2021\\\/08\\\/14\\\/djecakovo-pismo-isusu-napisano-prije-82-godine-slucajno-pronadeno-mali-isuse-cekam-te-blagoslovi-sve-one-koje-volim\\\/#breadcrumb\",\"itemListElement\":[{\"@type\":\"ListItem\",\"position\":1,\"name\":\"Po\u010detna stranica\",\"item\":\"https:\\\/\\\/radioljubuski.ba\\\/\"},{\"@type\":\"ListItem\",\"position\":2,\"name\":\"Dje\u010dakovo pismo Isusu napisano prije 82 godine slu\u010dajno prona\u0111eno: \u201eMali Isuse, \u010dekam te! Blagoslovi sve one koje volim&#8221;\"}]},{\"@type\":\"WebSite\",\"@id\":\"https:\\\/\\\/radioljubuski.ba\\\/#website\",\"url\":\"https:\\\/\\\/radioljubuski.ba\\\/\",\"name\":\"Radio Ljubu\u0161ki\",\"description\":\"Sun\u010dana frekvencija Hercegovine\",\"publisher\":{\"@id\":\"https:\\\/\\\/radioljubuski.ba\\\/#organization\"},\"potentialAction\":[{\"@type\":\"SearchAction\",\"target\":{\"@type\":\"EntryPoint\",\"urlTemplate\":\"https:\\\/\\\/radioljubuski.ba\\\/?s={search_term_string}\"},\"query-input\":{\"@type\":\"PropertyValueSpecification\",\"valueRequired\":true,\"valueName\":\"search_term_string\"}}],\"inLanguage\":\"hr\"},{\"@type\":\"Organization\",\"@id\":\"https:\\\/\\\/radioljubuski.ba\\\/#organization\",\"name\":\"Radio Ljubu\u0161ki\",\"url\":\"https:\\\/\\\/radioljubuski.ba\\\/\",\"logo\":{\"@type\":\"ImageObject\",\"inLanguage\":\"hr\",\"@id\":\"https:\\\/\\\/radioljubuski.ba\\\/#\\\/schema\\\/logo\\\/image\\\/\",\"url\":\"https:\\\/\\\/radioljubuski.ba\\\/wp-content\\\/uploads\\\/2021\\\/02\\\/cropped-Radio_Ljubuski_logo1.jpg\",\"contentUrl\":\"https:\\\/\\\/radioljubuski.ba\\\/wp-content\\\/uploads\\\/2021\\\/02\\\/cropped-Radio_Ljubuski_logo1.jpg\",\"width\":512,\"height\":512,\"caption\":\"Radio Ljubu\u0161ki\"},\"image\":{\"@id\":\"https:\\\/\\\/radioljubuski.ba\\\/#\\\/schema\\\/logo\\\/image\\\/\"},\"sameAs\":[\"https:\\\/\\\/www.facebook.com\\\/Radiio-Ljubuski-1490835324566332\",\"https:\\\/\\\/x.com\\\/radioljubuski\",\"https:\\\/\\\/hr.linkedin.com\\\/company\\\/radio-ljubuski\",\"https:\\\/\\\/www.youtube.com\\\/channel\\\/UCHYaeO_n0Db3tjNGudGpXyw\"]},{\"@type\":\"Person\",\"@id\":\"https:\\\/\\\/radioljubuski.ba\\\/#\\\/schema\\\/person\\\/19fc700381a780f69665d7956c469e3b\",\"name\":\"Radio Ljubu\u0161ki\"}]}<\/script>\n<!-- \/ Yoast SEO plugin. -->","yoast_head_json":{"title":"Dje\u010dakovo pismo Isusu napisano prije 82 godine slu\u010dajno prona\u0111eno: \u201eMali Isuse, \u010dekam te! Blagoslovi sve one koje volim\" - RADIO LJUBU\u0160KI","robots":{"index":"index","follow":"follow","max-snippet":"max-snippet:-1","max-image-preview":"max-image-preview:large","max-video-preview":"max-video-preview:-1"},"canonical":"https:\/\/radioljubuski.ba\/index.php\/2021\/08\/14\/djecakovo-pismo-isusu-napisano-prije-82-godine-slucajno-pronadeno-mali-isuse-cekam-te-blagoslovi-sve-one-koje-volim\/","og_locale":"hr_HR","og_type":"article","og_title":"Dje\u010dakovo pismo Isusu napisano prije 82 godine slu\u010dajno prona\u0111eno: \u201eMali Isuse, \u010dekam te! Blagoslovi sve one koje volim\" - RADIO LJUBU\u0160KI","og_description":"Vi\u0161e od 80 godina nakon \u0161to je ovaj mali dje\u010daka pisao Isusu, njegovo je pismo ponovno otkriveno i dirnulo je mnoga srca, pi\u0161e&nbsp;Aleteia. Pismo ovog dje\u010da\u010di\u0107a Isusu, napisano prije 82 godine na po\u010detku Drugog svjetskog rata, nedavno je prona\u0111eno u dnu ladice komada namje\u0161taja u Francuskoj. Bilo je to 17. prosinca 1939. Mali Pierre, iz [&hellip;]","og_url":"https:\/\/radioljubuski.ba\/index.php\/2021\/08\/14\/djecakovo-pismo-isusu-napisano-prije-82-godine-slucajno-pronadeno-mali-isuse-cekam-te-blagoslovi-sve-one-koje-volim\/","og_site_name":"RADIO LJUBU\u0160KI","article_publisher":"https:\/\/www.facebook.com\/Radiio-Ljubuski-1490835324566332","article_published_time":"2021-08-13T23:17:18+00:00","article_modified_time":"2021-08-13T23:17:20+00:00","og_image":[{"width":740,"height":370,"url":"https:\/\/radioljubuski.ba\/wp-content\/uploads\/2021\/08\/pierre.jpg","type":"image\/jpeg"}],"author":"Radio Ljubu\u0161ki","twitter_card":"summary_large_image","twitter_creator":"@radioljubuski","twitter_site":"@radioljubuski","twitter_misc":{"Napisao\/la":"Radio Ljubu\u0161ki","Procijenjeno vrijeme \u010ditanja":"2 minute"},"schema":{"@context":"https:\/\/schema.org","@graph":[{"@type":"Article","@id":"https:\/\/radioljubuski.ba\/index.php\/2021\/08\/14\/djecakovo-pismo-isusu-napisano-prije-82-godine-slucajno-pronadeno-mali-isuse-cekam-te-blagoslovi-sve-one-koje-volim\/#article","isPartOf":{"@id":"https:\/\/radioljubuski.ba\/index.php\/2021\/08\/14\/djecakovo-pismo-isusu-napisano-prije-82-godine-slucajno-pronadeno-mali-isuse-cekam-te-blagoslovi-sve-one-koje-volim\/"},"author":{"name":"Radio Ljubu\u0161ki","@id":"https:\/\/radioljubuski.ba\/#\/schema\/person\/19fc700381a780f69665d7956c469e3b"},"headline":"Dje\u010dakovo pismo Isusu napisano prije 82 godine slu\u010dajno prona\u0111eno: \u201eMali Isuse, \u010dekam te! Blagoslovi sve one koje volim&#8221;","datePublished":"2021-08-13T23:17:18+00:00","dateModified":"2021-08-13T23:17:20+00:00","mainEntityOfPage":{"@id":"https:\/\/radioljubuski.ba\/index.php\/2021\/08\/14\/djecakovo-pismo-isusu-napisano-prije-82-godine-slucajno-pronadeno-mali-isuse-cekam-te-blagoslovi-sve-one-koje-volim\/"},"wordCount":452,"publisher":{"@id":"https:\/\/radioljubuski.ba\/#organization"},"image":{"@id":"https:\/\/radioljubuski.ba\/index.php\/2021\/08\/14\/djecakovo-pismo-isusu-napisano-prije-82-godine-slucajno-pronadeno-mali-isuse-cekam-te-blagoslovi-sve-one-koje-volim\/#primaryimage"},"thumbnailUrl":"https:\/\/radioljubuski.ba\/wp-content\/uploads\/2021\/08\/pierre.jpg","articleSection":["BIH i regija"],"inLanguage":"hr"},{"@type":"WebPage","@id":"https:\/\/radioljubuski.ba\/index.php\/2021\/08\/14\/djecakovo-pismo-isusu-napisano-prije-82-godine-slucajno-pronadeno-mali-isuse-cekam-te-blagoslovi-sve-one-koje-volim\/","url":"https:\/\/radioljubuski.ba\/index.php\/2021\/08\/14\/djecakovo-pismo-isusu-napisano-prije-82-godine-slucajno-pronadeno-mali-isuse-cekam-te-blagoslovi-sve-one-koje-volim\/","name":"Dje\u010dakovo pismo Isusu napisano prije 82 godine slu\u010dajno prona\u0111eno: \u201eMali Isuse, \u010dekam te! Blagoslovi sve one koje volim\" - RADIO LJUBU\u0160KI","isPartOf":{"@id":"https:\/\/radioljubuski.ba\/#website"},"primaryImageOfPage":{"@id":"https:\/\/radioljubuski.ba\/index.php\/2021\/08\/14\/djecakovo-pismo-isusu-napisano-prije-82-godine-slucajno-pronadeno-mali-isuse-cekam-te-blagoslovi-sve-one-koje-volim\/#primaryimage"},"image":{"@id":"https:\/\/radioljubuski.ba\/index.php\/2021\/08\/14\/djecakovo-pismo-isusu-napisano-prije-82-godine-slucajno-pronadeno-mali-isuse-cekam-te-blagoslovi-sve-one-koje-volim\/#primaryimage"},"thumbnailUrl":"https:\/\/radioljubuski.ba\/wp-content\/uploads\/2021\/08\/pierre.jpg","datePublished":"2021-08-13T23:17:18+00:00","dateModified":"2021-08-13T23:17:20+00:00","breadcrumb":{"@id":"https:\/\/radioljubuski.ba\/index.php\/2021\/08\/14\/djecakovo-pismo-isusu-napisano-prije-82-godine-slucajno-pronadeno-mali-isuse-cekam-te-blagoslovi-sve-one-koje-volim\/#breadcrumb"},"inLanguage":"hr","potentialAction":[{"@type":"ReadAction","target":["https:\/\/radioljubuski.ba\/index.php\/2021\/08\/14\/djecakovo-pismo-isusu-napisano-prije-82-godine-slucajno-pronadeno-mali-isuse-cekam-te-blagoslovi-sve-one-koje-volim\/"]}]},{"@type":"ImageObject","inLanguage":"hr","@id":"https:\/\/radioljubuski.ba\/index.php\/2021\/08\/14\/djecakovo-pismo-isusu-napisano-prije-82-godine-slucajno-pronadeno-mali-isuse-cekam-te-blagoslovi-sve-one-koje-volim\/#primaryimage","url":"https:\/\/radioljubuski.ba\/wp-content\/uploads\/2021\/08\/pierre.jpg","contentUrl":"https:\/\/radioljubuski.ba\/wp-content\/uploads\/2021\/08\/pierre.jpg","width":740,"height":370},{"@type":"BreadcrumbList","@id":"https:\/\/radioljubuski.ba\/index.php\/2021\/08\/14\/djecakovo-pismo-isusu-napisano-prije-82-godine-slucajno-pronadeno-mali-isuse-cekam-te-blagoslovi-sve-one-koje-volim\/#breadcrumb","itemListElement":[{"@type":"ListItem","position":1,"name":"Po\u010detna stranica","item":"https:\/\/radioljubuski.ba\/"},{"@type":"ListItem","position":2,"name":"Dje\u010dakovo pismo Isusu napisano prije 82 godine slu\u010dajno prona\u0111eno: \u201eMali Isuse, \u010dekam te! Blagoslovi sve one koje volim&#8221;"}]},{"@type":"WebSite","@id":"https:\/\/radioljubuski.ba\/#website","url":"https:\/\/radioljubuski.ba\/","name":"Radio Ljubu\u0161ki","description":"Sun\u010dana frekvencija Hercegovine","publisher":{"@id":"https:\/\/radioljubuski.ba\/#organization"},"potentialAction":[{"@type":"SearchAction","target":{"@type":"EntryPoint","urlTemplate":"https:\/\/radioljubuski.ba\/?s={search_term_string}"},"query-input":{"@type":"PropertyValueSpecification","valueRequired":true,"valueName":"search_term_string"}}],"inLanguage":"hr"},{"@type":"Organization","@id":"https:\/\/radioljubuski.ba\/#organization","name":"Radio Ljubu\u0161ki","url":"https:\/\/radioljubuski.ba\/","logo":{"@type":"ImageObject","inLanguage":"hr","@id":"https:\/\/radioljubuski.ba\/#\/schema\/logo\/image\/","url":"https:\/\/radioljubuski.ba\/wp-content\/uploads\/2021\/02\/cropped-Radio_Ljubuski_logo1.jpg","contentUrl":"https:\/\/radioljubuski.ba\/wp-content\/uploads\/2021\/02\/cropped-Radio_Ljubuski_logo1.jpg","width":512,"height":512,"caption":"Radio Ljubu\u0161ki"},"image":{"@id":"https:\/\/radioljubuski.ba\/#\/schema\/logo\/image\/"},"sameAs":["https:\/\/www.facebook.com\/Radiio-Ljubuski-1490835324566332","https:\/\/x.com\/radioljubuski","https:\/\/hr.linkedin.com\/company\/radio-ljubuski","https:\/\/www.youtube.com\/channel\/UCHYaeO_n0Db3tjNGudGpXyw"]},{"@type":"Person","@id":"https:\/\/radioljubuski.ba\/#\/schema\/person\/19fc700381a780f69665d7956c469e3b","name":"Radio Ljubu\u0161ki"}]}},"_links":{"self":[{"href":"https:\/\/radioljubuski.ba\/index.php\/wp-json\/wp\/v2\/posts\/53221","targetHints":{"allow":["GET"]}}],"collection":[{"href":"https:\/\/radioljubuski.ba\/index.php\/wp-json\/wp\/v2\/posts"}],"about":[{"href":"https:\/\/radioljubuski.ba\/index.php\/wp-json\/wp\/v2\/types\/post"}],"author":[{"embeddable":true,"href":"https:\/\/radioljubuski.ba\/index.php\/wp-json\/wp\/v2\/users\/2"}],"replies":[{"embeddable":true,"href":"https:\/\/radioljubuski.ba\/index.php\/wp-json\/wp\/v2\/comments?post=53221"}],"version-history":[{"count":1,"href":"https:\/\/radioljubuski.ba\/index.php\/wp-json\/wp\/v2\/posts\/53221\/revisions"}],"predecessor-version":[{"id":53223,"href":"https:\/\/radioljubuski.ba\/index.php\/wp-json\/wp\/v2\/posts\/53221\/revisions\/53223"}],"wp:featuredmedia":[{"embeddable":true,"href":"https:\/\/radioljubuski.ba\/index.php\/wp-json\/wp\/v2\/media\/53222"}],"wp:attachment":[{"href":"https:\/\/radioljubuski.ba\/index.php\/wp-json\/wp\/v2\/media?parent=53221"}],"wp:term":[{"taxonomy":"category","embeddable":true,"href":"https:\/\/radioljubuski.ba\/index.php\/wp-json\/wp\/v2\/categories?post=53221"},{"taxonomy":"post_tag","embeddable":true,"href":"https:\/\/radioljubuski.ba\/index.php\/wp-json\/wp\/v2\/tags?post=53221"}],"curies":[{"name":"wp","href":"https:\/\/api.w.org\/{rel}","templated":true}]}}