{"id":53238,"date":"2021-08-14T00:25:50","date_gmt":"2021-08-13T23:25:50","guid":{"rendered":"https:\/\/radioljubuski.ba\/?p=53238"},"modified":"2021-08-14T00:25:51","modified_gmt":"2021-08-13T23:25:51","slug":"turisti-masovno-stizu-u-hrvatsku-zracne-i-trajektne-luke-pune-izvrsne-najave-za-jesen","status":"publish","type":"post","link":"https:\/\/radioljubuski.ba\/index.php\/2021\/08\/14\/turisti-masovno-stizu-u-hrvatsku-zracne-i-trajektne-luke-pune-izvrsne-najave-za-jesen\/","title":{"rendered":"Turisti masovno sti\u017eu u Hrvatsku: Zra\u010dne i trajektne luke pune, izvrsne najave za jesen"},"content":{"rendered":"\n<p>Da su trendovi turisti\u010dkog prometa u \u0161pici ovogodi\u0161nje sezone odli\u010dni pokazuju i podaci sustava eVisitor prema kojima je u dosada\u0161njem dijelu kolovoza u Hrvatskoj ostvareno oko 1.6 milijuna dolazaka te oko 12 milijuna no\u0107enja, \u0161to u odnosu na isto razdoblje kolovoza lani predstavlja rast od 20 posto u dolascima i 29 posto u no\u0107enjima. U odnosu na isto razdoblje kolovoza 2019. godine to je 80 posto rezultata u dolascima i 93 posto u no\u0107enjima, stoji u podacima koje je objavila Hrvatska turisti\u010dka zajednica.<\/p>\n\n\n\n<p>Kad se gleda po regijama, kvarnerske turisti\u010dke zajednice bilje\u017ee izvrsne rezultate u nastavku sezone, \u0161to doznajemo od Hrvatske udruge turizma (HUT).<\/p>\n\n\n\n<p>Kvarner ostvaruje izvrsne rezultate<\/p>\n\n\n\n<p>Samo u Crikvenici svakog dana u prosjeku se, navode, odmaraju 24.000 turista, \u0161to je 90 posto rezultata iz 2019. Najvi\u0161e je doma\u0107ih gostiju, a slijede ih Nijemci, Slovenci, Ma\u0111ari, \u010cesi i Poljaci.<\/p>\n\n\n\n<p>Marijana Biondi\u0107, direktorica lokalne turisti\u010dke zajednice, nada se da \u0107e, ako situacija s epidemiolo\u0161kim stanjem ostane dobra, kolovoz biti sjajan, ba\u0161 kao i rujan te listopad, koji bilje\u017ee vrlo dobar booking.<\/p>\n\n\n\n<p>Turisti\u010dka zajednica grada Senja objavila je kako su od po\u010detka godine do po\u010detka srpnja ostvarena 30.224 dolaska turista, koji su ostvarili 129.000 no\u0107enja, \u0161to je rast od 38 posto po pitanju dolazaka i 25 posto po pitanju no\u0107enja u odnosu na pro\u0161lu godinu. Tijekom srpnja zabilje\u017eeno je 21.239 dolazaka sa 100.000 no\u0107enja, \u0161to su plusevi od 33 posto u dolascima i 22 posto u no\u0107enjima, te je srpanj na 75 posto realizacije iz 2019.<\/p>\n\n\n\n<p>Novi Vinodolski je po\u010detkom kolovoza zabilje\u017eio dnevni posjet od 8636 turista, \u0161to je 27 posto vi\u0161e nego lani, a time je izjedna\u010den rekord iz 2019. Za razdoblje od po\u010detka godine do konca srpnja bilje\u017ei se 218.000 no\u0107enja, \u0161to je pak 38 posto vi\u0161e nego u istom razdoblju lani.<\/p>\n\n\n\n<p>Jako velik interes gostiju bilje\u017ei i otok Krk, koji je u srpnju imao 211.000 gostiju i 1.28 milijuna no\u0107enja, \u0161to su za tre\u0107inu bolje brojke nego lani. &nbsp;<\/p>\n\n\n\n<p>Umag peta hrvatska destinacija s milijun no\u0107enja, Rovinj uskoro na dva milijuna<\/p>\n\n\n\n<p>Nakon \u0161to su pro\u0161log vikenda milijunto ovogodi\u0161nje no\u0107enje prebacili Rovinj, Pore\u010d, Vir i Medulin, ovaj tjedan im se pridru\u017eio i Umag.<\/p>\n\n\n\n<p>Direktor Turisti\u010dke zajednice grada Umaga Milovan Popovi\u0107 isti\u010de da su puni svi uma\u0161ki kapaciteti, uklju\u010duju\u0107i kampove i privatni smje\u0161taj, a proteklog vikenda je u gradu bilo tri posto vi\u0161e turista nego 2019. U Umagu su najbrojniji gosti iz Njema\u010dke, Slovenije, Austrije, \u010ce\u0161ke, Slova\u010dke i Poljske.<\/p>\n\n\n\n<p>Prvi grad koji \u0107e sti\u0107i do broja od dva milijuna no\u0107enja najvjerojatnije \u0107e biti Rovinj. Za vikend se u gradu odmaralo vi\u0161e od 38.000 gostiju, oko \u0161est posto vi\u0161e nego \u0161to ih se odmaralo pretpandemijske 2019.<\/p>\n\n\n\n<p>Rekordan promet u splitskoj zra\u010dnoj i trajektnoj luci<\/p>\n\n\n\n<p>Kroz splitsku zra\u010dnu i trajektnu luku za vikend je pro\u0161lo oko 115.000 putnika, \u0161to je rekordan ovogodi\u0161nji promet. Kroz trajektnu luku pro\u0161lo je vi\u0161e od 17.000 vozila, \u0161to je tako\u0111er najvi\u0161i broj u dosada\u0161njem dijelu godine i \u010dini 77 posto prometa iz 2019.<\/p>\n\n\n\n<p>Zbog pove\u0107anog prometa putnika uvedena su i dva izvanredna trajekta iz Splita prema Supetru na Bra\u010du.<\/p>\n\n\n\n<p>U splitsku zra\u010dnu luku za vikend je doletjelo \u010dak 190 zrakoplova iz 24 zemlje, koji su ostvarili promet od oko 40.000 putnika. U srpnju je kroz splitsku zra\u010dnu luku pro\u0161lo 353.000 putnika, \u0161to je najve\u0107i srpanjski promet u doma\u0107im zra\u010dnim lukama.<\/p>\n\n\n\n<p>Na hrvatskim autocestama gotovo isti broj vozila kao i 2019.<\/p>\n\n\n\n<p>Tijekom vikenda na hrvatskim autocestama zabilje\u017een je promet 875.500 vozila, \u0161to je rast za vi\u0161e od 30 posto u odnosu na isto lanjsko razdoblje, kada je zabilje\u017een promet od 666.949 vozila.<\/p>\n\n\n\n<p>U usporedbi s istim vikendom rekordne turisti\u010dke 2019. godine, kada je autocestama prometovalo 892.959 vozila, promet je tek dva posto manji. U kontekstu turisti\u010dke sezone va\u017ean je podatak da promet na autocesti A1 i dalje bilje\u017ei porast te je proteklog vikenda u odnosu na isti vikend 2019. promet na autocesti A1 bio ve\u0107i 1.41 posto, a pove\u0107anje se o\u010dekuje i ovog vikenda.<\/p>\n\n\n\n<p>Izvor:indeks.hr<\/p>\n","protected":false},"excerpt":{"rendered":"<p>Da su trendovi turisti\u010dkog prometa u \u0161pici ovogodi\u0161nje sezone odli\u010dni pokazuju i podaci sustava eVisitor prema kojima je u dosada\u0161njem dijelu kolovoza u Hrvatskoj ostvareno oko 1.6 milijuna dolazaka te oko 12 milijuna no\u0107enja, \u0161to u odnosu na isto razdoblje kolovoza lani predstavlja rast od 20 posto u dolascima i 29 posto u no\u0107enjima. U [&hellip;]<\/p>\n","protected":false},"author":2,"featured_media":51916,"comment_status":"closed","ping_status":"closed","sticky":false,"template":"","format":"standard","meta":{"h5ap_radio_sources":[],"footnotes":""},"categories":[1],"tags":[],"class_list":["post-53238","post","type-post","status-publish","format-standard","has-post-thumbnail","hentry","category-bihiregija"],"yoast_head":"<!-- This site is optimized with the Yoast SEO plugin v27.4 - https:\/\/yoast.com\/product\/yoast-seo-wordpress\/ -->\n<title>Turisti masovno sti\u017eu u Hrvatsku: Zra\u010dne i trajektne luke pune, izvrsne najave za jesen - RADIO LJUBU\u0160KI<\/title>\n<meta name=\"robots\" content=\"index, follow, max-snippet:-1, max-image-preview:large, max-video-preview:-1\" \/>\n<link rel=\"canonical\" href=\"https:\/\/radioljubuski.ba\/index.php\/2021\/08\/14\/turisti-masovno-stizu-u-hrvatsku-zracne-i-trajektne-luke-pune-izvrsne-najave-za-jesen\/\" \/>\n<meta property=\"og:locale\" content=\"hr_HR\" \/>\n<meta property=\"og:type\" content=\"article\" \/>\n<meta property=\"og:title\" content=\"Turisti masovno sti\u017eu u Hrvatsku: Zra\u010dne i trajektne luke pune, izvrsne najave za jesen - RADIO LJUBU\u0160KI\" \/>\n<meta property=\"og:description\" content=\"Da su trendovi turisti\u010dkog prometa u \u0161pici ovogodi\u0161nje sezone odli\u010dni pokazuju i podaci sustava eVisitor prema kojima je u dosada\u0161njem dijelu kolovoza u Hrvatskoj ostvareno oko 1.6 milijuna dolazaka te oko 12 milijuna no\u0107enja, \u0161to u odnosu na isto razdoblje kolovoza lani predstavlja rast od 20 posto u dolascima i 29 posto u no\u0107enjima. U [&hellip;]\" \/>\n<meta property=\"og:url\" content=\"https:\/\/radioljubuski.ba\/index.php\/2021\/08\/14\/turisti-masovno-stizu-u-hrvatsku-zracne-i-trajektne-luke-pune-izvrsne-najave-za-jesen\/\" \/>\n<meta property=\"og:site_name\" content=\"RADIO LJUBU\u0160KI\" \/>\n<meta property=\"article:publisher\" content=\"https:\/\/www.facebook.com\/Radiio-Ljubuski-1490835324566332\" \/>\n<meta property=\"article:published_time\" content=\"2021-08-13T23:25:50+00:00\" \/>\n<meta property=\"article:modified_time\" content=\"2021-08-13T23:25:51+00:00\" \/>\n<meta property=\"og:image\" content=\"https:\/\/radioljubuski.ba\/wp-content\/uploads\/2021\/08\/5pFCdcIy_makarska_plaza_turisti_fah.jpg\" \/>\n\t<meta property=\"og:image:width\" content=\"1000\" \/>\n\t<meta property=\"og:image:height\" content=\"625\" \/>\n\t<meta property=\"og:image:type\" content=\"image\/jpeg\" \/>\n<meta name=\"author\" content=\"Radio Ljubu\u0161ki\" \/>\n<meta name=\"twitter:card\" content=\"summary_large_image\" \/>\n<meta name=\"twitter:creator\" content=\"@radioljubuski\" \/>\n<meta name=\"twitter:site\" content=\"@radioljubuski\" \/>\n<meta name=\"twitter:label1\" content=\"Napisao\/la\" \/>\n\t<meta name=\"twitter:data1\" content=\"Radio Ljubu\u0161ki\" \/>\n\t<meta name=\"twitter:label2\" content=\"Procijenjeno vrijeme \u010ditanja\" \/>\n\t<meta name=\"twitter:data2\" content=\"3 minute\" \/>\n<script type=\"application\/ld+json\" class=\"yoast-schema-graph\">{\"@context\":\"https:\\\/\\\/schema.org\",\"@graph\":[{\"@type\":\"Article\",\"@id\":\"https:\\\/\\\/radioljubuski.ba\\\/index.php\\\/2021\\\/08\\\/14\\\/turisti-masovno-stizu-u-hrvatsku-zracne-i-trajektne-luke-pune-izvrsne-najave-za-jesen\\\/#article\",\"isPartOf\":{\"@id\":\"https:\\\/\\\/radioljubuski.ba\\\/index.php\\\/2021\\\/08\\\/14\\\/turisti-masovno-stizu-u-hrvatsku-zracne-i-trajektne-luke-pune-izvrsne-najave-za-jesen\\\/\"},\"author\":{\"name\":\"Radio Ljubu\u0161ki\",\"@id\":\"https:\\\/\\\/radioljubuski.ba\\\/#\\\/schema\\\/person\\\/19fc700381a780f69665d7956c469e3b\"},\"headline\":\"Turisti masovno sti\u017eu u Hrvatsku: Zra\u010dne i trajektne luke pune, izvrsne najave za jesen\",\"datePublished\":\"2021-08-13T23:25:50+00:00\",\"dateModified\":\"2021-08-13T23:25:51+00:00\",\"mainEntityOfPage\":{\"@id\":\"https:\\\/\\\/radioljubuski.ba\\\/index.php\\\/2021\\\/08\\\/14\\\/turisti-masovno-stizu-u-hrvatsku-zracne-i-trajektne-luke-pune-izvrsne-najave-za-jesen\\\/\"},\"wordCount\":701,\"publisher\":{\"@id\":\"https:\\\/\\\/radioljubuski.ba\\\/#organization\"},\"image\":{\"@id\":\"https:\\\/\\\/radioljubuski.ba\\\/index.php\\\/2021\\\/08\\\/14\\\/turisti-masovno-stizu-u-hrvatsku-zracne-i-trajektne-luke-pune-izvrsne-najave-za-jesen\\\/#primaryimage\"},\"thumbnailUrl\":\"https:\\\/\\\/radioljubuski.ba\\\/wp-content\\\/uploads\\\/2021\\\/08\\\/5pFCdcIy_makarska_plaza_turisti_fah.jpg\",\"articleSection\":[\"BIH i regija\"],\"inLanguage\":\"hr\"},{\"@type\":\"WebPage\",\"@id\":\"https:\\\/\\\/radioljubuski.ba\\\/index.php\\\/2021\\\/08\\\/14\\\/turisti-masovno-stizu-u-hrvatsku-zracne-i-trajektne-luke-pune-izvrsne-najave-za-jesen\\\/\",\"url\":\"https:\\\/\\\/radioljubuski.ba\\\/index.php\\\/2021\\\/08\\\/14\\\/turisti-masovno-stizu-u-hrvatsku-zracne-i-trajektne-luke-pune-izvrsne-najave-za-jesen\\\/\",\"name\":\"Turisti masovno sti\u017eu u Hrvatsku: Zra\u010dne i trajektne luke pune, izvrsne najave za jesen - RADIO LJUBU\u0160KI\",\"isPartOf\":{\"@id\":\"https:\\\/\\\/radioljubuski.ba\\\/#website\"},\"primaryImageOfPage\":{\"@id\":\"https:\\\/\\\/radioljubuski.ba\\\/index.php\\\/2021\\\/08\\\/14\\\/turisti-masovno-stizu-u-hrvatsku-zracne-i-trajektne-luke-pune-izvrsne-najave-za-jesen\\\/#primaryimage\"},\"image\":{\"@id\":\"https:\\\/\\\/radioljubuski.ba\\\/index.php\\\/2021\\\/08\\\/14\\\/turisti-masovno-stizu-u-hrvatsku-zracne-i-trajektne-luke-pune-izvrsne-najave-za-jesen\\\/#primaryimage\"},\"thumbnailUrl\":\"https:\\\/\\\/radioljubuski.ba\\\/wp-content\\\/uploads\\\/2021\\\/08\\\/5pFCdcIy_makarska_plaza_turisti_fah.jpg\",\"datePublished\":\"2021-08-13T23:25:50+00:00\",\"dateModified\":\"2021-08-13T23:25:51+00:00\",\"breadcrumb\":{\"@id\":\"https:\\\/\\\/radioljubuski.ba\\\/index.php\\\/2021\\\/08\\\/14\\\/turisti-masovno-stizu-u-hrvatsku-zracne-i-trajektne-luke-pune-izvrsne-najave-za-jesen\\\/#breadcrumb\"},\"inLanguage\":\"hr\",\"potentialAction\":[{\"@type\":\"ReadAction\",\"target\":[\"https:\\\/\\\/radioljubuski.ba\\\/index.php\\\/2021\\\/08\\\/14\\\/turisti-masovno-stizu-u-hrvatsku-zracne-i-trajektne-luke-pune-izvrsne-najave-za-jesen\\\/\"]}]},{\"@type\":\"ImageObject\",\"inLanguage\":\"hr\",\"@id\":\"https:\\\/\\\/radioljubuski.ba\\\/index.php\\\/2021\\\/08\\\/14\\\/turisti-masovno-stizu-u-hrvatsku-zracne-i-trajektne-luke-pune-izvrsne-najave-za-jesen\\\/#primaryimage\",\"url\":\"https:\\\/\\\/radioljubuski.ba\\\/wp-content\\\/uploads\\\/2021\\\/08\\\/5pFCdcIy_makarska_plaza_turisti_fah.jpg\",\"contentUrl\":\"https:\\\/\\\/radioljubuski.ba\\\/wp-content\\\/uploads\\\/2021\\\/08\\\/5pFCdcIy_makarska_plaza_turisti_fah.jpg\",\"width\":1000,\"height\":625},{\"@type\":\"BreadcrumbList\",\"@id\":\"https:\\\/\\\/radioljubuski.ba\\\/index.php\\\/2021\\\/08\\\/14\\\/turisti-masovno-stizu-u-hrvatsku-zracne-i-trajektne-luke-pune-izvrsne-najave-za-jesen\\\/#breadcrumb\",\"itemListElement\":[{\"@type\":\"ListItem\",\"position\":1,\"name\":\"Po\u010detna stranica\",\"item\":\"https:\\\/\\\/radioljubuski.ba\\\/\"},{\"@type\":\"ListItem\",\"position\":2,\"name\":\"Turisti masovno sti\u017eu u Hrvatsku: Zra\u010dne i trajektne luke pune, izvrsne najave za jesen\"}]},{\"@type\":\"WebSite\",\"@id\":\"https:\\\/\\\/radioljubuski.ba\\\/#website\",\"url\":\"https:\\\/\\\/radioljubuski.ba\\\/\",\"name\":\"Radio Ljubu\u0161ki\",\"description\":\"Sun\u010dana frekvencija Hercegovine\",\"publisher\":{\"@id\":\"https:\\\/\\\/radioljubuski.ba\\\/#organization\"},\"potentialAction\":[{\"@type\":\"SearchAction\",\"target\":{\"@type\":\"EntryPoint\",\"urlTemplate\":\"https:\\\/\\\/radioljubuski.ba\\\/?s={search_term_string}\"},\"query-input\":{\"@type\":\"PropertyValueSpecification\",\"valueRequired\":true,\"valueName\":\"search_term_string\"}}],\"inLanguage\":\"hr\"},{\"@type\":\"Organization\",\"@id\":\"https:\\\/\\\/radioljubuski.ba\\\/#organization\",\"name\":\"Radio Ljubu\u0161ki\",\"url\":\"https:\\\/\\\/radioljubuski.ba\\\/\",\"logo\":{\"@type\":\"ImageObject\",\"inLanguage\":\"hr\",\"@id\":\"https:\\\/\\\/radioljubuski.ba\\\/#\\\/schema\\\/logo\\\/image\\\/\",\"url\":\"https:\\\/\\\/radioljubuski.ba\\\/wp-content\\\/uploads\\\/2021\\\/02\\\/cropped-Radio_Ljubuski_logo1.jpg\",\"contentUrl\":\"https:\\\/\\\/radioljubuski.ba\\\/wp-content\\\/uploads\\\/2021\\\/02\\\/cropped-Radio_Ljubuski_logo1.jpg\",\"width\":512,\"height\":512,\"caption\":\"Radio Ljubu\u0161ki\"},\"image\":{\"@id\":\"https:\\\/\\\/radioljubuski.ba\\\/#\\\/schema\\\/logo\\\/image\\\/\"},\"sameAs\":[\"https:\\\/\\\/www.facebook.com\\\/Radiio-Ljubuski-1490835324566332\",\"https:\\\/\\\/x.com\\\/radioljubuski\",\"https:\\\/\\\/hr.linkedin.com\\\/company\\\/radio-ljubuski\",\"https:\\\/\\\/www.youtube.com\\\/channel\\\/UCHYaeO_n0Db3tjNGudGpXyw\"]},{\"@type\":\"Person\",\"@id\":\"https:\\\/\\\/radioljubuski.ba\\\/#\\\/schema\\\/person\\\/19fc700381a780f69665d7956c469e3b\",\"name\":\"Radio Ljubu\u0161ki\"}]}<\/script>\n<!-- \/ Yoast SEO plugin. -->","yoast_head_json":{"title":"Turisti masovno sti\u017eu u Hrvatsku: Zra\u010dne i trajektne luke pune, izvrsne najave za jesen - RADIO LJUBU\u0160KI","robots":{"index":"index","follow":"follow","max-snippet":"max-snippet:-1","max-image-preview":"max-image-preview:large","max-video-preview":"max-video-preview:-1"},"canonical":"https:\/\/radioljubuski.ba\/index.php\/2021\/08\/14\/turisti-masovno-stizu-u-hrvatsku-zracne-i-trajektne-luke-pune-izvrsne-najave-za-jesen\/","og_locale":"hr_HR","og_type":"article","og_title":"Turisti masovno sti\u017eu u Hrvatsku: Zra\u010dne i trajektne luke pune, izvrsne najave za jesen - RADIO LJUBU\u0160KI","og_description":"Da su trendovi turisti\u010dkog prometa u \u0161pici ovogodi\u0161nje sezone odli\u010dni pokazuju i podaci sustava eVisitor prema kojima je u dosada\u0161njem dijelu kolovoza u Hrvatskoj ostvareno oko 1.6 milijuna dolazaka te oko 12 milijuna no\u0107enja, \u0161to u odnosu na isto razdoblje kolovoza lani predstavlja rast od 20 posto u dolascima i 29 posto u no\u0107enjima. U [&hellip;]","og_url":"https:\/\/radioljubuski.ba\/index.php\/2021\/08\/14\/turisti-masovno-stizu-u-hrvatsku-zracne-i-trajektne-luke-pune-izvrsne-najave-za-jesen\/","og_site_name":"RADIO LJUBU\u0160KI","article_publisher":"https:\/\/www.facebook.com\/Radiio-Ljubuski-1490835324566332","article_published_time":"2021-08-13T23:25:50+00:00","article_modified_time":"2021-08-13T23:25:51+00:00","og_image":[{"width":1000,"height":625,"url":"https:\/\/radioljubuski.ba\/wp-content\/uploads\/2021\/08\/5pFCdcIy_makarska_plaza_turisti_fah.jpg","type":"image\/jpeg"}],"author":"Radio Ljubu\u0161ki","twitter_card":"summary_large_image","twitter_creator":"@radioljubuski","twitter_site":"@radioljubuski","twitter_misc":{"Napisao\/la":"Radio Ljubu\u0161ki","Procijenjeno vrijeme \u010ditanja":"3 minute"},"schema":{"@context":"https:\/\/schema.org","@graph":[{"@type":"Article","@id":"https:\/\/radioljubuski.ba\/index.php\/2021\/08\/14\/turisti-masovno-stizu-u-hrvatsku-zracne-i-trajektne-luke-pune-izvrsne-najave-za-jesen\/#article","isPartOf":{"@id":"https:\/\/radioljubuski.ba\/index.php\/2021\/08\/14\/turisti-masovno-stizu-u-hrvatsku-zracne-i-trajektne-luke-pune-izvrsne-najave-za-jesen\/"},"author":{"name":"Radio Ljubu\u0161ki","@id":"https:\/\/radioljubuski.ba\/#\/schema\/person\/19fc700381a780f69665d7956c469e3b"},"headline":"Turisti masovno sti\u017eu u Hrvatsku: Zra\u010dne i trajektne luke pune, izvrsne najave za jesen","datePublished":"2021-08-13T23:25:50+00:00","dateModified":"2021-08-13T23:25:51+00:00","mainEntityOfPage":{"@id":"https:\/\/radioljubuski.ba\/index.php\/2021\/08\/14\/turisti-masovno-stizu-u-hrvatsku-zracne-i-trajektne-luke-pune-izvrsne-najave-za-jesen\/"},"wordCount":701,"publisher":{"@id":"https:\/\/radioljubuski.ba\/#organization"},"image":{"@id":"https:\/\/radioljubuski.ba\/index.php\/2021\/08\/14\/turisti-masovno-stizu-u-hrvatsku-zracne-i-trajektne-luke-pune-izvrsne-najave-za-jesen\/#primaryimage"},"thumbnailUrl":"https:\/\/radioljubuski.ba\/wp-content\/uploads\/2021\/08\/5pFCdcIy_makarska_plaza_turisti_fah.jpg","articleSection":["BIH i regija"],"inLanguage":"hr"},{"@type":"WebPage","@id":"https:\/\/radioljubuski.ba\/index.php\/2021\/08\/14\/turisti-masovno-stizu-u-hrvatsku-zracne-i-trajektne-luke-pune-izvrsne-najave-za-jesen\/","url":"https:\/\/radioljubuski.ba\/index.php\/2021\/08\/14\/turisti-masovno-stizu-u-hrvatsku-zracne-i-trajektne-luke-pune-izvrsne-najave-za-jesen\/","name":"Turisti masovno sti\u017eu u Hrvatsku: Zra\u010dne i trajektne luke pune, izvrsne najave za jesen - RADIO LJUBU\u0160KI","isPartOf":{"@id":"https:\/\/radioljubuski.ba\/#website"},"primaryImageOfPage":{"@id":"https:\/\/radioljubuski.ba\/index.php\/2021\/08\/14\/turisti-masovno-stizu-u-hrvatsku-zracne-i-trajektne-luke-pune-izvrsne-najave-za-jesen\/#primaryimage"},"image":{"@id":"https:\/\/radioljubuski.ba\/index.php\/2021\/08\/14\/turisti-masovno-stizu-u-hrvatsku-zracne-i-trajektne-luke-pune-izvrsne-najave-za-jesen\/#primaryimage"},"thumbnailUrl":"https:\/\/radioljubuski.ba\/wp-content\/uploads\/2021\/08\/5pFCdcIy_makarska_plaza_turisti_fah.jpg","datePublished":"2021-08-13T23:25:50+00:00","dateModified":"2021-08-13T23:25:51+00:00","breadcrumb":{"@id":"https:\/\/radioljubuski.ba\/index.php\/2021\/08\/14\/turisti-masovno-stizu-u-hrvatsku-zracne-i-trajektne-luke-pune-izvrsne-najave-za-jesen\/#breadcrumb"},"inLanguage":"hr","potentialAction":[{"@type":"ReadAction","target":["https:\/\/radioljubuski.ba\/index.php\/2021\/08\/14\/turisti-masovno-stizu-u-hrvatsku-zracne-i-trajektne-luke-pune-izvrsne-najave-za-jesen\/"]}]},{"@type":"ImageObject","inLanguage":"hr","@id":"https:\/\/radioljubuski.ba\/index.php\/2021\/08\/14\/turisti-masovno-stizu-u-hrvatsku-zracne-i-trajektne-luke-pune-izvrsne-najave-za-jesen\/#primaryimage","url":"https:\/\/radioljubuski.ba\/wp-content\/uploads\/2021\/08\/5pFCdcIy_makarska_plaza_turisti_fah.jpg","contentUrl":"https:\/\/radioljubuski.ba\/wp-content\/uploads\/2021\/08\/5pFCdcIy_makarska_plaza_turisti_fah.jpg","width":1000,"height":625},{"@type":"BreadcrumbList","@id":"https:\/\/radioljubuski.ba\/index.php\/2021\/08\/14\/turisti-masovno-stizu-u-hrvatsku-zracne-i-trajektne-luke-pune-izvrsne-najave-za-jesen\/#breadcrumb","itemListElement":[{"@type":"ListItem","position":1,"name":"Po\u010detna stranica","item":"https:\/\/radioljubuski.ba\/"},{"@type":"ListItem","position":2,"name":"Turisti masovno sti\u017eu u Hrvatsku: Zra\u010dne i trajektne luke pune, izvrsne najave za jesen"}]},{"@type":"WebSite","@id":"https:\/\/radioljubuski.ba\/#website","url":"https:\/\/radioljubuski.ba\/","name":"Radio Ljubu\u0161ki","description":"Sun\u010dana frekvencija Hercegovine","publisher":{"@id":"https:\/\/radioljubuski.ba\/#organization"},"potentialAction":[{"@type":"SearchAction","target":{"@type":"EntryPoint","urlTemplate":"https:\/\/radioljubuski.ba\/?s={search_term_string}"},"query-input":{"@type":"PropertyValueSpecification","valueRequired":true,"valueName":"search_term_string"}}],"inLanguage":"hr"},{"@type":"Organization","@id":"https:\/\/radioljubuski.ba\/#organization","name":"Radio Ljubu\u0161ki","url":"https:\/\/radioljubuski.ba\/","logo":{"@type":"ImageObject","inLanguage":"hr","@id":"https:\/\/radioljubuski.ba\/#\/schema\/logo\/image\/","url":"https:\/\/radioljubuski.ba\/wp-content\/uploads\/2021\/02\/cropped-Radio_Ljubuski_logo1.jpg","contentUrl":"https:\/\/radioljubuski.ba\/wp-content\/uploads\/2021\/02\/cropped-Radio_Ljubuski_logo1.jpg","width":512,"height":512,"caption":"Radio Ljubu\u0161ki"},"image":{"@id":"https:\/\/radioljubuski.ba\/#\/schema\/logo\/image\/"},"sameAs":["https:\/\/www.facebook.com\/Radiio-Ljubuski-1490835324566332","https:\/\/x.com\/radioljubuski","https:\/\/hr.linkedin.com\/company\/radio-ljubuski","https:\/\/www.youtube.com\/channel\/UCHYaeO_n0Db3tjNGudGpXyw"]},{"@type":"Person","@id":"https:\/\/radioljubuski.ba\/#\/schema\/person\/19fc700381a780f69665d7956c469e3b","name":"Radio Ljubu\u0161ki"}]}},"_links":{"self":[{"href":"https:\/\/radioljubuski.ba\/index.php\/wp-json\/wp\/v2\/posts\/53238","targetHints":{"allow":["GET"]}}],"collection":[{"href":"https:\/\/radioljubuski.ba\/index.php\/wp-json\/wp\/v2\/posts"}],"about":[{"href":"https:\/\/radioljubuski.ba\/index.php\/wp-json\/wp\/v2\/types\/post"}],"author":[{"embeddable":true,"href":"https:\/\/radioljubuski.ba\/index.php\/wp-json\/wp\/v2\/users\/2"}],"replies":[{"embeddable":true,"href":"https:\/\/radioljubuski.ba\/index.php\/wp-json\/wp\/v2\/comments?post=53238"}],"version-history":[{"count":1,"href":"https:\/\/radioljubuski.ba\/index.php\/wp-json\/wp\/v2\/posts\/53238\/revisions"}],"predecessor-version":[{"id":53239,"href":"https:\/\/radioljubuski.ba\/index.php\/wp-json\/wp\/v2\/posts\/53238\/revisions\/53239"}],"wp:featuredmedia":[{"embeddable":true,"href":"https:\/\/radioljubuski.ba\/index.php\/wp-json\/wp\/v2\/media\/51916"}],"wp:attachment":[{"href":"https:\/\/radioljubuski.ba\/index.php\/wp-json\/wp\/v2\/media?parent=53238"}],"wp:term":[{"taxonomy":"category","embeddable":true,"href":"https:\/\/radioljubuski.ba\/index.php\/wp-json\/wp\/v2\/categories?post=53238"},{"taxonomy":"post_tag","embeddable":true,"href":"https:\/\/radioljubuski.ba\/index.php\/wp-json\/wp\/v2\/tags?post=53238"}],"curies":[{"name":"wp","href":"https:\/\/api.w.org\/{rel}","templated":true}]}}