{"id":53242,"date":"2021-08-14T00:32:16","date_gmt":"2021-08-13T23:32:16","guid":{"rendered":"https:\/\/radioljubuski.ba\/?p=53242"},"modified":"2021-08-14T00:32:17","modified_gmt":"2021-08-13T23:32:17","slug":"stravicna-prometna-nesreca-u-frontalnom-sudaru-poginula-djevojka-imala-je-samo-25-godina-a-bila-je-medicinska-sestra-i-udomiteljica-cetvero-djece","status":"publish","type":"post","link":"https:\/\/radioljubuski.ba\/index.php\/2021\/08\/14\/stravicna-prometna-nesreca-u-frontalnom-sudaru-poginula-djevojka-imala-je-samo-25-godina-a-bila-je-medicinska-sestra-i-udomiteljica-cetvero-djece\/","title":{"rendered":"Stravi\u010dna prometna nesre\u0107a: u frontalnom sudaru poginula djevojka, imala je samo 25 godina, a bila je medicinska sestra i udomiteljica \u010detvero djece"},"content":{"rendered":"\n<p>Stravi\u010dna prometna nesre\u0107a u no\u0107i na petak odnijela je jedan mladi \u017eivot, a jo\u0161 jedna osoba nalazi se u bolnici u te\u0161kom stanju. U frontalnom sudaru dvaju osobnih automobila poginula je&nbsp;<strong>Petra Horvat<\/strong>&nbsp;(24). U njezinu se Kiu u dvije minute poslije pono\u0107i velikom brzinom zaletio Mini Cooper i totalno ga smrskao. Za volanom je bio mladi koprivni\u010dki nogometa\u0161&nbsp;I.\u0160., star 22 godine, koji je iz jo\u0161 neutvr\u0111enog razloga pre\u0161ao na suprotnu stranu ceste, prenosi&nbsp;<a href=\"https:\/\/www.jutarnji.hr\/vijesti\/crna-kronika\/poginula-je-nasa-predivna-dusa-petra-imala-je-samo-25-i-bila-udomiteljica-cetvero-djece-15094815\">Jutarnji list<\/a>.<\/p>\n\n\n\n<p>Policija o nesre\u0107i nije op\u0161irno izvijestila.<\/p>\n\n\n\n<p>&#8211; No\u0107as u 00.02 sati, u Kunovec Bregu kod Koprivnice, 22-godi\u0161nji voza\u010d upravljao je osobnim automobilom Mini Cooper koprivni\u010dke oznake u smjeru Koprivnice. Pre\u0161ao je na suprotnu stranu i sudario se s osobnim automobilom Kia vara\u017edinske oznake kojim je iz suprotnog smjera upravljala voza\u010dica (24).<\/p>\n\n\n\n<p>Od siline sudara, Mini Cooper se zanio i&nbsp;udario u rubni kamen nakon \u010dega se vozilo prevrnulo na krov.<\/p>\n\n\n\n<p>Zbog kaznenog djela izazivanja prometne nesre\u0107e u cestovnom prometu provodi se kriminalisti\u010dko istra\u017eivanje te su od voza\u010da izuzeti uzorci krvi i urina zbog analize utvr\u0111ivanja prisutnosti alkohola u organizmu.<\/p>\n\n\n\n<figure class=\"wp-block-image\"><img decoding=\"async\" src=\"https:\/\/static.slobodnadalmacija.hr\/images\/slike\/2021\/08\/13\/18999188.jpg?1628882495\" alt=\"image\"\/><\/figure>\n\n\n\n<p>Kako saznaje Jutarnji, Petra Horvat iz Poljanca, mjesta izme\u0111u Vara\u017edina i Ludbrega, bila je zaposlena kao glavna medicinska sestra u Domu za psihi\u010dki bolesne odrasle osobe Bistri\u010dak u Jal\u017eabetu. Iako vrlo mlada, Petra je, opisuju je prijatelji, bila iznimno socijalno anga\u017eirana.<\/p>\n\n\n\n<p>Iz udruge za oboljele od dijabetesa, Dia-mell Ludbreg, \u010dija je Petra bila \u010dlanica, na Facebooku su se oprostili dirljivim statusom.<\/p>\n\n\n\n<p>&#8211; Nakon te\u0161ke prometne nesre\u0107e i operacije iza toga, na\u0161a Petra Horvat ro\u0111. 30.12.1996., umrla je jutros u 5 sati. Bila je vrijedna&#8230; Glavna sestra u Domu Bistri\u010dak u Jal\u017eabetu, sa svojom mamom udomiteljica \u010detvero djece, vrijedna \u010dlanica na\u0161e udruge Dia-mell Ludbreg i voditeljica autorske emisije Abeceda zdravlja &#8211; abeceda dijabetesa&#8230; Za 17.8. smo trebali snimati na\u0161u \u010detvrtu emisiju&#8230;<\/p>\n\n\n\n<p>Uz sve to, uvijek je stigla pomagati drugima&#8230; Draga Petra, te\u0161ko je shvatiti i pomiriti se da te vi\u0161e nema. Bila si vi\u0161e od savjesne, korektne suradnice koja je uvijek, ali uvijek na\u0161la vremena za poslove udruge, za poneko pri\u010danje uz kavu. Izgubili smo te divnu, samozatajnu, uvijek korektnu i dosljednu, usprkos neda\u0107ama ili tisu\u0107ama obveza&#8230; Neponovljivo je ovako lijepo bi\u0107e iznutra i izvana, napisala je\u00a0Dragica Luki\u0107, predsjednica Udruge Dia-mell.<\/p>\n\n\n\n<figure class=\"wp-block-image\"><img decoding=\"async\" src=\"https:\/\/static.slobodnadalmacija.hr\/images\/slike\/2021\/08\/13\/18999186.jpg?1628882495\" alt=\"image\"\/><\/figure>\n\n\n\n<p>Od Petre su se oprostili i na Facebooku stranici NaInzulinu.<\/p>\n\n\n\n<p>&#8211; No\u0107as je u te\u0161koj prometnoj nesre\u0107i poginula Petra Horvat, 25 godi\u0161nja dijabeti\u010dka edukatorica i volonter! Hitna je pomo\u0107 do\u0161la brzo na cestu Ludbreg \u2013 Koprivnica, ali na\u0161a Petra je u bolnici ubrzo izdahnula&#8230;<\/p>\n\n\n\n<p>Imala je samo 25 godina, glavna medicinska sestra i udomiteljica \u010detvero djece. Prema rije\u010dima g\u0111e Dragice, Predsjednice udruge Dia-mell Ludbreg &#8211; predivna du\u0161a izvana i iznutra!<\/p>\n\n\n\n<p>Iz svega navedenog i prilo\u017eenih fotografija jasno je da je rije\u010d o duboko po\u017ertvovnoj osobi, posve\u0107enoj obitelji, prijateljima i dijabeti\u010dkoj zajednici. Izra\u017eavamo svoje najdublje sau\u010de\u0161\u0107e obitelji i prijateljima. Draga Petra, po\u010divala u miru, napisali su.<\/p>\n\n\n\n<iframe loading=\"lazy\" src=\"https:\/\/www.facebook.com\/plugins\/post.php?href=https%3A%2F%2Fwww.facebook.com%2FnaInzulinu%2Fposts%2F4315601431816686&#038;show_text=true&#038;width=500\" width=\"500\" height=\"771\" style=\"border:none;overflow:hidden\" scrolling=\"no\" frameborder=\"0\" allowfullscreen=\"true\" allow=\"autoplay; clipboard-write; encrypted-media; picture-in-picture; web-share\"><\/iframe>\n\n\n\n<p>Dok policija poku\u0161ava rasvijetliti okolnosti tragi\u010dnog doga\u0111aja, iz koprivni\u010dke bolnice ka\u017eu da je mladi\u0107 koji je skrivio nesre\u0107u jo\u0161 uvijek u te\u0161kom stanju na Odjelu intenzivne njege OB Koprivnica, pi\u0161e&nbsp;<a href=\"https:\/\/www.jutarnji.hr\/vijesti\/crna-kronika\/poginula-je-nasa-predivna-dusa-petra-imala-je-samo-25-i-bila-udomiteljica-cetvero-djece-15094815\">Jutarnji list<\/a>.<\/p>\n\n\n\n<p><strong>PI\u0160E&nbsp;<\/strong>VI\u0160NJA GOTAL\/JL<\/p>\n","protected":false},"excerpt":{"rendered":"<p>Stravi\u010dna prometna nesre\u0107a u no\u0107i na petak odnijela je jedan mladi \u017eivot, a jo\u0161 jedna osoba nalazi se u bolnici u te\u0161kom stanju. U frontalnom sudaru dvaju osobnih automobila poginula je&nbsp;Petra Horvat&nbsp;(24). U njezinu se Kiu u dvije minute poslije pono\u0107i velikom brzinom zaletio Mini Cooper i totalno ga smrskao. Za volanom je bio mladi [&hellip;]<\/p>\n","protected":false},"author":2,"featured_media":53243,"comment_status":"closed","ping_status":"closed","sticky":false,"template":"","format":"standard","meta":{"h5ap_radio_sources":[],"footnotes":""},"categories":[1],"tags":[],"class_list":["post-53242","post","type-post","status-publish","format-standard","has-post-thumbnail","hentry","category-bihiregija"],"yoast_head":"<!-- This site is optimized with the Yoast SEO plugin v27.4 - https:\/\/yoast.com\/product\/yoast-seo-wordpress\/ -->\n<title>Stravi\u010dna prometna nesre\u0107a: u frontalnom sudaru poginula djevojka, imala je samo 25 godina, a bila je medicinska sestra i udomiteljica \u010detvero djece - RADIO LJUBU\u0160KI<\/title>\n<meta name=\"robots\" content=\"index, follow, max-snippet:-1, max-image-preview:large, max-video-preview:-1\" \/>\n<link rel=\"canonical\" href=\"https:\/\/radioljubuski.ba\/index.php\/2021\/08\/14\/stravicna-prometna-nesreca-u-frontalnom-sudaru-poginula-djevojka-imala-je-samo-25-godina-a-bila-je-medicinska-sestra-i-udomiteljica-cetvero-djece\/\" \/>\n<meta property=\"og:locale\" content=\"hr_HR\" \/>\n<meta property=\"og:type\" content=\"article\" \/>\n<meta property=\"og:title\" content=\"Stravi\u010dna prometna nesre\u0107a: u frontalnom sudaru poginula djevojka, imala je samo 25 godina, a bila je medicinska sestra i udomiteljica \u010detvero djece - RADIO LJUBU\u0160KI\" \/>\n<meta property=\"og:description\" content=\"Stravi\u010dna prometna nesre\u0107a u no\u0107i na petak odnijela je jedan mladi \u017eivot, a jo\u0161 jedna osoba nalazi se u bolnici u te\u0161kom stanju. U frontalnom sudaru dvaju osobnih automobila poginula je&nbsp;Petra Horvat&nbsp;(24). U njezinu se Kiu u dvije minute poslije pono\u0107i velikom brzinom zaletio Mini Cooper i totalno ga smrskao. Za volanom je bio mladi [&hellip;]\" \/>\n<meta property=\"og:url\" content=\"https:\/\/radioljubuski.ba\/index.php\/2021\/08\/14\/stravicna-prometna-nesreca-u-frontalnom-sudaru-poginula-djevojka-imala-je-samo-25-godina-a-bila-je-medicinska-sestra-i-udomiteljica-cetvero-djece\/\" \/>\n<meta property=\"og:site_name\" content=\"RADIO LJUBU\u0160KI\" \/>\n<meta property=\"article:publisher\" content=\"https:\/\/www.facebook.com\/Radiio-Ljubuski-1490835324566332\" \/>\n<meta property=\"article:published_time\" content=\"2021-08-13T23:32:16+00:00\" \/>\n<meta property=\"article:modified_time\" content=\"2021-08-13T23:32:17+00:00\" \/>\n<meta property=\"og:image\" content=\"https:\/\/radioljubuski.ba\/wp-content\/uploads\/2021\/08\/o_18999184_1024.jpg\" \/>\n\t<meta property=\"og:image:width\" content=\"1024\" \/>\n\t<meta property=\"og:image:height\" content=\"596\" \/>\n\t<meta property=\"og:image:type\" content=\"image\/jpeg\" \/>\n<meta name=\"author\" content=\"Radio Ljubu\u0161ki\" \/>\n<meta name=\"twitter:card\" content=\"summary_large_image\" \/>\n<meta name=\"twitter:creator\" content=\"@radioljubuski\" \/>\n<meta name=\"twitter:site\" content=\"@radioljubuski\" \/>\n<meta name=\"twitter:label1\" content=\"Napisao\/la\" \/>\n\t<meta name=\"twitter:data1\" content=\"Radio Ljubu\u0161ki\" \/>\n\t<meta name=\"twitter:label2\" content=\"Procijenjeno vrijeme \u010ditanja\" \/>\n\t<meta name=\"twitter:data2\" content=\"3 minute\" \/>\n<script type=\"application\/ld+json\" class=\"yoast-schema-graph\">{\"@context\":\"https:\\\/\\\/schema.org\",\"@graph\":[{\"@type\":\"Article\",\"@id\":\"https:\\\/\\\/radioljubuski.ba\\\/index.php\\\/2021\\\/08\\\/14\\\/stravicna-prometna-nesreca-u-frontalnom-sudaru-poginula-djevojka-imala-je-samo-25-godina-a-bila-je-medicinska-sestra-i-udomiteljica-cetvero-djece\\\/#article\",\"isPartOf\":{\"@id\":\"https:\\\/\\\/radioljubuski.ba\\\/index.php\\\/2021\\\/08\\\/14\\\/stravicna-prometna-nesreca-u-frontalnom-sudaru-poginula-djevojka-imala-je-samo-25-godina-a-bila-je-medicinska-sestra-i-udomiteljica-cetvero-djece\\\/\"},\"author\":{\"name\":\"Radio Ljubu\u0161ki\",\"@id\":\"https:\\\/\\\/radioljubuski.ba\\\/#\\\/schema\\\/person\\\/19fc700381a780f69665d7956c469e3b\"},\"headline\":\"Stravi\u010dna prometna nesre\u0107a: u frontalnom sudaru poginula djevojka, imala je samo 25 godina, a bila je medicinska sestra i udomiteljica \u010detvero djece\",\"datePublished\":\"2021-08-13T23:32:16+00:00\",\"dateModified\":\"2021-08-13T23:32:17+00:00\",\"mainEntityOfPage\":{\"@id\":\"https:\\\/\\\/radioljubuski.ba\\\/index.php\\\/2021\\\/08\\\/14\\\/stravicna-prometna-nesreca-u-frontalnom-sudaru-poginula-djevojka-imala-je-samo-25-godina-a-bila-je-medicinska-sestra-i-udomiteljica-cetvero-djece\\\/\"},\"wordCount\":598,\"publisher\":{\"@id\":\"https:\\\/\\\/radioljubuski.ba\\\/#organization\"},\"image\":{\"@id\":\"https:\\\/\\\/radioljubuski.ba\\\/index.php\\\/2021\\\/08\\\/14\\\/stravicna-prometna-nesreca-u-frontalnom-sudaru-poginula-djevojka-imala-je-samo-25-godina-a-bila-je-medicinska-sestra-i-udomiteljica-cetvero-djece\\\/#primaryimage\"},\"thumbnailUrl\":\"https:\\\/\\\/radioljubuski.ba\\\/wp-content\\\/uploads\\\/2021\\\/08\\\/o_18999184_1024.jpg\",\"articleSection\":[\"BIH i regija\"],\"inLanguage\":\"hr\"},{\"@type\":\"WebPage\",\"@id\":\"https:\\\/\\\/radioljubuski.ba\\\/index.php\\\/2021\\\/08\\\/14\\\/stravicna-prometna-nesreca-u-frontalnom-sudaru-poginula-djevojka-imala-je-samo-25-godina-a-bila-je-medicinska-sestra-i-udomiteljica-cetvero-djece\\\/\",\"url\":\"https:\\\/\\\/radioljubuski.ba\\\/index.php\\\/2021\\\/08\\\/14\\\/stravicna-prometna-nesreca-u-frontalnom-sudaru-poginula-djevojka-imala-je-samo-25-godina-a-bila-je-medicinska-sestra-i-udomiteljica-cetvero-djece\\\/\",\"name\":\"Stravi\u010dna prometna nesre\u0107a: u frontalnom sudaru poginula djevojka, imala je samo 25 godina, a bila je medicinska sestra i udomiteljica \u010detvero djece - RADIO LJUBU\u0160KI\",\"isPartOf\":{\"@id\":\"https:\\\/\\\/radioljubuski.ba\\\/#website\"},\"primaryImageOfPage\":{\"@id\":\"https:\\\/\\\/radioljubuski.ba\\\/index.php\\\/2021\\\/08\\\/14\\\/stravicna-prometna-nesreca-u-frontalnom-sudaru-poginula-djevojka-imala-je-samo-25-godina-a-bila-je-medicinska-sestra-i-udomiteljica-cetvero-djece\\\/#primaryimage\"},\"image\":{\"@id\":\"https:\\\/\\\/radioljubuski.ba\\\/index.php\\\/2021\\\/08\\\/14\\\/stravicna-prometna-nesreca-u-frontalnom-sudaru-poginula-djevojka-imala-je-samo-25-godina-a-bila-je-medicinska-sestra-i-udomiteljica-cetvero-djece\\\/#primaryimage\"},\"thumbnailUrl\":\"https:\\\/\\\/radioljubuski.ba\\\/wp-content\\\/uploads\\\/2021\\\/08\\\/o_18999184_1024.jpg\",\"datePublished\":\"2021-08-13T23:32:16+00:00\",\"dateModified\":\"2021-08-13T23:32:17+00:00\",\"breadcrumb\":{\"@id\":\"https:\\\/\\\/radioljubuski.ba\\\/index.php\\\/2021\\\/08\\\/14\\\/stravicna-prometna-nesreca-u-frontalnom-sudaru-poginula-djevojka-imala-je-samo-25-godina-a-bila-je-medicinska-sestra-i-udomiteljica-cetvero-djece\\\/#breadcrumb\"},\"inLanguage\":\"hr\",\"potentialAction\":[{\"@type\":\"ReadAction\",\"target\":[\"https:\\\/\\\/radioljubuski.ba\\\/index.php\\\/2021\\\/08\\\/14\\\/stravicna-prometna-nesreca-u-frontalnom-sudaru-poginula-djevojka-imala-je-samo-25-godina-a-bila-je-medicinska-sestra-i-udomiteljica-cetvero-djece\\\/\"]}]},{\"@type\":\"ImageObject\",\"inLanguage\":\"hr\",\"@id\":\"https:\\\/\\\/radioljubuski.ba\\\/index.php\\\/2021\\\/08\\\/14\\\/stravicna-prometna-nesreca-u-frontalnom-sudaru-poginula-djevojka-imala-je-samo-25-godina-a-bila-je-medicinska-sestra-i-udomiteljica-cetvero-djece\\\/#primaryimage\",\"url\":\"https:\\\/\\\/radioljubuski.ba\\\/wp-content\\\/uploads\\\/2021\\\/08\\\/o_18999184_1024.jpg\",\"contentUrl\":\"https:\\\/\\\/radioljubuski.ba\\\/wp-content\\\/uploads\\\/2021\\\/08\\\/o_18999184_1024.jpg\",\"width\":1024,\"height\":596},{\"@type\":\"BreadcrumbList\",\"@id\":\"https:\\\/\\\/radioljubuski.ba\\\/index.php\\\/2021\\\/08\\\/14\\\/stravicna-prometna-nesreca-u-frontalnom-sudaru-poginula-djevojka-imala-je-samo-25-godina-a-bila-je-medicinska-sestra-i-udomiteljica-cetvero-djece\\\/#breadcrumb\",\"itemListElement\":[{\"@type\":\"ListItem\",\"position\":1,\"name\":\"Po\u010detna stranica\",\"item\":\"https:\\\/\\\/radioljubuski.ba\\\/\"},{\"@type\":\"ListItem\",\"position\":2,\"name\":\"Stravi\u010dna prometna nesre\u0107a: u frontalnom sudaru poginula djevojka, imala je samo 25 godina, a bila je medicinska sestra i udomiteljica \u010detvero djece\"}]},{\"@type\":\"WebSite\",\"@id\":\"https:\\\/\\\/radioljubuski.ba\\\/#website\",\"url\":\"https:\\\/\\\/radioljubuski.ba\\\/\",\"name\":\"Radio Ljubu\u0161ki\",\"description\":\"Sun\u010dana frekvencija Hercegovine\",\"publisher\":{\"@id\":\"https:\\\/\\\/radioljubuski.ba\\\/#organization\"},\"potentialAction\":[{\"@type\":\"SearchAction\",\"target\":{\"@type\":\"EntryPoint\",\"urlTemplate\":\"https:\\\/\\\/radioljubuski.ba\\\/?s={search_term_string}\"},\"query-input\":{\"@type\":\"PropertyValueSpecification\",\"valueRequired\":true,\"valueName\":\"search_term_string\"}}],\"inLanguage\":\"hr\"},{\"@type\":\"Organization\",\"@id\":\"https:\\\/\\\/radioljubuski.ba\\\/#organization\",\"name\":\"Radio Ljubu\u0161ki\",\"url\":\"https:\\\/\\\/radioljubuski.ba\\\/\",\"logo\":{\"@type\":\"ImageObject\",\"inLanguage\":\"hr\",\"@id\":\"https:\\\/\\\/radioljubuski.ba\\\/#\\\/schema\\\/logo\\\/image\\\/\",\"url\":\"https:\\\/\\\/radioljubuski.ba\\\/wp-content\\\/uploads\\\/2021\\\/02\\\/cropped-Radio_Ljubuski_logo1.jpg\",\"contentUrl\":\"https:\\\/\\\/radioljubuski.ba\\\/wp-content\\\/uploads\\\/2021\\\/02\\\/cropped-Radio_Ljubuski_logo1.jpg\",\"width\":512,\"height\":512,\"caption\":\"Radio Ljubu\u0161ki\"},\"image\":{\"@id\":\"https:\\\/\\\/radioljubuski.ba\\\/#\\\/schema\\\/logo\\\/image\\\/\"},\"sameAs\":[\"https:\\\/\\\/www.facebook.com\\\/Radiio-Ljubuski-1490835324566332\",\"https:\\\/\\\/x.com\\\/radioljubuski\",\"https:\\\/\\\/hr.linkedin.com\\\/company\\\/radio-ljubuski\",\"https:\\\/\\\/www.youtube.com\\\/channel\\\/UCHYaeO_n0Db3tjNGudGpXyw\"]},{\"@type\":\"Person\",\"@id\":\"https:\\\/\\\/radioljubuski.ba\\\/#\\\/schema\\\/person\\\/19fc700381a780f69665d7956c469e3b\",\"name\":\"Radio Ljubu\u0161ki\"}]}<\/script>\n<!-- \/ Yoast SEO plugin. -->","yoast_head_json":{"title":"Stravi\u010dna prometna nesre\u0107a: u frontalnom sudaru poginula djevojka, imala je samo 25 godina, a bila je medicinska sestra i udomiteljica \u010detvero djece - RADIO LJUBU\u0160KI","robots":{"index":"index","follow":"follow","max-snippet":"max-snippet:-1","max-image-preview":"max-image-preview:large","max-video-preview":"max-video-preview:-1"},"canonical":"https:\/\/radioljubuski.ba\/index.php\/2021\/08\/14\/stravicna-prometna-nesreca-u-frontalnom-sudaru-poginula-djevojka-imala-je-samo-25-godina-a-bila-je-medicinska-sestra-i-udomiteljica-cetvero-djece\/","og_locale":"hr_HR","og_type":"article","og_title":"Stravi\u010dna prometna nesre\u0107a: u frontalnom sudaru poginula djevojka, imala je samo 25 godina, a bila je medicinska sestra i udomiteljica \u010detvero djece - RADIO LJUBU\u0160KI","og_description":"Stravi\u010dna prometna nesre\u0107a u no\u0107i na petak odnijela je jedan mladi \u017eivot, a jo\u0161 jedna osoba nalazi se u bolnici u te\u0161kom stanju. U frontalnom sudaru dvaju osobnih automobila poginula je&nbsp;Petra Horvat&nbsp;(24). U njezinu se Kiu u dvije minute poslije pono\u0107i velikom brzinom zaletio Mini Cooper i totalno ga smrskao. Za volanom je bio mladi [&hellip;]","og_url":"https:\/\/radioljubuski.ba\/index.php\/2021\/08\/14\/stravicna-prometna-nesreca-u-frontalnom-sudaru-poginula-djevojka-imala-je-samo-25-godina-a-bila-je-medicinska-sestra-i-udomiteljica-cetvero-djece\/","og_site_name":"RADIO LJUBU\u0160KI","article_publisher":"https:\/\/www.facebook.com\/Radiio-Ljubuski-1490835324566332","article_published_time":"2021-08-13T23:32:16+00:00","article_modified_time":"2021-08-13T23:32:17+00:00","og_image":[{"width":1024,"height":596,"url":"https:\/\/radioljubuski.ba\/wp-content\/uploads\/2021\/08\/o_18999184_1024.jpg","type":"image\/jpeg"}],"author":"Radio Ljubu\u0161ki","twitter_card":"summary_large_image","twitter_creator":"@radioljubuski","twitter_site":"@radioljubuski","twitter_misc":{"Napisao\/la":"Radio Ljubu\u0161ki","Procijenjeno vrijeme \u010ditanja":"3 minute"},"schema":{"@context":"https:\/\/schema.org","@graph":[{"@type":"Article","@id":"https:\/\/radioljubuski.ba\/index.php\/2021\/08\/14\/stravicna-prometna-nesreca-u-frontalnom-sudaru-poginula-djevojka-imala-je-samo-25-godina-a-bila-je-medicinska-sestra-i-udomiteljica-cetvero-djece\/#article","isPartOf":{"@id":"https:\/\/radioljubuski.ba\/index.php\/2021\/08\/14\/stravicna-prometna-nesreca-u-frontalnom-sudaru-poginula-djevojka-imala-je-samo-25-godina-a-bila-je-medicinska-sestra-i-udomiteljica-cetvero-djece\/"},"author":{"name":"Radio Ljubu\u0161ki","@id":"https:\/\/radioljubuski.ba\/#\/schema\/person\/19fc700381a780f69665d7956c469e3b"},"headline":"Stravi\u010dna prometna nesre\u0107a: u frontalnom sudaru poginula djevojka, imala je samo 25 godina, a bila je medicinska sestra i udomiteljica \u010detvero djece","datePublished":"2021-08-13T23:32:16+00:00","dateModified":"2021-08-13T23:32:17+00:00","mainEntityOfPage":{"@id":"https:\/\/radioljubuski.ba\/index.php\/2021\/08\/14\/stravicna-prometna-nesreca-u-frontalnom-sudaru-poginula-djevojka-imala-je-samo-25-godina-a-bila-je-medicinska-sestra-i-udomiteljica-cetvero-djece\/"},"wordCount":598,"publisher":{"@id":"https:\/\/radioljubuski.ba\/#organization"},"image":{"@id":"https:\/\/radioljubuski.ba\/index.php\/2021\/08\/14\/stravicna-prometna-nesreca-u-frontalnom-sudaru-poginula-djevojka-imala-je-samo-25-godina-a-bila-je-medicinska-sestra-i-udomiteljica-cetvero-djece\/#primaryimage"},"thumbnailUrl":"https:\/\/radioljubuski.ba\/wp-content\/uploads\/2021\/08\/o_18999184_1024.jpg","articleSection":["BIH i regija"],"inLanguage":"hr"},{"@type":"WebPage","@id":"https:\/\/radioljubuski.ba\/index.php\/2021\/08\/14\/stravicna-prometna-nesreca-u-frontalnom-sudaru-poginula-djevojka-imala-je-samo-25-godina-a-bila-je-medicinska-sestra-i-udomiteljica-cetvero-djece\/","url":"https:\/\/radioljubuski.ba\/index.php\/2021\/08\/14\/stravicna-prometna-nesreca-u-frontalnom-sudaru-poginula-djevojka-imala-je-samo-25-godina-a-bila-je-medicinska-sestra-i-udomiteljica-cetvero-djece\/","name":"Stravi\u010dna prometna nesre\u0107a: u frontalnom sudaru poginula djevojka, imala je samo 25 godina, a bila je medicinska sestra i udomiteljica \u010detvero djece - RADIO LJUBU\u0160KI","isPartOf":{"@id":"https:\/\/radioljubuski.ba\/#website"},"primaryImageOfPage":{"@id":"https:\/\/radioljubuski.ba\/index.php\/2021\/08\/14\/stravicna-prometna-nesreca-u-frontalnom-sudaru-poginula-djevojka-imala-je-samo-25-godina-a-bila-je-medicinska-sestra-i-udomiteljica-cetvero-djece\/#primaryimage"},"image":{"@id":"https:\/\/radioljubuski.ba\/index.php\/2021\/08\/14\/stravicna-prometna-nesreca-u-frontalnom-sudaru-poginula-djevojka-imala-je-samo-25-godina-a-bila-je-medicinska-sestra-i-udomiteljica-cetvero-djece\/#primaryimage"},"thumbnailUrl":"https:\/\/radioljubuski.ba\/wp-content\/uploads\/2021\/08\/o_18999184_1024.jpg","datePublished":"2021-08-13T23:32:16+00:00","dateModified":"2021-08-13T23:32:17+00:00","breadcrumb":{"@id":"https:\/\/radioljubuski.ba\/index.php\/2021\/08\/14\/stravicna-prometna-nesreca-u-frontalnom-sudaru-poginula-djevojka-imala-je-samo-25-godina-a-bila-je-medicinska-sestra-i-udomiteljica-cetvero-djece\/#breadcrumb"},"inLanguage":"hr","potentialAction":[{"@type":"ReadAction","target":["https:\/\/radioljubuski.ba\/index.php\/2021\/08\/14\/stravicna-prometna-nesreca-u-frontalnom-sudaru-poginula-djevojka-imala-je-samo-25-godina-a-bila-je-medicinska-sestra-i-udomiteljica-cetvero-djece\/"]}]},{"@type":"ImageObject","inLanguage":"hr","@id":"https:\/\/radioljubuski.ba\/index.php\/2021\/08\/14\/stravicna-prometna-nesreca-u-frontalnom-sudaru-poginula-djevojka-imala-je-samo-25-godina-a-bila-je-medicinska-sestra-i-udomiteljica-cetvero-djece\/#primaryimage","url":"https:\/\/radioljubuski.ba\/wp-content\/uploads\/2021\/08\/o_18999184_1024.jpg","contentUrl":"https:\/\/radioljubuski.ba\/wp-content\/uploads\/2021\/08\/o_18999184_1024.jpg","width":1024,"height":596},{"@type":"BreadcrumbList","@id":"https:\/\/radioljubuski.ba\/index.php\/2021\/08\/14\/stravicna-prometna-nesreca-u-frontalnom-sudaru-poginula-djevojka-imala-je-samo-25-godina-a-bila-je-medicinska-sestra-i-udomiteljica-cetvero-djece\/#breadcrumb","itemListElement":[{"@type":"ListItem","position":1,"name":"Po\u010detna stranica","item":"https:\/\/radioljubuski.ba\/"},{"@type":"ListItem","position":2,"name":"Stravi\u010dna prometna nesre\u0107a: u frontalnom sudaru poginula djevojka, imala je samo 25 godina, a bila je medicinska sestra i udomiteljica \u010detvero djece"}]},{"@type":"WebSite","@id":"https:\/\/radioljubuski.ba\/#website","url":"https:\/\/radioljubuski.ba\/","name":"Radio Ljubu\u0161ki","description":"Sun\u010dana frekvencija Hercegovine","publisher":{"@id":"https:\/\/radioljubuski.ba\/#organization"},"potentialAction":[{"@type":"SearchAction","target":{"@type":"EntryPoint","urlTemplate":"https:\/\/radioljubuski.ba\/?s={search_term_string}"},"query-input":{"@type":"PropertyValueSpecification","valueRequired":true,"valueName":"search_term_string"}}],"inLanguage":"hr"},{"@type":"Organization","@id":"https:\/\/radioljubuski.ba\/#organization","name":"Radio Ljubu\u0161ki","url":"https:\/\/radioljubuski.ba\/","logo":{"@type":"ImageObject","inLanguage":"hr","@id":"https:\/\/radioljubuski.ba\/#\/schema\/logo\/image\/","url":"https:\/\/radioljubuski.ba\/wp-content\/uploads\/2021\/02\/cropped-Radio_Ljubuski_logo1.jpg","contentUrl":"https:\/\/radioljubuski.ba\/wp-content\/uploads\/2021\/02\/cropped-Radio_Ljubuski_logo1.jpg","width":512,"height":512,"caption":"Radio Ljubu\u0161ki"},"image":{"@id":"https:\/\/radioljubuski.ba\/#\/schema\/logo\/image\/"},"sameAs":["https:\/\/www.facebook.com\/Radiio-Ljubuski-1490835324566332","https:\/\/x.com\/radioljubuski","https:\/\/hr.linkedin.com\/company\/radio-ljubuski","https:\/\/www.youtube.com\/channel\/UCHYaeO_n0Db3tjNGudGpXyw"]},{"@type":"Person","@id":"https:\/\/radioljubuski.ba\/#\/schema\/person\/19fc700381a780f69665d7956c469e3b","name":"Radio Ljubu\u0161ki"}]}},"_links":{"self":[{"href":"https:\/\/radioljubuski.ba\/index.php\/wp-json\/wp\/v2\/posts\/53242","targetHints":{"allow":["GET"]}}],"collection":[{"href":"https:\/\/radioljubuski.ba\/index.php\/wp-json\/wp\/v2\/posts"}],"about":[{"href":"https:\/\/radioljubuski.ba\/index.php\/wp-json\/wp\/v2\/types\/post"}],"author":[{"embeddable":true,"href":"https:\/\/radioljubuski.ba\/index.php\/wp-json\/wp\/v2\/users\/2"}],"replies":[{"embeddable":true,"href":"https:\/\/radioljubuski.ba\/index.php\/wp-json\/wp\/v2\/comments?post=53242"}],"version-history":[{"count":1,"href":"https:\/\/radioljubuski.ba\/index.php\/wp-json\/wp\/v2\/posts\/53242\/revisions"}],"predecessor-version":[{"id":53244,"href":"https:\/\/radioljubuski.ba\/index.php\/wp-json\/wp\/v2\/posts\/53242\/revisions\/53244"}],"wp:featuredmedia":[{"embeddable":true,"href":"https:\/\/radioljubuski.ba\/index.php\/wp-json\/wp\/v2\/media\/53243"}],"wp:attachment":[{"href":"https:\/\/radioljubuski.ba\/index.php\/wp-json\/wp\/v2\/media?parent=53242"}],"wp:term":[{"taxonomy":"category","embeddable":true,"href":"https:\/\/radioljubuski.ba\/index.php\/wp-json\/wp\/v2\/categories?post=53242"},{"taxonomy":"post_tag","embeddable":true,"href":"https:\/\/radioljubuski.ba\/index.php\/wp-json\/wp\/v2\/tags?post=53242"}],"curies":[{"name":"wp","href":"https:\/\/api.w.org\/{rel}","templated":true}]}}