{"id":53245,"date":"2021-08-14T00:34:52","date_gmt":"2021-08-13T23:34:52","guid":{"rendered":"https:\/\/radioljubuski.ba\/?p=53245"},"modified":"2021-08-14T00:34:53","modified_gmt":"2021-08-13T23:34:53","slug":"drustvene-mreze-i-dalje-gore-hrvati-komentiraju-ekipu-koja-je-na-alkohol-potrosila-skoro-100-000-kuna-evo-sto-misle","status":"publish","type":"post","link":"https:\/\/radioljubuski.ba\/index.php\/2021\/08\/14\/drustvene-mreze-i-dalje-gore-hrvati-komentiraju-ekipu-koja-je-na-alkohol-potrosila-skoro-100-000-kuna-evo-sto-misle\/","title":{"rendered":"Dru\u0161tvene mre\u017ee i dalje gore: Hrvati komentiraju ekipu koja je na alkohol potro\u0161ila skoro 100 000 kuna, evo \u0161to misle"},"content":{"rendered":"\n<p>Nakon \u0161to je ekipa u jednom ugostiteljskom objektu na Hvaru naru\u010dila pi\u0107a u vrijednosti jednog polovnog BMW-a, ne prestaju se nizati komentari na njihov ra\u010dun\u2026<\/p>\n\n\n\n<p>Na ra\u010dunu koji je u utorak nave\u010der stigao za njihov stol zatekli su iznos od skoro 100 000 kuna. To su, naravno, podijelili sa svojim pratiteljima na internetu, a podu\u017ei popis alkoholnih napitaka nastavio je cirkulirati dru\u0161tvenim mre\u017eama.<\/p>\n\n\n\n<p>Tamo&nbsp;se jo\u0161&nbsp;uvijek raspravlja: hvale li se to oni nezaboravnim provodom i debelim nov\u010danikom ili se \u017eale na neo\u010dekivan tro\u0161ak, je li golema cifra posljedica nekakve gre\u0161ke u sustavu\u2026<\/p>\n\n\n\n<p>Dok su neki puni osude za rasipne partijanere \u2013 \u201etatini sinovi\u201c, \u201eoronuli alkoholi\u010dari&#8221; &#8211; drugi su na njihovoj strani.<\/p>\n\n\n\n<p>&#8211; Neki imaju i tro\u0161e, a neki frustrirani komentiraju zlobno iz \u010diste ljubomore. Ima na stotine ljudi koji iznajmljuju jahte \u2013 zaklju\u010dila je jedna gospo\u0111a.<\/p>\n\n\n\n<p>&#8211; \u010cemu \u010du\u0111enje? Ljudi vjerojatno imaju milijune \u2013 ravnodu\u0161no je ustvrdio korisnik bez profilne slike.<\/p>\n\n\n\n<p>&#8211; Ko ima pije i pla\u0107a, ko nema neka gleda ka i ja &#8211; pomireno je zaklju\u010dio netko drugi.<\/p>\n\n\n\n<p>&#8211; Ako imaju love i dolaze na ovakvim milijunskim jahtama, pa to je njima normalan ra\u010dun. Isto kao da su u Monte Carlu &#8211; dodala je jedna korisnica.<\/p>\n\n\n\n<figure class=\"wp-block-image\"><img decoding=\"async\" src=\"https:\/\/static.slobodnadalmacija.hr\/images\/slike\/2021\/08\/13\/18999304.PNG?1628887923\" alt=\"image\"\/><\/figure>\n\n\n\n<p>Mnogi su nagla\u0161avali da je pravi&nbsp;probem potpla\u0107enost radnika u Hrvatskoj.<\/p>\n\n\n\n<p>&#8211; Tko ima, ne pita za cijenu. Ne rade svi za pla\u0107e kao u Hrvatskoj, koje vi\u0161e sli\u010de socijalnoj pomo\u0107i nego pla\u0107i \u2013 rekao je jedan od korisnika.<\/p>\n\n\n\n<p>&#8211; Hrvatski novinar\u010di\u0107i nikako da shvate da ima ljudi kojima je najnormalnija stvar na svijetu u pola sata popiti njihovu pla\u0107u &#8211; poru\u010dio je netko.<\/p>\n\n\n\n<p>&#8211; Radili na bau\u0161teli pa se vikendom malo opustili \u2013 glasi&nbsp;jedan od sarkasti\u010dnih komentara.<\/p>\n\n\n\n<p>&#8211; Oti\u0161lo u prora\u010dun taman za dvi profesorske pla\u0107e \u2013 nadovezao se netko.<\/p>\n\n\n\n<p>Ima tu onih koji zaklju\u010duju da je dobro to&nbsp;\u0161to ima turista koji i \u201eu lijepoj Hrvatskoj vole ostaviti pare\u201c,&nbsp;a neki&nbsp;su se sjetili&nbsp;pohvaliti&nbsp;vlasnika kluba zbog bogate ponude.<\/p>\n\n\n\n<p>Mnogi smatraju da je ova&nbsp;cijena o\u010dekivana s obzirom na izbor pi\u0107a: &#8220;\u0160ampanjac koji su naru\u010dili je skup, bilo gdje bi platili toliko&#8221;, rekla je jedna korisnica, dok je druga jednostavno zaklju\u010dila: &#8220;Piju Moet, neka plate&#8221;.<\/p>\n\n\n\n<p>&#8211; Meni su cijene ok, dapa\u010de svaku sezonu tu navratim na ve\u010deru \u2013 pohvalio se Marko.<\/p>\n\n\n\n<p>Sto ljudi, sto \u0107udi. \u0160to vi mislite?<\/p>\n\n\n\n<p><strong>PI\u0160E&nbsp;<\/strong>PSD<\/p>\n","protected":false},"excerpt":{"rendered":"<p>Nakon \u0161to je ekipa u jednom ugostiteljskom objektu na Hvaru naru\u010dila pi\u0107a u vrijednosti jednog polovnog BMW-a, ne prestaju se nizati komentari na njihov ra\u010dun\u2026 Na ra\u010dunu koji je u utorak nave\u010der stigao za njihov stol zatekli su iznos od skoro 100 000 kuna. To su, naravno, podijelili sa svojim pratiteljima na internetu, a podu\u017ei [&hellip;]<\/p>\n","protected":false},"author":2,"featured_media":53246,"comment_status":"closed","ping_status":"closed","sticky":false,"template":"","format":"standard","meta":{"h5ap_radio_sources":[],"footnotes":""},"categories":[1],"tags":[],"class_list":["post-53245","post","type-post","status-publish","format-standard","has-post-thumbnail","hentry","category-bihiregija"],"yoast_head":"<!-- This site is optimized with the Yoast SEO plugin v27.4 - https:\/\/yoast.com\/product\/yoast-seo-wordpress\/ -->\n<title>Dru\u0161tvene mre\u017ee i dalje gore: Hrvati komentiraju ekipu koja je na alkohol potro\u0161ila skoro 100 000 kuna, evo \u0161to misle - RADIO LJUBU\u0160KI<\/title>\n<meta name=\"robots\" content=\"index, follow, max-snippet:-1, max-image-preview:large, max-video-preview:-1\" \/>\n<link rel=\"canonical\" href=\"https:\/\/radioljubuski.ba\/index.php\/2021\/08\/14\/drustvene-mreze-i-dalje-gore-hrvati-komentiraju-ekipu-koja-je-na-alkohol-potrosila-skoro-100-000-kuna-evo-sto-misle\/\" \/>\n<meta property=\"og:locale\" content=\"hr_HR\" \/>\n<meta property=\"og:type\" content=\"article\" \/>\n<meta property=\"og:title\" content=\"Dru\u0161tvene mre\u017ee i dalje gore: Hrvati komentiraju ekipu koja je na alkohol potro\u0161ila skoro 100 000 kuna, evo \u0161to misle - RADIO LJUBU\u0160KI\" \/>\n<meta property=\"og:description\" content=\"Nakon \u0161to je ekipa u jednom ugostiteljskom objektu na Hvaru naru\u010dila pi\u0107a u vrijednosti jednog polovnog BMW-a, ne prestaju se nizati komentari na njihov ra\u010dun\u2026 Na ra\u010dunu koji je u utorak nave\u010der stigao za njihov stol zatekli su iznos od skoro 100 000 kuna. To su, naravno, podijelili sa svojim pratiteljima na internetu, a podu\u017ei [&hellip;]\" \/>\n<meta property=\"og:url\" content=\"https:\/\/radioljubuski.ba\/index.php\/2021\/08\/14\/drustvene-mreze-i-dalje-gore-hrvati-komentiraju-ekipu-koja-je-na-alkohol-potrosila-skoro-100-000-kuna-evo-sto-misle\/\" \/>\n<meta property=\"og:site_name\" content=\"RADIO LJUBU\u0160KI\" \/>\n<meta property=\"article:publisher\" content=\"https:\/\/www.facebook.com\/Radiio-Ljubuski-1490835324566332\" \/>\n<meta property=\"article:published_time\" content=\"2021-08-13T23:34:52+00:00\" \/>\n<meta property=\"article:modified_time\" content=\"2021-08-13T23:34:53+00:00\" \/>\n<meta property=\"og:image\" content=\"https:\/\/radioljubuski.ba\/wp-content\/uploads\/2021\/08\/o_18998066_1024.jpg\" \/>\n\t<meta property=\"og:image:width\" content=\"1024\" \/>\n\t<meta property=\"og:image:height\" content=\"536\" \/>\n\t<meta property=\"og:image:type\" content=\"image\/jpeg\" \/>\n<meta name=\"author\" content=\"Radio Ljubu\u0161ki\" \/>\n<meta name=\"twitter:card\" content=\"summary_large_image\" \/>\n<meta name=\"twitter:creator\" content=\"@radioljubuski\" \/>\n<meta name=\"twitter:site\" content=\"@radioljubuski\" \/>\n<meta name=\"twitter:label1\" content=\"Napisao\/la\" \/>\n\t<meta name=\"twitter:data1\" content=\"Radio Ljubu\u0161ki\" \/>\n\t<meta name=\"twitter:label2\" content=\"Procijenjeno vrijeme \u010ditanja\" \/>\n\t<meta name=\"twitter:data2\" content=\"2 minute\" \/>\n<script type=\"application\/ld+json\" class=\"yoast-schema-graph\">{\"@context\":\"https:\\\/\\\/schema.org\",\"@graph\":[{\"@type\":\"Article\",\"@id\":\"https:\\\/\\\/radioljubuski.ba\\\/index.php\\\/2021\\\/08\\\/14\\\/drustvene-mreze-i-dalje-gore-hrvati-komentiraju-ekipu-koja-je-na-alkohol-potrosila-skoro-100-000-kuna-evo-sto-misle\\\/#article\",\"isPartOf\":{\"@id\":\"https:\\\/\\\/radioljubuski.ba\\\/index.php\\\/2021\\\/08\\\/14\\\/drustvene-mreze-i-dalje-gore-hrvati-komentiraju-ekipu-koja-je-na-alkohol-potrosila-skoro-100-000-kuna-evo-sto-misle\\\/\"},\"author\":{\"name\":\"Radio Ljubu\u0161ki\",\"@id\":\"https:\\\/\\\/radioljubuski.ba\\\/#\\\/schema\\\/person\\\/19fc700381a780f69665d7956c469e3b\"},\"headline\":\"Dru\u0161tvene mre\u017ee i dalje gore: Hrvati komentiraju ekipu koja je na alkohol potro\u0161ila skoro 100 000 kuna, evo \u0161to misle\",\"datePublished\":\"2021-08-13T23:34:52+00:00\",\"dateModified\":\"2021-08-13T23:34:53+00:00\",\"mainEntityOfPage\":{\"@id\":\"https:\\\/\\\/radioljubuski.ba\\\/index.php\\\/2021\\\/08\\\/14\\\/drustvene-mreze-i-dalje-gore-hrvati-komentiraju-ekipu-koja-je-na-alkohol-potrosila-skoro-100-000-kuna-evo-sto-misle\\\/\"},\"wordCount\":451,\"publisher\":{\"@id\":\"https:\\\/\\\/radioljubuski.ba\\\/#organization\"},\"image\":{\"@id\":\"https:\\\/\\\/radioljubuski.ba\\\/index.php\\\/2021\\\/08\\\/14\\\/drustvene-mreze-i-dalje-gore-hrvati-komentiraju-ekipu-koja-je-na-alkohol-potrosila-skoro-100-000-kuna-evo-sto-misle\\\/#primaryimage\"},\"thumbnailUrl\":\"https:\\\/\\\/radioljubuski.ba\\\/wp-content\\\/uploads\\\/2021\\\/08\\\/o_18998066_1024.jpg\",\"articleSection\":[\"BIH i regija\"],\"inLanguage\":\"hr\"},{\"@type\":\"WebPage\",\"@id\":\"https:\\\/\\\/radioljubuski.ba\\\/index.php\\\/2021\\\/08\\\/14\\\/drustvene-mreze-i-dalje-gore-hrvati-komentiraju-ekipu-koja-je-na-alkohol-potrosila-skoro-100-000-kuna-evo-sto-misle\\\/\",\"url\":\"https:\\\/\\\/radioljubuski.ba\\\/index.php\\\/2021\\\/08\\\/14\\\/drustvene-mreze-i-dalje-gore-hrvati-komentiraju-ekipu-koja-je-na-alkohol-potrosila-skoro-100-000-kuna-evo-sto-misle\\\/\",\"name\":\"Dru\u0161tvene mre\u017ee i dalje gore: Hrvati komentiraju ekipu koja je na alkohol potro\u0161ila skoro 100 000 kuna, evo \u0161to misle - RADIO LJUBU\u0160KI\",\"isPartOf\":{\"@id\":\"https:\\\/\\\/radioljubuski.ba\\\/#website\"},\"primaryImageOfPage\":{\"@id\":\"https:\\\/\\\/radioljubuski.ba\\\/index.php\\\/2021\\\/08\\\/14\\\/drustvene-mreze-i-dalje-gore-hrvati-komentiraju-ekipu-koja-je-na-alkohol-potrosila-skoro-100-000-kuna-evo-sto-misle\\\/#primaryimage\"},\"image\":{\"@id\":\"https:\\\/\\\/radioljubuski.ba\\\/index.php\\\/2021\\\/08\\\/14\\\/drustvene-mreze-i-dalje-gore-hrvati-komentiraju-ekipu-koja-je-na-alkohol-potrosila-skoro-100-000-kuna-evo-sto-misle\\\/#primaryimage\"},\"thumbnailUrl\":\"https:\\\/\\\/radioljubuski.ba\\\/wp-content\\\/uploads\\\/2021\\\/08\\\/o_18998066_1024.jpg\",\"datePublished\":\"2021-08-13T23:34:52+00:00\",\"dateModified\":\"2021-08-13T23:34:53+00:00\",\"breadcrumb\":{\"@id\":\"https:\\\/\\\/radioljubuski.ba\\\/index.php\\\/2021\\\/08\\\/14\\\/drustvene-mreze-i-dalje-gore-hrvati-komentiraju-ekipu-koja-je-na-alkohol-potrosila-skoro-100-000-kuna-evo-sto-misle\\\/#breadcrumb\"},\"inLanguage\":\"hr\",\"potentialAction\":[{\"@type\":\"ReadAction\",\"target\":[\"https:\\\/\\\/radioljubuski.ba\\\/index.php\\\/2021\\\/08\\\/14\\\/drustvene-mreze-i-dalje-gore-hrvati-komentiraju-ekipu-koja-je-na-alkohol-potrosila-skoro-100-000-kuna-evo-sto-misle\\\/\"]}]},{\"@type\":\"ImageObject\",\"inLanguage\":\"hr\",\"@id\":\"https:\\\/\\\/radioljubuski.ba\\\/index.php\\\/2021\\\/08\\\/14\\\/drustvene-mreze-i-dalje-gore-hrvati-komentiraju-ekipu-koja-je-na-alkohol-potrosila-skoro-100-000-kuna-evo-sto-misle\\\/#primaryimage\",\"url\":\"https:\\\/\\\/radioljubuski.ba\\\/wp-content\\\/uploads\\\/2021\\\/08\\\/o_18998066_1024.jpg\",\"contentUrl\":\"https:\\\/\\\/radioljubuski.ba\\\/wp-content\\\/uploads\\\/2021\\\/08\\\/o_18998066_1024.jpg\",\"width\":1024,\"height\":536},{\"@type\":\"BreadcrumbList\",\"@id\":\"https:\\\/\\\/radioljubuski.ba\\\/index.php\\\/2021\\\/08\\\/14\\\/drustvene-mreze-i-dalje-gore-hrvati-komentiraju-ekipu-koja-je-na-alkohol-potrosila-skoro-100-000-kuna-evo-sto-misle\\\/#breadcrumb\",\"itemListElement\":[{\"@type\":\"ListItem\",\"position\":1,\"name\":\"Po\u010detna stranica\",\"item\":\"https:\\\/\\\/radioljubuski.ba\\\/\"},{\"@type\":\"ListItem\",\"position\":2,\"name\":\"Dru\u0161tvene mre\u017ee i dalje gore: Hrvati komentiraju ekipu koja je na alkohol potro\u0161ila skoro 100 000 kuna, evo \u0161to misle\"}]},{\"@type\":\"WebSite\",\"@id\":\"https:\\\/\\\/radioljubuski.ba\\\/#website\",\"url\":\"https:\\\/\\\/radioljubuski.ba\\\/\",\"name\":\"Radio Ljubu\u0161ki\",\"description\":\"Sun\u010dana frekvencija Hercegovine\",\"publisher\":{\"@id\":\"https:\\\/\\\/radioljubuski.ba\\\/#organization\"},\"potentialAction\":[{\"@type\":\"SearchAction\",\"target\":{\"@type\":\"EntryPoint\",\"urlTemplate\":\"https:\\\/\\\/radioljubuski.ba\\\/?s={search_term_string}\"},\"query-input\":{\"@type\":\"PropertyValueSpecification\",\"valueRequired\":true,\"valueName\":\"search_term_string\"}}],\"inLanguage\":\"hr\"},{\"@type\":\"Organization\",\"@id\":\"https:\\\/\\\/radioljubuski.ba\\\/#organization\",\"name\":\"Radio Ljubu\u0161ki\",\"url\":\"https:\\\/\\\/radioljubuski.ba\\\/\",\"logo\":{\"@type\":\"ImageObject\",\"inLanguage\":\"hr\",\"@id\":\"https:\\\/\\\/radioljubuski.ba\\\/#\\\/schema\\\/logo\\\/image\\\/\",\"url\":\"https:\\\/\\\/radioljubuski.ba\\\/wp-content\\\/uploads\\\/2021\\\/02\\\/cropped-Radio_Ljubuski_logo1.jpg\",\"contentUrl\":\"https:\\\/\\\/radioljubuski.ba\\\/wp-content\\\/uploads\\\/2021\\\/02\\\/cropped-Radio_Ljubuski_logo1.jpg\",\"width\":512,\"height\":512,\"caption\":\"Radio Ljubu\u0161ki\"},\"image\":{\"@id\":\"https:\\\/\\\/radioljubuski.ba\\\/#\\\/schema\\\/logo\\\/image\\\/\"},\"sameAs\":[\"https:\\\/\\\/www.facebook.com\\\/Radiio-Ljubuski-1490835324566332\",\"https:\\\/\\\/x.com\\\/radioljubuski\",\"https:\\\/\\\/hr.linkedin.com\\\/company\\\/radio-ljubuski\",\"https:\\\/\\\/www.youtube.com\\\/channel\\\/UCHYaeO_n0Db3tjNGudGpXyw\"]},{\"@type\":\"Person\",\"@id\":\"https:\\\/\\\/radioljubuski.ba\\\/#\\\/schema\\\/person\\\/19fc700381a780f69665d7956c469e3b\",\"name\":\"Radio Ljubu\u0161ki\"}]}<\/script>\n<!-- \/ Yoast SEO plugin. -->","yoast_head_json":{"title":"Dru\u0161tvene mre\u017ee i dalje gore: Hrvati komentiraju ekipu koja je na alkohol potro\u0161ila skoro 100 000 kuna, evo \u0161to misle - RADIO LJUBU\u0160KI","robots":{"index":"index","follow":"follow","max-snippet":"max-snippet:-1","max-image-preview":"max-image-preview:large","max-video-preview":"max-video-preview:-1"},"canonical":"https:\/\/radioljubuski.ba\/index.php\/2021\/08\/14\/drustvene-mreze-i-dalje-gore-hrvati-komentiraju-ekipu-koja-je-na-alkohol-potrosila-skoro-100-000-kuna-evo-sto-misle\/","og_locale":"hr_HR","og_type":"article","og_title":"Dru\u0161tvene mre\u017ee i dalje gore: Hrvati komentiraju ekipu koja je na alkohol potro\u0161ila skoro 100 000 kuna, evo \u0161to misle - RADIO LJUBU\u0160KI","og_description":"Nakon \u0161to je ekipa u jednom ugostiteljskom objektu na Hvaru naru\u010dila pi\u0107a u vrijednosti jednog polovnog BMW-a, ne prestaju se nizati komentari na njihov ra\u010dun\u2026 Na ra\u010dunu koji je u utorak nave\u010der stigao za njihov stol zatekli su iznos od skoro 100 000 kuna. To su, naravno, podijelili sa svojim pratiteljima na internetu, a podu\u017ei [&hellip;]","og_url":"https:\/\/radioljubuski.ba\/index.php\/2021\/08\/14\/drustvene-mreze-i-dalje-gore-hrvati-komentiraju-ekipu-koja-je-na-alkohol-potrosila-skoro-100-000-kuna-evo-sto-misle\/","og_site_name":"RADIO LJUBU\u0160KI","article_publisher":"https:\/\/www.facebook.com\/Radiio-Ljubuski-1490835324566332","article_published_time":"2021-08-13T23:34:52+00:00","article_modified_time":"2021-08-13T23:34:53+00:00","og_image":[{"width":1024,"height":536,"url":"https:\/\/radioljubuski.ba\/wp-content\/uploads\/2021\/08\/o_18998066_1024.jpg","type":"image\/jpeg"}],"author":"Radio Ljubu\u0161ki","twitter_card":"summary_large_image","twitter_creator":"@radioljubuski","twitter_site":"@radioljubuski","twitter_misc":{"Napisao\/la":"Radio Ljubu\u0161ki","Procijenjeno vrijeme \u010ditanja":"2 minute"},"schema":{"@context":"https:\/\/schema.org","@graph":[{"@type":"Article","@id":"https:\/\/radioljubuski.ba\/index.php\/2021\/08\/14\/drustvene-mreze-i-dalje-gore-hrvati-komentiraju-ekipu-koja-je-na-alkohol-potrosila-skoro-100-000-kuna-evo-sto-misle\/#article","isPartOf":{"@id":"https:\/\/radioljubuski.ba\/index.php\/2021\/08\/14\/drustvene-mreze-i-dalje-gore-hrvati-komentiraju-ekipu-koja-je-na-alkohol-potrosila-skoro-100-000-kuna-evo-sto-misle\/"},"author":{"name":"Radio Ljubu\u0161ki","@id":"https:\/\/radioljubuski.ba\/#\/schema\/person\/19fc700381a780f69665d7956c469e3b"},"headline":"Dru\u0161tvene mre\u017ee i dalje gore: Hrvati komentiraju ekipu koja je na alkohol potro\u0161ila skoro 100 000 kuna, evo \u0161to misle","datePublished":"2021-08-13T23:34:52+00:00","dateModified":"2021-08-13T23:34:53+00:00","mainEntityOfPage":{"@id":"https:\/\/radioljubuski.ba\/index.php\/2021\/08\/14\/drustvene-mreze-i-dalje-gore-hrvati-komentiraju-ekipu-koja-je-na-alkohol-potrosila-skoro-100-000-kuna-evo-sto-misle\/"},"wordCount":451,"publisher":{"@id":"https:\/\/radioljubuski.ba\/#organization"},"image":{"@id":"https:\/\/radioljubuski.ba\/index.php\/2021\/08\/14\/drustvene-mreze-i-dalje-gore-hrvati-komentiraju-ekipu-koja-je-na-alkohol-potrosila-skoro-100-000-kuna-evo-sto-misle\/#primaryimage"},"thumbnailUrl":"https:\/\/radioljubuski.ba\/wp-content\/uploads\/2021\/08\/o_18998066_1024.jpg","articleSection":["BIH i regija"],"inLanguage":"hr"},{"@type":"WebPage","@id":"https:\/\/radioljubuski.ba\/index.php\/2021\/08\/14\/drustvene-mreze-i-dalje-gore-hrvati-komentiraju-ekipu-koja-je-na-alkohol-potrosila-skoro-100-000-kuna-evo-sto-misle\/","url":"https:\/\/radioljubuski.ba\/index.php\/2021\/08\/14\/drustvene-mreze-i-dalje-gore-hrvati-komentiraju-ekipu-koja-je-na-alkohol-potrosila-skoro-100-000-kuna-evo-sto-misle\/","name":"Dru\u0161tvene mre\u017ee i dalje gore: Hrvati komentiraju ekipu koja je na alkohol potro\u0161ila skoro 100 000 kuna, evo \u0161to misle - RADIO LJUBU\u0160KI","isPartOf":{"@id":"https:\/\/radioljubuski.ba\/#website"},"primaryImageOfPage":{"@id":"https:\/\/radioljubuski.ba\/index.php\/2021\/08\/14\/drustvene-mreze-i-dalje-gore-hrvati-komentiraju-ekipu-koja-je-na-alkohol-potrosila-skoro-100-000-kuna-evo-sto-misle\/#primaryimage"},"image":{"@id":"https:\/\/radioljubuski.ba\/index.php\/2021\/08\/14\/drustvene-mreze-i-dalje-gore-hrvati-komentiraju-ekipu-koja-je-na-alkohol-potrosila-skoro-100-000-kuna-evo-sto-misle\/#primaryimage"},"thumbnailUrl":"https:\/\/radioljubuski.ba\/wp-content\/uploads\/2021\/08\/o_18998066_1024.jpg","datePublished":"2021-08-13T23:34:52+00:00","dateModified":"2021-08-13T23:34:53+00:00","breadcrumb":{"@id":"https:\/\/radioljubuski.ba\/index.php\/2021\/08\/14\/drustvene-mreze-i-dalje-gore-hrvati-komentiraju-ekipu-koja-je-na-alkohol-potrosila-skoro-100-000-kuna-evo-sto-misle\/#breadcrumb"},"inLanguage":"hr","potentialAction":[{"@type":"ReadAction","target":["https:\/\/radioljubuski.ba\/index.php\/2021\/08\/14\/drustvene-mreze-i-dalje-gore-hrvati-komentiraju-ekipu-koja-je-na-alkohol-potrosila-skoro-100-000-kuna-evo-sto-misle\/"]}]},{"@type":"ImageObject","inLanguage":"hr","@id":"https:\/\/radioljubuski.ba\/index.php\/2021\/08\/14\/drustvene-mreze-i-dalje-gore-hrvati-komentiraju-ekipu-koja-je-na-alkohol-potrosila-skoro-100-000-kuna-evo-sto-misle\/#primaryimage","url":"https:\/\/radioljubuski.ba\/wp-content\/uploads\/2021\/08\/o_18998066_1024.jpg","contentUrl":"https:\/\/radioljubuski.ba\/wp-content\/uploads\/2021\/08\/o_18998066_1024.jpg","width":1024,"height":536},{"@type":"BreadcrumbList","@id":"https:\/\/radioljubuski.ba\/index.php\/2021\/08\/14\/drustvene-mreze-i-dalje-gore-hrvati-komentiraju-ekipu-koja-je-na-alkohol-potrosila-skoro-100-000-kuna-evo-sto-misle\/#breadcrumb","itemListElement":[{"@type":"ListItem","position":1,"name":"Po\u010detna stranica","item":"https:\/\/radioljubuski.ba\/"},{"@type":"ListItem","position":2,"name":"Dru\u0161tvene mre\u017ee i dalje gore: Hrvati komentiraju ekipu koja je na alkohol potro\u0161ila skoro 100 000 kuna, evo \u0161to misle"}]},{"@type":"WebSite","@id":"https:\/\/radioljubuski.ba\/#website","url":"https:\/\/radioljubuski.ba\/","name":"Radio Ljubu\u0161ki","description":"Sun\u010dana frekvencija Hercegovine","publisher":{"@id":"https:\/\/radioljubuski.ba\/#organization"},"potentialAction":[{"@type":"SearchAction","target":{"@type":"EntryPoint","urlTemplate":"https:\/\/radioljubuski.ba\/?s={search_term_string}"},"query-input":{"@type":"PropertyValueSpecification","valueRequired":true,"valueName":"search_term_string"}}],"inLanguage":"hr"},{"@type":"Organization","@id":"https:\/\/radioljubuski.ba\/#organization","name":"Radio Ljubu\u0161ki","url":"https:\/\/radioljubuski.ba\/","logo":{"@type":"ImageObject","inLanguage":"hr","@id":"https:\/\/radioljubuski.ba\/#\/schema\/logo\/image\/","url":"https:\/\/radioljubuski.ba\/wp-content\/uploads\/2021\/02\/cropped-Radio_Ljubuski_logo1.jpg","contentUrl":"https:\/\/radioljubuski.ba\/wp-content\/uploads\/2021\/02\/cropped-Radio_Ljubuski_logo1.jpg","width":512,"height":512,"caption":"Radio Ljubu\u0161ki"},"image":{"@id":"https:\/\/radioljubuski.ba\/#\/schema\/logo\/image\/"},"sameAs":["https:\/\/www.facebook.com\/Radiio-Ljubuski-1490835324566332","https:\/\/x.com\/radioljubuski","https:\/\/hr.linkedin.com\/company\/radio-ljubuski","https:\/\/www.youtube.com\/channel\/UCHYaeO_n0Db3tjNGudGpXyw"]},{"@type":"Person","@id":"https:\/\/radioljubuski.ba\/#\/schema\/person\/19fc700381a780f69665d7956c469e3b","name":"Radio Ljubu\u0161ki"}]}},"_links":{"self":[{"href":"https:\/\/radioljubuski.ba\/index.php\/wp-json\/wp\/v2\/posts\/53245","targetHints":{"allow":["GET"]}}],"collection":[{"href":"https:\/\/radioljubuski.ba\/index.php\/wp-json\/wp\/v2\/posts"}],"about":[{"href":"https:\/\/radioljubuski.ba\/index.php\/wp-json\/wp\/v2\/types\/post"}],"author":[{"embeddable":true,"href":"https:\/\/radioljubuski.ba\/index.php\/wp-json\/wp\/v2\/users\/2"}],"replies":[{"embeddable":true,"href":"https:\/\/radioljubuski.ba\/index.php\/wp-json\/wp\/v2\/comments?post=53245"}],"version-history":[{"count":1,"href":"https:\/\/radioljubuski.ba\/index.php\/wp-json\/wp\/v2\/posts\/53245\/revisions"}],"predecessor-version":[{"id":53247,"href":"https:\/\/radioljubuski.ba\/index.php\/wp-json\/wp\/v2\/posts\/53245\/revisions\/53247"}],"wp:featuredmedia":[{"embeddable":true,"href":"https:\/\/radioljubuski.ba\/index.php\/wp-json\/wp\/v2\/media\/53246"}],"wp:attachment":[{"href":"https:\/\/radioljubuski.ba\/index.php\/wp-json\/wp\/v2\/media?parent=53245"}],"wp:term":[{"taxonomy":"category","embeddable":true,"href":"https:\/\/radioljubuski.ba\/index.php\/wp-json\/wp\/v2\/categories?post=53245"},{"taxonomy":"post_tag","embeddable":true,"href":"https:\/\/radioljubuski.ba\/index.php\/wp-json\/wp\/v2\/tags?post=53245"}],"curies":[{"name":"wp","href":"https:\/\/api.w.org\/{rel}","templated":true}]}}