{"id":53256,"date":"2021-08-14T00:47:57","date_gmt":"2021-08-13T23:47:57","guid":{"rendered":"https:\/\/radioljubuski.ba\/?p=53256"},"modified":"2021-08-14T00:47:58","modified_gmt":"2021-08-13T23:47:58","slug":"afganistan-pada-njemacki-vojnici-ogorceni-kad-smo-vidjeli-da-su-talibani-pregazili-grad-koji-smo-mi-branili-sokirali-smo-se-sad-ce-muciti-ljude-koji-su-nam-pomagali","status":"publish","type":"post","link":"https:\/\/radioljubuski.ba\/index.php\/2021\/08\/14\/afganistan-pada-njemacki-vojnici-ogorceni-kad-smo-vidjeli-da-su-talibani-pregazili-grad-koji-smo-mi-branili-sokirali-smo-se-sad-ce-muciti-ljude-koji-su-nam-pomagali\/","title":{"rendered":"Afganistan pada! Njema\u010dki vojnici ogor\u010deni: kad smo vidjeli da su talibani pregazili grad koji smo mi branili, \u0161okirali smo se. Sad \u0107e mu\u010diti ljude koji su nam pomagali"},"content":{"rendered":"\n<p>Talibani i dalje napreduju: sad su osvojili i Kandahar, drugi grad po veli\u010dini u Afganistanu. Njema\u010dki veterani iz Afganistana ogor\u010deni su zbog politike me\u0111unarodne zajednice i Njema\u010dke prema toj zemlji.<\/p>\n\n\n\n<p>Iz Afganistana neprekidno sti\u017eu nove i sve lo\u0161ije vijesti: talibani su sad ve\u0107 osvojili i Kandahar, grad od pola milijuna stanovnika na jugu zemlje. No jo\u0161 je ve\u0107i \u0161ok za njema\u010dke veterane bio je pad Kunduza i prakti\u010dno cijelog sjevera Afganistana koji se isprva smatrao &#8220;mirnim&#8221; podru\u010djem. No njema\u010dki vojnici su na vlastitoj ko\u017ei do\u017eivjeli da tamo ni\u0161ta nije &#8220;mirno&#8221;. Najvi\u0161e srd\u017ebe kod njih izaziva njihovo bolno iskustvo &#8211; da se ba\u0161 sve ovo moglo i o\u010dekivati, pi\u0161e&nbsp;<a href=\"https:\/\/www.dw.com\/hr\/bijes-i-tuga-njema%C4%8Dkih-veterana-iz-afganistana\/a-58852474\" target=\"_blank\" rel=\"noreferrer noopener\">DW<\/a>.<\/p>\n\n\n\n<p>&#8220;Kod veterana je ovo izazvalo emocionalni potres&#8221;, ka\u017ee Wolf Gregis, biv\u0161i vojnik koji je sad autor knjiga i profesor pedagogije u Rostocku. To se prije svega odnosi na Kunduz: &#8220;Niti jedno drugo mjesto u Afganistanu nije tako blisko povezano s palim njema\u010dkim vojnicima.&#8221;<\/p>\n\n\n\n<p>Jer ba\u0161 su u provinciji Kunduz njema\u010dki vojnici do\u017eivjeli najvi\u0161e gubitaka. Tamo su se zbili i doga\u0111aji koji su obilje\u017eili poimanje njema\u010dke javnosti o ratu u Afganistanu. &#8220;Tamo su njema\u010dki vojnici prvi put i u velikom stilu nau\u010dili \u0161to je borba &#8211; i umiranje u jednom &#8216;asimetri\u010dnom ratu&#8217;. I kakav je to u\u017eas&#8221;, ka\u017ee Gregis.<\/p>\n\n\n\n<figure class=\"wp-block-image\"><img decoding=\"async\" src=\"https:\/\/static.slobodnadalmacija.hr\/images\/slike\/2021\/08\/13\/18996186.jpg?1628885485\" alt=\"image\"\/><\/figure>\n\n\n\n<p>Na po\u010detku misije njema\u010dke vojske ta regija je bila na glasu kao jedna od najsigurnijih u \u010ditavoj zemlji. Tamo je Njema\u010dka 2003. preuzela zapovjedni\u0161tvo nad jednim Regionalnim timom za obnovu zemlje, Provincial Reconstruction Teams (PRT), kako se to zove u \u017eargonu NATO-a. Ali ve\u0107 u lipnju iste godine su \u010detiri njema\u010dka vojnika poginula u eksploziji autobusa. Od 2006. su i borbe postale \u017ee\u0161\u0107e. Gregis ka\u017ee kako je Kunduz &#8220;stavio na ku\u0161nju smisao njema\u010dke misije u Afganistanu&#8221;.<\/p>\n\n\n\n<p>Ta provincija je bila popri\u0161te vi\u0161e u\u017easnih doga\u0111aja: u rujnu 2009. je jedan njema\u010dki \u010dasnik zapovjedio zra\u010dni napad na kamion-cisternu koji je zaglavio na putu. Ali oko tog kamiona se okupilo mno\u0161tvo civila i vi\u0161e od stotinu ih je u tom napadu poginulo. To nije bila namjera njema\u010dkog \u010dasnika, on je krivo procijenio situaciju. Godinu dana kasnije su njema\u010dki vojnici sve \u010de\u0161\u0107e vodili bitke s talibanima. Njema\u010dki vojnici jo\u0161 uvijek pamte takozvanu &#8220;bitku na Veliki petak&#8221; u travnju 2010. kad je jedna njema\u010dka ophodnja dospjela u zasjedu. Borba je trajala devet sati, tri njema\u010dka vojnika su izgubili \u017eivote, osam ih je ranjeno. Na kraju ih je spasila zra\u010dna podr\u0161ka ameri\u010dkog helikoptera.<\/p>\n\n\n\n<p>Time je po\u010dela &#8220;najkrvavija godina u povijesti Bundeswehra&#8221;. Njema\u010dki vojnici su na tom polo\u017eaju ostali sve do 2013. kad su preseljeni u kamp kod Masar i Sharifa, zapadnije od Kunduza. U gotovo dva desetlje\u0107a misije njema\u010dke vojske u Afganistanu je poginulo ukupno 59 njema\u010dkih vojnika &#8211; a nijedan pre\u017eivjeli ne\u0107e nikad zaboraviti \u0161to je tamo do\u017eivio.<\/p>\n\n\n\n<p><strong>&#8220;Mogao je to vidjeti svatko tko ima o\u010di u glavi!&#8221;<\/strong><\/p>\n\n\n\n<p>Kad su pro\u0161log vikenda morali gledati kako su talibani pregazili glavni grad pokrajine, kod mnogih je to izazvalo \u0161ok &#8211; i srd\u017ebu. &#8220;To je te\u0161ko uop\u0107e opisati&#8221;, ka\u017ee nam Andreas Eggert koji je 2013. okon\u010dao svoju sedmu i posljednju rotaciju u Afganistanu i koji je sad pokrajinski \u010delnik Udruge njema\u010dkih veterana (BDV). &#8220;Mnogo toga vam prolazi kroz glavu, tuga ba\u0161 kao i bijes.&#8221;<\/p>\n\n\n\n<p>Eggerts je osobno poznavao neke od drugova koji su tamo poginuli. Njegova srd\u017eba je usmjerena na mnogo toga: &#8220;To je bijes na talibane da tamo opet ljude imaju pod svojim jarmom, ali sam bijesan i na odluku njema\u010dke vlade i Ministarstva obrane. Jer sve se to moglo predvidjeti, \u010ditava ova katastrofa.&#8221;<\/p>\n\n\n\n<figure class=\"wp-block-image\"><img decoding=\"async\" src=\"https:\/\/static.slobodnadalmacija.hr\/images\/slike\/2021\/08\/13\/18995030.jpg?1628885485\" alt=\"image\"\/><\/figure>\n\n\n\n<p>&#8220;Osje\u0107am se ekstremno grozno&#8221;, jasno nam ka\u017ee Johannes Clair, biv\u0161i do\u010dasnik Bundeswehra koji je napisao i knjigu o svojim misijama u Afganistanu 2010. i 2011. &#8220;Mi smo tamo ostavili na\u0161u krv, znoj i suze. Na\u0161i drugovi su tamo ubijeni. Sve se moglo predvidjeti. Najkasnije nakon 2014. kad su povu\u010dene borbene jedinice i kad je postalo jasno da snage Afganistana nisu u stanju samostalno iza\u0107i na kraj s tom situacijom.&#8221;<\/p>\n\n\n\n<p><strong>&#8220;Ostavili smo ih same&#8230;&#8221;<\/strong><\/p>\n\n\n\n<p>Clair se najvi\u0161e boji za sigurnost ljudi koji su pomagali njema\u010dkim vojnicima dok su bili tamo. &#8220;Mi smo sad opet kod ku\u0107e, ali Afganistanci su u \u017eivotnoj opasnosti, pogotovo oni koji su sura\u0111ivali sa Zapadnjacima &#8211; to sve \u010dini stvari jo\u0161 gorom. A ja sad sjedim tu i ni\u0161ta ne mogu u\u010diniti protiv toga.&#8221;<\/p>\n\n\n\n<p>Biv\u0161i do\u010dasnik Bundeswehra se sla\u017ee da se ne mo\u017ee izbje\u0107i potpuno povla\u010denje zapadnih snaga iz Afganistana. Jer i on je uvjeren kako je \u010ditava misija postala ne\u0161to \u0161to on naziva &#8220;alibi-misija&#8221;. &#8220;Zato i jesam tako bijesan. Osnovni problem Afganistana je odavno bio poznat, jo\u0161 i prije 2010. kad sam ja bio tamo. Ali on se nikad nije dosljedno rje\u0161avao.&#8221;<\/p>\n\n\n\n<p>Njegov sa\u017eetak misije u Afganistanu je upravo do bola sli\u010dan iskustvu Amerikanaca u ratu u Vijetnamu u \u0161ezdesetima: sad je pak NATO stalno mijenjao strategije i nadao se da \u0107e kona\u010dno ne\u0161to biti djelotvorno. A budu\u0107i da ta misija nije bila popularna u domovini, mnoge vlade &#8211; uklju\u010duju\u0107i i Njema\u010dku, nikad nisu do kraja stale iza nje. Sve je to onda dovelo do povla\u010denja borbenih jedinica 2014. &#8220;Bilo je potpuno jasno da pozitivni efekti koje smo mi postigli ne\u0107e potrajati. Na kraju se mo\u017ee re\u0107i da smo izdali svu tu veliku muku i posao kojeg smo tamo obavili. Ali prije svega smo izdali ljude u Afganistanu.&#8221;<\/p>\n\n\n\n<p><strong>&#8220;Za\u0161to im nismo pomogli?&#8221;<\/strong><\/p>\n\n\n\n<p>I \u010dlan Udruge veterana jedva ima lijepih rije\u010di o politici Berlina. Prije misije se tu naveliko govorilo kako se &#8220;sloboda i sigurnost i Njema\u010dke i Europe brani na Hinduku\u0161u&#8221;, ali ta retorika je brzo prestala. &#8220;Na\u0161a ministrica obrane ka\u017ee kako je odluka o povla\u010denju bila &#8216;bez alternative&#8217;. Sla\u017eem se: nije bilo alternative, ali ta se odluka mogla druga\u010dije pripremiti&#8221;, ka\u017ee Eggert. &#8220;Zapravo sam u\u017easno tu\u017ean jer sam za vrijeme mojih misija tamo upoznao mnogo sjajnih Afganistanaca i znam da sad oni moraju strahovati za svoj \u017eivot &#8211; ili su ga mo\u017eda ve\u0107 izgubili.&#8221;<\/p>\n\n\n\n<p>Jo\u0161 vi\u0161e je bijesan na ovu &#8220;politi\u010dku d\u017eunglu&#8221; koja se opet stvorila posljednjih tjedana u raspravi o davanju azila gra\u0111anima Afganistana koji su radili za njema\u010dku vojsku: to su bili prevoditelji, vodi\u010di, civilni namje\u0161tenici&#8230; Njima su prijetili i prije nego \u0161to je Kunduz pao, ali njihovi zahtjevi za azilom u Njema\u010dkoj su &#8220;potonuli&#8221; u birokraciji &#8211; neki \u0107e re\u0107i i politi\u010dkoj ravnodu\u0161nosti. Eggert isti\u010de: &#8220;Mislim da tu postoji me\u0111unarodna odgovornost da bi se to sprije\u010dilo jer se sve tako lako moglo predvidjeti.&#8221;<\/p>\n\n\n\n<p><strong>Ne \u017eelim vjerovati da je bilo uzalud<\/strong><\/p>\n\n\n\n<p>Ovakvo &#8220;ostavljanje na cjedilu&#8221; jo\u0161 vi\u0161e boli njema\u010dke veterane jer su i Clair i Eggert uvjereni kako su Afganistanci vi\u0161e voljeli Nijemce nego ameri\u010dke vojnike. Eggert ima dojam da su oni bili konstruktivniji i pona\u0161ali se &#8220;manje vojni\u010dki&#8221;. &#8220;Znali su da smo njihovoj zemlji donijeli odre\u0111enu stabilnost i radna mjesta i bili su prijateljski naklonjeni prema nama.&#8221; Ali ni Eggert tu nema velikih iluzija: &#8220;Naravno da se ne mo\u017ee isklju\u010diti da smo imali posla i s ljudima koji su sura\u0111ivali i s talibanima.&#8221;<\/p>\n\n\n\n<figure class=\"wp-block-image\"><img decoding=\"async\" src=\"https:\/\/static.slobodnadalmacija.hr\/images\/slike\/2021\/08\/13\/18990270.jpg?1628885485\" alt=\"image\"\/><\/figure>\n\n\n\n<p>Makar s gor\u010dinom promatra nadiranje talibana, Eggert \u017eeli vjerovati kako njegovi drugovi koji su tamo izgubili \u017eivot ipak nisu uzalud poginuli. &#8220;Ne vjerujem da je sve bilo uzalud. Mislim da je sve to ipak promijenilo neke stvari. Poginuli vojnici su svojim \u017eivotima branili slobodu Nijemaca. A u Afganistanu smo ne\u0161to promijenili u glavama tih ljudi, mi smo bili tamo za vrijeme \u010ditavog jednog nara\u0161taja.&#8221;<\/p>\n\n\n\n<p>Veterani su uvjereni i da bi se me\u0111unarodna zajednica trebala nastaviti zalagati za sigurnost u Afganistanu. &#8220;Za par godina \u0107emo opet biti tamo i po\u010deti od po\u010detka da bi obnovili uni\u0161tenu zemlju&#8221;, strahuje Eggert.<\/p>\n\n\n\n<p>Upori\u0161te Bundeswehra u Kunduzu je 2013. predano vladi Afganistana. Njema\u010dke jedinice su se povukle na svoje novo zapovjedno mjesto u Masar i Sharifu vi\u0161e na zapadu zemlje, a koncem ovog lipnja je Afganistan napustio i posljednji njema\u010dki vojnik.<\/p>\n\n\n\n<p><strong>PI\u0160E&nbsp;<\/strong>PSD<\/p>\n","protected":false},"excerpt":{"rendered":"<p>Talibani i dalje napreduju: sad su osvojili i Kandahar, drugi grad po veli\u010dini u Afganistanu. Njema\u010dki veterani iz Afganistana ogor\u010deni su zbog politike me\u0111unarodne zajednice i Njema\u010dke prema toj zemlji. Iz Afganistana neprekidno sti\u017eu nove i sve lo\u0161ije vijesti: talibani su sad ve\u0107 osvojili i Kandahar, grad od pola milijuna stanovnika na jugu zemlje. No [&hellip;]<\/p>\n","protected":false},"author":2,"featured_media":53258,"comment_status":"closed","ping_status":"closed","sticky":false,"template":"","format":"standard","meta":{"h5ap_radio_sources":[],"footnotes":""},"categories":[1],"tags":[],"class_list":["post-53256","post","type-post","status-publish","format-standard","has-post-thumbnail","hentry","category-bihiregija"],"yoast_head":"<!-- This site is optimized with the Yoast SEO plugin v27.4 - https:\/\/yoast.com\/product\/yoast-seo-wordpress\/ -->\n<title>Afganistan pada! Njema\u010dki vojnici ogor\u010deni: kad smo vidjeli da su talibani pregazili grad koji smo mi branili, \u0161okirali smo se. Sad \u0107e mu\u010diti ljude koji su nam pomagali - RADIO LJUBU\u0160KI<\/title>\n<meta name=\"robots\" content=\"index, follow, max-snippet:-1, max-image-preview:large, max-video-preview:-1\" \/>\n<link rel=\"canonical\" href=\"https:\/\/radioljubuski.ba\/index.php\/2021\/08\/14\/afganistan-pada-njemacki-vojnici-ogorceni-kad-smo-vidjeli-da-su-talibani-pregazili-grad-koji-smo-mi-branili-sokirali-smo-se-sad-ce-muciti-ljude-koji-su-nam-pomagali\/\" \/>\n<meta property=\"og:locale\" content=\"hr_HR\" \/>\n<meta property=\"og:type\" content=\"article\" \/>\n<meta property=\"og:title\" content=\"Afganistan pada! Njema\u010dki vojnici ogor\u010deni: kad smo vidjeli da su talibani pregazili grad koji smo mi branili, \u0161okirali smo se. Sad \u0107e mu\u010diti ljude koji su nam pomagali - RADIO LJUBU\u0160KI\" \/>\n<meta property=\"og:description\" content=\"Talibani i dalje napreduju: sad su osvojili i Kandahar, drugi grad po veli\u010dini u Afganistanu. Njema\u010dki veterani iz Afganistana ogor\u010deni su zbog politike me\u0111unarodne zajednice i Njema\u010dke prema toj zemlji. Iz Afganistana neprekidno sti\u017eu nove i sve lo\u0161ije vijesti: talibani su sad ve\u0107 osvojili i Kandahar, grad od pola milijuna stanovnika na jugu zemlje. No [&hellip;]\" \/>\n<meta property=\"og:url\" content=\"https:\/\/radioljubuski.ba\/index.php\/2021\/08\/14\/afganistan-pada-njemacki-vojnici-ogorceni-kad-smo-vidjeli-da-su-talibani-pregazili-grad-koji-smo-mi-branili-sokirali-smo-se-sad-ce-muciti-ljude-koji-su-nam-pomagali\/\" \/>\n<meta property=\"og:site_name\" content=\"RADIO LJUBU\u0160KI\" \/>\n<meta property=\"article:publisher\" content=\"https:\/\/www.facebook.com\/Radiio-Ljubuski-1490835324566332\" \/>\n<meta property=\"article:published_time\" content=\"2021-08-13T23:47:57+00:00\" \/>\n<meta property=\"article:modified_time\" content=\"2021-08-13T23:47:58+00:00\" \/>\n<meta property=\"og:image\" content=\"https:\/\/radioljubuski.ba\/wp-content\/uploads\/2021\/08\/o_18995694_1024.jpg\" \/>\n\t<meta property=\"og:image:width\" content=\"1024\" \/>\n\t<meta property=\"og:image:height\" content=\"682\" \/>\n\t<meta property=\"og:image:type\" content=\"image\/jpeg\" \/>\n<meta name=\"author\" content=\"Radio Ljubu\u0161ki\" \/>\n<meta name=\"twitter:card\" content=\"summary_large_image\" \/>\n<meta name=\"twitter:creator\" content=\"@radioljubuski\" \/>\n<meta name=\"twitter:site\" content=\"@radioljubuski\" \/>\n<meta name=\"twitter:label1\" content=\"Napisao\/la\" \/>\n\t<meta name=\"twitter:data1\" content=\"Radio Ljubu\u0161ki\" \/>\n\t<meta name=\"twitter:label2\" content=\"Procijenjeno vrijeme \u010ditanja\" \/>\n\t<meta name=\"twitter:data2\" content=\"7 minuta\" \/>\n<script type=\"application\/ld+json\" class=\"yoast-schema-graph\">{\"@context\":\"https:\\\/\\\/schema.org\",\"@graph\":[{\"@type\":\"Article\",\"@id\":\"https:\\\/\\\/radioljubuski.ba\\\/index.php\\\/2021\\\/08\\\/14\\\/afganistan-pada-njemacki-vojnici-ogorceni-kad-smo-vidjeli-da-su-talibani-pregazili-grad-koji-smo-mi-branili-sokirali-smo-se-sad-ce-muciti-ljude-koji-su-nam-pomagali\\\/#article\",\"isPartOf\":{\"@id\":\"https:\\\/\\\/radioljubuski.ba\\\/index.php\\\/2021\\\/08\\\/14\\\/afganistan-pada-njemacki-vojnici-ogorceni-kad-smo-vidjeli-da-su-talibani-pregazili-grad-koji-smo-mi-branili-sokirali-smo-se-sad-ce-muciti-ljude-koji-su-nam-pomagali\\\/\"},\"author\":{\"name\":\"Radio Ljubu\u0161ki\",\"@id\":\"https:\\\/\\\/radioljubuski.ba\\\/#\\\/schema\\\/person\\\/19fc700381a780f69665d7956c469e3b\"},\"headline\":\"Afganistan pada! Njema\u010dki vojnici ogor\u010deni: kad smo vidjeli da su talibani pregazili grad koji smo mi branili, \u0161okirali smo se. Sad \u0107e mu\u010diti ljude koji su nam pomagali\",\"datePublished\":\"2021-08-13T23:47:57+00:00\",\"dateModified\":\"2021-08-13T23:47:58+00:00\",\"mainEntityOfPage\":{\"@id\":\"https:\\\/\\\/radioljubuski.ba\\\/index.php\\\/2021\\\/08\\\/14\\\/afganistan-pada-njemacki-vojnici-ogorceni-kad-smo-vidjeli-da-su-talibani-pregazili-grad-koji-smo-mi-branili-sokirali-smo-se-sad-ce-muciti-ljude-koji-su-nam-pomagali\\\/\"},\"wordCount\":1454,\"publisher\":{\"@id\":\"https:\\\/\\\/radioljubuski.ba\\\/#organization\"},\"image\":{\"@id\":\"https:\\\/\\\/radioljubuski.ba\\\/index.php\\\/2021\\\/08\\\/14\\\/afganistan-pada-njemacki-vojnici-ogorceni-kad-smo-vidjeli-da-su-talibani-pregazili-grad-koji-smo-mi-branili-sokirali-smo-se-sad-ce-muciti-ljude-koji-su-nam-pomagali\\\/#primaryimage\"},\"thumbnailUrl\":\"https:\\\/\\\/radioljubuski.ba\\\/wp-content\\\/uploads\\\/2021\\\/08\\\/o_18995694_1024.jpg\",\"articleSection\":[\"BIH i regija\"],\"inLanguage\":\"hr\"},{\"@type\":\"WebPage\",\"@id\":\"https:\\\/\\\/radioljubuski.ba\\\/index.php\\\/2021\\\/08\\\/14\\\/afganistan-pada-njemacki-vojnici-ogorceni-kad-smo-vidjeli-da-su-talibani-pregazili-grad-koji-smo-mi-branili-sokirali-smo-se-sad-ce-muciti-ljude-koji-su-nam-pomagali\\\/\",\"url\":\"https:\\\/\\\/radioljubuski.ba\\\/index.php\\\/2021\\\/08\\\/14\\\/afganistan-pada-njemacki-vojnici-ogorceni-kad-smo-vidjeli-da-su-talibani-pregazili-grad-koji-smo-mi-branili-sokirali-smo-se-sad-ce-muciti-ljude-koji-su-nam-pomagali\\\/\",\"name\":\"Afganistan pada! Njema\u010dki vojnici ogor\u010deni: kad smo vidjeli da su talibani pregazili grad koji smo mi branili, \u0161okirali smo se. Sad \u0107e mu\u010diti ljude koji su nam pomagali - RADIO LJUBU\u0160KI\",\"isPartOf\":{\"@id\":\"https:\\\/\\\/radioljubuski.ba\\\/#website\"},\"primaryImageOfPage\":{\"@id\":\"https:\\\/\\\/radioljubuski.ba\\\/index.php\\\/2021\\\/08\\\/14\\\/afganistan-pada-njemacki-vojnici-ogorceni-kad-smo-vidjeli-da-su-talibani-pregazili-grad-koji-smo-mi-branili-sokirali-smo-se-sad-ce-muciti-ljude-koji-su-nam-pomagali\\\/#primaryimage\"},\"image\":{\"@id\":\"https:\\\/\\\/radioljubuski.ba\\\/index.php\\\/2021\\\/08\\\/14\\\/afganistan-pada-njemacki-vojnici-ogorceni-kad-smo-vidjeli-da-su-talibani-pregazili-grad-koji-smo-mi-branili-sokirali-smo-se-sad-ce-muciti-ljude-koji-su-nam-pomagali\\\/#primaryimage\"},\"thumbnailUrl\":\"https:\\\/\\\/radioljubuski.ba\\\/wp-content\\\/uploads\\\/2021\\\/08\\\/o_18995694_1024.jpg\",\"datePublished\":\"2021-08-13T23:47:57+00:00\",\"dateModified\":\"2021-08-13T23:47:58+00:00\",\"breadcrumb\":{\"@id\":\"https:\\\/\\\/radioljubuski.ba\\\/index.php\\\/2021\\\/08\\\/14\\\/afganistan-pada-njemacki-vojnici-ogorceni-kad-smo-vidjeli-da-su-talibani-pregazili-grad-koji-smo-mi-branili-sokirali-smo-se-sad-ce-muciti-ljude-koji-su-nam-pomagali\\\/#breadcrumb\"},\"inLanguage\":\"hr\",\"potentialAction\":[{\"@type\":\"ReadAction\",\"target\":[\"https:\\\/\\\/radioljubuski.ba\\\/index.php\\\/2021\\\/08\\\/14\\\/afganistan-pada-njemacki-vojnici-ogorceni-kad-smo-vidjeli-da-su-talibani-pregazili-grad-koji-smo-mi-branili-sokirali-smo-se-sad-ce-muciti-ljude-koji-su-nam-pomagali\\\/\"]}]},{\"@type\":\"ImageObject\",\"inLanguage\":\"hr\",\"@id\":\"https:\\\/\\\/radioljubuski.ba\\\/index.php\\\/2021\\\/08\\\/14\\\/afganistan-pada-njemacki-vojnici-ogorceni-kad-smo-vidjeli-da-su-talibani-pregazili-grad-koji-smo-mi-branili-sokirali-smo-se-sad-ce-muciti-ljude-koji-su-nam-pomagali\\\/#primaryimage\",\"url\":\"https:\\\/\\\/radioljubuski.ba\\\/wp-content\\\/uploads\\\/2021\\\/08\\\/o_18995694_1024.jpg\",\"contentUrl\":\"https:\\\/\\\/radioljubuski.ba\\\/wp-content\\\/uploads\\\/2021\\\/08\\\/o_18995694_1024.jpg\",\"width\":1024,\"height\":682},{\"@type\":\"BreadcrumbList\",\"@id\":\"https:\\\/\\\/radioljubuski.ba\\\/index.php\\\/2021\\\/08\\\/14\\\/afganistan-pada-njemacki-vojnici-ogorceni-kad-smo-vidjeli-da-su-talibani-pregazili-grad-koji-smo-mi-branili-sokirali-smo-se-sad-ce-muciti-ljude-koji-su-nam-pomagali\\\/#breadcrumb\",\"itemListElement\":[{\"@type\":\"ListItem\",\"position\":1,\"name\":\"Po\u010detna stranica\",\"item\":\"https:\\\/\\\/radioljubuski.ba\\\/\"},{\"@type\":\"ListItem\",\"position\":2,\"name\":\"Afganistan pada! Njema\u010dki vojnici ogor\u010deni: kad smo vidjeli da su talibani pregazili grad koji smo mi branili, \u0161okirali smo se. Sad \u0107e mu\u010diti ljude koji su nam pomagali\"}]},{\"@type\":\"WebSite\",\"@id\":\"https:\\\/\\\/radioljubuski.ba\\\/#website\",\"url\":\"https:\\\/\\\/radioljubuski.ba\\\/\",\"name\":\"Radio Ljubu\u0161ki\",\"description\":\"Sun\u010dana frekvencija Hercegovine\",\"publisher\":{\"@id\":\"https:\\\/\\\/radioljubuski.ba\\\/#organization\"},\"potentialAction\":[{\"@type\":\"SearchAction\",\"target\":{\"@type\":\"EntryPoint\",\"urlTemplate\":\"https:\\\/\\\/radioljubuski.ba\\\/?s={search_term_string}\"},\"query-input\":{\"@type\":\"PropertyValueSpecification\",\"valueRequired\":true,\"valueName\":\"search_term_string\"}}],\"inLanguage\":\"hr\"},{\"@type\":\"Organization\",\"@id\":\"https:\\\/\\\/radioljubuski.ba\\\/#organization\",\"name\":\"Radio Ljubu\u0161ki\",\"url\":\"https:\\\/\\\/radioljubuski.ba\\\/\",\"logo\":{\"@type\":\"ImageObject\",\"inLanguage\":\"hr\",\"@id\":\"https:\\\/\\\/radioljubuski.ba\\\/#\\\/schema\\\/logo\\\/image\\\/\",\"url\":\"https:\\\/\\\/radioljubuski.ba\\\/wp-content\\\/uploads\\\/2021\\\/02\\\/cropped-Radio_Ljubuski_logo1.jpg\",\"contentUrl\":\"https:\\\/\\\/radioljubuski.ba\\\/wp-content\\\/uploads\\\/2021\\\/02\\\/cropped-Radio_Ljubuski_logo1.jpg\",\"width\":512,\"height\":512,\"caption\":\"Radio Ljubu\u0161ki\"},\"image\":{\"@id\":\"https:\\\/\\\/radioljubuski.ba\\\/#\\\/schema\\\/logo\\\/image\\\/\"},\"sameAs\":[\"https:\\\/\\\/www.facebook.com\\\/Radiio-Ljubuski-1490835324566332\",\"https:\\\/\\\/x.com\\\/radioljubuski\",\"https:\\\/\\\/hr.linkedin.com\\\/company\\\/radio-ljubuski\",\"https:\\\/\\\/www.youtube.com\\\/channel\\\/UCHYaeO_n0Db3tjNGudGpXyw\"]},{\"@type\":\"Person\",\"@id\":\"https:\\\/\\\/radioljubuski.ba\\\/#\\\/schema\\\/person\\\/19fc700381a780f69665d7956c469e3b\",\"name\":\"Radio Ljubu\u0161ki\"}]}<\/script>\n<!-- \/ Yoast SEO plugin. -->","yoast_head_json":{"title":"Afganistan pada! Njema\u010dki vojnici ogor\u010deni: kad smo vidjeli da su talibani pregazili grad koji smo mi branili, \u0161okirali smo se. Sad \u0107e mu\u010diti ljude koji su nam pomagali - RADIO LJUBU\u0160KI","robots":{"index":"index","follow":"follow","max-snippet":"max-snippet:-1","max-image-preview":"max-image-preview:large","max-video-preview":"max-video-preview:-1"},"canonical":"https:\/\/radioljubuski.ba\/index.php\/2021\/08\/14\/afganistan-pada-njemacki-vojnici-ogorceni-kad-smo-vidjeli-da-su-talibani-pregazili-grad-koji-smo-mi-branili-sokirali-smo-se-sad-ce-muciti-ljude-koji-su-nam-pomagali\/","og_locale":"hr_HR","og_type":"article","og_title":"Afganistan pada! Njema\u010dki vojnici ogor\u010deni: kad smo vidjeli da su talibani pregazili grad koji smo mi branili, \u0161okirali smo se. Sad \u0107e mu\u010diti ljude koji su nam pomagali - RADIO LJUBU\u0160KI","og_description":"Talibani i dalje napreduju: sad su osvojili i Kandahar, drugi grad po veli\u010dini u Afganistanu. Njema\u010dki veterani iz Afganistana ogor\u010deni su zbog politike me\u0111unarodne zajednice i Njema\u010dke prema toj zemlji. Iz Afganistana neprekidno sti\u017eu nove i sve lo\u0161ije vijesti: talibani su sad ve\u0107 osvojili i Kandahar, grad od pola milijuna stanovnika na jugu zemlje. No [&hellip;]","og_url":"https:\/\/radioljubuski.ba\/index.php\/2021\/08\/14\/afganistan-pada-njemacki-vojnici-ogorceni-kad-smo-vidjeli-da-su-talibani-pregazili-grad-koji-smo-mi-branili-sokirali-smo-se-sad-ce-muciti-ljude-koji-su-nam-pomagali\/","og_site_name":"RADIO LJUBU\u0160KI","article_publisher":"https:\/\/www.facebook.com\/Radiio-Ljubuski-1490835324566332","article_published_time":"2021-08-13T23:47:57+00:00","article_modified_time":"2021-08-13T23:47:58+00:00","og_image":[{"width":1024,"height":682,"url":"https:\/\/radioljubuski.ba\/wp-content\/uploads\/2021\/08\/o_18995694_1024.jpg","type":"image\/jpeg"}],"author":"Radio Ljubu\u0161ki","twitter_card":"summary_large_image","twitter_creator":"@radioljubuski","twitter_site":"@radioljubuski","twitter_misc":{"Napisao\/la":"Radio Ljubu\u0161ki","Procijenjeno vrijeme \u010ditanja":"7 minuta"},"schema":{"@context":"https:\/\/schema.org","@graph":[{"@type":"Article","@id":"https:\/\/radioljubuski.ba\/index.php\/2021\/08\/14\/afganistan-pada-njemacki-vojnici-ogorceni-kad-smo-vidjeli-da-su-talibani-pregazili-grad-koji-smo-mi-branili-sokirali-smo-se-sad-ce-muciti-ljude-koji-su-nam-pomagali\/#article","isPartOf":{"@id":"https:\/\/radioljubuski.ba\/index.php\/2021\/08\/14\/afganistan-pada-njemacki-vojnici-ogorceni-kad-smo-vidjeli-da-su-talibani-pregazili-grad-koji-smo-mi-branili-sokirali-smo-se-sad-ce-muciti-ljude-koji-su-nam-pomagali\/"},"author":{"name":"Radio Ljubu\u0161ki","@id":"https:\/\/radioljubuski.ba\/#\/schema\/person\/19fc700381a780f69665d7956c469e3b"},"headline":"Afganistan pada! Njema\u010dki vojnici ogor\u010deni: kad smo vidjeli da su talibani pregazili grad koji smo mi branili, \u0161okirali smo se. Sad \u0107e mu\u010diti ljude koji su nam pomagali","datePublished":"2021-08-13T23:47:57+00:00","dateModified":"2021-08-13T23:47:58+00:00","mainEntityOfPage":{"@id":"https:\/\/radioljubuski.ba\/index.php\/2021\/08\/14\/afganistan-pada-njemacki-vojnici-ogorceni-kad-smo-vidjeli-da-su-talibani-pregazili-grad-koji-smo-mi-branili-sokirali-smo-se-sad-ce-muciti-ljude-koji-su-nam-pomagali\/"},"wordCount":1454,"publisher":{"@id":"https:\/\/radioljubuski.ba\/#organization"},"image":{"@id":"https:\/\/radioljubuski.ba\/index.php\/2021\/08\/14\/afganistan-pada-njemacki-vojnici-ogorceni-kad-smo-vidjeli-da-su-talibani-pregazili-grad-koji-smo-mi-branili-sokirali-smo-se-sad-ce-muciti-ljude-koji-su-nam-pomagali\/#primaryimage"},"thumbnailUrl":"https:\/\/radioljubuski.ba\/wp-content\/uploads\/2021\/08\/o_18995694_1024.jpg","articleSection":["BIH i regija"],"inLanguage":"hr"},{"@type":"WebPage","@id":"https:\/\/radioljubuski.ba\/index.php\/2021\/08\/14\/afganistan-pada-njemacki-vojnici-ogorceni-kad-smo-vidjeli-da-su-talibani-pregazili-grad-koji-smo-mi-branili-sokirali-smo-se-sad-ce-muciti-ljude-koji-su-nam-pomagali\/","url":"https:\/\/radioljubuski.ba\/index.php\/2021\/08\/14\/afganistan-pada-njemacki-vojnici-ogorceni-kad-smo-vidjeli-da-su-talibani-pregazili-grad-koji-smo-mi-branili-sokirali-smo-se-sad-ce-muciti-ljude-koji-su-nam-pomagali\/","name":"Afganistan pada! Njema\u010dki vojnici ogor\u010deni: kad smo vidjeli da su talibani pregazili grad koji smo mi branili, \u0161okirali smo se. Sad \u0107e mu\u010diti ljude koji su nam pomagali - RADIO LJUBU\u0160KI","isPartOf":{"@id":"https:\/\/radioljubuski.ba\/#website"},"primaryImageOfPage":{"@id":"https:\/\/radioljubuski.ba\/index.php\/2021\/08\/14\/afganistan-pada-njemacki-vojnici-ogorceni-kad-smo-vidjeli-da-su-talibani-pregazili-grad-koji-smo-mi-branili-sokirali-smo-se-sad-ce-muciti-ljude-koji-su-nam-pomagali\/#primaryimage"},"image":{"@id":"https:\/\/radioljubuski.ba\/index.php\/2021\/08\/14\/afganistan-pada-njemacki-vojnici-ogorceni-kad-smo-vidjeli-da-su-talibani-pregazili-grad-koji-smo-mi-branili-sokirali-smo-se-sad-ce-muciti-ljude-koji-su-nam-pomagali\/#primaryimage"},"thumbnailUrl":"https:\/\/radioljubuski.ba\/wp-content\/uploads\/2021\/08\/o_18995694_1024.jpg","datePublished":"2021-08-13T23:47:57+00:00","dateModified":"2021-08-13T23:47:58+00:00","breadcrumb":{"@id":"https:\/\/radioljubuski.ba\/index.php\/2021\/08\/14\/afganistan-pada-njemacki-vojnici-ogorceni-kad-smo-vidjeli-da-su-talibani-pregazili-grad-koji-smo-mi-branili-sokirali-smo-se-sad-ce-muciti-ljude-koji-su-nam-pomagali\/#breadcrumb"},"inLanguage":"hr","potentialAction":[{"@type":"ReadAction","target":["https:\/\/radioljubuski.ba\/index.php\/2021\/08\/14\/afganistan-pada-njemacki-vojnici-ogorceni-kad-smo-vidjeli-da-su-talibani-pregazili-grad-koji-smo-mi-branili-sokirali-smo-se-sad-ce-muciti-ljude-koji-su-nam-pomagali\/"]}]},{"@type":"ImageObject","inLanguage":"hr","@id":"https:\/\/radioljubuski.ba\/index.php\/2021\/08\/14\/afganistan-pada-njemacki-vojnici-ogorceni-kad-smo-vidjeli-da-su-talibani-pregazili-grad-koji-smo-mi-branili-sokirali-smo-se-sad-ce-muciti-ljude-koji-su-nam-pomagali\/#primaryimage","url":"https:\/\/radioljubuski.ba\/wp-content\/uploads\/2021\/08\/o_18995694_1024.jpg","contentUrl":"https:\/\/radioljubuski.ba\/wp-content\/uploads\/2021\/08\/o_18995694_1024.jpg","width":1024,"height":682},{"@type":"BreadcrumbList","@id":"https:\/\/radioljubuski.ba\/index.php\/2021\/08\/14\/afganistan-pada-njemacki-vojnici-ogorceni-kad-smo-vidjeli-da-su-talibani-pregazili-grad-koji-smo-mi-branili-sokirali-smo-se-sad-ce-muciti-ljude-koji-su-nam-pomagali\/#breadcrumb","itemListElement":[{"@type":"ListItem","position":1,"name":"Po\u010detna stranica","item":"https:\/\/radioljubuski.ba\/"},{"@type":"ListItem","position":2,"name":"Afganistan pada! Njema\u010dki vojnici ogor\u010deni: kad smo vidjeli da su talibani pregazili grad koji smo mi branili, \u0161okirali smo se. Sad \u0107e mu\u010diti ljude koji su nam pomagali"}]},{"@type":"WebSite","@id":"https:\/\/radioljubuski.ba\/#website","url":"https:\/\/radioljubuski.ba\/","name":"Radio Ljubu\u0161ki","description":"Sun\u010dana frekvencija Hercegovine","publisher":{"@id":"https:\/\/radioljubuski.ba\/#organization"},"potentialAction":[{"@type":"SearchAction","target":{"@type":"EntryPoint","urlTemplate":"https:\/\/radioljubuski.ba\/?s={search_term_string}"},"query-input":{"@type":"PropertyValueSpecification","valueRequired":true,"valueName":"search_term_string"}}],"inLanguage":"hr"},{"@type":"Organization","@id":"https:\/\/radioljubuski.ba\/#organization","name":"Radio Ljubu\u0161ki","url":"https:\/\/radioljubuski.ba\/","logo":{"@type":"ImageObject","inLanguage":"hr","@id":"https:\/\/radioljubuski.ba\/#\/schema\/logo\/image\/","url":"https:\/\/radioljubuski.ba\/wp-content\/uploads\/2021\/02\/cropped-Radio_Ljubuski_logo1.jpg","contentUrl":"https:\/\/radioljubuski.ba\/wp-content\/uploads\/2021\/02\/cropped-Radio_Ljubuski_logo1.jpg","width":512,"height":512,"caption":"Radio Ljubu\u0161ki"},"image":{"@id":"https:\/\/radioljubuski.ba\/#\/schema\/logo\/image\/"},"sameAs":["https:\/\/www.facebook.com\/Radiio-Ljubuski-1490835324566332","https:\/\/x.com\/radioljubuski","https:\/\/hr.linkedin.com\/company\/radio-ljubuski","https:\/\/www.youtube.com\/channel\/UCHYaeO_n0Db3tjNGudGpXyw"]},{"@type":"Person","@id":"https:\/\/radioljubuski.ba\/#\/schema\/person\/19fc700381a780f69665d7956c469e3b","name":"Radio Ljubu\u0161ki"}]}},"_links":{"self":[{"href":"https:\/\/radioljubuski.ba\/index.php\/wp-json\/wp\/v2\/posts\/53256","targetHints":{"allow":["GET"]}}],"collection":[{"href":"https:\/\/radioljubuski.ba\/index.php\/wp-json\/wp\/v2\/posts"}],"about":[{"href":"https:\/\/radioljubuski.ba\/index.php\/wp-json\/wp\/v2\/types\/post"}],"author":[{"embeddable":true,"href":"https:\/\/radioljubuski.ba\/index.php\/wp-json\/wp\/v2\/users\/2"}],"replies":[{"embeddable":true,"href":"https:\/\/radioljubuski.ba\/index.php\/wp-json\/wp\/v2\/comments?post=53256"}],"version-history":[{"count":1,"href":"https:\/\/radioljubuski.ba\/index.php\/wp-json\/wp\/v2\/posts\/53256\/revisions"}],"predecessor-version":[{"id":53259,"href":"https:\/\/radioljubuski.ba\/index.php\/wp-json\/wp\/v2\/posts\/53256\/revisions\/53259"}],"wp:featuredmedia":[{"embeddable":true,"href":"https:\/\/radioljubuski.ba\/index.php\/wp-json\/wp\/v2\/media\/53258"}],"wp:attachment":[{"href":"https:\/\/radioljubuski.ba\/index.php\/wp-json\/wp\/v2\/media?parent=53256"}],"wp:term":[{"taxonomy":"category","embeddable":true,"href":"https:\/\/radioljubuski.ba\/index.php\/wp-json\/wp\/v2\/categories?post=53256"},{"taxonomy":"post_tag","embeddable":true,"href":"https:\/\/radioljubuski.ba\/index.php\/wp-json\/wp\/v2\/tags?post=53256"}],"curies":[{"name":"wp","href":"https:\/\/api.w.org\/{rel}","templated":true}]}}