{"id":53264,"date":"2021-08-14T00:51:07","date_gmt":"2021-08-13T23:51:07","guid":{"rendered":"https:\/\/radioljubuski.ba\/?p=53264"},"modified":"2021-08-14T00:51:07","modified_gmt":"2021-08-13T23:51:07","slug":"visoka-razina-antitijela-i-sest-mjeseci-nakon-cijepljenja-moderninim-cjepivom","status":"publish","type":"post","link":"https:\/\/radioljubuski.ba\/index.php\/2021\/08\/14\/visoka-razina-antitijela-i-sest-mjeseci-nakon-cijepljenja-moderninim-cjepivom\/","title":{"rendered":"Visoka razina antitijela i \u0161est mjeseci nakon cijepljenja Moderninim cjepivom"},"content":{"rendered":"\n<p>Nova studija pokazala je da su osobe koje su dvaput cijepljene cjepivom Moderne i \u0161est mjeseci nakon druge doze imale visoku razinu antitijela na virus koji uzrokuje covid-19, uklju\u010duju\u0107i i delta varijantu<br>Tvrtka je izvijestila da je zadovoljna rezultatima studije obavljene na manjoj grupi volontera te o\u010dekuje da bi novi podaci mogli pridonijeti novim saznanjima o potencijalnom docjepljivanju.<\/p>\n\n\n\n<p>Rezultati istra\u017eivanja, objavljeni u \u010dasopisu Science, temelje se na nasumi\u010dnom uzorku od osam dobrovoljaca iz triju dobnih skupina me\u0111u kojima je pra\u0107ena razina antitijela.<\/p>\n\n\n\n<p>Zaklju\u010deno je da su antitijela protiv svih poznatih varijanti koronavirusa bila prisutna u organizmu i \u0161est mjeseci nakon druge doze, uklju\u010duju\u0107i i delta varijantu.<\/p>\n\n\n\n<p>Izvr\u0161ni direktor Moderne Stephane Bancel je rekao: &#8220;Zadovoljni smo ovim novim podacima koji ukazuju na to da se visoka razina antitijela me\u0111u cijepljenima dvjema dozama cjepiva Moderne protiv covida-19 odr\u017eala kroz \u0161est mjeseci, uklju\u010duju\u0107i i varijantu koja izaziva najvi\u0161e zabrinutosti &#8211; deltu.&#8221;<\/p>\n\n\n\n<p>&#8220;O\u010dekujemo da \u0107e ovi podaci, kao i sve vi\u0161e dokaza iz stvarnog \u017eivota pridonijeti ve\u0107em broju informacija koje \u0107e koristiti zdravstvenim regulatornim tijelima u odlu\u010divanju o tomu kako i kada eventualno primijeniti i tre\u0107u dozu dodatnu dozu.&#8221;&nbsp;<\/p>\n\n\n\n<p>Izvor:pogled.ba<\/p>\n","protected":false},"excerpt":{"rendered":"<p>Nova studija pokazala je da su osobe koje su dvaput cijepljene cjepivom Moderne i \u0161est mjeseci nakon druge doze imale visoku razinu antitijela na virus koji uzrokuje covid-19, uklju\u010duju\u0107i i delta varijantuTvrtka je izvijestila da je zadovoljna rezultatima studije obavljene na manjoj grupi volontera te o\u010dekuje da bi novi podaci mogli pridonijeti novim saznanjima o [&hellip;]<\/p>\n","protected":false},"author":2,"featured_media":45659,"comment_status":"closed","ping_status":"closed","sticky":false,"template":"","format":"standard","meta":{"h5ap_radio_sources":[],"footnotes":""},"categories":[1],"tags":[],"class_list":["post-53264","post","type-post","status-publish","format-standard","has-post-thumbnail","hentry","category-bihiregija"],"yoast_head":"<!-- This site is optimized with the Yoast SEO plugin v27.4 - https:\/\/yoast.com\/product\/yoast-seo-wordpress\/ -->\n<title>Visoka razina antitijela i \u0161est mjeseci nakon cijepljenja Moderninim cjepivom - RADIO LJUBU\u0160KI<\/title>\n<meta name=\"robots\" content=\"index, follow, max-snippet:-1, max-image-preview:large, max-video-preview:-1\" \/>\n<link rel=\"canonical\" href=\"https:\/\/radioljubuski.ba\/index.php\/2021\/08\/14\/visoka-razina-antitijela-i-sest-mjeseci-nakon-cijepljenja-moderninim-cjepivom\/\" \/>\n<meta property=\"og:locale\" content=\"hr_HR\" \/>\n<meta property=\"og:type\" content=\"article\" \/>\n<meta property=\"og:title\" content=\"Visoka razina antitijela i \u0161est mjeseci nakon cijepljenja Moderninim cjepivom - RADIO LJUBU\u0160KI\" \/>\n<meta property=\"og:description\" content=\"Nova studija pokazala je da su osobe koje su dvaput cijepljene cjepivom Moderne i \u0161est mjeseci nakon druge doze imale visoku razinu antitijela na virus koji uzrokuje covid-19, uklju\u010duju\u0107i i delta varijantuTvrtka je izvijestila da je zadovoljna rezultatima studije obavljene na manjoj grupi volontera te o\u010dekuje da bi novi podaci mogli pridonijeti novim saznanjima o [&hellip;]\" \/>\n<meta property=\"og:url\" content=\"https:\/\/radioljubuski.ba\/index.php\/2021\/08\/14\/visoka-razina-antitijela-i-sest-mjeseci-nakon-cijepljenja-moderninim-cjepivom\/\" \/>\n<meta property=\"og:site_name\" content=\"RADIO LJUBU\u0160KI\" \/>\n<meta property=\"article:publisher\" content=\"https:\/\/www.facebook.com\/Radiio-Ljubuski-1490835324566332\" \/>\n<meta property=\"article:published_time\" content=\"2021-08-13T23:51:07+00:00\" \/>\n<meta property=\"og:image\" content=\"https:\/\/radioljubuski.ba\/wp-content\/uploads\/2021\/07\/moderna.jpg\" \/>\n\t<meta property=\"og:image:width\" content=\"1000\" \/>\n\t<meta property=\"og:image:height\" content=\"625\" \/>\n\t<meta property=\"og:image:type\" content=\"image\/jpeg\" \/>\n<meta name=\"author\" content=\"Radio Ljubu\u0161ki\" \/>\n<meta name=\"twitter:card\" content=\"summary_large_image\" \/>\n<meta name=\"twitter:creator\" content=\"@radioljubuski\" \/>\n<meta name=\"twitter:site\" content=\"@radioljubuski\" \/>\n<meta name=\"twitter:label1\" content=\"Napisao\/la\" \/>\n\t<meta name=\"twitter:data1\" content=\"Radio Ljubu\u0161ki\" \/>\n\t<meta name=\"twitter:label2\" content=\"Procijenjeno vrijeme \u010ditanja\" \/>\n\t<meta name=\"twitter:data2\" content=\"1 minuta\" \/>\n<script type=\"application\/ld+json\" class=\"yoast-schema-graph\">{\"@context\":\"https:\\\/\\\/schema.org\",\"@graph\":[{\"@type\":\"Article\",\"@id\":\"https:\\\/\\\/radioljubuski.ba\\\/index.php\\\/2021\\\/08\\\/14\\\/visoka-razina-antitijela-i-sest-mjeseci-nakon-cijepljenja-moderninim-cjepivom\\\/#article\",\"isPartOf\":{\"@id\":\"https:\\\/\\\/radioljubuski.ba\\\/index.php\\\/2021\\\/08\\\/14\\\/visoka-razina-antitijela-i-sest-mjeseci-nakon-cijepljenja-moderninim-cjepivom\\\/\"},\"author\":{\"name\":\"Radio Ljubu\u0161ki\",\"@id\":\"https:\\\/\\\/radioljubuski.ba\\\/#\\\/schema\\\/person\\\/19fc700381a780f69665d7956c469e3b\"},\"headline\":\"Visoka razina antitijela i \u0161est mjeseci nakon cijepljenja Moderninim cjepivom\",\"datePublished\":\"2021-08-13T23:51:07+00:00\",\"mainEntityOfPage\":{\"@id\":\"https:\\\/\\\/radioljubuski.ba\\\/index.php\\\/2021\\\/08\\\/14\\\/visoka-razina-antitijela-i-sest-mjeseci-nakon-cijepljenja-moderninim-cjepivom\\\/\"},\"wordCount\":219,\"publisher\":{\"@id\":\"https:\\\/\\\/radioljubuski.ba\\\/#organization\"},\"image\":{\"@id\":\"https:\\\/\\\/radioljubuski.ba\\\/index.php\\\/2021\\\/08\\\/14\\\/visoka-razina-antitijela-i-sest-mjeseci-nakon-cijepljenja-moderninim-cjepivom\\\/#primaryimage\"},\"thumbnailUrl\":\"https:\\\/\\\/radioljubuski.ba\\\/wp-content\\\/uploads\\\/2021\\\/07\\\/moderna.jpg\",\"articleSection\":[\"BIH i regija\"],\"inLanguage\":\"hr\"},{\"@type\":\"WebPage\",\"@id\":\"https:\\\/\\\/radioljubuski.ba\\\/index.php\\\/2021\\\/08\\\/14\\\/visoka-razina-antitijela-i-sest-mjeseci-nakon-cijepljenja-moderninim-cjepivom\\\/\",\"url\":\"https:\\\/\\\/radioljubuski.ba\\\/index.php\\\/2021\\\/08\\\/14\\\/visoka-razina-antitijela-i-sest-mjeseci-nakon-cijepljenja-moderninim-cjepivom\\\/\",\"name\":\"Visoka razina antitijela i \u0161est mjeseci nakon cijepljenja Moderninim cjepivom - RADIO LJUBU\u0160KI\",\"isPartOf\":{\"@id\":\"https:\\\/\\\/radioljubuski.ba\\\/#website\"},\"primaryImageOfPage\":{\"@id\":\"https:\\\/\\\/radioljubuski.ba\\\/index.php\\\/2021\\\/08\\\/14\\\/visoka-razina-antitijela-i-sest-mjeseci-nakon-cijepljenja-moderninim-cjepivom\\\/#primaryimage\"},\"image\":{\"@id\":\"https:\\\/\\\/radioljubuski.ba\\\/index.php\\\/2021\\\/08\\\/14\\\/visoka-razina-antitijela-i-sest-mjeseci-nakon-cijepljenja-moderninim-cjepivom\\\/#primaryimage\"},\"thumbnailUrl\":\"https:\\\/\\\/radioljubuski.ba\\\/wp-content\\\/uploads\\\/2021\\\/07\\\/moderna.jpg\",\"datePublished\":\"2021-08-13T23:51:07+00:00\",\"breadcrumb\":{\"@id\":\"https:\\\/\\\/radioljubuski.ba\\\/index.php\\\/2021\\\/08\\\/14\\\/visoka-razina-antitijela-i-sest-mjeseci-nakon-cijepljenja-moderninim-cjepivom\\\/#breadcrumb\"},\"inLanguage\":\"hr\",\"potentialAction\":[{\"@type\":\"ReadAction\",\"target\":[\"https:\\\/\\\/radioljubuski.ba\\\/index.php\\\/2021\\\/08\\\/14\\\/visoka-razina-antitijela-i-sest-mjeseci-nakon-cijepljenja-moderninim-cjepivom\\\/\"]}]},{\"@type\":\"ImageObject\",\"inLanguage\":\"hr\",\"@id\":\"https:\\\/\\\/radioljubuski.ba\\\/index.php\\\/2021\\\/08\\\/14\\\/visoka-razina-antitijela-i-sest-mjeseci-nakon-cijepljenja-moderninim-cjepivom\\\/#primaryimage\",\"url\":\"https:\\\/\\\/radioljubuski.ba\\\/wp-content\\\/uploads\\\/2021\\\/07\\\/moderna.jpg\",\"contentUrl\":\"https:\\\/\\\/radioljubuski.ba\\\/wp-content\\\/uploads\\\/2021\\\/07\\\/moderna.jpg\",\"width\":1000,\"height\":625},{\"@type\":\"BreadcrumbList\",\"@id\":\"https:\\\/\\\/radioljubuski.ba\\\/index.php\\\/2021\\\/08\\\/14\\\/visoka-razina-antitijela-i-sest-mjeseci-nakon-cijepljenja-moderninim-cjepivom\\\/#breadcrumb\",\"itemListElement\":[{\"@type\":\"ListItem\",\"position\":1,\"name\":\"Po\u010detna stranica\",\"item\":\"https:\\\/\\\/radioljubuski.ba\\\/\"},{\"@type\":\"ListItem\",\"position\":2,\"name\":\"Visoka razina antitijela i \u0161est mjeseci nakon cijepljenja Moderninim cjepivom\"}]},{\"@type\":\"WebSite\",\"@id\":\"https:\\\/\\\/radioljubuski.ba\\\/#website\",\"url\":\"https:\\\/\\\/radioljubuski.ba\\\/\",\"name\":\"Radio Ljubu\u0161ki\",\"description\":\"Sun\u010dana frekvencija Hercegovine\",\"publisher\":{\"@id\":\"https:\\\/\\\/radioljubuski.ba\\\/#organization\"},\"potentialAction\":[{\"@type\":\"SearchAction\",\"target\":{\"@type\":\"EntryPoint\",\"urlTemplate\":\"https:\\\/\\\/radioljubuski.ba\\\/?s={search_term_string}\"},\"query-input\":{\"@type\":\"PropertyValueSpecification\",\"valueRequired\":true,\"valueName\":\"search_term_string\"}}],\"inLanguage\":\"hr\"},{\"@type\":\"Organization\",\"@id\":\"https:\\\/\\\/radioljubuski.ba\\\/#organization\",\"name\":\"Radio Ljubu\u0161ki\",\"url\":\"https:\\\/\\\/radioljubuski.ba\\\/\",\"logo\":{\"@type\":\"ImageObject\",\"inLanguage\":\"hr\",\"@id\":\"https:\\\/\\\/radioljubuski.ba\\\/#\\\/schema\\\/logo\\\/image\\\/\",\"url\":\"https:\\\/\\\/radioljubuski.ba\\\/wp-content\\\/uploads\\\/2021\\\/02\\\/cropped-Radio_Ljubuski_logo1.jpg\",\"contentUrl\":\"https:\\\/\\\/radioljubuski.ba\\\/wp-content\\\/uploads\\\/2021\\\/02\\\/cropped-Radio_Ljubuski_logo1.jpg\",\"width\":512,\"height\":512,\"caption\":\"Radio Ljubu\u0161ki\"},\"image\":{\"@id\":\"https:\\\/\\\/radioljubuski.ba\\\/#\\\/schema\\\/logo\\\/image\\\/\"},\"sameAs\":[\"https:\\\/\\\/www.facebook.com\\\/Radiio-Ljubuski-1490835324566332\",\"https:\\\/\\\/x.com\\\/radioljubuski\",\"https:\\\/\\\/hr.linkedin.com\\\/company\\\/radio-ljubuski\",\"https:\\\/\\\/www.youtube.com\\\/channel\\\/UCHYaeO_n0Db3tjNGudGpXyw\"]},{\"@type\":\"Person\",\"@id\":\"https:\\\/\\\/radioljubuski.ba\\\/#\\\/schema\\\/person\\\/19fc700381a780f69665d7956c469e3b\",\"name\":\"Radio Ljubu\u0161ki\"}]}<\/script>\n<!-- \/ Yoast SEO plugin. -->","yoast_head_json":{"title":"Visoka razina antitijela i \u0161est mjeseci nakon cijepljenja Moderninim cjepivom - RADIO LJUBU\u0160KI","robots":{"index":"index","follow":"follow","max-snippet":"max-snippet:-1","max-image-preview":"max-image-preview:large","max-video-preview":"max-video-preview:-1"},"canonical":"https:\/\/radioljubuski.ba\/index.php\/2021\/08\/14\/visoka-razina-antitijela-i-sest-mjeseci-nakon-cijepljenja-moderninim-cjepivom\/","og_locale":"hr_HR","og_type":"article","og_title":"Visoka razina antitijela i \u0161est mjeseci nakon cijepljenja Moderninim cjepivom - RADIO LJUBU\u0160KI","og_description":"Nova studija pokazala je da su osobe koje su dvaput cijepljene cjepivom Moderne i \u0161est mjeseci nakon druge doze imale visoku razinu antitijela na virus koji uzrokuje covid-19, uklju\u010duju\u0107i i delta varijantuTvrtka je izvijestila da je zadovoljna rezultatima studije obavljene na manjoj grupi volontera te o\u010dekuje da bi novi podaci mogli pridonijeti novim saznanjima o [&hellip;]","og_url":"https:\/\/radioljubuski.ba\/index.php\/2021\/08\/14\/visoka-razina-antitijela-i-sest-mjeseci-nakon-cijepljenja-moderninim-cjepivom\/","og_site_name":"RADIO LJUBU\u0160KI","article_publisher":"https:\/\/www.facebook.com\/Radiio-Ljubuski-1490835324566332","article_published_time":"2021-08-13T23:51:07+00:00","og_image":[{"width":1000,"height":625,"url":"https:\/\/radioljubuski.ba\/wp-content\/uploads\/2021\/07\/moderna.jpg","type":"image\/jpeg"}],"author":"Radio Ljubu\u0161ki","twitter_card":"summary_large_image","twitter_creator":"@radioljubuski","twitter_site":"@radioljubuski","twitter_misc":{"Napisao\/la":"Radio Ljubu\u0161ki","Procijenjeno vrijeme \u010ditanja":"1 minuta"},"schema":{"@context":"https:\/\/schema.org","@graph":[{"@type":"Article","@id":"https:\/\/radioljubuski.ba\/index.php\/2021\/08\/14\/visoka-razina-antitijela-i-sest-mjeseci-nakon-cijepljenja-moderninim-cjepivom\/#article","isPartOf":{"@id":"https:\/\/radioljubuski.ba\/index.php\/2021\/08\/14\/visoka-razina-antitijela-i-sest-mjeseci-nakon-cijepljenja-moderninim-cjepivom\/"},"author":{"name":"Radio Ljubu\u0161ki","@id":"https:\/\/radioljubuski.ba\/#\/schema\/person\/19fc700381a780f69665d7956c469e3b"},"headline":"Visoka razina antitijela i \u0161est mjeseci nakon cijepljenja Moderninim cjepivom","datePublished":"2021-08-13T23:51:07+00:00","mainEntityOfPage":{"@id":"https:\/\/radioljubuski.ba\/index.php\/2021\/08\/14\/visoka-razina-antitijela-i-sest-mjeseci-nakon-cijepljenja-moderninim-cjepivom\/"},"wordCount":219,"publisher":{"@id":"https:\/\/radioljubuski.ba\/#organization"},"image":{"@id":"https:\/\/radioljubuski.ba\/index.php\/2021\/08\/14\/visoka-razina-antitijela-i-sest-mjeseci-nakon-cijepljenja-moderninim-cjepivom\/#primaryimage"},"thumbnailUrl":"https:\/\/radioljubuski.ba\/wp-content\/uploads\/2021\/07\/moderna.jpg","articleSection":["BIH i regija"],"inLanguage":"hr"},{"@type":"WebPage","@id":"https:\/\/radioljubuski.ba\/index.php\/2021\/08\/14\/visoka-razina-antitijela-i-sest-mjeseci-nakon-cijepljenja-moderninim-cjepivom\/","url":"https:\/\/radioljubuski.ba\/index.php\/2021\/08\/14\/visoka-razina-antitijela-i-sest-mjeseci-nakon-cijepljenja-moderninim-cjepivom\/","name":"Visoka razina antitijela i \u0161est mjeseci nakon cijepljenja Moderninim cjepivom - RADIO LJUBU\u0160KI","isPartOf":{"@id":"https:\/\/radioljubuski.ba\/#website"},"primaryImageOfPage":{"@id":"https:\/\/radioljubuski.ba\/index.php\/2021\/08\/14\/visoka-razina-antitijela-i-sest-mjeseci-nakon-cijepljenja-moderninim-cjepivom\/#primaryimage"},"image":{"@id":"https:\/\/radioljubuski.ba\/index.php\/2021\/08\/14\/visoka-razina-antitijela-i-sest-mjeseci-nakon-cijepljenja-moderninim-cjepivom\/#primaryimage"},"thumbnailUrl":"https:\/\/radioljubuski.ba\/wp-content\/uploads\/2021\/07\/moderna.jpg","datePublished":"2021-08-13T23:51:07+00:00","breadcrumb":{"@id":"https:\/\/radioljubuski.ba\/index.php\/2021\/08\/14\/visoka-razina-antitijela-i-sest-mjeseci-nakon-cijepljenja-moderninim-cjepivom\/#breadcrumb"},"inLanguage":"hr","potentialAction":[{"@type":"ReadAction","target":["https:\/\/radioljubuski.ba\/index.php\/2021\/08\/14\/visoka-razina-antitijela-i-sest-mjeseci-nakon-cijepljenja-moderninim-cjepivom\/"]}]},{"@type":"ImageObject","inLanguage":"hr","@id":"https:\/\/radioljubuski.ba\/index.php\/2021\/08\/14\/visoka-razina-antitijela-i-sest-mjeseci-nakon-cijepljenja-moderninim-cjepivom\/#primaryimage","url":"https:\/\/radioljubuski.ba\/wp-content\/uploads\/2021\/07\/moderna.jpg","contentUrl":"https:\/\/radioljubuski.ba\/wp-content\/uploads\/2021\/07\/moderna.jpg","width":1000,"height":625},{"@type":"BreadcrumbList","@id":"https:\/\/radioljubuski.ba\/index.php\/2021\/08\/14\/visoka-razina-antitijela-i-sest-mjeseci-nakon-cijepljenja-moderninim-cjepivom\/#breadcrumb","itemListElement":[{"@type":"ListItem","position":1,"name":"Po\u010detna stranica","item":"https:\/\/radioljubuski.ba\/"},{"@type":"ListItem","position":2,"name":"Visoka razina antitijela i \u0161est mjeseci nakon cijepljenja Moderninim cjepivom"}]},{"@type":"WebSite","@id":"https:\/\/radioljubuski.ba\/#website","url":"https:\/\/radioljubuski.ba\/","name":"Radio Ljubu\u0161ki","description":"Sun\u010dana frekvencija Hercegovine","publisher":{"@id":"https:\/\/radioljubuski.ba\/#organization"},"potentialAction":[{"@type":"SearchAction","target":{"@type":"EntryPoint","urlTemplate":"https:\/\/radioljubuski.ba\/?s={search_term_string}"},"query-input":{"@type":"PropertyValueSpecification","valueRequired":true,"valueName":"search_term_string"}}],"inLanguage":"hr"},{"@type":"Organization","@id":"https:\/\/radioljubuski.ba\/#organization","name":"Radio Ljubu\u0161ki","url":"https:\/\/radioljubuski.ba\/","logo":{"@type":"ImageObject","inLanguage":"hr","@id":"https:\/\/radioljubuski.ba\/#\/schema\/logo\/image\/","url":"https:\/\/radioljubuski.ba\/wp-content\/uploads\/2021\/02\/cropped-Radio_Ljubuski_logo1.jpg","contentUrl":"https:\/\/radioljubuski.ba\/wp-content\/uploads\/2021\/02\/cropped-Radio_Ljubuski_logo1.jpg","width":512,"height":512,"caption":"Radio Ljubu\u0161ki"},"image":{"@id":"https:\/\/radioljubuski.ba\/#\/schema\/logo\/image\/"},"sameAs":["https:\/\/www.facebook.com\/Radiio-Ljubuski-1490835324566332","https:\/\/x.com\/radioljubuski","https:\/\/hr.linkedin.com\/company\/radio-ljubuski","https:\/\/www.youtube.com\/channel\/UCHYaeO_n0Db3tjNGudGpXyw"]},{"@type":"Person","@id":"https:\/\/radioljubuski.ba\/#\/schema\/person\/19fc700381a780f69665d7956c469e3b","name":"Radio Ljubu\u0161ki"}]}},"_links":{"self":[{"href":"https:\/\/radioljubuski.ba\/index.php\/wp-json\/wp\/v2\/posts\/53264","targetHints":{"allow":["GET"]}}],"collection":[{"href":"https:\/\/radioljubuski.ba\/index.php\/wp-json\/wp\/v2\/posts"}],"about":[{"href":"https:\/\/radioljubuski.ba\/index.php\/wp-json\/wp\/v2\/types\/post"}],"author":[{"embeddable":true,"href":"https:\/\/radioljubuski.ba\/index.php\/wp-json\/wp\/v2\/users\/2"}],"replies":[{"embeddable":true,"href":"https:\/\/radioljubuski.ba\/index.php\/wp-json\/wp\/v2\/comments?post=53264"}],"version-history":[{"count":1,"href":"https:\/\/radioljubuski.ba\/index.php\/wp-json\/wp\/v2\/posts\/53264\/revisions"}],"predecessor-version":[{"id":53265,"href":"https:\/\/radioljubuski.ba\/index.php\/wp-json\/wp\/v2\/posts\/53264\/revisions\/53265"}],"wp:featuredmedia":[{"embeddable":true,"href":"https:\/\/radioljubuski.ba\/index.php\/wp-json\/wp\/v2\/media\/45659"}],"wp:attachment":[{"href":"https:\/\/radioljubuski.ba\/index.php\/wp-json\/wp\/v2\/media?parent=53264"}],"wp:term":[{"taxonomy":"category","embeddable":true,"href":"https:\/\/radioljubuski.ba\/index.php\/wp-json\/wp\/v2\/categories?post=53264"},{"taxonomy":"post_tag","embeddable":true,"href":"https:\/\/radioljubuski.ba\/index.php\/wp-json\/wp\/v2\/tags?post=53264"}],"curies":[{"name":"wp","href":"https:\/\/api.w.org\/{rel}","templated":true}]}}