{"id":53266,"date":"2021-08-14T00:52:23","date_gmt":"2021-08-13T23:52:23","guid":{"rendered":"https:\/\/radioljubuski.ba\/?p=53266"},"modified":"2021-08-14T00:52:24","modified_gmt":"2021-08-13T23:52:24","slug":"lijecnica-upozorava-da-nikada-ne-bismo-trebali-busiti-zuljeve-sami","status":"publish","type":"post","link":"https:\/\/radioljubuski.ba\/index.php\/2021\/08\/14\/lijecnica-upozorava-da-nikada-ne-bismo-trebali-busiti-zuljeve-sami\/","title":{"rendered":"Lije\u010dnica upozorava da nikada ne bismo trebali bu\u0161iti \u017euljeve sami"},"content":{"rendered":"\n<p>Svatko od nas povremeno se susretne sa \u017euljevima, a isku\u0161enje da ga sami probu\u0161imo je veliko. No dr. Jess Andrade upozorila je da to nikad ne bismo trebali \u010diniti. Ka\u017ee da je, kad \u017euljevi dosegnu odre\u0111enu veli\u010dinu, va\u017eno ne poku\u0161avati ih lije\u010diti na svoju ruku.<\/p>\n\n\n\n<p>Dr. Andrade objavila je nekoliko fotografija velikih \u017euljeva koje su joj slali klijenti i korisnici TikToka, od kojih su neki bile veli\u010dine teniskih loptica.<\/p>\n\n\n\n<p>&#8220;Kada mjehuri\u0107i postanu toliko veliki, jako je va\u017eno posjetiti lije\u010dnika jer \u0107e on o\u010distiti podru\u010dje i pomo\u0107i. Va\u017eno je da \u017euljeve ne bu\u0161ite sami jer to mo\u017ee pove\u0107ati rizik od infekcije&#8221;, objasnila je.<\/p>\n\n\n\n<p>Nacionalna zdravstvena slu\u017eba Velike Britanije navodi da stru\u010dnjaci u nekim slu\u010dajevima upotrebljavaju iglu kako bi napravili malu rupu kroz koju \u0107e iza\u0107i teku\u0107ina, no to se mora raditi u sterilnim i kontroliranim uvjetima.<\/p>\n\n\n\n<p>Izvor:index.hr<\/p>\n","protected":false},"excerpt":{"rendered":"<p>Svatko od nas povremeno se susretne sa \u017euljevima, a isku\u0161enje da ga sami probu\u0161imo je veliko. No dr. Jess Andrade upozorila je da to nikad ne bismo trebali \u010diniti. Ka\u017ee da je, kad \u017euljevi dosegnu odre\u0111enu veli\u010dinu, va\u017eno ne poku\u0161avati ih lije\u010diti na svoju ruku. Dr. Andrade objavila je nekoliko fotografija velikih \u017euljeva koje su [&hellip;]<\/p>\n","protected":false},"author":2,"featured_media":53267,"comment_status":"closed","ping_status":"closed","sticky":false,"template":"","format":"standard","meta":{"h5ap_radio_sources":[],"footnotes":""},"categories":[1],"tags":[],"class_list":["post-53266","post","type-post","status-publish","format-standard","has-post-thumbnail","hentry","category-bihiregija"],"yoast_head":"<!-- This site is optimized with the Yoast SEO plugin v27.4 - https:\/\/yoast.com\/product\/yoast-seo-wordpress\/ -->\n<title>Lije\u010dnica upozorava da nikada ne bismo trebali bu\u0161iti \u017euljeve sami - RADIO LJUBU\u0160KI<\/title>\n<meta name=\"robots\" content=\"index, follow, max-snippet:-1, max-image-preview:large, max-video-preview:-1\" \/>\n<link rel=\"canonical\" href=\"https:\/\/radioljubuski.ba\/index.php\/2021\/08\/14\/lijecnica-upozorava-da-nikada-ne-bismo-trebali-busiti-zuljeve-sami\/\" \/>\n<meta property=\"og:locale\" content=\"hr_HR\" \/>\n<meta property=\"og:type\" content=\"article\" \/>\n<meta property=\"og:title\" content=\"Lije\u010dnica upozorava da nikada ne bismo trebali bu\u0161iti \u017euljeve sami - RADIO LJUBU\u0160KI\" \/>\n<meta property=\"og:description\" content=\"Svatko od nas povremeno se susretne sa \u017euljevima, a isku\u0161enje da ga sami probu\u0161imo je veliko. No dr. Jess Andrade upozorila je da to nikad ne bismo trebali \u010diniti. Ka\u017ee da je, kad \u017euljevi dosegnu odre\u0111enu veli\u010dinu, va\u017eno ne poku\u0161avati ih lije\u010diti na svoju ruku. Dr. Andrade objavila je nekoliko fotografija velikih \u017euljeva koje su [&hellip;]\" \/>\n<meta property=\"og:url\" content=\"https:\/\/radioljubuski.ba\/index.php\/2021\/08\/14\/lijecnica-upozorava-da-nikada-ne-bismo-trebali-busiti-zuljeve-sami\/\" \/>\n<meta property=\"og:site_name\" content=\"RADIO LJUBU\u0160KI\" \/>\n<meta property=\"article:publisher\" content=\"https:\/\/www.facebook.com\/Radiio-Ljubuski-1490835324566332\" \/>\n<meta property=\"article:published_time\" content=\"2021-08-13T23:52:23+00:00\" \/>\n<meta property=\"article:modified_time\" content=\"2021-08-13T23:52:24+00:00\" \/>\n<meta property=\"og:image\" content=\"https:\/\/radioljubuski.ba\/wp-content\/uploads\/2021\/08\/3-2021-08-13-13-43-08-d94741c2-bf43-4fdb-b7a2-4e7364737d25.jpg\" \/>\n\t<meta property=\"og:image:width\" content=\"1000\" \/>\n\t<meta property=\"og:image:height\" content=\"625\" \/>\n\t<meta property=\"og:image:type\" content=\"image\/jpeg\" \/>\n<meta name=\"author\" content=\"Radio Ljubu\u0161ki\" \/>\n<meta name=\"twitter:card\" content=\"summary_large_image\" \/>\n<meta name=\"twitter:creator\" content=\"@radioljubuski\" \/>\n<meta name=\"twitter:site\" content=\"@radioljubuski\" \/>\n<meta name=\"twitter:label1\" content=\"Napisao\/la\" \/>\n\t<meta name=\"twitter:data1\" content=\"Radio Ljubu\u0161ki\" \/>\n\t<meta name=\"twitter:label2\" content=\"Procijenjeno vrijeme \u010ditanja\" \/>\n\t<meta name=\"twitter:data2\" content=\"1 minuta\" \/>\n<script type=\"application\/ld+json\" class=\"yoast-schema-graph\">{\"@context\":\"https:\\\/\\\/schema.org\",\"@graph\":[{\"@type\":\"Article\",\"@id\":\"https:\\\/\\\/radioljubuski.ba\\\/index.php\\\/2021\\\/08\\\/14\\\/lijecnica-upozorava-da-nikada-ne-bismo-trebali-busiti-zuljeve-sami\\\/#article\",\"isPartOf\":{\"@id\":\"https:\\\/\\\/radioljubuski.ba\\\/index.php\\\/2021\\\/08\\\/14\\\/lijecnica-upozorava-da-nikada-ne-bismo-trebali-busiti-zuljeve-sami\\\/\"},\"author\":{\"name\":\"Radio Ljubu\u0161ki\",\"@id\":\"https:\\\/\\\/radioljubuski.ba\\\/#\\\/schema\\\/person\\\/19fc700381a780f69665d7956c469e3b\"},\"headline\":\"Lije\u010dnica upozorava da nikada ne bismo trebali bu\u0161iti \u017euljeve sami\",\"datePublished\":\"2021-08-13T23:52:23+00:00\",\"dateModified\":\"2021-08-13T23:52:24+00:00\",\"mainEntityOfPage\":{\"@id\":\"https:\\\/\\\/radioljubuski.ba\\\/index.php\\\/2021\\\/08\\\/14\\\/lijecnica-upozorava-da-nikada-ne-bismo-trebali-busiti-zuljeve-sami\\\/\"},\"wordCount\":174,\"publisher\":{\"@id\":\"https:\\\/\\\/radioljubuski.ba\\\/#organization\"},\"image\":{\"@id\":\"https:\\\/\\\/radioljubuski.ba\\\/index.php\\\/2021\\\/08\\\/14\\\/lijecnica-upozorava-da-nikada-ne-bismo-trebali-busiti-zuljeve-sami\\\/#primaryimage\"},\"thumbnailUrl\":\"https:\\\/\\\/radioljubuski.ba\\\/wp-content\\\/uploads\\\/2021\\\/08\\\/3-2021-08-13-13-43-08-d94741c2-bf43-4fdb-b7a2-4e7364737d25.jpg\",\"articleSection\":[\"BIH i regija\"],\"inLanguage\":\"hr\"},{\"@type\":\"WebPage\",\"@id\":\"https:\\\/\\\/radioljubuski.ba\\\/index.php\\\/2021\\\/08\\\/14\\\/lijecnica-upozorava-da-nikada-ne-bismo-trebali-busiti-zuljeve-sami\\\/\",\"url\":\"https:\\\/\\\/radioljubuski.ba\\\/index.php\\\/2021\\\/08\\\/14\\\/lijecnica-upozorava-da-nikada-ne-bismo-trebali-busiti-zuljeve-sami\\\/\",\"name\":\"Lije\u010dnica upozorava da nikada ne bismo trebali bu\u0161iti \u017euljeve sami - RADIO LJUBU\u0160KI\",\"isPartOf\":{\"@id\":\"https:\\\/\\\/radioljubuski.ba\\\/#website\"},\"primaryImageOfPage\":{\"@id\":\"https:\\\/\\\/radioljubuski.ba\\\/index.php\\\/2021\\\/08\\\/14\\\/lijecnica-upozorava-da-nikada-ne-bismo-trebali-busiti-zuljeve-sami\\\/#primaryimage\"},\"image\":{\"@id\":\"https:\\\/\\\/radioljubuski.ba\\\/index.php\\\/2021\\\/08\\\/14\\\/lijecnica-upozorava-da-nikada-ne-bismo-trebali-busiti-zuljeve-sami\\\/#primaryimage\"},\"thumbnailUrl\":\"https:\\\/\\\/radioljubuski.ba\\\/wp-content\\\/uploads\\\/2021\\\/08\\\/3-2021-08-13-13-43-08-d94741c2-bf43-4fdb-b7a2-4e7364737d25.jpg\",\"datePublished\":\"2021-08-13T23:52:23+00:00\",\"dateModified\":\"2021-08-13T23:52:24+00:00\",\"breadcrumb\":{\"@id\":\"https:\\\/\\\/radioljubuski.ba\\\/index.php\\\/2021\\\/08\\\/14\\\/lijecnica-upozorava-da-nikada-ne-bismo-trebali-busiti-zuljeve-sami\\\/#breadcrumb\"},\"inLanguage\":\"hr\",\"potentialAction\":[{\"@type\":\"ReadAction\",\"target\":[\"https:\\\/\\\/radioljubuski.ba\\\/index.php\\\/2021\\\/08\\\/14\\\/lijecnica-upozorava-da-nikada-ne-bismo-trebali-busiti-zuljeve-sami\\\/\"]}]},{\"@type\":\"ImageObject\",\"inLanguage\":\"hr\",\"@id\":\"https:\\\/\\\/radioljubuski.ba\\\/index.php\\\/2021\\\/08\\\/14\\\/lijecnica-upozorava-da-nikada-ne-bismo-trebali-busiti-zuljeve-sami\\\/#primaryimage\",\"url\":\"https:\\\/\\\/radioljubuski.ba\\\/wp-content\\\/uploads\\\/2021\\\/08\\\/3-2021-08-13-13-43-08-d94741c2-bf43-4fdb-b7a2-4e7364737d25.jpg\",\"contentUrl\":\"https:\\\/\\\/radioljubuski.ba\\\/wp-content\\\/uploads\\\/2021\\\/08\\\/3-2021-08-13-13-43-08-d94741c2-bf43-4fdb-b7a2-4e7364737d25.jpg\",\"width\":1000,\"height\":625},{\"@type\":\"BreadcrumbList\",\"@id\":\"https:\\\/\\\/radioljubuski.ba\\\/index.php\\\/2021\\\/08\\\/14\\\/lijecnica-upozorava-da-nikada-ne-bismo-trebali-busiti-zuljeve-sami\\\/#breadcrumb\",\"itemListElement\":[{\"@type\":\"ListItem\",\"position\":1,\"name\":\"Po\u010detna stranica\",\"item\":\"https:\\\/\\\/radioljubuski.ba\\\/\"},{\"@type\":\"ListItem\",\"position\":2,\"name\":\"Lije\u010dnica upozorava da nikada ne bismo trebali bu\u0161iti \u017euljeve sami\"}]},{\"@type\":\"WebSite\",\"@id\":\"https:\\\/\\\/radioljubuski.ba\\\/#website\",\"url\":\"https:\\\/\\\/radioljubuski.ba\\\/\",\"name\":\"Radio Ljubu\u0161ki\",\"description\":\"Sun\u010dana frekvencija Hercegovine\",\"publisher\":{\"@id\":\"https:\\\/\\\/radioljubuski.ba\\\/#organization\"},\"potentialAction\":[{\"@type\":\"SearchAction\",\"target\":{\"@type\":\"EntryPoint\",\"urlTemplate\":\"https:\\\/\\\/radioljubuski.ba\\\/?s={search_term_string}\"},\"query-input\":{\"@type\":\"PropertyValueSpecification\",\"valueRequired\":true,\"valueName\":\"search_term_string\"}}],\"inLanguage\":\"hr\"},{\"@type\":\"Organization\",\"@id\":\"https:\\\/\\\/radioljubuski.ba\\\/#organization\",\"name\":\"Radio Ljubu\u0161ki\",\"url\":\"https:\\\/\\\/radioljubuski.ba\\\/\",\"logo\":{\"@type\":\"ImageObject\",\"inLanguage\":\"hr\",\"@id\":\"https:\\\/\\\/radioljubuski.ba\\\/#\\\/schema\\\/logo\\\/image\\\/\",\"url\":\"https:\\\/\\\/radioljubuski.ba\\\/wp-content\\\/uploads\\\/2021\\\/02\\\/cropped-Radio_Ljubuski_logo1.jpg\",\"contentUrl\":\"https:\\\/\\\/radioljubuski.ba\\\/wp-content\\\/uploads\\\/2021\\\/02\\\/cropped-Radio_Ljubuski_logo1.jpg\",\"width\":512,\"height\":512,\"caption\":\"Radio Ljubu\u0161ki\"},\"image\":{\"@id\":\"https:\\\/\\\/radioljubuski.ba\\\/#\\\/schema\\\/logo\\\/image\\\/\"},\"sameAs\":[\"https:\\\/\\\/www.facebook.com\\\/Radiio-Ljubuski-1490835324566332\",\"https:\\\/\\\/x.com\\\/radioljubuski\",\"https:\\\/\\\/hr.linkedin.com\\\/company\\\/radio-ljubuski\",\"https:\\\/\\\/www.youtube.com\\\/channel\\\/UCHYaeO_n0Db3tjNGudGpXyw\"]},{\"@type\":\"Person\",\"@id\":\"https:\\\/\\\/radioljubuski.ba\\\/#\\\/schema\\\/person\\\/19fc700381a780f69665d7956c469e3b\",\"name\":\"Radio Ljubu\u0161ki\"}]}<\/script>\n<!-- \/ Yoast SEO plugin. -->","yoast_head_json":{"title":"Lije\u010dnica upozorava da nikada ne bismo trebali bu\u0161iti \u017euljeve sami - RADIO LJUBU\u0160KI","robots":{"index":"index","follow":"follow","max-snippet":"max-snippet:-1","max-image-preview":"max-image-preview:large","max-video-preview":"max-video-preview:-1"},"canonical":"https:\/\/radioljubuski.ba\/index.php\/2021\/08\/14\/lijecnica-upozorava-da-nikada-ne-bismo-trebali-busiti-zuljeve-sami\/","og_locale":"hr_HR","og_type":"article","og_title":"Lije\u010dnica upozorava da nikada ne bismo trebali bu\u0161iti \u017euljeve sami - RADIO LJUBU\u0160KI","og_description":"Svatko od nas povremeno se susretne sa \u017euljevima, a isku\u0161enje da ga sami probu\u0161imo je veliko. No dr. Jess Andrade upozorila je da to nikad ne bismo trebali \u010diniti. Ka\u017ee da je, kad \u017euljevi dosegnu odre\u0111enu veli\u010dinu, va\u017eno ne poku\u0161avati ih lije\u010diti na svoju ruku. Dr. Andrade objavila je nekoliko fotografija velikih \u017euljeva koje su [&hellip;]","og_url":"https:\/\/radioljubuski.ba\/index.php\/2021\/08\/14\/lijecnica-upozorava-da-nikada-ne-bismo-trebali-busiti-zuljeve-sami\/","og_site_name":"RADIO LJUBU\u0160KI","article_publisher":"https:\/\/www.facebook.com\/Radiio-Ljubuski-1490835324566332","article_published_time":"2021-08-13T23:52:23+00:00","article_modified_time":"2021-08-13T23:52:24+00:00","og_image":[{"width":1000,"height":625,"url":"https:\/\/radioljubuski.ba\/wp-content\/uploads\/2021\/08\/3-2021-08-13-13-43-08-d94741c2-bf43-4fdb-b7a2-4e7364737d25.jpg","type":"image\/jpeg"}],"author":"Radio Ljubu\u0161ki","twitter_card":"summary_large_image","twitter_creator":"@radioljubuski","twitter_site":"@radioljubuski","twitter_misc":{"Napisao\/la":"Radio Ljubu\u0161ki","Procijenjeno vrijeme \u010ditanja":"1 minuta"},"schema":{"@context":"https:\/\/schema.org","@graph":[{"@type":"Article","@id":"https:\/\/radioljubuski.ba\/index.php\/2021\/08\/14\/lijecnica-upozorava-da-nikada-ne-bismo-trebali-busiti-zuljeve-sami\/#article","isPartOf":{"@id":"https:\/\/radioljubuski.ba\/index.php\/2021\/08\/14\/lijecnica-upozorava-da-nikada-ne-bismo-trebali-busiti-zuljeve-sami\/"},"author":{"name":"Radio Ljubu\u0161ki","@id":"https:\/\/radioljubuski.ba\/#\/schema\/person\/19fc700381a780f69665d7956c469e3b"},"headline":"Lije\u010dnica upozorava da nikada ne bismo trebali bu\u0161iti \u017euljeve sami","datePublished":"2021-08-13T23:52:23+00:00","dateModified":"2021-08-13T23:52:24+00:00","mainEntityOfPage":{"@id":"https:\/\/radioljubuski.ba\/index.php\/2021\/08\/14\/lijecnica-upozorava-da-nikada-ne-bismo-trebali-busiti-zuljeve-sami\/"},"wordCount":174,"publisher":{"@id":"https:\/\/radioljubuski.ba\/#organization"},"image":{"@id":"https:\/\/radioljubuski.ba\/index.php\/2021\/08\/14\/lijecnica-upozorava-da-nikada-ne-bismo-trebali-busiti-zuljeve-sami\/#primaryimage"},"thumbnailUrl":"https:\/\/radioljubuski.ba\/wp-content\/uploads\/2021\/08\/3-2021-08-13-13-43-08-d94741c2-bf43-4fdb-b7a2-4e7364737d25.jpg","articleSection":["BIH i regija"],"inLanguage":"hr"},{"@type":"WebPage","@id":"https:\/\/radioljubuski.ba\/index.php\/2021\/08\/14\/lijecnica-upozorava-da-nikada-ne-bismo-trebali-busiti-zuljeve-sami\/","url":"https:\/\/radioljubuski.ba\/index.php\/2021\/08\/14\/lijecnica-upozorava-da-nikada-ne-bismo-trebali-busiti-zuljeve-sami\/","name":"Lije\u010dnica upozorava da nikada ne bismo trebali bu\u0161iti \u017euljeve sami - RADIO LJUBU\u0160KI","isPartOf":{"@id":"https:\/\/radioljubuski.ba\/#website"},"primaryImageOfPage":{"@id":"https:\/\/radioljubuski.ba\/index.php\/2021\/08\/14\/lijecnica-upozorava-da-nikada-ne-bismo-trebali-busiti-zuljeve-sami\/#primaryimage"},"image":{"@id":"https:\/\/radioljubuski.ba\/index.php\/2021\/08\/14\/lijecnica-upozorava-da-nikada-ne-bismo-trebali-busiti-zuljeve-sami\/#primaryimage"},"thumbnailUrl":"https:\/\/radioljubuski.ba\/wp-content\/uploads\/2021\/08\/3-2021-08-13-13-43-08-d94741c2-bf43-4fdb-b7a2-4e7364737d25.jpg","datePublished":"2021-08-13T23:52:23+00:00","dateModified":"2021-08-13T23:52:24+00:00","breadcrumb":{"@id":"https:\/\/radioljubuski.ba\/index.php\/2021\/08\/14\/lijecnica-upozorava-da-nikada-ne-bismo-trebali-busiti-zuljeve-sami\/#breadcrumb"},"inLanguage":"hr","potentialAction":[{"@type":"ReadAction","target":["https:\/\/radioljubuski.ba\/index.php\/2021\/08\/14\/lijecnica-upozorava-da-nikada-ne-bismo-trebali-busiti-zuljeve-sami\/"]}]},{"@type":"ImageObject","inLanguage":"hr","@id":"https:\/\/radioljubuski.ba\/index.php\/2021\/08\/14\/lijecnica-upozorava-da-nikada-ne-bismo-trebali-busiti-zuljeve-sami\/#primaryimage","url":"https:\/\/radioljubuski.ba\/wp-content\/uploads\/2021\/08\/3-2021-08-13-13-43-08-d94741c2-bf43-4fdb-b7a2-4e7364737d25.jpg","contentUrl":"https:\/\/radioljubuski.ba\/wp-content\/uploads\/2021\/08\/3-2021-08-13-13-43-08-d94741c2-bf43-4fdb-b7a2-4e7364737d25.jpg","width":1000,"height":625},{"@type":"BreadcrumbList","@id":"https:\/\/radioljubuski.ba\/index.php\/2021\/08\/14\/lijecnica-upozorava-da-nikada-ne-bismo-trebali-busiti-zuljeve-sami\/#breadcrumb","itemListElement":[{"@type":"ListItem","position":1,"name":"Po\u010detna stranica","item":"https:\/\/radioljubuski.ba\/"},{"@type":"ListItem","position":2,"name":"Lije\u010dnica upozorava da nikada ne bismo trebali bu\u0161iti \u017euljeve sami"}]},{"@type":"WebSite","@id":"https:\/\/radioljubuski.ba\/#website","url":"https:\/\/radioljubuski.ba\/","name":"Radio Ljubu\u0161ki","description":"Sun\u010dana frekvencija Hercegovine","publisher":{"@id":"https:\/\/radioljubuski.ba\/#organization"},"potentialAction":[{"@type":"SearchAction","target":{"@type":"EntryPoint","urlTemplate":"https:\/\/radioljubuski.ba\/?s={search_term_string}"},"query-input":{"@type":"PropertyValueSpecification","valueRequired":true,"valueName":"search_term_string"}}],"inLanguage":"hr"},{"@type":"Organization","@id":"https:\/\/radioljubuski.ba\/#organization","name":"Radio Ljubu\u0161ki","url":"https:\/\/radioljubuski.ba\/","logo":{"@type":"ImageObject","inLanguage":"hr","@id":"https:\/\/radioljubuski.ba\/#\/schema\/logo\/image\/","url":"https:\/\/radioljubuski.ba\/wp-content\/uploads\/2021\/02\/cropped-Radio_Ljubuski_logo1.jpg","contentUrl":"https:\/\/radioljubuski.ba\/wp-content\/uploads\/2021\/02\/cropped-Radio_Ljubuski_logo1.jpg","width":512,"height":512,"caption":"Radio Ljubu\u0161ki"},"image":{"@id":"https:\/\/radioljubuski.ba\/#\/schema\/logo\/image\/"},"sameAs":["https:\/\/www.facebook.com\/Radiio-Ljubuski-1490835324566332","https:\/\/x.com\/radioljubuski","https:\/\/hr.linkedin.com\/company\/radio-ljubuski","https:\/\/www.youtube.com\/channel\/UCHYaeO_n0Db3tjNGudGpXyw"]},{"@type":"Person","@id":"https:\/\/radioljubuski.ba\/#\/schema\/person\/19fc700381a780f69665d7956c469e3b","name":"Radio Ljubu\u0161ki"}]}},"_links":{"self":[{"href":"https:\/\/radioljubuski.ba\/index.php\/wp-json\/wp\/v2\/posts\/53266","targetHints":{"allow":["GET"]}}],"collection":[{"href":"https:\/\/radioljubuski.ba\/index.php\/wp-json\/wp\/v2\/posts"}],"about":[{"href":"https:\/\/radioljubuski.ba\/index.php\/wp-json\/wp\/v2\/types\/post"}],"author":[{"embeddable":true,"href":"https:\/\/radioljubuski.ba\/index.php\/wp-json\/wp\/v2\/users\/2"}],"replies":[{"embeddable":true,"href":"https:\/\/radioljubuski.ba\/index.php\/wp-json\/wp\/v2\/comments?post=53266"}],"version-history":[{"count":1,"href":"https:\/\/radioljubuski.ba\/index.php\/wp-json\/wp\/v2\/posts\/53266\/revisions"}],"predecessor-version":[{"id":53268,"href":"https:\/\/radioljubuski.ba\/index.php\/wp-json\/wp\/v2\/posts\/53266\/revisions\/53268"}],"wp:featuredmedia":[{"embeddable":true,"href":"https:\/\/radioljubuski.ba\/index.php\/wp-json\/wp\/v2\/media\/53267"}],"wp:attachment":[{"href":"https:\/\/radioljubuski.ba\/index.php\/wp-json\/wp\/v2\/media?parent=53266"}],"wp:term":[{"taxonomy":"category","embeddable":true,"href":"https:\/\/radioljubuski.ba\/index.php\/wp-json\/wp\/v2\/categories?post=53266"},{"taxonomy":"post_tag","embeddable":true,"href":"https:\/\/radioljubuski.ba\/index.php\/wp-json\/wp\/v2\/tags?post=53266"}],"curies":[{"name":"wp","href":"https:\/\/api.w.org\/{rel}","templated":true}]}}