{"id":53275,"date":"2021-08-14T00:57:01","date_gmt":"2021-08-13T23:57:01","guid":{"rendered":"https:\/\/radioljubuski.ba\/?p=53275"},"modified":"2021-08-14T00:57:01","modified_gmt":"2021-08-13T23:57:01","slug":"hrvatska-zbog-etilen-oksida-opozvani-milka-sladoledi","status":"publish","type":"post","link":"https:\/\/radioljubuski.ba\/index.php\/2021\/08\/14\/hrvatska-zbog-etilen-oksida-opozvani-milka-sladoledi\/","title":{"rendered":"Hrvatska: Zbog etilen oksida opozvani Milka sladoledi"},"content":{"rendered":"\n<p>Ministarstvo poljoprivrede RH u petak je obavijestilo potro\u0161a\u010de o opozivu proizvoda Milka classic \u0161tapi\u0107 4x100ml, lje\u0161njak \u0161tapi\u0107 100ml i classic \u0161tapi\u0107 100ml zbog utvr\u0111enog etilen oksida u aditivu koji se koristi u proizvodnji sladoleda.<\/p>\n\n\n\n<p>Proizvodi nisu u skladu s europskom odredbama o maksimalnim razinama ostataka pesticida u ili na hrani i hrani za \u017eivotinje biljnog i \u017eivotinjskog podrijetla.<\/p>\n\n\n\n<p>&#8220;Milka classic \u0161tapi\u0107 4\u00d7100 ml, LOT MI0025, najbolje upotrijebiti do kraja 01.2022 godine, LOT MI0146, najbolje upotrijebiti do kraja 05.2022 godine. Milka lje\u0161njak \u0161tapi\u0107 100 ml, LOT MI1117, najbolje upotrijebiti do kraja 04.2023. Milka classic \u0161tapi\u0107 100 ml, LOT MI1118, najbolje upotrijebiti do kraja 04.2023&#8221;, navodi se u obavijesti koja se odnosi isklju\u010divo na proizvode s navedenim podacima<\/p>\n\n\n\n<p>Distributer proizvoda je Stani\u0107 d.o.o. iz Zagreba, javila je Hina.<\/p>\n\n\n\n<p>Izvor:pogled.ba<\/p>\n","protected":false},"excerpt":{"rendered":"<p>Ministarstvo poljoprivrede RH u petak je obavijestilo potro\u0161a\u010de o opozivu proizvoda Milka classic \u0161tapi\u0107 4x100ml, lje\u0161njak \u0161tapi\u0107 100ml i classic \u0161tapi\u0107 100ml zbog utvr\u0111enog etilen oksida u aditivu koji se koristi u proizvodnji sladoleda. Proizvodi nisu u skladu s europskom odredbama o maksimalnim razinama ostataka pesticida u ili na hrani i hrani za \u017eivotinje biljnog [&hellip;]<\/p>\n","protected":false},"author":2,"featured_media":53276,"comment_status":"closed","ping_status":"closed","sticky":false,"template":"","format":"standard","meta":{"h5ap_radio_sources":[],"footnotes":""},"categories":[1],"tags":[],"class_list":["post-53275","post","type-post","status-publish","format-standard","has-post-thumbnail","hentry","category-bihiregija"],"yoast_head":"<!-- This site is optimized with the Yoast SEO plugin v27.4 - https:\/\/yoast.com\/product\/yoast-seo-wordpress\/ -->\n<title>Hrvatska: Zbog etilen oksida opozvani Milka sladoledi - RADIO LJUBU\u0160KI<\/title>\n<meta name=\"robots\" content=\"index, follow, max-snippet:-1, max-image-preview:large, max-video-preview:-1\" \/>\n<link rel=\"canonical\" href=\"https:\/\/radioljubuski.ba\/index.php\/2021\/08\/14\/hrvatska-zbog-etilen-oksida-opozvani-milka-sladoledi\/\" \/>\n<meta property=\"og:locale\" content=\"hr_HR\" \/>\n<meta property=\"og:type\" content=\"article\" \/>\n<meta property=\"og:title\" content=\"Hrvatska: Zbog etilen oksida opozvani Milka sladoledi - RADIO LJUBU\u0160KI\" \/>\n<meta property=\"og:description\" content=\"Ministarstvo poljoprivrede RH u petak je obavijestilo potro\u0161a\u010de o opozivu proizvoda Milka classic \u0161tapi\u0107 4x100ml, lje\u0161njak \u0161tapi\u0107 100ml i classic \u0161tapi\u0107 100ml zbog utvr\u0111enog etilen oksida u aditivu koji se koristi u proizvodnji sladoleda. Proizvodi nisu u skladu s europskom odredbama o maksimalnim razinama ostataka pesticida u ili na hrani i hrani za \u017eivotinje biljnog [&hellip;]\" \/>\n<meta property=\"og:url\" content=\"https:\/\/radioljubuski.ba\/index.php\/2021\/08\/14\/hrvatska-zbog-etilen-oksida-opozvani-milka-sladoledi\/\" \/>\n<meta property=\"og:site_name\" content=\"RADIO LJUBU\u0160KI\" \/>\n<meta property=\"article:publisher\" content=\"https:\/\/www.facebook.com\/Radiio-Ljubuski-1490835324566332\" \/>\n<meta property=\"article:published_time\" content=\"2021-08-13T23:57:01+00:00\" \/>\n<meta property=\"og:image\" content=\"https:\/\/radioljubuski.ba\/wp-content\/uploads\/2021\/08\/2-2021-08-03-08-08-58-sladoled-1.jpg\" \/>\n\t<meta property=\"og:image:width\" content=\"1000\" \/>\n\t<meta property=\"og:image:height\" content=\"625\" \/>\n\t<meta property=\"og:image:type\" content=\"image\/jpeg\" \/>\n<meta name=\"author\" content=\"Radio Ljubu\u0161ki\" \/>\n<meta name=\"twitter:card\" content=\"summary_large_image\" \/>\n<meta name=\"twitter:creator\" content=\"@radioljubuski\" \/>\n<meta name=\"twitter:site\" content=\"@radioljubuski\" \/>\n<meta name=\"twitter:label1\" content=\"Napisao\/la\" \/>\n\t<meta name=\"twitter:data1\" content=\"Radio Ljubu\u0161ki\" \/>\n\t<meta name=\"twitter:label2\" content=\"Procijenjeno vrijeme \u010ditanja\" \/>\n\t<meta name=\"twitter:data2\" content=\"1 minuta\" \/>\n<script type=\"application\/ld+json\" class=\"yoast-schema-graph\">{\"@context\":\"https:\\\/\\\/schema.org\",\"@graph\":[{\"@type\":\"Article\",\"@id\":\"https:\\\/\\\/radioljubuski.ba\\\/index.php\\\/2021\\\/08\\\/14\\\/hrvatska-zbog-etilen-oksida-opozvani-milka-sladoledi\\\/#article\",\"isPartOf\":{\"@id\":\"https:\\\/\\\/radioljubuski.ba\\\/index.php\\\/2021\\\/08\\\/14\\\/hrvatska-zbog-etilen-oksida-opozvani-milka-sladoledi\\\/\"},\"author\":{\"name\":\"Radio Ljubu\u0161ki\",\"@id\":\"https:\\\/\\\/radioljubuski.ba\\\/#\\\/schema\\\/person\\\/19fc700381a780f69665d7956c469e3b\"},\"headline\":\"Hrvatska: Zbog etilen oksida opozvani Milka sladoledi\",\"datePublished\":\"2021-08-13T23:57:01+00:00\",\"mainEntityOfPage\":{\"@id\":\"https:\\\/\\\/radioljubuski.ba\\\/index.php\\\/2021\\\/08\\\/14\\\/hrvatska-zbog-etilen-oksida-opozvani-milka-sladoledi\\\/\"},\"wordCount\":138,\"publisher\":{\"@id\":\"https:\\\/\\\/radioljubuski.ba\\\/#organization\"},\"image\":{\"@id\":\"https:\\\/\\\/radioljubuski.ba\\\/index.php\\\/2021\\\/08\\\/14\\\/hrvatska-zbog-etilen-oksida-opozvani-milka-sladoledi\\\/#primaryimage\"},\"thumbnailUrl\":\"https:\\\/\\\/radioljubuski.ba\\\/wp-content\\\/uploads\\\/2021\\\/08\\\/2-2021-08-03-08-08-58-sladoled-1.jpg\",\"articleSection\":[\"BIH i regija\"],\"inLanguage\":\"hr\"},{\"@type\":\"WebPage\",\"@id\":\"https:\\\/\\\/radioljubuski.ba\\\/index.php\\\/2021\\\/08\\\/14\\\/hrvatska-zbog-etilen-oksida-opozvani-milka-sladoledi\\\/\",\"url\":\"https:\\\/\\\/radioljubuski.ba\\\/index.php\\\/2021\\\/08\\\/14\\\/hrvatska-zbog-etilen-oksida-opozvani-milka-sladoledi\\\/\",\"name\":\"Hrvatska: Zbog etilen oksida opozvani Milka sladoledi - RADIO LJUBU\u0160KI\",\"isPartOf\":{\"@id\":\"https:\\\/\\\/radioljubuski.ba\\\/#website\"},\"primaryImageOfPage\":{\"@id\":\"https:\\\/\\\/radioljubuski.ba\\\/index.php\\\/2021\\\/08\\\/14\\\/hrvatska-zbog-etilen-oksida-opozvani-milka-sladoledi\\\/#primaryimage\"},\"image\":{\"@id\":\"https:\\\/\\\/radioljubuski.ba\\\/index.php\\\/2021\\\/08\\\/14\\\/hrvatska-zbog-etilen-oksida-opozvani-milka-sladoledi\\\/#primaryimage\"},\"thumbnailUrl\":\"https:\\\/\\\/radioljubuski.ba\\\/wp-content\\\/uploads\\\/2021\\\/08\\\/2-2021-08-03-08-08-58-sladoled-1.jpg\",\"datePublished\":\"2021-08-13T23:57:01+00:00\",\"breadcrumb\":{\"@id\":\"https:\\\/\\\/radioljubuski.ba\\\/index.php\\\/2021\\\/08\\\/14\\\/hrvatska-zbog-etilen-oksida-opozvani-milka-sladoledi\\\/#breadcrumb\"},\"inLanguage\":\"hr\",\"potentialAction\":[{\"@type\":\"ReadAction\",\"target\":[\"https:\\\/\\\/radioljubuski.ba\\\/index.php\\\/2021\\\/08\\\/14\\\/hrvatska-zbog-etilen-oksida-opozvani-milka-sladoledi\\\/\"]}]},{\"@type\":\"ImageObject\",\"inLanguage\":\"hr\",\"@id\":\"https:\\\/\\\/radioljubuski.ba\\\/index.php\\\/2021\\\/08\\\/14\\\/hrvatska-zbog-etilen-oksida-opozvani-milka-sladoledi\\\/#primaryimage\",\"url\":\"https:\\\/\\\/radioljubuski.ba\\\/wp-content\\\/uploads\\\/2021\\\/08\\\/2-2021-08-03-08-08-58-sladoled-1.jpg\",\"contentUrl\":\"https:\\\/\\\/radioljubuski.ba\\\/wp-content\\\/uploads\\\/2021\\\/08\\\/2-2021-08-03-08-08-58-sladoled-1.jpg\",\"width\":1000,\"height\":625},{\"@type\":\"BreadcrumbList\",\"@id\":\"https:\\\/\\\/radioljubuski.ba\\\/index.php\\\/2021\\\/08\\\/14\\\/hrvatska-zbog-etilen-oksida-opozvani-milka-sladoledi\\\/#breadcrumb\",\"itemListElement\":[{\"@type\":\"ListItem\",\"position\":1,\"name\":\"Po\u010detna stranica\",\"item\":\"https:\\\/\\\/radioljubuski.ba\\\/\"},{\"@type\":\"ListItem\",\"position\":2,\"name\":\"Hrvatska: Zbog etilen oksida opozvani Milka sladoledi\"}]},{\"@type\":\"WebSite\",\"@id\":\"https:\\\/\\\/radioljubuski.ba\\\/#website\",\"url\":\"https:\\\/\\\/radioljubuski.ba\\\/\",\"name\":\"Radio Ljubu\u0161ki\",\"description\":\"Sun\u010dana frekvencija Hercegovine\",\"publisher\":{\"@id\":\"https:\\\/\\\/radioljubuski.ba\\\/#organization\"},\"potentialAction\":[{\"@type\":\"SearchAction\",\"target\":{\"@type\":\"EntryPoint\",\"urlTemplate\":\"https:\\\/\\\/radioljubuski.ba\\\/?s={search_term_string}\"},\"query-input\":{\"@type\":\"PropertyValueSpecification\",\"valueRequired\":true,\"valueName\":\"search_term_string\"}}],\"inLanguage\":\"hr\"},{\"@type\":\"Organization\",\"@id\":\"https:\\\/\\\/radioljubuski.ba\\\/#organization\",\"name\":\"Radio Ljubu\u0161ki\",\"url\":\"https:\\\/\\\/radioljubuski.ba\\\/\",\"logo\":{\"@type\":\"ImageObject\",\"inLanguage\":\"hr\",\"@id\":\"https:\\\/\\\/radioljubuski.ba\\\/#\\\/schema\\\/logo\\\/image\\\/\",\"url\":\"https:\\\/\\\/radioljubuski.ba\\\/wp-content\\\/uploads\\\/2021\\\/02\\\/cropped-Radio_Ljubuski_logo1.jpg\",\"contentUrl\":\"https:\\\/\\\/radioljubuski.ba\\\/wp-content\\\/uploads\\\/2021\\\/02\\\/cropped-Radio_Ljubuski_logo1.jpg\",\"width\":512,\"height\":512,\"caption\":\"Radio Ljubu\u0161ki\"},\"image\":{\"@id\":\"https:\\\/\\\/radioljubuski.ba\\\/#\\\/schema\\\/logo\\\/image\\\/\"},\"sameAs\":[\"https:\\\/\\\/www.facebook.com\\\/Radiio-Ljubuski-1490835324566332\",\"https:\\\/\\\/x.com\\\/radioljubuski\",\"https:\\\/\\\/hr.linkedin.com\\\/company\\\/radio-ljubuski\",\"https:\\\/\\\/www.youtube.com\\\/channel\\\/UCHYaeO_n0Db3tjNGudGpXyw\"]},{\"@type\":\"Person\",\"@id\":\"https:\\\/\\\/radioljubuski.ba\\\/#\\\/schema\\\/person\\\/19fc700381a780f69665d7956c469e3b\",\"name\":\"Radio Ljubu\u0161ki\"}]}<\/script>\n<!-- \/ Yoast SEO plugin. -->","yoast_head_json":{"title":"Hrvatska: Zbog etilen oksida opozvani Milka sladoledi - RADIO LJUBU\u0160KI","robots":{"index":"index","follow":"follow","max-snippet":"max-snippet:-1","max-image-preview":"max-image-preview:large","max-video-preview":"max-video-preview:-1"},"canonical":"https:\/\/radioljubuski.ba\/index.php\/2021\/08\/14\/hrvatska-zbog-etilen-oksida-opozvani-milka-sladoledi\/","og_locale":"hr_HR","og_type":"article","og_title":"Hrvatska: Zbog etilen oksida opozvani Milka sladoledi - RADIO LJUBU\u0160KI","og_description":"Ministarstvo poljoprivrede RH u petak je obavijestilo potro\u0161a\u010de o opozivu proizvoda Milka classic \u0161tapi\u0107 4x100ml, lje\u0161njak \u0161tapi\u0107 100ml i classic \u0161tapi\u0107 100ml zbog utvr\u0111enog etilen oksida u aditivu koji se koristi u proizvodnji sladoleda. Proizvodi nisu u skladu s europskom odredbama o maksimalnim razinama ostataka pesticida u ili na hrani i hrani za \u017eivotinje biljnog [&hellip;]","og_url":"https:\/\/radioljubuski.ba\/index.php\/2021\/08\/14\/hrvatska-zbog-etilen-oksida-opozvani-milka-sladoledi\/","og_site_name":"RADIO LJUBU\u0160KI","article_publisher":"https:\/\/www.facebook.com\/Radiio-Ljubuski-1490835324566332","article_published_time":"2021-08-13T23:57:01+00:00","og_image":[{"width":1000,"height":625,"url":"https:\/\/radioljubuski.ba\/wp-content\/uploads\/2021\/08\/2-2021-08-03-08-08-58-sladoled-1.jpg","type":"image\/jpeg"}],"author":"Radio Ljubu\u0161ki","twitter_card":"summary_large_image","twitter_creator":"@radioljubuski","twitter_site":"@radioljubuski","twitter_misc":{"Napisao\/la":"Radio Ljubu\u0161ki","Procijenjeno vrijeme \u010ditanja":"1 minuta"},"schema":{"@context":"https:\/\/schema.org","@graph":[{"@type":"Article","@id":"https:\/\/radioljubuski.ba\/index.php\/2021\/08\/14\/hrvatska-zbog-etilen-oksida-opozvani-milka-sladoledi\/#article","isPartOf":{"@id":"https:\/\/radioljubuski.ba\/index.php\/2021\/08\/14\/hrvatska-zbog-etilen-oksida-opozvani-milka-sladoledi\/"},"author":{"name":"Radio Ljubu\u0161ki","@id":"https:\/\/radioljubuski.ba\/#\/schema\/person\/19fc700381a780f69665d7956c469e3b"},"headline":"Hrvatska: Zbog etilen oksida opozvani Milka sladoledi","datePublished":"2021-08-13T23:57:01+00:00","mainEntityOfPage":{"@id":"https:\/\/radioljubuski.ba\/index.php\/2021\/08\/14\/hrvatska-zbog-etilen-oksida-opozvani-milka-sladoledi\/"},"wordCount":138,"publisher":{"@id":"https:\/\/radioljubuski.ba\/#organization"},"image":{"@id":"https:\/\/radioljubuski.ba\/index.php\/2021\/08\/14\/hrvatska-zbog-etilen-oksida-opozvani-milka-sladoledi\/#primaryimage"},"thumbnailUrl":"https:\/\/radioljubuski.ba\/wp-content\/uploads\/2021\/08\/2-2021-08-03-08-08-58-sladoled-1.jpg","articleSection":["BIH i regija"],"inLanguage":"hr"},{"@type":"WebPage","@id":"https:\/\/radioljubuski.ba\/index.php\/2021\/08\/14\/hrvatska-zbog-etilen-oksida-opozvani-milka-sladoledi\/","url":"https:\/\/radioljubuski.ba\/index.php\/2021\/08\/14\/hrvatska-zbog-etilen-oksida-opozvani-milka-sladoledi\/","name":"Hrvatska: Zbog etilen oksida opozvani Milka sladoledi - RADIO LJUBU\u0160KI","isPartOf":{"@id":"https:\/\/radioljubuski.ba\/#website"},"primaryImageOfPage":{"@id":"https:\/\/radioljubuski.ba\/index.php\/2021\/08\/14\/hrvatska-zbog-etilen-oksida-opozvani-milka-sladoledi\/#primaryimage"},"image":{"@id":"https:\/\/radioljubuski.ba\/index.php\/2021\/08\/14\/hrvatska-zbog-etilen-oksida-opozvani-milka-sladoledi\/#primaryimage"},"thumbnailUrl":"https:\/\/radioljubuski.ba\/wp-content\/uploads\/2021\/08\/2-2021-08-03-08-08-58-sladoled-1.jpg","datePublished":"2021-08-13T23:57:01+00:00","breadcrumb":{"@id":"https:\/\/radioljubuski.ba\/index.php\/2021\/08\/14\/hrvatska-zbog-etilen-oksida-opozvani-milka-sladoledi\/#breadcrumb"},"inLanguage":"hr","potentialAction":[{"@type":"ReadAction","target":["https:\/\/radioljubuski.ba\/index.php\/2021\/08\/14\/hrvatska-zbog-etilen-oksida-opozvani-milka-sladoledi\/"]}]},{"@type":"ImageObject","inLanguage":"hr","@id":"https:\/\/radioljubuski.ba\/index.php\/2021\/08\/14\/hrvatska-zbog-etilen-oksida-opozvani-milka-sladoledi\/#primaryimage","url":"https:\/\/radioljubuski.ba\/wp-content\/uploads\/2021\/08\/2-2021-08-03-08-08-58-sladoled-1.jpg","contentUrl":"https:\/\/radioljubuski.ba\/wp-content\/uploads\/2021\/08\/2-2021-08-03-08-08-58-sladoled-1.jpg","width":1000,"height":625},{"@type":"BreadcrumbList","@id":"https:\/\/radioljubuski.ba\/index.php\/2021\/08\/14\/hrvatska-zbog-etilen-oksida-opozvani-milka-sladoledi\/#breadcrumb","itemListElement":[{"@type":"ListItem","position":1,"name":"Po\u010detna stranica","item":"https:\/\/radioljubuski.ba\/"},{"@type":"ListItem","position":2,"name":"Hrvatska: Zbog etilen oksida opozvani Milka sladoledi"}]},{"@type":"WebSite","@id":"https:\/\/radioljubuski.ba\/#website","url":"https:\/\/radioljubuski.ba\/","name":"Radio Ljubu\u0161ki","description":"Sun\u010dana frekvencija Hercegovine","publisher":{"@id":"https:\/\/radioljubuski.ba\/#organization"},"potentialAction":[{"@type":"SearchAction","target":{"@type":"EntryPoint","urlTemplate":"https:\/\/radioljubuski.ba\/?s={search_term_string}"},"query-input":{"@type":"PropertyValueSpecification","valueRequired":true,"valueName":"search_term_string"}}],"inLanguage":"hr"},{"@type":"Organization","@id":"https:\/\/radioljubuski.ba\/#organization","name":"Radio Ljubu\u0161ki","url":"https:\/\/radioljubuski.ba\/","logo":{"@type":"ImageObject","inLanguage":"hr","@id":"https:\/\/radioljubuski.ba\/#\/schema\/logo\/image\/","url":"https:\/\/radioljubuski.ba\/wp-content\/uploads\/2021\/02\/cropped-Radio_Ljubuski_logo1.jpg","contentUrl":"https:\/\/radioljubuski.ba\/wp-content\/uploads\/2021\/02\/cropped-Radio_Ljubuski_logo1.jpg","width":512,"height":512,"caption":"Radio Ljubu\u0161ki"},"image":{"@id":"https:\/\/radioljubuski.ba\/#\/schema\/logo\/image\/"},"sameAs":["https:\/\/www.facebook.com\/Radiio-Ljubuski-1490835324566332","https:\/\/x.com\/radioljubuski","https:\/\/hr.linkedin.com\/company\/radio-ljubuski","https:\/\/www.youtube.com\/channel\/UCHYaeO_n0Db3tjNGudGpXyw"]},{"@type":"Person","@id":"https:\/\/radioljubuski.ba\/#\/schema\/person\/19fc700381a780f69665d7956c469e3b","name":"Radio Ljubu\u0161ki"}]}},"_links":{"self":[{"href":"https:\/\/radioljubuski.ba\/index.php\/wp-json\/wp\/v2\/posts\/53275","targetHints":{"allow":["GET"]}}],"collection":[{"href":"https:\/\/radioljubuski.ba\/index.php\/wp-json\/wp\/v2\/posts"}],"about":[{"href":"https:\/\/radioljubuski.ba\/index.php\/wp-json\/wp\/v2\/types\/post"}],"author":[{"embeddable":true,"href":"https:\/\/radioljubuski.ba\/index.php\/wp-json\/wp\/v2\/users\/2"}],"replies":[{"embeddable":true,"href":"https:\/\/radioljubuski.ba\/index.php\/wp-json\/wp\/v2\/comments?post=53275"}],"version-history":[{"count":1,"href":"https:\/\/radioljubuski.ba\/index.php\/wp-json\/wp\/v2\/posts\/53275\/revisions"}],"predecessor-version":[{"id":53277,"href":"https:\/\/radioljubuski.ba\/index.php\/wp-json\/wp\/v2\/posts\/53275\/revisions\/53277"}],"wp:featuredmedia":[{"embeddable":true,"href":"https:\/\/radioljubuski.ba\/index.php\/wp-json\/wp\/v2\/media\/53276"}],"wp:attachment":[{"href":"https:\/\/radioljubuski.ba\/index.php\/wp-json\/wp\/v2\/media?parent=53275"}],"wp:term":[{"taxonomy":"category","embeddable":true,"href":"https:\/\/radioljubuski.ba\/index.php\/wp-json\/wp\/v2\/categories?post=53275"},{"taxonomy":"post_tag","embeddable":true,"href":"https:\/\/radioljubuski.ba\/index.php\/wp-json\/wp\/v2\/tags?post=53275"}],"curies":[{"name":"wp","href":"https:\/\/api.w.org\/{rel}","templated":true}]}}