{"id":53289,"date":"2021-08-14T01:03:40","date_gmt":"2021-08-14T00:03:40","guid":{"rendered":"https:\/\/radioljubuski.ba\/?p=53289"},"modified":"2021-08-14T01:03:41","modified_gmt":"2021-08-14T00:03:41","slug":"imunizacija-u-bih-protice-sporo-strucnjaci-odavno-upozoravaju-na-cetvrti-val","status":"publish","type":"post","link":"https:\/\/radioljubuski.ba\/index.php\/2021\/08\/14\/imunizacija-u-bih-protice-sporo-strucnjaci-odavno-upozoravaju-na-cetvrti-val\/","title":{"rendered":"Imunizacija u BiH proti\u010de sporo, stru\u010dnjaci odavno upozoravaju na \u010detvrti val"},"content":{"rendered":"\n<p>Brojevi novozara\u017eenih koronavirusom raste iz dana u dan. U Bosni i Hercegovini danas je registrirano njih 241 i tri smrtna slu\u010daja. Istovremeno, proces imunizacije proti\u010de prili\u010dno sporo. Za naredni tjedan se u Federaciji o\u010dekuje po\u010detak cijepljenja Sinopharmom iz direktne nabavke, a u RS rezultati sekvencioniranja novozara\u017eenih za koje se sumnja da je rije\u010d o delta soju.<\/p>\n\n\n\n<p>Danas u podne pred sarajevskom Zetrom red od 50-ak zainteresiranih gra\u0111ana za cijepljenje.<\/p>\n\n\n\n<p>U Federaciji se od narednog tjedna o\u010dekuje cijepljenje Sinopharmom, 500 tisu\u0107a doza direktne nabavke. Mnogo ranije, iako teritorijalno dosta manje, direktnom nabavkom realizirao je Distrikt Br\u010dko.<\/p>\n\n\n\n<p>\u201cUkupno u Distrikt je do\u0161lo oko 36 tisu\u0107a doza. Za sada smo mi cijepili oko 11 tisu\u0107a osoba prvom dozom i nekih 6.800 sa drugom dozom. Proces imunizacije i cijepljenja gra\u0111ana Distrikta Br\u010dko bez najave smo izorganizirali na na\u010din da svaka osoba koja do\u0111e i \u017eeli da se cijepi dobije odmah termin\u201c, izjavio je Sead \u0160adi\u0107, Odjel za zdravstvo BD-a.<\/p>\n\n\n\n<p>Promocija imunizacije vr\u0161i se i u ZH\u017d, gdje je cijepljeno skoro 12 tisu\u0107a ljudi, a vi\u0161e od 6.400 primilo je i drugu dozu, ali odzivom nisu zadovoljni.<\/p>\n\n\n\n<p>\u201cImamo i AstraZenecu i Sinovac i Sinopharm, ali trenutno Pfizera nemamo jer je za njim najve\u0107a potra\u017enja. Radimo na zagovaranju imunizacije, me\u0111utim nismo zadovoljni odazivom\u201c, istaknula je Andrea Juri\u0107, epidemiologinja i direktorica ZZJZ ZH\u017d.<\/p>\n\n\n\n<p>Zbog prili\u010dno malog broja cijepljenih, ve\u0107 odavno stru\u010dnjaci upozoravaju na mogu\u0107i novi \u010detvrti val korone. U prilog tome i svakodnevni skok broja novozara\u017eenih, najvjerovatnije delta sojem.<\/p>\n\n\n\n<p>\u201cNe mo\u017eemo sa 100 posto sigurno\u0161\u0107u tvrditi da je u pitanju delta soj, ali sve naznake govore da da. Mi \u0107emo uraditi sekvencioniranje u narednom periodu upravo tih osoba koje imaju specifi\u010dnu klini\u010dku sliku, ali tako\u0111er koji imaju vrijednosti odre\u0111ene koje su indikativne za samo sekvencioniranje\u201c, naglasio je Branislav Zeljkovi\u0107, Institut za javno zdravlje RS.<\/p>\n\n\n\n<p>Pove\u0107ati broj cijepljenih osoba starosti do 40 godina, preporuka je i ministra zdravstva RS Alena \u0160erani\u0107a. Iste poruke i iz Federalnog zavoda za javno zdravstvo \u2013 ljudi trebaju prestati oklijevati i cijepiti se.<\/p>\n\n\n\n<p>\u201cDolaskom ve\u0107eg broja cjepiva mi sada pozivamo pripadnike svih starosnih skupina, govorim od 18 plus pa na vi\u0161e, posebno one koje su zbog prirode posla izlo\u017eeni ve\u0107em broju kontakata, da pristupe prvoj najbli\u017eoj zdravstvenoj ustanovi i iskoriste svoje pravo\u201c, potcrtala je Aida Rami\u0107 \u010catak, FZZJZ.<\/p>\n\n\n\n<p>Izvor:N1<\/p>\n","protected":false},"excerpt":{"rendered":"<p>Brojevi novozara\u017eenih koronavirusom raste iz dana u dan. U Bosni i Hercegovini danas je registrirano njih 241 i tri smrtna slu\u010daja. Istovremeno, proces imunizacije proti\u010de prili\u010dno sporo. Za naredni tjedan se u Federaciji o\u010dekuje po\u010detak cijepljenja Sinopharmom iz direktne nabavke, a u RS rezultati sekvencioniranja novozara\u017eenih za koje se sumnja da je rije\u010d o delta [&hellip;]<\/p>\n","protected":false},"author":2,"featured_media":36415,"comment_status":"closed","ping_status":"closed","sticky":false,"template":"","format":"standard","meta":{"h5ap_radio_sources":[],"footnotes":""},"categories":[1],"tags":[],"class_list":["post-53289","post","type-post","status-publish","format-standard","has-post-thumbnail","hentry","category-bihiregija"],"yoast_head":"<!-- This site is optimized with the Yoast SEO plugin v27.4 - https:\/\/yoast.com\/product\/yoast-seo-wordpress\/ -->\n<title>Imunizacija u BiH proti\u010de sporo, stru\u010dnjaci odavno upozoravaju na \u010detvrti val - RADIO LJUBU\u0160KI<\/title>\n<meta name=\"robots\" content=\"index, follow, max-snippet:-1, max-image-preview:large, max-video-preview:-1\" \/>\n<link rel=\"canonical\" href=\"https:\/\/radioljubuski.ba\/index.php\/2021\/08\/14\/imunizacija-u-bih-protice-sporo-strucnjaci-odavno-upozoravaju-na-cetvrti-val\/\" \/>\n<meta property=\"og:locale\" content=\"hr_HR\" \/>\n<meta property=\"og:type\" content=\"article\" \/>\n<meta property=\"og:title\" content=\"Imunizacija u BiH proti\u010de sporo, stru\u010dnjaci odavno upozoravaju na \u010detvrti val - RADIO LJUBU\u0160KI\" \/>\n<meta property=\"og:description\" content=\"Brojevi novozara\u017eenih koronavirusom raste iz dana u dan. U Bosni i Hercegovini danas je registrirano njih 241 i tri smrtna slu\u010daja. Istovremeno, proces imunizacije proti\u010de prili\u010dno sporo. Za naredni tjedan se u Federaciji o\u010dekuje po\u010detak cijepljenja Sinopharmom iz direktne nabavke, a u RS rezultati sekvencioniranja novozara\u017eenih za koje se sumnja da je rije\u010d o delta [&hellip;]\" \/>\n<meta property=\"og:url\" content=\"https:\/\/radioljubuski.ba\/index.php\/2021\/08\/14\/imunizacija-u-bih-protice-sporo-strucnjaci-odavno-upozoravaju-na-cetvrti-val\/\" \/>\n<meta property=\"og:site_name\" content=\"RADIO LJUBU\u0160KI\" \/>\n<meta property=\"article:publisher\" content=\"https:\/\/www.facebook.com\/Radiio-Ljubuski-1490835324566332\" \/>\n<meta property=\"article:published_time\" content=\"2021-08-14T00:03:40+00:00\" \/>\n<meta property=\"article:modified_time\" content=\"2021-08-14T00:03:41+00:00\" \/>\n<meta property=\"og:image\" content=\"https:\/\/radioljubuski.ba\/wp-content\/uploads\/2021\/06\/2-2021-05-18-07-30-25-CIJEPLJENJE-ZENA.jpg\" \/>\n\t<meta property=\"og:image:width\" content=\"1000\" \/>\n\t<meta property=\"og:image:height\" content=\"625\" \/>\n\t<meta property=\"og:image:type\" content=\"image\/jpeg\" \/>\n<meta name=\"author\" content=\"Radio Ljubu\u0161ki\" \/>\n<meta name=\"twitter:card\" content=\"summary_large_image\" \/>\n<meta name=\"twitter:creator\" content=\"@radioljubuski\" \/>\n<meta name=\"twitter:site\" content=\"@radioljubuski\" \/>\n<meta name=\"twitter:label1\" content=\"Napisao\/la\" \/>\n\t<meta name=\"twitter:data1\" content=\"Radio Ljubu\u0161ki\" \/>\n\t<meta name=\"twitter:label2\" content=\"Procijenjeno vrijeme \u010ditanja\" \/>\n\t<meta name=\"twitter:data2\" content=\"2 minute\" \/>\n<script type=\"application\/ld+json\" class=\"yoast-schema-graph\">{\"@context\":\"https:\\\/\\\/schema.org\",\"@graph\":[{\"@type\":\"Article\",\"@id\":\"https:\\\/\\\/radioljubuski.ba\\\/index.php\\\/2021\\\/08\\\/14\\\/imunizacija-u-bih-protice-sporo-strucnjaci-odavno-upozoravaju-na-cetvrti-val\\\/#article\",\"isPartOf\":{\"@id\":\"https:\\\/\\\/radioljubuski.ba\\\/index.php\\\/2021\\\/08\\\/14\\\/imunizacija-u-bih-protice-sporo-strucnjaci-odavno-upozoravaju-na-cetvrti-val\\\/\"},\"author\":{\"name\":\"Radio Ljubu\u0161ki\",\"@id\":\"https:\\\/\\\/radioljubuski.ba\\\/#\\\/schema\\\/person\\\/19fc700381a780f69665d7956c469e3b\"},\"headline\":\"Imunizacija u BiH proti\u010de sporo, stru\u010dnjaci odavno upozoravaju na \u010detvrti val\",\"datePublished\":\"2021-08-14T00:03:40+00:00\",\"dateModified\":\"2021-08-14T00:03:41+00:00\",\"mainEntityOfPage\":{\"@id\":\"https:\\\/\\\/radioljubuski.ba\\\/index.php\\\/2021\\\/08\\\/14\\\/imunizacija-u-bih-protice-sporo-strucnjaci-odavno-upozoravaju-na-cetvrti-val\\\/\"},\"wordCount\":420,\"publisher\":{\"@id\":\"https:\\\/\\\/radioljubuski.ba\\\/#organization\"},\"image\":{\"@id\":\"https:\\\/\\\/radioljubuski.ba\\\/index.php\\\/2021\\\/08\\\/14\\\/imunizacija-u-bih-protice-sporo-strucnjaci-odavno-upozoravaju-na-cetvrti-val\\\/#primaryimage\"},\"thumbnailUrl\":\"https:\\\/\\\/radioljubuski.ba\\\/wp-content\\\/uploads\\\/2021\\\/06\\\/2-2021-05-18-07-30-25-CIJEPLJENJE-ZENA.jpg\",\"articleSection\":[\"BIH i regija\"],\"inLanguage\":\"hr\"},{\"@type\":\"WebPage\",\"@id\":\"https:\\\/\\\/radioljubuski.ba\\\/index.php\\\/2021\\\/08\\\/14\\\/imunizacija-u-bih-protice-sporo-strucnjaci-odavno-upozoravaju-na-cetvrti-val\\\/\",\"url\":\"https:\\\/\\\/radioljubuski.ba\\\/index.php\\\/2021\\\/08\\\/14\\\/imunizacija-u-bih-protice-sporo-strucnjaci-odavno-upozoravaju-na-cetvrti-val\\\/\",\"name\":\"Imunizacija u BiH proti\u010de sporo, stru\u010dnjaci odavno upozoravaju na \u010detvrti val - RADIO LJUBU\u0160KI\",\"isPartOf\":{\"@id\":\"https:\\\/\\\/radioljubuski.ba\\\/#website\"},\"primaryImageOfPage\":{\"@id\":\"https:\\\/\\\/radioljubuski.ba\\\/index.php\\\/2021\\\/08\\\/14\\\/imunizacija-u-bih-protice-sporo-strucnjaci-odavno-upozoravaju-na-cetvrti-val\\\/#primaryimage\"},\"image\":{\"@id\":\"https:\\\/\\\/radioljubuski.ba\\\/index.php\\\/2021\\\/08\\\/14\\\/imunizacija-u-bih-protice-sporo-strucnjaci-odavno-upozoravaju-na-cetvrti-val\\\/#primaryimage\"},\"thumbnailUrl\":\"https:\\\/\\\/radioljubuski.ba\\\/wp-content\\\/uploads\\\/2021\\\/06\\\/2-2021-05-18-07-30-25-CIJEPLJENJE-ZENA.jpg\",\"datePublished\":\"2021-08-14T00:03:40+00:00\",\"dateModified\":\"2021-08-14T00:03:41+00:00\",\"breadcrumb\":{\"@id\":\"https:\\\/\\\/radioljubuski.ba\\\/index.php\\\/2021\\\/08\\\/14\\\/imunizacija-u-bih-protice-sporo-strucnjaci-odavno-upozoravaju-na-cetvrti-val\\\/#breadcrumb\"},\"inLanguage\":\"hr\",\"potentialAction\":[{\"@type\":\"ReadAction\",\"target\":[\"https:\\\/\\\/radioljubuski.ba\\\/index.php\\\/2021\\\/08\\\/14\\\/imunizacija-u-bih-protice-sporo-strucnjaci-odavno-upozoravaju-na-cetvrti-val\\\/\"]}]},{\"@type\":\"ImageObject\",\"inLanguage\":\"hr\",\"@id\":\"https:\\\/\\\/radioljubuski.ba\\\/index.php\\\/2021\\\/08\\\/14\\\/imunizacija-u-bih-protice-sporo-strucnjaci-odavno-upozoravaju-na-cetvrti-val\\\/#primaryimage\",\"url\":\"https:\\\/\\\/radioljubuski.ba\\\/wp-content\\\/uploads\\\/2021\\\/06\\\/2-2021-05-18-07-30-25-CIJEPLJENJE-ZENA.jpg\",\"contentUrl\":\"https:\\\/\\\/radioljubuski.ba\\\/wp-content\\\/uploads\\\/2021\\\/06\\\/2-2021-05-18-07-30-25-CIJEPLJENJE-ZENA.jpg\",\"width\":1000,\"height\":625},{\"@type\":\"BreadcrumbList\",\"@id\":\"https:\\\/\\\/radioljubuski.ba\\\/index.php\\\/2021\\\/08\\\/14\\\/imunizacija-u-bih-protice-sporo-strucnjaci-odavno-upozoravaju-na-cetvrti-val\\\/#breadcrumb\",\"itemListElement\":[{\"@type\":\"ListItem\",\"position\":1,\"name\":\"Po\u010detna stranica\",\"item\":\"https:\\\/\\\/radioljubuski.ba\\\/\"},{\"@type\":\"ListItem\",\"position\":2,\"name\":\"Imunizacija u BiH proti\u010de sporo, stru\u010dnjaci odavno upozoravaju na \u010detvrti val\"}]},{\"@type\":\"WebSite\",\"@id\":\"https:\\\/\\\/radioljubuski.ba\\\/#website\",\"url\":\"https:\\\/\\\/radioljubuski.ba\\\/\",\"name\":\"Radio Ljubu\u0161ki\",\"description\":\"Sun\u010dana frekvencija Hercegovine\",\"publisher\":{\"@id\":\"https:\\\/\\\/radioljubuski.ba\\\/#organization\"},\"potentialAction\":[{\"@type\":\"SearchAction\",\"target\":{\"@type\":\"EntryPoint\",\"urlTemplate\":\"https:\\\/\\\/radioljubuski.ba\\\/?s={search_term_string}\"},\"query-input\":{\"@type\":\"PropertyValueSpecification\",\"valueRequired\":true,\"valueName\":\"search_term_string\"}}],\"inLanguage\":\"hr\"},{\"@type\":\"Organization\",\"@id\":\"https:\\\/\\\/radioljubuski.ba\\\/#organization\",\"name\":\"Radio Ljubu\u0161ki\",\"url\":\"https:\\\/\\\/radioljubuski.ba\\\/\",\"logo\":{\"@type\":\"ImageObject\",\"inLanguage\":\"hr\",\"@id\":\"https:\\\/\\\/radioljubuski.ba\\\/#\\\/schema\\\/logo\\\/image\\\/\",\"url\":\"https:\\\/\\\/radioljubuski.ba\\\/wp-content\\\/uploads\\\/2021\\\/02\\\/cropped-Radio_Ljubuski_logo1.jpg\",\"contentUrl\":\"https:\\\/\\\/radioljubuski.ba\\\/wp-content\\\/uploads\\\/2021\\\/02\\\/cropped-Radio_Ljubuski_logo1.jpg\",\"width\":512,\"height\":512,\"caption\":\"Radio Ljubu\u0161ki\"},\"image\":{\"@id\":\"https:\\\/\\\/radioljubuski.ba\\\/#\\\/schema\\\/logo\\\/image\\\/\"},\"sameAs\":[\"https:\\\/\\\/www.facebook.com\\\/Radiio-Ljubuski-1490835324566332\",\"https:\\\/\\\/x.com\\\/radioljubuski\",\"https:\\\/\\\/hr.linkedin.com\\\/company\\\/radio-ljubuski\",\"https:\\\/\\\/www.youtube.com\\\/channel\\\/UCHYaeO_n0Db3tjNGudGpXyw\"]},{\"@type\":\"Person\",\"@id\":\"https:\\\/\\\/radioljubuski.ba\\\/#\\\/schema\\\/person\\\/19fc700381a780f69665d7956c469e3b\",\"name\":\"Radio Ljubu\u0161ki\"}]}<\/script>\n<!-- \/ Yoast SEO plugin. -->","yoast_head_json":{"title":"Imunizacija u BiH proti\u010de sporo, stru\u010dnjaci odavno upozoravaju na \u010detvrti val - RADIO LJUBU\u0160KI","robots":{"index":"index","follow":"follow","max-snippet":"max-snippet:-1","max-image-preview":"max-image-preview:large","max-video-preview":"max-video-preview:-1"},"canonical":"https:\/\/radioljubuski.ba\/index.php\/2021\/08\/14\/imunizacija-u-bih-protice-sporo-strucnjaci-odavno-upozoravaju-na-cetvrti-val\/","og_locale":"hr_HR","og_type":"article","og_title":"Imunizacija u BiH proti\u010de sporo, stru\u010dnjaci odavno upozoravaju na \u010detvrti val - RADIO LJUBU\u0160KI","og_description":"Brojevi novozara\u017eenih koronavirusom raste iz dana u dan. U Bosni i Hercegovini danas je registrirano njih 241 i tri smrtna slu\u010daja. Istovremeno, proces imunizacije proti\u010de prili\u010dno sporo. Za naredni tjedan se u Federaciji o\u010dekuje po\u010detak cijepljenja Sinopharmom iz direktne nabavke, a u RS rezultati sekvencioniranja novozara\u017eenih za koje se sumnja da je rije\u010d o delta [&hellip;]","og_url":"https:\/\/radioljubuski.ba\/index.php\/2021\/08\/14\/imunizacija-u-bih-protice-sporo-strucnjaci-odavno-upozoravaju-na-cetvrti-val\/","og_site_name":"RADIO LJUBU\u0160KI","article_publisher":"https:\/\/www.facebook.com\/Radiio-Ljubuski-1490835324566332","article_published_time":"2021-08-14T00:03:40+00:00","article_modified_time":"2021-08-14T00:03:41+00:00","og_image":[{"width":1000,"height":625,"url":"https:\/\/radioljubuski.ba\/wp-content\/uploads\/2021\/06\/2-2021-05-18-07-30-25-CIJEPLJENJE-ZENA.jpg","type":"image\/jpeg"}],"author":"Radio Ljubu\u0161ki","twitter_card":"summary_large_image","twitter_creator":"@radioljubuski","twitter_site":"@radioljubuski","twitter_misc":{"Napisao\/la":"Radio Ljubu\u0161ki","Procijenjeno vrijeme \u010ditanja":"2 minute"},"schema":{"@context":"https:\/\/schema.org","@graph":[{"@type":"Article","@id":"https:\/\/radioljubuski.ba\/index.php\/2021\/08\/14\/imunizacija-u-bih-protice-sporo-strucnjaci-odavno-upozoravaju-na-cetvrti-val\/#article","isPartOf":{"@id":"https:\/\/radioljubuski.ba\/index.php\/2021\/08\/14\/imunizacija-u-bih-protice-sporo-strucnjaci-odavno-upozoravaju-na-cetvrti-val\/"},"author":{"name":"Radio Ljubu\u0161ki","@id":"https:\/\/radioljubuski.ba\/#\/schema\/person\/19fc700381a780f69665d7956c469e3b"},"headline":"Imunizacija u BiH proti\u010de sporo, stru\u010dnjaci odavno upozoravaju na \u010detvrti val","datePublished":"2021-08-14T00:03:40+00:00","dateModified":"2021-08-14T00:03:41+00:00","mainEntityOfPage":{"@id":"https:\/\/radioljubuski.ba\/index.php\/2021\/08\/14\/imunizacija-u-bih-protice-sporo-strucnjaci-odavno-upozoravaju-na-cetvrti-val\/"},"wordCount":420,"publisher":{"@id":"https:\/\/radioljubuski.ba\/#organization"},"image":{"@id":"https:\/\/radioljubuski.ba\/index.php\/2021\/08\/14\/imunizacija-u-bih-protice-sporo-strucnjaci-odavno-upozoravaju-na-cetvrti-val\/#primaryimage"},"thumbnailUrl":"https:\/\/radioljubuski.ba\/wp-content\/uploads\/2021\/06\/2-2021-05-18-07-30-25-CIJEPLJENJE-ZENA.jpg","articleSection":["BIH i regija"],"inLanguage":"hr"},{"@type":"WebPage","@id":"https:\/\/radioljubuski.ba\/index.php\/2021\/08\/14\/imunizacija-u-bih-protice-sporo-strucnjaci-odavno-upozoravaju-na-cetvrti-val\/","url":"https:\/\/radioljubuski.ba\/index.php\/2021\/08\/14\/imunizacija-u-bih-protice-sporo-strucnjaci-odavno-upozoravaju-na-cetvrti-val\/","name":"Imunizacija u BiH proti\u010de sporo, stru\u010dnjaci odavno upozoravaju na \u010detvrti val - RADIO LJUBU\u0160KI","isPartOf":{"@id":"https:\/\/radioljubuski.ba\/#website"},"primaryImageOfPage":{"@id":"https:\/\/radioljubuski.ba\/index.php\/2021\/08\/14\/imunizacija-u-bih-protice-sporo-strucnjaci-odavno-upozoravaju-na-cetvrti-val\/#primaryimage"},"image":{"@id":"https:\/\/radioljubuski.ba\/index.php\/2021\/08\/14\/imunizacija-u-bih-protice-sporo-strucnjaci-odavno-upozoravaju-na-cetvrti-val\/#primaryimage"},"thumbnailUrl":"https:\/\/radioljubuski.ba\/wp-content\/uploads\/2021\/06\/2-2021-05-18-07-30-25-CIJEPLJENJE-ZENA.jpg","datePublished":"2021-08-14T00:03:40+00:00","dateModified":"2021-08-14T00:03:41+00:00","breadcrumb":{"@id":"https:\/\/radioljubuski.ba\/index.php\/2021\/08\/14\/imunizacija-u-bih-protice-sporo-strucnjaci-odavno-upozoravaju-na-cetvrti-val\/#breadcrumb"},"inLanguage":"hr","potentialAction":[{"@type":"ReadAction","target":["https:\/\/radioljubuski.ba\/index.php\/2021\/08\/14\/imunizacija-u-bih-protice-sporo-strucnjaci-odavno-upozoravaju-na-cetvrti-val\/"]}]},{"@type":"ImageObject","inLanguage":"hr","@id":"https:\/\/radioljubuski.ba\/index.php\/2021\/08\/14\/imunizacija-u-bih-protice-sporo-strucnjaci-odavno-upozoravaju-na-cetvrti-val\/#primaryimage","url":"https:\/\/radioljubuski.ba\/wp-content\/uploads\/2021\/06\/2-2021-05-18-07-30-25-CIJEPLJENJE-ZENA.jpg","contentUrl":"https:\/\/radioljubuski.ba\/wp-content\/uploads\/2021\/06\/2-2021-05-18-07-30-25-CIJEPLJENJE-ZENA.jpg","width":1000,"height":625},{"@type":"BreadcrumbList","@id":"https:\/\/radioljubuski.ba\/index.php\/2021\/08\/14\/imunizacija-u-bih-protice-sporo-strucnjaci-odavno-upozoravaju-na-cetvrti-val\/#breadcrumb","itemListElement":[{"@type":"ListItem","position":1,"name":"Po\u010detna stranica","item":"https:\/\/radioljubuski.ba\/"},{"@type":"ListItem","position":2,"name":"Imunizacija u BiH proti\u010de sporo, stru\u010dnjaci odavno upozoravaju na \u010detvrti val"}]},{"@type":"WebSite","@id":"https:\/\/radioljubuski.ba\/#website","url":"https:\/\/radioljubuski.ba\/","name":"Radio Ljubu\u0161ki","description":"Sun\u010dana frekvencija Hercegovine","publisher":{"@id":"https:\/\/radioljubuski.ba\/#organization"},"potentialAction":[{"@type":"SearchAction","target":{"@type":"EntryPoint","urlTemplate":"https:\/\/radioljubuski.ba\/?s={search_term_string}"},"query-input":{"@type":"PropertyValueSpecification","valueRequired":true,"valueName":"search_term_string"}}],"inLanguage":"hr"},{"@type":"Organization","@id":"https:\/\/radioljubuski.ba\/#organization","name":"Radio Ljubu\u0161ki","url":"https:\/\/radioljubuski.ba\/","logo":{"@type":"ImageObject","inLanguage":"hr","@id":"https:\/\/radioljubuski.ba\/#\/schema\/logo\/image\/","url":"https:\/\/radioljubuski.ba\/wp-content\/uploads\/2021\/02\/cropped-Radio_Ljubuski_logo1.jpg","contentUrl":"https:\/\/radioljubuski.ba\/wp-content\/uploads\/2021\/02\/cropped-Radio_Ljubuski_logo1.jpg","width":512,"height":512,"caption":"Radio Ljubu\u0161ki"},"image":{"@id":"https:\/\/radioljubuski.ba\/#\/schema\/logo\/image\/"},"sameAs":["https:\/\/www.facebook.com\/Radiio-Ljubuski-1490835324566332","https:\/\/x.com\/radioljubuski","https:\/\/hr.linkedin.com\/company\/radio-ljubuski","https:\/\/www.youtube.com\/channel\/UCHYaeO_n0Db3tjNGudGpXyw"]},{"@type":"Person","@id":"https:\/\/radioljubuski.ba\/#\/schema\/person\/19fc700381a780f69665d7956c469e3b","name":"Radio Ljubu\u0161ki"}]}},"_links":{"self":[{"href":"https:\/\/radioljubuski.ba\/index.php\/wp-json\/wp\/v2\/posts\/53289","targetHints":{"allow":["GET"]}}],"collection":[{"href":"https:\/\/radioljubuski.ba\/index.php\/wp-json\/wp\/v2\/posts"}],"about":[{"href":"https:\/\/radioljubuski.ba\/index.php\/wp-json\/wp\/v2\/types\/post"}],"author":[{"embeddable":true,"href":"https:\/\/radioljubuski.ba\/index.php\/wp-json\/wp\/v2\/users\/2"}],"replies":[{"embeddable":true,"href":"https:\/\/radioljubuski.ba\/index.php\/wp-json\/wp\/v2\/comments?post=53289"}],"version-history":[{"count":1,"href":"https:\/\/radioljubuski.ba\/index.php\/wp-json\/wp\/v2\/posts\/53289\/revisions"}],"predecessor-version":[{"id":53290,"href":"https:\/\/radioljubuski.ba\/index.php\/wp-json\/wp\/v2\/posts\/53289\/revisions\/53290"}],"wp:featuredmedia":[{"embeddable":true,"href":"https:\/\/radioljubuski.ba\/index.php\/wp-json\/wp\/v2\/media\/36415"}],"wp:attachment":[{"href":"https:\/\/radioljubuski.ba\/index.php\/wp-json\/wp\/v2\/media?parent=53289"}],"wp:term":[{"taxonomy":"category","embeddable":true,"href":"https:\/\/radioljubuski.ba\/index.php\/wp-json\/wp\/v2\/categories?post=53289"},{"taxonomy":"post_tag","embeddable":true,"href":"https:\/\/radioljubuski.ba\/index.php\/wp-json\/wp\/v2\/tags?post=53289"}],"curies":[{"name":"wp","href":"https:\/\/api.w.org\/{rel}","templated":true}]}}