{"id":53356,"date":"2021-08-14T19:07:22","date_gmt":"2021-08-14T18:07:22","guid":{"rendered":"https:\/\/radioljubuski.ba\/?p=53356"},"modified":"2021-08-14T19:07:23","modified_gmt":"2021-08-14T18:07:23","slug":"fra-ivan-maric-u-marijansko-svetiste-u-sirokom-brijegu-i-ove-godine-dolazi-tisuce-vjernika","status":"publish","type":"post","link":"https:\/\/radioljubuski.ba\/index.php\/2021\/08\/14\/fra-ivan-maric-u-marijansko-svetiste-u-sirokom-brijegu-i-ove-godine-dolazi-tisuce-vjernika\/","title":{"rendered":"Fra Ivan Mari\u0107: U marijansko sveti\u0161te u \u0160irokom Brijegu i ove godine dolazi tisu\u0107e vjernika"},"content":{"rendered":"\n<h5 class=\"wp-block-heading\">Velika Gospa ili svetkovina Uznesenja Bla\u017eene Djevice Marije obilje\u017eava se ove nedjelje, 15. kolovoza, kada diljem BiH i svijeta vjernici hodo\u010daste u marijanska sveti\u0161ta, a gvardijan Franjeva\u010dkog samostana u \u0160irokome Brijegu fra Ivan Mari\u0107 uvjerenja je kako \u0107e i ove godine u to sveti\u0161te sti\u0107i vi\u0161e tisu\u0107a vjernika \u201csa svih razina i sa svih strana svijeta\u201d.<\/h5>\n\n\n\n<p>Tradicionalno, u marijansko sveti\u0161te Uznesenja Bla\u017eene Djevice Marije u \u0160irokom Brijegu okupi se<strong>&nbsp;od 10.000 do 15.000 vjernika<\/strong>.<\/p>\n\n\n\n<p><em>Ove godine je te\u0161ko predvidjeti koliki \u0107e broj vjernika sti\u0107i u marijansko sveti\u0161te Uznesenja Bla\u017eene Djevice Marije u \u0160irokom Brijegu, s obzirom na epidemiolo\u0161ku situaciju, ali obi\u010daj je da kroz devetnicu, pripravu za svetkovinu Bla\u017eene Djevice Marije na Nebo, to sveti\u0161te<\/em><strong><em>&nbsp;na dnevnoj razini posjeti od dvije do tri tisu\u0107e hodo\u010dasnika<\/em><\/strong><em>, a na samu uo\u010dnicu Svetkovine taj broj je znao varirati od 10 do 15 tisu\u0107a<\/em>, kazao je u razgovoru za Fenu \u0161irokobrije\u0161ki gvardijan&nbsp;<strong>fra Ivan Mari\u0107<\/strong>.<\/p>\n\n\n\n<p>Po njegovim rije\u010dima, hodo\u010dasnici pristi\u017eu sukladno svojim mogu\u0107nostima, ali i epidemiolo\u0161koj situaciji, no napominje kako su<strong>&nbsp;sva misna slavlja na otvorenom<\/strong>&nbsp;tako da ima dovoljno prostora za sve njih. Ipak, \u0161irokobrije\u0161ki gvardijan poru\u010duje vjernicima da&nbsp;<strong>\u010duvaju svoje i zdravlje bli\u017enjih<\/strong>, odnosno \u201cda budu obazrivi jedni prema drugima\u201d.<\/p>\n\n\n\n<p><em>Ono \u0161to je jako va\u017eno i u ovom vremenu kada vlada nevjerica, je da se mi&nbsp;<\/em><strong><em>uzdamo u svesrdnu pomo\u0107 Bla\u017eene Djevice Marije<\/em><\/strong><em>, majke, kraljice, spasiteljice, suotkupiteljice, tje\u0161iteljice, kako je sve na\u0161 narod naziva kroz godine i stolje\u0107a, u svakodnevnim te\u0161ko\u0107ama i tugama i da je uzimamo sebi i drugima za uzor u poslu\u0161nosti Bo\u017eje rije\u010di<\/em>, poru\u010duje gvardijan, podsje\u0107aju\u0107i kako su mnogi izgubili svoje najmilije pa tako da su i molitve usmjerene za o\u017ealo\u0161\u0107ene obitelji, a posebno, ka\u017ee, za bolesne.<\/p>\n\n\n\n<p>Nauk o Marijinu uznesenju na nebo proglasio je<strong>&nbsp;1. studenog 1950.<\/strong>&nbsp;papa Pio XII. Slu\u017ebenom progla\u0161enju prethodila je duga tradicija slavljenja, stara kao i samo kr\u0161\u0107anstvo.<\/p>\n\n\n\n<p>Vjernici u&nbsp;<strong>BiH<\/strong>&nbsp;posje\u0107uju rado Sveti\u0161te Gospe Olovske, Sveti\u0161te Gospe od Kond\u017eila u Komu\u0161ini te Sveti\u0161te Kraljice mira u Me\u0111ugorju, a izvan BiH, u&nbsp;<strong>Hrvatskoj<\/strong>, me\u0111u poznatijima su Sveti\u0161te Majke Bo\u017eje Bistri\u010dke u Mariji Bistrici, Sveti\u0161te Majke Bo\u017eje Trsatske na Trsatu, Sveti\u0161te Gospe Sinjske u Sinju itd. U regiji su jo\u0161 poznati Sveti\u0161te Crne Gospe u Subotici i u Bunari\u0107u u Ba\u010dkoj. Zatim, Gospa od \u0160krpjela u Boki kotorskoj i Sveti\u0161te Gospe Letni\u010dke u Letnici na Kosovu.<\/p>\n\n\n\n<p><strong>(Fena)<\/strong><\/p>\n","protected":false},"excerpt":{"rendered":"<p>Velika Gospa ili svetkovina Uznesenja Bla\u017eene Djevice Marije obilje\u017eava se ove nedjelje, 15. kolovoza, kada diljem BiH i svijeta vjernici hodo\u010daste u marijanska sveti\u0161ta, a gvardijan Franjeva\u010dkog samostana u \u0160irokome Brijegu fra Ivan Mari\u0107 uvjerenja je kako \u0107e i ove godine u to sveti\u0161te sti\u0107i vi\u0161e tisu\u0107a vjernika \u201csa svih razina i sa svih strana [&hellip;]<\/p>\n","protected":false},"author":2,"featured_media":53357,"comment_status":"closed","ping_status":"closed","sticky":false,"template":"","format":"standard","meta":{"h5ap_radio_sources":[],"footnotes":""},"categories":[1],"tags":[],"class_list":["post-53356","post","type-post","status-publish","format-standard","has-post-thumbnail","hentry","category-bihiregija"],"yoast_head":"<!-- This site is optimized with the Yoast SEO plugin v27.4 - https:\/\/yoast.com\/product\/yoast-seo-wordpress\/ -->\n<title>Fra Ivan Mari\u0107: U marijansko sveti\u0161te u \u0160irokom Brijegu i ove godine dolazi tisu\u0107e vjernika - RADIO LJUBU\u0160KI<\/title>\n<meta name=\"robots\" content=\"index, follow, max-snippet:-1, max-image-preview:large, max-video-preview:-1\" \/>\n<link rel=\"canonical\" href=\"https:\/\/radioljubuski.ba\/index.php\/2021\/08\/14\/fra-ivan-maric-u-marijansko-svetiste-u-sirokom-brijegu-i-ove-godine-dolazi-tisuce-vjernika\/\" \/>\n<meta property=\"og:locale\" content=\"hr_HR\" \/>\n<meta property=\"og:type\" content=\"article\" \/>\n<meta property=\"og:title\" content=\"Fra Ivan Mari\u0107: U marijansko sveti\u0161te u \u0160irokom Brijegu i ove godine dolazi tisu\u0107e vjernika - RADIO LJUBU\u0160KI\" \/>\n<meta property=\"og:description\" content=\"Velika Gospa ili svetkovina Uznesenja Bla\u017eene Djevice Marije obilje\u017eava se ove nedjelje, 15. kolovoza, kada diljem BiH i svijeta vjernici hodo\u010daste u marijanska sveti\u0161ta, a gvardijan Franjeva\u010dkog samostana u \u0160irokome Brijegu fra Ivan Mari\u0107 uvjerenja je kako \u0107e i ove godine u to sveti\u0161te sti\u0107i vi\u0161e tisu\u0107a vjernika \u201csa svih razina i sa svih strana [&hellip;]\" \/>\n<meta property=\"og:url\" content=\"https:\/\/radioljubuski.ba\/index.php\/2021\/08\/14\/fra-ivan-maric-u-marijansko-svetiste-u-sirokom-brijegu-i-ove-godine-dolazi-tisuce-vjernika\/\" \/>\n<meta property=\"og:site_name\" content=\"RADIO LJUBU\u0160KI\" \/>\n<meta property=\"article:publisher\" content=\"https:\/\/www.facebook.com\/Radiio-Ljubuski-1490835324566332\" \/>\n<meta property=\"article:published_time\" content=\"2021-08-14T18:07:22+00:00\" \/>\n<meta property=\"article:modified_time\" content=\"2021-08-14T18:07:23+00:00\" \/>\n<meta property=\"og:image\" content=\"https:\/\/radioljubuski.ba\/wp-content\/uploads\/2021\/08\/fra-ivan-maric-kolovoz2021.jpg\" \/>\n\t<meta property=\"og:image:width\" content=\"810\" \/>\n\t<meta property=\"og:image:height\" content=\"540\" \/>\n\t<meta property=\"og:image:type\" content=\"image\/jpeg\" \/>\n<meta name=\"author\" content=\"Radio Ljubu\u0161ki\" \/>\n<meta name=\"twitter:card\" content=\"summary_large_image\" \/>\n<meta name=\"twitter:creator\" content=\"@radioljubuski\" \/>\n<meta name=\"twitter:site\" content=\"@radioljubuski\" \/>\n<meta name=\"twitter:label1\" content=\"Napisao\/la\" \/>\n\t<meta name=\"twitter:data1\" content=\"Radio Ljubu\u0161ki\" \/>\n\t<meta name=\"twitter:label2\" content=\"Procijenjeno vrijeme \u010ditanja\" \/>\n\t<meta name=\"twitter:data2\" content=\"2 minute\" \/>\n<script type=\"application\/ld+json\" class=\"yoast-schema-graph\">{\"@context\":\"https:\\\/\\\/schema.org\",\"@graph\":[{\"@type\":\"Article\",\"@id\":\"https:\\\/\\\/radioljubuski.ba\\\/index.php\\\/2021\\\/08\\\/14\\\/fra-ivan-maric-u-marijansko-svetiste-u-sirokom-brijegu-i-ove-godine-dolazi-tisuce-vjernika\\\/#article\",\"isPartOf\":{\"@id\":\"https:\\\/\\\/radioljubuski.ba\\\/index.php\\\/2021\\\/08\\\/14\\\/fra-ivan-maric-u-marijansko-svetiste-u-sirokom-brijegu-i-ove-godine-dolazi-tisuce-vjernika\\\/\"},\"author\":{\"name\":\"Radio Ljubu\u0161ki\",\"@id\":\"https:\\\/\\\/radioljubuski.ba\\\/#\\\/schema\\\/person\\\/19fc700381a780f69665d7956c469e3b\"},\"headline\":\"Fra Ivan Mari\u0107: U marijansko sveti\u0161te u \u0160irokom Brijegu i ove godine dolazi tisu\u0107e vjernika\",\"datePublished\":\"2021-08-14T18:07:22+00:00\",\"dateModified\":\"2021-08-14T18:07:23+00:00\",\"mainEntityOfPage\":{\"@id\":\"https:\\\/\\\/radioljubuski.ba\\\/index.php\\\/2021\\\/08\\\/14\\\/fra-ivan-maric-u-marijansko-svetiste-u-sirokom-brijegu-i-ove-godine-dolazi-tisuce-vjernika\\\/\"},\"wordCount\":473,\"publisher\":{\"@id\":\"https:\\\/\\\/radioljubuski.ba\\\/#organization\"},\"image\":{\"@id\":\"https:\\\/\\\/radioljubuski.ba\\\/index.php\\\/2021\\\/08\\\/14\\\/fra-ivan-maric-u-marijansko-svetiste-u-sirokom-brijegu-i-ove-godine-dolazi-tisuce-vjernika\\\/#primaryimage\"},\"thumbnailUrl\":\"https:\\\/\\\/radioljubuski.ba\\\/wp-content\\\/uploads\\\/2021\\\/08\\\/fra-ivan-maric-kolovoz2021.jpg\",\"articleSection\":[\"BIH i regija\"],\"inLanguage\":\"hr\"},{\"@type\":\"WebPage\",\"@id\":\"https:\\\/\\\/radioljubuski.ba\\\/index.php\\\/2021\\\/08\\\/14\\\/fra-ivan-maric-u-marijansko-svetiste-u-sirokom-brijegu-i-ove-godine-dolazi-tisuce-vjernika\\\/\",\"url\":\"https:\\\/\\\/radioljubuski.ba\\\/index.php\\\/2021\\\/08\\\/14\\\/fra-ivan-maric-u-marijansko-svetiste-u-sirokom-brijegu-i-ove-godine-dolazi-tisuce-vjernika\\\/\",\"name\":\"Fra Ivan Mari\u0107: U marijansko sveti\u0161te u \u0160irokom Brijegu i ove godine dolazi tisu\u0107e vjernika - RADIO LJUBU\u0160KI\",\"isPartOf\":{\"@id\":\"https:\\\/\\\/radioljubuski.ba\\\/#website\"},\"primaryImageOfPage\":{\"@id\":\"https:\\\/\\\/radioljubuski.ba\\\/index.php\\\/2021\\\/08\\\/14\\\/fra-ivan-maric-u-marijansko-svetiste-u-sirokom-brijegu-i-ove-godine-dolazi-tisuce-vjernika\\\/#primaryimage\"},\"image\":{\"@id\":\"https:\\\/\\\/radioljubuski.ba\\\/index.php\\\/2021\\\/08\\\/14\\\/fra-ivan-maric-u-marijansko-svetiste-u-sirokom-brijegu-i-ove-godine-dolazi-tisuce-vjernika\\\/#primaryimage\"},\"thumbnailUrl\":\"https:\\\/\\\/radioljubuski.ba\\\/wp-content\\\/uploads\\\/2021\\\/08\\\/fra-ivan-maric-kolovoz2021.jpg\",\"datePublished\":\"2021-08-14T18:07:22+00:00\",\"dateModified\":\"2021-08-14T18:07:23+00:00\",\"breadcrumb\":{\"@id\":\"https:\\\/\\\/radioljubuski.ba\\\/index.php\\\/2021\\\/08\\\/14\\\/fra-ivan-maric-u-marijansko-svetiste-u-sirokom-brijegu-i-ove-godine-dolazi-tisuce-vjernika\\\/#breadcrumb\"},\"inLanguage\":\"hr\",\"potentialAction\":[{\"@type\":\"ReadAction\",\"target\":[\"https:\\\/\\\/radioljubuski.ba\\\/index.php\\\/2021\\\/08\\\/14\\\/fra-ivan-maric-u-marijansko-svetiste-u-sirokom-brijegu-i-ove-godine-dolazi-tisuce-vjernika\\\/\"]}]},{\"@type\":\"ImageObject\",\"inLanguage\":\"hr\",\"@id\":\"https:\\\/\\\/radioljubuski.ba\\\/index.php\\\/2021\\\/08\\\/14\\\/fra-ivan-maric-u-marijansko-svetiste-u-sirokom-brijegu-i-ove-godine-dolazi-tisuce-vjernika\\\/#primaryimage\",\"url\":\"https:\\\/\\\/radioljubuski.ba\\\/wp-content\\\/uploads\\\/2021\\\/08\\\/fra-ivan-maric-kolovoz2021.jpg\",\"contentUrl\":\"https:\\\/\\\/radioljubuski.ba\\\/wp-content\\\/uploads\\\/2021\\\/08\\\/fra-ivan-maric-kolovoz2021.jpg\",\"width\":810,\"height\":540},{\"@type\":\"BreadcrumbList\",\"@id\":\"https:\\\/\\\/radioljubuski.ba\\\/index.php\\\/2021\\\/08\\\/14\\\/fra-ivan-maric-u-marijansko-svetiste-u-sirokom-brijegu-i-ove-godine-dolazi-tisuce-vjernika\\\/#breadcrumb\",\"itemListElement\":[{\"@type\":\"ListItem\",\"position\":1,\"name\":\"Po\u010detna stranica\",\"item\":\"https:\\\/\\\/radioljubuski.ba\\\/\"},{\"@type\":\"ListItem\",\"position\":2,\"name\":\"Fra Ivan Mari\u0107: U marijansko sveti\u0161te u \u0160irokom Brijegu i ove godine dolazi tisu\u0107e vjernika\"}]},{\"@type\":\"WebSite\",\"@id\":\"https:\\\/\\\/radioljubuski.ba\\\/#website\",\"url\":\"https:\\\/\\\/radioljubuski.ba\\\/\",\"name\":\"Radio Ljubu\u0161ki\",\"description\":\"Sun\u010dana frekvencija Hercegovine\",\"publisher\":{\"@id\":\"https:\\\/\\\/radioljubuski.ba\\\/#organization\"},\"potentialAction\":[{\"@type\":\"SearchAction\",\"target\":{\"@type\":\"EntryPoint\",\"urlTemplate\":\"https:\\\/\\\/radioljubuski.ba\\\/?s={search_term_string}\"},\"query-input\":{\"@type\":\"PropertyValueSpecification\",\"valueRequired\":true,\"valueName\":\"search_term_string\"}}],\"inLanguage\":\"hr\"},{\"@type\":\"Organization\",\"@id\":\"https:\\\/\\\/radioljubuski.ba\\\/#organization\",\"name\":\"Radio Ljubu\u0161ki\",\"url\":\"https:\\\/\\\/radioljubuski.ba\\\/\",\"logo\":{\"@type\":\"ImageObject\",\"inLanguage\":\"hr\",\"@id\":\"https:\\\/\\\/radioljubuski.ba\\\/#\\\/schema\\\/logo\\\/image\\\/\",\"url\":\"https:\\\/\\\/radioljubuski.ba\\\/wp-content\\\/uploads\\\/2021\\\/02\\\/cropped-Radio_Ljubuski_logo1.jpg\",\"contentUrl\":\"https:\\\/\\\/radioljubuski.ba\\\/wp-content\\\/uploads\\\/2021\\\/02\\\/cropped-Radio_Ljubuski_logo1.jpg\",\"width\":512,\"height\":512,\"caption\":\"Radio Ljubu\u0161ki\"},\"image\":{\"@id\":\"https:\\\/\\\/radioljubuski.ba\\\/#\\\/schema\\\/logo\\\/image\\\/\"},\"sameAs\":[\"https:\\\/\\\/www.facebook.com\\\/Radiio-Ljubuski-1490835324566332\",\"https:\\\/\\\/x.com\\\/radioljubuski\",\"https:\\\/\\\/hr.linkedin.com\\\/company\\\/radio-ljubuski\",\"https:\\\/\\\/www.youtube.com\\\/channel\\\/UCHYaeO_n0Db3tjNGudGpXyw\"]},{\"@type\":\"Person\",\"@id\":\"https:\\\/\\\/radioljubuski.ba\\\/#\\\/schema\\\/person\\\/19fc700381a780f69665d7956c469e3b\",\"name\":\"Radio Ljubu\u0161ki\"}]}<\/script>\n<!-- \/ Yoast SEO plugin. -->","yoast_head_json":{"title":"Fra Ivan Mari\u0107: U marijansko sveti\u0161te u \u0160irokom Brijegu i ove godine dolazi tisu\u0107e vjernika - RADIO LJUBU\u0160KI","robots":{"index":"index","follow":"follow","max-snippet":"max-snippet:-1","max-image-preview":"max-image-preview:large","max-video-preview":"max-video-preview:-1"},"canonical":"https:\/\/radioljubuski.ba\/index.php\/2021\/08\/14\/fra-ivan-maric-u-marijansko-svetiste-u-sirokom-brijegu-i-ove-godine-dolazi-tisuce-vjernika\/","og_locale":"hr_HR","og_type":"article","og_title":"Fra Ivan Mari\u0107: U marijansko sveti\u0161te u \u0160irokom Brijegu i ove godine dolazi tisu\u0107e vjernika - RADIO LJUBU\u0160KI","og_description":"Velika Gospa ili svetkovina Uznesenja Bla\u017eene Djevice Marije obilje\u017eava se ove nedjelje, 15. kolovoza, kada diljem BiH i svijeta vjernici hodo\u010daste u marijanska sveti\u0161ta, a gvardijan Franjeva\u010dkog samostana u \u0160irokome Brijegu fra Ivan Mari\u0107 uvjerenja je kako \u0107e i ove godine u to sveti\u0161te sti\u0107i vi\u0161e tisu\u0107a vjernika \u201csa svih razina i sa svih strana [&hellip;]","og_url":"https:\/\/radioljubuski.ba\/index.php\/2021\/08\/14\/fra-ivan-maric-u-marijansko-svetiste-u-sirokom-brijegu-i-ove-godine-dolazi-tisuce-vjernika\/","og_site_name":"RADIO LJUBU\u0160KI","article_publisher":"https:\/\/www.facebook.com\/Radiio-Ljubuski-1490835324566332","article_published_time":"2021-08-14T18:07:22+00:00","article_modified_time":"2021-08-14T18:07:23+00:00","og_image":[{"width":810,"height":540,"url":"https:\/\/radioljubuski.ba\/wp-content\/uploads\/2021\/08\/fra-ivan-maric-kolovoz2021.jpg","type":"image\/jpeg"}],"author":"Radio Ljubu\u0161ki","twitter_card":"summary_large_image","twitter_creator":"@radioljubuski","twitter_site":"@radioljubuski","twitter_misc":{"Napisao\/la":"Radio Ljubu\u0161ki","Procijenjeno vrijeme \u010ditanja":"2 minute"},"schema":{"@context":"https:\/\/schema.org","@graph":[{"@type":"Article","@id":"https:\/\/radioljubuski.ba\/index.php\/2021\/08\/14\/fra-ivan-maric-u-marijansko-svetiste-u-sirokom-brijegu-i-ove-godine-dolazi-tisuce-vjernika\/#article","isPartOf":{"@id":"https:\/\/radioljubuski.ba\/index.php\/2021\/08\/14\/fra-ivan-maric-u-marijansko-svetiste-u-sirokom-brijegu-i-ove-godine-dolazi-tisuce-vjernika\/"},"author":{"name":"Radio Ljubu\u0161ki","@id":"https:\/\/radioljubuski.ba\/#\/schema\/person\/19fc700381a780f69665d7956c469e3b"},"headline":"Fra Ivan Mari\u0107: U marijansko sveti\u0161te u \u0160irokom Brijegu i ove godine dolazi tisu\u0107e vjernika","datePublished":"2021-08-14T18:07:22+00:00","dateModified":"2021-08-14T18:07:23+00:00","mainEntityOfPage":{"@id":"https:\/\/radioljubuski.ba\/index.php\/2021\/08\/14\/fra-ivan-maric-u-marijansko-svetiste-u-sirokom-brijegu-i-ove-godine-dolazi-tisuce-vjernika\/"},"wordCount":473,"publisher":{"@id":"https:\/\/radioljubuski.ba\/#organization"},"image":{"@id":"https:\/\/radioljubuski.ba\/index.php\/2021\/08\/14\/fra-ivan-maric-u-marijansko-svetiste-u-sirokom-brijegu-i-ove-godine-dolazi-tisuce-vjernika\/#primaryimage"},"thumbnailUrl":"https:\/\/radioljubuski.ba\/wp-content\/uploads\/2021\/08\/fra-ivan-maric-kolovoz2021.jpg","articleSection":["BIH i regija"],"inLanguage":"hr"},{"@type":"WebPage","@id":"https:\/\/radioljubuski.ba\/index.php\/2021\/08\/14\/fra-ivan-maric-u-marijansko-svetiste-u-sirokom-brijegu-i-ove-godine-dolazi-tisuce-vjernika\/","url":"https:\/\/radioljubuski.ba\/index.php\/2021\/08\/14\/fra-ivan-maric-u-marijansko-svetiste-u-sirokom-brijegu-i-ove-godine-dolazi-tisuce-vjernika\/","name":"Fra Ivan Mari\u0107: U marijansko sveti\u0161te u \u0160irokom Brijegu i ove godine dolazi tisu\u0107e vjernika - RADIO LJUBU\u0160KI","isPartOf":{"@id":"https:\/\/radioljubuski.ba\/#website"},"primaryImageOfPage":{"@id":"https:\/\/radioljubuski.ba\/index.php\/2021\/08\/14\/fra-ivan-maric-u-marijansko-svetiste-u-sirokom-brijegu-i-ove-godine-dolazi-tisuce-vjernika\/#primaryimage"},"image":{"@id":"https:\/\/radioljubuski.ba\/index.php\/2021\/08\/14\/fra-ivan-maric-u-marijansko-svetiste-u-sirokom-brijegu-i-ove-godine-dolazi-tisuce-vjernika\/#primaryimage"},"thumbnailUrl":"https:\/\/radioljubuski.ba\/wp-content\/uploads\/2021\/08\/fra-ivan-maric-kolovoz2021.jpg","datePublished":"2021-08-14T18:07:22+00:00","dateModified":"2021-08-14T18:07:23+00:00","breadcrumb":{"@id":"https:\/\/radioljubuski.ba\/index.php\/2021\/08\/14\/fra-ivan-maric-u-marijansko-svetiste-u-sirokom-brijegu-i-ove-godine-dolazi-tisuce-vjernika\/#breadcrumb"},"inLanguage":"hr","potentialAction":[{"@type":"ReadAction","target":["https:\/\/radioljubuski.ba\/index.php\/2021\/08\/14\/fra-ivan-maric-u-marijansko-svetiste-u-sirokom-brijegu-i-ove-godine-dolazi-tisuce-vjernika\/"]}]},{"@type":"ImageObject","inLanguage":"hr","@id":"https:\/\/radioljubuski.ba\/index.php\/2021\/08\/14\/fra-ivan-maric-u-marijansko-svetiste-u-sirokom-brijegu-i-ove-godine-dolazi-tisuce-vjernika\/#primaryimage","url":"https:\/\/radioljubuski.ba\/wp-content\/uploads\/2021\/08\/fra-ivan-maric-kolovoz2021.jpg","contentUrl":"https:\/\/radioljubuski.ba\/wp-content\/uploads\/2021\/08\/fra-ivan-maric-kolovoz2021.jpg","width":810,"height":540},{"@type":"BreadcrumbList","@id":"https:\/\/radioljubuski.ba\/index.php\/2021\/08\/14\/fra-ivan-maric-u-marijansko-svetiste-u-sirokom-brijegu-i-ove-godine-dolazi-tisuce-vjernika\/#breadcrumb","itemListElement":[{"@type":"ListItem","position":1,"name":"Po\u010detna stranica","item":"https:\/\/radioljubuski.ba\/"},{"@type":"ListItem","position":2,"name":"Fra Ivan Mari\u0107: U marijansko sveti\u0161te u \u0160irokom Brijegu i ove godine dolazi tisu\u0107e vjernika"}]},{"@type":"WebSite","@id":"https:\/\/radioljubuski.ba\/#website","url":"https:\/\/radioljubuski.ba\/","name":"Radio Ljubu\u0161ki","description":"Sun\u010dana frekvencija Hercegovine","publisher":{"@id":"https:\/\/radioljubuski.ba\/#organization"},"potentialAction":[{"@type":"SearchAction","target":{"@type":"EntryPoint","urlTemplate":"https:\/\/radioljubuski.ba\/?s={search_term_string}"},"query-input":{"@type":"PropertyValueSpecification","valueRequired":true,"valueName":"search_term_string"}}],"inLanguage":"hr"},{"@type":"Organization","@id":"https:\/\/radioljubuski.ba\/#organization","name":"Radio Ljubu\u0161ki","url":"https:\/\/radioljubuski.ba\/","logo":{"@type":"ImageObject","inLanguage":"hr","@id":"https:\/\/radioljubuski.ba\/#\/schema\/logo\/image\/","url":"https:\/\/radioljubuski.ba\/wp-content\/uploads\/2021\/02\/cropped-Radio_Ljubuski_logo1.jpg","contentUrl":"https:\/\/radioljubuski.ba\/wp-content\/uploads\/2021\/02\/cropped-Radio_Ljubuski_logo1.jpg","width":512,"height":512,"caption":"Radio Ljubu\u0161ki"},"image":{"@id":"https:\/\/radioljubuski.ba\/#\/schema\/logo\/image\/"},"sameAs":["https:\/\/www.facebook.com\/Radiio-Ljubuski-1490835324566332","https:\/\/x.com\/radioljubuski","https:\/\/hr.linkedin.com\/company\/radio-ljubuski","https:\/\/www.youtube.com\/channel\/UCHYaeO_n0Db3tjNGudGpXyw"]},{"@type":"Person","@id":"https:\/\/radioljubuski.ba\/#\/schema\/person\/19fc700381a780f69665d7956c469e3b","name":"Radio Ljubu\u0161ki"}]}},"_links":{"self":[{"href":"https:\/\/radioljubuski.ba\/index.php\/wp-json\/wp\/v2\/posts\/53356","targetHints":{"allow":["GET"]}}],"collection":[{"href":"https:\/\/radioljubuski.ba\/index.php\/wp-json\/wp\/v2\/posts"}],"about":[{"href":"https:\/\/radioljubuski.ba\/index.php\/wp-json\/wp\/v2\/types\/post"}],"author":[{"embeddable":true,"href":"https:\/\/radioljubuski.ba\/index.php\/wp-json\/wp\/v2\/users\/2"}],"replies":[{"embeddable":true,"href":"https:\/\/radioljubuski.ba\/index.php\/wp-json\/wp\/v2\/comments?post=53356"}],"version-history":[{"count":1,"href":"https:\/\/radioljubuski.ba\/index.php\/wp-json\/wp\/v2\/posts\/53356\/revisions"}],"predecessor-version":[{"id":53358,"href":"https:\/\/radioljubuski.ba\/index.php\/wp-json\/wp\/v2\/posts\/53356\/revisions\/53358"}],"wp:featuredmedia":[{"embeddable":true,"href":"https:\/\/radioljubuski.ba\/index.php\/wp-json\/wp\/v2\/media\/53357"}],"wp:attachment":[{"href":"https:\/\/radioljubuski.ba\/index.php\/wp-json\/wp\/v2\/media?parent=53356"}],"wp:term":[{"taxonomy":"category","embeddable":true,"href":"https:\/\/radioljubuski.ba\/index.php\/wp-json\/wp\/v2\/categories?post=53356"},{"taxonomy":"post_tag","embeddable":true,"href":"https:\/\/radioljubuski.ba\/index.php\/wp-json\/wp\/v2\/tags?post=53356"}],"curies":[{"name":"wp","href":"https:\/\/api.w.org\/{rel}","templated":true}]}}