{"id":53374,"date":"2021-08-14T23:09:35","date_gmt":"2021-08-14T22:09:35","guid":{"rendered":"https:\/\/radioljubuski.ba\/?p=53374"},"modified":"2021-08-14T23:09:36","modified_gmt":"2021-08-14T22:09:36","slug":"mektic-i-pavic-u-finalu-kanadskog-mastersa","status":"publish","type":"post","link":"https:\/\/radioljubuski.ba\/index.php\/2021\/08\/14\/mektic-i-pavic-u-finalu-kanadskog-mastersa\/","title":{"rendered":"Mekti\u0107 i Pavi\u0107 u finalu kanadskog Mastersa"},"content":{"rendered":"\n<p><strong>Zlatni hrvatski olimpijci, teniski par Nikola Mekti\u0107 i Mate Pavi\u0107 plasirali su se u finale ATP turnira iz serije Masters 1000 u Torontu. U polufinalu su svladali Nijemca Kevina Krawietza i Rumunja Horiju Tecaua sa 7-6 (3), 7-6 (12).<\/strong><\/p>\n\n\n\n<p>Bio je to dvoboj u kojemu nijedna kombinacija nije izgubila gem na svom po\u010detnom udarcu, a u oba &#8220;tie-breaka&#8221; uspje\u0161niji su bili Mekti\u0107 i Pavi\u0107.<br><br>U prvom setu svaki je par po jednom stigao do izjedna\u010denja na servis suparnika, Krawietz i Tecau u osmoj, a Mekti\u0107 i Pavi\u0107 u 11. igri, no nije uspio osvojiti i odlu\u010duju\u0107i poen. U &#8220;tie-breaku&#8221; su Mekti\u0107 i Pavi\u0107 poveli sa 3-0 , pa 6-1 i sigurno ga priveli kraju.<\/p>\n\n\n\n<blockquote class=\"twitter-tweet\"><p lang=\"en\" dir=\"ltr\">One win away from title No. \ud83d\udd1f this year!<br><br>\ud83c\udded\ud83c\uddf7 <a href=\"https:\/\/twitter.com\/NMektic?ref_src=twsrc%5Etfw\">@NMektic<\/a> &amp; Mate Pavic save four set points in the second-set tie-break to defeat Krawietz &amp; Tecau 7-6(3), 7-6(12).<a href=\"https:\/\/twitter.com\/hashtag\/NBO21?src=hash&amp;ref_src=twsrc%5Etfw\">#NBO21<\/a> <a href=\"https:\/\/t.co\/fTeo8ln9Ym\">pic.twitter.com\/fTeo8ln9Ym<\/a><\/p>&mdash; ATP Tour (@atptour) <a href=\"https:\/\/twitter.com\/atptour\/status\/1426612832645246976?ref_src=twsrc%5Etfw\">August 14, 2021<\/a><\/blockquote> <script async src=\"https:\/\/platform.twitter.com\/widgets.js\" charset=\"utf-8\"><\/script>\n\n\n\n<p>Hrvatska je kombinacija bila bolja u drugom setu u kojemu je imala \u010detiri &#8220;break-lopte&#8221;, jednu u \u0161estom i jo\u0161 tri u osmom gemu, no nisu uspjeli to i materijalizirati. Krawietz i Tecau su u drugom &#8220;tie-breaku&#8221; poveli sa 4-0, pa 5-1 i \u010dinilo se kako \u0107e se igrati produ\u017eeni &#8220;tie-break&#8221;, no Mekti\u0107 i Pavi\u0107 su stigli do 5-5, a onda je uslijedio niz od \u010dak 15 poena zaredom koji je osvajao par koji je servirao. U tom nizu njema\u010dko-rumunjska kombinacija je imala \u010detiri set-lopte, a hrvatska tri me\u010d-lopte. Niz je prekinut kod vodstva Mekti\u0107a i Pavi\u0107a 13-12 kada su iskoristili svoju \u010detvrtu me\u010d-loptu.<\/p>\n\n\n\n<p>Ovo je ve\u0107 56. pobjeda Mekti\u0107a i Pavi\u0107a u 2021. godini uz samo devet poraza, a njome su izborili svoj ve\u0107 12. finale. Dosad su osvojili devet naslova, a na putu prema desetom stajat \u0107e im ili Amerikanac&nbsp;<strong>Rajeev Ram<\/strong>&nbsp;i Britanac&nbsp;<strong>Joe Salisbury<\/strong>&nbsp;ili Belgijci&nbsp;<strong>Sander Gille<\/strong>&nbsp;i<strong>&nbsp;Joran Vliegen<\/strong>.<\/p>\n\n\n\n<p>Izvor:hrt.hr<\/p>\n","protected":false},"excerpt":{"rendered":"<p>Zlatni hrvatski olimpijci, teniski par Nikola Mekti\u0107 i Mate Pavi\u0107 plasirali su se u finale ATP turnira iz serije Masters 1000 u Torontu. U polufinalu su svladali Nijemca Kevina Krawietza i Rumunja Horiju Tecaua sa 7-6 (3), 7-6 (12). Bio je to dvoboj u kojemu nijedna kombinacija nije izgubila gem na svom po\u010detnom udarcu, a [&hellip;]<\/p>\n","protected":false},"author":2,"featured_media":53375,"comment_status":"closed","ping_status":"closed","sticky":false,"template":"","format":"standard","meta":{"h5ap_radio_sources":[],"footnotes":""},"categories":[7],"tags":[],"class_list":["post-53374","post","type-post","status-publish","format-standard","has-post-thumbnail","hentry","category-sport"],"yoast_head":"<!-- This site is optimized with the Yoast SEO plugin v27.4 - https:\/\/yoast.com\/product\/yoast-seo-wordpress\/ -->\n<title>Mekti\u0107 i Pavi\u0107 u finalu kanadskog Mastersa - RADIO LJUBU\u0160KI<\/title>\n<meta name=\"robots\" content=\"index, follow, max-snippet:-1, max-image-preview:large, max-video-preview:-1\" \/>\n<link rel=\"canonical\" href=\"https:\/\/radioljubuski.ba\/index.php\/2021\/08\/14\/mektic-i-pavic-u-finalu-kanadskog-mastersa\/\" \/>\n<meta property=\"og:locale\" content=\"hr_HR\" \/>\n<meta property=\"og:type\" content=\"article\" \/>\n<meta property=\"og:title\" content=\"Mekti\u0107 i Pavi\u0107 u finalu kanadskog Mastersa - RADIO LJUBU\u0160KI\" \/>\n<meta property=\"og:description\" content=\"Zlatni hrvatski olimpijci, teniski par Nikola Mekti\u0107 i Mate Pavi\u0107 plasirali su se u finale ATP turnira iz serije Masters 1000 u Torontu. U polufinalu su svladali Nijemca Kevina Krawietza i Rumunja Horiju Tecaua sa 7-6 (3), 7-6 (12). Bio je to dvoboj u kojemu nijedna kombinacija nije izgubila gem na svom po\u010detnom udarcu, a [&hellip;]\" \/>\n<meta property=\"og:url\" content=\"https:\/\/radioljubuski.ba\/index.php\/2021\/08\/14\/mektic-i-pavic-u-finalu-kanadskog-mastersa\/\" \/>\n<meta property=\"og:site_name\" content=\"RADIO LJUBU\u0160KI\" \/>\n<meta property=\"article:publisher\" content=\"https:\/\/www.facebook.com\/Radiio-Ljubuski-1490835324566332\" \/>\n<meta property=\"article:published_time\" content=\"2021-08-14T22:09:35+00:00\" \/>\n<meta property=\"article:modified_time\" content=\"2021-08-14T22:09:36+00:00\" \/>\n<meta property=\"og:image\" content=\"https:\/\/radioljubuski.ba\/wp-content\/uploads\/2021\/08\/E8xYM5uVkAEAzSI.jpg\" \/>\n\t<meta property=\"og:image:width\" content=\"680\" \/>\n\t<meta property=\"og:image:height\" content=\"383\" \/>\n\t<meta property=\"og:image:type\" content=\"image\/jpeg\" \/>\n<meta name=\"author\" content=\"Radio Ljubu\u0161ki\" \/>\n<meta name=\"twitter:card\" content=\"summary_large_image\" \/>\n<meta name=\"twitter:creator\" content=\"@radioljubuski\" \/>\n<meta name=\"twitter:site\" content=\"@radioljubuski\" \/>\n<meta name=\"twitter:label1\" content=\"Napisao\/la\" \/>\n\t<meta name=\"twitter:data1\" content=\"Radio Ljubu\u0161ki\" \/>\n\t<meta name=\"twitter:label2\" content=\"Procijenjeno vrijeme \u010ditanja\" \/>\n\t<meta name=\"twitter:data2\" content=\"2 minute\" \/>\n<script type=\"application\/ld+json\" class=\"yoast-schema-graph\">{\"@context\":\"https:\\\/\\\/schema.org\",\"@graph\":[{\"@type\":\"Article\",\"@id\":\"https:\\\/\\\/radioljubuski.ba\\\/index.php\\\/2021\\\/08\\\/14\\\/mektic-i-pavic-u-finalu-kanadskog-mastersa\\\/#article\",\"isPartOf\":{\"@id\":\"https:\\\/\\\/radioljubuski.ba\\\/index.php\\\/2021\\\/08\\\/14\\\/mektic-i-pavic-u-finalu-kanadskog-mastersa\\\/\"},\"author\":{\"name\":\"Radio Ljubu\u0161ki\",\"@id\":\"https:\\\/\\\/radioljubuski.ba\\\/#\\\/schema\\\/person\\\/19fc700381a780f69665d7956c469e3b\"},\"headline\":\"Mekti\u0107 i Pavi\u0107 u finalu kanadskog Mastersa\",\"datePublished\":\"2021-08-14T22:09:35+00:00\",\"dateModified\":\"2021-08-14T22:09:36+00:00\",\"mainEntityOfPage\":{\"@id\":\"https:\\\/\\\/radioljubuski.ba\\\/index.php\\\/2021\\\/08\\\/14\\\/mektic-i-pavic-u-finalu-kanadskog-mastersa\\\/\"},\"wordCount\":328,\"publisher\":{\"@id\":\"https:\\\/\\\/radioljubuski.ba\\\/#organization\"},\"image\":{\"@id\":\"https:\\\/\\\/radioljubuski.ba\\\/index.php\\\/2021\\\/08\\\/14\\\/mektic-i-pavic-u-finalu-kanadskog-mastersa\\\/#primaryimage\"},\"thumbnailUrl\":\"https:\\\/\\\/radioljubuski.ba\\\/wp-content\\\/uploads\\\/2021\\\/08\\\/E8xYM5uVkAEAzSI.jpg\",\"articleSection\":[\"\u0160port\"],\"inLanguage\":\"hr\"},{\"@type\":\"WebPage\",\"@id\":\"https:\\\/\\\/radioljubuski.ba\\\/index.php\\\/2021\\\/08\\\/14\\\/mektic-i-pavic-u-finalu-kanadskog-mastersa\\\/\",\"url\":\"https:\\\/\\\/radioljubuski.ba\\\/index.php\\\/2021\\\/08\\\/14\\\/mektic-i-pavic-u-finalu-kanadskog-mastersa\\\/\",\"name\":\"Mekti\u0107 i Pavi\u0107 u finalu kanadskog Mastersa - RADIO LJUBU\u0160KI\",\"isPartOf\":{\"@id\":\"https:\\\/\\\/radioljubuski.ba\\\/#website\"},\"primaryImageOfPage\":{\"@id\":\"https:\\\/\\\/radioljubuski.ba\\\/index.php\\\/2021\\\/08\\\/14\\\/mektic-i-pavic-u-finalu-kanadskog-mastersa\\\/#primaryimage\"},\"image\":{\"@id\":\"https:\\\/\\\/radioljubuski.ba\\\/index.php\\\/2021\\\/08\\\/14\\\/mektic-i-pavic-u-finalu-kanadskog-mastersa\\\/#primaryimage\"},\"thumbnailUrl\":\"https:\\\/\\\/radioljubuski.ba\\\/wp-content\\\/uploads\\\/2021\\\/08\\\/E8xYM5uVkAEAzSI.jpg\",\"datePublished\":\"2021-08-14T22:09:35+00:00\",\"dateModified\":\"2021-08-14T22:09:36+00:00\",\"breadcrumb\":{\"@id\":\"https:\\\/\\\/radioljubuski.ba\\\/index.php\\\/2021\\\/08\\\/14\\\/mektic-i-pavic-u-finalu-kanadskog-mastersa\\\/#breadcrumb\"},\"inLanguage\":\"hr\",\"potentialAction\":[{\"@type\":\"ReadAction\",\"target\":[\"https:\\\/\\\/radioljubuski.ba\\\/index.php\\\/2021\\\/08\\\/14\\\/mektic-i-pavic-u-finalu-kanadskog-mastersa\\\/\"]}]},{\"@type\":\"ImageObject\",\"inLanguage\":\"hr\",\"@id\":\"https:\\\/\\\/radioljubuski.ba\\\/index.php\\\/2021\\\/08\\\/14\\\/mektic-i-pavic-u-finalu-kanadskog-mastersa\\\/#primaryimage\",\"url\":\"https:\\\/\\\/radioljubuski.ba\\\/wp-content\\\/uploads\\\/2021\\\/08\\\/E8xYM5uVkAEAzSI.jpg\",\"contentUrl\":\"https:\\\/\\\/radioljubuski.ba\\\/wp-content\\\/uploads\\\/2021\\\/08\\\/E8xYM5uVkAEAzSI.jpg\",\"width\":680,\"height\":383},{\"@type\":\"BreadcrumbList\",\"@id\":\"https:\\\/\\\/radioljubuski.ba\\\/index.php\\\/2021\\\/08\\\/14\\\/mektic-i-pavic-u-finalu-kanadskog-mastersa\\\/#breadcrumb\",\"itemListElement\":[{\"@type\":\"ListItem\",\"position\":1,\"name\":\"Po\u010detna stranica\",\"item\":\"https:\\\/\\\/radioljubuski.ba\\\/\"},{\"@type\":\"ListItem\",\"position\":2,\"name\":\"Mekti\u0107 i Pavi\u0107 u finalu kanadskog Mastersa\"}]},{\"@type\":\"WebSite\",\"@id\":\"https:\\\/\\\/radioljubuski.ba\\\/#website\",\"url\":\"https:\\\/\\\/radioljubuski.ba\\\/\",\"name\":\"Radio Ljubu\u0161ki\",\"description\":\"Sun\u010dana frekvencija Hercegovine\",\"publisher\":{\"@id\":\"https:\\\/\\\/radioljubuski.ba\\\/#organization\"},\"potentialAction\":[{\"@type\":\"SearchAction\",\"target\":{\"@type\":\"EntryPoint\",\"urlTemplate\":\"https:\\\/\\\/radioljubuski.ba\\\/?s={search_term_string}\"},\"query-input\":{\"@type\":\"PropertyValueSpecification\",\"valueRequired\":true,\"valueName\":\"search_term_string\"}}],\"inLanguage\":\"hr\"},{\"@type\":\"Organization\",\"@id\":\"https:\\\/\\\/radioljubuski.ba\\\/#organization\",\"name\":\"Radio Ljubu\u0161ki\",\"url\":\"https:\\\/\\\/radioljubuski.ba\\\/\",\"logo\":{\"@type\":\"ImageObject\",\"inLanguage\":\"hr\",\"@id\":\"https:\\\/\\\/radioljubuski.ba\\\/#\\\/schema\\\/logo\\\/image\\\/\",\"url\":\"https:\\\/\\\/radioljubuski.ba\\\/wp-content\\\/uploads\\\/2021\\\/02\\\/cropped-Radio_Ljubuski_logo1.jpg\",\"contentUrl\":\"https:\\\/\\\/radioljubuski.ba\\\/wp-content\\\/uploads\\\/2021\\\/02\\\/cropped-Radio_Ljubuski_logo1.jpg\",\"width\":512,\"height\":512,\"caption\":\"Radio Ljubu\u0161ki\"},\"image\":{\"@id\":\"https:\\\/\\\/radioljubuski.ba\\\/#\\\/schema\\\/logo\\\/image\\\/\"},\"sameAs\":[\"https:\\\/\\\/www.facebook.com\\\/Radiio-Ljubuski-1490835324566332\",\"https:\\\/\\\/x.com\\\/radioljubuski\",\"https:\\\/\\\/hr.linkedin.com\\\/company\\\/radio-ljubuski\",\"https:\\\/\\\/www.youtube.com\\\/channel\\\/UCHYaeO_n0Db3tjNGudGpXyw\"]},{\"@type\":\"Person\",\"@id\":\"https:\\\/\\\/radioljubuski.ba\\\/#\\\/schema\\\/person\\\/19fc700381a780f69665d7956c469e3b\",\"name\":\"Radio Ljubu\u0161ki\"}]}<\/script>\n<!-- \/ Yoast SEO plugin. -->","yoast_head_json":{"title":"Mekti\u0107 i Pavi\u0107 u finalu kanadskog Mastersa - RADIO LJUBU\u0160KI","robots":{"index":"index","follow":"follow","max-snippet":"max-snippet:-1","max-image-preview":"max-image-preview:large","max-video-preview":"max-video-preview:-1"},"canonical":"https:\/\/radioljubuski.ba\/index.php\/2021\/08\/14\/mektic-i-pavic-u-finalu-kanadskog-mastersa\/","og_locale":"hr_HR","og_type":"article","og_title":"Mekti\u0107 i Pavi\u0107 u finalu kanadskog Mastersa - RADIO LJUBU\u0160KI","og_description":"Zlatni hrvatski olimpijci, teniski par Nikola Mekti\u0107 i Mate Pavi\u0107 plasirali su se u finale ATP turnira iz serije Masters 1000 u Torontu. U polufinalu su svladali Nijemca Kevina Krawietza i Rumunja Horiju Tecaua sa 7-6 (3), 7-6 (12). Bio je to dvoboj u kojemu nijedna kombinacija nije izgubila gem na svom po\u010detnom udarcu, a [&hellip;]","og_url":"https:\/\/radioljubuski.ba\/index.php\/2021\/08\/14\/mektic-i-pavic-u-finalu-kanadskog-mastersa\/","og_site_name":"RADIO LJUBU\u0160KI","article_publisher":"https:\/\/www.facebook.com\/Radiio-Ljubuski-1490835324566332","article_published_time":"2021-08-14T22:09:35+00:00","article_modified_time":"2021-08-14T22:09:36+00:00","og_image":[{"width":680,"height":383,"url":"https:\/\/radioljubuski.ba\/wp-content\/uploads\/2021\/08\/E8xYM5uVkAEAzSI.jpg","type":"image\/jpeg"}],"author":"Radio Ljubu\u0161ki","twitter_card":"summary_large_image","twitter_creator":"@radioljubuski","twitter_site":"@radioljubuski","twitter_misc":{"Napisao\/la":"Radio Ljubu\u0161ki","Procijenjeno vrijeme \u010ditanja":"2 minute"},"schema":{"@context":"https:\/\/schema.org","@graph":[{"@type":"Article","@id":"https:\/\/radioljubuski.ba\/index.php\/2021\/08\/14\/mektic-i-pavic-u-finalu-kanadskog-mastersa\/#article","isPartOf":{"@id":"https:\/\/radioljubuski.ba\/index.php\/2021\/08\/14\/mektic-i-pavic-u-finalu-kanadskog-mastersa\/"},"author":{"name":"Radio Ljubu\u0161ki","@id":"https:\/\/radioljubuski.ba\/#\/schema\/person\/19fc700381a780f69665d7956c469e3b"},"headline":"Mekti\u0107 i Pavi\u0107 u finalu kanadskog Mastersa","datePublished":"2021-08-14T22:09:35+00:00","dateModified":"2021-08-14T22:09:36+00:00","mainEntityOfPage":{"@id":"https:\/\/radioljubuski.ba\/index.php\/2021\/08\/14\/mektic-i-pavic-u-finalu-kanadskog-mastersa\/"},"wordCount":328,"publisher":{"@id":"https:\/\/radioljubuski.ba\/#organization"},"image":{"@id":"https:\/\/radioljubuski.ba\/index.php\/2021\/08\/14\/mektic-i-pavic-u-finalu-kanadskog-mastersa\/#primaryimage"},"thumbnailUrl":"https:\/\/radioljubuski.ba\/wp-content\/uploads\/2021\/08\/E8xYM5uVkAEAzSI.jpg","articleSection":["\u0160port"],"inLanguage":"hr"},{"@type":"WebPage","@id":"https:\/\/radioljubuski.ba\/index.php\/2021\/08\/14\/mektic-i-pavic-u-finalu-kanadskog-mastersa\/","url":"https:\/\/radioljubuski.ba\/index.php\/2021\/08\/14\/mektic-i-pavic-u-finalu-kanadskog-mastersa\/","name":"Mekti\u0107 i Pavi\u0107 u finalu kanadskog Mastersa - RADIO LJUBU\u0160KI","isPartOf":{"@id":"https:\/\/radioljubuski.ba\/#website"},"primaryImageOfPage":{"@id":"https:\/\/radioljubuski.ba\/index.php\/2021\/08\/14\/mektic-i-pavic-u-finalu-kanadskog-mastersa\/#primaryimage"},"image":{"@id":"https:\/\/radioljubuski.ba\/index.php\/2021\/08\/14\/mektic-i-pavic-u-finalu-kanadskog-mastersa\/#primaryimage"},"thumbnailUrl":"https:\/\/radioljubuski.ba\/wp-content\/uploads\/2021\/08\/E8xYM5uVkAEAzSI.jpg","datePublished":"2021-08-14T22:09:35+00:00","dateModified":"2021-08-14T22:09:36+00:00","breadcrumb":{"@id":"https:\/\/radioljubuski.ba\/index.php\/2021\/08\/14\/mektic-i-pavic-u-finalu-kanadskog-mastersa\/#breadcrumb"},"inLanguage":"hr","potentialAction":[{"@type":"ReadAction","target":["https:\/\/radioljubuski.ba\/index.php\/2021\/08\/14\/mektic-i-pavic-u-finalu-kanadskog-mastersa\/"]}]},{"@type":"ImageObject","inLanguage":"hr","@id":"https:\/\/radioljubuski.ba\/index.php\/2021\/08\/14\/mektic-i-pavic-u-finalu-kanadskog-mastersa\/#primaryimage","url":"https:\/\/radioljubuski.ba\/wp-content\/uploads\/2021\/08\/E8xYM5uVkAEAzSI.jpg","contentUrl":"https:\/\/radioljubuski.ba\/wp-content\/uploads\/2021\/08\/E8xYM5uVkAEAzSI.jpg","width":680,"height":383},{"@type":"BreadcrumbList","@id":"https:\/\/radioljubuski.ba\/index.php\/2021\/08\/14\/mektic-i-pavic-u-finalu-kanadskog-mastersa\/#breadcrumb","itemListElement":[{"@type":"ListItem","position":1,"name":"Po\u010detna stranica","item":"https:\/\/radioljubuski.ba\/"},{"@type":"ListItem","position":2,"name":"Mekti\u0107 i Pavi\u0107 u finalu kanadskog Mastersa"}]},{"@type":"WebSite","@id":"https:\/\/radioljubuski.ba\/#website","url":"https:\/\/radioljubuski.ba\/","name":"Radio Ljubu\u0161ki","description":"Sun\u010dana frekvencija Hercegovine","publisher":{"@id":"https:\/\/radioljubuski.ba\/#organization"},"potentialAction":[{"@type":"SearchAction","target":{"@type":"EntryPoint","urlTemplate":"https:\/\/radioljubuski.ba\/?s={search_term_string}"},"query-input":{"@type":"PropertyValueSpecification","valueRequired":true,"valueName":"search_term_string"}}],"inLanguage":"hr"},{"@type":"Organization","@id":"https:\/\/radioljubuski.ba\/#organization","name":"Radio Ljubu\u0161ki","url":"https:\/\/radioljubuski.ba\/","logo":{"@type":"ImageObject","inLanguage":"hr","@id":"https:\/\/radioljubuski.ba\/#\/schema\/logo\/image\/","url":"https:\/\/radioljubuski.ba\/wp-content\/uploads\/2021\/02\/cropped-Radio_Ljubuski_logo1.jpg","contentUrl":"https:\/\/radioljubuski.ba\/wp-content\/uploads\/2021\/02\/cropped-Radio_Ljubuski_logo1.jpg","width":512,"height":512,"caption":"Radio Ljubu\u0161ki"},"image":{"@id":"https:\/\/radioljubuski.ba\/#\/schema\/logo\/image\/"},"sameAs":["https:\/\/www.facebook.com\/Radiio-Ljubuski-1490835324566332","https:\/\/x.com\/radioljubuski","https:\/\/hr.linkedin.com\/company\/radio-ljubuski","https:\/\/www.youtube.com\/channel\/UCHYaeO_n0Db3tjNGudGpXyw"]},{"@type":"Person","@id":"https:\/\/radioljubuski.ba\/#\/schema\/person\/19fc700381a780f69665d7956c469e3b","name":"Radio Ljubu\u0161ki"}]}},"_links":{"self":[{"href":"https:\/\/radioljubuski.ba\/index.php\/wp-json\/wp\/v2\/posts\/53374","targetHints":{"allow":["GET"]}}],"collection":[{"href":"https:\/\/radioljubuski.ba\/index.php\/wp-json\/wp\/v2\/posts"}],"about":[{"href":"https:\/\/radioljubuski.ba\/index.php\/wp-json\/wp\/v2\/types\/post"}],"author":[{"embeddable":true,"href":"https:\/\/radioljubuski.ba\/index.php\/wp-json\/wp\/v2\/users\/2"}],"replies":[{"embeddable":true,"href":"https:\/\/radioljubuski.ba\/index.php\/wp-json\/wp\/v2\/comments?post=53374"}],"version-history":[{"count":1,"href":"https:\/\/radioljubuski.ba\/index.php\/wp-json\/wp\/v2\/posts\/53374\/revisions"}],"predecessor-version":[{"id":53376,"href":"https:\/\/radioljubuski.ba\/index.php\/wp-json\/wp\/v2\/posts\/53374\/revisions\/53376"}],"wp:featuredmedia":[{"embeddable":true,"href":"https:\/\/radioljubuski.ba\/index.php\/wp-json\/wp\/v2\/media\/53375"}],"wp:attachment":[{"href":"https:\/\/radioljubuski.ba\/index.php\/wp-json\/wp\/v2\/media?parent=53374"}],"wp:term":[{"taxonomy":"category","embeddable":true,"href":"https:\/\/radioljubuski.ba\/index.php\/wp-json\/wp\/v2\/categories?post=53374"},{"taxonomy":"post_tag","embeddable":true,"href":"https:\/\/radioljubuski.ba\/index.php\/wp-json\/wp\/v2\/tags?post=53374"}],"curies":[{"name":"wp","href":"https:\/\/api.w.org\/{rel}","templated":true}]}}