{"id":53407,"date":"2021-08-14T23:24:46","date_gmt":"2021-08-14T22:24:46","guid":{"rendered":"https:\/\/radioljubuski.ba\/?p=53407"},"modified":"2021-08-14T23:24:47","modified_gmt":"2021-08-14T22:24:47","slug":"kramaric-i-sosa-trostrukim-asistencijama-otvorili-bundesligu","status":"publish","type":"post","link":"https:\/\/radioljubuski.ba\/index.php\/2021\/08\/14\/kramaric-i-sosa-trostrukim-asistencijama-otvorili-bundesligu\/","title":{"rendered":"Kramari\u0107 i Sosa trostrukim asistencijama otvorili Bundesligu"},"content":{"rendered":"\n<p><strong>Hrvatski nogometa\u0161i, napada\u010d Andrej Kramari\u0107 i lijevi bo\u010dni Borna Sosa bili su trostruki asistenti u uvjerljivim pobjedama svojih mom\u010dadi u 1. kolu njema\u010dkog prvenstva.<\/strong><\/p>\n\n\n\n<p>Kramari\u0107ev Hoffenheim je kao gost svladao Augsburg sa 4-0 (1-0), dok je Stuttgart na svom terenu nadigrao Greuther Fuerth sa 5-1 (2-0).<br><br>Kramari\u0107 je bio dodava\u010d za prva tri pogotka svoje mom\u010dadi, prvo je u 37. minuti ubacio na glavu&nbsp;<strong>Bruuna Larsena<\/strong>, da bi u nastavku njegova dodavanja za pogotke koristili&nbsp;<strong>Adamjan&nbsp;<\/strong>u 78. i&nbsp;<strong>Rutter&nbsp;<\/strong>u 87. minuti. Kona\u010dni rezultat postavio je&nbsp;<strong>Rudy&nbsp;<\/strong>u petoj minuti nadoknade. Hrvatski reprezentativac odigrao je cijeli susret za Hoffenheim.<\/p>\n\n\n\n<p>Sosa je, pak, bio asistent za posljednja tri gola svog sastava, svaki put njegovi suigra\u010di su glavom zabijali nakon uba\u010daja sa strane, dva puta&nbsp;<strong>Kempf,&nbsp;<\/strong>u 55. i 76. minuti, a jednom&nbsp;<strong>Al Ghaddioui<\/strong>&nbsp;u 61. Prethodno su u prvom poluvremenu uspje\u0161ni bili&nbsp;<strong>Endo&nbsp;<\/strong>u 30. i&nbsp;<strong>Klement&nbsp;<\/strong>u 36. minuti. Na kona\u010dnih 5-1 smanjio je&nbsp;<strong>Leweling&nbsp;<\/strong>u tre\u0107oj minuti nadoknade.<br><br>Sosa je odigrao \u010ditavu utakmicu za Stuttgart.<\/p>\n\n\n\n<p><strong>Marin Pongra\u010di\u0107<\/strong>&nbsp;ostao je na klupi Wolfsburga, dok&nbsp;<strong>Josip Brekalo<\/strong>&nbsp;nije bio niti na klupi &#8220;vukova&#8221; koji su s minimalnih 1-0 (1-0) golom&nbsp;<strong>Weghortsa&nbsp;<\/strong>iz 22. minute svladali Bochum.<\/p>\n\n\n\n<p>U posljednjoj utakmici subotnjeg progama 1. kola njema\u010dkog nogometnog prvenstva Borussia iz Dortmunda je na svom terenu svladala Eintracht iz Frankfurta sa 5-2 (3-1). Pogotke za Borussiju postigli su&nbsp;<strong>Reus&nbsp;<\/strong>(23),&nbsp;<strong>Hazard&nbsp;<\/strong>(32),&nbsp;<strong>Haaland&nbsp;<\/strong>(34, 71) i&nbsp;<strong>Reyna&nbsp;<\/strong>(58). Golove za Eintracht zabili su&nbsp;<strong>Passlack&nbsp;<\/strong>(27-ag) i&nbsp;<strong>Hauge&nbsp;<\/strong>(86).<\/p>\n\n\n\n<p>REZULTATI 1. KOLA:<br><br>Petak:<br>Borussia M. &#8211; Bayern 1-1 (Plea 10 \/ Lewandowski 42)<br><br>Subota:<br>Wolfsburg &#8211; Bochum 1-0 (Weghorst 22)<br>Union Berlin &#8211; Bayer 1-1 (Awoniyi 7 \/ Diaby 12)<br>Stuttgart &#8211; Greuther Fuerth 5-1 (Endo 30, Klement 36, Kempf 55, 76, Al Ghaddioui 61 \/ Leweling 90+3)<br>Augsburg &#8211; Hoffenheim 0-4 (Bruun Larsen 37, Adamyan 78, Rutter 87, Rudy 90+5)<br>Arminia &#8211; Freiburg 0-0<br>Borussia D. &#8211; Eintracht F. 5-2 (Reus 23, T. Hazard 32, Haaland 34, 71, Reyna 58 \/ Passlack 27-ag, Hauge 86)<br><br>Nedjelja:<br>Mainz 05 &#8211; RB Leipzig<br>Koeln &#8211; Hertha<\/p>\n\n\n\n<p>Izvor:hrt.hr<\/p>\n","protected":false},"excerpt":{"rendered":"<p>Hrvatski nogometa\u0161i, napada\u010d Andrej Kramari\u0107 i lijevi bo\u010dni Borna Sosa bili su trostruki asistenti u uvjerljivim pobjedama svojih mom\u010dadi u 1. kolu njema\u010dkog prvenstva. Kramari\u0107ev Hoffenheim je kao gost svladao Augsburg sa 4-0 (1-0), dok je Stuttgart na svom terenu nadigrao Greuther Fuerth sa 5-1 (2-0). Kramari\u0107 je bio dodava\u010d za prva tri pogotka svoje [&hellip;]<\/p>\n","protected":false},"author":2,"featured_media":53408,"comment_status":"closed","ping_status":"closed","sticky":false,"template":"","format":"standard","meta":{"h5ap_radio_sources":[],"footnotes":""},"categories":[7],"tags":[],"class_list":["post-53407","post","type-post","status-publish","format-standard","has-post-thumbnail","hentry","category-sport"],"yoast_head":"<!-- This site is optimized with the Yoast SEO plugin v27.4 - https:\/\/yoast.com\/product\/yoast-seo-wordpress\/ -->\n<title>Kramari\u0107 i Sosa trostrukim asistencijama otvorili Bundesligu - RADIO LJUBU\u0160KI<\/title>\n<meta name=\"robots\" content=\"index, follow, max-snippet:-1, max-image-preview:large, max-video-preview:-1\" \/>\n<link rel=\"canonical\" href=\"https:\/\/radioljubuski.ba\/index.php\/2021\/08\/14\/kramaric-i-sosa-trostrukim-asistencijama-otvorili-bundesligu\/\" \/>\n<meta property=\"og:locale\" content=\"hr_HR\" \/>\n<meta property=\"og:type\" content=\"article\" \/>\n<meta property=\"og:title\" content=\"Kramari\u0107 i Sosa trostrukim asistencijama otvorili Bundesligu - RADIO LJUBU\u0160KI\" \/>\n<meta property=\"og:description\" content=\"Hrvatski nogometa\u0161i, napada\u010d Andrej Kramari\u0107 i lijevi bo\u010dni Borna Sosa bili su trostruki asistenti u uvjerljivim pobjedama svojih mom\u010dadi u 1. kolu njema\u010dkog prvenstva. Kramari\u0107ev Hoffenheim je kao gost svladao Augsburg sa 4-0 (1-0), dok je Stuttgart na svom terenu nadigrao Greuther Fuerth sa 5-1 (2-0). Kramari\u0107 je bio dodava\u010d za prva tri pogotka svoje [&hellip;]\" \/>\n<meta property=\"og:url\" content=\"https:\/\/radioljubuski.ba\/index.php\/2021\/08\/14\/kramaric-i-sosa-trostrukim-asistencijama-otvorili-bundesligu\/\" \/>\n<meta property=\"og:site_name\" content=\"RADIO LJUBU\u0160KI\" \/>\n<meta property=\"article:publisher\" content=\"https:\/\/www.facebook.com\/Radiio-Ljubuski-1490835324566332\" \/>\n<meta property=\"article:published_time\" content=\"2021-08-14T22:24:46+00:00\" \/>\n<meta property=\"article:modified_time\" content=\"2021-08-14T22:24:47+00:00\" \/>\n<meta property=\"og:image\" content=\"https:\/\/radioljubuski.ba\/wp-content\/uploads\/2021\/08\/preuzmi-2-10.jpg\" \/>\n\t<meta property=\"og:image:width\" content=\"265\" \/>\n\t<meta property=\"og:image:height\" content=\"190\" \/>\n\t<meta property=\"og:image:type\" content=\"image\/jpeg\" \/>\n<meta name=\"author\" content=\"Radio Ljubu\u0161ki\" \/>\n<meta name=\"twitter:card\" content=\"summary_large_image\" \/>\n<meta name=\"twitter:creator\" content=\"@radioljubuski\" \/>\n<meta name=\"twitter:site\" content=\"@radioljubuski\" \/>\n<meta name=\"twitter:label1\" content=\"Napisao\/la\" \/>\n\t<meta name=\"twitter:data1\" content=\"Radio Ljubu\u0161ki\" \/>\n\t<meta name=\"twitter:label2\" content=\"Procijenjeno vrijeme \u010ditanja\" \/>\n\t<meta name=\"twitter:data2\" content=\"2 minute\" \/>\n<script type=\"application\/ld+json\" class=\"yoast-schema-graph\">{\"@context\":\"https:\\\/\\\/schema.org\",\"@graph\":[{\"@type\":\"Article\",\"@id\":\"https:\\\/\\\/radioljubuski.ba\\\/index.php\\\/2021\\\/08\\\/14\\\/kramaric-i-sosa-trostrukim-asistencijama-otvorili-bundesligu\\\/#article\",\"isPartOf\":{\"@id\":\"https:\\\/\\\/radioljubuski.ba\\\/index.php\\\/2021\\\/08\\\/14\\\/kramaric-i-sosa-trostrukim-asistencijama-otvorili-bundesligu\\\/\"},\"author\":{\"name\":\"Radio Ljubu\u0161ki\",\"@id\":\"https:\\\/\\\/radioljubuski.ba\\\/#\\\/schema\\\/person\\\/19fc700381a780f69665d7956c469e3b\"},\"headline\":\"Kramari\u0107 i Sosa trostrukim asistencijama otvorili Bundesligu\",\"datePublished\":\"2021-08-14T22:24:46+00:00\",\"dateModified\":\"2021-08-14T22:24:47+00:00\",\"mainEntityOfPage\":{\"@id\":\"https:\\\/\\\/radioljubuski.ba\\\/index.php\\\/2021\\\/08\\\/14\\\/kramaric-i-sosa-trostrukim-asistencijama-otvorili-bundesligu\\\/\"},\"wordCount\":355,\"publisher\":{\"@id\":\"https:\\\/\\\/radioljubuski.ba\\\/#organization\"},\"image\":{\"@id\":\"https:\\\/\\\/radioljubuski.ba\\\/index.php\\\/2021\\\/08\\\/14\\\/kramaric-i-sosa-trostrukim-asistencijama-otvorili-bundesligu\\\/#primaryimage\"},\"thumbnailUrl\":\"https:\\\/\\\/radioljubuski.ba\\\/wp-content\\\/uploads\\\/2021\\\/08\\\/preuzmi-2-10.jpg\",\"articleSection\":[\"\u0160port\"],\"inLanguage\":\"hr\"},{\"@type\":\"WebPage\",\"@id\":\"https:\\\/\\\/radioljubuski.ba\\\/index.php\\\/2021\\\/08\\\/14\\\/kramaric-i-sosa-trostrukim-asistencijama-otvorili-bundesligu\\\/\",\"url\":\"https:\\\/\\\/radioljubuski.ba\\\/index.php\\\/2021\\\/08\\\/14\\\/kramaric-i-sosa-trostrukim-asistencijama-otvorili-bundesligu\\\/\",\"name\":\"Kramari\u0107 i Sosa trostrukim asistencijama otvorili Bundesligu - RADIO LJUBU\u0160KI\",\"isPartOf\":{\"@id\":\"https:\\\/\\\/radioljubuski.ba\\\/#website\"},\"primaryImageOfPage\":{\"@id\":\"https:\\\/\\\/radioljubuski.ba\\\/index.php\\\/2021\\\/08\\\/14\\\/kramaric-i-sosa-trostrukim-asistencijama-otvorili-bundesligu\\\/#primaryimage\"},\"image\":{\"@id\":\"https:\\\/\\\/radioljubuski.ba\\\/index.php\\\/2021\\\/08\\\/14\\\/kramaric-i-sosa-trostrukim-asistencijama-otvorili-bundesligu\\\/#primaryimage\"},\"thumbnailUrl\":\"https:\\\/\\\/radioljubuski.ba\\\/wp-content\\\/uploads\\\/2021\\\/08\\\/preuzmi-2-10.jpg\",\"datePublished\":\"2021-08-14T22:24:46+00:00\",\"dateModified\":\"2021-08-14T22:24:47+00:00\",\"breadcrumb\":{\"@id\":\"https:\\\/\\\/radioljubuski.ba\\\/index.php\\\/2021\\\/08\\\/14\\\/kramaric-i-sosa-trostrukim-asistencijama-otvorili-bundesligu\\\/#breadcrumb\"},\"inLanguage\":\"hr\",\"potentialAction\":[{\"@type\":\"ReadAction\",\"target\":[\"https:\\\/\\\/radioljubuski.ba\\\/index.php\\\/2021\\\/08\\\/14\\\/kramaric-i-sosa-trostrukim-asistencijama-otvorili-bundesligu\\\/\"]}]},{\"@type\":\"ImageObject\",\"inLanguage\":\"hr\",\"@id\":\"https:\\\/\\\/radioljubuski.ba\\\/index.php\\\/2021\\\/08\\\/14\\\/kramaric-i-sosa-trostrukim-asistencijama-otvorili-bundesligu\\\/#primaryimage\",\"url\":\"https:\\\/\\\/radioljubuski.ba\\\/wp-content\\\/uploads\\\/2021\\\/08\\\/preuzmi-2-10.jpg\",\"contentUrl\":\"https:\\\/\\\/radioljubuski.ba\\\/wp-content\\\/uploads\\\/2021\\\/08\\\/preuzmi-2-10.jpg\",\"width\":265,\"height\":190},{\"@type\":\"BreadcrumbList\",\"@id\":\"https:\\\/\\\/radioljubuski.ba\\\/index.php\\\/2021\\\/08\\\/14\\\/kramaric-i-sosa-trostrukim-asistencijama-otvorili-bundesligu\\\/#breadcrumb\",\"itemListElement\":[{\"@type\":\"ListItem\",\"position\":1,\"name\":\"Po\u010detna stranica\",\"item\":\"https:\\\/\\\/radioljubuski.ba\\\/\"},{\"@type\":\"ListItem\",\"position\":2,\"name\":\"Kramari\u0107 i Sosa trostrukim asistencijama otvorili Bundesligu\"}]},{\"@type\":\"WebSite\",\"@id\":\"https:\\\/\\\/radioljubuski.ba\\\/#website\",\"url\":\"https:\\\/\\\/radioljubuski.ba\\\/\",\"name\":\"Radio Ljubu\u0161ki\",\"description\":\"Sun\u010dana frekvencija Hercegovine\",\"publisher\":{\"@id\":\"https:\\\/\\\/radioljubuski.ba\\\/#organization\"},\"potentialAction\":[{\"@type\":\"SearchAction\",\"target\":{\"@type\":\"EntryPoint\",\"urlTemplate\":\"https:\\\/\\\/radioljubuski.ba\\\/?s={search_term_string}\"},\"query-input\":{\"@type\":\"PropertyValueSpecification\",\"valueRequired\":true,\"valueName\":\"search_term_string\"}}],\"inLanguage\":\"hr\"},{\"@type\":\"Organization\",\"@id\":\"https:\\\/\\\/radioljubuski.ba\\\/#organization\",\"name\":\"Radio Ljubu\u0161ki\",\"url\":\"https:\\\/\\\/radioljubuski.ba\\\/\",\"logo\":{\"@type\":\"ImageObject\",\"inLanguage\":\"hr\",\"@id\":\"https:\\\/\\\/radioljubuski.ba\\\/#\\\/schema\\\/logo\\\/image\\\/\",\"url\":\"https:\\\/\\\/radioljubuski.ba\\\/wp-content\\\/uploads\\\/2021\\\/02\\\/cropped-Radio_Ljubuski_logo1.jpg\",\"contentUrl\":\"https:\\\/\\\/radioljubuski.ba\\\/wp-content\\\/uploads\\\/2021\\\/02\\\/cropped-Radio_Ljubuski_logo1.jpg\",\"width\":512,\"height\":512,\"caption\":\"Radio Ljubu\u0161ki\"},\"image\":{\"@id\":\"https:\\\/\\\/radioljubuski.ba\\\/#\\\/schema\\\/logo\\\/image\\\/\"},\"sameAs\":[\"https:\\\/\\\/www.facebook.com\\\/Radiio-Ljubuski-1490835324566332\",\"https:\\\/\\\/x.com\\\/radioljubuski\",\"https:\\\/\\\/hr.linkedin.com\\\/company\\\/radio-ljubuski\",\"https:\\\/\\\/www.youtube.com\\\/channel\\\/UCHYaeO_n0Db3tjNGudGpXyw\"]},{\"@type\":\"Person\",\"@id\":\"https:\\\/\\\/radioljubuski.ba\\\/#\\\/schema\\\/person\\\/19fc700381a780f69665d7956c469e3b\",\"name\":\"Radio Ljubu\u0161ki\"}]}<\/script>\n<!-- \/ Yoast SEO plugin. -->","yoast_head_json":{"title":"Kramari\u0107 i Sosa trostrukim asistencijama otvorili Bundesligu - RADIO LJUBU\u0160KI","robots":{"index":"index","follow":"follow","max-snippet":"max-snippet:-1","max-image-preview":"max-image-preview:large","max-video-preview":"max-video-preview:-1"},"canonical":"https:\/\/radioljubuski.ba\/index.php\/2021\/08\/14\/kramaric-i-sosa-trostrukim-asistencijama-otvorili-bundesligu\/","og_locale":"hr_HR","og_type":"article","og_title":"Kramari\u0107 i Sosa trostrukim asistencijama otvorili Bundesligu - RADIO LJUBU\u0160KI","og_description":"Hrvatski nogometa\u0161i, napada\u010d Andrej Kramari\u0107 i lijevi bo\u010dni Borna Sosa bili su trostruki asistenti u uvjerljivim pobjedama svojih mom\u010dadi u 1. kolu njema\u010dkog prvenstva. Kramari\u0107ev Hoffenheim je kao gost svladao Augsburg sa 4-0 (1-0), dok je Stuttgart na svom terenu nadigrao Greuther Fuerth sa 5-1 (2-0). Kramari\u0107 je bio dodava\u010d za prva tri pogotka svoje [&hellip;]","og_url":"https:\/\/radioljubuski.ba\/index.php\/2021\/08\/14\/kramaric-i-sosa-trostrukim-asistencijama-otvorili-bundesligu\/","og_site_name":"RADIO LJUBU\u0160KI","article_publisher":"https:\/\/www.facebook.com\/Radiio-Ljubuski-1490835324566332","article_published_time":"2021-08-14T22:24:46+00:00","article_modified_time":"2021-08-14T22:24:47+00:00","og_image":[{"width":265,"height":190,"url":"https:\/\/radioljubuski.ba\/wp-content\/uploads\/2021\/08\/preuzmi-2-10.jpg","type":"image\/jpeg"}],"author":"Radio Ljubu\u0161ki","twitter_card":"summary_large_image","twitter_creator":"@radioljubuski","twitter_site":"@radioljubuski","twitter_misc":{"Napisao\/la":"Radio Ljubu\u0161ki","Procijenjeno vrijeme \u010ditanja":"2 minute"},"schema":{"@context":"https:\/\/schema.org","@graph":[{"@type":"Article","@id":"https:\/\/radioljubuski.ba\/index.php\/2021\/08\/14\/kramaric-i-sosa-trostrukim-asistencijama-otvorili-bundesligu\/#article","isPartOf":{"@id":"https:\/\/radioljubuski.ba\/index.php\/2021\/08\/14\/kramaric-i-sosa-trostrukim-asistencijama-otvorili-bundesligu\/"},"author":{"name":"Radio Ljubu\u0161ki","@id":"https:\/\/radioljubuski.ba\/#\/schema\/person\/19fc700381a780f69665d7956c469e3b"},"headline":"Kramari\u0107 i Sosa trostrukim asistencijama otvorili Bundesligu","datePublished":"2021-08-14T22:24:46+00:00","dateModified":"2021-08-14T22:24:47+00:00","mainEntityOfPage":{"@id":"https:\/\/radioljubuski.ba\/index.php\/2021\/08\/14\/kramaric-i-sosa-trostrukim-asistencijama-otvorili-bundesligu\/"},"wordCount":355,"publisher":{"@id":"https:\/\/radioljubuski.ba\/#organization"},"image":{"@id":"https:\/\/radioljubuski.ba\/index.php\/2021\/08\/14\/kramaric-i-sosa-trostrukim-asistencijama-otvorili-bundesligu\/#primaryimage"},"thumbnailUrl":"https:\/\/radioljubuski.ba\/wp-content\/uploads\/2021\/08\/preuzmi-2-10.jpg","articleSection":["\u0160port"],"inLanguage":"hr"},{"@type":"WebPage","@id":"https:\/\/radioljubuski.ba\/index.php\/2021\/08\/14\/kramaric-i-sosa-trostrukim-asistencijama-otvorili-bundesligu\/","url":"https:\/\/radioljubuski.ba\/index.php\/2021\/08\/14\/kramaric-i-sosa-trostrukim-asistencijama-otvorili-bundesligu\/","name":"Kramari\u0107 i Sosa trostrukim asistencijama otvorili Bundesligu - RADIO LJUBU\u0160KI","isPartOf":{"@id":"https:\/\/radioljubuski.ba\/#website"},"primaryImageOfPage":{"@id":"https:\/\/radioljubuski.ba\/index.php\/2021\/08\/14\/kramaric-i-sosa-trostrukim-asistencijama-otvorili-bundesligu\/#primaryimage"},"image":{"@id":"https:\/\/radioljubuski.ba\/index.php\/2021\/08\/14\/kramaric-i-sosa-trostrukim-asistencijama-otvorili-bundesligu\/#primaryimage"},"thumbnailUrl":"https:\/\/radioljubuski.ba\/wp-content\/uploads\/2021\/08\/preuzmi-2-10.jpg","datePublished":"2021-08-14T22:24:46+00:00","dateModified":"2021-08-14T22:24:47+00:00","breadcrumb":{"@id":"https:\/\/radioljubuski.ba\/index.php\/2021\/08\/14\/kramaric-i-sosa-trostrukim-asistencijama-otvorili-bundesligu\/#breadcrumb"},"inLanguage":"hr","potentialAction":[{"@type":"ReadAction","target":["https:\/\/radioljubuski.ba\/index.php\/2021\/08\/14\/kramaric-i-sosa-trostrukim-asistencijama-otvorili-bundesligu\/"]}]},{"@type":"ImageObject","inLanguage":"hr","@id":"https:\/\/radioljubuski.ba\/index.php\/2021\/08\/14\/kramaric-i-sosa-trostrukim-asistencijama-otvorili-bundesligu\/#primaryimage","url":"https:\/\/radioljubuski.ba\/wp-content\/uploads\/2021\/08\/preuzmi-2-10.jpg","contentUrl":"https:\/\/radioljubuski.ba\/wp-content\/uploads\/2021\/08\/preuzmi-2-10.jpg","width":265,"height":190},{"@type":"BreadcrumbList","@id":"https:\/\/radioljubuski.ba\/index.php\/2021\/08\/14\/kramaric-i-sosa-trostrukim-asistencijama-otvorili-bundesligu\/#breadcrumb","itemListElement":[{"@type":"ListItem","position":1,"name":"Po\u010detna stranica","item":"https:\/\/radioljubuski.ba\/"},{"@type":"ListItem","position":2,"name":"Kramari\u0107 i Sosa trostrukim asistencijama otvorili Bundesligu"}]},{"@type":"WebSite","@id":"https:\/\/radioljubuski.ba\/#website","url":"https:\/\/radioljubuski.ba\/","name":"Radio Ljubu\u0161ki","description":"Sun\u010dana frekvencija Hercegovine","publisher":{"@id":"https:\/\/radioljubuski.ba\/#organization"},"potentialAction":[{"@type":"SearchAction","target":{"@type":"EntryPoint","urlTemplate":"https:\/\/radioljubuski.ba\/?s={search_term_string}"},"query-input":{"@type":"PropertyValueSpecification","valueRequired":true,"valueName":"search_term_string"}}],"inLanguage":"hr"},{"@type":"Organization","@id":"https:\/\/radioljubuski.ba\/#organization","name":"Radio Ljubu\u0161ki","url":"https:\/\/radioljubuski.ba\/","logo":{"@type":"ImageObject","inLanguage":"hr","@id":"https:\/\/radioljubuski.ba\/#\/schema\/logo\/image\/","url":"https:\/\/radioljubuski.ba\/wp-content\/uploads\/2021\/02\/cropped-Radio_Ljubuski_logo1.jpg","contentUrl":"https:\/\/radioljubuski.ba\/wp-content\/uploads\/2021\/02\/cropped-Radio_Ljubuski_logo1.jpg","width":512,"height":512,"caption":"Radio Ljubu\u0161ki"},"image":{"@id":"https:\/\/radioljubuski.ba\/#\/schema\/logo\/image\/"},"sameAs":["https:\/\/www.facebook.com\/Radiio-Ljubuski-1490835324566332","https:\/\/x.com\/radioljubuski","https:\/\/hr.linkedin.com\/company\/radio-ljubuski","https:\/\/www.youtube.com\/channel\/UCHYaeO_n0Db3tjNGudGpXyw"]},{"@type":"Person","@id":"https:\/\/radioljubuski.ba\/#\/schema\/person\/19fc700381a780f69665d7956c469e3b","name":"Radio Ljubu\u0161ki"}]}},"_links":{"self":[{"href":"https:\/\/radioljubuski.ba\/index.php\/wp-json\/wp\/v2\/posts\/53407","targetHints":{"allow":["GET"]}}],"collection":[{"href":"https:\/\/radioljubuski.ba\/index.php\/wp-json\/wp\/v2\/posts"}],"about":[{"href":"https:\/\/radioljubuski.ba\/index.php\/wp-json\/wp\/v2\/types\/post"}],"author":[{"embeddable":true,"href":"https:\/\/radioljubuski.ba\/index.php\/wp-json\/wp\/v2\/users\/2"}],"replies":[{"embeddable":true,"href":"https:\/\/radioljubuski.ba\/index.php\/wp-json\/wp\/v2\/comments?post=53407"}],"version-history":[{"count":1,"href":"https:\/\/radioljubuski.ba\/index.php\/wp-json\/wp\/v2\/posts\/53407\/revisions"}],"predecessor-version":[{"id":53409,"href":"https:\/\/radioljubuski.ba\/index.php\/wp-json\/wp\/v2\/posts\/53407\/revisions\/53409"}],"wp:featuredmedia":[{"embeddable":true,"href":"https:\/\/radioljubuski.ba\/index.php\/wp-json\/wp\/v2\/media\/53408"}],"wp:attachment":[{"href":"https:\/\/radioljubuski.ba\/index.php\/wp-json\/wp\/v2\/media?parent=53407"}],"wp:term":[{"taxonomy":"category","embeddable":true,"href":"https:\/\/radioljubuski.ba\/index.php\/wp-json\/wp\/v2\/categories?post=53407"},{"taxonomy":"post_tag","embeddable":true,"href":"https:\/\/radioljubuski.ba\/index.php\/wp-json\/wp\/v2\/tags?post=53407"}],"curies":[{"name":"wp","href":"https:\/\/api.w.org\/{rel}","templated":true}]}}