{"id":53413,"date":"2021-08-14T23:27:59","date_gmt":"2021-08-14T22:27:59","guid":{"rendered":"https:\/\/radioljubuski.ba\/?p=53413"},"modified":"2021-08-14T23:28:00","modified_gmt":"2021-08-14T22:28:00","slug":"nevjerojatni-salah-svih-pet-sezona-u-redsima-otvorio-pogotkom","status":"publish","type":"post","link":"https:\/\/radioljubuski.ba\/index.php\/2021\/08\/14\/nevjerojatni-salah-svih-pet-sezona-u-redsima-otvorio-pogotkom\/","title":{"rendered":"Nevjerojatni Salah svih pet sezona u Redsima otvorio pogotkom"},"content":{"rendered":"\n<p><strong>U posljednjoj utakmici subotnjeg programa 1. kola engleskog nogometnog prvenstva Liverpool je kao gost svladao povratnika u dru\u0161tvo najboljih Norwich City sa 3-0 (1-0).<\/strong><\/p>\n\n\n\n<p>Kod sva tri pogotka sudjelovao je Egip\u0107anin<strong>&nbsp;Mohamed Salah<\/strong>, kod prvoga je proma\u0161io loptu u poku\u0161aju udarca, ali se ta njegova traljava reakcija pretvorila u asistenciju za pogodak&nbsp;<strong>Dioga Jote<\/strong>&nbsp;u 26. minuti. U nastavku je Salah u 65. minuti odli\u010dno poslu\u017eio ne\u010duvanog&nbsp;<strong>Firmina&nbsp;<\/strong>za 2-0 u 65. minuti, da bi u 74. minuti lijepim udarcem s ruba kaznenog prostora postavio kona\u010dni rezultat.<br><br>Ovo je peta Salahova sezona u Liverpoolu i peti put je bio strijelac u 1. kolu.<\/p>\n\n\n\n<p>Ranije u subotu je veznjak hrvatske reprezentacije&nbsp;<strong>Mateo Kova\u010di\u0107<\/strong>&nbsp;odigrao&nbsp; \u010ditav susret za europskog prvaka Chelsea te je bio asistent za posljednji pogodak u 3-0 (2-0) sigurnoj doma\u0107oj pobjedi protiv Crystal Palacea.<\/p>\n\n\n\n<p>Manchester United uraganski je krenuo u novu sezonu, na punom Old Traffordu deklasirao je Leeds United sa 5-1 (1-0).<\/p>\n\n\n\n<p>Izvor:hrt.hr<\/p>\n","protected":false},"excerpt":{"rendered":"<p>U posljednjoj utakmici subotnjeg programa 1. kola engleskog nogometnog prvenstva Liverpool je kao gost svladao povratnika u dru\u0161tvo najboljih Norwich City sa 3-0 (1-0). Kod sva tri pogotka sudjelovao je Egip\u0107anin&nbsp;Mohamed Salah, kod prvoga je proma\u0161io loptu u poku\u0161aju udarca, ali se ta njegova traljava reakcija pretvorila u asistenciju za pogodak&nbsp;Dioga Jote&nbsp;u 26. minuti. U [&hellip;]<\/p>\n","protected":false},"author":2,"featured_media":53414,"comment_status":"closed","ping_status":"closed","sticky":false,"template":"","format":"standard","meta":{"h5ap_radio_sources":[],"footnotes":""},"categories":[7],"tags":[],"class_list":["post-53413","post","type-post","status-publish","format-standard","has-post-thumbnail","hentry","category-sport"],"yoast_head":"<!-- This site is optimized with the Yoast SEO plugin v27.4 - https:\/\/yoast.com\/product\/yoast-seo-wordpress\/ -->\n<title>Nevjerojatni Salah svih pet sezona u Redsima otvorio pogotkom - RADIO LJUBU\u0160KI<\/title>\n<meta name=\"robots\" content=\"index, follow, max-snippet:-1, max-image-preview:large, max-video-preview:-1\" \/>\n<link rel=\"canonical\" href=\"https:\/\/radioljubuski.ba\/index.php\/2021\/08\/14\/nevjerojatni-salah-svih-pet-sezona-u-redsima-otvorio-pogotkom\/\" \/>\n<meta property=\"og:locale\" content=\"hr_HR\" \/>\n<meta property=\"og:type\" content=\"article\" \/>\n<meta property=\"og:title\" content=\"Nevjerojatni Salah svih pet sezona u Redsima otvorio pogotkom - RADIO LJUBU\u0160KI\" \/>\n<meta property=\"og:description\" content=\"U posljednjoj utakmici subotnjeg programa 1. kola engleskog nogometnog prvenstva Liverpool je kao gost svladao povratnika u dru\u0161tvo najboljih Norwich City sa 3-0 (1-0). Kod sva tri pogotka sudjelovao je Egip\u0107anin&nbsp;Mohamed Salah, kod prvoga je proma\u0161io loptu u poku\u0161aju udarca, ali se ta njegova traljava reakcija pretvorila u asistenciju za pogodak&nbsp;Dioga Jote&nbsp;u 26. minuti. U [&hellip;]\" \/>\n<meta property=\"og:url\" content=\"https:\/\/radioljubuski.ba\/index.php\/2021\/08\/14\/nevjerojatni-salah-svih-pet-sezona-u-redsima-otvorio-pogotkom\/\" \/>\n<meta property=\"og:site_name\" content=\"RADIO LJUBU\u0160KI\" \/>\n<meta property=\"article:publisher\" content=\"https:\/\/www.facebook.com\/Radiio-Ljubuski-1490835324566332\" \/>\n<meta property=\"article:published_time\" content=\"2021-08-14T22:27:59+00:00\" \/>\n<meta property=\"article:modified_time\" content=\"2021-08-14T22:28:00+00:00\" \/>\n<meta property=\"og:image\" content=\"https:\/\/radioljubuski.ba\/wp-content\/uploads\/2021\/08\/salah-1408-20210814193802.jpg\" \/>\n\t<meta property=\"og:image:width\" content=\"2189\" \/>\n\t<meta property=\"og:image:height\" content=\"1273\" \/>\n\t<meta property=\"og:image:type\" content=\"image\/jpeg\" \/>\n<meta name=\"author\" content=\"Radio Ljubu\u0161ki\" \/>\n<meta name=\"twitter:card\" content=\"summary_large_image\" \/>\n<meta name=\"twitter:creator\" content=\"@radioljubuski\" \/>\n<meta name=\"twitter:site\" content=\"@radioljubuski\" \/>\n<meta name=\"twitter:label1\" content=\"Napisao\/la\" \/>\n\t<meta name=\"twitter:data1\" content=\"Radio Ljubu\u0161ki\" \/>\n\t<meta name=\"twitter:label2\" content=\"Procijenjeno vrijeme \u010ditanja\" \/>\n\t<meta name=\"twitter:data2\" content=\"1 minuta\" \/>\n<script type=\"application\/ld+json\" class=\"yoast-schema-graph\">{\"@context\":\"https:\\\/\\\/schema.org\",\"@graph\":[{\"@type\":\"Article\",\"@id\":\"https:\\\/\\\/radioljubuski.ba\\\/index.php\\\/2021\\\/08\\\/14\\\/nevjerojatni-salah-svih-pet-sezona-u-redsima-otvorio-pogotkom\\\/#article\",\"isPartOf\":{\"@id\":\"https:\\\/\\\/radioljubuski.ba\\\/index.php\\\/2021\\\/08\\\/14\\\/nevjerojatni-salah-svih-pet-sezona-u-redsima-otvorio-pogotkom\\\/\"},\"author\":{\"name\":\"Radio Ljubu\u0161ki\",\"@id\":\"https:\\\/\\\/radioljubuski.ba\\\/#\\\/schema\\\/person\\\/19fc700381a780f69665d7956c469e3b\"},\"headline\":\"Nevjerojatni Salah svih pet sezona u Redsima otvorio pogotkom\",\"datePublished\":\"2021-08-14T22:27:59+00:00\",\"dateModified\":\"2021-08-14T22:28:00+00:00\",\"mainEntityOfPage\":{\"@id\":\"https:\\\/\\\/radioljubuski.ba\\\/index.php\\\/2021\\\/08\\\/14\\\/nevjerojatni-salah-svih-pet-sezona-u-redsima-otvorio-pogotkom\\\/\"},\"wordCount\":178,\"publisher\":{\"@id\":\"https:\\\/\\\/radioljubuski.ba\\\/#organization\"},\"image\":{\"@id\":\"https:\\\/\\\/radioljubuski.ba\\\/index.php\\\/2021\\\/08\\\/14\\\/nevjerojatni-salah-svih-pet-sezona-u-redsima-otvorio-pogotkom\\\/#primaryimage\"},\"thumbnailUrl\":\"https:\\\/\\\/radioljubuski.ba\\\/wp-content\\\/uploads\\\/2021\\\/08\\\/salah-1408-20210814193802.jpg\",\"articleSection\":[\"\u0160port\"],\"inLanguage\":\"hr\"},{\"@type\":\"WebPage\",\"@id\":\"https:\\\/\\\/radioljubuski.ba\\\/index.php\\\/2021\\\/08\\\/14\\\/nevjerojatni-salah-svih-pet-sezona-u-redsima-otvorio-pogotkom\\\/\",\"url\":\"https:\\\/\\\/radioljubuski.ba\\\/index.php\\\/2021\\\/08\\\/14\\\/nevjerojatni-salah-svih-pet-sezona-u-redsima-otvorio-pogotkom\\\/\",\"name\":\"Nevjerojatni Salah svih pet sezona u Redsima otvorio pogotkom - RADIO LJUBU\u0160KI\",\"isPartOf\":{\"@id\":\"https:\\\/\\\/radioljubuski.ba\\\/#website\"},\"primaryImageOfPage\":{\"@id\":\"https:\\\/\\\/radioljubuski.ba\\\/index.php\\\/2021\\\/08\\\/14\\\/nevjerojatni-salah-svih-pet-sezona-u-redsima-otvorio-pogotkom\\\/#primaryimage\"},\"image\":{\"@id\":\"https:\\\/\\\/radioljubuski.ba\\\/index.php\\\/2021\\\/08\\\/14\\\/nevjerojatni-salah-svih-pet-sezona-u-redsima-otvorio-pogotkom\\\/#primaryimage\"},\"thumbnailUrl\":\"https:\\\/\\\/radioljubuski.ba\\\/wp-content\\\/uploads\\\/2021\\\/08\\\/salah-1408-20210814193802.jpg\",\"datePublished\":\"2021-08-14T22:27:59+00:00\",\"dateModified\":\"2021-08-14T22:28:00+00:00\",\"breadcrumb\":{\"@id\":\"https:\\\/\\\/radioljubuski.ba\\\/index.php\\\/2021\\\/08\\\/14\\\/nevjerojatni-salah-svih-pet-sezona-u-redsima-otvorio-pogotkom\\\/#breadcrumb\"},\"inLanguage\":\"hr\",\"potentialAction\":[{\"@type\":\"ReadAction\",\"target\":[\"https:\\\/\\\/radioljubuski.ba\\\/index.php\\\/2021\\\/08\\\/14\\\/nevjerojatni-salah-svih-pet-sezona-u-redsima-otvorio-pogotkom\\\/\"]}]},{\"@type\":\"ImageObject\",\"inLanguage\":\"hr\",\"@id\":\"https:\\\/\\\/radioljubuski.ba\\\/index.php\\\/2021\\\/08\\\/14\\\/nevjerojatni-salah-svih-pet-sezona-u-redsima-otvorio-pogotkom\\\/#primaryimage\",\"url\":\"https:\\\/\\\/radioljubuski.ba\\\/wp-content\\\/uploads\\\/2021\\\/08\\\/salah-1408-20210814193802.jpg\",\"contentUrl\":\"https:\\\/\\\/radioljubuski.ba\\\/wp-content\\\/uploads\\\/2021\\\/08\\\/salah-1408-20210814193802.jpg\",\"width\":2189,\"height\":1273},{\"@type\":\"BreadcrumbList\",\"@id\":\"https:\\\/\\\/radioljubuski.ba\\\/index.php\\\/2021\\\/08\\\/14\\\/nevjerojatni-salah-svih-pet-sezona-u-redsima-otvorio-pogotkom\\\/#breadcrumb\",\"itemListElement\":[{\"@type\":\"ListItem\",\"position\":1,\"name\":\"Po\u010detna stranica\",\"item\":\"https:\\\/\\\/radioljubuski.ba\\\/\"},{\"@type\":\"ListItem\",\"position\":2,\"name\":\"Nevjerojatni Salah svih pet sezona u Redsima otvorio pogotkom\"}]},{\"@type\":\"WebSite\",\"@id\":\"https:\\\/\\\/radioljubuski.ba\\\/#website\",\"url\":\"https:\\\/\\\/radioljubuski.ba\\\/\",\"name\":\"Radio Ljubu\u0161ki\",\"description\":\"Sun\u010dana frekvencija Hercegovine\",\"publisher\":{\"@id\":\"https:\\\/\\\/radioljubuski.ba\\\/#organization\"},\"potentialAction\":[{\"@type\":\"SearchAction\",\"target\":{\"@type\":\"EntryPoint\",\"urlTemplate\":\"https:\\\/\\\/radioljubuski.ba\\\/?s={search_term_string}\"},\"query-input\":{\"@type\":\"PropertyValueSpecification\",\"valueRequired\":true,\"valueName\":\"search_term_string\"}}],\"inLanguage\":\"hr\"},{\"@type\":\"Organization\",\"@id\":\"https:\\\/\\\/radioljubuski.ba\\\/#organization\",\"name\":\"Radio Ljubu\u0161ki\",\"url\":\"https:\\\/\\\/radioljubuski.ba\\\/\",\"logo\":{\"@type\":\"ImageObject\",\"inLanguage\":\"hr\",\"@id\":\"https:\\\/\\\/radioljubuski.ba\\\/#\\\/schema\\\/logo\\\/image\\\/\",\"url\":\"https:\\\/\\\/radioljubuski.ba\\\/wp-content\\\/uploads\\\/2021\\\/02\\\/cropped-Radio_Ljubuski_logo1.jpg\",\"contentUrl\":\"https:\\\/\\\/radioljubuski.ba\\\/wp-content\\\/uploads\\\/2021\\\/02\\\/cropped-Radio_Ljubuski_logo1.jpg\",\"width\":512,\"height\":512,\"caption\":\"Radio Ljubu\u0161ki\"},\"image\":{\"@id\":\"https:\\\/\\\/radioljubuski.ba\\\/#\\\/schema\\\/logo\\\/image\\\/\"},\"sameAs\":[\"https:\\\/\\\/www.facebook.com\\\/Radiio-Ljubuski-1490835324566332\",\"https:\\\/\\\/x.com\\\/radioljubuski\",\"https:\\\/\\\/hr.linkedin.com\\\/company\\\/radio-ljubuski\",\"https:\\\/\\\/www.youtube.com\\\/channel\\\/UCHYaeO_n0Db3tjNGudGpXyw\"]},{\"@type\":\"Person\",\"@id\":\"https:\\\/\\\/radioljubuski.ba\\\/#\\\/schema\\\/person\\\/19fc700381a780f69665d7956c469e3b\",\"name\":\"Radio Ljubu\u0161ki\"}]}<\/script>\n<!-- \/ Yoast SEO plugin. -->","yoast_head_json":{"title":"Nevjerojatni Salah svih pet sezona u Redsima otvorio pogotkom - RADIO LJUBU\u0160KI","robots":{"index":"index","follow":"follow","max-snippet":"max-snippet:-1","max-image-preview":"max-image-preview:large","max-video-preview":"max-video-preview:-1"},"canonical":"https:\/\/radioljubuski.ba\/index.php\/2021\/08\/14\/nevjerojatni-salah-svih-pet-sezona-u-redsima-otvorio-pogotkom\/","og_locale":"hr_HR","og_type":"article","og_title":"Nevjerojatni Salah svih pet sezona u Redsima otvorio pogotkom - RADIO LJUBU\u0160KI","og_description":"U posljednjoj utakmici subotnjeg programa 1. kola engleskog nogometnog prvenstva Liverpool je kao gost svladao povratnika u dru\u0161tvo najboljih Norwich City sa 3-0 (1-0). Kod sva tri pogotka sudjelovao je Egip\u0107anin&nbsp;Mohamed Salah, kod prvoga je proma\u0161io loptu u poku\u0161aju udarca, ali se ta njegova traljava reakcija pretvorila u asistenciju za pogodak&nbsp;Dioga Jote&nbsp;u 26. minuti. U [&hellip;]","og_url":"https:\/\/radioljubuski.ba\/index.php\/2021\/08\/14\/nevjerojatni-salah-svih-pet-sezona-u-redsima-otvorio-pogotkom\/","og_site_name":"RADIO LJUBU\u0160KI","article_publisher":"https:\/\/www.facebook.com\/Radiio-Ljubuski-1490835324566332","article_published_time":"2021-08-14T22:27:59+00:00","article_modified_time":"2021-08-14T22:28:00+00:00","og_image":[{"width":2189,"height":1273,"url":"https:\/\/radioljubuski.ba\/wp-content\/uploads\/2021\/08\/salah-1408-20210814193802.jpg","type":"image\/jpeg"}],"author":"Radio Ljubu\u0161ki","twitter_card":"summary_large_image","twitter_creator":"@radioljubuski","twitter_site":"@radioljubuski","twitter_misc":{"Napisao\/la":"Radio Ljubu\u0161ki","Procijenjeno vrijeme \u010ditanja":"1 minuta"},"schema":{"@context":"https:\/\/schema.org","@graph":[{"@type":"Article","@id":"https:\/\/radioljubuski.ba\/index.php\/2021\/08\/14\/nevjerojatni-salah-svih-pet-sezona-u-redsima-otvorio-pogotkom\/#article","isPartOf":{"@id":"https:\/\/radioljubuski.ba\/index.php\/2021\/08\/14\/nevjerojatni-salah-svih-pet-sezona-u-redsima-otvorio-pogotkom\/"},"author":{"name":"Radio Ljubu\u0161ki","@id":"https:\/\/radioljubuski.ba\/#\/schema\/person\/19fc700381a780f69665d7956c469e3b"},"headline":"Nevjerojatni Salah svih pet sezona u Redsima otvorio pogotkom","datePublished":"2021-08-14T22:27:59+00:00","dateModified":"2021-08-14T22:28:00+00:00","mainEntityOfPage":{"@id":"https:\/\/radioljubuski.ba\/index.php\/2021\/08\/14\/nevjerojatni-salah-svih-pet-sezona-u-redsima-otvorio-pogotkom\/"},"wordCount":178,"publisher":{"@id":"https:\/\/radioljubuski.ba\/#organization"},"image":{"@id":"https:\/\/radioljubuski.ba\/index.php\/2021\/08\/14\/nevjerojatni-salah-svih-pet-sezona-u-redsima-otvorio-pogotkom\/#primaryimage"},"thumbnailUrl":"https:\/\/radioljubuski.ba\/wp-content\/uploads\/2021\/08\/salah-1408-20210814193802.jpg","articleSection":["\u0160port"],"inLanguage":"hr"},{"@type":"WebPage","@id":"https:\/\/radioljubuski.ba\/index.php\/2021\/08\/14\/nevjerojatni-salah-svih-pet-sezona-u-redsima-otvorio-pogotkom\/","url":"https:\/\/radioljubuski.ba\/index.php\/2021\/08\/14\/nevjerojatni-salah-svih-pet-sezona-u-redsima-otvorio-pogotkom\/","name":"Nevjerojatni Salah svih pet sezona u Redsima otvorio pogotkom - RADIO LJUBU\u0160KI","isPartOf":{"@id":"https:\/\/radioljubuski.ba\/#website"},"primaryImageOfPage":{"@id":"https:\/\/radioljubuski.ba\/index.php\/2021\/08\/14\/nevjerojatni-salah-svih-pet-sezona-u-redsima-otvorio-pogotkom\/#primaryimage"},"image":{"@id":"https:\/\/radioljubuski.ba\/index.php\/2021\/08\/14\/nevjerojatni-salah-svih-pet-sezona-u-redsima-otvorio-pogotkom\/#primaryimage"},"thumbnailUrl":"https:\/\/radioljubuski.ba\/wp-content\/uploads\/2021\/08\/salah-1408-20210814193802.jpg","datePublished":"2021-08-14T22:27:59+00:00","dateModified":"2021-08-14T22:28:00+00:00","breadcrumb":{"@id":"https:\/\/radioljubuski.ba\/index.php\/2021\/08\/14\/nevjerojatni-salah-svih-pet-sezona-u-redsima-otvorio-pogotkom\/#breadcrumb"},"inLanguage":"hr","potentialAction":[{"@type":"ReadAction","target":["https:\/\/radioljubuski.ba\/index.php\/2021\/08\/14\/nevjerojatni-salah-svih-pet-sezona-u-redsima-otvorio-pogotkom\/"]}]},{"@type":"ImageObject","inLanguage":"hr","@id":"https:\/\/radioljubuski.ba\/index.php\/2021\/08\/14\/nevjerojatni-salah-svih-pet-sezona-u-redsima-otvorio-pogotkom\/#primaryimage","url":"https:\/\/radioljubuski.ba\/wp-content\/uploads\/2021\/08\/salah-1408-20210814193802.jpg","contentUrl":"https:\/\/radioljubuski.ba\/wp-content\/uploads\/2021\/08\/salah-1408-20210814193802.jpg","width":2189,"height":1273},{"@type":"BreadcrumbList","@id":"https:\/\/radioljubuski.ba\/index.php\/2021\/08\/14\/nevjerojatni-salah-svih-pet-sezona-u-redsima-otvorio-pogotkom\/#breadcrumb","itemListElement":[{"@type":"ListItem","position":1,"name":"Po\u010detna stranica","item":"https:\/\/radioljubuski.ba\/"},{"@type":"ListItem","position":2,"name":"Nevjerojatni Salah svih pet sezona u Redsima otvorio pogotkom"}]},{"@type":"WebSite","@id":"https:\/\/radioljubuski.ba\/#website","url":"https:\/\/radioljubuski.ba\/","name":"Radio Ljubu\u0161ki","description":"Sun\u010dana frekvencija Hercegovine","publisher":{"@id":"https:\/\/radioljubuski.ba\/#organization"},"potentialAction":[{"@type":"SearchAction","target":{"@type":"EntryPoint","urlTemplate":"https:\/\/radioljubuski.ba\/?s={search_term_string}"},"query-input":{"@type":"PropertyValueSpecification","valueRequired":true,"valueName":"search_term_string"}}],"inLanguage":"hr"},{"@type":"Organization","@id":"https:\/\/radioljubuski.ba\/#organization","name":"Radio Ljubu\u0161ki","url":"https:\/\/radioljubuski.ba\/","logo":{"@type":"ImageObject","inLanguage":"hr","@id":"https:\/\/radioljubuski.ba\/#\/schema\/logo\/image\/","url":"https:\/\/radioljubuski.ba\/wp-content\/uploads\/2021\/02\/cropped-Radio_Ljubuski_logo1.jpg","contentUrl":"https:\/\/radioljubuski.ba\/wp-content\/uploads\/2021\/02\/cropped-Radio_Ljubuski_logo1.jpg","width":512,"height":512,"caption":"Radio Ljubu\u0161ki"},"image":{"@id":"https:\/\/radioljubuski.ba\/#\/schema\/logo\/image\/"},"sameAs":["https:\/\/www.facebook.com\/Radiio-Ljubuski-1490835324566332","https:\/\/x.com\/radioljubuski","https:\/\/hr.linkedin.com\/company\/radio-ljubuski","https:\/\/www.youtube.com\/channel\/UCHYaeO_n0Db3tjNGudGpXyw"]},{"@type":"Person","@id":"https:\/\/radioljubuski.ba\/#\/schema\/person\/19fc700381a780f69665d7956c469e3b","name":"Radio Ljubu\u0161ki"}]}},"_links":{"self":[{"href":"https:\/\/radioljubuski.ba\/index.php\/wp-json\/wp\/v2\/posts\/53413","targetHints":{"allow":["GET"]}}],"collection":[{"href":"https:\/\/radioljubuski.ba\/index.php\/wp-json\/wp\/v2\/posts"}],"about":[{"href":"https:\/\/radioljubuski.ba\/index.php\/wp-json\/wp\/v2\/types\/post"}],"author":[{"embeddable":true,"href":"https:\/\/radioljubuski.ba\/index.php\/wp-json\/wp\/v2\/users\/2"}],"replies":[{"embeddable":true,"href":"https:\/\/radioljubuski.ba\/index.php\/wp-json\/wp\/v2\/comments?post=53413"}],"version-history":[{"count":1,"href":"https:\/\/radioljubuski.ba\/index.php\/wp-json\/wp\/v2\/posts\/53413\/revisions"}],"predecessor-version":[{"id":53415,"href":"https:\/\/radioljubuski.ba\/index.php\/wp-json\/wp\/v2\/posts\/53413\/revisions\/53415"}],"wp:featuredmedia":[{"embeddable":true,"href":"https:\/\/radioljubuski.ba\/index.php\/wp-json\/wp\/v2\/media\/53414"}],"wp:attachment":[{"href":"https:\/\/radioljubuski.ba\/index.php\/wp-json\/wp\/v2\/media?parent=53413"}],"wp:term":[{"taxonomy":"category","embeddable":true,"href":"https:\/\/radioljubuski.ba\/index.php\/wp-json\/wp\/v2\/categories?post=53413"},{"taxonomy":"post_tag","embeddable":true,"href":"https:\/\/radioljubuski.ba\/index.php\/wp-json\/wp\/v2\/tags?post=53413"}],"curies":[{"name":"wp","href":"https:\/\/api.w.org\/{rel}","templated":true}]}}