{"id":53420,"date":"2021-08-14T23:32:15","date_gmt":"2021-08-14T22:32:15","guid":{"rendered":"https:\/\/radioljubuski.ba\/?p=53420"},"modified":"2021-08-14T23:32:16","modified_gmt":"2021-08-14T22:32:16","slug":"messi-iz-svecane-loze-pratio-pobjedu-psg-a","status":"publish","type":"post","link":"https:\/\/radioljubuski.ba\/index.php\/2021\/08\/14\/messi-iz-svecane-loze-pratio-pobjedu-psg-a\/","title":{"rendered":"Messi iz sve\u010dane lo\u017ee pratio pobjedu PSG-a"},"content":{"rendered":"\n<p><strong>Nogometa\u0161i Paris SG-a u susretu su 2. kola francuskog prvenstva ostvarili i drugu pobjedu svladav\u0161i kao doma\u0107ini Strasbourg sa 4-2 (3-0), a novo poja\u010danje pari\u0161kog kluba Lionel Messi je pobjedu suigra\u010da ispratio iz sve\u010dane lo\u017ee.<\/strong><\/p>\n\n\n\n<p>Doma\u0107i su u prvih pola sata poveli sa 3-0, prvi gol je iz prili\u010dno o\u010ditog zale\u0111a koje nije signalizirano postigao&nbsp;<strong>Icardi&nbsp;<\/strong>(3), uslijedio je autogol&nbsp;<strong>Ajorquea&nbsp;<\/strong>(25) i pogodak&nbsp;<strong>Draxlera&nbsp;<\/strong>(27). No, u nastavku se povratnik u dru\u0161tvo najboljih Strasbourg primaknuo na 3-2 preko&nbsp;<strong>Gameira&nbsp;<\/strong>(53) i Ajorquea (64). Potpuni povratak gostiju sprije\u010dio je&nbsp;<strong>Sarabia&nbsp;<\/strong>zabiv\u0161i za kona\u010dnih 4:2 (86).<br><br>Prije po\u010detka utakmice navija\u010de su pozdravila nova poja\u010danja pari\u0161kog kluba,&nbsp;<strong>Sergio Ramos<\/strong>&nbsp;i Lionel Messi.<\/p>\n\n\n\n<p>PSG je na vrhu ljestice sa \u0161est bodova, dva vi\u0161e od Nice i Lorienta, dok je Strasbourg i dalje bez bodova.<br><br>Ranije u subotu Nice je kao gost deklasirao prvaka Lille sa 4-0 (3-0). Predvo\u0111eni donedavnim trenerom Lillea&nbsp;<strong>Christopheom Galtierom<\/strong>, koji je napustio klub samo dva dana nakon osvajanja naslova u svibnju, igra\u010di Nice uraganski su krenuli u susret i nakon samo pet minuta imali prednost od 2-0 golovima&nbsp;<strong>Dolberga&nbsp;<\/strong>(1) i&nbsp;<strong>Boudaouija&nbsp;<\/strong>(5). Na 3-0 povisio je&nbsp;<strong>Gouiri&nbsp;<\/strong>(45+4-11m), da bi kona\u010dni rezultat u nastavku svojim drugim golom postavio Dolberg (64). Hrvatski reprezentativni brani\u010d&nbsp;<strong>Domagoj Bradari\u0107<\/strong>&nbsp;ostao je na klupi Lillea.<br><br>REZULTATI 2. KOLA:<br><br>Petak:<br>Lorient &#8211; Monaco 1-0 (Moffi 31-11m)<br><br>Subota:<br>Lille &#8211; Nice 0-4 (Dolberg 1, 64, Boudaoui 5, Gouiri 45+4-11m)<br>Paris SG &#8211; Strasbourg 4-2 (Icardi 3, Ajorque 25-ag, Draxler 27, Sarabia 86 \/ Gameiro 53, Ajorque 64)<br><br>Nedjelja:<br>Angers &#8211; Lyon<br>Reims &#8211; Montpellier<br>Brest &#8211; Rennes<br>Nantes &#8211; Metz<br>Clermont &#8211; Troyes<br>Lens &#8211; Saint-Etienne<br>Marseille \u2013 Bordeaux<\/p>\n\n\n\n<p>Izvor:hrt.hr<\/p>\n","protected":false},"excerpt":{"rendered":"<p>Nogometa\u0161i Paris SG-a u susretu su 2. kola francuskog prvenstva ostvarili i drugu pobjedu svladav\u0161i kao doma\u0107ini Strasbourg sa 4-2 (3-0), a novo poja\u010danje pari\u0161kog kluba Lionel Messi je pobjedu suigra\u010da ispratio iz sve\u010dane lo\u017ee. Doma\u0107i su u prvih pola sata poveli sa 3-0, prvi gol je iz prili\u010dno o\u010ditog zale\u0111a koje nije signalizirano postigao&nbsp;Icardi&nbsp;(3), [&hellip;]<\/p>\n","protected":false},"author":2,"featured_media":53421,"comment_status":"closed","ping_status":"closed","sticky":false,"template":"","format":"standard","meta":{"h5ap_radio_sources":[],"footnotes":""},"categories":[7],"tags":[],"class_list":["post-53420","post","type-post","status-publish","format-standard","has-post-thumbnail","hentry","category-sport"],"yoast_head":"<!-- This site is optimized with the Yoast SEO plugin v27.4 - https:\/\/yoast.com\/product\/yoast-seo-wordpress\/ -->\n<title>Messi iz sve\u010dane lo\u017ee pratio pobjedu PSG-a - RADIO LJUBU\u0160KI<\/title>\n<meta name=\"robots\" content=\"index, follow, max-snippet:-1, max-image-preview:large, max-video-preview:-1\" \/>\n<link rel=\"canonical\" href=\"https:\/\/radioljubuski.ba\/index.php\/2021\/08\/14\/messi-iz-svecane-loze-pratio-pobjedu-psg-a\/\" \/>\n<meta property=\"og:locale\" content=\"hr_HR\" \/>\n<meta property=\"og:type\" content=\"article\" \/>\n<meta property=\"og:title\" content=\"Messi iz sve\u010dane lo\u017ee pratio pobjedu PSG-a - RADIO LJUBU\u0160KI\" \/>\n<meta property=\"og:description\" content=\"Nogometa\u0161i Paris SG-a u susretu su 2. kola francuskog prvenstva ostvarili i drugu pobjedu svladav\u0161i kao doma\u0107ini Strasbourg sa 4-2 (3-0), a novo poja\u010danje pari\u0161kog kluba Lionel Messi je pobjedu suigra\u010da ispratio iz sve\u010dane lo\u017ee. Doma\u0107i su u prvih pola sata poveli sa 3-0, prvi gol je iz prili\u010dno o\u010ditog zale\u0111a koje nije signalizirano postigao&nbsp;Icardi&nbsp;(3), [&hellip;]\" \/>\n<meta property=\"og:url\" content=\"https:\/\/radioljubuski.ba\/index.php\/2021\/08\/14\/messi-iz-svecane-loze-pratio-pobjedu-psg-a\/\" \/>\n<meta property=\"og:site_name\" content=\"RADIO LJUBU\u0160KI\" \/>\n<meta property=\"article:publisher\" content=\"https:\/\/www.facebook.com\/Radiio-Ljubuski-1490835324566332\" \/>\n<meta property=\"article:published_time\" content=\"2021-08-14T22:32:15+00:00\" \/>\n<meta property=\"article:modified_time\" content=\"2021-08-14T22:32:16+00:00\" \/>\n<meta property=\"og:image\" content=\"https:\/\/radioljubuski.ba\/wp-content\/uploads\/2021\/08\/preuzmi-4-7.jpg\" \/>\n\t<meta property=\"og:image:width\" content=\"270\" \/>\n\t<meta property=\"og:image:height\" content=\"187\" \/>\n\t<meta property=\"og:image:type\" content=\"image\/jpeg\" \/>\n<meta name=\"author\" content=\"Radio Ljubu\u0161ki\" \/>\n<meta name=\"twitter:card\" content=\"summary_large_image\" \/>\n<meta name=\"twitter:creator\" content=\"@radioljubuski\" \/>\n<meta name=\"twitter:site\" content=\"@radioljubuski\" \/>\n<meta name=\"twitter:label1\" content=\"Napisao\/la\" \/>\n\t<meta name=\"twitter:data1\" content=\"Radio Ljubu\u0161ki\" \/>\n\t<meta name=\"twitter:label2\" content=\"Procijenjeno vrijeme \u010ditanja\" \/>\n\t<meta name=\"twitter:data2\" content=\"2 minute\" \/>\n<script type=\"application\/ld+json\" class=\"yoast-schema-graph\">{\"@context\":\"https:\\\/\\\/schema.org\",\"@graph\":[{\"@type\":\"Article\",\"@id\":\"https:\\\/\\\/radioljubuski.ba\\\/index.php\\\/2021\\\/08\\\/14\\\/messi-iz-svecane-loze-pratio-pobjedu-psg-a\\\/#article\",\"isPartOf\":{\"@id\":\"https:\\\/\\\/radioljubuski.ba\\\/index.php\\\/2021\\\/08\\\/14\\\/messi-iz-svecane-loze-pratio-pobjedu-psg-a\\\/\"},\"author\":{\"name\":\"Radio Ljubu\u0161ki\",\"@id\":\"https:\\\/\\\/radioljubuski.ba\\\/#\\\/schema\\\/person\\\/19fc700381a780f69665d7956c469e3b\"},\"headline\":\"Messi iz sve\u010dane lo\u017ee pratio pobjedu PSG-a\",\"datePublished\":\"2021-08-14T22:32:15+00:00\",\"dateModified\":\"2021-08-14T22:32:16+00:00\",\"mainEntityOfPage\":{\"@id\":\"https:\\\/\\\/radioljubuski.ba\\\/index.php\\\/2021\\\/08\\\/14\\\/messi-iz-svecane-loze-pratio-pobjedu-psg-a\\\/\"},\"wordCount\":306,\"publisher\":{\"@id\":\"https:\\\/\\\/radioljubuski.ba\\\/#organization\"},\"image\":{\"@id\":\"https:\\\/\\\/radioljubuski.ba\\\/index.php\\\/2021\\\/08\\\/14\\\/messi-iz-svecane-loze-pratio-pobjedu-psg-a\\\/#primaryimage\"},\"thumbnailUrl\":\"https:\\\/\\\/radioljubuski.ba\\\/wp-content\\\/uploads\\\/2021\\\/08\\\/preuzmi-4-7.jpg\",\"articleSection\":[\"\u0160port\"],\"inLanguage\":\"hr\"},{\"@type\":\"WebPage\",\"@id\":\"https:\\\/\\\/radioljubuski.ba\\\/index.php\\\/2021\\\/08\\\/14\\\/messi-iz-svecane-loze-pratio-pobjedu-psg-a\\\/\",\"url\":\"https:\\\/\\\/radioljubuski.ba\\\/index.php\\\/2021\\\/08\\\/14\\\/messi-iz-svecane-loze-pratio-pobjedu-psg-a\\\/\",\"name\":\"Messi iz sve\u010dane lo\u017ee pratio pobjedu PSG-a - RADIO LJUBU\u0160KI\",\"isPartOf\":{\"@id\":\"https:\\\/\\\/radioljubuski.ba\\\/#website\"},\"primaryImageOfPage\":{\"@id\":\"https:\\\/\\\/radioljubuski.ba\\\/index.php\\\/2021\\\/08\\\/14\\\/messi-iz-svecane-loze-pratio-pobjedu-psg-a\\\/#primaryimage\"},\"image\":{\"@id\":\"https:\\\/\\\/radioljubuski.ba\\\/index.php\\\/2021\\\/08\\\/14\\\/messi-iz-svecane-loze-pratio-pobjedu-psg-a\\\/#primaryimage\"},\"thumbnailUrl\":\"https:\\\/\\\/radioljubuski.ba\\\/wp-content\\\/uploads\\\/2021\\\/08\\\/preuzmi-4-7.jpg\",\"datePublished\":\"2021-08-14T22:32:15+00:00\",\"dateModified\":\"2021-08-14T22:32:16+00:00\",\"breadcrumb\":{\"@id\":\"https:\\\/\\\/radioljubuski.ba\\\/index.php\\\/2021\\\/08\\\/14\\\/messi-iz-svecane-loze-pratio-pobjedu-psg-a\\\/#breadcrumb\"},\"inLanguage\":\"hr\",\"potentialAction\":[{\"@type\":\"ReadAction\",\"target\":[\"https:\\\/\\\/radioljubuski.ba\\\/index.php\\\/2021\\\/08\\\/14\\\/messi-iz-svecane-loze-pratio-pobjedu-psg-a\\\/\"]}]},{\"@type\":\"ImageObject\",\"inLanguage\":\"hr\",\"@id\":\"https:\\\/\\\/radioljubuski.ba\\\/index.php\\\/2021\\\/08\\\/14\\\/messi-iz-svecane-loze-pratio-pobjedu-psg-a\\\/#primaryimage\",\"url\":\"https:\\\/\\\/radioljubuski.ba\\\/wp-content\\\/uploads\\\/2021\\\/08\\\/preuzmi-4-7.jpg\",\"contentUrl\":\"https:\\\/\\\/radioljubuski.ba\\\/wp-content\\\/uploads\\\/2021\\\/08\\\/preuzmi-4-7.jpg\",\"width\":270,\"height\":187},{\"@type\":\"BreadcrumbList\",\"@id\":\"https:\\\/\\\/radioljubuski.ba\\\/index.php\\\/2021\\\/08\\\/14\\\/messi-iz-svecane-loze-pratio-pobjedu-psg-a\\\/#breadcrumb\",\"itemListElement\":[{\"@type\":\"ListItem\",\"position\":1,\"name\":\"Po\u010detna stranica\",\"item\":\"https:\\\/\\\/radioljubuski.ba\\\/\"},{\"@type\":\"ListItem\",\"position\":2,\"name\":\"Messi iz sve\u010dane lo\u017ee pratio pobjedu PSG-a\"}]},{\"@type\":\"WebSite\",\"@id\":\"https:\\\/\\\/radioljubuski.ba\\\/#website\",\"url\":\"https:\\\/\\\/radioljubuski.ba\\\/\",\"name\":\"Radio Ljubu\u0161ki\",\"description\":\"Sun\u010dana frekvencija Hercegovine\",\"publisher\":{\"@id\":\"https:\\\/\\\/radioljubuski.ba\\\/#organization\"},\"potentialAction\":[{\"@type\":\"SearchAction\",\"target\":{\"@type\":\"EntryPoint\",\"urlTemplate\":\"https:\\\/\\\/radioljubuski.ba\\\/?s={search_term_string}\"},\"query-input\":{\"@type\":\"PropertyValueSpecification\",\"valueRequired\":true,\"valueName\":\"search_term_string\"}}],\"inLanguage\":\"hr\"},{\"@type\":\"Organization\",\"@id\":\"https:\\\/\\\/radioljubuski.ba\\\/#organization\",\"name\":\"Radio Ljubu\u0161ki\",\"url\":\"https:\\\/\\\/radioljubuski.ba\\\/\",\"logo\":{\"@type\":\"ImageObject\",\"inLanguage\":\"hr\",\"@id\":\"https:\\\/\\\/radioljubuski.ba\\\/#\\\/schema\\\/logo\\\/image\\\/\",\"url\":\"https:\\\/\\\/radioljubuski.ba\\\/wp-content\\\/uploads\\\/2021\\\/02\\\/cropped-Radio_Ljubuski_logo1.jpg\",\"contentUrl\":\"https:\\\/\\\/radioljubuski.ba\\\/wp-content\\\/uploads\\\/2021\\\/02\\\/cropped-Radio_Ljubuski_logo1.jpg\",\"width\":512,\"height\":512,\"caption\":\"Radio Ljubu\u0161ki\"},\"image\":{\"@id\":\"https:\\\/\\\/radioljubuski.ba\\\/#\\\/schema\\\/logo\\\/image\\\/\"},\"sameAs\":[\"https:\\\/\\\/www.facebook.com\\\/Radiio-Ljubuski-1490835324566332\",\"https:\\\/\\\/x.com\\\/radioljubuski\",\"https:\\\/\\\/hr.linkedin.com\\\/company\\\/radio-ljubuski\",\"https:\\\/\\\/www.youtube.com\\\/channel\\\/UCHYaeO_n0Db3tjNGudGpXyw\"]},{\"@type\":\"Person\",\"@id\":\"https:\\\/\\\/radioljubuski.ba\\\/#\\\/schema\\\/person\\\/19fc700381a780f69665d7956c469e3b\",\"name\":\"Radio Ljubu\u0161ki\"}]}<\/script>\n<!-- \/ Yoast SEO plugin. -->","yoast_head_json":{"title":"Messi iz sve\u010dane lo\u017ee pratio pobjedu PSG-a - RADIO LJUBU\u0160KI","robots":{"index":"index","follow":"follow","max-snippet":"max-snippet:-1","max-image-preview":"max-image-preview:large","max-video-preview":"max-video-preview:-1"},"canonical":"https:\/\/radioljubuski.ba\/index.php\/2021\/08\/14\/messi-iz-svecane-loze-pratio-pobjedu-psg-a\/","og_locale":"hr_HR","og_type":"article","og_title":"Messi iz sve\u010dane lo\u017ee pratio pobjedu PSG-a - RADIO LJUBU\u0160KI","og_description":"Nogometa\u0161i Paris SG-a u susretu su 2. kola francuskog prvenstva ostvarili i drugu pobjedu svladav\u0161i kao doma\u0107ini Strasbourg sa 4-2 (3-0), a novo poja\u010danje pari\u0161kog kluba Lionel Messi je pobjedu suigra\u010da ispratio iz sve\u010dane lo\u017ee. Doma\u0107i su u prvih pola sata poveli sa 3-0, prvi gol je iz prili\u010dno o\u010ditog zale\u0111a koje nije signalizirano postigao&nbsp;Icardi&nbsp;(3), [&hellip;]","og_url":"https:\/\/radioljubuski.ba\/index.php\/2021\/08\/14\/messi-iz-svecane-loze-pratio-pobjedu-psg-a\/","og_site_name":"RADIO LJUBU\u0160KI","article_publisher":"https:\/\/www.facebook.com\/Radiio-Ljubuski-1490835324566332","article_published_time":"2021-08-14T22:32:15+00:00","article_modified_time":"2021-08-14T22:32:16+00:00","og_image":[{"width":270,"height":187,"url":"https:\/\/radioljubuski.ba\/wp-content\/uploads\/2021\/08\/preuzmi-4-7.jpg","type":"image\/jpeg"}],"author":"Radio Ljubu\u0161ki","twitter_card":"summary_large_image","twitter_creator":"@radioljubuski","twitter_site":"@radioljubuski","twitter_misc":{"Napisao\/la":"Radio Ljubu\u0161ki","Procijenjeno vrijeme \u010ditanja":"2 minute"},"schema":{"@context":"https:\/\/schema.org","@graph":[{"@type":"Article","@id":"https:\/\/radioljubuski.ba\/index.php\/2021\/08\/14\/messi-iz-svecane-loze-pratio-pobjedu-psg-a\/#article","isPartOf":{"@id":"https:\/\/radioljubuski.ba\/index.php\/2021\/08\/14\/messi-iz-svecane-loze-pratio-pobjedu-psg-a\/"},"author":{"name":"Radio Ljubu\u0161ki","@id":"https:\/\/radioljubuski.ba\/#\/schema\/person\/19fc700381a780f69665d7956c469e3b"},"headline":"Messi iz sve\u010dane lo\u017ee pratio pobjedu PSG-a","datePublished":"2021-08-14T22:32:15+00:00","dateModified":"2021-08-14T22:32:16+00:00","mainEntityOfPage":{"@id":"https:\/\/radioljubuski.ba\/index.php\/2021\/08\/14\/messi-iz-svecane-loze-pratio-pobjedu-psg-a\/"},"wordCount":306,"publisher":{"@id":"https:\/\/radioljubuski.ba\/#organization"},"image":{"@id":"https:\/\/radioljubuski.ba\/index.php\/2021\/08\/14\/messi-iz-svecane-loze-pratio-pobjedu-psg-a\/#primaryimage"},"thumbnailUrl":"https:\/\/radioljubuski.ba\/wp-content\/uploads\/2021\/08\/preuzmi-4-7.jpg","articleSection":["\u0160port"],"inLanguage":"hr"},{"@type":"WebPage","@id":"https:\/\/radioljubuski.ba\/index.php\/2021\/08\/14\/messi-iz-svecane-loze-pratio-pobjedu-psg-a\/","url":"https:\/\/radioljubuski.ba\/index.php\/2021\/08\/14\/messi-iz-svecane-loze-pratio-pobjedu-psg-a\/","name":"Messi iz sve\u010dane lo\u017ee pratio pobjedu PSG-a - RADIO LJUBU\u0160KI","isPartOf":{"@id":"https:\/\/radioljubuski.ba\/#website"},"primaryImageOfPage":{"@id":"https:\/\/radioljubuski.ba\/index.php\/2021\/08\/14\/messi-iz-svecane-loze-pratio-pobjedu-psg-a\/#primaryimage"},"image":{"@id":"https:\/\/radioljubuski.ba\/index.php\/2021\/08\/14\/messi-iz-svecane-loze-pratio-pobjedu-psg-a\/#primaryimage"},"thumbnailUrl":"https:\/\/radioljubuski.ba\/wp-content\/uploads\/2021\/08\/preuzmi-4-7.jpg","datePublished":"2021-08-14T22:32:15+00:00","dateModified":"2021-08-14T22:32:16+00:00","breadcrumb":{"@id":"https:\/\/radioljubuski.ba\/index.php\/2021\/08\/14\/messi-iz-svecane-loze-pratio-pobjedu-psg-a\/#breadcrumb"},"inLanguage":"hr","potentialAction":[{"@type":"ReadAction","target":["https:\/\/radioljubuski.ba\/index.php\/2021\/08\/14\/messi-iz-svecane-loze-pratio-pobjedu-psg-a\/"]}]},{"@type":"ImageObject","inLanguage":"hr","@id":"https:\/\/radioljubuski.ba\/index.php\/2021\/08\/14\/messi-iz-svecane-loze-pratio-pobjedu-psg-a\/#primaryimage","url":"https:\/\/radioljubuski.ba\/wp-content\/uploads\/2021\/08\/preuzmi-4-7.jpg","contentUrl":"https:\/\/radioljubuski.ba\/wp-content\/uploads\/2021\/08\/preuzmi-4-7.jpg","width":270,"height":187},{"@type":"BreadcrumbList","@id":"https:\/\/radioljubuski.ba\/index.php\/2021\/08\/14\/messi-iz-svecane-loze-pratio-pobjedu-psg-a\/#breadcrumb","itemListElement":[{"@type":"ListItem","position":1,"name":"Po\u010detna stranica","item":"https:\/\/radioljubuski.ba\/"},{"@type":"ListItem","position":2,"name":"Messi iz sve\u010dane lo\u017ee pratio pobjedu PSG-a"}]},{"@type":"WebSite","@id":"https:\/\/radioljubuski.ba\/#website","url":"https:\/\/radioljubuski.ba\/","name":"Radio Ljubu\u0161ki","description":"Sun\u010dana frekvencija Hercegovine","publisher":{"@id":"https:\/\/radioljubuski.ba\/#organization"},"potentialAction":[{"@type":"SearchAction","target":{"@type":"EntryPoint","urlTemplate":"https:\/\/radioljubuski.ba\/?s={search_term_string}"},"query-input":{"@type":"PropertyValueSpecification","valueRequired":true,"valueName":"search_term_string"}}],"inLanguage":"hr"},{"@type":"Organization","@id":"https:\/\/radioljubuski.ba\/#organization","name":"Radio Ljubu\u0161ki","url":"https:\/\/radioljubuski.ba\/","logo":{"@type":"ImageObject","inLanguage":"hr","@id":"https:\/\/radioljubuski.ba\/#\/schema\/logo\/image\/","url":"https:\/\/radioljubuski.ba\/wp-content\/uploads\/2021\/02\/cropped-Radio_Ljubuski_logo1.jpg","contentUrl":"https:\/\/radioljubuski.ba\/wp-content\/uploads\/2021\/02\/cropped-Radio_Ljubuski_logo1.jpg","width":512,"height":512,"caption":"Radio Ljubu\u0161ki"},"image":{"@id":"https:\/\/radioljubuski.ba\/#\/schema\/logo\/image\/"},"sameAs":["https:\/\/www.facebook.com\/Radiio-Ljubuski-1490835324566332","https:\/\/x.com\/radioljubuski","https:\/\/hr.linkedin.com\/company\/radio-ljubuski","https:\/\/www.youtube.com\/channel\/UCHYaeO_n0Db3tjNGudGpXyw"]},{"@type":"Person","@id":"https:\/\/radioljubuski.ba\/#\/schema\/person\/19fc700381a780f69665d7956c469e3b","name":"Radio Ljubu\u0161ki"}]}},"_links":{"self":[{"href":"https:\/\/radioljubuski.ba\/index.php\/wp-json\/wp\/v2\/posts\/53420","targetHints":{"allow":["GET"]}}],"collection":[{"href":"https:\/\/radioljubuski.ba\/index.php\/wp-json\/wp\/v2\/posts"}],"about":[{"href":"https:\/\/radioljubuski.ba\/index.php\/wp-json\/wp\/v2\/types\/post"}],"author":[{"embeddable":true,"href":"https:\/\/radioljubuski.ba\/index.php\/wp-json\/wp\/v2\/users\/2"}],"replies":[{"embeddable":true,"href":"https:\/\/radioljubuski.ba\/index.php\/wp-json\/wp\/v2\/comments?post=53420"}],"version-history":[{"count":1,"href":"https:\/\/radioljubuski.ba\/index.php\/wp-json\/wp\/v2\/posts\/53420\/revisions"}],"predecessor-version":[{"id":53422,"href":"https:\/\/radioljubuski.ba\/index.php\/wp-json\/wp\/v2\/posts\/53420\/revisions\/53422"}],"wp:featuredmedia":[{"embeddable":true,"href":"https:\/\/radioljubuski.ba\/index.php\/wp-json\/wp\/v2\/media\/53421"}],"wp:attachment":[{"href":"https:\/\/radioljubuski.ba\/index.php\/wp-json\/wp\/v2\/media?parent=53420"}],"wp:term":[{"taxonomy":"category","embeddable":true,"href":"https:\/\/radioljubuski.ba\/index.php\/wp-json\/wp\/v2\/categories?post=53420"},{"taxonomy":"post_tag","embeddable":true,"href":"https:\/\/radioljubuski.ba\/index.php\/wp-json\/wp\/v2\/tags?post=53420"}],"curies":[{"name":"wp","href":"https:\/\/api.w.org\/{rel}","templated":true}]}}