{"id":53426,"date":"2021-08-14T23:38:41","date_gmt":"2021-08-14T22:38:41","guid":{"rendered":"https:\/\/radioljubuski.ba\/?p=53426"},"modified":"2021-08-14T23:38:43","modified_gmt":"2021-08-14T22:38:43","slug":"stablina-pobjednik-24-maratona-lada","status":"publish","type":"post","link":"https:\/\/radioljubuski.ba\/index.php\/2021\/08\/14\/stablina-pobjednik-24-maratona-lada\/","title":{"rendered":"Stablina pobjednik 24. Maratona la\u0111a"},"content":{"rendered":"\n<p><strong>Zavr\u0161eno je 24. izdanje Maratona la\u0111a. Zahtjevnu rutu dugu 22,5 km od Metkovi\u0107a do Plo\u010da najbr\u017ee je pro\u0161la ekipa Stabline koja je u sjajnoj zavr\u0161nici slavila ispred ekipe Zagreba. Pro\u0161le godine te su ekipe podijelile prvo mjesto.<\/strong><\/p>\n\n\n\n<p>Me\u0111u 33 ekipe drugo mjesto pripalo je la\u0111arima Zagreba, koji su ve\u0107i dio staze slijedili Stablinu, a tre\u0107e ekipi Crnog puta iz Metkovi\u0107a. To je Stablini \u010detvrto la\u0111arsko zlato, a ekipa ga je osvojila za dva sata, 11 minuta i 53 sekunde.<\/p>\n\n\n\n<div style=\"width: 640px;\" class=\"wp-video\"><video class=\"wp-video-shortcode\" id=\"video-53426-1\" width=\"640\" height=\"360\" preload=\"metadata\" controls=\"controls\"><source type=\"video\/mp4\" src=\"https:\/\/api.hrt.hr\/media\/5e\/68\/tvd2-dpx-plloce-1408-20210814175124.mp4?_=1\" \/><a href=\"https:\/\/api.hrt.hr\/media\/5e\/68\/tvd2-dpx-plloce-1408-20210814175124.mp4\">https:\/\/api.hrt.hr\/media\/5e\/68\/tvd2-dpx-plloce-1408-20210814175124.mp4<\/a><\/video><\/div>\n\n\n\n<p>Dojmove nakon pobjede podijelili su \u010dlanovi pobjedni\u010dke ekipe kapetan\u00a0<strong>Antonio Mihaljevi\u0107<\/strong>\u00a0i\u00a0<strong>Marin \u017dderi\u0107<\/strong>\u00a0u razgovoru s\u00a0<strong>Mirtom \u0160urjak<\/strong>.<\/p>\n\n\n\n<div style=\"width: 640px;\" class=\"wp-video\"><video class=\"wp-video-shortcode\" id=\"video-53426-2\" width=\"640\" height=\"360\" preload=\"metadata\" controls=\"controls\"><source type=\"video\/mp4\" src=\"https:\/\/api.hrt.hr\/media\/0b\/3f\/maratonladja-izjave2-20210814180112.mp4?_=2\" \/><a href=\"https:\/\/api.hrt.hr\/media\/0b\/3f\/maratonladja-izjave2-20210814180112.mp4\">https:\/\/api.hrt.hr\/media\/0b\/3f\/maratonladja-izjave2-20210814180112.mp4<\/a><\/video><\/div>\n\n\n\n<p>Maraton la\u0111a na Neretvi amatersko je sportsko natjecanje u tradicionalnim la\u0111ama u kojima la\u0111ari preveslaju 22,5 kilometara od Metkovi\u0107a do cilja u plo\u010danskom zaljevu. Posadu svake la\u0111e \u010dini deset vesla\u010da te bubnjar i pari\u0107ar odnosno kormilar. Cilj Maratona la\u0111a je o\u010duvati i otrgnuti od zaborava i propadanja stare izvorne neretvanske la\u0111e.<\/p>\n\n\n\n<p>Maraton la\u0111a na Neretvi po\u010deo je u subotu poslijepodne ispod mosta u Metkovi\u0107u, gdje je plotunom kubura\u0161ke skupine ozna\u010den start za 33 posade. Prvobitno je bilo prijavljeno 36 posada, ali tri su otkazale natjecanje, zbog pojave zara\u017eenih koronavirusom me\u0111u \u010dlanovima njihovih posada, izvijestili su organizatori.<br><br>Pokrovitelj Martona la\u0111a je predsjednik Republike&nbsp;<strong>Zoran Milanovi\u0107<\/strong>. Njegov izaslanik na ovom maratonu,&nbsp;<strong>Velibor Ma\u010dki\u0107<\/strong>, pozvao je hrvatske topnike da pucnjem ozna\u010de start, \u0161to su oni i u\u010dinili.<\/p>\n\n\n\n<p>Ma\u010dki\u0107 je u izjavi novinarima rekao kako mu je \u010dast\u00a0 \u0161to je na ovogodi\u0161njem Maratonu la\u0111a izaslanik predsjednika Republike\u00a0<strong>Zorana\u00a0 Milanovi\u0107a<\/strong>, a dodao je i kako o\u010dekuje fer i po\u0161tenu borbu vesla\u010dkih posada.<\/p>\n\n\n\n<p><br><br>&#8211; Ovaj maraton pokazuje kako bismo trebali graditi na\u0161e dru\u0161tvo i ekonomiju &#8211; zajedno, kooperativno, u fer i po\u0161tenoj borbi, svi s jednake startne pozicije &#8211; i onda najbolji pobje\u0111uje, istaknuo je Ma\u010dki\u0107. Prema njegovim rije\u010dima, Maraton la\u0111a je primjer kako se, unato\u010d epidemiji, \u017eivot mora nastaviti.<br><br>Izaslanik predsjednika Vlade\u00a0<strong>Andreja Plenkovi\u0107a<\/strong>\u00a0na Maratonu la\u0111a je ministar gospodarstva i odr\u017eivog razvoja<strong>\u00a0Tomislav \u0106ori\u0107<\/strong>.<br><br>&#8211; Maraton la\u0111a, unato\u010d pandemiji COVID-a i svemu \u0161to nas je pogodilo zadnjih godinu dana, ide dalje i najva\u017enije je da taj maraton opstaje, rekao je \u0106ori\u0107 te istaknuo da o\u010dekuje vite\u0161ku borbu vesla\u010dkih posada. Izrazio je zadovoljstvo ovogodi\u0161njom turisti\u010dkom sezonom rekav\u0161i kako \u0107e rezultati pokazati da je Vlada ispravno postupala.<\/p>\n\n\n\n<p>Pogledajte kako su tekle pripreme la\u0111ara za ovu zahtjevnu utrku!<\/p>\n\n\n\n<div style=\"width: 640px;\" class=\"wp-video\"><video class=\"wp-video-shortcode\" id=\"video-53426-3\" width=\"640\" height=\"360\" preload=\"metadata\" controls=\"controls\"><source type=\"video\/mp4\" src=\"https:\/\/api.hrt.hr\/media\/3d\/72\/tvd2-maraton-lada-1408-20210814175042.mp4?_=3\" \/><a href=\"https:\/\/api.hrt.hr\/media\/3d\/72\/tvd2-maraton-lada-1408-20210814175042.mp4\">https:\/\/api.hrt.hr\/media\/3d\/72\/tvd2-maraton-lada-1408-20210814175042.mp4<\/a><\/video><\/div>\n\n\n\n<p>Izvor:hrt.hr<\/p>\n","protected":false},"excerpt":{"rendered":"<p>Zavr\u0161eno je 24. izdanje Maratona la\u0111a. Zahtjevnu rutu dugu 22,5 km od Metkovi\u0107a do Plo\u010da najbr\u017ee je pro\u0161la ekipa Stabline koja je u sjajnoj zavr\u0161nici slavila ispred ekipe Zagreba. Pro\u0161le godine te su ekipe podijelile prvo mjesto. Me\u0111u 33 ekipe drugo mjesto pripalo je la\u0111arima Zagreba, koji su ve\u0107i dio staze slijedili Stablinu, a tre\u0107e [&hellip;]<\/p>\n","protected":false},"author":2,"featured_media":53427,"comment_status":"closed","ping_status":"closed","sticky":false,"template":"","format":"standard","meta":{"h5ap_radio_sources":[],"footnotes":""},"categories":[7],"tags":[],"class_list":["post-53426","post","type-post","status-publish","format-standard","has-post-thumbnail","hentry","category-sport"],"yoast_head":"<!-- This site is optimized with the Yoast SEO plugin v27.4 - https:\/\/yoast.com\/product\/yoast-seo-wordpress\/ -->\n<title>Stablina pobjednik 24. Maratona la\u0111a - RADIO LJUBU\u0160KI<\/title>\n<meta name=\"robots\" content=\"index, follow, max-snippet:-1, max-image-preview:large, max-video-preview:-1\" \/>\n<link rel=\"canonical\" href=\"https:\/\/radioljubuski.ba\/index.php\/2021\/08\/14\/stablina-pobjednik-24-maratona-lada\/\" \/>\n<meta property=\"og:locale\" content=\"hr_HR\" \/>\n<meta property=\"og:type\" content=\"article\" \/>\n<meta property=\"og:title\" content=\"Stablina pobjednik 24. Maratona la\u0111a - RADIO LJUBU\u0160KI\" \/>\n<meta property=\"og:description\" content=\"Zavr\u0161eno je 24. izdanje Maratona la\u0111a. Zahtjevnu rutu dugu 22,5 km od Metkovi\u0107a do Plo\u010da najbr\u017ee je pro\u0161la ekipa Stabline koja je u sjajnoj zavr\u0161nici slavila ispred ekipe Zagreba. Pro\u0161le godine te su ekipe podijelile prvo mjesto. Me\u0111u 33 ekipe drugo mjesto pripalo je la\u0111arima Zagreba, koji su ve\u0107i dio staze slijedili Stablinu, a tre\u0107e [&hellip;]\" \/>\n<meta property=\"og:url\" content=\"https:\/\/radioljubuski.ba\/index.php\/2021\/08\/14\/stablina-pobjednik-24-maratona-lada\/\" \/>\n<meta property=\"og:site_name\" content=\"RADIO LJUBU\u0160KI\" \/>\n<meta property=\"article:publisher\" content=\"https:\/\/www.facebook.com\/Radiio-Ljubuski-1490835324566332\" \/>\n<meta property=\"article:published_time\" content=\"2021-08-14T22:38:41+00:00\" \/>\n<meta property=\"article:modified_time\" content=\"2021-08-14T22:38:43+00:00\" \/>\n<meta property=\"og:image\" content=\"https:\/\/radioljubuski.ba\/wp-content\/uploads\/2021\/08\/4f4457dc237328272dc762df0901c288_XL.jpg\" \/>\n\t<meta property=\"og:image:width\" content=\"1000\" \/>\n\t<meta property=\"og:image:height\" content=\"600\" \/>\n\t<meta property=\"og:image:type\" content=\"image\/jpeg\" \/>\n<meta name=\"author\" content=\"Radio Ljubu\u0161ki\" \/>\n<meta name=\"twitter:card\" content=\"summary_large_image\" \/>\n<meta name=\"twitter:creator\" content=\"@radioljubuski\" \/>\n<meta name=\"twitter:site\" content=\"@radioljubuski\" \/>\n<meta name=\"twitter:label1\" content=\"Napisao\/la\" \/>\n\t<meta name=\"twitter:data1\" content=\"Radio Ljubu\u0161ki\" \/>\n\t<meta name=\"twitter:label2\" content=\"Procijenjeno vrijeme \u010ditanja\" \/>\n\t<meta name=\"twitter:data2\" content=\"2 minute\" \/>\n<script type=\"application\/ld+json\" class=\"yoast-schema-graph\">{\"@context\":\"https:\\\/\\\/schema.org\",\"@graph\":[{\"@type\":\"Article\",\"@id\":\"https:\\\/\\\/radioljubuski.ba\\\/index.php\\\/2021\\\/08\\\/14\\\/stablina-pobjednik-24-maratona-lada\\\/#article\",\"isPartOf\":{\"@id\":\"https:\\\/\\\/radioljubuski.ba\\\/index.php\\\/2021\\\/08\\\/14\\\/stablina-pobjednik-24-maratona-lada\\\/\"},\"author\":{\"name\":\"Radio Ljubu\u0161ki\",\"@id\":\"https:\\\/\\\/radioljubuski.ba\\\/#\\\/schema\\\/person\\\/19fc700381a780f69665d7956c469e3b\"},\"headline\":\"Stablina pobjednik 24. Maratona la\u0111a\",\"datePublished\":\"2021-08-14T22:38:41+00:00\",\"dateModified\":\"2021-08-14T22:38:43+00:00\",\"mainEntityOfPage\":{\"@id\":\"https:\\\/\\\/radioljubuski.ba\\\/index.php\\\/2021\\\/08\\\/14\\\/stablina-pobjednik-24-maratona-lada\\\/\"},\"wordCount\":474,\"publisher\":{\"@id\":\"https:\\\/\\\/radioljubuski.ba\\\/#organization\"},\"image\":{\"@id\":\"https:\\\/\\\/radioljubuski.ba\\\/index.php\\\/2021\\\/08\\\/14\\\/stablina-pobjednik-24-maratona-lada\\\/#primaryimage\"},\"thumbnailUrl\":\"https:\\\/\\\/radioljubuski.ba\\\/wp-content\\\/uploads\\\/2021\\\/08\\\/4f4457dc237328272dc762df0901c288_XL.jpg\",\"articleSection\":[\"\u0160port\"],\"inLanguage\":\"hr\"},{\"@type\":\"WebPage\",\"@id\":\"https:\\\/\\\/radioljubuski.ba\\\/index.php\\\/2021\\\/08\\\/14\\\/stablina-pobjednik-24-maratona-lada\\\/\",\"url\":\"https:\\\/\\\/radioljubuski.ba\\\/index.php\\\/2021\\\/08\\\/14\\\/stablina-pobjednik-24-maratona-lada\\\/\",\"name\":\"Stablina pobjednik 24. Maratona la\u0111a - RADIO LJUBU\u0160KI\",\"isPartOf\":{\"@id\":\"https:\\\/\\\/radioljubuski.ba\\\/#website\"},\"primaryImageOfPage\":{\"@id\":\"https:\\\/\\\/radioljubuski.ba\\\/index.php\\\/2021\\\/08\\\/14\\\/stablina-pobjednik-24-maratona-lada\\\/#primaryimage\"},\"image\":{\"@id\":\"https:\\\/\\\/radioljubuski.ba\\\/index.php\\\/2021\\\/08\\\/14\\\/stablina-pobjednik-24-maratona-lada\\\/#primaryimage\"},\"thumbnailUrl\":\"https:\\\/\\\/radioljubuski.ba\\\/wp-content\\\/uploads\\\/2021\\\/08\\\/4f4457dc237328272dc762df0901c288_XL.jpg\",\"datePublished\":\"2021-08-14T22:38:41+00:00\",\"dateModified\":\"2021-08-14T22:38:43+00:00\",\"breadcrumb\":{\"@id\":\"https:\\\/\\\/radioljubuski.ba\\\/index.php\\\/2021\\\/08\\\/14\\\/stablina-pobjednik-24-maratona-lada\\\/#breadcrumb\"},\"inLanguage\":\"hr\",\"potentialAction\":[{\"@type\":\"ReadAction\",\"target\":[\"https:\\\/\\\/radioljubuski.ba\\\/index.php\\\/2021\\\/08\\\/14\\\/stablina-pobjednik-24-maratona-lada\\\/\"]}]},{\"@type\":\"ImageObject\",\"inLanguage\":\"hr\",\"@id\":\"https:\\\/\\\/radioljubuski.ba\\\/index.php\\\/2021\\\/08\\\/14\\\/stablina-pobjednik-24-maratona-lada\\\/#primaryimage\",\"url\":\"https:\\\/\\\/radioljubuski.ba\\\/wp-content\\\/uploads\\\/2021\\\/08\\\/4f4457dc237328272dc762df0901c288_XL.jpg\",\"contentUrl\":\"https:\\\/\\\/radioljubuski.ba\\\/wp-content\\\/uploads\\\/2021\\\/08\\\/4f4457dc237328272dc762df0901c288_XL.jpg\",\"width\":1000,\"height\":600},{\"@type\":\"BreadcrumbList\",\"@id\":\"https:\\\/\\\/radioljubuski.ba\\\/index.php\\\/2021\\\/08\\\/14\\\/stablina-pobjednik-24-maratona-lada\\\/#breadcrumb\",\"itemListElement\":[{\"@type\":\"ListItem\",\"position\":1,\"name\":\"Po\u010detna stranica\",\"item\":\"https:\\\/\\\/radioljubuski.ba\\\/\"},{\"@type\":\"ListItem\",\"position\":2,\"name\":\"Stablina pobjednik 24. Maratona la\u0111a\"}]},{\"@type\":\"WebSite\",\"@id\":\"https:\\\/\\\/radioljubuski.ba\\\/#website\",\"url\":\"https:\\\/\\\/radioljubuski.ba\\\/\",\"name\":\"Radio Ljubu\u0161ki\",\"description\":\"Sun\u010dana frekvencija Hercegovine\",\"publisher\":{\"@id\":\"https:\\\/\\\/radioljubuski.ba\\\/#organization\"},\"potentialAction\":[{\"@type\":\"SearchAction\",\"target\":{\"@type\":\"EntryPoint\",\"urlTemplate\":\"https:\\\/\\\/radioljubuski.ba\\\/?s={search_term_string}\"},\"query-input\":{\"@type\":\"PropertyValueSpecification\",\"valueRequired\":true,\"valueName\":\"search_term_string\"}}],\"inLanguage\":\"hr\"},{\"@type\":\"Organization\",\"@id\":\"https:\\\/\\\/radioljubuski.ba\\\/#organization\",\"name\":\"Radio Ljubu\u0161ki\",\"url\":\"https:\\\/\\\/radioljubuski.ba\\\/\",\"logo\":{\"@type\":\"ImageObject\",\"inLanguage\":\"hr\",\"@id\":\"https:\\\/\\\/radioljubuski.ba\\\/#\\\/schema\\\/logo\\\/image\\\/\",\"url\":\"https:\\\/\\\/radioljubuski.ba\\\/wp-content\\\/uploads\\\/2021\\\/02\\\/cropped-Radio_Ljubuski_logo1.jpg\",\"contentUrl\":\"https:\\\/\\\/radioljubuski.ba\\\/wp-content\\\/uploads\\\/2021\\\/02\\\/cropped-Radio_Ljubuski_logo1.jpg\",\"width\":512,\"height\":512,\"caption\":\"Radio Ljubu\u0161ki\"},\"image\":{\"@id\":\"https:\\\/\\\/radioljubuski.ba\\\/#\\\/schema\\\/logo\\\/image\\\/\"},\"sameAs\":[\"https:\\\/\\\/www.facebook.com\\\/Radiio-Ljubuski-1490835324566332\",\"https:\\\/\\\/x.com\\\/radioljubuski\",\"https:\\\/\\\/hr.linkedin.com\\\/company\\\/radio-ljubuski\",\"https:\\\/\\\/www.youtube.com\\\/channel\\\/UCHYaeO_n0Db3tjNGudGpXyw\"]},{\"@type\":\"Person\",\"@id\":\"https:\\\/\\\/radioljubuski.ba\\\/#\\\/schema\\\/person\\\/19fc700381a780f69665d7956c469e3b\",\"name\":\"Radio Ljubu\u0161ki\"}]}<\/script>\n<!-- \/ Yoast SEO plugin. -->","yoast_head_json":{"title":"Stablina pobjednik 24. Maratona la\u0111a - RADIO LJUBU\u0160KI","robots":{"index":"index","follow":"follow","max-snippet":"max-snippet:-1","max-image-preview":"max-image-preview:large","max-video-preview":"max-video-preview:-1"},"canonical":"https:\/\/radioljubuski.ba\/index.php\/2021\/08\/14\/stablina-pobjednik-24-maratona-lada\/","og_locale":"hr_HR","og_type":"article","og_title":"Stablina pobjednik 24. Maratona la\u0111a - RADIO LJUBU\u0160KI","og_description":"Zavr\u0161eno je 24. izdanje Maratona la\u0111a. Zahtjevnu rutu dugu 22,5 km od Metkovi\u0107a do Plo\u010da najbr\u017ee je pro\u0161la ekipa Stabline koja je u sjajnoj zavr\u0161nici slavila ispred ekipe Zagreba. Pro\u0161le godine te su ekipe podijelile prvo mjesto. Me\u0111u 33 ekipe drugo mjesto pripalo je la\u0111arima Zagreba, koji su ve\u0107i dio staze slijedili Stablinu, a tre\u0107e [&hellip;]","og_url":"https:\/\/radioljubuski.ba\/index.php\/2021\/08\/14\/stablina-pobjednik-24-maratona-lada\/","og_site_name":"RADIO LJUBU\u0160KI","article_publisher":"https:\/\/www.facebook.com\/Radiio-Ljubuski-1490835324566332","article_published_time":"2021-08-14T22:38:41+00:00","article_modified_time":"2021-08-14T22:38:43+00:00","og_image":[{"width":1000,"height":600,"url":"https:\/\/radioljubuski.ba\/wp-content\/uploads\/2021\/08\/4f4457dc237328272dc762df0901c288_XL.jpg","type":"image\/jpeg"}],"author":"Radio Ljubu\u0161ki","twitter_card":"summary_large_image","twitter_creator":"@radioljubuski","twitter_site":"@radioljubuski","twitter_misc":{"Napisao\/la":"Radio Ljubu\u0161ki","Procijenjeno vrijeme \u010ditanja":"2 minute"},"schema":{"@context":"https:\/\/schema.org","@graph":[{"@type":"Article","@id":"https:\/\/radioljubuski.ba\/index.php\/2021\/08\/14\/stablina-pobjednik-24-maratona-lada\/#article","isPartOf":{"@id":"https:\/\/radioljubuski.ba\/index.php\/2021\/08\/14\/stablina-pobjednik-24-maratona-lada\/"},"author":{"name":"Radio Ljubu\u0161ki","@id":"https:\/\/radioljubuski.ba\/#\/schema\/person\/19fc700381a780f69665d7956c469e3b"},"headline":"Stablina pobjednik 24. Maratona la\u0111a","datePublished":"2021-08-14T22:38:41+00:00","dateModified":"2021-08-14T22:38:43+00:00","mainEntityOfPage":{"@id":"https:\/\/radioljubuski.ba\/index.php\/2021\/08\/14\/stablina-pobjednik-24-maratona-lada\/"},"wordCount":474,"publisher":{"@id":"https:\/\/radioljubuski.ba\/#organization"},"image":{"@id":"https:\/\/radioljubuski.ba\/index.php\/2021\/08\/14\/stablina-pobjednik-24-maratona-lada\/#primaryimage"},"thumbnailUrl":"https:\/\/radioljubuski.ba\/wp-content\/uploads\/2021\/08\/4f4457dc237328272dc762df0901c288_XL.jpg","articleSection":["\u0160port"],"inLanguage":"hr"},{"@type":"WebPage","@id":"https:\/\/radioljubuski.ba\/index.php\/2021\/08\/14\/stablina-pobjednik-24-maratona-lada\/","url":"https:\/\/radioljubuski.ba\/index.php\/2021\/08\/14\/stablina-pobjednik-24-maratona-lada\/","name":"Stablina pobjednik 24. Maratona la\u0111a - RADIO LJUBU\u0160KI","isPartOf":{"@id":"https:\/\/radioljubuski.ba\/#website"},"primaryImageOfPage":{"@id":"https:\/\/radioljubuski.ba\/index.php\/2021\/08\/14\/stablina-pobjednik-24-maratona-lada\/#primaryimage"},"image":{"@id":"https:\/\/radioljubuski.ba\/index.php\/2021\/08\/14\/stablina-pobjednik-24-maratona-lada\/#primaryimage"},"thumbnailUrl":"https:\/\/radioljubuski.ba\/wp-content\/uploads\/2021\/08\/4f4457dc237328272dc762df0901c288_XL.jpg","datePublished":"2021-08-14T22:38:41+00:00","dateModified":"2021-08-14T22:38:43+00:00","breadcrumb":{"@id":"https:\/\/radioljubuski.ba\/index.php\/2021\/08\/14\/stablina-pobjednik-24-maratona-lada\/#breadcrumb"},"inLanguage":"hr","potentialAction":[{"@type":"ReadAction","target":["https:\/\/radioljubuski.ba\/index.php\/2021\/08\/14\/stablina-pobjednik-24-maratona-lada\/"]}]},{"@type":"ImageObject","inLanguage":"hr","@id":"https:\/\/radioljubuski.ba\/index.php\/2021\/08\/14\/stablina-pobjednik-24-maratona-lada\/#primaryimage","url":"https:\/\/radioljubuski.ba\/wp-content\/uploads\/2021\/08\/4f4457dc237328272dc762df0901c288_XL.jpg","contentUrl":"https:\/\/radioljubuski.ba\/wp-content\/uploads\/2021\/08\/4f4457dc237328272dc762df0901c288_XL.jpg","width":1000,"height":600},{"@type":"BreadcrumbList","@id":"https:\/\/radioljubuski.ba\/index.php\/2021\/08\/14\/stablina-pobjednik-24-maratona-lada\/#breadcrumb","itemListElement":[{"@type":"ListItem","position":1,"name":"Po\u010detna stranica","item":"https:\/\/radioljubuski.ba\/"},{"@type":"ListItem","position":2,"name":"Stablina pobjednik 24. Maratona la\u0111a"}]},{"@type":"WebSite","@id":"https:\/\/radioljubuski.ba\/#website","url":"https:\/\/radioljubuski.ba\/","name":"Radio Ljubu\u0161ki","description":"Sun\u010dana frekvencija Hercegovine","publisher":{"@id":"https:\/\/radioljubuski.ba\/#organization"},"potentialAction":[{"@type":"SearchAction","target":{"@type":"EntryPoint","urlTemplate":"https:\/\/radioljubuski.ba\/?s={search_term_string}"},"query-input":{"@type":"PropertyValueSpecification","valueRequired":true,"valueName":"search_term_string"}}],"inLanguage":"hr"},{"@type":"Organization","@id":"https:\/\/radioljubuski.ba\/#organization","name":"Radio Ljubu\u0161ki","url":"https:\/\/radioljubuski.ba\/","logo":{"@type":"ImageObject","inLanguage":"hr","@id":"https:\/\/radioljubuski.ba\/#\/schema\/logo\/image\/","url":"https:\/\/radioljubuski.ba\/wp-content\/uploads\/2021\/02\/cropped-Radio_Ljubuski_logo1.jpg","contentUrl":"https:\/\/radioljubuski.ba\/wp-content\/uploads\/2021\/02\/cropped-Radio_Ljubuski_logo1.jpg","width":512,"height":512,"caption":"Radio Ljubu\u0161ki"},"image":{"@id":"https:\/\/radioljubuski.ba\/#\/schema\/logo\/image\/"},"sameAs":["https:\/\/www.facebook.com\/Radiio-Ljubuski-1490835324566332","https:\/\/x.com\/radioljubuski","https:\/\/hr.linkedin.com\/company\/radio-ljubuski","https:\/\/www.youtube.com\/channel\/UCHYaeO_n0Db3tjNGudGpXyw"]},{"@type":"Person","@id":"https:\/\/radioljubuski.ba\/#\/schema\/person\/19fc700381a780f69665d7956c469e3b","name":"Radio Ljubu\u0161ki"}]}},"_links":{"self":[{"href":"https:\/\/radioljubuski.ba\/index.php\/wp-json\/wp\/v2\/posts\/53426","targetHints":{"allow":["GET"]}}],"collection":[{"href":"https:\/\/radioljubuski.ba\/index.php\/wp-json\/wp\/v2\/posts"}],"about":[{"href":"https:\/\/radioljubuski.ba\/index.php\/wp-json\/wp\/v2\/types\/post"}],"author":[{"embeddable":true,"href":"https:\/\/radioljubuski.ba\/index.php\/wp-json\/wp\/v2\/users\/2"}],"replies":[{"embeddable":true,"href":"https:\/\/radioljubuski.ba\/index.php\/wp-json\/wp\/v2\/comments?post=53426"}],"version-history":[{"count":1,"href":"https:\/\/radioljubuski.ba\/index.php\/wp-json\/wp\/v2\/posts\/53426\/revisions"}],"predecessor-version":[{"id":53428,"href":"https:\/\/radioljubuski.ba\/index.php\/wp-json\/wp\/v2\/posts\/53426\/revisions\/53428"}],"wp:featuredmedia":[{"embeddable":true,"href":"https:\/\/radioljubuski.ba\/index.php\/wp-json\/wp\/v2\/media\/53427"}],"wp:attachment":[{"href":"https:\/\/radioljubuski.ba\/index.php\/wp-json\/wp\/v2\/media?parent=53426"}],"wp:term":[{"taxonomy":"category","embeddable":true,"href":"https:\/\/radioljubuski.ba\/index.php\/wp-json\/wp\/v2\/categories?post=53426"},{"taxonomy":"post_tag","embeddable":true,"href":"https:\/\/radioljubuski.ba\/index.php\/wp-json\/wp\/v2\/tags?post=53426"}],"curies":[{"name":"wp","href":"https:\/\/api.w.org\/{rel}","templated":true}]}}