{"id":53429,"date":"2021-08-14T23:43:48","date_gmt":"2021-08-14T22:43:48","guid":{"rendered":"https:\/\/radioljubuski.ba\/?p=53429"},"modified":"2021-08-14T23:43:49","modified_gmt":"2021-08-14T22:43:49","slug":"iz-livna-do-cetinske-krajine-kao-od-sale-izbornik-dalic-propjesacio-50-kilometara-do-gospe-sinjske","status":"publish","type":"post","link":"https:\/\/radioljubuski.ba\/index.php\/2021\/08\/14\/iz-livna-do-cetinske-krajine-kao-od-sale-izbornik-dalic-propjesacio-50-kilometara-do-gospe-sinjske\/","title":{"rendered":"Iz Livna do Cetinske krajine kao od \u0161ale: Izbornik Dali\u0107 propje\u0161a\u010dio 50 kilometara do Gospe Sinjske"},"content":{"rendered":"\n<p>Ovih dana svi putevi vode u Gospina sveti\u0161ta, a u onom najpoznatijem u Dalmaciji \u2013 u Sinju, srela su se dva velikana \u2013 izbornik hrvatske nogometne reprezentacije Zlatko Dali\u0107 i voditelj klape HRM-a Sveti Juraj Marko Brali\u0107.<\/p>\n\n\n\n<p>Gospi Sinjskoj u pohode Dali\u0107 je dopje\u0161a\u010dio iz rodnog Livna udaljenog od sveti\u0161ta 50 kilometara, dokazav\u0161i da je u dobroj formi, a Marko Brali\u0107 iz Ka\u0161tela je s obitelji stigao Gospi zahvaliti za sve milosti kojima ga je podarila Majka Bo\u017eja.<\/p>\n\n\n\n<p>Obojica dobro raspolo\u017eena, preplanula i odmorna kao da nisu hodali pje\u0161ice cijelu no\u0107 obradovala su se susretu kod Gospe. Dali\u0107 je jedan od rijetkih visokopozicioniranih Hrvata koji nikada nije skrivao svoju vjeru ni pripadnost Katoli\u010dkoj crkvi. Sam je rekao kako na utakmicama hrvatske reprezentacije, uvijek u d\u017eepu nosi krunicu. A kad su zdravi i spremni na\u0161i Vatreni, \u0161to ima bolje od Gospina zagovora uo\u010di jesenskih kvalifikacijskih utakmica na\u0161e reprezentacije za Svjetsko prvenstvo u Kataru! Jo\u0161 u nama \u017eivi finale na SP-u u Rusiji 2018. godine kad su nam Vatreni podarili toliko radosti! Kad je euforija viceprvaka svijeta bacila u kolektivni trans cijelu naciju&#8230;<\/p>\n\n\n\n<p>Vjeru svoju ne skriva ni Marko Brali\u0107, koji ve\u0107 20 godina vodi klapu Sveti Juraj, nastalu zbog potrebe slu\u017ebenog predstavljanja Hrvatske na vojnom hodo\u010da\u0161\u0107u Gospi Lurdskoj u Francuskoj. Mnoge njihove pjesme posve\u0107ene su upravo Gospi, pa onda i ne \u010dudi susret dvojice mu\u0161ketira koji su dan uo\u010di blagdana Velike Gospe, odnosno Uznesenja Bla\u017eene Djevice Marije na Nebo, stigli Gospi Sinjskoj u znak zahvale za sve primljene milosti uz neizostavnu molitvu Majci Bo\u017ejoj za zdravlje i trajnu za\u0161titu.<\/p>\n\n\n\n<p><strong>PI\u0160E&nbsp;<\/strong>SNJE\u017dANA \u0160ETKA\/slobodnadalmacija.hr<\/p>\n","protected":false},"excerpt":{"rendered":"<p>Ovih dana svi putevi vode u Gospina sveti\u0161ta, a u onom najpoznatijem u Dalmaciji \u2013 u Sinju, srela su se dva velikana \u2013 izbornik hrvatske nogometne reprezentacije Zlatko Dali\u0107 i voditelj klape HRM-a Sveti Juraj Marko Brali\u0107. Gospi Sinjskoj u pohode Dali\u0107 je dopje\u0161a\u010dio iz rodnog Livna udaljenog od sveti\u0161ta 50 kilometara, dokazav\u0161i da je [&hellip;]<\/p>\n","protected":false},"author":2,"featured_media":53430,"comment_status":"closed","ping_status":"closed","sticky":false,"template":"","format":"standard","meta":{"h5ap_radio_sources":[],"footnotes":""},"categories":[7],"tags":[],"class_list":["post-53429","post","type-post","status-publish","format-standard","has-post-thumbnail","hentry","category-sport"],"yoast_head":"<!-- This site is optimized with the Yoast SEO plugin v27.4 - https:\/\/yoast.com\/product\/yoast-seo-wordpress\/ -->\n<title>Iz Livna do Cetinske krajine kao od \u0161ale: Izbornik Dali\u0107 propje\u0161a\u010dio 50 kilometara do Gospe Sinjske - RADIO LJUBU\u0160KI<\/title>\n<meta name=\"robots\" content=\"index, follow, max-snippet:-1, max-image-preview:large, max-video-preview:-1\" \/>\n<link rel=\"canonical\" href=\"https:\/\/radioljubuski.ba\/index.php\/2021\/08\/14\/iz-livna-do-cetinske-krajine-kao-od-sale-izbornik-dalic-propjesacio-50-kilometara-do-gospe-sinjske\/\" \/>\n<meta property=\"og:locale\" content=\"hr_HR\" \/>\n<meta property=\"og:type\" content=\"article\" \/>\n<meta property=\"og:title\" content=\"Iz Livna do Cetinske krajine kao od \u0161ale: Izbornik Dali\u0107 propje\u0161a\u010dio 50 kilometara do Gospe Sinjske - RADIO LJUBU\u0160KI\" \/>\n<meta property=\"og:description\" content=\"Ovih dana svi putevi vode u Gospina sveti\u0161ta, a u onom najpoznatijem u Dalmaciji \u2013 u Sinju, srela su se dva velikana \u2013 izbornik hrvatske nogometne reprezentacije Zlatko Dali\u0107 i voditelj klape HRM-a Sveti Juraj Marko Brali\u0107. Gospi Sinjskoj u pohode Dali\u0107 je dopje\u0161a\u010dio iz rodnog Livna udaljenog od sveti\u0161ta 50 kilometara, dokazav\u0161i da je [&hellip;]\" \/>\n<meta property=\"og:url\" content=\"https:\/\/radioljubuski.ba\/index.php\/2021\/08\/14\/iz-livna-do-cetinske-krajine-kao-od-sale-izbornik-dalic-propjesacio-50-kilometara-do-gospe-sinjske\/\" \/>\n<meta property=\"og:site_name\" content=\"RADIO LJUBU\u0160KI\" \/>\n<meta property=\"article:publisher\" content=\"https:\/\/www.facebook.com\/Radiio-Ljubuski-1490835324566332\" \/>\n<meta property=\"article:published_time\" content=\"2021-08-14T22:43:48+00:00\" \/>\n<meta property=\"article:modified_time\" content=\"2021-08-14T22:43:49+00:00\" \/>\n<meta property=\"og:image\" content=\"https:\/\/radioljubuski.ba\/wp-content\/uploads\/2021\/08\/o_19007786_1024.jpg\" \/>\n\t<meta property=\"og:image:width\" content=\"1024\" \/>\n\t<meta property=\"og:image:height\" content=\"576\" \/>\n\t<meta property=\"og:image:type\" content=\"image\/jpeg\" \/>\n<meta name=\"author\" content=\"Radio Ljubu\u0161ki\" \/>\n<meta name=\"twitter:card\" content=\"summary_large_image\" \/>\n<meta name=\"twitter:creator\" content=\"@radioljubuski\" \/>\n<meta name=\"twitter:site\" content=\"@radioljubuski\" \/>\n<meta name=\"twitter:label1\" content=\"Napisao\/la\" \/>\n\t<meta name=\"twitter:data1\" content=\"Radio Ljubu\u0161ki\" \/>\n\t<meta name=\"twitter:label2\" content=\"Procijenjeno vrijeme \u010ditanja\" \/>\n\t<meta name=\"twitter:data2\" content=\"2 minute\" \/>\n<script type=\"application\/ld+json\" class=\"yoast-schema-graph\">{\"@context\":\"https:\\\/\\\/schema.org\",\"@graph\":[{\"@type\":\"Article\",\"@id\":\"https:\\\/\\\/radioljubuski.ba\\\/index.php\\\/2021\\\/08\\\/14\\\/iz-livna-do-cetinske-krajine-kao-od-sale-izbornik-dalic-propjesacio-50-kilometara-do-gospe-sinjske\\\/#article\",\"isPartOf\":{\"@id\":\"https:\\\/\\\/radioljubuski.ba\\\/index.php\\\/2021\\\/08\\\/14\\\/iz-livna-do-cetinske-krajine-kao-od-sale-izbornik-dalic-propjesacio-50-kilometara-do-gospe-sinjske\\\/\"},\"author\":{\"name\":\"Radio Ljubu\u0161ki\",\"@id\":\"https:\\\/\\\/radioljubuski.ba\\\/#\\\/schema\\\/person\\\/19fc700381a780f69665d7956c469e3b\"},\"headline\":\"Iz Livna do Cetinske krajine kao od \u0161ale: Izbornik Dali\u0107 propje\u0161a\u010dio 50 kilometara do Gospe Sinjske\",\"datePublished\":\"2021-08-14T22:43:48+00:00\",\"dateModified\":\"2021-08-14T22:43:49+00:00\",\"mainEntityOfPage\":{\"@id\":\"https:\\\/\\\/radioljubuski.ba\\\/index.php\\\/2021\\\/08\\\/14\\\/iz-livna-do-cetinske-krajine-kao-od-sale-izbornik-dalic-propjesacio-50-kilometara-do-gospe-sinjske\\\/\"},\"wordCount\":301,\"publisher\":{\"@id\":\"https:\\\/\\\/radioljubuski.ba\\\/#organization\"},\"image\":{\"@id\":\"https:\\\/\\\/radioljubuski.ba\\\/index.php\\\/2021\\\/08\\\/14\\\/iz-livna-do-cetinske-krajine-kao-od-sale-izbornik-dalic-propjesacio-50-kilometara-do-gospe-sinjske\\\/#primaryimage\"},\"thumbnailUrl\":\"https:\\\/\\\/radioljubuski.ba\\\/wp-content\\\/uploads\\\/2021\\\/08\\\/o_19007786_1024.jpg\",\"articleSection\":[\"\u0160port\"],\"inLanguage\":\"hr\"},{\"@type\":\"WebPage\",\"@id\":\"https:\\\/\\\/radioljubuski.ba\\\/index.php\\\/2021\\\/08\\\/14\\\/iz-livna-do-cetinske-krajine-kao-od-sale-izbornik-dalic-propjesacio-50-kilometara-do-gospe-sinjske\\\/\",\"url\":\"https:\\\/\\\/radioljubuski.ba\\\/index.php\\\/2021\\\/08\\\/14\\\/iz-livna-do-cetinske-krajine-kao-od-sale-izbornik-dalic-propjesacio-50-kilometara-do-gospe-sinjske\\\/\",\"name\":\"Iz Livna do Cetinske krajine kao od \u0161ale: Izbornik Dali\u0107 propje\u0161a\u010dio 50 kilometara do Gospe Sinjske - RADIO LJUBU\u0160KI\",\"isPartOf\":{\"@id\":\"https:\\\/\\\/radioljubuski.ba\\\/#website\"},\"primaryImageOfPage\":{\"@id\":\"https:\\\/\\\/radioljubuski.ba\\\/index.php\\\/2021\\\/08\\\/14\\\/iz-livna-do-cetinske-krajine-kao-od-sale-izbornik-dalic-propjesacio-50-kilometara-do-gospe-sinjske\\\/#primaryimage\"},\"image\":{\"@id\":\"https:\\\/\\\/radioljubuski.ba\\\/index.php\\\/2021\\\/08\\\/14\\\/iz-livna-do-cetinske-krajine-kao-od-sale-izbornik-dalic-propjesacio-50-kilometara-do-gospe-sinjske\\\/#primaryimage\"},\"thumbnailUrl\":\"https:\\\/\\\/radioljubuski.ba\\\/wp-content\\\/uploads\\\/2021\\\/08\\\/o_19007786_1024.jpg\",\"datePublished\":\"2021-08-14T22:43:48+00:00\",\"dateModified\":\"2021-08-14T22:43:49+00:00\",\"breadcrumb\":{\"@id\":\"https:\\\/\\\/radioljubuski.ba\\\/index.php\\\/2021\\\/08\\\/14\\\/iz-livna-do-cetinske-krajine-kao-od-sale-izbornik-dalic-propjesacio-50-kilometara-do-gospe-sinjske\\\/#breadcrumb\"},\"inLanguage\":\"hr\",\"potentialAction\":[{\"@type\":\"ReadAction\",\"target\":[\"https:\\\/\\\/radioljubuski.ba\\\/index.php\\\/2021\\\/08\\\/14\\\/iz-livna-do-cetinske-krajine-kao-od-sale-izbornik-dalic-propjesacio-50-kilometara-do-gospe-sinjske\\\/\"]}]},{\"@type\":\"ImageObject\",\"inLanguage\":\"hr\",\"@id\":\"https:\\\/\\\/radioljubuski.ba\\\/index.php\\\/2021\\\/08\\\/14\\\/iz-livna-do-cetinske-krajine-kao-od-sale-izbornik-dalic-propjesacio-50-kilometara-do-gospe-sinjske\\\/#primaryimage\",\"url\":\"https:\\\/\\\/radioljubuski.ba\\\/wp-content\\\/uploads\\\/2021\\\/08\\\/o_19007786_1024.jpg\",\"contentUrl\":\"https:\\\/\\\/radioljubuski.ba\\\/wp-content\\\/uploads\\\/2021\\\/08\\\/o_19007786_1024.jpg\",\"width\":1024,\"height\":576},{\"@type\":\"BreadcrumbList\",\"@id\":\"https:\\\/\\\/radioljubuski.ba\\\/index.php\\\/2021\\\/08\\\/14\\\/iz-livna-do-cetinske-krajine-kao-od-sale-izbornik-dalic-propjesacio-50-kilometara-do-gospe-sinjske\\\/#breadcrumb\",\"itemListElement\":[{\"@type\":\"ListItem\",\"position\":1,\"name\":\"Po\u010detna stranica\",\"item\":\"https:\\\/\\\/radioljubuski.ba\\\/\"},{\"@type\":\"ListItem\",\"position\":2,\"name\":\"Iz Livna do Cetinske krajine kao od \u0161ale: Izbornik Dali\u0107 propje\u0161a\u010dio 50 kilometara do Gospe Sinjske\"}]},{\"@type\":\"WebSite\",\"@id\":\"https:\\\/\\\/radioljubuski.ba\\\/#website\",\"url\":\"https:\\\/\\\/radioljubuski.ba\\\/\",\"name\":\"Radio Ljubu\u0161ki\",\"description\":\"Sun\u010dana frekvencija Hercegovine\",\"publisher\":{\"@id\":\"https:\\\/\\\/radioljubuski.ba\\\/#organization\"},\"potentialAction\":[{\"@type\":\"SearchAction\",\"target\":{\"@type\":\"EntryPoint\",\"urlTemplate\":\"https:\\\/\\\/radioljubuski.ba\\\/?s={search_term_string}\"},\"query-input\":{\"@type\":\"PropertyValueSpecification\",\"valueRequired\":true,\"valueName\":\"search_term_string\"}}],\"inLanguage\":\"hr\"},{\"@type\":\"Organization\",\"@id\":\"https:\\\/\\\/radioljubuski.ba\\\/#organization\",\"name\":\"Radio Ljubu\u0161ki\",\"url\":\"https:\\\/\\\/radioljubuski.ba\\\/\",\"logo\":{\"@type\":\"ImageObject\",\"inLanguage\":\"hr\",\"@id\":\"https:\\\/\\\/radioljubuski.ba\\\/#\\\/schema\\\/logo\\\/image\\\/\",\"url\":\"https:\\\/\\\/radioljubuski.ba\\\/wp-content\\\/uploads\\\/2021\\\/02\\\/cropped-Radio_Ljubuski_logo1.jpg\",\"contentUrl\":\"https:\\\/\\\/radioljubuski.ba\\\/wp-content\\\/uploads\\\/2021\\\/02\\\/cropped-Radio_Ljubuski_logo1.jpg\",\"width\":512,\"height\":512,\"caption\":\"Radio Ljubu\u0161ki\"},\"image\":{\"@id\":\"https:\\\/\\\/radioljubuski.ba\\\/#\\\/schema\\\/logo\\\/image\\\/\"},\"sameAs\":[\"https:\\\/\\\/www.facebook.com\\\/Radiio-Ljubuski-1490835324566332\",\"https:\\\/\\\/x.com\\\/radioljubuski\",\"https:\\\/\\\/hr.linkedin.com\\\/company\\\/radio-ljubuski\",\"https:\\\/\\\/www.youtube.com\\\/channel\\\/UCHYaeO_n0Db3tjNGudGpXyw\"]},{\"@type\":\"Person\",\"@id\":\"https:\\\/\\\/radioljubuski.ba\\\/#\\\/schema\\\/person\\\/19fc700381a780f69665d7956c469e3b\",\"name\":\"Radio Ljubu\u0161ki\"}]}<\/script>\n<!-- \/ Yoast SEO plugin. -->","yoast_head_json":{"title":"Iz Livna do Cetinske krajine kao od \u0161ale: Izbornik Dali\u0107 propje\u0161a\u010dio 50 kilometara do Gospe Sinjske - RADIO LJUBU\u0160KI","robots":{"index":"index","follow":"follow","max-snippet":"max-snippet:-1","max-image-preview":"max-image-preview:large","max-video-preview":"max-video-preview:-1"},"canonical":"https:\/\/radioljubuski.ba\/index.php\/2021\/08\/14\/iz-livna-do-cetinske-krajine-kao-od-sale-izbornik-dalic-propjesacio-50-kilometara-do-gospe-sinjske\/","og_locale":"hr_HR","og_type":"article","og_title":"Iz Livna do Cetinske krajine kao od \u0161ale: Izbornik Dali\u0107 propje\u0161a\u010dio 50 kilometara do Gospe Sinjske - RADIO LJUBU\u0160KI","og_description":"Ovih dana svi putevi vode u Gospina sveti\u0161ta, a u onom najpoznatijem u Dalmaciji \u2013 u Sinju, srela su se dva velikana \u2013 izbornik hrvatske nogometne reprezentacije Zlatko Dali\u0107 i voditelj klape HRM-a Sveti Juraj Marko Brali\u0107. Gospi Sinjskoj u pohode Dali\u0107 je dopje\u0161a\u010dio iz rodnog Livna udaljenog od sveti\u0161ta 50 kilometara, dokazav\u0161i da je [&hellip;]","og_url":"https:\/\/radioljubuski.ba\/index.php\/2021\/08\/14\/iz-livna-do-cetinske-krajine-kao-od-sale-izbornik-dalic-propjesacio-50-kilometara-do-gospe-sinjske\/","og_site_name":"RADIO LJUBU\u0160KI","article_publisher":"https:\/\/www.facebook.com\/Radiio-Ljubuski-1490835324566332","article_published_time":"2021-08-14T22:43:48+00:00","article_modified_time":"2021-08-14T22:43:49+00:00","og_image":[{"width":1024,"height":576,"url":"https:\/\/radioljubuski.ba\/wp-content\/uploads\/2021\/08\/o_19007786_1024.jpg","type":"image\/jpeg"}],"author":"Radio Ljubu\u0161ki","twitter_card":"summary_large_image","twitter_creator":"@radioljubuski","twitter_site":"@radioljubuski","twitter_misc":{"Napisao\/la":"Radio Ljubu\u0161ki","Procijenjeno vrijeme \u010ditanja":"2 minute"},"schema":{"@context":"https:\/\/schema.org","@graph":[{"@type":"Article","@id":"https:\/\/radioljubuski.ba\/index.php\/2021\/08\/14\/iz-livna-do-cetinske-krajine-kao-od-sale-izbornik-dalic-propjesacio-50-kilometara-do-gospe-sinjske\/#article","isPartOf":{"@id":"https:\/\/radioljubuski.ba\/index.php\/2021\/08\/14\/iz-livna-do-cetinske-krajine-kao-od-sale-izbornik-dalic-propjesacio-50-kilometara-do-gospe-sinjske\/"},"author":{"name":"Radio Ljubu\u0161ki","@id":"https:\/\/radioljubuski.ba\/#\/schema\/person\/19fc700381a780f69665d7956c469e3b"},"headline":"Iz Livna do Cetinske krajine kao od \u0161ale: Izbornik Dali\u0107 propje\u0161a\u010dio 50 kilometara do Gospe Sinjske","datePublished":"2021-08-14T22:43:48+00:00","dateModified":"2021-08-14T22:43:49+00:00","mainEntityOfPage":{"@id":"https:\/\/radioljubuski.ba\/index.php\/2021\/08\/14\/iz-livna-do-cetinske-krajine-kao-od-sale-izbornik-dalic-propjesacio-50-kilometara-do-gospe-sinjske\/"},"wordCount":301,"publisher":{"@id":"https:\/\/radioljubuski.ba\/#organization"},"image":{"@id":"https:\/\/radioljubuski.ba\/index.php\/2021\/08\/14\/iz-livna-do-cetinske-krajine-kao-od-sale-izbornik-dalic-propjesacio-50-kilometara-do-gospe-sinjske\/#primaryimage"},"thumbnailUrl":"https:\/\/radioljubuski.ba\/wp-content\/uploads\/2021\/08\/o_19007786_1024.jpg","articleSection":["\u0160port"],"inLanguage":"hr"},{"@type":"WebPage","@id":"https:\/\/radioljubuski.ba\/index.php\/2021\/08\/14\/iz-livna-do-cetinske-krajine-kao-od-sale-izbornik-dalic-propjesacio-50-kilometara-do-gospe-sinjske\/","url":"https:\/\/radioljubuski.ba\/index.php\/2021\/08\/14\/iz-livna-do-cetinske-krajine-kao-od-sale-izbornik-dalic-propjesacio-50-kilometara-do-gospe-sinjske\/","name":"Iz Livna do Cetinske krajine kao od \u0161ale: Izbornik Dali\u0107 propje\u0161a\u010dio 50 kilometara do Gospe Sinjske - RADIO LJUBU\u0160KI","isPartOf":{"@id":"https:\/\/radioljubuski.ba\/#website"},"primaryImageOfPage":{"@id":"https:\/\/radioljubuski.ba\/index.php\/2021\/08\/14\/iz-livna-do-cetinske-krajine-kao-od-sale-izbornik-dalic-propjesacio-50-kilometara-do-gospe-sinjske\/#primaryimage"},"image":{"@id":"https:\/\/radioljubuski.ba\/index.php\/2021\/08\/14\/iz-livna-do-cetinske-krajine-kao-od-sale-izbornik-dalic-propjesacio-50-kilometara-do-gospe-sinjske\/#primaryimage"},"thumbnailUrl":"https:\/\/radioljubuski.ba\/wp-content\/uploads\/2021\/08\/o_19007786_1024.jpg","datePublished":"2021-08-14T22:43:48+00:00","dateModified":"2021-08-14T22:43:49+00:00","breadcrumb":{"@id":"https:\/\/radioljubuski.ba\/index.php\/2021\/08\/14\/iz-livna-do-cetinske-krajine-kao-od-sale-izbornik-dalic-propjesacio-50-kilometara-do-gospe-sinjske\/#breadcrumb"},"inLanguage":"hr","potentialAction":[{"@type":"ReadAction","target":["https:\/\/radioljubuski.ba\/index.php\/2021\/08\/14\/iz-livna-do-cetinske-krajine-kao-od-sale-izbornik-dalic-propjesacio-50-kilometara-do-gospe-sinjske\/"]}]},{"@type":"ImageObject","inLanguage":"hr","@id":"https:\/\/radioljubuski.ba\/index.php\/2021\/08\/14\/iz-livna-do-cetinske-krajine-kao-od-sale-izbornik-dalic-propjesacio-50-kilometara-do-gospe-sinjske\/#primaryimage","url":"https:\/\/radioljubuski.ba\/wp-content\/uploads\/2021\/08\/o_19007786_1024.jpg","contentUrl":"https:\/\/radioljubuski.ba\/wp-content\/uploads\/2021\/08\/o_19007786_1024.jpg","width":1024,"height":576},{"@type":"BreadcrumbList","@id":"https:\/\/radioljubuski.ba\/index.php\/2021\/08\/14\/iz-livna-do-cetinske-krajine-kao-od-sale-izbornik-dalic-propjesacio-50-kilometara-do-gospe-sinjske\/#breadcrumb","itemListElement":[{"@type":"ListItem","position":1,"name":"Po\u010detna stranica","item":"https:\/\/radioljubuski.ba\/"},{"@type":"ListItem","position":2,"name":"Iz Livna do Cetinske krajine kao od \u0161ale: Izbornik Dali\u0107 propje\u0161a\u010dio 50 kilometara do Gospe Sinjske"}]},{"@type":"WebSite","@id":"https:\/\/radioljubuski.ba\/#website","url":"https:\/\/radioljubuski.ba\/","name":"Radio Ljubu\u0161ki","description":"Sun\u010dana frekvencija Hercegovine","publisher":{"@id":"https:\/\/radioljubuski.ba\/#organization"},"potentialAction":[{"@type":"SearchAction","target":{"@type":"EntryPoint","urlTemplate":"https:\/\/radioljubuski.ba\/?s={search_term_string}"},"query-input":{"@type":"PropertyValueSpecification","valueRequired":true,"valueName":"search_term_string"}}],"inLanguage":"hr"},{"@type":"Organization","@id":"https:\/\/radioljubuski.ba\/#organization","name":"Radio Ljubu\u0161ki","url":"https:\/\/radioljubuski.ba\/","logo":{"@type":"ImageObject","inLanguage":"hr","@id":"https:\/\/radioljubuski.ba\/#\/schema\/logo\/image\/","url":"https:\/\/radioljubuski.ba\/wp-content\/uploads\/2021\/02\/cropped-Radio_Ljubuski_logo1.jpg","contentUrl":"https:\/\/radioljubuski.ba\/wp-content\/uploads\/2021\/02\/cropped-Radio_Ljubuski_logo1.jpg","width":512,"height":512,"caption":"Radio Ljubu\u0161ki"},"image":{"@id":"https:\/\/radioljubuski.ba\/#\/schema\/logo\/image\/"},"sameAs":["https:\/\/www.facebook.com\/Radiio-Ljubuski-1490835324566332","https:\/\/x.com\/radioljubuski","https:\/\/hr.linkedin.com\/company\/radio-ljubuski","https:\/\/www.youtube.com\/channel\/UCHYaeO_n0Db3tjNGudGpXyw"]},{"@type":"Person","@id":"https:\/\/radioljubuski.ba\/#\/schema\/person\/19fc700381a780f69665d7956c469e3b","name":"Radio Ljubu\u0161ki"}]}},"_links":{"self":[{"href":"https:\/\/radioljubuski.ba\/index.php\/wp-json\/wp\/v2\/posts\/53429","targetHints":{"allow":["GET"]}}],"collection":[{"href":"https:\/\/radioljubuski.ba\/index.php\/wp-json\/wp\/v2\/posts"}],"about":[{"href":"https:\/\/radioljubuski.ba\/index.php\/wp-json\/wp\/v2\/types\/post"}],"author":[{"embeddable":true,"href":"https:\/\/radioljubuski.ba\/index.php\/wp-json\/wp\/v2\/users\/2"}],"replies":[{"embeddable":true,"href":"https:\/\/radioljubuski.ba\/index.php\/wp-json\/wp\/v2\/comments?post=53429"}],"version-history":[{"count":1,"href":"https:\/\/radioljubuski.ba\/index.php\/wp-json\/wp\/v2\/posts\/53429\/revisions"}],"predecessor-version":[{"id":53431,"href":"https:\/\/radioljubuski.ba\/index.php\/wp-json\/wp\/v2\/posts\/53429\/revisions\/53431"}],"wp:featuredmedia":[{"embeddable":true,"href":"https:\/\/radioljubuski.ba\/index.php\/wp-json\/wp\/v2\/media\/53430"}],"wp:attachment":[{"href":"https:\/\/radioljubuski.ba\/index.php\/wp-json\/wp\/v2\/media?parent=53429"}],"wp:term":[{"taxonomy":"category","embeddable":true,"href":"https:\/\/radioljubuski.ba\/index.php\/wp-json\/wp\/v2\/categories?post=53429"},{"taxonomy":"post_tag","embeddable":true,"href":"https:\/\/radioljubuski.ba\/index.php\/wp-json\/wp\/v2\/tags?post=53429"}],"curies":[{"name":"wp","href":"https:\/\/api.w.org\/{rel}","templated":true}]}}