{"id":53638,"date":"2021-08-15T12:35:51","date_gmt":"2021-08-15T11:35:51","guid":{"rendered":"https:\/\/radioljubuski.ba\/?p=53638"},"modified":"2021-08-15T12:35:52","modified_gmt":"2021-08-15T11:35:52","slug":"vecer-hrvatskog-folkora-u-neumu-okupit-ce-oko-300-sudionika-iz-bih-i-regije","status":"publish","type":"post","link":"https:\/\/radioljubuski.ba\/index.php\/2021\/08\/15\/vecer-hrvatskog-folkora-u-neumu-okupit-ce-oko-300-sudionika-iz-bih-i-regije\/","title":{"rendered":"Ve\u010der hrvatskog folkora u Neumu okupit \u0107e oko 300 sudionika iz BiH i regije"},"content":{"rendered":"\n<p>Ve\u010der hrvatskog folklora, koja \u0107e se ve\u0107 trinaestu godinu zaredom odr\u017eati u Neumu, okupit \u0107e &nbsp;brojna kulturno- umjetni\u010dka dru\u0161tva iz BiH i regije, a odr\u017eat \u0107e se pod nazivom &#8216;Oj kamenu rodni moj&#8217;.<\/p>\n\n\n\n<p>Po rije\u010dima predsjednika i voditelja HKUD &#8220;Lind\u017eo&#8221; iz Neuma Zlatka Glavini\u0107a, na manifestaciji se o\u010dekuje oko 300 sudionika, a svoje u\u010de\u0161\u0107e najavila su kulturna dru\u0161tva i skupine iz Gevgelije, Subotice, Ivani\u0107-Grada, Knina, \u0160irokog Brijega, \u010capljine, Neuma i Metkovi\u0107a.<\/p>\n\n\n\n<p>Kako je istakao, ovo je doga\u0111aj kojim se njeguje tradicija hrvatskog i hercegova\u010dkog kraja i obi\u010daja.<\/p>\n\n\n\n<p>&nbsp;&#8211; Manifestacijom \u017eelimo da upotpunimo kulturnu i turisti\u010dku ponudu Neuma, a njen zna\u010daj je i u o\u010duvanju tradicije neumskog kraja te saradnji s drugim dru\u0161tvima, razmjeni prijateljstava, kulturnih dobara i sli\u010dno &#8211; kazao je Glavini\u0107 za Fenu.<\/p>\n\n\n\n<p>&nbsp;Jedan od mnogih ciljeva doga\u0111aja je, kako je dodao, da se zna \u0161to je radost, \u0161to je veselje, kako se ljudi vesele i \u017eive, da nisu uvijek pod nekakvim pritiskom, te nastojati tu pozitivnu energiju i pri\u010du \u0161iriti dalje.<\/p>\n\n\n\n<p>&nbsp;&#8211; Jedan od ciljeva je i privu\u0107i mladost, da se upoznaju sa svojom kulturom i tradicijom, da se zna kako smo se nekad radovali i kako smo \u017eivjeli- naglasio je Glavini\u0107.<\/p>\n\n\n\n<p>Ve\u010der hrvatskog folklora &#8220;Oj kamenu rodni moj&#8221; odr\u017eat \u0107e se 21. augusta, a po\u010det \u0107e u 20 sati sve\u010danim defileom svih izvo\u0111a\u010da nakon kojeg \u0107e u 20.30 sati na pla\u017ei hotela Zenit biti odr\u017eani nastupi kulturno-umjetni\u010dkih dru\u0161tava.<\/p>\n\n\n\n<p>Posjetioci \u0107e mo\u0107i u\u017eivati u izvedbama Ma\u017eoretkinja iz Neuma, neumskog HKUD-a Lind\u017eo, Gradske glazbe iz Metkovi\u0107a, HKUD-a Hutovo iz Hutova, HKC-a Bunjeva\u010dko kolo iz Subotice, \u017dVS Ive iz Ivani\u0107 &#8211; Grada, Ansambla Bojmija iz Gevgelije, HKD-a Napredak iz Knina, HKUD-a Sveti Ante Dretelj iz \u010capljine, HKUD-a Hercegovac iz \u0160irokog Brijega a nastupit \u0107e i humorista Ivan Dela\u0161 iz Splita.<\/p>\n\n\n\n<p>Cjelokupni doga\u0111aj organizirao je HKUD &#8220;Lind\u017eo&#8221; iz Neuma, pod pokroviteljstvom Op\u0107ine Neum i u sklopu Neumskog ljeta.<\/p>\n\n\n\n<p>izvor:pogled.ba<\/p>\n","protected":false},"excerpt":{"rendered":"<p>Ve\u010der hrvatskog folklora, koja \u0107e se ve\u0107 trinaestu godinu zaredom odr\u017eati u Neumu, okupit \u0107e &nbsp;brojna kulturno- umjetni\u010dka dru\u0161tva iz BiH i regije, a odr\u017eat \u0107e se pod nazivom &#8216;Oj kamenu rodni moj&#8217;. Po rije\u010dima predsjednika i voditelja HKUD &#8220;Lind\u017eo&#8221; iz Neuma Zlatka Glavini\u0107a, na manifestaciji se o\u010dekuje oko 300 sudionika, a svoje u\u010de\u0161\u0107e najavila [&hellip;]<\/p>\n","protected":false},"author":2,"featured_media":53639,"comment_status":"closed","ping_status":"closed","sticky":false,"template":"","format":"standard","meta":{"h5ap_radio_sources":[],"footnotes":""},"categories":[1],"tags":[],"class_list":["post-53638","post","type-post","status-publish","format-standard","has-post-thumbnail","hentry","category-bihiregija"],"yoast_head":"<!-- This site is optimized with the Yoast SEO plugin v27.4 - https:\/\/yoast.com\/product\/yoast-seo-wordpress\/ -->\n<title>Ve\u010der hrvatskog folkora u Neumu okupit \u0107e oko 300 sudionika iz BiH i regije - RADIO LJUBU\u0160KI<\/title>\n<meta name=\"robots\" content=\"index, follow, max-snippet:-1, max-image-preview:large, max-video-preview:-1\" \/>\n<link rel=\"canonical\" href=\"https:\/\/radioljubuski.ba\/index.php\/2021\/08\/15\/vecer-hrvatskog-folkora-u-neumu-okupit-ce-oko-300-sudionika-iz-bih-i-regije\/\" \/>\n<meta property=\"og:locale\" content=\"hr_HR\" \/>\n<meta property=\"og:type\" content=\"article\" \/>\n<meta property=\"og:title\" content=\"Ve\u010der hrvatskog folkora u Neumu okupit \u0107e oko 300 sudionika iz BiH i regije - RADIO LJUBU\u0160KI\" \/>\n<meta property=\"og:description\" content=\"Ve\u010der hrvatskog folklora, koja \u0107e se ve\u0107 trinaestu godinu zaredom odr\u017eati u Neumu, okupit \u0107e &nbsp;brojna kulturno- umjetni\u010dka dru\u0161tva iz BiH i regije, a odr\u017eat \u0107e se pod nazivom &#8216;Oj kamenu rodni moj&#8217;. Po rije\u010dima predsjednika i voditelja HKUD &#8220;Lind\u017eo&#8221; iz Neuma Zlatka Glavini\u0107a, na manifestaciji se o\u010dekuje oko 300 sudionika, a svoje u\u010de\u0161\u0107e najavila [&hellip;]\" \/>\n<meta property=\"og:url\" content=\"https:\/\/radioljubuski.ba\/index.php\/2021\/08\/15\/vecer-hrvatskog-folkora-u-neumu-okupit-ce-oko-300-sudionika-iz-bih-i-regije\/\" \/>\n<meta property=\"og:site_name\" content=\"RADIO LJUBU\u0160KI\" \/>\n<meta property=\"article:publisher\" content=\"https:\/\/www.facebook.com\/Radiio-Ljubuski-1490835324566332\" \/>\n<meta property=\"article:published_time\" content=\"2021-08-15T11:35:51+00:00\" \/>\n<meta property=\"article:modified_time\" content=\"2021-08-15T11:35:52+00:00\" \/>\n<meta property=\"og:image\" content=\"https:\/\/radioljubuski.ba\/wp-content\/uploads\/2021\/08\/8-2021-08-15-11-28-47-lindjo-neum.jpg\" \/>\n\t<meta property=\"og:image:width\" content=\"1000\" \/>\n\t<meta property=\"og:image:height\" content=\"625\" \/>\n\t<meta property=\"og:image:type\" content=\"image\/jpeg\" \/>\n<meta name=\"author\" content=\"Radio Ljubu\u0161ki\" \/>\n<meta name=\"twitter:card\" content=\"summary_large_image\" \/>\n<meta name=\"twitter:creator\" content=\"@radioljubuski\" \/>\n<meta name=\"twitter:site\" content=\"@radioljubuski\" \/>\n<meta name=\"twitter:label1\" content=\"Napisao\/la\" \/>\n\t<meta name=\"twitter:data1\" content=\"Radio Ljubu\u0161ki\" \/>\n\t<meta name=\"twitter:label2\" content=\"Procijenjeno vrijeme \u010ditanja\" \/>\n\t<meta name=\"twitter:data2\" content=\"2 minute\" \/>\n<script type=\"application\/ld+json\" class=\"yoast-schema-graph\">{\"@context\":\"https:\\\/\\\/schema.org\",\"@graph\":[{\"@type\":\"Article\",\"@id\":\"https:\\\/\\\/radioljubuski.ba\\\/index.php\\\/2021\\\/08\\\/15\\\/vecer-hrvatskog-folkora-u-neumu-okupit-ce-oko-300-sudionika-iz-bih-i-regije\\\/#article\",\"isPartOf\":{\"@id\":\"https:\\\/\\\/radioljubuski.ba\\\/index.php\\\/2021\\\/08\\\/15\\\/vecer-hrvatskog-folkora-u-neumu-okupit-ce-oko-300-sudionika-iz-bih-i-regije\\\/\"},\"author\":{\"name\":\"Radio Ljubu\u0161ki\",\"@id\":\"https:\\\/\\\/radioljubuski.ba\\\/#\\\/schema\\\/person\\\/19fc700381a780f69665d7956c469e3b\"},\"headline\":\"Ve\u010der hrvatskog folkora u Neumu okupit \u0107e oko 300 sudionika iz BiH i regije\",\"datePublished\":\"2021-08-15T11:35:51+00:00\",\"dateModified\":\"2021-08-15T11:35:52+00:00\",\"mainEntityOfPage\":{\"@id\":\"https:\\\/\\\/radioljubuski.ba\\\/index.php\\\/2021\\\/08\\\/15\\\/vecer-hrvatskog-folkora-u-neumu-okupit-ce-oko-300-sudionika-iz-bih-i-regije\\\/\"},\"wordCount\":368,\"publisher\":{\"@id\":\"https:\\\/\\\/radioljubuski.ba\\\/#organization\"},\"image\":{\"@id\":\"https:\\\/\\\/radioljubuski.ba\\\/index.php\\\/2021\\\/08\\\/15\\\/vecer-hrvatskog-folkora-u-neumu-okupit-ce-oko-300-sudionika-iz-bih-i-regije\\\/#primaryimage\"},\"thumbnailUrl\":\"https:\\\/\\\/radioljubuski.ba\\\/wp-content\\\/uploads\\\/2021\\\/08\\\/8-2021-08-15-11-28-47-lindjo-neum.jpg\",\"articleSection\":[\"BIH i regija\"],\"inLanguage\":\"hr\"},{\"@type\":\"WebPage\",\"@id\":\"https:\\\/\\\/radioljubuski.ba\\\/index.php\\\/2021\\\/08\\\/15\\\/vecer-hrvatskog-folkora-u-neumu-okupit-ce-oko-300-sudionika-iz-bih-i-regije\\\/\",\"url\":\"https:\\\/\\\/radioljubuski.ba\\\/index.php\\\/2021\\\/08\\\/15\\\/vecer-hrvatskog-folkora-u-neumu-okupit-ce-oko-300-sudionika-iz-bih-i-regije\\\/\",\"name\":\"Ve\u010der hrvatskog folkora u Neumu okupit \u0107e oko 300 sudionika iz BiH i regije - RADIO LJUBU\u0160KI\",\"isPartOf\":{\"@id\":\"https:\\\/\\\/radioljubuski.ba\\\/#website\"},\"primaryImageOfPage\":{\"@id\":\"https:\\\/\\\/radioljubuski.ba\\\/index.php\\\/2021\\\/08\\\/15\\\/vecer-hrvatskog-folkora-u-neumu-okupit-ce-oko-300-sudionika-iz-bih-i-regije\\\/#primaryimage\"},\"image\":{\"@id\":\"https:\\\/\\\/radioljubuski.ba\\\/index.php\\\/2021\\\/08\\\/15\\\/vecer-hrvatskog-folkora-u-neumu-okupit-ce-oko-300-sudionika-iz-bih-i-regije\\\/#primaryimage\"},\"thumbnailUrl\":\"https:\\\/\\\/radioljubuski.ba\\\/wp-content\\\/uploads\\\/2021\\\/08\\\/8-2021-08-15-11-28-47-lindjo-neum.jpg\",\"datePublished\":\"2021-08-15T11:35:51+00:00\",\"dateModified\":\"2021-08-15T11:35:52+00:00\",\"breadcrumb\":{\"@id\":\"https:\\\/\\\/radioljubuski.ba\\\/index.php\\\/2021\\\/08\\\/15\\\/vecer-hrvatskog-folkora-u-neumu-okupit-ce-oko-300-sudionika-iz-bih-i-regije\\\/#breadcrumb\"},\"inLanguage\":\"hr\",\"potentialAction\":[{\"@type\":\"ReadAction\",\"target\":[\"https:\\\/\\\/radioljubuski.ba\\\/index.php\\\/2021\\\/08\\\/15\\\/vecer-hrvatskog-folkora-u-neumu-okupit-ce-oko-300-sudionika-iz-bih-i-regije\\\/\"]}]},{\"@type\":\"ImageObject\",\"inLanguage\":\"hr\",\"@id\":\"https:\\\/\\\/radioljubuski.ba\\\/index.php\\\/2021\\\/08\\\/15\\\/vecer-hrvatskog-folkora-u-neumu-okupit-ce-oko-300-sudionika-iz-bih-i-regije\\\/#primaryimage\",\"url\":\"https:\\\/\\\/radioljubuski.ba\\\/wp-content\\\/uploads\\\/2021\\\/08\\\/8-2021-08-15-11-28-47-lindjo-neum.jpg\",\"contentUrl\":\"https:\\\/\\\/radioljubuski.ba\\\/wp-content\\\/uploads\\\/2021\\\/08\\\/8-2021-08-15-11-28-47-lindjo-neum.jpg\",\"width\":1000,\"height\":625},{\"@type\":\"BreadcrumbList\",\"@id\":\"https:\\\/\\\/radioljubuski.ba\\\/index.php\\\/2021\\\/08\\\/15\\\/vecer-hrvatskog-folkora-u-neumu-okupit-ce-oko-300-sudionika-iz-bih-i-regije\\\/#breadcrumb\",\"itemListElement\":[{\"@type\":\"ListItem\",\"position\":1,\"name\":\"Po\u010detna stranica\",\"item\":\"https:\\\/\\\/radioljubuski.ba\\\/\"},{\"@type\":\"ListItem\",\"position\":2,\"name\":\"Ve\u010der hrvatskog folkora u Neumu okupit \u0107e oko 300 sudionika iz BiH i regije\"}]},{\"@type\":\"WebSite\",\"@id\":\"https:\\\/\\\/radioljubuski.ba\\\/#website\",\"url\":\"https:\\\/\\\/radioljubuski.ba\\\/\",\"name\":\"Radio Ljubu\u0161ki\",\"description\":\"Sun\u010dana frekvencija Hercegovine\",\"publisher\":{\"@id\":\"https:\\\/\\\/radioljubuski.ba\\\/#organization\"},\"potentialAction\":[{\"@type\":\"SearchAction\",\"target\":{\"@type\":\"EntryPoint\",\"urlTemplate\":\"https:\\\/\\\/radioljubuski.ba\\\/?s={search_term_string}\"},\"query-input\":{\"@type\":\"PropertyValueSpecification\",\"valueRequired\":true,\"valueName\":\"search_term_string\"}}],\"inLanguage\":\"hr\"},{\"@type\":\"Organization\",\"@id\":\"https:\\\/\\\/radioljubuski.ba\\\/#organization\",\"name\":\"Radio Ljubu\u0161ki\",\"url\":\"https:\\\/\\\/radioljubuski.ba\\\/\",\"logo\":{\"@type\":\"ImageObject\",\"inLanguage\":\"hr\",\"@id\":\"https:\\\/\\\/radioljubuski.ba\\\/#\\\/schema\\\/logo\\\/image\\\/\",\"url\":\"https:\\\/\\\/radioljubuski.ba\\\/wp-content\\\/uploads\\\/2021\\\/02\\\/cropped-Radio_Ljubuski_logo1.jpg\",\"contentUrl\":\"https:\\\/\\\/radioljubuski.ba\\\/wp-content\\\/uploads\\\/2021\\\/02\\\/cropped-Radio_Ljubuski_logo1.jpg\",\"width\":512,\"height\":512,\"caption\":\"Radio Ljubu\u0161ki\"},\"image\":{\"@id\":\"https:\\\/\\\/radioljubuski.ba\\\/#\\\/schema\\\/logo\\\/image\\\/\"},\"sameAs\":[\"https:\\\/\\\/www.facebook.com\\\/Radiio-Ljubuski-1490835324566332\",\"https:\\\/\\\/x.com\\\/radioljubuski\",\"https:\\\/\\\/hr.linkedin.com\\\/company\\\/radio-ljubuski\",\"https:\\\/\\\/www.youtube.com\\\/channel\\\/UCHYaeO_n0Db3tjNGudGpXyw\"]},{\"@type\":\"Person\",\"@id\":\"https:\\\/\\\/radioljubuski.ba\\\/#\\\/schema\\\/person\\\/19fc700381a780f69665d7956c469e3b\",\"name\":\"Radio Ljubu\u0161ki\"}]}<\/script>\n<!-- \/ Yoast SEO plugin. -->","yoast_head_json":{"title":"Ve\u010der hrvatskog folkora u Neumu okupit \u0107e oko 300 sudionika iz BiH i regije - RADIO LJUBU\u0160KI","robots":{"index":"index","follow":"follow","max-snippet":"max-snippet:-1","max-image-preview":"max-image-preview:large","max-video-preview":"max-video-preview:-1"},"canonical":"https:\/\/radioljubuski.ba\/index.php\/2021\/08\/15\/vecer-hrvatskog-folkora-u-neumu-okupit-ce-oko-300-sudionika-iz-bih-i-regije\/","og_locale":"hr_HR","og_type":"article","og_title":"Ve\u010der hrvatskog folkora u Neumu okupit \u0107e oko 300 sudionika iz BiH i regije - RADIO LJUBU\u0160KI","og_description":"Ve\u010der hrvatskog folklora, koja \u0107e se ve\u0107 trinaestu godinu zaredom odr\u017eati u Neumu, okupit \u0107e &nbsp;brojna kulturno- umjetni\u010dka dru\u0161tva iz BiH i regije, a odr\u017eat \u0107e se pod nazivom &#8216;Oj kamenu rodni moj&#8217;. Po rije\u010dima predsjednika i voditelja HKUD &#8220;Lind\u017eo&#8221; iz Neuma Zlatka Glavini\u0107a, na manifestaciji se o\u010dekuje oko 300 sudionika, a svoje u\u010de\u0161\u0107e najavila [&hellip;]","og_url":"https:\/\/radioljubuski.ba\/index.php\/2021\/08\/15\/vecer-hrvatskog-folkora-u-neumu-okupit-ce-oko-300-sudionika-iz-bih-i-regije\/","og_site_name":"RADIO LJUBU\u0160KI","article_publisher":"https:\/\/www.facebook.com\/Radiio-Ljubuski-1490835324566332","article_published_time":"2021-08-15T11:35:51+00:00","article_modified_time":"2021-08-15T11:35:52+00:00","og_image":[{"width":1000,"height":625,"url":"https:\/\/radioljubuski.ba\/wp-content\/uploads\/2021\/08\/8-2021-08-15-11-28-47-lindjo-neum.jpg","type":"image\/jpeg"}],"author":"Radio Ljubu\u0161ki","twitter_card":"summary_large_image","twitter_creator":"@radioljubuski","twitter_site":"@radioljubuski","twitter_misc":{"Napisao\/la":"Radio Ljubu\u0161ki","Procijenjeno vrijeme \u010ditanja":"2 minute"},"schema":{"@context":"https:\/\/schema.org","@graph":[{"@type":"Article","@id":"https:\/\/radioljubuski.ba\/index.php\/2021\/08\/15\/vecer-hrvatskog-folkora-u-neumu-okupit-ce-oko-300-sudionika-iz-bih-i-regije\/#article","isPartOf":{"@id":"https:\/\/radioljubuski.ba\/index.php\/2021\/08\/15\/vecer-hrvatskog-folkora-u-neumu-okupit-ce-oko-300-sudionika-iz-bih-i-regije\/"},"author":{"name":"Radio Ljubu\u0161ki","@id":"https:\/\/radioljubuski.ba\/#\/schema\/person\/19fc700381a780f69665d7956c469e3b"},"headline":"Ve\u010der hrvatskog folkora u Neumu okupit \u0107e oko 300 sudionika iz BiH i regije","datePublished":"2021-08-15T11:35:51+00:00","dateModified":"2021-08-15T11:35:52+00:00","mainEntityOfPage":{"@id":"https:\/\/radioljubuski.ba\/index.php\/2021\/08\/15\/vecer-hrvatskog-folkora-u-neumu-okupit-ce-oko-300-sudionika-iz-bih-i-regije\/"},"wordCount":368,"publisher":{"@id":"https:\/\/radioljubuski.ba\/#organization"},"image":{"@id":"https:\/\/radioljubuski.ba\/index.php\/2021\/08\/15\/vecer-hrvatskog-folkora-u-neumu-okupit-ce-oko-300-sudionika-iz-bih-i-regije\/#primaryimage"},"thumbnailUrl":"https:\/\/radioljubuski.ba\/wp-content\/uploads\/2021\/08\/8-2021-08-15-11-28-47-lindjo-neum.jpg","articleSection":["BIH i regija"],"inLanguage":"hr"},{"@type":"WebPage","@id":"https:\/\/radioljubuski.ba\/index.php\/2021\/08\/15\/vecer-hrvatskog-folkora-u-neumu-okupit-ce-oko-300-sudionika-iz-bih-i-regije\/","url":"https:\/\/radioljubuski.ba\/index.php\/2021\/08\/15\/vecer-hrvatskog-folkora-u-neumu-okupit-ce-oko-300-sudionika-iz-bih-i-regije\/","name":"Ve\u010der hrvatskog folkora u Neumu okupit \u0107e oko 300 sudionika iz BiH i regije - RADIO LJUBU\u0160KI","isPartOf":{"@id":"https:\/\/radioljubuski.ba\/#website"},"primaryImageOfPage":{"@id":"https:\/\/radioljubuski.ba\/index.php\/2021\/08\/15\/vecer-hrvatskog-folkora-u-neumu-okupit-ce-oko-300-sudionika-iz-bih-i-regije\/#primaryimage"},"image":{"@id":"https:\/\/radioljubuski.ba\/index.php\/2021\/08\/15\/vecer-hrvatskog-folkora-u-neumu-okupit-ce-oko-300-sudionika-iz-bih-i-regije\/#primaryimage"},"thumbnailUrl":"https:\/\/radioljubuski.ba\/wp-content\/uploads\/2021\/08\/8-2021-08-15-11-28-47-lindjo-neum.jpg","datePublished":"2021-08-15T11:35:51+00:00","dateModified":"2021-08-15T11:35:52+00:00","breadcrumb":{"@id":"https:\/\/radioljubuski.ba\/index.php\/2021\/08\/15\/vecer-hrvatskog-folkora-u-neumu-okupit-ce-oko-300-sudionika-iz-bih-i-regije\/#breadcrumb"},"inLanguage":"hr","potentialAction":[{"@type":"ReadAction","target":["https:\/\/radioljubuski.ba\/index.php\/2021\/08\/15\/vecer-hrvatskog-folkora-u-neumu-okupit-ce-oko-300-sudionika-iz-bih-i-regije\/"]}]},{"@type":"ImageObject","inLanguage":"hr","@id":"https:\/\/radioljubuski.ba\/index.php\/2021\/08\/15\/vecer-hrvatskog-folkora-u-neumu-okupit-ce-oko-300-sudionika-iz-bih-i-regije\/#primaryimage","url":"https:\/\/radioljubuski.ba\/wp-content\/uploads\/2021\/08\/8-2021-08-15-11-28-47-lindjo-neum.jpg","contentUrl":"https:\/\/radioljubuski.ba\/wp-content\/uploads\/2021\/08\/8-2021-08-15-11-28-47-lindjo-neum.jpg","width":1000,"height":625},{"@type":"BreadcrumbList","@id":"https:\/\/radioljubuski.ba\/index.php\/2021\/08\/15\/vecer-hrvatskog-folkora-u-neumu-okupit-ce-oko-300-sudionika-iz-bih-i-regije\/#breadcrumb","itemListElement":[{"@type":"ListItem","position":1,"name":"Po\u010detna stranica","item":"https:\/\/radioljubuski.ba\/"},{"@type":"ListItem","position":2,"name":"Ve\u010der hrvatskog folkora u Neumu okupit \u0107e oko 300 sudionika iz BiH i regije"}]},{"@type":"WebSite","@id":"https:\/\/radioljubuski.ba\/#website","url":"https:\/\/radioljubuski.ba\/","name":"Radio Ljubu\u0161ki","description":"Sun\u010dana frekvencija Hercegovine","publisher":{"@id":"https:\/\/radioljubuski.ba\/#organization"},"potentialAction":[{"@type":"SearchAction","target":{"@type":"EntryPoint","urlTemplate":"https:\/\/radioljubuski.ba\/?s={search_term_string}"},"query-input":{"@type":"PropertyValueSpecification","valueRequired":true,"valueName":"search_term_string"}}],"inLanguage":"hr"},{"@type":"Organization","@id":"https:\/\/radioljubuski.ba\/#organization","name":"Radio Ljubu\u0161ki","url":"https:\/\/radioljubuski.ba\/","logo":{"@type":"ImageObject","inLanguage":"hr","@id":"https:\/\/radioljubuski.ba\/#\/schema\/logo\/image\/","url":"https:\/\/radioljubuski.ba\/wp-content\/uploads\/2021\/02\/cropped-Radio_Ljubuski_logo1.jpg","contentUrl":"https:\/\/radioljubuski.ba\/wp-content\/uploads\/2021\/02\/cropped-Radio_Ljubuski_logo1.jpg","width":512,"height":512,"caption":"Radio Ljubu\u0161ki"},"image":{"@id":"https:\/\/radioljubuski.ba\/#\/schema\/logo\/image\/"},"sameAs":["https:\/\/www.facebook.com\/Radiio-Ljubuski-1490835324566332","https:\/\/x.com\/radioljubuski","https:\/\/hr.linkedin.com\/company\/radio-ljubuski","https:\/\/www.youtube.com\/channel\/UCHYaeO_n0Db3tjNGudGpXyw"]},{"@type":"Person","@id":"https:\/\/radioljubuski.ba\/#\/schema\/person\/19fc700381a780f69665d7956c469e3b","name":"Radio Ljubu\u0161ki"}]}},"_links":{"self":[{"href":"https:\/\/radioljubuski.ba\/index.php\/wp-json\/wp\/v2\/posts\/53638","targetHints":{"allow":["GET"]}}],"collection":[{"href":"https:\/\/radioljubuski.ba\/index.php\/wp-json\/wp\/v2\/posts"}],"about":[{"href":"https:\/\/radioljubuski.ba\/index.php\/wp-json\/wp\/v2\/types\/post"}],"author":[{"embeddable":true,"href":"https:\/\/radioljubuski.ba\/index.php\/wp-json\/wp\/v2\/users\/2"}],"replies":[{"embeddable":true,"href":"https:\/\/radioljubuski.ba\/index.php\/wp-json\/wp\/v2\/comments?post=53638"}],"version-history":[{"count":1,"href":"https:\/\/radioljubuski.ba\/index.php\/wp-json\/wp\/v2\/posts\/53638\/revisions"}],"predecessor-version":[{"id":53640,"href":"https:\/\/radioljubuski.ba\/index.php\/wp-json\/wp\/v2\/posts\/53638\/revisions\/53640"}],"wp:featuredmedia":[{"embeddable":true,"href":"https:\/\/radioljubuski.ba\/index.php\/wp-json\/wp\/v2\/media\/53639"}],"wp:attachment":[{"href":"https:\/\/radioljubuski.ba\/index.php\/wp-json\/wp\/v2\/media?parent=53638"}],"wp:term":[{"taxonomy":"category","embeddable":true,"href":"https:\/\/radioljubuski.ba\/index.php\/wp-json\/wp\/v2\/categories?post=53638"},{"taxonomy":"post_tag","embeddable":true,"href":"https:\/\/radioljubuski.ba\/index.php\/wp-json\/wp\/v2\/tags?post=53638"}],"curies":[{"name":"wp","href":"https:\/\/api.w.org\/{rel}","templated":true}]}}