{"id":53788,"date":"2021-08-15T22:34:10","date_gmt":"2021-08-15T21:34:10","guid":{"rendered":"https:\/\/radioljubuski.ba\/?p=53788"},"modified":"2021-08-15T22:34:11","modified_gmt":"2021-08-15T21:34:11","slug":"proslavljena-velika-gospa-na-kamenitim-vratima-najmanjem-gospinom-svetistu","status":"publish","type":"post","link":"https:\/\/radioljubuski.ba\/index.php\/2021\/08\/15\/proslavljena-velika-gospa-na-kamenitim-vratima-najmanjem-gospinom-svetistu\/","title":{"rendered":"Proslavljena Velika Gospa na Kamenitim vratima \u2013 najmanjem Gospinom sveti\u0161tu"},"content":{"rendered":"\n<p>U nedjelju, 15. kolovoza 2021., u \u017dupi sv. Marka evan\u0111eliste, Zagreb-Gornji Grad, jutarnjom svetom misom na Kamenitim vratima u 8 sati, proslavljena je svetkovina Uznesenja Bla\u017eene Djevice Marije na nebo. Prije Mise pobo\u017enost krunice predvodio je pre\u010d. Vladimir Magi\u0107, \u017eupnik, koji je okupljenim vjernicima za vrijeme Mise bio i na raspolaganju za sakrament svete ispovijedi.<\/p>\n\n\n\n<p>Misu je predslavio vl\u010d. mr. Tomislav Ha\u010dko, vicepostulator za kauze kanonizacije i beatifikacije i pro\u010delnik Tiskovnog ureda Zagreba\u010dke nadbiskupije. Prikazuju\u0107i povijesni razvitak slavlja ove svetkovine, naglasio je kako Crkva u Bla\u017eenoj Djevici \u201es rado\u0161\u0107u promatra ono \u0161to ona sve \u017eeli biti i \u010demu se nada\u201c te kako nas Gospa svojim primjerom u\u010di kako ostati \u201evelik\u201c \u2013 da budemo \u201emali\u201c, odnosno ponizni slu\u017ebenici Gospodnji koji \u0107e svojim pohodima drugima proslavljati Gospodina. \u201e\u017dive\u0107i tako mo\u0107i \u0107emo sa Marijom pjevati Veli\u010da du\u0161a moja Gospodina, a nose\u0107i drugima samoga Gospodina, kojega primamo u svetoj pri\u010desti, drugi \u0107e mo\u0107i za nas uskliknuti da smo blagoslovljeni\u201c, naglasio je vl\u010d. Ha\u010dko na kraju homilije.<\/p>\n\n\n\n<p>U ovom najmanjem Gospinom sveti\u0161tu, i 290 godina nakon po\u017eara i po\u010detka \u0161tovanja Gospe, na Kamenitim vratima i dalje svaki dan odjekuje molitva i pale se svije\u0107e. Inicijativom \u017dupnika, svakoga dana u 12 sati na Kamenitim vratima moli se da Gospa \u010duva u Zagrebu i Domovini sve obitelji, svako dijete, sve mlade, bolesnike i patnike, siromahe i besku\u0107nike od potresa, \u0161irenja Covid-19 i od svakog drugog zla.<\/p>\n\n\n\n<p>\u017dupa sv. Marka poziva sve vjernike, naro\u010dito vjernike iz Grada Zagreba, kao i sve ljude dobre volje, koji ne mogu osobno sudjelovati u ovoj molitvi, da to\u010dno u podne zastanu te se molitveno i u duhu priklju\u010de molitvi na Kamenitim vratima iz svojih domova, \u0161kola, fakulteta ili radnih mjesta.<\/p>\n\n\n\n<p><em>Izvor: narod.hr\/Zagreba\u010dka nadbiskupija<\/em><\/p>\n","protected":false},"excerpt":{"rendered":"<p>U nedjelju, 15. kolovoza 2021., u \u017dupi sv. Marka evan\u0111eliste, Zagreb-Gornji Grad, jutarnjom svetom misom na Kamenitim vratima u 8 sati, proslavljena je svetkovina Uznesenja Bla\u017eene Djevice Marije na nebo. Prije Mise pobo\u017enost krunice predvodio je pre\u010d. Vladimir Magi\u0107, \u017eupnik, koji je okupljenim vjernicima za vrijeme Mise bio i na raspolaganju za sakrament svete ispovijedi. [&hellip;]<\/p>\n","protected":false},"author":2,"featured_media":53789,"comment_status":"closed","ping_status":"closed","sticky":false,"template":"","format":"standard","meta":{"h5ap_radio_sources":[],"footnotes":""},"categories":[1],"tags":[],"class_list":["post-53788","post","type-post","status-publish","format-standard","has-post-thumbnail","hentry","category-bihiregija"],"yoast_head":"<!-- This site is optimized with the Yoast SEO plugin v27.4 - https:\/\/yoast.com\/product\/yoast-seo-wordpress\/ -->\n<title>Proslavljena Velika Gospa na Kamenitim vratima \u2013 najmanjem Gospinom sveti\u0161tu - RADIO LJUBU\u0160KI<\/title>\n<meta name=\"robots\" content=\"index, follow, max-snippet:-1, max-image-preview:large, max-video-preview:-1\" \/>\n<link rel=\"canonical\" href=\"https:\/\/radioljubuski.ba\/index.php\/2021\/08\/15\/proslavljena-velika-gospa-na-kamenitim-vratima-najmanjem-gospinom-svetistu\/\" \/>\n<meta property=\"og:locale\" content=\"hr_HR\" \/>\n<meta property=\"og:type\" content=\"article\" \/>\n<meta property=\"og:title\" content=\"Proslavljena Velika Gospa na Kamenitim vratima \u2013 najmanjem Gospinom sveti\u0161tu - RADIO LJUBU\u0160KI\" \/>\n<meta property=\"og:description\" content=\"U nedjelju, 15. kolovoza 2021., u \u017dupi sv. Marka evan\u0111eliste, Zagreb-Gornji Grad, jutarnjom svetom misom na Kamenitim vratima u 8 sati, proslavljena je svetkovina Uznesenja Bla\u017eene Djevice Marije na nebo. Prije Mise pobo\u017enost krunice predvodio je pre\u010d. Vladimir Magi\u0107, \u017eupnik, koji je okupljenim vjernicima za vrijeme Mise bio i na raspolaganju za sakrament svete ispovijedi. [&hellip;]\" \/>\n<meta property=\"og:url\" content=\"https:\/\/radioljubuski.ba\/index.php\/2021\/08\/15\/proslavljena-velika-gospa-na-kamenitim-vratima-najmanjem-gospinom-svetistu\/\" \/>\n<meta property=\"og:site_name\" content=\"RADIO LJUBU\u0160KI\" \/>\n<meta property=\"article:publisher\" content=\"https:\/\/www.facebook.com\/Radiio-Ljubuski-1490835324566332\" \/>\n<meta property=\"article:published_time\" content=\"2021-08-15T21:34:10+00:00\" \/>\n<meta property=\"article:modified_time\" content=\"2021-08-15T21:34:11+00:00\" \/>\n<meta property=\"og:image\" content=\"https:\/\/radioljubuski.ba\/wp-content\/uploads\/2021\/08\/Kamenita2-696x458-1.jpg\" \/>\n\t<meta property=\"og:image:width\" content=\"696\" \/>\n\t<meta property=\"og:image:height\" content=\"458\" \/>\n\t<meta property=\"og:image:type\" content=\"image\/jpeg\" \/>\n<meta name=\"author\" content=\"Radio Ljubu\u0161ki\" \/>\n<meta name=\"twitter:card\" content=\"summary_large_image\" \/>\n<meta name=\"twitter:creator\" content=\"@radioljubuski\" \/>\n<meta name=\"twitter:site\" content=\"@radioljubuski\" \/>\n<meta name=\"twitter:label1\" content=\"Napisao\/la\" \/>\n\t<meta name=\"twitter:data1\" content=\"Radio Ljubu\u0161ki\" \/>\n\t<meta name=\"twitter:label2\" content=\"Procijenjeno vrijeme \u010ditanja\" \/>\n\t<meta name=\"twitter:data2\" content=\"2 minute\" \/>\n<script type=\"application\/ld+json\" class=\"yoast-schema-graph\">{\"@context\":\"https:\\\/\\\/schema.org\",\"@graph\":[{\"@type\":\"Article\",\"@id\":\"https:\\\/\\\/radioljubuski.ba\\\/index.php\\\/2021\\\/08\\\/15\\\/proslavljena-velika-gospa-na-kamenitim-vratima-najmanjem-gospinom-svetistu\\\/#article\",\"isPartOf\":{\"@id\":\"https:\\\/\\\/radioljubuski.ba\\\/index.php\\\/2021\\\/08\\\/15\\\/proslavljena-velika-gospa-na-kamenitim-vratima-najmanjem-gospinom-svetistu\\\/\"},\"author\":{\"name\":\"Radio Ljubu\u0161ki\",\"@id\":\"https:\\\/\\\/radioljubuski.ba\\\/#\\\/schema\\\/person\\\/19fc700381a780f69665d7956c469e3b\"},\"headline\":\"Proslavljena Velika Gospa na Kamenitim vratima \u2013 najmanjem Gospinom sveti\u0161tu\",\"datePublished\":\"2021-08-15T21:34:10+00:00\",\"dateModified\":\"2021-08-15T21:34:11+00:00\",\"mainEntityOfPage\":{\"@id\":\"https:\\\/\\\/radioljubuski.ba\\\/index.php\\\/2021\\\/08\\\/15\\\/proslavljena-velika-gospa-na-kamenitim-vratima-najmanjem-gospinom-svetistu\\\/\"},\"wordCount\":315,\"publisher\":{\"@id\":\"https:\\\/\\\/radioljubuski.ba\\\/#organization\"},\"image\":{\"@id\":\"https:\\\/\\\/radioljubuski.ba\\\/index.php\\\/2021\\\/08\\\/15\\\/proslavljena-velika-gospa-na-kamenitim-vratima-najmanjem-gospinom-svetistu\\\/#primaryimage\"},\"thumbnailUrl\":\"https:\\\/\\\/radioljubuski.ba\\\/wp-content\\\/uploads\\\/2021\\\/08\\\/Kamenita2-696x458-1.jpg\",\"articleSection\":[\"BIH i regija\"],\"inLanguage\":\"hr\"},{\"@type\":\"WebPage\",\"@id\":\"https:\\\/\\\/radioljubuski.ba\\\/index.php\\\/2021\\\/08\\\/15\\\/proslavljena-velika-gospa-na-kamenitim-vratima-najmanjem-gospinom-svetistu\\\/\",\"url\":\"https:\\\/\\\/radioljubuski.ba\\\/index.php\\\/2021\\\/08\\\/15\\\/proslavljena-velika-gospa-na-kamenitim-vratima-najmanjem-gospinom-svetistu\\\/\",\"name\":\"Proslavljena Velika Gospa na Kamenitim vratima \u2013 najmanjem Gospinom sveti\u0161tu - RADIO LJUBU\u0160KI\",\"isPartOf\":{\"@id\":\"https:\\\/\\\/radioljubuski.ba\\\/#website\"},\"primaryImageOfPage\":{\"@id\":\"https:\\\/\\\/radioljubuski.ba\\\/index.php\\\/2021\\\/08\\\/15\\\/proslavljena-velika-gospa-na-kamenitim-vratima-najmanjem-gospinom-svetistu\\\/#primaryimage\"},\"image\":{\"@id\":\"https:\\\/\\\/radioljubuski.ba\\\/index.php\\\/2021\\\/08\\\/15\\\/proslavljena-velika-gospa-na-kamenitim-vratima-najmanjem-gospinom-svetistu\\\/#primaryimage\"},\"thumbnailUrl\":\"https:\\\/\\\/radioljubuski.ba\\\/wp-content\\\/uploads\\\/2021\\\/08\\\/Kamenita2-696x458-1.jpg\",\"datePublished\":\"2021-08-15T21:34:10+00:00\",\"dateModified\":\"2021-08-15T21:34:11+00:00\",\"breadcrumb\":{\"@id\":\"https:\\\/\\\/radioljubuski.ba\\\/index.php\\\/2021\\\/08\\\/15\\\/proslavljena-velika-gospa-na-kamenitim-vratima-najmanjem-gospinom-svetistu\\\/#breadcrumb\"},\"inLanguage\":\"hr\",\"potentialAction\":[{\"@type\":\"ReadAction\",\"target\":[\"https:\\\/\\\/radioljubuski.ba\\\/index.php\\\/2021\\\/08\\\/15\\\/proslavljena-velika-gospa-na-kamenitim-vratima-najmanjem-gospinom-svetistu\\\/\"]}]},{\"@type\":\"ImageObject\",\"inLanguage\":\"hr\",\"@id\":\"https:\\\/\\\/radioljubuski.ba\\\/index.php\\\/2021\\\/08\\\/15\\\/proslavljena-velika-gospa-na-kamenitim-vratima-najmanjem-gospinom-svetistu\\\/#primaryimage\",\"url\":\"https:\\\/\\\/radioljubuski.ba\\\/wp-content\\\/uploads\\\/2021\\\/08\\\/Kamenita2-696x458-1.jpg\",\"contentUrl\":\"https:\\\/\\\/radioljubuski.ba\\\/wp-content\\\/uploads\\\/2021\\\/08\\\/Kamenita2-696x458-1.jpg\",\"width\":696,\"height\":458},{\"@type\":\"BreadcrumbList\",\"@id\":\"https:\\\/\\\/radioljubuski.ba\\\/index.php\\\/2021\\\/08\\\/15\\\/proslavljena-velika-gospa-na-kamenitim-vratima-najmanjem-gospinom-svetistu\\\/#breadcrumb\",\"itemListElement\":[{\"@type\":\"ListItem\",\"position\":1,\"name\":\"Po\u010detna stranica\",\"item\":\"https:\\\/\\\/radioljubuski.ba\\\/\"},{\"@type\":\"ListItem\",\"position\":2,\"name\":\"Proslavljena Velika Gospa na Kamenitim vratima \u2013 najmanjem Gospinom sveti\u0161tu\"}]},{\"@type\":\"WebSite\",\"@id\":\"https:\\\/\\\/radioljubuski.ba\\\/#website\",\"url\":\"https:\\\/\\\/radioljubuski.ba\\\/\",\"name\":\"Radio Ljubu\u0161ki\",\"description\":\"Sun\u010dana frekvencija Hercegovine\",\"publisher\":{\"@id\":\"https:\\\/\\\/radioljubuski.ba\\\/#organization\"},\"potentialAction\":[{\"@type\":\"SearchAction\",\"target\":{\"@type\":\"EntryPoint\",\"urlTemplate\":\"https:\\\/\\\/radioljubuski.ba\\\/?s={search_term_string}\"},\"query-input\":{\"@type\":\"PropertyValueSpecification\",\"valueRequired\":true,\"valueName\":\"search_term_string\"}}],\"inLanguage\":\"hr\"},{\"@type\":\"Organization\",\"@id\":\"https:\\\/\\\/radioljubuski.ba\\\/#organization\",\"name\":\"Radio Ljubu\u0161ki\",\"url\":\"https:\\\/\\\/radioljubuski.ba\\\/\",\"logo\":{\"@type\":\"ImageObject\",\"inLanguage\":\"hr\",\"@id\":\"https:\\\/\\\/radioljubuski.ba\\\/#\\\/schema\\\/logo\\\/image\\\/\",\"url\":\"https:\\\/\\\/radioljubuski.ba\\\/wp-content\\\/uploads\\\/2021\\\/02\\\/cropped-Radio_Ljubuski_logo1.jpg\",\"contentUrl\":\"https:\\\/\\\/radioljubuski.ba\\\/wp-content\\\/uploads\\\/2021\\\/02\\\/cropped-Radio_Ljubuski_logo1.jpg\",\"width\":512,\"height\":512,\"caption\":\"Radio Ljubu\u0161ki\"},\"image\":{\"@id\":\"https:\\\/\\\/radioljubuski.ba\\\/#\\\/schema\\\/logo\\\/image\\\/\"},\"sameAs\":[\"https:\\\/\\\/www.facebook.com\\\/Radiio-Ljubuski-1490835324566332\",\"https:\\\/\\\/x.com\\\/radioljubuski\",\"https:\\\/\\\/hr.linkedin.com\\\/company\\\/radio-ljubuski\",\"https:\\\/\\\/www.youtube.com\\\/channel\\\/UCHYaeO_n0Db3tjNGudGpXyw\"]},{\"@type\":\"Person\",\"@id\":\"https:\\\/\\\/radioljubuski.ba\\\/#\\\/schema\\\/person\\\/19fc700381a780f69665d7956c469e3b\",\"name\":\"Radio Ljubu\u0161ki\"}]}<\/script>\n<!-- \/ Yoast SEO plugin. -->","yoast_head_json":{"title":"Proslavljena Velika Gospa na Kamenitim vratima \u2013 najmanjem Gospinom sveti\u0161tu - RADIO LJUBU\u0160KI","robots":{"index":"index","follow":"follow","max-snippet":"max-snippet:-1","max-image-preview":"max-image-preview:large","max-video-preview":"max-video-preview:-1"},"canonical":"https:\/\/radioljubuski.ba\/index.php\/2021\/08\/15\/proslavljena-velika-gospa-na-kamenitim-vratima-najmanjem-gospinom-svetistu\/","og_locale":"hr_HR","og_type":"article","og_title":"Proslavljena Velika Gospa na Kamenitim vratima \u2013 najmanjem Gospinom sveti\u0161tu - RADIO LJUBU\u0160KI","og_description":"U nedjelju, 15. kolovoza 2021., u \u017dupi sv. Marka evan\u0111eliste, Zagreb-Gornji Grad, jutarnjom svetom misom na Kamenitim vratima u 8 sati, proslavljena je svetkovina Uznesenja Bla\u017eene Djevice Marije na nebo. Prije Mise pobo\u017enost krunice predvodio je pre\u010d. Vladimir Magi\u0107, \u017eupnik, koji je okupljenim vjernicima za vrijeme Mise bio i na raspolaganju za sakrament svete ispovijedi. [&hellip;]","og_url":"https:\/\/radioljubuski.ba\/index.php\/2021\/08\/15\/proslavljena-velika-gospa-na-kamenitim-vratima-najmanjem-gospinom-svetistu\/","og_site_name":"RADIO LJUBU\u0160KI","article_publisher":"https:\/\/www.facebook.com\/Radiio-Ljubuski-1490835324566332","article_published_time":"2021-08-15T21:34:10+00:00","article_modified_time":"2021-08-15T21:34:11+00:00","og_image":[{"width":696,"height":458,"url":"https:\/\/radioljubuski.ba\/wp-content\/uploads\/2021\/08\/Kamenita2-696x458-1.jpg","type":"image\/jpeg"}],"author":"Radio Ljubu\u0161ki","twitter_card":"summary_large_image","twitter_creator":"@radioljubuski","twitter_site":"@radioljubuski","twitter_misc":{"Napisao\/la":"Radio Ljubu\u0161ki","Procijenjeno vrijeme \u010ditanja":"2 minute"},"schema":{"@context":"https:\/\/schema.org","@graph":[{"@type":"Article","@id":"https:\/\/radioljubuski.ba\/index.php\/2021\/08\/15\/proslavljena-velika-gospa-na-kamenitim-vratima-najmanjem-gospinom-svetistu\/#article","isPartOf":{"@id":"https:\/\/radioljubuski.ba\/index.php\/2021\/08\/15\/proslavljena-velika-gospa-na-kamenitim-vratima-najmanjem-gospinom-svetistu\/"},"author":{"name":"Radio Ljubu\u0161ki","@id":"https:\/\/radioljubuski.ba\/#\/schema\/person\/19fc700381a780f69665d7956c469e3b"},"headline":"Proslavljena Velika Gospa na Kamenitim vratima \u2013 najmanjem Gospinom sveti\u0161tu","datePublished":"2021-08-15T21:34:10+00:00","dateModified":"2021-08-15T21:34:11+00:00","mainEntityOfPage":{"@id":"https:\/\/radioljubuski.ba\/index.php\/2021\/08\/15\/proslavljena-velika-gospa-na-kamenitim-vratima-najmanjem-gospinom-svetistu\/"},"wordCount":315,"publisher":{"@id":"https:\/\/radioljubuski.ba\/#organization"},"image":{"@id":"https:\/\/radioljubuski.ba\/index.php\/2021\/08\/15\/proslavljena-velika-gospa-na-kamenitim-vratima-najmanjem-gospinom-svetistu\/#primaryimage"},"thumbnailUrl":"https:\/\/radioljubuski.ba\/wp-content\/uploads\/2021\/08\/Kamenita2-696x458-1.jpg","articleSection":["BIH i regija"],"inLanguage":"hr"},{"@type":"WebPage","@id":"https:\/\/radioljubuski.ba\/index.php\/2021\/08\/15\/proslavljena-velika-gospa-na-kamenitim-vratima-najmanjem-gospinom-svetistu\/","url":"https:\/\/radioljubuski.ba\/index.php\/2021\/08\/15\/proslavljena-velika-gospa-na-kamenitim-vratima-najmanjem-gospinom-svetistu\/","name":"Proslavljena Velika Gospa na Kamenitim vratima \u2013 najmanjem Gospinom sveti\u0161tu - RADIO LJUBU\u0160KI","isPartOf":{"@id":"https:\/\/radioljubuski.ba\/#website"},"primaryImageOfPage":{"@id":"https:\/\/radioljubuski.ba\/index.php\/2021\/08\/15\/proslavljena-velika-gospa-na-kamenitim-vratima-najmanjem-gospinom-svetistu\/#primaryimage"},"image":{"@id":"https:\/\/radioljubuski.ba\/index.php\/2021\/08\/15\/proslavljena-velika-gospa-na-kamenitim-vratima-najmanjem-gospinom-svetistu\/#primaryimage"},"thumbnailUrl":"https:\/\/radioljubuski.ba\/wp-content\/uploads\/2021\/08\/Kamenita2-696x458-1.jpg","datePublished":"2021-08-15T21:34:10+00:00","dateModified":"2021-08-15T21:34:11+00:00","breadcrumb":{"@id":"https:\/\/radioljubuski.ba\/index.php\/2021\/08\/15\/proslavljena-velika-gospa-na-kamenitim-vratima-najmanjem-gospinom-svetistu\/#breadcrumb"},"inLanguage":"hr","potentialAction":[{"@type":"ReadAction","target":["https:\/\/radioljubuski.ba\/index.php\/2021\/08\/15\/proslavljena-velika-gospa-na-kamenitim-vratima-najmanjem-gospinom-svetistu\/"]}]},{"@type":"ImageObject","inLanguage":"hr","@id":"https:\/\/radioljubuski.ba\/index.php\/2021\/08\/15\/proslavljena-velika-gospa-na-kamenitim-vratima-najmanjem-gospinom-svetistu\/#primaryimage","url":"https:\/\/radioljubuski.ba\/wp-content\/uploads\/2021\/08\/Kamenita2-696x458-1.jpg","contentUrl":"https:\/\/radioljubuski.ba\/wp-content\/uploads\/2021\/08\/Kamenita2-696x458-1.jpg","width":696,"height":458},{"@type":"BreadcrumbList","@id":"https:\/\/radioljubuski.ba\/index.php\/2021\/08\/15\/proslavljena-velika-gospa-na-kamenitim-vratima-najmanjem-gospinom-svetistu\/#breadcrumb","itemListElement":[{"@type":"ListItem","position":1,"name":"Po\u010detna stranica","item":"https:\/\/radioljubuski.ba\/"},{"@type":"ListItem","position":2,"name":"Proslavljena Velika Gospa na Kamenitim vratima \u2013 najmanjem Gospinom sveti\u0161tu"}]},{"@type":"WebSite","@id":"https:\/\/radioljubuski.ba\/#website","url":"https:\/\/radioljubuski.ba\/","name":"Radio Ljubu\u0161ki","description":"Sun\u010dana frekvencija Hercegovine","publisher":{"@id":"https:\/\/radioljubuski.ba\/#organization"},"potentialAction":[{"@type":"SearchAction","target":{"@type":"EntryPoint","urlTemplate":"https:\/\/radioljubuski.ba\/?s={search_term_string}"},"query-input":{"@type":"PropertyValueSpecification","valueRequired":true,"valueName":"search_term_string"}}],"inLanguage":"hr"},{"@type":"Organization","@id":"https:\/\/radioljubuski.ba\/#organization","name":"Radio Ljubu\u0161ki","url":"https:\/\/radioljubuski.ba\/","logo":{"@type":"ImageObject","inLanguage":"hr","@id":"https:\/\/radioljubuski.ba\/#\/schema\/logo\/image\/","url":"https:\/\/radioljubuski.ba\/wp-content\/uploads\/2021\/02\/cropped-Radio_Ljubuski_logo1.jpg","contentUrl":"https:\/\/radioljubuski.ba\/wp-content\/uploads\/2021\/02\/cropped-Radio_Ljubuski_logo1.jpg","width":512,"height":512,"caption":"Radio Ljubu\u0161ki"},"image":{"@id":"https:\/\/radioljubuski.ba\/#\/schema\/logo\/image\/"},"sameAs":["https:\/\/www.facebook.com\/Radiio-Ljubuski-1490835324566332","https:\/\/x.com\/radioljubuski","https:\/\/hr.linkedin.com\/company\/radio-ljubuski","https:\/\/www.youtube.com\/channel\/UCHYaeO_n0Db3tjNGudGpXyw"]},{"@type":"Person","@id":"https:\/\/radioljubuski.ba\/#\/schema\/person\/19fc700381a780f69665d7956c469e3b","name":"Radio Ljubu\u0161ki"}]}},"_links":{"self":[{"href":"https:\/\/radioljubuski.ba\/index.php\/wp-json\/wp\/v2\/posts\/53788","targetHints":{"allow":["GET"]}}],"collection":[{"href":"https:\/\/radioljubuski.ba\/index.php\/wp-json\/wp\/v2\/posts"}],"about":[{"href":"https:\/\/radioljubuski.ba\/index.php\/wp-json\/wp\/v2\/types\/post"}],"author":[{"embeddable":true,"href":"https:\/\/radioljubuski.ba\/index.php\/wp-json\/wp\/v2\/users\/2"}],"replies":[{"embeddable":true,"href":"https:\/\/radioljubuski.ba\/index.php\/wp-json\/wp\/v2\/comments?post=53788"}],"version-history":[{"count":1,"href":"https:\/\/radioljubuski.ba\/index.php\/wp-json\/wp\/v2\/posts\/53788\/revisions"}],"predecessor-version":[{"id":53790,"href":"https:\/\/radioljubuski.ba\/index.php\/wp-json\/wp\/v2\/posts\/53788\/revisions\/53790"}],"wp:featuredmedia":[{"embeddable":true,"href":"https:\/\/radioljubuski.ba\/index.php\/wp-json\/wp\/v2\/media\/53789"}],"wp:attachment":[{"href":"https:\/\/radioljubuski.ba\/index.php\/wp-json\/wp\/v2\/media?parent=53788"}],"wp:term":[{"taxonomy":"category","embeddable":true,"href":"https:\/\/radioljubuski.ba\/index.php\/wp-json\/wp\/v2\/categories?post=53788"},{"taxonomy":"post_tag","embeddable":true,"href":"https:\/\/radioljubuski.ba\/index.php\/wp-json\/wp\/v2\/tags?post=53788"}],"curies":[{"name":"wp","href":"https:\/\/api.w.org\/{rel}","templated":true}]}}