{"id":53800,"date":"2021-08-15T22:44:00","date_gmt":"2021-08-15T21:44:00","guid":{"rendered":"https:\/\/radioljubuski.ba\/?p=53800"},"modified":"2021-08-15T22:44:01","modified_gmt":"2021-08-15T21:44:01","slug":"mikac-afganistan-tragedija-epskih-razmjera","status":"publish","type":"post","link":"https:\/\/radioljubuski.ba\/index.php\/2021\/08\/15\/mikac-afganistan-tragedija-epskih-razmjera\/","title":{"rendered":"Mikac: Afganistan &#8211; tragedija epskih razmjera"},"content":{"rendered":"\n<p><strong>Sigurnosni stru\u010dnjak koji ima iskustvo misije u Afganistanu, izvanredni profesor Robert Mikac s Fakulteta politi\u010dkih znanosti Sveu\u010dili\u0161ta u Zagrebu komentirao je u Dnevniku HTV-a situaciju u Afganistanu. Kazao je kako se radi o tragediji epskih razmjera i trebat \u0107e puno vremena da se analizira kako su talibani zauzeli ve\u0107i dio zemlje bez otpora.&nbsp;<\/strong><\/p>\n\n\n\n<p><strong>&#8220;Nestalo je sve u nekoliko tjedana&#8221;<\/strong><br><br>&#8211; Jer sve ono \u0161to smo radili dvadeset godina, sada je nestalo u nekoliko tjedana. I postavlja se pitanje kako je to mogu\u0107e. Bit \u0107e potrebno napraviti brojne analize za sada\u0161nju misiju, ali i za sve budu\u0107e misije koje \u0107e se voditi u bli\u017eoj ili daljnjoj budu\u0107nosti, poru\u010dio je Mikac.<br><br>Afganistan trenutno o\u010dekuje vrlo nemirno razdoblje, pitanje je kako \u0107e se talibanska vlast postaviti prema unutarnjim odnosima u samoj zemlji. Kako \u0107e reagirati prema regiji, a me\u0111unarodna zajednica za sada nema neka jasna rje\u0161enja i odgovore.<br><br><strong>Mikac: Daljnja situacija ovisi o talibanima i o njihovim vanjskom sponzorima<\/strong><br><br>Predsjednik i njegov zamjenik su dali ostavke, te su napustili zemlju, daljnja situacija ovisi o talibanima i o njihovim vanjskom sponzorima.<br><br>&#8211; Samo o njima ovisi kako \u0107e se situacija razvijati u zemlji, ali i o okru\u017eenju, ho\u0107e li talibani dopustiti da Afganistan postane sigurna luka za teroriste, brojna otvorena pitanja su pred nama, naglasi je izvanredni profesor.<br><br><strong>&#8220;Ljudska prava bit \u0107e ugro\u017eena&#8221;<\/strong><br><br>Ujedinjeni narodi upozoravaju na te\u0161ka kr\u0161enja ljudskih, poglavito \u017eenskih, spominje se i zabrana rada. Mikac je istaknuo kako se mo\u017ee o\u010dekivati da \u0107e talibani ukinuti sva prava koja su \u017eene, djevoj\u010dice imale, poglavitu u pogledu obrazovanja i zaposlenja.<br><br>Ljudska prava op\u0107enito, ne samo \u017eena, ve\u0107 i mu\u0161karaca bit \u0107e puno ni\u017ea nego u ovih dvadesetak godina. O\u010dekuje velike migracije stanovni\u0161tva, ne samo u okolne zemlje, ve\u0107 i u europske zemlje.<br><br><strong>&#8220;Ovo je poraz me\u0111unarodne zajednice&#8221;<\/strong><br><br>Velika je odgovornost me\u0111unarodne zajednice, jer ovo \u0161to se dogodilo u Afganistanu je ustvari poraz me\u0111unarodne zajednice u toj zemlji.<br><br>Humanitarna kriza ve\u0107 postoji, ali uskoro se mo\u017ee o\u010dekivati i izbjegli\u010dka kriza.\u00a0<\/p>\n\n\n\n<div style=\"width: 640px;\" class=\"wp-video\"><video class=\"wp-video-shortcode\" id=\"video-53800-1\" width=\"640\" height=\"360\" preload=\"metadata\" controls=\"controls\"><source type=\"video\/mp4\" src=\"https:\/\/api.hrt.hr\/media\/40\/94\/tvd2-mikac-1508-20210815172929.mp4?_=1\" \/><a href=\"https:\/\/api.hrt.hr\/media\/40\/94\/tvd2-mikac-1508-20210815172929.mp4\">https:\/\/api.hrt.hr\/media\/40\/94\/tvd2-mikac-1508-20210815172929.mp4<\/a><\/video><\/div>\n\n\n\n<p>Izvor:hrt.hr<\/p>\n","protected":false},"excerpt":{"rendered":"<p>Sigurnosni stru\u010dnjak koji ima iskustvo misije u Afganistanu, izvanredni profesor Robert Mikac s Fakulteta politi\u010dkih znanosti Sveu\u010dili\u0161ta u Zagrebu komentirao je u Dnevniku HTV-a situaciju u Afganistanu. Kazao je kako se radi o tragediji epskih razmjera i trebat \u0107e puno vremena da se analizira kako su talibani zauzeli ve\u0107i dio zemlje bez otpora.&nbsp; &#8220;Nestalo je [&hellip;]<\/p>\n","protected":false},"author":2,"featured_media":53801,"comment_status":"closed","ping_status":"closed","sticky":false,"template":"","format":"standard","meta":{"h5ap_radio_sources":[],"footnotes":""},"categories":[1],"tags":[],"class_list":["post-53800","post","type-post","status-publish","format-standard","has-post-thumbnail","hentry","category-bihiregija"],"yoast_head":"<!-- This site is optimized with the Yoast SEO plugin v27.5 - https:\/\/yoast.com\/product\/yoast-seo-wordpress\/ -->\n<title>Mikac: Afganistan - tragedija epskih razmjera - RADIO LJUBU\u0160KI<\/title>\n<meta name=\"robots\" content=\"index, follow, max-snippet:-1, max-image-preview:large, max-video-preview:-1\" \/>\n<link rel=\"canonical\" href=\"https:\/\/radioljubuski.ba\/index.php\/2021\/08\/15\/mikac-afganistan-tragedija-epskih-razmjera\/\" \/>\n<meta property=\"og:locale\" content=\"hr_HR\" \/>\n<meta property=\"og:type\" content=\"article\" \/>\n<meta property=\"og:title\" content=\"Mikac: Afganistan - tragedija epskih razmjera - RADIO LJUBU\u0160KI\" \/>\n<meta property=\"og:description\" content=\"Sigurnosni stru\u010dnjak koji ima iskustvo misije u Afganistanu, izvanredni profesor Robert Mikac s Fakulteta politi\u010dkih znanosti Sveu\u010dili\u0161ta u Zagrebu komentirao je u Dnevniku HTV-a situaciju u Afganistanu. Kazao je kako se radi o tragediji epskih razmjera i trebat \u0107e puno vremena da se analizira kako su talibani zauzeli ve\u0107i dio zemlje bez otpora.&nbsp; &#8220;Nestalo je [&hellip;]\" \/>\n<meta property=\"og:url\" content=\"https:\/\/radioljubuski.ba\/index.php\/2021\/08\/15\/mikac-afganistan-tragedija-epskih-razmjera\/\" \/>\n<meta property=\"og:site_name\" content=\"RADIO LJUBU\u0160KI\" \/>\n<meta property=\"article:publisher\" content=\"https:\/\/www.facebook.com\/Radiio-Ljubuski-1490835324566332\" \/>\n<meta property=\"article:published_time\" content=\"2021-08-15T21:44:00+00:00\" \/>\n<meta property=\"article:modified_time\" content=\"2021-08-15T21:44:01+00:00\" \/>\n<meta property=\"og:image\" content=\"https:\/\/radioljubuski.ba\/wp-content\/uploads\/2021\/08\/tvd2-s-potpisima-frame-8642-20210815174020.jpg\" \/>\n\t<meta property=\"og:image:width\" content=\"1920\" \/>\n\t<meta property=\"og:image:height\" content=\"1080\" \/>\n\t<meta property=\"og:image:type\" content=\"image\/jpeg\" \/>\n<meta name=\"author\" content=\"Radio Ljubu\u0161ki\" \/>\n<meta name=\"twitter:card\" content=\"summary_large_image\" \/>\n<meta name=\"twitter:creator\" content=\"@radioljubuski\" \/>\n<meta name=\"twitter:site\" content=\"@radioljubuski\" \/>\n<meta name=\"twitter:label1\" content=\"Napisao\/la\" \/>\n\t<meta name=\"twitter:data1\" content=\"Radio Ljubu\u0161ki\" \/>\n\t<meta name=\"twitter:label2\" content=\"Procijenjeno vrijeme \u010ditanja\" \/>\n\t<meta name=\"twitter:data2\" content=\"2 minute\" \/>\n<script type=\"application\/ld+json\" class=\"yoast-schema-graph\">{\"@context\":\"https:\\\/\\\/schema.org\",\"@graph\":[{\"@type\":\"Article\",\"@id\":\"https:\\\/\\\/radioljubuski.ba\\\/index.php\\\/2021\\\/08\\\/15\\\/mikac-afganistan-tragedija-epskih-razmjera\\\/#article\",\"isPartOf\":{\"@id\":\"https:\\\/\\\/radioljubuski.ba\\\/index.php\\\/2021\\\/08\\\/15\\\/mikac-afganistan-tragedija-epskih-razmjera\\\/\"},\"author\":{\"name\":\"Radio Ljubu\u0161ki\",\"@id\":\"https:\\\/\\\/radioljubuski.ba\\\/#\\\/schema\\\/person\\\/19fc700381a780f69665d7956c469e3b\"},\"headline\":\"Mikac: Afganistan &#8211; tragedija epskih razmjera\",\"datePublished\":\"2021-08-15T21:44:00+00:00\",\"dateModified\":\"2021-08-15T21:44:01+00:00\",\"mainEntityOfPage\":{\"@id\":\"https:\\\/\\\/radioljubuski.ba\\\/index.php\\\/2021\\\/08\\\/15\\\/mikac-afganistan-tragedija-epskih-razmjera\\\/\"},\"wordCount\":378,\"publisher\":{\"@id\":\"https:\\\/\\\/radioljubuski.ba\\\/#organization\"},\"image\":{\"@id\":\"https:\\\/\\\/radioljubuski.ba\\\/index.php\\\/2021\\\/08\\\/15\\\/mikac-afganistan-tragedija-epskih-razmjera\\\/#primaryimage\"},\"thumbnailUrl\":\"https:\\\/\\\/radioljubuski.ba\\\/wp-content\\\/uploads\\\/2021\\\/08\\\/tvd2-s-potpisima-frame-8642-20210815174020.jpg\",\"articleSection\":[\"BIH i regija\"],\"inLanguage\":\"hr\"},{\"@type\":\"WebPage\",\"@id\":\"https:\\\/\\\/radioljubuski.ba\\\/index.php\\\/2021\\\/08\\\/15\\\/mikac-afganistan-tragedija-epskih-razmjera\\\/\",\"url\":\"https:\\\/\\\/radioljubuski.ba\\\/index.php\\\/2021\\\/08\\\/15\\\/mikac-afganistan-tragedija-epskih-razmjera\\\/\",\"name\":\"Mikac: Afganistan - tragedija epskih razmjera - RADIO LJUBU\u0160KI\",\"isPartOf\":{\"@id\":\"https:\\\/\\\/radioljubuski.ba\\\/#website\"},\"primaryImageOfPage\":{\"@id\":\"https:\\\/\\\/radioljubuski.ba\\\/index.php\\\/2021\\\/08\\\/15\\\/mikac-afganistan-tragedija-epskih-razmjera\\\/#primaryimage\"},\"image\":{\"@id\":\"https:\\\/\\\/radioljubuski.ba\\\/index.php\\\/2021\\\/08\\\/15\\\/mikac-afganistan-tragedija-epskih-razmjera\\\/#primaryimage\"},\"thumbnailUrl\":\"https:\\\/\\\/radioljubuski.ba\\\/wp-content\\\/uploads\\\/2021\\\/08\\\/tvd2-s-potpisima-frame-8642-20210815174020.jpg\",\"datePublished\":\"2021-08-15T21:44:00+00:00\",\"dateModified\":\"2021-08-15T21:44:01+00:00\",\"breadcrumb\":{\"@id\":\"https:\\\/\\\/radioljubuski.ba\\\/index.php\\\/2021\\\/08\\\/15\\\/mikac-afganistan-tragedija-epskih-razmjera\\\/#breadcrumb\"},\"inLanguage\":\"hr\",\"potentialAction\":[{\"@type\":\"ReadAction\",\"target\":[\"https:\\\/\\\/radioljubuski.ba\\\/index.php\\\/2021\\\/08\\\/15\\\/mikac-afganistan-tragedija-epskih-razmjera\\\/\"]}]},{\"@type\":\"ImageObject\",\"inLanguage\":\"hr\",\"@id\":\"https:\\\/\\\/radioljubuski.ba\\\/index.php\\\/2021\\\/08\\\/15\\\/mikac-afganistan-tragedija-epskih-razmjera\\\/#primaryimage\",\"url\":\"https:\\\/\\\/radioljubuski.ba\\\/wp-content\\\/uploads\\\/2021\\\/08\\\/tvd2-s-potpisima-frame-8642-20210815174020.jpg\",\"contentUrl\":\"https:\\\/\\\/radioljubuski.ba\\\/wp-content\\\/uploads\\\/2021\\\/08\\\/tvd2-s-potpisima-frame-8642-20210815174020.jpg\",\"width\":1920,\"height\":1080},{\"@type\":\"BreadcrumbList\",\"@id\":\"https:\\\/\\\/radioljubuski.ba\\\/index.php\\\/2021\\\/08\\\/15\\\/mikac-afganistan-tragedija-epskih-razmjera\\\/#breadcrumb\",\"itemListElement\":[{\"@type\":\"ListItem\",\"position\":1,\"name\":\"Po\u010detna stranica\",\"item\":\"https:\\\/\\\/radioljubuski.ba\\\/\"},{\"@type\":\"ListItem\",\"position\":2,\"name\":\"Mikac: Afganistan &#8211; tragedija epskih razmjera\"}]},{\"@type\":\"WebSite\",\"@id\":\"https:\\\/\\\/radioljubuski.ba\\\/#website\",\"url\":\"https:\\\/\\\/radioljubuski.ba\\\/\",\"name\":\"Radio Ljubu\u0161ki\",\"description\":\"Sun\u010dana frekvencija Hercegovine\",\"publisher\":{\"@id\":\"https:\\\/\\\/radioljubuski.ba\\\/#organization\"},\"potentialAction\":[{\"@type\":\"SearchAction\",\"target\":{\"@type\":\"EntryPoint\",\"urlTemplate\":\"https:\\\/\\\/radioljubuski.ba\\\/?s={search_term_string}\"},\"query-input\":{\"@type\":\"PropertyValueSpecification\",\"valueRequired\":true,\"valueName\":\"search_term_string\"}}],\"inLanguage\":\"hr\"},{\"@type\":\"Organization\",\"@id\":\"https:\\\/\\\/radioljubuski.ba\\\/#organization\",\"name\":\"Radio Ljubu\u0161ki\",\"url\":\"https:\\\/\\\/radioljubuski.ba\\\/\",\"logo\":{\"@type\":\"ImageObject\",\"inLanguage\":\"hr\",\"@id\":\"https:\\\/\\\/radioljubuski.ba\\\/#\\\/schema\\\/logo\\\/image\\\/\",\"url\":\"https:\\\/\\\/radioljubuski.ba\\\/wp-content\\\/uploads\\\/2021\\\/02\\\/cropped-Radio_Ljubuski_logo1.jpg\",\"contentUrl\":\"https:\\\/\\\/radioljubuski.ba\\\/wp-content\\\/uploads\\\/2021\\\/02\\\/cropped-Radio_Ljubuski_logo1.jpg\",\"width\":512,\"height\":512,\"caption\":\"Radio Ljubu\u0161ki\"},\"image\":{\"@id\":\"https:\\\/\\\/radioljubuski.ba\\\/#\\\/schema\\\/logo\\\/image\\\/\"},\"sameAs\":[\"https:\\\/\\\/www.facebook.com\\\/Radiio-Ljubuski-1490835324566332\",\"https:\\\/\\\/x.com\\\/radioljubuski\",\"https:\\\/\\\/hr.linkedin.com\\\/company\\\/radio-ljubuski\",\"https:\\\/\\\/www.youtube.com\\\/channel\\\/UCHYaeO_n0Db3tjNGudGpXyw\"]},{\"@type\":\"Person\",\"@id\":\"https:\\\/\\\/radioljubuski.ba\\\/#\\\/schema\\\/person\\\/19fc700381a780f69665d7956c469e3b\",\"name\":\"Radio Ljubu\u0161ki\"}]}<\/script>\n<!-- \/ Yoast SEO plugin. -->","yoast_head_json":{"title":"Mikac: Afganistan - tragedija epskih razmjera - RADIO LJUBU\u0160KI","robots":{"index":"index","follow":"follow","max-snippet":"max-snippet:-1","max-image-preview":"max-image-preview:large","max-video-preview":"max-video-preview:-1"},"canonical":"https:\/\/radioljubuski.ba\/index.php\/2021\/08\/15\/mikac-afganistan-tragedija-epskih-razmjera\/","og_locale":"hr_HR","og_type":"article","og_title":"Mikac: Afganistan - tragedija epskih razmjera - RADIO LJUBU\u0160KI","og_description":"Sigurnosni stru\u010dnjak koji ima iskustvo misije u Afganistanu, izvanredni profesor Robert Mikac s Fakulteta politi\u010dkih znanosti Sveu\u010dili\u0161ta u Zagrebu komentirao je u Dnevniku HTV-a situaciju u Afganistanu. Kazao je kako se radi o tragediji epskih razmjera i trebat \u0107e puno vremena da se analizira kako su talibani zauzeli ve\u0107i dio zemlje bez otpora.&nbsp; &#8220;Nestalo je [&hellip;]","og_url":"https:\/\/radioljubuski.ba\/index.php\/2021\/08\/15\/mikac-afganistan-tragedija-epskih-razmjera\/","og_site_name":"RADIO LJUBU\u0160KI","article_publisher":"https:\/\/www.facebook.com\/Radiio-Ljubuski-1490835324566332","article_published_time":"2021-08-15T21:44:00+00:00","article_modified_time":"2021-08-15T21:44:01+00:00","og_image":[{"width":1920,"height":1080,"url":"https:\/\/radioljubuski.ba\/wp-content\/uploads\/2021\/08\/tvd2-s-potpisima-frame-8642-20210815174020.jpg","type":"image\/jpeg"}],"author":"Radio Ljubu\u0161ki","twitter_card":"summary_large_image","twitter_creator":"@radioljubuski","twitter_site":"@radioljubuski","twitter_misc":{"Napisao\/la":"Radio Ljubu\u0161ki","Procijenjeno vrijeme \u010ditanja":"2 minute"},"schema":{"@context":"https:\/\/schema.org","@graph":[{"@type":"Article","@id":"https:\/\/radioljubuski.ba\/index.php\/2021\/08\/15\/mikac-afganistan-tragedija-epskih-razmjera\/#article","isPartOf":{"@id":"https:\/\/radioljubuski.ba\/index.php\/2021\/08\/15\/mikac-afganistan-tragedija-epskih-razmjera\/"},"author":{"name":"Radio Ljubu\u0161ki","@id":"https:\/\/radioljubuski.ba\/#\/schema\/person\/19fc700381a780f69665d7956c469e3b"},"headline":"Mikac: Afganistan &#8211; tragedija epskih razmjera","datePublished":"2021-08-15T21:44:00+00:00","dateModified":"2021-08-15T21:44:01+00:00","mainEntityOfPage":{"@id":"https:\/\/radioljubuski.ba\/index.php\/2021\/08\/15\/mikac-afganistan-tragedija-epskih-razmjera\/"},"wordCount":378,"publisher":{"@id":"https:\/\/radioljubuski.ba\/#organization"},"image":{"@id":"https:\/\/radioljubuski.ba\/index.php\/2021\/08\/15\/mikac-afganistan-tragedija-epskih-razmjera\/#primaryimage"},"thumbnailUrl":"https:\/\/radioljubuski.ba\/wp-content\/uploads\/2021\/08\/tvd2-s-potpisima-frame-8642-20210815174020.jpg","articleSection":["BIH i regija"],"inLanguage":"hr"},{"@type":"WebPage","@id":"https:\/\/radioljubuski.ba\/index.php\/2021\/08\/15\/mikac-afganistan-tragedija-epskih-razmjera\/","url":"https:\/\/radioljubuski.ba\/index.php\/2021\/08\/15\/mikac-afganistan-tragedija-epskih-razmjera\/","name":"Mikac: Afganistan - tragedija epskih razmjera - RADIO LJUBU\u0160KI","isPartOf":{"@id":"https:\/\/radioljubuski.ba\/#website"},"primaryImageOfPage":{"@id":"https:\/\/radioljubuski.ba\/index.php\/2021\/08\/15\/mikac-afganistan-tragedija-epskih-razmjera\/#primaryimage"},"image":{"@id":"https:\/\/radioljubuski.ba\/index.php\/2021\/08\/15\/mikac-afganistan-tragedija-epskih-razmjera\/#primaryimage"},"thumbnailUrl":"https:\/\/radioljubuski.ba\/wp-content\/uploads\/2021\/08\/tvd2-s-potpisima-frame-8642-20210815174020.jpg","datePublished":"2021-08-15T21:44:00+00:00","dateModified":"2021-08-15T21:44:01+00:00","breadcrumb":{"@id":"https:\/\/radioljubuski.ba\/index.php\/2021\/08\/15\/mikac-afganistan-tragedija-epskih-razmjera\/#breadcrumb"},"inLanguage":"hr","potentialAction":[{"@type":"ReadAction","target":["https:\/\/radioljubuski.ba\/index.php\/2021\/08\/15\/mikac-afganistan-tragedija-epskih-razmjera\/"]}]},{"@type":"ImageObject","inLanguage":"hr","@id":"https:\/\/radioljubuski.ba\/index.php\/2021\/08\/15\/mikac-afganistan-tragedija-epskih-razmjera\/#primaryimage","url":"https:\/\/radioljubuski.ba\/wp-content\/uploads\/2021\/08\/tvd2-s-potpisima-frame-8642-20210815174020.jpg","contentUrl":"https:\/\/radioljubuski.ba\/wp-content\/uploads\/2021\/08\/tvd2-s-potpisima-frame-8642-20210815174020.jpg","width":1920,"height":1080},{"@type":"BreadcrumbList","@id":"https:\/\/radioljubuski.ba\/index.php\/2021\/08\/15\/mikac-afganistan-tragedija-epskih-razmjera\/#breadcrumb","itemListElement":[{"@type":"ListItem","position":1,"name":"Po\u010detna stranica","item":"https:\/\/radioljubuski.ba\/"},{"@type":"ListItem","position":2,"name":"Mikac: Afganistan &#8211; tragedija epskih razmjera"}]},{"@type":"WebSite","@id":"https:\/\/radioljubuski.ba\/#website","url":"https:\/\/radioljubuski.ba\/","name":"Radio Ljubu\u0161ki","description":"Sun\u010dana frekvencija Hercegovine","publisher":{"@id":"https:\/\/radioljubuski.ba\/#organization"},"potentialAction":[{"@type":"SearchAction","target":{"@type":"EntryPoint","urlTemplate":"https:\/\/radioljubuski.ba\/?s={search_term_string}"},"query-input":{"@type":"PropertyValueSpecification","valueRequired":true,"valueName":"search_term_string"}}],"inLanguage":"hr"},{"@type":"Organization","@id":"https:\/\/radioljubuski.ba\/#organization","name":"Radio Ljubu\u0161ki","url":"https:\/\/radioljubuski.ba\/","logo":{"@type":"ImageObject","inLanguage":"hr","@id":"https:\/\/radioljubuski.ba\/#\/schema\/logo\/image\/","url":"https:\/\/radioljubuski.ba\/wp-content\/uploads\/2021\/02\/cropped-Radio_Ljubuski_logo1.jpg","contentUrl":"https:\/\/radioljubuski.ba\/wp-content\/uploads\/2021\/02\/cropped-Radio_Ljubuski_logo1.jpg","width":512,"height":512,"caption":"Radio Ljubu\u0161ki"},"image":{"@id":"https:\/\/radioljubuski.ba\/#\/schema\/logo\/image\/"},"sameAs":["https:\/\/www.facebook.com\/Radiio-Ljubuski-1490835324566332","https:\/\/x.com\/radioljubuski","https:\/\/hr.linkedin.com\/company\/radio-ljubuski","https:\/\/www.youtube.com\/channel\/UCHYaeO_n0Db3tjNGudGpXyw"]},{"@type":"Person","@id":"https:\/\/radioljubuski.ba\/#\/schema\/person\/19fc700381a780f69665d7956c469e3b","name":"Radio Ljubu\u0161ki"}]}},"_links":{"self":[{"href":"https:\/\/radioljubuski.ba\/index.php\/wp-json\/wp\/v2\/posts\/53800","targetHints":{"allow":["GET"]}}],"collection":[{"href":"https:\/\/radioljubuski.ba\/index.php\/wp-json\/wp\/v2\/posts"}],"about":[{"href":"https:\/\/radioljubuski.ba\/index.php\/wp-json\/wp\/v2\/types\/post"}],"author":[{"embeddable":true,"href":"https:\/\/radioljubuski.ba\/index.php\/wp-json\/wp\/v2\/users\/2"}],"replies":[{"embeddable":true,"href":"https:\/\/radioljubuski.ba\/index.php\/wp-json\/wp\/v2\/comments?post=53800"}],"version-history":[{"count":1,"href":"https:\/\/radioljubuski.ba\/index.php\/wp-json\/wp\/v2\/posts\/53800\/revisions"}],"predecessor-version":[{"id":53802,"href":"https:\/\/radioljubuski.ba\/index.php\/wp-json\/wp\/v2\/posts\/53800\/revisions\/53802"}],"wp:featuredmedia":[{"embeddable":true,"href":"https:\/\/radioljubuski.ba\/index.php\/wp-json\/wp\/v2\/media\/53801"}],"wp:attachment":[{"href":"https:\/\/radioljubuski.ba\/index.php\/wp-json\/wp\/v2\/media?parent=53800"}],"wp:term":[{"taxonomy":"category","embeddable":true,"href":"https:\/\/radioljubuski.ba\/index.php\/wp-json\/wp\/v2\/categories?post=53800"},{"taxonomy":"post_tag","embeddable":true,"href":"https:\/\/radioljubuski.ba\/index.php\/wp-json\/wp\/v2\/tags?post=53800"}],"curies":[{"name":"wp","href":"https:\/\/api.w.org\/{rel}","templated":true}]}}