{"id":53866,"date":"2021-08-16T10:11:07","date_gmt":"2021-08-16T09:11:07","guid":{"rendered":"https:\/\/radioljubuski.ba\/?p=53866"},"modified":"2021-08-16T10:11:07","modified_gmt":"2021-08-16T09:11:07","slug":"16-kolovoza-1977-umro-kralj-rock-and-rolla-elvis-presley-u-dobi-od-43-godine","status":"publish","type":"post","link":"https:\/\/radioljubuski.ba\/index.php\/2021\/08\/16\/16-kolovoza-1977-umro-kralj-rock-and-rolla-elvis-presley-u-dobi-od-43-godine\/","title":{"rendered":"16. kolovoza 1977. umro \u2018Kralj rock and rolla\u2019, Elvis Presley u dobi od 43 godine"},"content":{"rendered":"\n<p><strong>Na dana\u0161nji dan 16. kolovoza 1977. umro je u 43. godini \u017eivota slavni ameri\u010dki pjeva\u010d Elvis Presley, poznat kao \u201cKralj rock and rolla\u201d.<\/strong><\/p>\n\n\n\n<p>Smrt ga je zatekla u njegovom domu nazvanom Graceland, smje\u0161tenom u gradu Memphisu u ameri\u010dkoj saveznoj dr\u017eavi Tennessee. Prona\u0161li su ga na podu kupaonice, a niti jedan poku\u0161aj o\u017eivljavanja nije uspio. Do danas je ostao nepoznat to\u010dan uzrok njegove smrti, ali naga\u0111a se da je bila rije\u010d ili o sr\u010danom udaru ili o anafilakti\u010dkom \u0161oku. Oboje je moglo biti uzrokovano pretjeranom konzumacijom lijekova. Naime, obdukcijom su u Elvisovom organizmu prona\u0111eni ostatci \u010dak 14 razli\u010ditih lijekova, od \u010dega 10 u zna\u010dajnoj koli\u010dini.<\/p>\n\n\n\n<p>Zadnjih godina \u017eivota Elvis Presley je imao te\u0161kih problema s ovisno\u0161\u0107u o lijekovima. Uzimao je velike koli\u010dine sredstava za smirenje, naro\u010dito barbiturata. Bilo je slu\u010dajeva kad je zbog predoziranja pronala\u017een u gotovo komatoznom stanju. \u010cak mu se i izgled promijenio, pa je postao gotovo neprepoznatljiv. Na nekim koncertima bio je toliko omamljen da mu je glas bio gotovo nerazumljiv, a na sceni se gotovo uop\u0107e nije pomicao. Presleyev glavni lije\u010dnik, dr. Nichopoulos, navodno mu je samo tijekom prvih osam mjeseci posljednje 1977. godine \u017eivota prepisao vi\u0161e od 10,000 doza.<\/p>\n\n\n\n<p><strong>Elvis Presley \u2013 slavniji nakon smrti<\/strong><\/p>\n\n\n\n<p>Osim po svojoj glazbi Elvis \u0107e ostat zapam\u0107en i po svojoj karizmi, karakteru i osobnosti koji mu je donosio najve\u0107u mogu\u0107u popularnost, gotovo nezamislivu u dana\u0161nje doba.<\/p>\n\n\n\n<p>Kao dijete tipi\u010dne ameri\u010dke majke 50-ih pro\u0161log stolje\u0107a posve\u0107ene vjeri i Kristu primio je pobo\u017ean odgoj, te ga je to \u2018zrnce kr\u0161\u0107anske vjere\u2019 pratilo kroz \u010ditav \u017eivot neprolaznim tragom. Sam je nekoliko puta pripomenuo da je \u201eKrist njegov Kralj\u201c, kao i trag koji je ostavila majka u\u010de\u0107i ga od malih nogu vjeri i molitvi. Na\u017ealost svijet glamura, alkohola i droge kojim je bio okru\u017een taj nezaboravni pjeva\u010d \u201ean\u0111eoskog glasa\u201c ko\u0161tao ga je mnogo u \u017eivotu. Osim niza neprolaznih hitova, pjesama i slave, \u017eivot mu je bio obilje\u017een stranputicama, alkoholom, padovima, a \u0161to je najgore i drogom, pa ga je prerana smrt sna\u0161la u zenitu slave.<\/p>\n\n\n\n<p>Zanimljivo: koliko je bio popularan tijekom \u017eivota, toliko je ostao popularan ako ne i vi\u0161e nakon svoje smrti. Elvis Presley je svojom karizmati\u010dnom pojavom i pjesmama svakako zaslu\u017eio da se o njemu pri\u010da jo\u0161 dugo nakon \u0161to je oti\u0161ao.<\/p>\n\n\n\n<p>Elvisov \u017eivotopis u slikama kroz pjesmu \u201eGreen, green grass of home\u201c<\/p>\n\n\n\n<figure class=\"wp-block-embed is-type-video is-provider-youtube wp-block-embed-youtube wp-embed-aspect-4-3 wp-has-aspect-ratio\"><div class=\"wp-block-embed__wrapper\">\n<iframe loading=\"lazy\" title=\"Elvis Presley - Green Green Grass Of Home (best video)\" width=\"640\" height=\"480\" src=\"https:\/\/www.youtube.com\/embed\/uvGvmsLQaHA?feature=oembed\" frameborder=\"0\" allow=\"accelerometer; autoplay; clipboard-write; encrypted-media; gyroscope; picture-in-picture; web-share\" referrerpolicy=\"strict-origin-when-cross-origin\" allowfullscreen><\/iframe>\n<\/div><\/figure>\n\n\n\n<p><em>Izvor: narod.hr<\/em><\/p>\n","protected":false},"excerpt":{"rendered":"<p>Na dana\u0161nji dan 16. kolovoza 1977. umro je u 43. godini \u017eivota slavni ameri\u010dki pjeva\u010d Elvis Presley, poznat kao \u201cKralj rock and rolla\u201d. Smrt ga je zatekla u njegovom domu nazvanom Graceland, smje\u0161tenom u gradu Memphisu u ameri\u010dkoj saveznoj dr\u017eavi Tennessee. Prona\u0161li su ga na podu kupaonice, a niti jedan poku\u0161aj o\u017eivljavanja nije uspio. Do [&hellip;]<\/p>\n","protected":false},"author":2,"featured_media":53867,"comment_status":"closed","ping_status":"closed","sticky":false,"template":"","format":"standard","meta":{"h5ap_radio_sources":[],"footnotes":""},"categories":[1],"tags":[],"class_list":["post-53866","post","type-post","status-publish","format-standard","has-post-thumbnail","hentry","category-bihiregija"],"yoast_head":"<!-- This site is optimized with the Yoast SEO plugin v27.4 - https:\/\/yoast.com\/product\/yoast-seo-wordpress\/ -->\n<title>16. kolovoza 1977. umro \u2018Kralj rock and rolla\u2019, Elvis Presley u dobi od 43 godine - RADIO LJUBU\u0160KI<\/title>\n<meta name=\"robots\" content=\"index, follow, max-snippet:-1, max-image-preview:large, max-video-preview:-1\" \/>\n<link rel=\"canonical\" href=\"https:\/\/radioljubuski.ba\/index.php\/2021\/08\/16\/16-kolovoza-1977-umro-kralj-rock-and-rolla-elvis-presley-u-dobi-od-43-godine\/\" \/>\n<meta property=\"og:locale\" content=\"hr_HR\" \/>\n<meta property=\"og:type\" content=\"article\" \/>\n<meta property=\"og:title\" content=\"16. kolovoza 1977. umro \u2018Kralj rock and rolla\u2019, Elvis Presley u dobi od 43 godine - RADIO LJUBU\u0160KI\" \/>\n<meta property=\"og:description\" content=\"Na dana\u0161nji dan 16. kolovoza 1977. umro je u 43. godini \u017eivota slavni ameri\u010dki pjeva\u010d Elvis Presley, poznat kao \u201cKralj rock and rolla\u201d. Smrt ga je zatekla u njegovom domu nazvanom Graceland, smje\u0161tenom u gradu Memphisu u ameri\u010dkoj saveznoj dr\u017eavi Tennessee. Prona\u0161li su ga na podu kupaonice, a niti jedan poku\u0161aj o\u017eivljavanja nije uspio. Do [&hellip;]\" \/>\n<meta property=\"og:url\" content=\"https:\/\/radioljubuski.ba\/index.php\/2021\/08\/16\/16-kolovoza-1977-umro-kralj-rock-and-rolla-elvis-presley-u-dobi-od-43-godine\/\" \/>\n<meta property=\"og:site_name\" content=\"RADIO LJUBU\u0160KI\" \/>\n<meta property=\"article:publisher\" content=\"https:\/\/www.facebook.com\/Radiio-Ljubuski-1490835324566332\" \/>\n<meta property=\"article:published_time\" content=\"2021-08-16T09:11:07+00:00\" \/>\n<meta property=\"og:image\" content=\"https:\/\/radioljubuski.ba\/wp-content\/uploads\/2021\/08\/1956-elvis-presley-harley-davidson.jpg\" \/>\n\t<meta property=\"og:image:width\" content=\"475\" \/>\n\t<meta property=\"og:image:height\" content=\"412\" \/>\n\t<meta property=\"og:image:type\" content=\"image\/jpeg\" \/>\n<meta name=\"author\" content=\"Radio Ljubu\u0161ki\" \/>\n<meta name=\"twitter:card\" content=\"summary_large_image\" \/>\n<meta name=\"twitter:creator\" content=\"@radioljubuski\" \/>\n<meta name=\"twitter:site\" content=\"@radioljubuski\" \/>\n<meta name=\"twitter:label1\" content=\"Napisao\/la\" \/>\n\t<meta name=\"twitter:data1\" content=\"Radio Ljubu\u0161ki\" \/>\n\t<meta name=\"twitter:label2\" content=\"Procijenjeno vrijeme \u010ditanja\" \/>\n\t<meta name=\"twitter:data2\" content=\"2 minute\" \/>\n<script type=\"application\/ld+json\" class=\"yoast-schema-graph\">{\"@context\":\"https:\\\/\\\/schema.org\",\"@graph\":[{\"@type\":\"Article\",\"@id\":\"https:\\\/\\\/radioljubuski.ba\\\/index.php\\\/2021\\\/08\\\/16\\\/16-kolovoza-1977-umro-kralj-rock-and-rolla-elvis-presley-u-dobi-od-43-godine\\\/#article\",\"isPartOf\":{\"@id\":\"https:\\\/\\\/radioljubuski.ba\\\/index.php\\\/2021\\\/08\\\/16\\\/16-kolovoza-1977-umro-kralj-rock-and-rolla-elvis-presley-u-dobi-od-43-godine\\\/\"},\"author\":{\"name\":\"Radio Ljubu\u0161ki\",\"@id\":\"https:\\\/\\\/radioljubuski.ba\\\/#\\\/schema\\\/person\\\/19fc700381a780f69665d7956c469e3b\"},\"headline\":\"16. kolovoza 1977. umro \u2018Kralj rock and rolla\u2019, Elvis Presley u dobi od 43 godine\",\"datePublished\":\"2021-08-16T09:11:07+00:00\",\"mainEntityOfPage\":{\"@id\":\"https:\\\/\\\/radioljubuski.ba\\\/index.php\\\/2021\\\/08\\\/16\\\/16-kolovoza-1977-umro-kralj-rock-and-rolla-elvis-presley-u-dobi-od-43-godine\\\/\"},\"wordCount\":444,\"publisher\":{\"@id\":\"https:\\\/\\\/radioljubuski.ba\\\/#organization\"},\"image\":{\"@id\":\"https:\\\/\\\/radioljubuski.ba\\\/index.php\\\/2021\\\/08\\\/16\\\/16-kolovoza-1977-umro-kralj-rock-and-rolla-elvis-presley-u-dobi-od-43-godine\\\/#primaryimage\"},\"thumbnailUrl\":\"https:\\\/\\\/radioljubuski.ba\\\/wp-content\\\/uploads\\\/2021\\\/08\\\/1956-elvis-presley-harley-davidson.jpg\",\"articleSection\":[\"BIH i regija\"],\"inLanguage\":\"hr\"},{\"@type\":\"WebPage\",\"@id\":\"https:\\\/\\\/radioljubuski.ba\\\/index.php\\\/2021\\\/08\\\/16\\\/16-kolovoza-1977-umro-kralj-rock-and-rolla-elvis-presley-u-dobi-od-43-godine\\\/\",\"url\":\"https:\\\/\\\/radioljubuski.ba\\\/index.php\\\/2021\\\/08\\\/16\\\/16-kolovoza-1977-umro-kralj-rock-and-rolla-elvis-presley-u-dobi-od-43-godine\\\/\",\"name\":\"16. kolovoza 1977. umro \u2018Kralj rock and rolla\u2019, Elvis Presley u dobi od 43 godine - RADIO LJUBU\u0160KI\",\"isPartOf\":{\"@id\":\"https:\\\/\\\/radioljubuski.ba\\\/#website\"},\"primaryImageOfPage\":{\"@id\":\"https:\\\/\\\/radioljubuski.ba\\\/index.php\\\/2021\\\/08\\\/16\\\/16-kolovoza-1977-umro-kralj-rock-and-rolla-elvis-presley-u-dobi-od-43-godine\\\/#primaryimage\"},\"image\":{\"@id\":\"https:\\\/\\\/radioljubuski.ba\\\/index.php\\\/2021\\\/08\\\/16\\\/16-kolovoza-1977-umro-kralj-rock-and-rolla-elvis-presley-u-dobi-od-43-godine\\\/#primaryimage\"},\"thumbnailUrl\":\"https:\\\/\\\/radioljubuski.ba\\\/wp-content\\\/uploads\\\/2021\\\/08\\\/1956-elvis-presley-harley-davidson.jpg\",\"datePublished\":\"2021-08-16T09:11:07+00:00\",\"breadcrumb\":{\"@id\":\"https:\\\/\\\/radioljubuski.ba\\\/index.php\\\/2021\\\/08\\\/16\\\/16-kolovoza-1977-umro-kralj-rock-and-rolla-elvis-presley-u-dobi-od-43-godine\\\/#breadcrumb\"},\"inLanguage\":\"hr\",\"potentialAction\":[{\"@type\":\"ReadAction\",\"target\":[\"https:\\\/\\\/radioljubuski.ba\\\/index.php\\\/2021\\\/08\\\/16\\\/16-kolovoza-1977-umro-kralj-rock-and-rolla-elvis-presley-u-dobi-od-43-godine\\\/\"]}]},{\"@type\":\"ImageObject\",\"inLanguage\":\"hr\",\"@id\":\"https:\\\/\\\/radioljubuski.ba\\\/index.php\\\/2021\\\/08\\\/16\\\/16-kolovoza-1977-umro-kralj-rock-and-rolla-elvis-presley-u-dobi-od-43-godine\\\/#primaryimage\",\"url\":\"https:\\\/\\\/radioljubuski.ba\\\/wp-content\\\/uploads\\\/2021\\\/08\\\/1956-elvis-presley-harley-davidson.jpg\",\"contentUrl\":\"https:\\\/\\\/radioljubuski.ba\\\/wp-content\\\/uploads\\\/2021\\\/08\\\/1956-elvis-presley-harley-davidson.jpg\",\"width\":475,\"height\":412},{\"@type\":\"BreadcrumbList\",\"@id\":\"https:\\\/\\\/radioljubuski.ba\\\/index.php\\\/2021\\\/08\\\/16\\\/16-kolovoza-1977-umro-kralj-rock-and-rolla-elvis-presley-u-dobi-od-43-godine\\\/#breadcrumb\",\"itemListElement\":[{\"@type\":\"ListItem\",\"position\":1,\"name\":\"Po\u010detna stranica\",\"item\":\"https:\\\/\\\/radioljubuski.ba\\\/\"},{\"@type\":\"ListItem\",\"position\":2,\"name\":\"16. kolovoza 1977. umro \u2018Kralj rock and rolla\u2019, Elvis Presley u dobi od 43 godine\"}]},{\"@type\":\"WebSite\",\"@id\":\"https:\\\/\\\/radioljubuski.ba\\\/#website\",\"url\":\"https:\\\/\\\/radioljubuski.ba\\\/\",\"name\":\"Radio Ljubu\u0161ki\",\"description\":\"Sun\u010dana frekvencija Hercegovine\",\"publisher\":{\"@id\":\"https:\\\/\\\/radioljubuski.ba\\\/#organization\"},\"potentialAction\":[{\"@type\":\"SearchAction\",\"target\":{\"@type\":\"EntryPoint\",\"urlTemplate\":\"https:\\\/\\\/radioljubuski.ba\\\/?s={search_term_string}\"},\"query-input\":{\"@type\":\"PropertyValueSpecification\",\"valueRequired\":true,\"valueName\":\"search_term_string\"}}],\"inLanguage\":\"hr\"},{\"@type\":\"Organization\",\"@id\":\"https:\\\/\\\/radioljubuski.ba\\\/#organization\",\"name\":\"Radio Ljubu\u0161ki\",\"url\":\"https:\\\/\\\/radioljubuski.ba\\\/\",\"logo\":{\"@type\":\"ImageObject\",\"inLanguage\":\"hr\",\"@id\":\"https:\\\/\\\/radioljubuski.ba\\\/#\\\/schema\\\/logo\\\/image\\\/\",\"url\":\"https:\\\/\\\/radioljubuski.ba\\\/wp-content\\\/uploads\\\/2021\\\/02\\\/cropped-Radio_Ljubuski_logo1.jpg\",\"contentUrl\":\"https:\\\/\\\/radioljubuski.ba\\\/wp-content\\\/uploads\\\/2021\\\/02\\\/cropped-Radio_Ljubuski_logo1.jpg\",\"width\":512,\"height\":512,\"caption\":\"Radio Ljubu\u0161ki\"},\"image\":{\"@id\":\"https:\\\/\\\/radioljubuski.ba\\\/#\\\/schema\\\/logo\\\/image\\\/\"},\"sameAs\":[\"https:\\\/\\\/www.facebook.com\\\/Radiio-Ljubuski-1490835324566332\",\"https:\\\/\\\/x.com\\\/radioljubuski\",\"https:\\\/\\\/hr.linkedin.com\\\/company\\\/radio-ljubuski\",\"https:\\\/\\\/www.youtube.com\\\/channel\\\/UCHYaeO_n0Db3tjNGudGpXyw\"]},{\"@type\":\"Person\",\"@id\":\"https:\\\/\\\/radioljubuski.ba\\\/#\\\/schema\\\/person\\\/19fc700381a780f69665d7956c469e3b\",\"name\":\"Radio Ljubu\u0161ki\"}]}<\/script>\n<!-- \/ Yoast SEO plugin. -->","yoast_head_json":{"title":"16. kolovoza 1977. umro \u2018Kralj rock and rolla\u2019, Elvis Presley u dobi od 43 godine - RADIO LJUBU\u0160KI","robots":{"index":"index","follow":"follow","max-snippet":"max-snippet:-1","max-image-preview":"max-image-preview:large","max-video-preview":"max-video-preview:-1"},"canonical":"https:\/\/radioljubuski.ba\/index.php\/2021\/08\/16\/16-kolovoza-1977-umro-kralj-rock-and-rolla-elvis-presley-u-dobi-od-43-godine\/","og_locale":"hr_HR","og_type":"article","og_title":"16. kolovoza 1977. umro \u2018Kralj rock and rolla\u2019, Elvis Presley u dobi od 43 godine - RADIO LJUBU\u0160KI","og_description":"Na dana\u0161nji dan 16. kolovoza 1977. umro je u 43. godini \u017eivota slavni ameri\u010dki pjeva\u010d Elvis Presley, poznat kao \u201cKralj rock and rolla\u201d. Smrt ga je zatekla u njegovom domu nazvanom Graceland, smje\u0161tenom u gradu Memphisu u ameri\u010dkoj saveznoj dr\u017eavi Tennessee. Prona\u0161li su ga na podu kupaonice, a niti jedan poku\u0161aj o\u017eivljavanja nije uspio. Do [&hellip;]","og_url":"https:\/\/radioljubuski.ba\/index.php\/2021\/08\/16\/16-kolovoza-1977-umro-kralj-rock-and-rolla-elvis-presley-u-dobi-od-43-godine\/","og_site_name":"RADIO LJUBU\u0160KI","article_publisher":"https:\/\/www.facebook.com\/Radiio-Ljubuski-1490835324566332","article_published_time":"2021-08-16T09:11:07+00:00","og_image":[{"width":475,"height":412,"url":"https:\/\/radioljubuski.ba\/wp-content\/uploads\/2021\/08\/1956-elvis-presley-harley-davidson.jpg","type":"image\/jpeg"}],"author":"Radio Ljubu\u0161ki","twitter_card":"summary_large_image","twitter_creator":"@radioljubuski","twitter_site":"@radioljubuski","twitter_misc":{"Napisao\/la":"Radio Ljubu\u0161ki","Procijenjeno vrijeme \u010ditanja":"2 minute"},"schema":{"@context":"https:\/\/schema.org","@graph":[{"@type":"Article","@id":"https:\/\/radioljubuski.ba\/index.php\/2021\/08\/16\/16-kolovoza-1977-umro-kralj-rock-and-rolla-elvis-presley-u-dobi-od-43-godine\/#article","isPartOf":{"@id":"https:\/\/radioljubuski.ba\/index.php\/2021\/08\/16\/16-kolovoza-1977-umro-kralj-rock-and-rolla-elvis-presley-u-dobi-od-43-godine\/"},"author":{"name":"Radio Ljubu\u0161ki","@id":"https:\/\/radioljubuski.ba\/#\/schema\/person\/19fc700381a780f69665d7956c469e3b"},"headline":"16. kolovoza 1977. umro \u2018Kralj rock and rolla\u2019, Elvis Presley u dobi od 43 godine","datePublished":"2021-08-16T09:11:07+00:00","mainEntityOfPage":{"@id":"https:\/\/radioljubuski.ba\/index.php\/2021\/08\/16\/16-kolovoza-1977-umro-kralj-rock-and-rolla-elvis-presley-u-dobi-od-43-godine\/"},"wordCount":444,"publisher":{"@id":"https:\/\/radioljubuski.ba\/#organization"},"image":{"@id":"https:\/\/radioljubuski.ba\/index.php\/2021\/08\/16\/16-kolovoza-1977-umro-kralj-rock-and-rolla-elvis-presley-u-dobi-od-43-godine\/#primaryimage"},"thumbnailUrl":"https:\/\/radioljubuski.ba\/wp-content\/uploads\/2021\/08\/1956-elvis-presley-harley-davidson.jpg","articleSection":["BIH i regija"],"inLanguage":"hr"},{"@type":"WebPage","@id":"https:\/\/radioljubuski.ba\/index.php\/2021\/08\/16\/16-kolovoza-1977-umro-kralj-rock-and-rolla-elvis-presley-u-dobi-od-43-godine\/","url":"https:\/\/radioljubuski.ba\/index.php\/2021\/08\/16\/16-kolovoza-1977-umro-kralj-rock-and-rolla-elvis-presley-u-dobi-od-43-godine\/","name":"16. kolovoza 1977. umro \u2018Kralj rock and rolla\u2019, Elvis Presley u dobi od 43 godine - RADIO LJUBU\u0160KI","isPartOf":{"@id":"https:\/\/radioljubuski.ba\/#website"},"primaryImageOfPage":{"@id":"https:\/\/radioljubuski.ba\/index.php\/2021\/08\/16\/16-kolovoza-1977-umro-kralj-rock-and-rolla-elvis-presley-u-dobi-od-43-godine\/#primaryimage"},"image":{"@id":"https:\/\/radioljubuski.ba\/index.php\/2021\/08\/16\/16-kolovoza-1977-umro-kralj-rock-and-rolla-elvis-presley-u-dobi-od-43-godine\/#primaryimage"},"thumbnailUrl":"https:\/\/radioljubuski.ba\/wp-content\/uploads\/2021\/08\/1956-elvis-presley-harley-davidson.jpg","datePublished":"2021-08-16T09:11:07+00:00","breadcrumb":{"@id":"https:\/\/radioljubuski.ba\/index.php\/2021\/08\/16\/16-kolovoza-1977-umro-kralj-rock-and-rolla-elvis-presley-u-dobi-od-43-godine\/#breadcrumb"},"inLanguage":"hr","potentialAction":[{"@type":"ReadAction","target":["https:\/\/radioljubuski.ba\/index.php\/2021\/08\/16\/16-kolovoza-1977-umro-kralj-rock-and-rolla-elvis-presley-u-dobi-od-43-godine\/"]}]},{"@type":"ImageObject","inLanguage":"hr","@id":"https:\/\/radioljubuski.ba\/index.php\/2021\/08\/16\/16-kolovoza-1977-umro-kralj-rock-and-rolla-elvis-presley-u-dobi-od-43-godine\/#primaryimage","url":"https:\/\/radioljubuski.ba\/wp-content\/uploads\/2021\/08\/1956-elvis-presley-harley-davidson.jpg","contentUrl":"https:\/\/radioljubuski.ba\/wp-content\/uploads\/2021\/08\/1956-elvis-presley-harley-davidson.jpg","width":475,"height":412},{"@type":"BreadcrumbList","@id":"https:\/\/radioljubuski.ba\/index.php\/2021\/08\/16\/16-kolovoza-1977-umro-kralj-rock-and-rolla-elvis-presley-u-dobi-od-43-godine\/#breadcrumb","itemListElement":[{"@type":"ListItem","position":1,"name":"Po\u010detna stranica","item":"https:\/\/radioljubuski.ba\/"},{"@type":"ListItem","position":2,"name":"16. kolovoza 1977. umro \u2018Kralj rock and rolla\u2019, Elvis Presley u dobi od 43 godine"}]},{"@type":"WebSite","@id":"https:\/\/radioljubuski.ba\/#website","url":"https:\/\/radioljubuski.ba\/","name":"Radio Ljubu\u0161ki","description":"Sun\u010dana frekvencija Hercegovine","publisher":{"@id":"https:\/\/radioljubuski.ba\/#organization"},"potentialAction":[{"@type":"SearchAction","target":{"@type":"EntryPoint","urlTemplate":"https:\/\/radioljubuski.ba\/?s={search_term_string}"},"query-input":{"@type":"PropertyValueSpecification","valueRequired":true,"valueName":"search_term_string"}}],"inLanguage":"hr"},{"@type":"Organization","@id":"https:\/\/radioljubuski.ba\/#organization","name":"Radio Ljubu\u0161ki","url":"https:\/\/radioljubuski.ba\/","logo":{"@type":"ImageObject","inLanguage":"hr","@id":"https:\/\/radioljubuski.ba\/#\/schema\/logo\/image\/","url":"https:\/\/radioljubuski.ba\/wp-content\/uploads\/2021\/02\/cropped-Radio_Ljubuski_logo1.jpg","contentUrl":"https:\/\/radioljubuski.ba\/wp-content\/uploads\/2021\/02\/cropped-Radio_Ljubuski_logo1.jpg","width":512,"height":512,"caption":"Radio Ljubu\u0161ki"},"image":{"@id":"https:\/\/radioljubuski.ba\/#\/schema\/logo\/image\/"},"sameAs":["https:\/\/www.facebook.com\/Radiio-Ljubuski-1490835324566332","https:\/\/x.com\/radioljubuski","https:\/\/hr.linkedin.com\/company\/radio-ljubuski","https:\/\/www.youtube.com\/channel\/UCHYaeO_n0Db3tjNGudGpXyw"]},{"@type":"Person","@id":"https:\/\/radioljubuski.ba\/#\/schema\/person\/19fc700381a780f69665d7956c469e3b","name":"Radio Ljubu\u0161ki"}]}},"_links":{"self":[{"href":"https:\/\/radioljubuski.ba\/index.php\/wp-json\/wp\/v2\/posts\/53866","targetHints":{"allow":["GET"]}}],"collection":[{"href":"https:\/\/radioljubuski.ba\/index.php\/wp-json\/wp\/v2\/posts"}],"about":[{"href":"https:\/\/radioljubuski.ba\/index.php\/wp-json\/wp\/v2\/types\/post"}],"author":[{"embeddable":true,"href":"https:\/\/radioljubuski.ba\/index.php\/wp-json\/wp\/v2\/users\/2"}],"replies":[{"embeddable":true,"href":"https:\/\/radioljubuski.ba\/index.php\/wp-json\/wp\/v2\/comments?post=53866"}],"version-history":[{"count":1,"href":"https:\/\/radioljubuski.ba\/index.php\/wp-json\/wp\/v2\/posts\/53866\/revisions"}],"predecessor-version":[{"id":53868,"href":"https:\/\/radioljubuski.ba\/index.php\/wp-json\/wp\/v2\/posts\/53866\/revisions\/53868"}],"wp:featuredmedia":[{"embeddable":true,"href":"https:\/\/radioljubuski.ba\/index.php\/wp-json\/wp\/v2\/media\/53867"}],"wp:attachment":[{"href":"https:\/\/radioljubuski.ba\/index.php\/wp-json\/wp\/v2\/media?parent=53866"}],"wp:term":[{"taxonomy":"category","embeddable":true,"href":"https:\/\/radioljubuski.ba\/index.php\/wp-json\/wp\/v2\/categories?post=53866"},{"taxonomy":"post_tag","embeddable":true,"href":"https:\/\/radioljubuski.ba\/index.php\/wp-json\/wp\/v2\/tags?post=53866"}],"curies":[{"name":"wp","href":"https:\/\/api.w.org\/{rel}","templated":true}]}}