{"id":53903,"date":"2021-08-16T10:33:00","date_gmt":"2021-08-16T09:33:00","guid":{"rendered":"https:\/\/radioljubuski.ba\/?p=53903"},"modified":"2021-08-16T10:33:01","modified_gmt":"2021-08-16T09:33:01","slug":"bajramovic-cijepljeni-u-bih-ipak-obolijevaju-od-koronavirusa","status":"publish","type":"post","link":"https:\/\/radioljubuski.ba\/index.php\/2021\/08\/16\/bajramovic-cijepljeni-u-bih-ipak-obolijevaju-od-koronavirusa\/","title":{"rendered":"Bajramovi\u0107: Cijepljeni u BiH ipak obolijevaju od koronavirusa"},"content":{"rendered":"\n<p>Anisa Bajramovi\u0107, epidemiologinja i voditeljica Odjela za imunizaciju sa cijepnim centrom u JU Zavod za javno zdravstvo Sarajevske \u017eupanije jutros je za N1 govorila o trenutnoj epidemiolo\u0161koj situaciji u S\u017d sa osvrtom na Dane otvorenih vrata u smislu cijepljenja gra\u0111ana.<\/p>\n\n\n\n<p>\u201cJa sam jutros do\u0161la sa podacima od ju\u010der, u S\u017d imamo taj linearni rast, svaki dan nekih 25 novozara\u017eenih, imamo nekih 33 do 35 hospitaliziranih u obje bolnice. Od ju\u010der je jedna osoba na respiratoru, tri osobe na potpori kisikom. Imamo 160 ukupno osoba koji su akutno zara\u017eeni koronavirusom i do sada je u S\u017d obolilo ukupno 3.267, a u izolaciji su 934 osobe u S\u017d\u201c, kazala je Bajramovi\u0107.<\/p>\n\n\n\n<p>Dodala je da postoji i odre\u0111eni broj zdravstvenih radnika koji su cijepljeni, a ipak obolijevaju.<\/p>\n\n\n\n<p>\u201cOd petka smo imali komunikaciju sa zdravstvenim radnicima koji oboljevaju i koji su cijepljeni, imaju obje doze, ti medicinski radnici uglavnom imaju zapu\u0161en nos ili curenje nosa, jedna osoba je imala dijareju, tako da mo\u017eemo re\u0107i da su simptomi sli\u010dni kao i prethodnim sojevima. Tako da, tko god ima bilo koji simptom treba ostati ku\u0107i, testirati se i sa\u010dekati da pro\u0111e vrijeme dok se ne utvrdi je li koronavirus ili ne\u201c.<\/p>\n\n\n\n<p>\u201cUltimativni cilj imunizacije je prekid prenosa zarazne bolesti. Mi smo se radovali na po\u010detku da se cijepljeni nisu zarazili, ali sada vidimo da imamo situaciju da cijepljeni mogu oboliti, ali svi koji su cijepljeni do sada sre\u0107om nisu zavr\u0161ili u bolnici\u201d, dodala je.<\/p>\n\n\n\n<p>Izvor:pogled.ba<\/p>\n","protected":false},"excerpt":{"rendered":"<p>Anisa Bajramovi\u0107, epidemiologinja i voditeljica Odjela za imunizaciju sa cijepnim centrom u JU Zavod za javno zdravstvo Sarajevske \u017eupanije jutros je za N1 govorila o trenutnoj epidemiolo\u0161koj situaciji u S\u017d sa osvrtom na Dane otvorenih vrata u smislu cijepljenja gra\u0111ana. \u201cJa sam jutros do\u0161la sa podacima od ju\u010der, u S\u017d imamo taj linearni rast, svaki [&hellip;]<\/p>\n","protected":false},"author":2,"featured_media":53904,"comment_status":"closed","ping_status":"closed","sticky":false,"template":"","format":"standard","meta":{"h5ap_radio_sources":[],"footnotes":""},"categories":[1],"tags":[],"class_list":["post-53903","post","type-post","status-publish","format-standard","has-post-thumbnail","hentry","category-bihiregija"],"yoast_head":"<!-- This site is optimized with the Yoast SEO plugin v27.5 - https:\/\/yoast.com\/product\/yoast-seo-wordpress\/ -->\n<title>Bajramovi\u0107: Cijepljeni u BiH ipak obolijevaju od koronavirusa - RADIO LJUBU\u0160KI<\/title>\n<meta name=\"robots\" content=\"index, follow, max-snippet:-1, max-image-preview:large, max-video-preview:-1\" \/>\n<link rel=\"canonical\" href=\"https:\/\/radioljubuski.ba\/index.php\/2021\/08\/16\/bajramovic-cijepljeni-u-bih-ipak-obolijevaju-od-koronavirusa\/\" \/>\n<meta property=\"og:locale\" content=\"hr_HR\" \/>\n<meta property=\"og:type\" content=\"article\" \/>\n<meta property=\"og:title\" content=\"Bajramovi\u0107: Cijepljeni u BiH ipak obolijevaju od koronavirusa - RADIO LJUBU\u0160KI\" \/>\n<meta property=\"og:description\" content=\"Anisa Bajramovi\u0107, epidemiologinja i voditeljica Odjela za imunizaciju sa cijepnim centrom u JU Zavod za javno zdravstvo Sarajevske \u017eupanije jutros je za N1 govorila o trenutnoj epidemiolo\u0161koj situaciji u S\u017d sa osvrtom na Dane otvorenih vrata u smislu cijepljenja gra\u0111ana. \u201cJa sam jutros do\u0161la sa podacima od ju\u010der, u S\u017d imamo taj linearni rast, svaki [&hellip;]\" \/>\n<meta property=\"og:url\" content=\"https:\/\/radioljubuski.ba\/index.php\/2021\/08\/16\/bajramovic-cijepljeni-u-bih-ipak-obolijevaju-od-koronavirusa\/\" \/>\n<meta property=\"og:site_name\" content=\"RADIO LJUBU\u0160KI\" \/>\n<meta property=\"article:publisher\" content=\"https:\/\/www.facebook.com\/Radiio-Ljubuski-1490835324566332\" \/>\n<meta property=\"article:published_time\" content=\"2021-08-16T09:33:00+00:00\" \/>\n<meta property=\"article:modified_time\" content=\"2021-08-16T09:33:01+00:00\" \/>\n<meta property=\"og:image\" content=\"https:\/\/radioljubuski.ba\/wp-content\/uploads\/2021\/08\/2-2021-08-16-09-53-55-bajramovic.jpg\" \/>\n\t<meta property=\"og:image:width\" content=\"1000\" \/>\n\t<meta property=\"og:image:height\" content=\"625\" \/>\n\t<meta property=\"og:image:type\" content=\"image\/jpeg\" \/>\n<meta name=\"author\" content=\"Radio Ljubu\u0161ki\" \/>\n<meta name=\"twitter:card\" content=\"summary_large_image\" \/>\n<meta name=\"twitter:creator\" content=\"@radioljubuski\" \/>\n<meta name=\"twitter:site\" content=\"@radioljubuski\" \/>\n<meta name=\"twitter:label1\" content=\"Napisao\/la\" \/>\n\t<meta name=\"twitter:data1\" content=\"Radio Ljubu\u0161ki\" \/>\n\t<meta name=\"twitter:label2\" content=\"Procijenjeno vrijeme \u010ditanja\" \/>\n\t<meta name=\"twitter:data2\" content=\"2 minute\" \/>\n<script type=\"application\/ld+json\" class=\"yoast-schema-graph\">{\"@context\":\"https:\\\/\\\/schema.org\",\"@graph\":[{\"@type\":\"Article\",\"@id\":\"https:\\\/\\\/radioljubuski.ba\\\/index.php\\\/2021\\\/08\\\/16\\\/bajramovic-cijepljeni-u-bih-ipak-obolijevaju-od-koronavirusa\\\/#article\",\"isPartOf\":{\"@id\":\"https:\\\/\\\/radioljubuski.ba\\\/index.php\\\/2021\\\/08\\\/16\\\/bajramovic-cijepljeni-u-bih-ipak-obolijevaju-od-koronavirusa\\\/\"},\"author\":{\"name\":\"Radio Ljubu\u0161ki\",\"@id\":\"https:\\\/\\\/radioljubuski.ba\\\/#\\\/schema\\\/person\\\/19fc700381a780f69665d7956c469e3b\"},\"headline\":\"Bajramovi\u0107: Cijepljeni u BiH ipak obolijevaju od koronavirusa\",\"datePublished\":\"2021-08-16T09:33:00+00:00\",\"dateModified\":\"2021-08-16T09:33:01+00:00\",\"mainEntityOfPage\":{\"@id\":\"https:\\\/\\\/radioljubuski.ba\\\/index.php\\\/2021\\\/08\\\/16\\\/bajramovic-cijepljeni-u-bih-ipak-obolijevaju-od-koronavirusa\\\/\"},\"wordCount\":261,\"publisher\":{\"@id\":\"https:\\\/\\\/radioljubuski.ba\\\/#organization\"},\"image\":{\"@id\":\"https:\\\/\\\/radioljubuski.ba\\\/index.php\\\/2021\\\/08\\\/16\\\/bajramovic-cijepljeni-u-bih-ipak-obolijevaju-od-koronavirusa\\\/#primaryimage\"},\"thumbnailUrl\":\"https:\\\/\\\/radioljubuski.ba\\\/wp-content\\\/uploads\\\/2021\\\/08\\\/2-2021-08-16-09-53-55-bajramovic.jpg\",\"articleSection\":[\"BIH i regija\"],\"inLanguage\":\"hr\"},{\"@type\":\"WebPage\",\"@id\":\"https:\\\/\\\/radioljubuski.ba\\\/index.php\\\/2021\\\/08\\\/16\\\/bajramovic-cijepljeni-u-bih-ipak-obolijevaju-od-koronavirusa\\\/\",\"url\":\"https:\\\/\\\/radioljubuski.ba\\\/index.php\\\/2021\\\/08\\\/16\\\/bajramovic-cijepljeni-u-bih-ipak-obolijevaju-od-koronavirusa\\\/\",\"name\":\"Bajramovi\u0107: Cijepljeni u BiH ipak obolijevaju od koronavirusa - RADIO LJUBU\u0160KI\",\"isPartOf\":{\"@id\":\"https:\\\/\\\/radioljubuski.ba\\\/#website\"},\"primaryImageOfPage\":{\"@id\":\"https:\\\/\\\/radioljubuski.ba\\\/index.php\\\/2021\\\/08\\\/16\\\/bajramovic-cijepljeni-u-bih-ipak-obolijevaju-od-koronavirusa\\\/#primaryimage\"},\"image\":{\"@id\":\"https:\\\/\\\/radioljubuski.ba\\\/index.php\\\/2021\\\/08\\\/16\\\/bajramovic-cijepljeni-u-bih-ipak-obolijevaju-od-koronavirusa\\\/#primaryimage\"},\"thumbnailUrl\":\"https:\\\/\\\/radioljubuski.ba\\\/wp-content\\\/uploads\\\/2021\\\/08\\\/2-2021-08-16-09-53-55-bajramovic.jpg\",\"datePublished\":\"2021-08-16T09:33:00+00:00\",\"dateModified\":\"2021-08-16T09:33:01+00:00\",\"breadcrumb\":{\"@id\":\"https:\\\/\\\/radioljubuski.ba\\\/index.php\\\/2021\\\/08\\\/16\\\/bajramovic-cijepljeni-u-bih-ipak-obolijevaju-od-koronavirusa\\\/#breadcrumb\"},\"inLanguage\":\"hr\",\"potentialAction\":[{\"@type\":\"ReadAction\",\"target\":[\"https:\\\/\\\/radioljubuski.ba\\\/index.php\\\/2021\\\/08\\\/16\\\/bajramovic-cijepljeni-u-bih-ipak-obolijevaju-od-koronavirusa\\\/\"]}]},{\"@type\":\"ImageObject\",\"inLanguage\":\"hr\",\"@id\":\"https:\\\/\\\/radioljubuski.ba\\\/index.php\\\/2021\\\/08\\\/16\\\/bajramovic-cijepljeni-u-bih-ipak-obolijevaju-od-koronavirusa\\\/#primaryimage\",\"url\":\"https:\\\/\\\/radioljubuski.ba\\\/wp-content\\\/uploads\\\/2021\\\/08\\\/2-2021-08-16-09-53-55-bajramovic.jpg\",\"contentUrl\":\"https:\\\/\\\/radioljubuski.ba\\\/wp-content\\\/uploads\\\/2021\\\/08\\\/2-2021-08-16-09-53-55-bajramovic.jpg\",\"width\":1000,\"height\":625},{\"@type\":\"BreadcrumbList\",\"@id\":\"https:\\\/\\\/radioljubuski.ba\\\/index.php\\\/2021\\\/08\\\/16\\\/bajramovic-cijepljeni-u-bih-ipak-obolijevaju-od-koronavirusa\\\/#breadcrumb\",\"itemListElement\":[{\"@type\":\"ListItem\",\"position\":1,\"name\":\"Po\u010detna stranica\",\"item\":\"https:\\\/\\\/radioljubuski.ba\\\/\"},{\"@type\":\"ListItem\",\"position\":2,\"name\":\"Bajramovi\u0107: Cijepljeni u BiH ipak obolijevaju od koronavirusa\"}]},{\"@type\":\"WebSite\",\"@id\":\"https:\\\/\\\/radioljubuski.ba\\\/#website\",\"url\":\"https:\\\/\\\/radioljubuski.ba\\\/\",\"name\":\"Radio Ljubu\u0161ki\",\"description\":\"Sun\u010dana frekvencija Hercegovine\",\"publisher\":{\"@id\":\"https:\\\/\\\/radioljubuski.ba\\\/#organization\"},\"potentialAction\":[{\"@type\":\"SearchAction\",\"target\":{\"@type\":\"EntryPoint\",\"urlTemplate\":\"https:\\\/\\\/radioljubuski.ba\\\/?s={search_term_string}\"},\"query-input\":{\"@type\":\"PropertyValueSpecification\",\"valueRequired\":true,\"valueName\":\"search_term_string\"}}],\"inLanguage\":\"hr\"},{\"@type\":\"Organization\",\"@id\":\"https:\\\/\\\/radioljubuski.ba\\\/#organization\",\"name\":\"Radio Ljubu\u0161ki\",\"url\":\"https:\\\/\\\/radioljubuski.ba\\\/\",\"logo\":{\"@type\":\"ImageObject\",\"inLanguage\":\"hr\",\"@id\":\"https:\\\/\\\/radioljubuski.ba\\\/#\\\/schema\\\/logo\\\/image\\\/\",\"url\":\"https:\\\/\\\/radioljubuski.ba\\\/wp-content\\\/uploads\\\/2021\\\/02\\\/cropped-Radio_Ljubuski_logo1.jpg\",\"contentUrl\":\"https:\\\/\\\/radioljubuski.ba\\\/wp-content\\\/uploads\\\/2021\\\/02\\\/cropped-Radio_Ljubuski_logo1.jpg\",\"width\":512,\"height\":512,\"caption\":\"Radio Ljubu\u0161ki\"},\"image\":{\"@id\":\"https:\\\/\\\/radioljubuski.ba\\\/#\\\/schema\\\/logo\\\/image\\\/\"},\"sameAs\":[\"https:\\\/\\\/www.facebook.com\\\/Radiio-Ljubuski-1490835324566332\",\"https:\\\/\\\/x.com\\\/radioljubuski\",\"https:\\\/\\\/hr.linkedin.com\\\/company\\\/radio-ljubuski\",\"https:\\\/\\\/www.youtube.com\\\/channel\\\/UCHYaeO_n0Db3tjNGudGpXyw\"]},{\"@type\":\"Person\",\"@id\":\"https:\\\/\\\/radioljubuski.ba\\\/#\\\/schema\\\/person\\\/19fc700381a780f69665d7956c469e3b\",\"name\":\"Radio Ljubu\u0161ki\"}]}<\/script>\n<!-- \/ Yoast SEO plugin. -->","yoast_head_json":{"title":"Bajramovi\u0107: Cijepljeni u BiH ipak obolijevaju od koronavirusa - RADIO LJUBU\u0160KI","robots":{"index":"index","follow":"follow","max-snippet":"max-snippet:-1","max-image-preview":"max-image-preview:large","max-video-preview":"max-video-preview:-1"},"canonical":"https:\/\/radioljubuski.ba\/index.php\/2021\/08\/16\/bajramovic-cijepljeni-u-bih-ipak-obolijevaju-od-koronavirusa\/","og_locale":"hr_HR","og_type":"article","og_title":"Bajramovi\u0107: Cijepljeni u BiH ipak obolijevaju od koronavirusa - RADIO LJUBU\u0160KI","og_description":"Anisa Bajramovi\u0107, epidemiologinja i voditeljica Odjela za imunizaciju sa cijepnim centrom u JU Zavod za javno zdravstvo Sarajevske \u017eupanije jutros je za N1 govorila o trenutnoj epidemiolo\u0161koj situaciji u S\u017d sa osvrtom na Dane otvorenih vrata u smislu cijepljenja gra\u0111ana. \u201cJa sam jutros do\u0161la sa podacima od ju\u010der, u S\u017d imamo taj linearni rast, svaki [&hellip;]","og_url":"https:\/\/radioljubuski.ba\/index.php\/2021\/08\/16\/bajramovic-cijepljeni-u-bih-ipak-obolijevaju-od-koronavirusa\/","og_site_name":"RADIO LJUBU\u0160KI","article_publisher":"https:\/\/www.facebook.com\/Radiio-Ljubuski-1490835324566332","article_published_time":"2021-08-16T09:33:00+00:00","article_modified_time":"2021-08-16T09:33:01+00:00","og_image":[{"width":1000,"height":625,"url":"https:\/\/radioljubuski.ba\/wp-content\/uploads\/2021\/08\/2-2021-08-16-09-53-55-bajramovic.jpg","type":"image\/jpeg"}],"author":"Radio Ljubu\u0161ki","twitter_card":"summary_large_image","twitter_creator":"@radioljubuski","twitter_site":"@radioljubuski","twitter_misc":{"Napisao\/la":"Radio Ljubu\u0161ki","Procijenjeno vrijeme \u010ditanja":"2 minute"},"schema":{"@context":"https:\/\/schema.org","@graph":[{"@type":"Article","@id":"https:\/\/radioljubuski.ba\/index.php\/2021\/08\/16\/bajramovic-cijepljeni-u-bih-ipak-obolijevaju-od-koronavirusa\/#article","isPartOf":{"@id":"https:\/\/radioljubuski.ba\/index.php\/2021\/08\/16\/bajramovic-cijepljeni-u-bih-ipak-obolijevaju-od-koronavirusa\/"},"author":{"name":"Radio Ljubu\u0161ki","@id":"https:\/\/radioljubuski.ba\/#\/schema\/person\/19fc700381a780f69665d7956c469e3b"},"headline":"Bajramovi\u0107: Cijepljeni u BiH ipak obolijevaju od koronavirusa","datePublished":"2021-08-16T09:33:00+00:00","dateModified":"2021-08-16T09:33:01+00:00","mainEntityOfPage":{"@id":"https:\/\/radioljubuski.ba\/index.php\/2021\/08\/16\/bajramovic-cijepljeni-u-bih-ipak-obolijevaju-od-koronavirusa\/"},"wordCount":261,"publisher":{"@id":"https:\/\/radioljubuski.ba\/#organization"},"image":{"@id":"https:\/\/radioljubuski.ba\/index.php\/2021\/08\/16\/bajramovic-cijepljeni-u-bih-ipak-obolijevaju-od-koronavirusa\/#primaryimage"},"thumbnailUrl":"https:\/\/radioljubuski.ba\/wp-content\/uploads\/2021\/08\/2-2021-08-16-09-53-55-bajramovic.jpg","articleSection":["BIH i regija"],"inLanguage":"hr"},{"@type":"WebPage","@id":"https:\/\/radioljubuski.ba\/index.php\/2021\/08\/16\/bajramovic-cijepljeni-u-bih-ipak-obolijevaju-od-koronavirusa\/","url":"https:\/\/radioljubuski.ba\/index.php\/2021\/08\/16\/bajramovic-cijepljeni-u-bih-ipak-obolijevaju-od-koronavirusa\/","name":"Bajramovi\u0107: Cijepljeni u BiH ipak obolijevaju od koronavirusa - RADIO LJUBU\u0160KI","isPartOf":{"@id":"https:\/\/radioljubuski.ba\/#website"},"primaryImageOfPage":{"@id":"https:\/\/radioljubuski.ba\/index.php\/2021\/08\/16\/bajramovic-cijepljeni-u-bih-ipak-obolijevaju-od-koronavirusa\/#primaryimage"},"image":{"@id":"https:\/\/radioljubuski.ba\/index.php\/2021\/08\/16\/bajramovic-cijepljeni-u-bih-ipak-obolijevaju-od-koronavirusa\/#primaryimage"},"thumbnailUrl":"https:\/\/radioljubuski.ba\/wp-content\/uploads\/2021\/08\/2-2021-08-16-09-53-55-bajramovic.jpg","datePublished":"2021-08-16T09:33:00+00:00","dateModified":"2021-08-16T09:33:01+00:00","breadcrumb":{"@id":"https:\/\/radioljubuski.ba\/index.php\/2021\/08\/16\/bajramovic-cijepljeni-u-bih-ipak-obolijevaju-od-koronavirusa\/#breadcrumb"},"inLanguage":"hr","potentialAction":[{"@type":"ReadAction","target":["https:\/\/radioljubuski.ba\/index.php\/2021\/08\/16\/bajramovic-cijepljeni-u-bih-ipak-obolijevaju-od-koronavirusa\/"]}]},{"@type":"ImageObject","inLanguage":"hr","@id":"https:\/\/radioljubuski.ba\/index.php\/2021\/08\/16\/bajramovic-cijepljeni-u-bih-ipak-obolijevaju-od-koronavirusa\/#primaryimage","url":"https:\/\/radioljubuski.ba\/wp-content\/uploads\/2021\/08\/2-2021-08-16-09-53-55-bajramovic.jpg","contentUrl":"https:\/\/radioljubuski.ba\/wp-content\/uploads\/2021\/08\/2-2021-08-16-09-53-55-bajramovic.jpg","width":1000,"height":625},{"@type":"BreadcrumbList","@id":"https:\/\/radioljubuski.ba\/index.php\/2021\/08\/16\/bajramovic-cijepljeni-u-bih-ipak-obolijevaju-od-koronavirusa\/#breadcrumb","itemListElement":[{"@type":"ListItem","position":1,"name":"Po\u010detna stranica","item":"https:\/\/radioljubuski.ba\/"},{"@type":"ListItem","position":2,"name":"Bajramovi\u0107: Cijepljeni u BiH ipak obolijevaju od koronavirusa"}]},{"@type":"WebSite","@id":"https:\/\/radioljubuski.ba\/#website","url":"https:\/\/radioljubuski.ba\/","name":"Radio Ljubu\u0161ki","description":"Sun\u010dana frekvencija Hercegovine","publisher":{"@id":"https:\/\/radioljubuski.ba\/#organization"},"potentialAction":[{"@type":"SearchAction","target":{"@type":"EntryPoint","urlTemplate":"https:\/\/radioljubuski.ba\/?s={search_term_string}"},"query-input":{"@type":"PropertyValueSpecification","valueRequired":true,"valueName":"search_term_string"}}],"inLanguage":"hr"},{"@type":"Organization","@id":"https:\/\/radioljubuski.ba\/#organization","name":"Radio Ljubu\u0161ki","url":"https:\/\/radioljubuski.ba\/","logo":{"@type":"ImageObject","inLanguage":"hr","@id":"https:\/\/radioljubuski.ba\/#\/schema\/logo\/image\/","url":"https:\/\/radioljubuski.ba\/wp-content\/uploads\/2021\/02\/cropped-Radio_Ljubuski_logo1.jpg","contentUrl":"https:\/\/radioljubuski.ba\/wp-content\/uploads\/2021\/02\/cropped-Radio_Ljubuski_logo1.jpg","width":512,"height":512,"caption":"Radio Ljubu\u0161ki"},"image":{"@id":"https:\/\/radioljubuski.ba\/#\/schema\/logo\/image\/"},"sameAs":["https:\/\/www.facebook.com\/Radiio-Ljubuski-1490835324566332","https:\/\/x.com\/radioljubuski","https:\/\/hr.linkedin.com\/company\/radio-ljubuski","https:\/\/www.youtube.com\/channel\/UCHYaeO_n0Db3tjNGudGpXyw"]},{"@type":"Person","@id":"https:\/\/radioljubuski.ba\/#\/schema\/person\/19fc700381a780f69665d7956c469e3b","name":"Radio Ljubu\u0161ki"}]}},"_links":{"self":[{"href":"https:\/\/radioljubuski.ba\/index.php\/wp-json\/wp\/v2\/posts\/53903","targetHints":{"allow":["GET"]}}],"collection":[{"href":"https:\/\/radioljubuski.ba\/index.php\/wp-json\/wp\/v2\/posts"}],"about":[{"href":"https:\/\/radioljubuski.ba\/index.php\/wp-json\/wp\/v2\/types\/post"}],"author":[{"embeddable":true,"href":"https:\/\/radioljubuski.ba\/index.php\/wp-json\/wp\/v2\/users\/2"}],"replies":[{"embeddable":true,"href":"https:\/\/radioljubuski.ba\/index.php\/wp-json\/wp\/v2\/comments?post=53903"}],"version-history":[{"count":1,"href":"https:\/\/radioljubuski.ba\/index.php\/wp-json\/wp\/v2\/posts\/53903\/revisions"}],"predecessor-version":[{"id":53905,"href":"https:\/\/radioljubuski.ba\/index.php\/wp-json\/wp\/v2\/posts\/53903\/revisions\/53905"}],"wp:featuredmedia":[{"embeddable":true,"href":"https:\/\/radioljubuski.ba\/index.php\/wp-json\/wp\/v2\/media\/53904"}],"wp:attachment":[{"href":"https:\/\/radioljubuski.ba\/index.php\/wp-json\/wp\/v2\/media?parent=53903"}],"wp:term":[{"taxonomy":"category","embeddable":true,"href":"https:\/\/radioljubuski.ba\/index.php\/wp-json\/wp\/v2\/categories?post=53903"},{"taxonomy":"post_tag","embeddable":true,"href":"https:\/\/radioljubuski.ba\/index.php\/wp-json\/wp\/v2\/tags?post=53903"}],"curies":[{"name":"wp","href":"https:\/\/api.w.org\/{rel}","templated":true}]}}