{"id":53946,"date":"2021-08-16T12:12:01","date_gmt":"2021-08-16T11:12:01","guid":{"rendered":"https:\/\/radioljubuski.ba\/?p=53946"},"modified":"2021-08-16T12:12:02","modified_gmt":"2021-08-16T11:12:02","slug":"mup-zzh-policija-otkrila-tko-je-izazvao-pozar-u-gornjim-mamicima","status":"publish","type":"post","link":"https:\/\/radioljubuski.ba\/index.php\/2021\/08\/16\/mup-zzh-policija-otkrila-tko-je-izazvao-pozar-u-gornjim-mamicima\/","title":{"rendered":"MUP \u017dZH: Policija otkrila tko je izazvao po\u017ear u Gornjim Mami\u0107ima"},"content":{"rendered":"\n<p>Dana 14.08.2021. godine u 11:55 sati PU \u0160iroki Brijeg zaprimila je prijavu da je u mjestu Gornji Mami\u0107i, na lokalitetu Pripolje, u neposrednoj blizini poduze\u0107a NATURA PHARM d.o.o. \u0160iroki Brijeg izbio po\u017ear koji je zaprijetio da \u0107e se pro\u0161iriti na navedeno poduze\u0107e.<\/p>\n\n\n\n<p>Odmah po zaprimljenoj prijavi na mjesto doga\u0111aja upu\u0107eni su policijski slu\u017ebenici PU \u0160iroki Brijeg kao i djelatnici Vatrogasnog dru\u0161tva \u0160iroki Brijeg koji su oko 14 sati po\u017ear stavili pod nadzor.<\/p>\n\n\n\n<p>Nakon \u0161to je po\u017ear stavljen pod nadzor o\u010devid su izvr\u0161ili policijski slu\u017ebenici Odsjeka kriminalisti\u010dke policije PU \u0160iroki Brijeg a izvr\u0161enim o\u010devidom utvr\u0111eno je da je oko kruga poduze\u0107a NATURA PHARM u potpunosti izgorjela trava i nisko raslinje.<\/p>\n\n\n\n<p>&nbsp;Operativnim radom policijski slu\u017ebenici do\u0161li su do saznanja da je po\u017ear podmetnut, te su utvrdili postojanje osnova sumnje da je istoga izazvao J. K. (45) sa \u0161ireg podru\u010dja \u0160irokog Brijega.<\/p>\n\n\n\n<p>Istoga dana policijski slu\u017ebenici PU \u0160iroki Brijeg li\u0161ili su slobode J. K. (45) te su nad njim izvr\u0161ili kriminalisti\u010dku obradu zbog osnova sumnje da je po\u010dinio kazneno djelo Izazivanje op\u0107e opasnosti iz \u010dl. 323. Kaznenog zakona F BiH.<\/p>\n\n\n\n<p>O svemu navedenome izvije\u0161ten je de\u017eurni \u017eupanijski tu\u017eitelj.<\/p>\n\n\n\n<p>J. K. (45) ju\u010der je, nakon zavr\u0161etka kriminalisti\u010dke obrade, pu\u0161ten na slobodu a nakon kompletiranja predmeta PU \u0160iroki Brijeg podnijeti \u0107e \u017dupanijskom tu\u017eiteljstvu odgovaraju\u0107e izvije\u0161\u0107e o po\u010dinjenom kaznenom djelu protiv istoga.<\/p>\n\n\n\n<p>Izvor:mup \u017ezh<\/p>\n","protected":false},"excerpt":{"rendered":"<p>Dana 14.08.2021. godine u 11:55 sati PU \u0160iroki Brijeg zaprimila je prijavu da je u mjestu Gornji Mami\u0107i, na lokalitetu Pripolje, u neposrednoj blizini poduze\u0107a NATURA PHARM d.o.o. \u0160iroki Brijeg izbio po\u017ear koji je zaprijetio da \u0107e se pro\u0161iriti na navedeno poduze\u0107e. Odmah po zaprimljenoj prijavi na mjesto doga\u0111aja upu\u0107eni su policijski slu\u017ebenici PU \u0160iroki [&hellip;]<\/p>\n","protected":false},"author":2,"featured_media":53947,"comment_status":"closed","ping_status":"closed","sticky":false,"template":"","format":"standard","meta":{"h5ap_radio_sources":[],"footnotes":""},"categories":[1],"tags":[],"class_list":["post-53946","post","type-post","status-publish","format-standard","has-post-thumbnail","hentry","category-bihiregija"],"yoast_head":"<!-- This site is optimized with the Yoast SEO plugin v27.5 - https:\/\/yoast.com\/product\/yoast-seo-wordpress\/ -->\n<title>MUP \u017dZH: Policija otkrila tko je izazvao po\u017ear u Gornjim Mami\u0107ima - RADIO LJUBU\u0160KI<\/title>\n<meta name=\"robots\" content=\"index, follow, max-snippet:-1, max-image-preview:large, max-video-preview:-1\" \/>\n<link rel=\"canonical\" href=\"https:\/\/radioljubuski.ba\/index.php\/2021\/08\/16\/mup-zzh-policija-otkrila-tko-je-izazvao-pozar-u-gornjim-mamicima\/\" \/>\n<meta property=\"og:locale\" content=\"hr_HR\" \/>\n<meta property=\"og:type\" content=\"article\" \/>\n<meta property=\"og:title\" content=\"MUP \u017dZH: Policija otkrila tko je izazvao po\u017ear u Gornjim Mami\u0107ima - RADIO LJUBU\u0160KI\" \/>\n<meta property=\"og:description\" content=\"Dana 14.08.2021. godine u 11:55 sati PU \u0160iroki Brijeg zaprimila je prijavu da je u mjestu Gornji Mami\u0107i, na lokalitetu Pripolje, u neposrednoj blizini poduze\u0107a NATURA PHARM d.o.o. \u0160iroki Brijeg izbio po\u017ear koji je zaprijetio da \u0107e se pro\u0161iriti na navedeno poduze\u0107e. Odmah po zaprimljenoj prijavi na mjesto doga\u0111aja upu\u0107eni su policijski slu\u017ebenici PU \u0160iroki [&hellip;]\" \/>\n<meta property=\"og:url\" content=\"https:\/\/radioljubuski.ba\/index.php\/2021\/08\/16\/mup-zzh-policija-otkrila-tko-je-izazvao-pozar-u-gornjim-mamicima\/\" \/>\n<meta property=\"og:site_name\" content=\"RADIO LJUBU\u0160KI\" \/>\n<meta property=\"article:publisher\" content=\"https:\/\/www.facebook.com\/Radiio-Ljubuski-1490835324566332\" \/>\n<meta property=\"article:published_time\" content=\"2021-08-16T11:12:01+00:00\" \/>\n<meta property=\"article:modified_time\" content=\"2021-08-16T11:12:02+00:00\" \/>\n<meta property=\"og:image\" content=\"https:\/\/radioljubuski.ba\/wp-content\/uploads\/2021\/08\/8-2021-08-16-11-55-24-VATROGASCI-SIROKI.jpg\" \/>\n\t<meta property=\"og:image:width\" content=\"1000\" \/>\n\t<meta property=\"og:image:height\" content=\"625\" \/>\n\t<meta property=\"og:image:type\" content=\"image\/jpeg\" \/>\n<meta name=\"author\" content=\"Radio Ljubu\u0161ki\" \/>\n<meta name=\"twitter:card\" content=\"summary_large_image\" \/>\n<meta name=\"twitter:creator\" content=\"@radioljubuski\" \/>\n<meta name=\"twitter:site\" content=\"@radioljubuski\" \/>\n<meta name=\"twitter:label1\" content=\"Napisao\/la\" \/>\n\t<meta name=\"twitter:data1\" content=\"Radio Ljubu\u0161ki\" \/>\n\t<meta name=\"twitter:label2\" content=\"Procijenjeno vrijeme \u010ditanja\" \/>\n\t<meta name=\"twitter:data2\" content=\"1 minuta\" \/>\n<script type=\"application\/ld+json\" class=\"yoast-schema-graph\">{\"@context\":\"https:\\\/\\\/schema.org\",\"@graph\":[{\"@type\":\"Article\",\"@id\":\"https:\\\/\\\/radioljubuski.ba\\\/index.php\\\/2021\\\/08\\\/16\\\/mup-zzh-policija-otkrila-tko-je-izazvao-pozar-u-gornjim-mamicima\\\/#article\",\"isPartOf\":{\"@id\":\"https:\\\/\\\/radioljubuski.ba\\\/index.php\\\/2021\\\/08\\\/16\\\/mup-zzh-policija-otkrila-tko-je-izazvao-pozar-u-gornjim-mamicima\\\/\"},\"author\":{\"name\":\"Radio Ljubu\u0161ki\",\"@id\":\"https:\\\/\\\/radioljubuski.ba\\\/#\\\/schema\\\/person\\\/19fc700381a780f69665d7956c469e3b\"},\"headline\":\"MUP \u017dZH: Policija otkrila tko je izazvao po\u017ear u Gornjim Mami\u0107ima\",\"datePublished\":\"2021-08-16T11:12:01+00:00\",\"dateModified\":\"2021-08-16T11:12:02+00:00\",\"mainEntityOfPage\":{\"@id\":\"https:\\\/\\\/radioljubuski.ba\\\/index.php\\\/2021\\\/08\\\/16\\\/mup-zzh-policija-otkrila-tko-je-izazvao-pozar-u-gornjim-mamicima\\\/\"},\"wordCount\":268,\"publisher\":{\"@id\":\"https:\\\/\\\/radioljubuski.ba\\\/#organization\"},\"image\":{\"@id\":\"https:\\\/\\\/radioljubuski.ba\\\/index.php\\\/2021\\\/08\\\/16\\\/mup-zzh-policija-otkrila-tko-je-izazvao-pozar-u-gornjim-mamicima\\\/#primaryimage\"},\"thumbnailUrl\":\"https:\\\/\\\/radioljubuski.ba\\\/wp-content\\\/uploads\\\/2021\\\/08\\\/8-2021-08-16-11-55-24-VATROGASCI-SIROKI.jpg\",\"articleSection\":[\"BIH i regija\"],\"inLanguage\":\"hr\"},{\"@type\":\"WebPage\",\"@id\":\"https:\\\/\\\/radioljubuski.ba\\\/index.php\\\/2021\\\/08\\\/16\\\/mup-zzh-policija-otkrila-tko-je-izazvao-pozar-u-gornjim-mamicima\\\/\",\"url\":\"https:\\\/\\\/radioljubuski.ba\\\/index.php\\\/2021\\\/08\\\/16\\\/mup-zzh-policija-otkrila-tko-je-izazvao-pozar-u-gornjim-mamicima\\\/\",\"name\":\"MUP \u017dZH: Policija otkrila tko je izazvao po\u017ear u Gornjim Mami\u0107ima - RADIO LJUBU\u0160KI\",\"isPartOf\":{\"@id\":\"https:\\\/\\\/radioljubuski.ba\\\/#website\"},\"primaryImageOfPage\":{\"@id\":\"https:\\\/\\\/radioljubuski.ba\\\/index.php\\\/2021\\\/08\\\/16\\\/mup-zzh-policija-otkrila-tko-je-izazvao-pozar-u-gornjim-mamicima\\\/#primaryimage\"},\"image\":{\"@id\":\"https:\\\/\\\/radioljubuski.ba\\\/index.php\\\/2021\\\/08\\\/16\\\/mup-zzh-policija-otkrila-tko-je-izazvao-pozar-u-gornjim-mamicima\\\/#primaryimage\"},\"thumbnailUrl\":\"https:\\\/\\\/radioljubuski.ba\\\/wp-content\\\/uploads\\\/2021\\\/08\\\/8-2021-08-16-11-55-24-VATROGASCI-SIROKI.jpg\",\"datePublished\":\"2021-08-16T11:12:01+00:00\",\"dateModified\":\"2021-08-16T11:12:02+00:00\",\"breadcrumb\":{\"@id\":\"https:\\\/\\\/radioljubuski.ba\\\/index.php\\\/2021\\\/08\\\/16\\\/mup-zzh-policija-otkrila-tko-je-izazvao-pozar-u-gornjim-mamicima\\\/#breadcrumb\"},\"inLanguage\":\"hr\",\"potentialAction\":[{\"@type\":\"ReadAction\",\"target\":[\"https:\\\/\\\/radioljubuski.ba\\\/index.php\\\/2021\\\/08\\\/16\\\/mup-zzh-policija-otkrila-tko-je-izazvao-pozar-u-gornjim-mamicima\\\/\"]}]},{\"@type\":\"ImageObject\",\"inLanguage\":\"hr\",\"@id\":\"https:\\\/\\\/radioljubuski.ba\\\/index.php\\\/2021\\\/08\\\/16\\\/mup-zzh-policija-otkrila-tko-je-izazvao-pozar-u-gornjim-mamicima\\\/#primaryimage\",\"url\":\"https:\\\/\\\/radioljubuski.ba\\\/wp-content\\\/uploads\\\/2021\\\/08\\\/8-2021-08-16-11-55-24-VATROGASCI-SIROKI.jpg\",\"contentUrl\":\"https:\\\/\\\/radioljubuski.ba\\\/wp-content\\\/uploads\\\/2021\\\/08\\\/8-2021-08-16-11-55-24-VATROGASCI-SIROKI.jpg\",\"width\":1000,\"height\":625},{\"@type\":\"BreadcrumbList\",\"@id\":\"https:\\\/\\\/radioljubuski.ba\\\/index.php\\\/2021\\\/08\\\/16\\\/mup-zzh-policija-otkrila-tko-je-izazvao-pozar-u-gornjim-mamicima\\\/#breadcrumb\",\"itemListElement\":[{\"@type\":\"ListItem\",\"position\":1,\"name\":\"Po\u010detna stranica\",\"item\":\"https:\\\/\\\/radioljubuski.ba\\\/\"},{\"@type\":\"ListItem\",\"position\":2,\"name\":\"MUP \u017dZH: Policija otkrila tko je izazvao po\u017ear u Gornjim Mami\u0107ima\"}]},{\"@type\":\"WebSite\",\"@id\":\"https:\\\/\\\/radioljubuski.ba\\\/#website\",\"url\":\"https:\\\/\\\/radioljubuski.ba\\\/\",\"name\":\"Radio Ljubu\u0161ki\",\"description\":\"Sun\u010dana frekvencija Hercegovine\",\"publisher\":{\"@id\":\"https:\\\/\\\/radioljubuski.ba\\\/#organization\"},\"potentialAction\":[{\"@type\":\"SearchAction\",\"target\":{\"@type\":\"EntryPoint\",\"urlTemplate\":\"https:\\\/\\\/radioljubuski.ba\\\/?s={search_term_string}\"},\"query-input\":{\"@type\":\"PropertyValueSpecification\",\"valueRequired\":true,\"valueName\":\"search_term_string\"}}],\"inLanguage\":\"hr\"},{\"@type\":\"Organization\",\"@id\":\"https:\\\/\\\/radioljubuski.ba\\\/#organization\",\"name\":\"Radio Ljubu\u0161ki\",\"url\":\"https:\\\/\\\/radioljubuski.ba\\\/\",\"logo\":{\"@type\":\"ImageObject\",\"inLanguage\":\"hr\",\"@id\":\"https:\\\/\\\/radioljubuski.ba\\\/#\\\/schema\\\/logo\\\/image\\\/\",\"url\":\"https:\\\/\\\/radioljubuski.ba\\\/wp-content\\\/uploads\\\/2021\\\/02\\\/cropped-Radio_Ljubuski_logo1.jpg\",\"contentUrl\":\"https:\\\/\\\/radioljubuski.ba\\\/wp-content\\\/uploads\\\/2021\\\/02\\\/cropped-Radio_Ljubuski_logo1.jpg\",\"width\":512,\"height\":512,\"caption\":\"Radio Ljubu\u0161ki\"},\"image\":{\"@id\":\"https:\\\/\\\/radioljubuski.ba\\\/#\\\/schema\\\/logo\\\/image\\\/\"},\"sameAs\":[\"https:\\\/\\\/www.facebook.com\\\/Radiio-Ljubuski-1490835324566332\",\"https:\\\/\\\/x.com\\\/radioljubuski\",\"https:\\\/\\\/hr.linkedin.com\\\/company\\\/radio-ljubuski\",\"https:\\\/\\\/www.youtube.com\\\/channel\\\/UCHYaeO_n0Db3tjNGudGpXyw\"]},{\"@type\":\"Person\",\"@id\":\"https:\\\/\\\/radioljubuski.ba\\\/#\\\/schema\\\/person\\\/19fc700381a780f69665d7956c469e3b\",\"name\":\"Radio Ljubu\u0161ki\"}]}<\/script>\n<!-- \/ Yoast SEO plugin. -->","yoast_head_json":{"title":"MUP \u017dZH: Policija otkrila tko je izazvao po\u017ear u Gornjim Mami\u0107ima - RADIO LJUBU\u0160KI","robots":{"index":"index","follow":"follow","max-snippet":"max-snippet:-1","max-image-preview":"max-image-preview:large","max-video-preview":"max-video-preview:-1"},"canonical":"https:\/\/radioljubuski.ba\/index.php\/2021\/08\/16\/mup-zzh-policija-otkrila-tko-je-izazvao-pozar-u-gornjim-mamicima\/","og_locale":"hr_HR","og_type":"article","og_title":"MUP \u017dZH: Policija otkrila tko je izazvao po\u017ear u Gornjim Mami\u0107ima - RADIO LJUBU\u0160KI","og_description":"Dana 14.08.2021. godine u 11:55 sati PU \u0160iroki Brijeg zaprimila je prijavu da je u mjestu Gornji Mami\u0107i, na lokalitetu Pripolje, u neposrednoj blizini poduze\u0107a NATURA PHARM d.o.o. \u0160iroki Brijeg izbio po\u017ear koji je zaprijetio da \u0107e se pro\u0161iriti na navedeno poduze\u0107e. Odmah po zaprimljenoj prijavi na mjesto doga\u0111aja upu\u0107eni su policijski slu\u017ebenici PU \u0160iroki [&hellip;]","og_url":"https:\/\/radioljubuski.ba\/index.php\/2021\/08\/16\/mup-zzh-policija-otkrila-tko-je-izazvao-pozar-u-gornjim-mamicima\/","og_site_name":"RADIO LJUBU\u0160KI","article_publisher":"https:\/\/www.facebook.com\/Radiio-Ljubuski-1490835324566332","article_published_time":"2021-08-16T11:12:01+00:00","article_modified_time":"2021-08-16T11:12:02+00:00","og_image":[{"width":1000,"height":625,"url":"https:\/\/radioljubuski.ba\/wp-content\/uploads\/2021\/08\/8-2021-08-16-11-55-24-VATROGASCI-SIROKI.jpg","type":"image\/jpeg"}],"author":"Radio Ljubu\u0161ki","twitter_card":"summary_large_image","twitter_creator":"@radioljubuski","twitter_site":"@radioljubuski","twitter_misc":{"Napisao\/la":"Radio Ljubu\u0161ki","Procijenjeno vrijeme \u010ditanja":"1 minuta"},"schema":{"@context":"https:\/\/schema.org","@graph":[{"@type":"Article","@id":"https:\/\/radioljubuski.ba\/index.php\/2021\/08\/16\/mup-zzh-policija-otkrila-tko-je-izazvao-pozar-u-gornjim-mamicima\/#article","isPartOf":{"@id":"https:\/\/radioljubuski.ba\/index.php\/2021\/08\/16\/mup-zzh-policija-otkrila-tko-je-izazvao-pozar-u-gornjim-mamicima\/"},"author":{"name":"Radio Ljubu\u0161ki","@id":"https:\/\/radioljubuski.ba\/#\/schema\/person\/19fc700381a780f69665d7956c469e3b"},"headline":"MUP \u017dZH: Policija otkrila tko je izazvao po\u017ear u Gornjim Mami\u0107ima","datePublished":"2021-08-16T11:12:01+00:00","dateModified":"2021-08-16T11:12:02+00:00","mainEntityOfPage":{"@id":"https:\/\/radioljubuski.ba\/index.php\/2021\/08\/16\/mup-zzh-policija-otkrila-tko-je-izazvao-pozar-u-gornjim-mamicima\/"},"wordCount":268,"publisher":{"@id":"https:\/\/radioljubuski.ba\/#organization"},"image":{"@id":"https:\/\/radioljubuski.ba\/index.php\/2021\/08\/16\/mup-zzh-policija-otkrila-tko-je-izazvao-pozar-u-gornjim-mamicima\/#primaryimage"},"thumbnailUrl":"https:\/\/radioljubuski.ba\/wp-content\/uploads\/2021\/08\/8-2021-08-16-11-55-24-VATROGASCI-SIROKI.jpg","articleSection":["BIH i regija"],"inLanguage":"hr"},{"@type":"WebPage","@id":"https:\/\/radioljubuski.ba\/index.php\/2021\/08\/16\/mup-zzh-policija-otkrila-tko-je-izazvao-pozar-u-gornjim-mamicima\/","url":"https:\/\/radioljubuski.ba\/index.php\/2021\/08\/16\/mup-zzh-policija-otkrila-tko-je-izazvao-pozar-u-gornjim-mamicima\/","name":"MUP \u017dZH: Policija otkrila tko je izazvao po\u017ear u Gornjim Mami\u0107ima - RADIO LJUBU\u0160KI","isPartOf":{"@id":"https:\/\/radioljubuski.ba\/#website"},"primaryImageOfPage":{"@id":"https:\/\/radioljubuski.ba\/index.php\/2021\/08\/16\/mup-zzh-policija-otkrila-tko-je-izazvao-pozar-u-gornjim-mamicima\/#primaryimage"},"image":{"@id":"https:\/\/radioljubuski.ba\/index.php\/2021\/08\/16\/mup-zzh-policija-otkrila-tko-je-izazvao-pozar-u-gornjim-mamicima\/#primaryimage"},"thumbnailUrl":"https:\/\/radioljubuski.ba\/wp-content\/uploads\/2021\/08\/8-2021-08-16-11-55-24-VATROGASCI-SIROKI.jpg","datePublished":"2021-08-16T11:12:01+00:00","dateModified":"2021-08-16T11:12:02+00:00","breadcrumb":{"@id":"https:\/\/radioljubuski.ba\/index.php\/2021\/08\/16\/mup-zzh-policija-otkrila-tko-je-izazvao-pozar-u-gornjim-mamicima\/#breadcrumb"},"inLanguage":"hr","potentialAction":[{"@type":"ReadAction","target":["https:\/\/radioljubuski.ba\/index.php\/2021\/08\/16\/mup-zzh-policija-otkrila-tko-je-izazvao-pozar-u-gornjim-mamicima\/"]}]},{"@type":"ImageObject","inLanguage":"hr","@id":"https:\/\/radioljubuski.ba\/index.php\/2021\/08\/16\/mup-zzh-policija-otkrila-tko-je-izazvao-pozar-u-gornjim-mamicima\/#primaryimage","url":"https:\/\/radioljubuski.ba\/wp-content\/uploads\/2021\/08\/8-2021-08-16-11-55-24-VATROGASCI-SIROKI.jpg","contentUrl":"https:\/\/radioljubuski.ba\/wp-content\/uploads\/2021\/08\/8-2021-08-16-11-55-24-VATROGASCI-SIROKI.jpg","width":1000,"height":625},{"@type":"BreadcrumbList","@id":"https:\/\/radioljubuski.ba\/index.php\/2021\/08\/16\/mup-zzh-policija-otkrila-tko-je-izazvao-pozar-u-gornjim-mamicima\/#breadcrumb","itemListElement":[{"@type":"ListItem","position":1,"name":"Po\u010detna stranica","item":"https:\/\/radioljubuski.ba\/"},{"@type":"ListItem","position":2,"name":"MUP \u017dZH: Policija otkrila tko je izazvao po\u017ear u Gornjim Mami\u0107ima"}]},{"@type":"WebSite","@id":"https:\/\/radioljubuski.ba\/#website","url":"https:\/\/radioljubuski.ba\/","name":"Radio Ljubu\u0161ki","description":"Sun\u010dana frekvencija Hercegovine","publisher":{"@id":"https:\/\/radioljubuski.ba\/#organization"},"potentialAction":[{"@type":"SearchAction","target":{"@type":"EntryPoint","urlTemplate":"https:\/\/radioljubuski.ba\/?s={search_term_string}"},"query-input":{"@type":"PropertyValueSpecification","valueRequired":true,"valueName":"search_term_string"}}],"inLanguage":"hr"},{"@type":"Organization","@id":"https:\/\/radioljubuski.ba\/#organization","name":"Radio Ljubu\u0161ki","url":"https:\/\/radioljubuski.ba\/","logo":{"@type":"ImageObject","inLanguage":"hr","@id":"https:\/\/radioljubuski.ba\/#\/schema\/logo\/image\/","url":"https:\/\/radioljubuski.ba\/wp-content\/uploads\/2021\/02\/cropped-Radio_Ljubuski_logo1.jpg","contentUrl":"https:\/\/radioljubuski.ba\/wp-content\/uploads\/2021\/02\/cropped-Radio_Ljubuski_logo1.jpg","width":512,"height":512,"caption":"Radio Ljubu\u0161ki"},"image":{"@id":"https:\/\/radioljubuski.ba\/#\/schema\/logo\/image\/"},"sameAs":["https:\/\/www.facebook.com\/Radiio-Ljubuski-1490835324566332","https:\/\/x.com\/radioljubuski","https:\/\/hr.linkedin.com\/company\/radio-ljubuski","https:\/\/www.youtube.com\/channel\/UCHYaeO_n0Db3tjNGudGpXyw"]},{"@type":"Person","@id":"https:\/\/radioljubuski.ba\/#\/schema\/person\/19fc700381a780f69665d7956c469e3b","name":"Radio Ljubu\u0161ki"}]}},"_links":{"self":[{"href":"https:\/\/radioljubuski.ba\/index.php\/wp-json\/wp\/v2\/posts\/53946","targetHints":{"allow":["GET"]}}],"collection":[{"href":"https:\/\/radioljubuski.ba\/index.php\/wp-json\/wp\/v2\/posts"}],"about":[{"href":"https:\/\/radioljubuski.ba\/index.php\/wp-json\/wp\/v2\/types\/post"}],"author":[{"embeddable":true,"href":"https:\/\/radioljubuski.ba\/index.php\/wp-json\/wp\/v2\/users\/2"}],"replies":[{"embeddable":true,"href":"https:\/\/radioljubuski.ba\/index.php\/wp-json\/wp\/v2\/comments?post=53946"}],"version-history":[{"count":1,"href":"https:\/\/radioljubuski.ba\/index.php\/wp-json\/wp\/v2\/posts\/53946\/revisions"}],"predecessor-version":[{"id":53948,"href":"https:\/\/radioljubuski.ba\/index.php\/wp-json\/wp\/v2\/posts\/53946\/revisions\/53948"}],"wp:featuredmedia":[{"embeddable":true,"href":"https:\/\/radioljubuski.ba\/index.php\/wp-json\/wp\/v2\/media\/53947"}],"wp:attachment":[{"href":"https:\/\/radioljubuski.ba\/index.php\/wp-json\/wp\/v2\/media?parent=53946"}],"wp:term":[{"taxonomy":"category","embeddable":true,"href":"https:\/\/radioljubuski.ba\/index.php\/wp-json\/wp\/v2\/categories?post=53946"},{"taxonomy":"post_tag","embeddable":true,"href":"https:\/\/radioljubuski.ba\/index.php\/wp-json\/wp\/v2\/tags?post=53946"}],"curies":[{"name":"wp","href":"https:\/\/api.w.org\/{rel}","templated":true}]}}