{"id":53955,"date":"2021-08-16T12:21:55","date_gmt":"2021-08-16T11:21:55","guid":{"rendered":"https:\/\/radioljubuski.ba\/?p=53955"},"modified":"2021-08-16T12:21:57","modified_gmt":"2021-08-16T11:21:57","slug":"dalic-objavio-popis-nema-petkovica-i-rebica-pozvao-sosu-i-livaju","status":"publish","type":"post","link":"https:\/\/radioljubuski.ba\/index.php\/2021\/08\/16\/dalic-objavio-popis-nema-petkovica-i-rebica-pozvao-sosu-i-livaju\/","title":{"rendered":"Dali\u0107 objavio popis. Nema Petkovi\u0107a i Rebi\u0107a, pozvao Sosu i Livaju"},"content":{"rendered":"\n<p>Izbornik hrvatske nogometne reprezentacije, Zlatko Dali\u0107, pozvao je 25 igra\u010da za tri kvalifikacijske utakmice koje Vatrene \u010dekaju u rujnu, javlja HNS.<\/p>\n\n\n\n<p>Prvo okupljanje hrvatske reprezentacije nakon Eura 2020 predvi\u0111eno je u ponedjeljak 30. kolovoza, a svjetske doprvake u rujnu ponovno \u010deka naporan raspored s tri utakmice u tjedan dana. Hrvatska 1. rujna gostuje u Moskvi kod Rusije, tri dana kasnije odmjerit \u0107e snage sa Slova\u010dkom u Bratislavi, a program zavr\u0161ava susretom protiv Slovenije 7. rujna u Splitu.<\/p>\n\n\n\n<p>Izbornik Dali\u0107 pozvao je za ovu akciju 25 igra\u010da, uz 4 pretpoziva.<\/p>\n\n\n\n<blockquote class=\"instagram-media\" data-instgrm-captioned data-instgrm-permalink=\"https:\/\/www.instagram.com\/p\/CSoZVZFjzHJ\/?utm_source=ig_embed&amp;utm_campaign=loading\" data-instgrm-version=\"13\" style=\" background:#FFF; border:0; border-radius:3px; box-shadow:0 0 1px 0 rgba(0,0,0,0.5),0 1px 10px 0 rgba(0,0,0,0.15); margin: 1px; max-width:540px; min-width:326px; padding:0; width:99.375%; width:-webkit-calc(100% - 2px); width:calc(100% - 2px);\"><div style=\"padding:16px;\"> <a href=\"https:\/\/www.instagram.com\/p\/CSoZVZFjzHJ\/?utm_source=ig_embed&amp;utm_campaign=loading\" style=\" background:#FFFFFF; line-height:0; padding:0 0; text-align:center; text-decoration:none; width:100%;\" target=\"_blank\" rel=\"noopener\"> <div style=\" display: flex; flex-direction: row; align-items: center;\"> <div style=\"background-color: #F4F4F4; border-radius: 50%; flex-grow: 0; height: 40px; margin-right: 14px; width: 40px;\"><\/div> <div style=\"display: flex; flex-direction: column; flex-grow: 1; justify-content: center;\"> <div style=\" background-color: #F4F4F4; border-radius: 4px; flex-grow: 0; height: 14px; margin-bottom: 6px; width: 100px;\"><\/div> <div style=\" background-color: #F4F4F4; border-radius: 4px; flex-grow: 0; height: 14px; width: 60px;\"><\/div><\/div><\/div><div style=\"padding: 19% 0;\"><\/div> <div style=\"display:block; height:50px; margin:0 auto 12px; width:50px;\"><svg width=\"50px\" height=\"50px\" viewBox=\"0 0 60 60\" version=\"1.1\" xmlns=\"https:\/\/www.w3.org\/2000\/svg\" xmlns:xlink=\"https:\/\/www.w3.org\/1999\/xlink\"><g stroke=\"none\" stroke-width=\"1\" fill=\"none\" fill-rule=\"evenodd\"><g transform=\"translate(-511.000000, -20.000000)\" fill=\"#000000\"><g><path d=\"M556.869,30.41 C554.814,30.41 553.148,32.076 553.148,34.131 C553.148,36.186 554.814,37.852 556.869,37.852 C558.924,37.852 560.59,36.186 560.59,34.131 C560.59,32.076 558.924,30.41 556.869,30.41 M541,60.657 C535.114,60.657 530.342,55.887 530.342,50 C530.342,44.114 535.114,39.342 541,39.342 C546.887,39.342 551.658,44.114 551.658,50 C551.658,55.887 546.887,60.657 541,60.657 M541,33.886 C532.1,33.886 524.886,41.1 524.886,50 C524.886,58.899 532.1,66.113 541,66.113 C549.9,66.113 557.115,58.899 557.115,50 C557.115,41.1 549.9,33.886 541,33.886 M565.378,62.101 C565.244,65.022 564.756,66.606 564.346,67.663 C563.803,69.06 563.154,70.057 562.106,71.106 C561.058,72.155 560.06,72.803 558.662,73.347 C557.607,73.757 556.021,74.244 553.102,74.378 C549.944,74.521 548.997,74.552 541,74.552 C533.003,74.552 532.056,74.521 528.898,74.378 C525.979,74.244 524.393,73.757 523.338,73.347 C521.94,72.803 520.942,72.155 519.894,71.106 C518.846,70.057 518.197,69.06 517.654,67.663 C517.244,66.606 516.755,65.022 516.623,62.101 C516.479,58.943 516.448,57.996 516.448,50 C516.448,42.003 516.479,41.056 516.623,37.899 C516.755,34.978 517.244,33.391 517.654,32.338 C518.197,30.938 518.846,29.942 519.894,28.894 C520.942,27.846 521.94,27.196 523.338,26.654 C524.393,26.244 525.979,25.756 528.898,25.623 C532.057,25.479 533.004,25.448 541,25.448 C548.997,25.448 549.943,25.479 553.102,25.623 C556.021,25.756 557.607,26.244 558.662,26.654 C560.06,27.196 561.058,27.846 562.106,28.894 C563.154,29.942 563.803,30.938 564.346,32.338 C564.756,33.391 565.244,34.978 565.378,37.899 C565.522,41.056 565.552,42.003 565.552,50 C565.552,57.996 565.522,58.943 565.378,62.101 M570.82,37.631 C570.674,34.438 570.167,32.258 569.425,30.349 C568.659,28.377 567.633,26.702 565.965,25.035 C564.297,23.368 562.623,22.342 560.652,21.575 C558.743,20.834 556.562,20.326 553.369,20.18 C550.169,20.033 549.148,20 541,20 C532.853,20 531.831,20.033 528.631,20.18 C525.438,20.326 523.257,20.834 521.349,21.575 C519.376,22.342 517.703,23.368 516.035,25.035 C514.368,26.702 513.342,28.377 512.574,30.349 C511.834,32.258 511.326,34.438 511.181,37.631 C511.035,40.831 511,41.851 511,50 C511,58.147 511.035,59.17 511.181,62.369 C511.326,65.562 511.834,67.743 512.574,69.651 C513.342,71.625 514.368,73.296 516.035,74.965 C517.703,76.634 519.376,77.658 521.349,78.425 C523.257,79.167 525.438,79.673 528.631,79.82 C531.831,79.965 532.853,80.001 541,80.001 C549.148,80.001 550.169,79.965 553.369,79.82 C556.562,79.673 558.743,79.167 560.652,78.425 C562.623,77.658 564.297,76.634 565.965,74.965 C567.633,73.296 568.659,71.625 569.425,69.651 C570.167,67.743 570.674,65.562 570.82,62.369 C570.966,59.17 571,58.147 571,50 C571,41.851 570.966,40.831 570.82,37.631\"><\/path><\/g><\/g><\/g><\/svg><\/div><div style=\"padding-top: 8px;\"> <div style=\" color:#3897f0; font-family:Arial,sans-serif; font-size:14px; font-style:normal; font-weight:550; line-height:18px;\"> Pogledajte ovu objavu na Instagramu.<\/div><\/div><div style=\"padding: 12.5% 0;\"><\/div> <div style=\"display: flex; flex-direction: row; margin-bottom: 14px; align-items: center;\"><div> <div style=\"background-color: #F4F4F4; border-radius: 50%; height: 12.5px; width: 12.5px; transform: translateX(0px) translateY(7px);\"><\/div> <div style=\"background-color: #F4F4F4; height: 12.5px; transform: rotate(-45deg) translateX(3px) translateY(1px); width: 12.5px; flex-grow: 0; margin-right: 14px; margin-left: 2px;\"><\/div> <div style=\"background-color: #F4F4F4; border-radius: 50%; height: 12.5px; width: 12.5px; transform: translateX(9px) translateY(-18px);\"><\/div><\/div><div style=\"margin-left: 8px;\"> <div style=\" background-color: #F4F4F4; border-radius: 50%; flex-grow: 0; height: 20px; width: 20px;\"><\/div> <div style=\" width: 0; height: 0; border-top: 2px solid transparent; border-left: 6px solid #f4f4f4; border-bottom: 2px solid transparent; transform: translateX(16px) translateY(-4px) rotate(30deg)\"><\/div><\/div><div style=\"margin-left: auto;\"> <div style=\" width: 0px; border-top: 8px solid #F4F4F4; border-right: 8px solid transparent; transform: translateY(16px);\"><\/div> <div style=\" background-color: #F4F4F4; flex-grow: 0; height: 12px; width: 16px; transform: translateY(-4px);\"><\/div> <div style=\" width: 0; height: 0; border-top: 8px solid #F4F4F4; border-left: 8px solid transparent; transform: translateY(-4px) translateX(8px);\"><\/div><\/div><\/div> <div style=\"display: flex; flex-direction: column; flex-grow: 1; justify-content: center; margin-bottom: 24px;\"> <div style=\" background-color: #F4F4F4; border-radius: 4px; flex-grow: 0; height: 14px; margin-bottom: 6px; width: 224px;\"><\/div> <div style=\" background-color: #F4F4F4; border-radius: 4px; flex-grow: 0; height: 14px; width: 144px;\"><\/div><\/div><\/a><p style=\" color:#c9c8cd; font-family:Arial,sans-serif; font-size:14px; line-height:17px; margin-bottom:0; margin-top:8px; overflow:hidden; padding:8px 0 7px; text-align:center; text-overflow:ellipsis; white-space:nowrap;\"><a href=\"https:\/\/www.instagram.com\/p\/CSoZVZFjzHJ\/?utm_source=ig_embed&amp;utm_campaign=loading\" style=\" color:#c9c8cd; font-family:Arial,sans-serif; font-size:14px; font-style:normal; font-weight:normal; line-height:17px; text-decoration:none;\" target=\"_blank\" rel=\"noopener\">Objavu dijeli Hrvatski nogometni savez (@hns_cff)<\/a><\/p><\/div><\/blockquote> <script async src=\"\/\/www.instagram.com\/embed.js\"><\/script>\n\n\n\n<p>&#8220;Vjerujem da smo svi dobro napunili baterije nakon Eura te nam je \u017eelja da s jednom novom energijom i sna\u017enom ambicijom kvalitetno odradimo jesenski dio kvalifikacija. Ispred nas je sedam utakmica, na stolu je 21 bod, a nama \u0107e trebati jo\u0161 14-15 bodova da bismo osvojili prvo mjesto. Naravno, \u017eelja nam je u rujnu primaknuti se tom cilju i uzeti \u0161to vi\u0161e bodova&#8221;, izjavio je izbornik Dali\u0107.<\/p>\n\n\n\n<p>&#8220;Ovo nam je, objektivno, najte\u017ei dio rasporeda, a po\u010detak sezone nikada nije idealan trenutak za reprezentaciju jer su igra\u010di iz razli\u010ditih liga na druga\u010dijim razinama natjecateljske spremnosti. No, okolnosti su svima sli\u010dne, a na nama je da poka\u017eemo kvalitetu, anga\u017eman i zajedni\u0161tvo vrijedno prvog mjesta u skupini &#8211; samo tako mo\u017eemo ostvariti svoj cilj, a to je plasman u Katar. Sa svojim sto\u017eerom procijenio sam da je u ovom trenutku ovo popis igra\u010da koji mogu najbolje odgovoriti zahtjevima koji su pred nama, a kao i uvijek do sada &#8211; vrata reprezentacije nisu zatvorena nikome tko to zaslu\u017ei&#8221;, zaklju\u010duje izbornik.<\/p>\n\n\n\n<p><strong>Popis igra\u010da hrvatske reprezentacije:<\/strong><\/p>\n\n\n\n<p>Vratari: Dominik Livakovi\u0107 (Dinamo Zagreb), Simon Sluga (Luton Town), Ivica Ivu\u0161i\u0107 (Osijek).<\/p>\n\n\n\n<p>Obrambeni: Domagoj Vida (Be\u0161ikta\u0161), Dejan Lovren (Zenit), Borna Bari\u0161i\u0107 (Glasgow Rangers), Duje \u0106aleta-Car (Olimpique de Marseille), Josip Juranovi\u0107 (Legia), Filip Uremovi\u0107 (Rubin Kazan), Jo\u0161ko Gvardiol (RB Leipzig), Mile \u0160kori\u0107 (Osijek), Borna Sosa (Stuttgart).<\/p>\n\n\n\n<p>Vezni: Luka Modri\u0107 (Real Madrid), Mateo Kova\u010di\u0107 (Chelsea), Marcelo Brozovi\u0107 (Inter), Mario Pa\u0161ali\u0107 (Atalanta), Nikola Vla\u0161i\u0107 (CSKA Moskva), Luka Ivanu\u0161ec (Dinamo Zagreb), Nikola Moro (Dinamo Moskva).<\/p>\n\n\n\n<p>Napada\u010di: Ivan Peri\u0161i\u0107 (Inter), Andrej Kramari\u0107 (Hoffenheim), Mislav Or\u0161i\u0107 (Dinamo Zagreb), Ante Budimir (Osasuna), Marko Livaja (Hajduk), Antonio Mirko \u010colak (Malm\u00f6).<\/p>\n\n\n\n<p>Pretpozivi: Toma Ba\u0161i\u0107 (Bordeaux), Kristijan Lovri\u0107 (Gorica), Lovro Majer (Dinamo Zagreb), Luka Su\u010di\u0107 (RB Salzburg).<\/p>\n\n\n\n<p>Izvor:pogled.ba<\/p>\n","protected":false},"excerpt":{"rendered":"<p>Izbornik hrvatske nogometne reprezentacije, Zlatko Dali\u0107, pozvao je 25 igra\u010da za tri kvalifikacijske utakmice koje Vatrene \u010dekaju u rujnu, javlja HNS. Prvo okupljanje hrvatske reprezentacije nakon Eura 2020 predvi\u0111eno je u ponedjeljak 30. kolovoza, a svjetske doprvake u rujnu ponovno \u010deka naporan raspored s tri utakmice u tjedan dana. Hrvatska 1. rujna gostuje u Moskvi [&hellip;]<\/p>\n","protected":false},"author":2,"featured_media":33715,"comment_status":"closed","ping_status":"closed","sticky":false,"template":"","format":"standard","meta":{"h5ap_radio_sources":[],"footnotes":""},"categories":[7],"tags":[],"class_list":["post-53955","post","type-post","status-publish","format-standard","has-post-thumbnail","hentry","category-sport"],"yoast_head":"<!-- This site is optimized with the Yoast SEO plugin v27.4 - https:\/\/yoast.com\/product\/yoast-seo-wordpress\/ -->\n<title>Dali\u0107 objavio popis. Nema Petkovi\u0107a i Rebi\u0107a, pozvao Sosu i Livaju - RADIO LJUBU\u0160KI<\/title>\n<meta name=\"robots\" content=\"index, follow, max-snippet:-1, max-image-preview:large, max-video-preview:-1\" \/>\n<link rel=\"canonical\" href=\"https:\/\/radioljubuski.ba\/index.php\/2021\/08\/16\/dalic-objavio-popis-nema-petkovica-i-rebica-pozvao-sosu-i-livaju\/\" \/>\n<meta property=\"og:locale\" content=\"hr_HR\" \/>\n<meta property=\"og:type\" content=\"article\" \/>\n<meta property=\"og:title\" content=\"Dali\u0107 objavio popis. Nema Petkovi\u0107a i Rebi\u0107a, pozvao Sosu i Livaju - RADIO LJUBU\u0160KI\" \/>\n<meta property=\"og:description\" content=\"Izbornik hrvatske nogometne reprezentacije, Zlatko Dali\u0107, pozvao je 25 igra\u010da za tri kvalifikacijske utakmice koje Vatrene \u010dekaju u rujnu, javlja HNS. Prvo okupljanje hrvatske reprezentacije nakon Eura 2020 predvi\u0111eno je u ponedjeljak 30. kolovoza, a svjetske doprvake u rujnu ponovno \u010deka naporan raspored s tri utakmice u tjedan dana. Hrvatska 1. rujna gostuje u Moskvi [&hellip;]\" \/>\n<meta property=\"og:url\" content=\"https:\/\/radioljubuski.ba\/index.php\/2021\/08\/16\/dalic-objavio-popis-nema-petkovica-i-rebica-pozvao-sosu-i-livaju\/\" \/>\n<meta property=\"og:site_name\" content=\"RADIO LJUBU\u0160KI\" \/>\n<meta property=\"article:publisher\" content=\"https:\/\/www.facebook.com\/Radiio-Ljubuski-1490835324566332\" \/>\n<meta property=\"article:published_time\" content=\"2021-08-16T11:21:55+00:00\" \/>\n<meta property=\"article:modified_time\" content=\"2021-08-16T11:21:57+00:00\" \/>\n<meta property=\"og:image\" content=\"https:\/\/radioljubuski.ba\/wp-content\/uploads\/2021\/06\/zlatko-dalic-198002-630x420-1.jpeg\" \/>\n\t<meta property=\"og:image:width\" content=\"630\" \/>\n\t<meta property=\"og:image:height\" content=\"420\" \/>\n\t<meta property=\"og:image:type\" content=\"image\/jpeg\" \/>\n<meta name=\"author\" content=\"Radio Ljubu\u0161ki\" \/>\n<meta name=\"twitter:card\" content=\"summary_large_image\" \/>\n<meta name=\"twitter:creator\" content=\"@radioljubuski\" \/>\n<meta name=\"twitter:site\" content=\"@radioljubuski\" \/>\n<meta name=\"twitter:label1\" content=\"Napisao\/la\" \/>\n\t<meta name=\"twitter:data1\" content=\"Radio Ljubu\u0161ki\" \/>\n\t<meta name=\"twitter:label2\" content=\"Procijenjeno vrijeme \u010ditanja\" \/>\n\t<meta name=\"twitter:data2\" content=\"2 minute\" \/>\n<script type=\"application\/ld+json\" class=\"yoast-schema-graph\">{\"@context\":\"https:\\\/\\\/schema.org\",\"@graph\":[{\"@type\":\"Article\",\"@id\":\"https:\\\/\\\/radioljubuski.ba\\\/index.php\\\/2021\\\/08\\\/16\\\/dalic-objavio-popis-nema-petkovica-i-rebica-pozvao-sosu-i-livaju\\\/#article\",\"isPartOf\":{\"@id\":\"https:\\\/\\\/radioljubuski.ba\\\/index.php\\\/2021\\\/08\\\/16\\\/dalic-objavio-popis-nema-petkovica-i-rebica-pozvao-sosu-i-livaju\\\/\"},\"author\":{\"name\":\"Radio Ljubu\u0161ki\",\"@id\":\"https:\\\/\\\/radioljubuski.ba\\\/#\\\/schema\\\/person\\\/19fc700381a780f69665d7956c469e3b\"},\"headline\":\"Dali\u0107 objavio popis. Nema Petkovi\u0107a i Rebi\u0107a, pozvao Sosu i Livaju\",\"datePublished\":\"2021-08-16T11:21:55+00:00\",\"dateModified\":\"2021-08-16T11:21:57+00:00\",\"mainEntityOfPage\":{\"@id\":\"https:\\\/\\\/radioljubuski.ba\\\/index.php\\\/2021\\\/08\\\/16\\\/dalic-objavio-popis-nema-petkovica-i-rebica-pozvao-sosu-i-livaju\\\/\"},\"wordCount\":421,\"publisher\":{\"@id\":\"https:\\\/\\\/radioljubuski.ba\\\/#organization\"},\"image\":{\"@id\":\"https:\\\/\\\/radioljubuski.ba\\\/index.php\\\/2021\\\/08\\\/16\\\/dalic-objavio-popis-nema-petkovica-i-rebica-pozvao-sosu-i-livaju\\\/#primaryimage\"},\"thumbnailUrl\":\"https:\\\/\\\/radioljubuski.ba\\\/wp-content\\\/uploads\\\/2021\\\/06\\\/zlatko-dalic-198002-630x420-1.jpeg\",\"articleSection\":[\"\u0160port\"],\"inLanguage\":\"hr\"},{\"@type\":\"WebPage\",\"@id\":\"https:\\\/\\\/radioljubuski.ba\\\/index.php\\\/2021\\\/08\\\/16\\\/dalic-objavio-popis-nema-petkovica-i-rebica-pozvao-sosu-i-livaju\\\/\",\"url\":\"https:\\\/\\\/radioljubuski.ba\\\/index.php\\\/2021\\\/08\\\/16\\\/dalic-objavio-popis-nema-petkovica-i-rebica-pozvao-sosu-i-livaju\\\/\",\"name\":\"Dali\u0107 objavio popis. Nema Petkovi\u0107a i Rebi\u0107a, pozvao Sosu i Livaju - RADIO LJUBU\u0160KI\",\"isPartOf\":{\"@id\":\"https:\\\/\\\/radioljubuski.ba\\\/#website\"},\"primaryImageOfPage\":{\"@id\":\"https:\\\/\\\/radioljubuski.ba\\\/index.php\\\/2021\\\/08\\\/16\\\/dalic-objavio-popis-nema-petkovica-i-rebica-pozvao-sosu-i-livaju\\\/#primaryimage\"},\"image\":{\"@id\":\"https:\\\/\\\/radioljubuski.ba\\\/index.php\\\/2021\\\/08\\\/16\\\/dalic-objavio-popis-nema-petkovica-i-rebica-pozvao-sosu-i-livaju\\\/#primaryimage\"},\"thumbnailUrl\":\"https:\\\/\\\/radioljubuski.ba\\\/wp-content\\\/uploads\\\/2021\\\/06\\\/zlatko-dalic-198002-630x420-1.jpeg\",\"datePublished\":\"2021-08-16T11:21:55+00:00\",\"dateModified\":\"2021-08-16T11:21:57+00:00\",\"breadcrumb\":{\"@id\":\"https:\\\/\\\/radioljubuski.ba\\\/index.php\\\/2021\\\/08\\\/16\\\/dalic-objavio-popis-nema-petkovica-i-rebica-pozvao-sosu-i-livaju\\\/#breadcrumb\"},\"inLanguage\":\"hr\",\"potentialAction\":[{\"@type\":\"ReadAction\",\"target\":[\"https:\\\/\\\/radioljubuski.ba\\\/index.php\\\/2021\\\/08\\\/16\\\/dalic-objavio-popis-nema-petkovica-i-rebica-pozvao-sosu-i-livaju\\\/\"]}]},{\"@type\":\"ImageObject\",\"inLanguage\":\"hr\",\"@id\":\"https:\\\/\\\/radioljubuski.ba\\\/index.php\\\/2021\\\/08\\\/16\\\/dalic-objavio-popis-nema-petkovica-i-rebica-pozvao-sosu-i-livaju\\\/#primaryimage\",\"url\":\"https:\\\/\\\/radioljubuski.ba\\\/wp-content\\\/uploads\\\/2021\\\/06\\\/zlatko-dalic-198002-630x420-1.jpeg\",\"contentUrl\":\"https:\\\/\\\/radioljubuski.ba\\\/wp-content\\\/uploads\\\/2021\\\/06\\\/zlatko-dalic-198002-630x420-1.jpeg\",\"width\":630,\"height\":420},{\"@type\":\"BreadcrumbList\",\"@id\":\"https:\\\/\\\/radioljubuski.ba\\\/index.php\\\/2021\\\/08\\\/16\\\/dalic-objavio-popis-nema-petkovica-i-rebica-pozvao-sosu-i-livaju\\\/#breadcrumb\",\"itemListElement\":[{\"@type\":\"ListItem\",\"position\":1,\"name\":\"Po\u010detna stranica\",\"item\":\"https:\\\/\\\/radioljubuski.ba\\\/\"},{\"@type\":\"ListItem\",\"position\":2,\"name\":\"Dali\u0107 objavio popis. Nema Petkovi\u0107a i Rebi\u0107a, pozvao Sosu i Livaju\"}]},{\"@type\":\"WebSite\",\"@id\":\"https:\\\/\\\/radioljubuski.ba\\\/#website\",\"url\":\"https:\\\/\\\/radioljubuski.ba\\\/\",\"name\":\"Radio Ljubu\u0161ki\",\"description\":\"Sun\u010dana frekvencija Hercegovine\",\"publisher\":{\"@id\":\"https:\\\/\\\/radioljubuski.ba\\\/#organization\"},\"potentialAction\":[{\"@type\":\"SearchAction\",\"target\":{\"@type\":\"EntryPoint\",\"urlTemplate\":\"https:\\\/\\\/radioljubuski.ba\\\/?s={search_term_string}\"},\"query-input\":{\"@type\":\"PropertyValueSpecification\",\"valueRequired\":true,\"valueName\":\"search_term_string\"}}],\"inLanguage\":\"hr\"},{\"@type\":\"Organization\",\"@id\":\"https:\\\/\\\/radioljubuski.ba\\\/#organization\",\"name\":\"Radio Ljubu\u0161ki\",\"url\":\"https:\\\/\\\/radioljubuski.ba\\\/\",\"logo\":{\"@type\":\"ImageObject\",\"inLanguage\":\"hr\",\"@id\":\"https:\\\/\\\/radioljubuski.ba\\\/#\\\/schema\\\/logo\\\/image\\\/\",\"url\":\"https:\\\/\\\/radioljubuski.ba\\\/wp-content\\\/uploads\\\/2021\\\/02\\\/cropped-Radio_Ljubuski_logo1.jpg\",\"contentUrl\":\"https:\\\/\\\/radioljubuski.ba\\\/wp-content\\\/uploads\\\/2021\\\/02\\\/cropped-Radio_Ljubuski_logo1.jpg\",\"width\":512,\"height\":512,\"caption\":\"Radio Ljubu\u0161ki\"},\"image\":{\"@id\":\"https:\\\/\\\/radioljubuski.ba\\\/#\\\/schema\\\/logo\\\/image\\\/\"},\"sameAs\":[\"https:\\\/\\\/www.facebook.com\\\/Radiio-Ljubuski-1490835324566332\",\"https:\\\/\\\/x.com\\\/radioljubuski\",\"https:\\\/\\\/hr.linkedin.com\\\/company\\\/radio-ljubuski\",\"https:\\\/\\\/www.youtube.com\\\/channel\\\/UCHYaeO_n0Db3tjNGudGpXyw\"]},{\"@type\":\"Person\",\"@id\":\"https:\\\/\\\/radioljubuski.ba\\\/#\\\/schema\\\/person\\\/19fc700381a780f69665d7956c469e3b\",\"name\":\"Radio Ljubu\u0161ki\"}]}<\/script>\n<!-- \/ Yoast SEO plugin. -->","yoast_head_json":{"title":"Dali\u0107 objavio popis. Nema Petkovi\u0107a i Rebi\u0107a, pozvao Sosu i Livaju - RADIO LJUBU\u0160KI","robots":{"index":"index","follow":"follow","max-snippet":"max-snippet:-1","max-image-preview":"max-image-preview:large","max-video-preview":"max-video-preview:-1"},"canonical":"https:\/\/radioljubuski.ba\/index.php\/2021\/08\/16\/dalic-objavio-popis-nema-petkovica-i-rebica-pozvao-sosu-i-livaju\/","og_locale":"hr_HR","og_type":"article","og_title":"Dali\u0107 objavio popis. Nema Petkovi\u0107a i Rebi\u0107a, pozvao Sosu i Livaju - RADIO LJUBU\u0160KI","og_description":"Izbornik hrvatske nogometne reprezentacije, Zlatko Dali\u0107, pozvao je 25 igra\u010da za tri kvalifikacijske utakmice koje Vatrene \u010dekaju u rujnu, javlja HNS. Prvo okupljanje hrvatske reprezentacije nakon Eura 2020 predvi\u0111eno je u ponedjeljak 30. kolovoza, a svjetske doprvake u rujnu ponovno \u010deka naporan raspored s tri utakmice u tjedan dana. Hrvatska 1. rujna gostuje u Moskvi [&hellip;]","og_url":"https:\/\/radioljubuski.ba\/index.php\/2021\/08\/16\/dalic-objavio-popis-nema-petkovica-i-rebica-pozvao-sosu-i-livaju\/","og_site_name":"RADIO LJUBU\u0160KI","article_publisher":"https:\/\/www.facebook.com\/Radiio-Ljubuski-1490835324566332","article_published_time":"2021-08-16T11:21:55+00:00","article_modified_time":"2021-08-16T11:21:57+00:00","og_image":[{"width":630,"height":420,"url":"https:\/\/radioljubuski.ba\/wp-content\/uploads\/2021\/06\/zlatko-dalic-198002-630x420-1.jpeg","type":"image\/jpeg"}],"author":"Radio Ljubu\u0161ki","twitter_card":"summary_large_image","twitter_creator":"@radioljubuski","twitter_site":"@radioljubuski","twitter_misc":{"Napisao\/la":"Radio Ljubu\u0161ki","Procijenjeno vrijeme \u010ditanja":"2 minute"},"schema":{"@context":"https:\/\/schema.org","@graph":[{"@type":"Article","@id":"https:\/\/radioljubuski.ba\/index.php\/2021\/08\/16\/dalic-objavio-popis-nema-petkovica-i-rebica-pozvao-sosu-i-livaju\/#article","isPartOf":{"@id":"https:\/\/radioljubuski.ba\/index.php\/2021\/08\/16\/dalic-objavio-popis-nema-petkovica-i-rebica-pozvao-sosu-i-livaju\/"},"author":{"name":"Radio Ljubu\u0161ki","@id":"https:\/\/radioljubuski.ba\/#\/schema\/person\/19fc700381a780f69665d7956c469e3b"},"headline":"Dali\u0107 objavio popis. Nema Petkovi\u0107a i Rebi\u0107a, pozvao Sosu i Livaju","datePublished":"2021-08-16T11:21:55+00:00","dateModified":"2021-08-16T11:21:57+00:00","mainEntityOfPage":{"@id":"https:\/\/radioljubuski.ba\/index.php\/2021\/08\/16\/dalic-objavio-popis-nema-petkovica-i-rebica-pozvao-sosu-i-livaju\/"},"wordCount":421,"publisher":{"@id":"https:\/\/radioljubuski.ba\/#organization"},"image":{"@id":"https:\/\/radioljubuski.ba\/index.php\/2021\/08\/16\/dalic-objavio-popis-nema-petkovica-i-rebica-pozvao-sosu-i-livaju\/#primaryimage"},"thumbnailUrl":"https:\/\/radioljubuski.ba\/wp-content\/uploads\/2021\/06\/zlatko-dalic-198002-630x420-1.jpeg","articleSection":["\u0160port"],"inLanguage":"hr"},{"@type":"WebPage","@id":"https:\/\/radioljubuski.ba\/index.php\/2021\/08\/16\/dalic-objavio-popis-nema-petkovica-i-rebica-pozvao-sosu-i-livaju\/","url":"https:\/\/radioljubuski.ba\/index.php\/2021\/08\/16\/dalic-objavio-popis-nema-petkovica-i-rebica-pozvao-sosu-i-livaju\/","name":"Dali\u0107 objavio popis. Nema Petkovi\u0107a i Rebi\u0107a, pozvao Sosu i Livaju - RADIO LJUBU\u0160KI","isPartOf":{"@id":"https:\/\/radioljubuski.ba\/#website"},"primaryImageOfPage":{"@id":"https:\/\/radioljubuski.ba\/index.php\/2021\/08\/16\/dalic-objavio-popis-nema-petkovica-i-rebica-pozvao-sosu-i-livaju\/#primaryimage"},"image":{"@id":"https:\/\/radioljubuski.ba\/index.php\/2021\/08\/16\/dalic-objavio-popis-nema-petkovica-i-rebica-pozvao-sosu-i-livaju\/#primaryimage"},"thumbnailUrl":"https:\/\/radioljubuski.ba\/wp-content\/uploads\/2021\/06\/zlatko-dalic-198002-630x420-1.jpeg","datePublished":"2021-08-16T11:21:55+00:00","dateModified":"2021-08-16T11:21:57+00:00","breadcrumb":{"@id":"https:\/\/radioljubuski.ba\/index.php\/2021\/08\/16\/dalic-objavio-popis-nema-petkovica-i-rebica-pozvao-sosu-i-livaju\/#breadcrumb"},"inLanguage":"hr","potentialAction":[{"@type":"ReadAction","target":["https:\/\/radioljubuski.ba\/index.php\/2021\/08\/16\/dalic-objavio-popis-nema-petkovica-i-rebica-pozvao-sosu-i-livaju\/"]}]},{"@type":"ImageObject","inLanguage":"hr","@id":"https:\/\/radioljubuski.ba\/index.php\/2021\/08\/16\/dalic-objavio-popis-nema-petkovica-i-rebica-pozvao-sosu-i-livaju\/#primaryimage","url":"https:\/\/radioljubuski.ba\/wp-content\/uploads\/2021\/06\/zlatko-dalic-198002-630x420-1.jpeg","contentUrl":"https:\/\/radioljubuski.ba\/wp-content\/uploads\/2021\/06\/zlatko-dalic-198002-630x420-1.jpeg","width":630,"height":420},{"@type":"BreadcrumbList","@id":"https:\/\/radioljubuski.ba\/index.php\/2021\/08\/16\/dalic-objavio-popis-nema-petkovica-i-rebica-pozvao-sosu-i-livaju\/#breadcrumb","itemListElement":[{"@type":"ListItem","position":1,"name":"Po\u010detna stranica","item":"https:\/\/radioljubuski.ba\/"},{"@type":"ListItem","position":2,"name":"Dali\u0107 objavio popis. Nema Petkovi\u0107a i Rebi\u0107a, pozvao Sosu i Livaju"}]},{"@type":"WebSite","@id":"https:\/\/radioljubuski.ba\/#website","url":"https:\/\/radioljubuski.ba\/","name":"Radio Ljubu\u0161ki","description":"Sun\u010dana frekvencija Hercegovine","publisher":{"@id":"https:\/\/radioljubuski.ba\/#organization"},"potentialAction":[{"@type":"SearchAction","target":{"@type":"EntryPoint","urlTemplate":"https:\/\/radioljubuski.ba\/?s={search_term_string}"},"query-input":{"@type":"PropertyValueSpecification","valueRequired":true,"valueName":"search_term_string"}}],"inLanguage":"hr"},{"@type":"Organization","@id":"https:\/\/radioljubuski.ba\/#organization","name":"Radio Ljubu\u0161ki","url":"https:\/\/radioljubuski.ba\/","logo":{"@type":"ImageObject","inLanguage":"hr","@id":"https:\/\/radioljubuski.ba\/#\/schema\/logo\/image\/","url":"https:\/\/radioljubuski.ba\/wp-content\/uploads\/2021\/02\/cropped-Radio_Ljubuski_logo1.jpg","contentUrl":"https:\/\/radioljubuski.ba\/wp-content\/uploads\/2021\/02\/cropped-Radio_Ljubuski_logo1.jpg","width":512,"height":512,"caption":"Radio Ljubu\u0161ki"},"image":{"@id":"https:\/\/radioljubuski.ba\/#\/schema\/logo\/image\/"},"sameAs":["https:\/\/www.facebook.com\/Radiio-Ljubuski-1490835324566332","https:\/\/x.com\/radioljubuski","https:\/\/hr.linkedin.com\/company\/radio-ljubuski","https:\/\/www.youtube.com\/channel\/UCHYaeO_n0Db3tjNGudGpXyw"]},{"@type":"Person","@id":"https:\/\/radioljubuski.ba\/#\/schema\/person\/19fc700381a780f69665d7956c469e3b","name":"Radio Ljubu\u0161ki"}]}},"_links":{"self":[{"href":"https:\/\/radioljubuski.ba\/index.php\/wp-json\/wp\/v2\/posts\/53955","targetHints":{"allow":["GET"]}}],"collection":[{"href":"https:\/\/radioljubuski.ba\/index.php\/wp-json\/wp\/v2\/posts"}],"about":[{"href":"https:\/\/radioljubuski.ba\/index.php\/wp-json\/wp\/v2\/types\/post"}],"author":[{"embeddable":true,"href":"https:\/\/radioljubuski.ba\/index.php\/wp-json\/wp\/v2\/users\/2"}],"replies":[{"embeddable":true,"href":"https:\/\/radioljubuski.ba\/index.php\/wp-json\/wp\/v2\/comments?post=53955"}],"version-history":[{"count":1,"href":"https:\/\/radioljubuski.ba\/index.php\/wp-json\/wp\/v2\/posts\/53955\/revisions"}],"predecessor-version":[{"id":53956,"href":"https:\/\/radioljubuski.ba\/index.php\/wp-json\/wp\/v2\/posts\/53955\/revisions\/53956"}],"wp:featuredmedia":[{"embeddable":true,"href":"https:\/\/radioljubuski.ba\/index.php\/wp-json\/wp\/v2\/media\/33715"}],"wp:attachment":[{"href":"https:\/\/radioljubuski.ba\/index.php\/wp-json\/wp\/v2\/media?parent=53955"}],"wp:term":[{"taxonomy":"category","embeddable":true,"href":"https:\/\/radioljubuski.ba\/index.php\/wp-json\/wp\/v2\/categories?post=53955"},{"taxonomy":"post_tag","embeddable":true,"href":"https:\/\/radioljubuski.ba\/index.php\/wp-json\/wp\/v2\/tags?post=53955"}],"curies":[{"name":"wp","href":"https:\/\/api.w.org\/{rel}","templated":true}]}}