{"id":54012,"date":"2021-08-16T13:23:45","date_gmt":"2021-08-16T12:23:45","guid":{"rendered":"https:\/\/radioljubuski.ba\/?p=54012"},"modified":"2021-08-16T13:23:46","modified_gmt":"2021-08-16T12:23:46","slug":"jeruzalem-post-ivo-goldstein-sramotno-se-ruga-holokaustu-to-mora-hitno-prestati","status":"publish","type":"post","link":"https:\/\/radioljubuski.ba\/index.php\/2021\/08\/16\/jeruzalem-post-ivo-goldstein-sramotno-se-ruga-holokaustu-to-mora-hitno-prestati\/","title":{"rendered":"Jeruzalem post: Ivo Goldstein sramotno se ruga Holokaustu! To mora hitno prestati"},"content":{"rendered":"\n<p><strong>\u201cU vrijeme hiper-antisemitizma u svijetu i sve ve\u0107e mr\u017enje prema \u017eidovskim sadr\u017eajima, krajnje je vrijeme da svi \u2013 a osobito \u017didovi \u2013 prestanu sura\u0111ivati \u200b\u200bsa zlo\u0107udnim tipovima koji se rugaju holokaustu\u201d, pi\u0161e David Goldman u autorskom tekstu u <a href=\"https:\/\/www.jpost.com\/opinion\/this-disgraceful-mocking-of-the-holocaust-needs-to-stop-now-676707\" target=\"_blank\" rel=\"noreferrer noopener\">Jeruzelem postu<\/a>.<\/strong><\/p>\n\n\n\n<p>U tekstu pod naslovom: \u201cOvo sramotno ismijavanje holokausta mora odmah prestati\u201d, Goldman pi\u0161e:<\/p>\n\n\n\n<p>Kad je na topao i ugodan lipanjski vikend 2018., dr. Ivo Goldstein dao intervjuu za popularnu hrvatsku TV emisiju \u201cNedjeljom u dva\u201d, o sve problemati\u010dnijem koncentracijskom logoru Jasenovac, nije ni znao da \u0107e izavati po\u017ear.<\/p>\n\n\n\n<p>Oko 28 minute intervjua voditelj je Goldsteina upitao: \u201cMnogi su komentirali nedostatak bilo kakvih forenzi\u010dkih dokaza iz ovog logora. Mo\u017eete li objasniti za\u0161to je to tako?\u201d<\/p>\n\n\n\n<p>Tada je Goldstein, jedan od najcjenjenijih povjesni\u010dara na Balkanu, bacio bombu: \u201c\u2026 to je zato \u0161to je u travnju 1945. Hitler poslao posebne strojeve u Jasenovac. Ti su strojevi kori\u0161teni za otapanje preostalih kostiju \u2026 \u201d, rekao je.<\/p>\n\n\n\n<p>(Goldstein je u intervju Stankovi\u0107u rekao da je 500 do 600 logora\u0161a sustavno radilo na uni\u0161tavanju le\u0161eva, a svime je rukovodio biv\u0161i sve\u0107enik Miroslav Filipovi\u0107. Poznat i kao Tomislav Filipovi\u0107 i Tomislav Filipovi\u0107-Majstorovi\u0107, osu\u0111en zbog ratnih zlo\u010dina na njema\u010dkom vojnom sudu i jugoslavenskom civilnom sudu te obje\u0161en u Beogradu 1946. godine, op. a.)<\/p>\n\n\n\n<p>U vrijeme kada antisemitizam raste eksponencijalno, pri \u010demu svaki \u010detvrti ameri\u010dki milenijac vjeruje da je holokaust la\u017eiran, dok ne\u0161to vi\u0161e od polovice Nijemaca vjeruje da \u017didovi pretjeruju s holokaustom, Goldsteinova tvrdnja da je, dok je rusko topni\u0161tvo pretvaralo Berlin u pra\u0161inu, Adolf Hitler na\u0161ao vremena slati dotad nepoznati strojeve u neke balkanske \u0161krape kako bi se \u201crastvorile\u201d ljudske kosti, nije bila samo fantazija ve\u0107 posljednja stvar koja je \u017didovima trenutno potrebna.<\/p>\n\n\n\n<p>\u0160to je jo\u0161 va\u017enije, za\u0161to dopustiti kontaminaciju povijesti holokausta mjestom koje ne mo\u017ee pru\u017eiti nikakve neovisne forenzi\u010dke dokaze o nekoliko tisu\u0107a \u017ertava, koje se uve\u0107avaju \u2013 uklju\u010duju\u0107i 2021. \u2013 popis \u017ertava za koji se vi\u0161e puta pokazalo da je dopisivan?<\/p>\n\n\n\n<p>Nadalje, za\u0161to su skupine poput Yad Vashema i ameri\u010dkog Muzeja holokausta desetlje\u0107ima okretale glavu kad je Spomen podru\u010dje Jasenovac ukralo slike iz Treblinke, Ukrajine, Poljske i drugdje kako bi potkrijepilo svoje preuveli\u010dane tvrdnje?<\/p>\n\n\n\n<p>I za\u0161to te organizacije do danas prihva\u0107aju tvrdnje biv\u0161e Jugoslavije o astronomskom broju poginulih u Drugom svjetskom ratu, unato\u010d tome \u0161to tri slu\u017ebena popisa stanovni\u0161tva pokazuju suprotno?<\/p>\n\n\n\n<p>Smje\u0161ten u Hrvatskoj, oko 100 kilometara ju\u017eno od glavnog grada Zagreba, Jasenovac su osnovale kolaboracionisti\u010dke usta\u0161e u kolovozu 1941. Prema ve\u0107ini izvora, oko 85% zatvorenika bili su Srbi, Romi, Bo\u0161njaci i Hrvati, dok su preostalih 15% \u017didovi. Jugoslavensko forenzi\u010dko ispitivanje logora i okolnog podru\u010dja pokazalo je da je u logoru ubijeno izme\u0111u 2500 i 4500 ljudi.<\/p>\n\n\n\n<p>Godine 1980. Jugoslavija je, zbog ratne od\u0161tete, preimenovala Jasenovac u \u201cAuschwitz na Balkanu\u201d. U cini\u010dnom poku\u0161aju da iznudi novac iz Zapadne Njema\u010dke broj logora\u0161a se kasnije pove\u0107ao na 59.000, zatim 72.000, 77.000 , 99.000, 250.000 i sve do 800.000 \u017ertava. Poput neke jezive igre \u201cgenocidnog binga\u201d.<\/p>\n\n\n\n<p>Me\u0111utim, ne samo da Beograd nije mogao pru\u017eiti nikakve fizi\u010dke dokaze koji bi potvrdili te novo napuhane brojke, ve\u0107 je sramotno objavio da je logor s manje od 4500 dokazanih (uglavnom ne\u017eidovskih) \u017ertava sada jednak Auschwitzu, mjestu stravi\u010dnog ubojstva gotovo 1,5 milijuna ljudi, ve\u0107inom \u017didova.<\/p>\n\n\n\n<p>Ako je ikada postojao jasan slu\u010daj antisemitizma i mr\u017enje prema samome sebi \u2013 posebno onih \u017eidovskih povjesni\u010dara koji su dopustili da se povijest holokausta otme zbog onoga \u0161to je u osnovi teritorijalni spor na Balkanu \u2013 to je ovaj slu\u010daj.<\/p>\n\n\n\n<p>Podrazumijeva se da rastu\u0107e skupine poricatelja holokausta diljem svijeta ne bi voljele ni\u0161ta vi\u0161e nego da im se pomogne u njihovoj potrazi za otkrivanjem istine o najtragi\u010dnijem i najgorem doga\u0111aju 20. stolje\u0107a.<\/p>\n\n\n\n<p>Povjesni\u010dari su dugo komentirali kako Srbija prema Zapadu Jasenovac promovira kao dio \u017eidovskog holokausta, ali na Balkanu su \u017didovi potpuno uklonjeni iz holokausta i zamijenjeni Srbima.<\/p>\n\n\n\n<p>Kao \u0161to je dr. Lea David, profesorica studija Holokausta na Sveu\u010dili\u0161tu u Haifi, primijetila: \u201eSrpska politi\u010dka elita tada je otela slike i simbole holokausta kako bi izjedna\u010dila srpske \u017ertve sa \u017eidovskim \u017ertvama i u cijelom svijetu promovirala \u2018srpsko pravedni\u0161tvo\u2019 tijekom ratova 1990-ih.\u201d<\/p>\n\n\n\n<p>\u201cPotvrdiv\u0161i Srbe kao \u017ertve holokausta, srpska vlada je zatim promijenila stranu i umjesto partizana rehabilitirala kvislin\u0161ke \u010detnike i druge desni\u010dare\u201d, ka\u017ee ona.<\/p>\n\n\n\n<p>Kao \u0161to je David McDonald sa Sveu\u010dili\u0161ta u Otagu tako\u0111er primijetio u Globalizaciji holokausta: \u017eidovska \u201eupotrebljiva pro\u0161lost\u201c u srpskom nacionalizmu: \u201eSlike holokausta sjedinili su u istu omotnicu, omogu\u0107avaju\u0107i srpskim nacionalisti\u010dkim ciljevima da dobiju \u0161iru, univerzalniju privla\u010dnost. Moglo bi odjeknuti doma\u0107im Srbima i onima u dijaspori, kao i sa \u017didovima i ne\u017eidovima \u2026 gdje su se isprepleli mitovi o srpskoj i \u017eidovskoj patnji, pru\u017eaju\u0107i novi niz nacionalnih mitova. \u201d<\/p>\n\n\n\n<p>\u0160to se ti\u010de ameri\u010dkog Muzeja holokausta, na svojoj web stranici on priznaje: \u201cOdre\u0111ivanje broja \u017ertava \u2026 za Jasenovac je vrlo problemati\u010dno, zbog uni\u0161tenja mnogih relevantnih dokumenata, dugotrajne nedostupnosti neovisnih znanstvenika i dokumenata o pre\u017eivjelima\u2026\u201d<\/p>\n\n\n\n<p>Pa za\u0161to citirati brojke ako su \u201cvrlo problemati\u010dne\u201d, posebno imaju\u0107i u vidu da je Muzej svjestan da je Yad Vashem tijekom 1990-ih u vi\u0161e navrata poku\u0161avao nabaviti izvorne jasenova\u010dke dokumente iz Srbije, ali je to do danas bilo odlu\u010dno odbijeno?<\/p>\n\n\n\n<p>Jednako zbunjuju\u0107a bila je Jugoslavenska desetljetna tvrdnja da \u0107e se posmrtni ostaci \u017ertava \u201cmorati otkriti\u201c, no tijekom svoje 47-godi\u0161nje vladavine tim mjestom, nije se niti jednom potrudilo prona\u0107i te tajanstveno \u201cnestale\u201d posmrtne ostatke. Oni koji su jedini ratni koncentracijski logor bez ikakvih provjerljivih podataka povezali sa znanstveno dokazanim \u010dinjenicama holokausta nanijeli su nemjerljivu \u0161tetu \u017eidovskoj povijesti.<\/p>\n\n\n\n<p>U vrijeme hiper-antisemitizma i sve ve\u0107e mr\u017enje prema \u017eidovskim stvarima, krajnje je vrijeme da svi \u2013 a osobito \u017didovi-prestanu sura\u0111ivati \u200b\u200bsa zlo\u0107udnim tipovima koji ismijavaju Holokaust.<\/p>\n\n\n\n<p>Autor je australski knji\u017eevnik i slobodni novinar te direktor thegoldmanreport.org, stranice posve\u0107ene razotkrivanju nacisti\u010dkih suradnika i neo-nacista koji \u017eive Down Under.<\/p>\n\n\n\n<p>\/HMS\/<\/p>\n","protected":false},"excerpt":{"rendered":"<p>\u201cU vrijeme hiper-antisemitizma u svijetu i sve ve\u0107e mr\u017enje prema \u017eidovskim sadr\u017eajima, krajnje je vrijeme da svi \u2013 a osobito \u017didovi \u2013 prestanu sura\u0111ivati \u200b\u200bsa zlo\u0107udnim tipovima koji se rugaju holokaustu\u201d, pi\u0161e David Goldman u autorskom tekstu u Jeruzelem postu. U tekstu pod naslovom: \u201cOvo sramotno ismijavanje holokausta mora odmah prestati\u201d, Goldman pi\u0161e: Kad je [&hellip;]<\/p>\n","protected":false},"author":2,"featured_media":54013,"comment_status":"closed","ping_status":"closed","sticky":false,"template":"","format":"standard","meta":{"h5ap_radio_sources":[],"footnotes":""},"categories":[1],"tags":[],"class_list":["post-54012","post","type-post","status-publish","format-standard","has-post-thumbnail","hentry","category-bihiregija"],"yoast_head":"<!-- This site is optimized with the Yoast SEO plugin v27.5 - https:\/\/yoast.com\/product\/yoast-seo-wordpress\/ -->\n<title>Jeruzalem post: Ivo Goldstein sramotno se ruga Holokaustu! To mora hitno prestati - RADIO LJUBU\u0160KI<\/title>\n<meta name=\"robots\" content=\"index, follow, max-snippet:-1, max-image-preview:large, max-video-preview:-1\" \/>\n<link rel=\"canonical\" href=\"https:\/\/radioljubuski.ba\/index.php\/2021\/08\/16\/jeruzalem-post-ivo-goldstein-sramotno-se-ruga-holokaustu-to-mora-hitno-prestati\/\" \/>\n<meta property=\"og:locale\" content=\"hr_HR\" \/>\n<meta property=\"og:type\" content=\"article\" \/>\n<meta property=\"og:title\" content=\"Jeruzalem post: Ivo Goldstein sramotno se ruga Holokaustu! To mora hitno prestati - RADIO LJUBU\u0160KI\" \/>\n<meta property=\"og:description\" content=\"\u201cU vrijeme hiper-antisemitizma u svijetu i sve ve\u0107e mr\u017enje prema \u017eidovskim sadr\u017eajima, krajnje je vrijeme da svi \u2013 a osobito \u017didovi \u2013 prestanu sura\u0111ivati \u200b\u200bsa zlo\u0107udnim tipovima koji se rugaju holokaustu\u201d, pi\u0161e David Goldman u autorskom tekstu u Jeruzelem postu. U tekstu pod naslovom: \u201cOvo sramotno ismijavanje holokausta mora odmah prestati\u201d, Goldman pi\u0161e: Kad je [&hellip;]\" \/>\n<meta property=\"og:url\" content=\"https:\/\/radioljubuski.ba\/index.php\/2021\/08\/16\/jeruzalem-post-ivo-goldstein-sramotno-se-ruga-holokaustu-to-mora-hitno-prestati\/\" \/>\n<meta property=\"og:site_name\" content=\"RADIO LJUBU\u0160KI\" \/>\n<meta property=\"article:publisher\" content=\"https:\/\/www.facebook.com\/Radiio-Ljubuski-1490835324566332\" \/>\n<meta property=\"article:published_time\" content=\"2021-08-16T12:23:45+00:00\" \/>\n<meta property=\"article:modified_time\" content=\"2021-08-16T12:23:46+00:00\" \/>\n<meta property=\"og:image\" content=\"https:\/\/radioljubuski.ba\/wp-content\/uploads\/2021\/08\/goldstein-1068x801-1.jpg\" \/>\n\t<meta property=\"og:image:width\" content=\"1068\" \/>\n\t<meta property=\"og:image:height\" content=\"801\" \/>\n\t<meta property=\"og:image:type\" content=\"image\/jpeg\" \/>\n<meta name=\"author\" content=\"Radio Ljubu\u0161ki\" \/>\n<meta name=\"twitter:card\" content=\"summary_large_image\" \/>\n<meta name=\"twitter:creator\" content=\"@radioljubuski\" \/>\n<meta name=\"twitter:site\" content=\"@radioljubuski\" \/>\n<meta name=\"twitter:label1\" content=\"Napisao\/la\" \/>\n\t<meta name=\"twitter:data1\" content=\"Radio Ljubu\u0161ki\" \/>\n\t<meta name=\"twitter:label2\" content=\"Procijenjeno vrijeme \u010ditanja\" \/>\n\t<meta name=\"twitter:data2\" content=\"5 minuta\" \/>\n<script type=\"application\/ld+json\" class=\"yoast-schema-graph\">{\"@context\":\"https:\\\/\\\/schema.org\",\"@graph\":[{\"@type\":\"Article\",\"@id\":\"https:\\\/\\\/radioljubuski.ba\\\/index.php\\\/2021\\\/08\\\/16\\\/jeruzalem-post-ivo-goldstein-sramotno-se-ruga-holokaustu-to-mora-hitno-prestati\\\/#article\",\"isPartOf\":{\"@id\":\"https:\\\/\\\/radioljubuski.ba\\\/index.php\\\/2021\\\/08\\\/16\\\/jeruzalem-post-ivo-goldstein-sramotno-se-ruga-holokaustu-to-mora-hitno-prestati\\\/\"},\"author\":{\"name\":\"Radio Ljubu\u0161ki\",\"@id\":\"https:\\\/\\\/radioljubuski.ba\\\/#\\\/schema\\\/person\\\/19fc700381a780f69665d7956c469e3b\"},\"headline\":\"Jeruzalem post: Ivo Goldstein sramotno se ruga Holokaustu! To mora hitno prestati\",\"datePublished\":\"2021-08-16T12:23:45+00:00\",\"dateModified\":\"2021-08-16T12:23:46+00:00\",\"mainEntityOfPage\":{\"@id\":\"https:\\\/\\\/radioljubuski.ba\\\/index.php\\\/2021\\\/08\\\/16\\\/jeruzalem-post-ivo-goldstein-sramotno-se-ruga-holokaustu-to-mora-hitno-prestati\\\/\"},\"wordCount\":1035,\"publisher\":{\"@id\":\"https:\\\/\\\/radioljubuski.ba\\\/#organization\"},\"image\":{\"@id\":\"https:\\\/\\\/radioljubuski.ba\\\/index.php\\\/2021\\\/08\\\/16\\\/jeruzalem-post-ivo-goldstein-sramotno-se-ruga-holokaustu-to-mora-hitno-prestati\\\/#primaryimage\"},\"thumbnailUrl\":\"https:\\\/\\\/radioljubuski.ba\\\/wp-content\\\/uploads\\\/2021\\\/08\\\/goldstein-1068x801-1.jpg\",\"articleSection\":[\"BIH i regija\"],\"inLanguage\":\"hr\"},{\"@type\":\"WebPage\",\"@id\":\"https:\\\/\\\/radioljubuski.ba\\\/index.php\\\/2021\\\/08\\\/16\\\/jeruzalem-post-ivo-goldstein-sramotno-se-ruga-holokaustu-to-mora-hitno-prestati\\\/\",\"url\":\"https:\\\/\\\/radioljubuski.ba\\\/index.php\\\/2021\\\/08\\\/16\\\/jeruzalem-post-ivo-goldstein-sramotno-se-ruga-holokaustu-to-mora-hitno-prestati\\\/\",\"name\":\"Jeruzalem post: Ivo Goldstein sramotno se ruga Holokaustu! To mora hitno prestati - RADIO LJUBU\u0160KI\",\"isPartOf\":{\"@id\":\"https:\\\/\\\/radioljubuski.ba\\\/#website\"},\"primaryImageOfPage\":{\"@id\":\"https:\\\/\\\/radioljubuski.ba\\\/index.php\\\/2021\\\/08\\\/16\\\/jeruzalem-post-ivo-goldstein-sramotno-se-ruga-holokaustu-to-mora-hitno-prestati\\\/#primaryimage\"},\"image\":{\"@id\":\"https:\\\/\\\/radioljubuski.ba\\\/index.php\\\/2021\\\/08\\\/16\\\/jeruzalem-post-ivo-goldstein-sramotno-se-ruga-holokaustu-to-mora-hitno-prestati\\\/#primaryimage\"},\"thumbnailUrl\":\"https:\\\/\\\/radioljubuski.ba\\\/wp-content\\\/uploads\\\/2021\\\/08\\\/goldstein-1068x801-1.jpg\",\"datePublished\":\"2021-08-16T12:23:45+00:00\",\"dateModified\":\"2021-08-16T12:23:46+00:00\",\"breadcrumb\":{\"@id\":\"https:\\\/\\\/radioljubuski.ba\\\/index.php\\\/2021\\\/08\\\/16\\\/jeruzalem-post-ivo-goldstein-sramotno-se-ruga-holokaustu-to-mora-hitno-prestati\\\/#breadcrumb\"},\"inLanguage\":\"hr\",\"potentialAction\":[{\"@type\":\"ReadAction\",\"target\":[\"https:\\\/\\\/radioljubuski.ba\\\/index.php\\\/2021\\\/08\\\/16\\\/jeruzalem-post-ivo-goldstein-sramotno-se-ruga-holokaustu-to-mora-hitno-prestati\\\/\"]}]},{\"@type\":\"ImageObject\",\"inLanguage\":\"hr\",\"@id\":\"https:\\\/\\\/radioljubuski.ba\\\/index.php\\\/2021\\\/08\\\/16\\\/jeruzalem-post-ivo-goldstein-sramotno-se-ruga-holokaustu-to-mora-hitno-prestati\\\/#primaryimage\",\"url\":\"https:\\\/\\\/radioljubuski.ba\\\/wp-content\\\/uploads\\\/2021\\\/08\\\/goldstein-1068x801-1.jpg\",\"contentUrl\":\"https:\\\/\\\/radioljubuski.ba\\\/wp-content\\\/uploads\\\/2021\\\/08\\\/goldstein-1068x801-1.jpg\",\"width\":1068,\"height\":801},{\"@type\":\"BreadcrumbList\",\"@id\":\"https:\\\/\\\/radioljubuski.ba\\\/index.php\\\/2021\\\/08\\\/16\\\/jeruzalem-post-ivo-goldstein-sramotno-se-ruga-holokaustu-to-mora-hitno-prestati\\\/#breadcrumb\",\"itemListElement\":[{\"@type\":\"ListItem\",\"position\":1,\"name\":\"Po\u010detna stranica\",\"item\":\"https:\\\/\\\/radioljubuski.ba\\\/\"},{\"@type\":\"ListItem\",\"position\":2,\"name\":\"Jeruzalem post: Ivo Goldstein sramotno se ruga Holokaustu! To mora hitno prestati\"}]},{\"@type\":\"WebSite\",\"@id\":\"https:\\\/\\\/radioljubuski.ba\\\/#website\",\"url\":\"https:\\\/\\\/radioljubuski.ba\\\/\",\"name\":\"Radio Ljubu\u0161ki\",\"description\":\"Sun\u010dana frekvencija Hercegovine\",\"publisher\":{\"@id\":\"https:\\\/\\\/radioljubuski.ba\\\/#organization\"},\"potentialAction\":[{\"@type\":\"SearchAction\",\"target\":{\"@type\":\"EntryPoint\",\"urlTemplate\":\"https:\\\/\\\/radioljubuski.ba\\\/?s={search_term_string}\"},\"query-input\":{\"@type\":\"PropertyValueSpecification\",\"valueRequired\":true,\"valueName\":\"search_term_string\"}}],\"inLanguage\":\"hr\"},{\"@type\":\"Organization\",\"@id\":\"https:\\\/\\\/radioljubuski.ba\\\/#organization\",\"name\":\"Radio Ljubu\u0161ki\",\"url\":\"https:\\\/\\\/radioljubuski.ba\\\/\",\"logo\":{\"@type\":\"ImageObject\",\"inLanguage\":\"hr\",\"@id\":\"https:\\\/\\\/radioljubuski.ba\\\/#\\\/schema\\\/logo\\\/image\\\/\",\"url\":\"https:\\\/\\\/radioljubuski.ba\\\/wp-content\\\/uploads\\\/2021\\\/02\\\/cropped-Radio_Ljubuski_logo1.jpg\",\"contentUrl\":\"https:\\\/\\\/radioljubuski.ba\\\/wp-content\\\/uploads\\\/2021\\\/02\\\/cropped-Radio_Ljubuski_logo1.jpg\",\"width\":512,\"height\":512,\"caption\":\"Radio Ljubu\u0161ki\"},\"image\":{\"@id\":\"https:\\\/\\\/radioljubuski.ba\\\/#\\\/schema\\\/logo\\\/image\\\/\"},\"sameAs\":[\"https:\\\/\\\/www.facebook.com\\\/Radiio-Ljubuski-1490835324566332\",\"https:\\\/\\\/x.com\\\/radioljubuski\",\"https:\\\/\\\/hr.linkedin.com\\\/company\\\/radio-ljubuski\",\"https:\\\/\\\/www.youtube.com\\\/channel\\\/UCHYaeO_n0Db3tjNGudGpXyw\"]},{\"@type\":\"Person\",\"@id\":\"https:\\\/\\\/radioljubuski.ba\\\/#\\\/schema\\\/person\\\/19fc700381a780f69665d7956c469e3b\",\"name\":\"Radio Ljubu\u0161ki\"}]}<\/script>\n<!-- \/ Yoast SEO plugin. -->","yoast_head_json":{"title":"Jeruzalem post: Ivo Goldstein sramotno se ruga Holokaustu! To mora hitno prestati - RADIO LJUBU\u0160KI","robots":{"index":"index","follow":"follow","max-snippet":"max-snippet:-1","max-image-preview":"max-image-preview:large","max-video-preview":"max-video-preview:-1"},"canonical":"https:\/\/radioljubuski.ba\/index.php\/2021\/08\/16\/jeruzalem-post-ivo-goldstein-sramotno-se-ruga-holokaustu-to-mora-hitno-prestati\/","og_locale":"hr_HR","og_type":"article","og_title":"Jeruzalem post: Ivo Goldstein sramotno se ruga Holokaustu! To mora hitno prestati - RADIO LJUBU\u0160KI","og_description":"\u201cU vrijeme hiper-antisemitizma u svijetu i sve ve\u0107e mr\u017enje prema \u017eidovskim sadr\u017eajima, krajnje je vrijeme da svi \u2013 a osobito \u017didovi \u2013 prestanu sura\u0111ivati \u200b\u200bsa zlo\u0107udnim tipovima koji se rugaju holokaustu\u201d, pi\u0161e David Goldman u autorskom tekstu u Jeruzelem postu. U tekstu pod naslovom: \u201cOvo sramotno ismijavanje holokausta mora odmah prestati\u201d, Goldman pi\u0161e: Kad je [&hellip;]","og_url":"https:\/\/radioljubuski.ba\/index.php\/2021\/08\/16\/jeruzalem-post-ivo-goldstein-sramotno-se-ruga-holokaustu-to-mora-hitno-prestati\/","og_site_name":"RADIO LJUBU\u0160KI","article_publisher":"https:\/\/www.facebook.com\/Radiio-Ljubuski-1490835324566332","article_published_time":"2021-08-16T12:23:45+00:00","article_modified_time":"2021-08-16T12:23:46+00:00","og_image":[{"width":1068,"height":801,"url":"https:\/\/radioljubuski.ba\/wp-content\/uploads\/2021\/08\/goldstein-1068x801-1.jpg","type":"image\/jpeg"}],"author":"Radio Ljubu\u0161ki","twitter_card":"summary_large_image","twitter_creator":"@radioljubuski","twitter_site":"@radioljubuski","twitter_misc":{"Napisao\/la":"Radio Ljubu\u0161ki","Procijenjeno vrijeme \u010ditanja":"5 minuta"},"schema":{"@context":"https:\/\/schema.org","@graph":[{"@type":"Article","@id":"https:\/\/radioljubuski.ba\/index.php\/2021\/08\/16\/jeruzalem-post-ivo-goldstein-sramotno-se-ruga-holokaustu-to-mora-hitno-prestati\/#article","isPartOf":{"@id":"https:\/\/radioljubuski.ba\/index.php\/2021\/08\/16\/jeruzalem-post-ivo-goldstein-sramotno-se-ruga-holokaustu-to-mora-hitno-prestati\/"},"author":{"name":"Radio Ljubu\u0161ki","@id":"https:\/\/radioljubuski.ba\/#\/schema\/person\/19fc700381a780f69665d7956c469e3b"},"headline":"Jeruzalem post: Ivo Goldstein sramotno se ruga Holokaustu! To mora hitno prestati","datePublished":"2021-08-16T12:23:45+00:00","dateModified":"2021-08-16T12:23:46+00:00","mainEntityOfPage":{"@id":"https:\/\/radioljubuski.ba\/index.php\/2021\/08\/16\/jeruzalem-post-ivo-goldstein-sramotno-se-ruga-holokaustu-to-mora-hitno-prestati\/"},"wordCount":1035,"publisher":{"@id":"https:\/\/radioljubuski.ba\/#organization"},"image":{"@id":"https:\/\/radioljubuski.ba\/index.php\/2021\/08\/16\/jeruzalem-post-ivo-goldstein-sramotno-se-ruga-holokaustu-to-mora-hitno-prestati\/#primaryimage"},"thumbnailUrl":"https:\/\/radioljubuski.ba\/wp-content\/uploads\/2021\/08\/goldstein-1068x801-1.jpg","articleSection":["BIH i regija"],"inLanguage":"hr"},{"@type":"WebPage","@id":"https:\/\/radioljubuski.ba\/index.php\/2021\/08\/16\/jeruzalem-post-ivo-goldstein-sramotno-se-ruga-holokaustu-to-mora-hitno-prestati\/","url":"https:\/\/radioljubuski.ba\/index.php\/2021\/08\/16\/jeruzalem-post-ivo-goldstein-sramotno-se-ruga-holokaustu-to-mora-hitno-prestati\/","name":"Jeruzalem post: Ivo Goldstein sramotno se ruga Holokaustu! To mora hitno prestati - RADIO LJUBU\u0160KI","isPartOf":{"@id":"https:\/\/radioljubuski.ba\/#website"},"primaryImageOfPage":{"@id":"https:\/\/radioljubuski.ba\/index.php\/2021\/08\/16\/jeruzalem-post-ivo-goldstein-sramotno-se-ruga-holokaustu-to-mora-hitno-prestati\/#primaryimage"},"image":{"@id":"https:\/\/radioljubuski.ba\/index.php\/2021\/08\/16\/jeruzalem-post-ivo-goldstein-sramotno-se-ruga-holokaustu-to-mora-hitno-prestati\/#primaryimage"},"thumbnailUrl":"https:\/\/radioljubuski.ba\/wp-content\/uploads\/2021\/08\/goldstein-1068x801-1.jpg","datePublished":"2021-08-16T12:23:45+00:00","dateModified":"2021-08-16T12:23:46+00:00","breadcrumb":{"@id":"https:\/\/radioljubuski.ba\/index.php\/2021\/08\/16\/jeruzalem-post-ivo-goldstein-sramotno-se-ruga-holokaustu-to-mora-hitno-prestati\/#breadcrumb"},"inLanguage":"hr","potentialAction":[{"@type":"ReadAction","target":["https:\/\/radioljubuski.ba\/index.php\/2021\/08\/16\/jeruzalem-post-ivo-goldstein-sramotno-se-ruga-holokaustu-to-mora-hitno-prestati\/"]}]},{"@type":"ImageObject","inLanguage":"hr","@id":"https:\/\/radioljubuski.ba\/index.php\/2021\/08\/16\/jeruzalem-post-ivo-goldstein-sramotno-se-ruga-holokaustu-to-mora-hitno-prestati\/#primaryimage","url":"https:\/\/radioljubuski.ba\/wp-content\/uploads\/2021\/08\/goldstein-1068x801-1.jpg","contentUrl":"https:\/\/radioljubuski.ba\/wp-content\/uploads\/2021\/08\/goldstein-1068x801-1.jpg","width":1068,"height":801},{"@type":"BreadcrumbList","@id":"https:\/\/radioljubuski.ba\/index.php\/2021\/08\/16\/jeruzalem-post-ivo-goldstein-sramotno-se-ruga-holokaustu-to-mora-hitno-prestati\/#breadcrumb","itemListElement":[{"@type":"ListItem","position":1,"name":"Po\u010detna stranica","item":"https:\/\/radioljubuski.ba\/"},{"@type":"ListItem","position":2,"name":"Jeruzalem post: Ivo Goldstein sramotno se ruga Holokaustu! To mora hitno prestati"}]},{"@type":"WebSite","@id":"https:\/\/radioljubuski.ba\/#website","url":"https:\/\/radioljubuski.ba\/","name":"Radio Ljubu\u0161ki","description":"Sun\u010dana frekvencija Hercegovine","publisher":{"@id":"https:\/\/radioljubuski.ba\/#organization"},"potentialAction":[{"@type":"SearchAction","target":{"@type":"EntryPoint","urlTemplate":"https:\/\/radioljubuski.ba\/?s={search_term_string}"},"query-input":{"@type":"PropertyValueSpecification","valueRequired":true,"valueName":"search_term_string"}}],"inLanguage":"hr"},{"@type":"Organization","@id":"https:\/\/radioljubuski.ba\/#organization","name":"Radio Ljubu\u0161ki","url":"https:\/\/radioljubuski.ba\/","logo":{"@type":"ImageObject","inLanguage":"hr","@id":"https:\/\/radioljubuski.ba\/#\/schema\/logo\/image\/","url":"https:\/\/radioljubuski.ba\/wp-content\/uploads\/2021\/02\/cropped-Radio_Ljubuski_logo1.jpg","contentUrl":"https:\/\/radioljubuski.ba\/wp-content\/uploads\/2021\/02\/cropped-Radio_Ljubuski_logo1.jpg","width":512,"height":512,"caption":"Radio Ljubu\u0161ki"},"image":{"@id":"https:\/\/radioljubuski.ba\/#\/schema\/logo\/image\/"},"sameAs":["https:\/\/www.facebook.com\/Radiio-Ljubuski-1490835324566332","https:\/\/x.com\/radioljubuski","https:\/\/hr.linkedin.com\/company\/radio-ljubuski","https:\/\/www.youtube.com\/channel\/UCHYaeO_n0Db3tjNGudGpXyw"]},{"@type":"Person","@id":"https:\/\/radioljubuski.ba\/#\/schema\/person\/19fc700381a780f69665d7956c469e3b","name":"Radio Ljubu\u0161ki"}]}},"_links":{"self":[{"href":"https:\/\/radioljubuski.ba\/index.php\/wp-json\/wp\/v2\/posts\/54012","targetHints":{"allow":["GET"]}}],"collection":[{"href":"https:\/\/radioljubuski.ba\/index.php\/wp-json\/wp\/v2\/posts"}],"about":[{"href":"https:\/\/radioljubuski.ba\/index.php\/wp-json\/wp\/v2\/types\/post"}],"author":[{"embeddable":true,"href":"https:\/\/radioljubuski.ba\/index.php\/wp-json\/wp\/v2\/users\/2"}],"replies":[{"embeddable":true,"href":"https:\/\/radioljubuski.ba\/index.php\/wp-json\/wp\/v2\/comments?post=54012"}],"version-history":[{"count":1,"href":"https:\/\/radioljubuski.ba\/index.php\/wp-json\/wp\/v2\/posts\/54012\/revisions"}],"predecessor-version":[{"id":54014,"href":"https:\/\/radioljubuski.ba\/index.php\/wp-json\/wp\/v2\/posts\/54012\/revisions\/54014"}],"wp:featuredmedia":[{"embeddable":true,"href":"https:\/\/radioljubuski.ba\/index.php\/wp-json\/wp\/v2\/media\/54013"}],"wp:attachment":[{"href":"https:\/\/radioljubuski.ba\/index.php\/wp-json\/wp\/v2\/media?parent=54012"}],"wp:term":[{"taxonomy":"category","embeddable":true,"href":"https:\/\/radioljubuski.ba\/index.php\/wp-json\/wp\/v2\/categories?post=54012"},{"taxonomy":"post_tag","embeddable":true,"href":"https:\/\/radioljubuski.ba\/index.php\/wp-json\/wp\/v2\/tags?post=54012"}],"curies":[{"name":"wp","href":"https:\/\/api.w.org\/{rel}","templated":true}]}}