{"id":54015,"date":"2021-08-16T13:25:30","date_gmt":"2021-08-16T12:25:30","guid":{"rendered":"https:\/\/radioljubuski.ba\/?p=54015"},"modified":"2021-08-16T13:25:32","modified_gmt":"2021-08-16T12:25:32","slug":"analiza-bbc-a-tko-su-talibani-koji-im-je-voda-i-kakav-afganistan-zele","status":"publish","type":"post","link":"https:\/\/radioljubuski.ba\/index.php\/2021\/08\/16\/analiza-bbc-a-tko-su-talibani-koji-im-je-voda-i-kakav-afganistan-zele\/","title":{"rendered":"Analiza BBC-a: Tko su talibani, koji im je vo\u0111a i kakav Afganistan \u017eele?"},"content":{"rendered":"\n<p><strong>Talibani, odnosno \u201cstudenti\u201d na pa\u0161tunskom jeziku, pojavili su se po\u010detkom 1990. godine u sjevernom Pakistanu nakon povla\u010denja sovjetskih trupa iz Afganistana.<\/strong><\/p>\n\n\n\n<p>Prvi put su se istakli u grani\u010dnoj oblasti sjevernog Pakistana i jugoisto\u010dnog Afganistana 1994. godine.<\/p>\n\n\n\n<p>Obe\u0107ali su da \u0107e se boriti protiv korupcije i unaprijediti sigurnost a, u to vrijeme, mnogi Afganstanci su bili umorni od bahatosti i me\u0111usobnih sukoba mud\u017eahedina tijekom gra\u0111anskog rata, javlja BBC.<\/p>\n\n\n\n<p>Smatra se da su se talibani prvi put pojavili u vjerskim \u0161kolama, koje je uglavnom financirala Saudijska Arabija, propovijedaju\u0107i tvrdu struju islama.<\/p>\n\n\n\n<p>Oni su proveli vlastitu strogu verziju \u0161erijata prava i uveli brutalna ka\u017enjavanja.<\/p>\n\n\n\n<p>Mu\u0161karci su tjerani da pu\u0161taju brade, a \u017eene su morale nositi burku koja im pokriva \u010ditavo tijelo.<\/p>\n\n\n\n<p>Talibani su zabranili televiziju, glazbu i kino, a nisu odobravali ni obrazovanje djevojaka.<\/p>\n\n\n\n<p>Iz jugozapadnog Afganistana talibani su brzo pro\u0161irili svoj utjecaj.<\/p>\n\n\n\n<p>U rujnu 1995. zauzeli su pokrajinu Herat, koja se grani\u010di s Iranom, a to\u010dno godinu dana kasnije zauzeli su afganistanski glavni grad Kabul, svrgnuv\u0161i re\u017eim predsjednika Burhanudina Rabanija, jednog od utemeljiva\u010da afganistanskih mud\u017eahedina, koji su se opirali sovjetskoj okupaciji.<\/p>\n\n\n\n<p>Do 1998. talibani su imali kontrolu nad gotovo 90 posto Afganistana.<\/p>\n\n\n\n<p>Optu\u017eivali su ih za razli\u010dita kr\u0161enja ljudskih prava i kulturolo\u0161ka nedjela.<\/p>\n\n\n\n<p>Jedan od ozlogla\u0161enih primjera dogodio se 2001. godine, kad su talibani po\u010deli uni\u0161tavanje poznatih skulptura Bude u Bamijanu u sredi\u0161njem djelu Afganistana.<\/p>\n\n\n\n<p>Pakistan je vi\u0161e puta poricao da podr\u017eava talibane, ali, kako navodi BBC, nema sumnje da su se mnogi Afganistanci koji su se u po\u010detku pridru\u017eili pokretu \u0161kolovali u vjerskim \u0161kolama u Pakistanu.<\/p>\n\n\n\n<p>U jednom trenutku oni su postali prijetnja koja bi mogla destabilizirati Pakistan iz podru\u010dja koja su kontrolirali na sjeverozapadu zemlje.<\/p>\n\n\n\n<p>Jedan od najpoznatijih napada pakistanskih talibana dogodio se u listopadu 2012. godine, kada su poku\u0161ali ubiti pakistansku u\u010denicu Malala Yousafzai na putu ka ku\u0107i u gradu Mingori. Yousafzai, koja se oporavila od te\u0161kog ranjavanja, postala je aktivistkinja za prava \u017eena, a 2014. je dobila Nobelovu nagradu za mir.<\/p>\n\n\n\n<p>Velika vojna ofanziva dvije godine kasnije, nakon masakra u \u0161koli u Pe\u0161evaru kada je ubijeno vi\u0161e od 140 osoba, uglavnom djece, smanjila je utjecaj talibana u Pakistanu, dodaje BBC.<\/p>\n\n\n\n<p>Talibani su \u0161titili vo\u0111u teroristi\u010dke mre\u017ee Al Kaide Osamu bin Ladena i odbili ga izru\u010diti, pa su mjesec dana nakon napada izvedenih 11. rujna, SAD pokrenule zra\u010dne napade na Afganistan.<\/p>\n\n\n\n<p>Do prvog tjedna prosinca sru\u0161en je talibanski re\u017eim.<\/p>\n\n\n\n<p>Mnogi visoki talibanski \u010delnici navodno su se sklonili u pakistanski grad Kuetu, odakle su vodili operacije.<\/p>\n\n\n\n<p>Uprkos sve ve\u0107em broju stranih vojnika, talibani su se postepeno vratili, a zatim pro\u0161irili svoj utjecaj u Afganistanu, \u010dine\u0107i ogromne dijelove te dr\u017eave nesigurnim, dok se nasilje u zemlji vratilo na razinu koja nije vi\u0111ena od 2001.<\/p>\n\n\n\n<p>Bilo je mnogo napada talibana na Kabul, a u rujnu 2012. izvr\u0161ili su akciju na NATO kamp Bastion.<\/p>\n\n\n\n<p>Nada u postizanje mira pregovorima pojavila se 2013. godine, kada su talibani objavili planove za otvaranje ureda u Kataru.<\/p>\n\n\n\n<p>Me\u0111utim, nepovjerenje sa svih strana ostalo je veliko i nasilje se nastavilo.<\/p>\n\n\n\n<p>U kolovozu 2015. talibani su priznali da su vi\u0161e od dvije godine prikrivali smrt svog vo\u0111e Mule Omara, koji je navodno umro zbog zdravstvenih problema u bolnici u Pakistanu.<\/p>\n\n\n\n<p>U rujnu je grupa rekla da su unutarnje borbe okon\u010dane i okupila se oko novog vo\u0111e Mule Mansoura, koji je bio zamjenik Mule Omera.<\/p>\n\n\n\n<p>U to vrijeme preuzeli su kontrolu nad glavnim gradom jedne pokrajine, prvi put nakon poraza 2001. godine, preuzimaju\u0107i kontrolu nad strate\u0161ki va\u017enim gradom Kunduzom.<\/p>\n\n\n\n<p>Mullah Mansour ubijen je u napadu ameri\u010dke bespilotne letjelice u svibnju 2016. a naslijedio ga je njegov zamjenik Maulvi Haibatullah Akhundzada, koji je i dalje na \u010delu talibana.<\/p>\n\n\n\n<p>Nakon ameri\u010dko-talibanskog mirovnog sporazuma iz velja\u010de 2020. godine \u010dinilo se da su talibani promijenili taktiku i sa slo\u017eenih napada u gradovima i na vojna utvr\u0111enja pre\u0161li na val ciljanih ubojstava.<\/p>\n\n\n\n<p>\u010cini se da su mete \u2013 novinari, sudci, mirovne aktivistkinje, \u017eene na pozicijama \u2013 sugerirale su da talibani nisu promijenili svoju ekstremisti\u010dku ideologiju, nego samo svoju strategiju.<\/p>\n\n\n\n<p>Smatra se da su sada broj\u010dano ja\u010di nego u bilo kom trenutku otkad su svrgnuti 2001. godine, navodi BBC.<\/p>\n\n\n\n<p>Prema nedavnim procjenama NATO, talibani imaju do 85.000 boraca.<\/p>\n\n\n\n<p>Grupa mo\u017eda zara\u0111uje \u010dak 1,5 milijarde dolara godi\u0161nje, \u0161to je ogroman porast u posljednjem desetlje\u0107u. Ne\u0161to od toga dolazi preko droge \u2013 Afganistan je najve\u0107i proizvo\u0111a\u010d opijuma na svijetu, a ve\u0107ina opijumskog maka \u2013 koji se koristi za heroin \u2013 uzgaja se u oblastima pod kontrolom Talibana, navodi BBC.<\/p>\n\n\n\n<p>Talibani zara\u0111uju novac i oporezuju\u0107i ljude koji putuju preko njihove teritorije i preko poslova kao \u0161to su telekomunikacije, elektri\u010dna energija i minerali.<\/p>\n\n\n\n<p>Strane zemlje, uklju\u010duju\u0107i Pakistan i Iran, negiraju da ih financiraju, ali se, kako dodaje britanski javni servis, smatra se da to rade privatne osobe iz regije.<\/p>\n\n\n\n<p>\/HMS\/<\/p>\n","protected":false},"excerpt":{"rendered":"<p>Talibani, odnosno \u201cstudenti\u201d na pa\u0161tunskom jeziku, pojavili su se po\u010detkom 1990. godine u sjevernom Pakistanu nakon povla\u010denja sovjetskih trupa iz Afganistana. Prvi put su se istakli u grani\u010dnoj oblasti sjevernog Pakistana i jugoisto\u010dnog Afganistana 1994. godine. Obe\u0107ali su da \u0107e se boriti protiv korupcije i unaprijediti sigurnost a, u to vrijeme, mnogi Afganstanci su bili [&hellip;]<\/p>\n","protected":false},"author":2,"featured_media":54016,"comment_status":"closed","ping_status":"closed","sticky":false,"template":"","format":"standard","meta":{"h5ap_radio_sources":[],"footnotes":""},"categories":[1],"tags":[],"class_list":["post-54015","post","type-post","status-publish","format-standard","has-post-thumbnail","hentry","category-bihiregija"],"yoast_head":"<!-- This site is optimized with the Yoast SEO plugin v27.5 - https:\/\/yoast.com\/product\/yoast-seo-wordpress\/ -->\n<title>Analiza BBC-a: Tko su talibani, koji im je vo\u0111a i kakav Afganistan \u017eele? - RADIO LJUBU\u0160KI<\/title>\n<meta name=\"robots\" content=\"index, follow, max-snippet:-1, max-image-preview:large, max-video-preview:-1\" \/>\n<link rel=\"canonical\" href=\"https:\/\/radioljubuski.ba\/index.php\/2021\/08\/16\/analiza-bbc-a-tko-su-talibani-koji-im-je-voda-i-kakav-afganistan-zele\/\" \/>\n<meta property=\"og:locale\" content=\"hr_HR\" \/>\n<meta property=\"og:type\" content=\"article\" \/>\n<meta property=\"og:title\" content=\"Analiza BBC-a: Tko su talibani, koji im je vo\u0111a i kakav Afganistan \u017eele? - RADIO LJUBU\u0160KI\" \/>\n<meta property=\"og:description\" content=\"Talibani, odnosno \u201cstudenti\u201d na pa\u0161tunskom jeziku, pojavili su se po\u010detkom 1990. godine u sjevernom Pakistanu nakon povla\u010denja sovjetskih trupa iz Afganistana. Prvi put su se istakli u grani\u010dnoj oblasti sjevernog Pakistana i jugoisto\u010dnog Afganistana 1994. godine. Obe\u0107ali su da \u0107e se boriti protiv korupcije i unaprijediti sigurnost a, u to vrijeme, mnogi Afganstanci su bili [&hellip;]\" \/>\n<meta property=\"og:url\" content=\"https:\/\/radioljubuski.ba\/index.php\/2021\/08\/16\/analiza-bbc-a-tko-su-talibani-koji-im-je-voda-i-kakav-afganistan-zele\/\" \/>\n<meta property=\"og:site_name\" content=\"RADIO LJUBU\u0160KI\" \/>\n<meta property=\"article:publisher\" content=\"https:\/\/www.facebook.com\/Radiio-Ljubuski-1490835324566332\" \/>\n<meta property=\"article:published_time\" content=\"2021-08-16T12:25:30+00:00\" \/>\n<meta property=\"article:modified_time\" content=\"2021-08-16T12:25:32+00:00\" \/>\n<meta property=\"og:image\" content=\"https:\/\/radioljubuski.ba\/wp-content\/uploads\/2021\/08\/Taliban-voda-1068x534-1.jpg\" \/>\n\t<meta property=\"og:image:width\" content=\"1068\" \/>\n\t<meta property=\"og:image:height\" content=\"534\" \/>\n\t<meta property=\"og:image:type\" content=\"image\/jpeg\" \/>\n<meta name=\"author\" content=\"Radio Ljubu\u0161ki\" \/>\n<meta name=\"twitter:card\" content=\"summary_large_image\" \/>\n<meta name=\"twitter:creator\" content=\"@radioljubuski\" \/>\n<meta name=\"twitter:site\" content=\"@radioljubuski\" \/>\n<meta name=\"twitter:label1\" content=\"Napisao\/la\" \/>\n\t<meta name=\"twitter:data1\" content=\"Radio Ljubu\u0161ki\" \/>\n\t<meta name=\"twitter:label2\" content=\"Procijenjeno vrijeme \u010ditanja\" \/>\n\t<meta name=\"twitter:data2\" content=\"4 minute\" \/>\n<script type=\"application\/ld+json\" class=\"yoast-schema-graph\">{\"@context\":\"https:\\\/\\\/schema.org\",\"@graph\":[{\"@type\":\"Article\",\"@id\":\"https:\\\/\\\/radioljubuski.ba\\\/index.php\\\/2021\\\/08\\\/16\\\/analiza-bbc-a-tko-su-talibani-koji-im-je-voda-i-kakav-afganistan-zele\\\/#article\",\"isPartOf\":{\"@id\":\"https:\\\/\\\/radioljubuski.ba\\\/index.php\\\/2021\\\/08\\\/16\\\/analiza-bbc-a-tko-su-talibani-koji-im-je-voda-i-kakav-afganistan-zele\\\/\"},\"author\":{\"name\":\"Radio Ljubu\u0161ki\",\"@id\":\"https:\\\/\\\/radioljubuski.ba\\\/#\\\/schema\\\/person\\\/19fc700381a780f69665d7956c469e3b\"},\"headline\":\"Analiza BBC-a: Tko su talibani, koji im je vo\u0111a i kakav Afganistan \u017eele?\",\"datePublished\":\"2021-08-16T12:25:30+00:00\",\"dateModified\":\"2021-08-16T12:25:32+00:00\",\"mainEntityOfPage\":{\"@id\":\"https:\\\/\\\/radioljubuski.ba\\\/index.php\\\/2021\\\/08\\\/16\\\/analiza-bbc-a-tko-su-talibani-koji-im-je-voda-i-kakav-afganistan-zele\\\/\"},\"wordCount\":851,\"publisher\":{\"@id\":\"https:\\\/\\\/radioljubuski.ba\\\/#organization\"},\"image\":{\"@id\":\"https:\\\/\\\/radioljubuski.ba\\\/index.php\\\/2021\\\/08\\\/16\\\/analiza-bbc-a-tko-su-talibani-koji-im-je-voda-i-kakav-afganistan-zele\\\/#primaryimage\"},\"thumbnailUrl\":\"https:\\\/\\\/radioljubuski.ba\\\/wp-content\\\/uploads\\\/2021\\\/08\\\/Taliban-voda-1068x534-1.jpg\",\"articleSection\":[\"BIH i regija\"],\"inLanguage\":\"hr\"},{\"@type\":\"WebPage\",\"@id\":\"https:\\\/\\\/radioljubuski.ba\\\/index.php\\\/2021\\\/08\\\/16\\\/analiza-bbc-a-tko-su-talibani-koji-im-je-voda-i-kakav-afganistan-zele\\\/\",\"url\":\"https:\\\/\\\/radioljubuski.ba\\\/index.php\\\/2021\\\/08\\\/16\\\/analiza-bbc-a-tko-su-talibani-koji-im-je-voda-i-kakav-afganistan-zele\\\/\",\"name\":\"Analiza BBC-a: Tko su talibani, koji im je vo\u0111a i kakav Afganistan \u017eele? - RADIO LJUBU\u0160KI\",\"isPartOf\":{\"@id\":\"https:\\\/\\\/radioljubuski.ba\\\/#website\"},\"primaryImageOfPage\":{\"@id\":\"https:\\\/\\\/radioljubuski.ba\\\/index.php\\\/2021\\\/08\\\/16\\\/analiza-bbc-a-tko-su-talibani-koji-im-je-voda-i-kakav-afganistan-zele\\\/#primaryimage\"},\"image\":{\"@id\":\"https:\\\/\\\/radioljubuski.ba\\\/index.php\\\/2021\\\/08\\\/16\\\/analiza-bbc-a-tko-su-talibani-koji-im-je-voda-i-kakav-afganistan-zele\\\/#primaryimage\"},\"thumbnailUrl\":\"https:\\\/\\\/radioljubuski.ba\\\/wp-content\\\/uploads\\\/2021\\\/08\\\/Taliban-voda-1068x534-1.jpg\",\"datePublished\":\"2021-08-16T12:25:30+00:00\",\"dateModified\":\"2021-08-16T12:25:32+00:00\",\"breadcrumb\":{\"@id\":\"https:\\\/\\\/radioljubuski.ba\\\/index.php\\\/2021\\\/08\\\/16\\\/analiza-bbc-a-tko-su-talibani-koji-im-je-voda-i-kakav-afganistan-zele\\\/#breadcrumb\"},\"inLanguage\":\"hr\",\"potentialAction\":[{\"@type\":\"ReadAction\",\"target\":[\"https:\\\/\\\/radioljubuski.ba\\\/index.php\\\/2021\\\/08\\\/16\\\/analiza-bbc-a-tko-su-talibani-koji-im-je-voda-i-kakav-afganistan-zele\\\/\"]}]},{\"@type\":\"ImageObject\",\"inLanguage\":\"hr\",\"@id\":\"https:\\\/\\\/radioljubuski.ba\\\/index.php\\\/2021\\\/08\\\/16\\\/analiza-bbc-a-tko-su-talibani-koji-im-je-voda-i-kakav-afganistan-zele\\\/#primaryimage\",\"url\":\"https:\\\/\\\/radioljubuski.ba\\\/wp-content\\\/uploads\\\/2021\\\/08\\\/Taliban-voda-1068x534-1.jpg\",\"contentUrl\":\"https:\\\/\\\/radioljubuski.ba\\\/wp-content\\\/uploads\\\/2021\\\/08\\\/Taliban-voda-1068x534-1.jpg\",\"width\":1068,\"height\":534},{\"@type\":\"BreadcrumbList\",\"@id\":\"https:\\\/\\\/radioljubuski.ba\\\/index.php\\\/2021\\\/08\\\/16\\\/analiza-bbc-a-tko-su-talibani-koji-im-je-voda-i-kakav-afganistan-zele\\\/#breadcrumb\",\"itemListElement\":[{\"@type\":\"ListItem\",\"position\":1,\"name\":\"Po\u010detna stranica\",\"item\":\"https:\\\/\\\/radioljubuski.ba\\\/\"},{\"@type\":\"ListItem\",\"position\":2,\"name\":\"Analiza BBC-a: Tko su talibani, koji im je vo\u0111a i kakav Afganistan \u017eele?\"}]},{\"@type\":\"WebSite\",\"@id\":\"https:\\\/\\\/radioljubuski.ba\\\/#website\",\"url\":\"https:\\\/\\\/radioljubuski.ba\\\/\",\"name\":\"Radio Ljubu\u0161ki\",\"description\":\"Sun\u010dana frekvencija Hercegovine\",\"publisher\":{\"@id\":\"https:\\\/\\\/radioljubuski.ba\\\/#organization\"},\"potentialAction\":[{\"@type\":\"SearchAction\",\"target\":{\"@type\":\"EntryPoint\",\"urlTemplate\":\"https:\\\/\\\/radioljubuski.ba\\\/?s={search_term_string}\"},\"query-input\":{\"@type\":\"PropertyValueSpecification\",\"valueRequired\":true,\"valueName\":\"search_term_string\"}}],\"inLanguage\":\"hr\"},{\"@type\":\"Organization\",\"@id\":\"https:\\\/\\\/radioljubuski.ba\\\/#organization\",\"name\":\"Radio Ljubu\u0161ki\",\"url\":\"https:\\\/\\\/radioljubuski.ba\\\/\",\"logo\":{\"@type\":\"ImageObject\",\"inLanguage\":\"hr\",\"@id\":\"https:\\\/\\\/radioljubuski.ba\\\/#\\\/schema\\\/logo\\\/image\\\/\",\"url\":\"https:\\\/\\\/radioljubuski.ba\\\/wp-content\\\/uploads\\\/2021\\\/02\\\/cropped-Radio_Ljubuski_logo1.jpg\",\"contentUrl\":\"https:\\\/\\\/radioljubuski.ba\\\/wp-content\\\/uploads\\\/2021\\\/02\\\/cropped-Radio_Ljubuski_logo1.jpg\",\"width\":512,\"height\":512,\"caption\":\"Radio Ljubu\u0161ki\"},\"image\":{\"@id\":\"https:\\\/\\\/radioljubuski.ba\\\/#\\\/schema\\\/logo\\\/image\\\/\"},\"sameAs\":[\"https:\\\/\\\/www.facebook.com\\\/Radiio-Ljubuski-1490835324566332\",\"https:\\\/\\\/x.com\\\/radioljubuski\",\"https:\\\/\\\/hr.linkedin.com\\\/company\\\/radio-ljubuski\",\"https:\\\/\\\/www.youtube.com\\\/channel\\\/UCHYaeO_n0Db3tjNGudGpXyw\"]},{\"@type\":\"Person\",\"@id\":\"https:\\\/\\\/radioljubuski.ba\\\/#\\\/schema\\\/person\\\/19fc700381a780f69665d7956c469e3b\",\"name\":\"Radio Ljubu\u0161ki\"}]}<\/script>\n<!-- \/ Yoast SEO plugin. -->","yoast_head_json":{"title":"Analiza BBC-a: Tko su talibani, koji im je vo\u0111a i kakav Afganistan \u017eele? - RADIO LJUBU\u0160KI","robots":{"index":"index","follow":"follow","max-snippet":"max-snippet:-1","max-image-preview":"max-image-preview:large","max-video-preview":"max-video-preview:-1"},"canonical":"https:\/\/radioljubuski.ba\/index.php\/2021\/08\/16\/analiza-bbc-a-tko-su-talibani-koji-im-je-voda-i-kakav-afganistan-zele\/","og_locale":"hr_HR","og_type":"article","og_title":"Analiza BBC-a: Tko su talibani, koji im je vo\u0111a i kakav Afganistan \u017eele? - RADIO LJUBU\u0160KI","og_description":"Talibani, odnosno \u201cstudenti\u201d na pa\u0161tunskom jeziku, pojavili su se po\u010detkom 1990. godine u sjevernom Pakistanu nakon povla\u010denja sovjetskih trupa iz Afganistana. Prvi put su se istakli u grani\u010dnoj oblasti sjevernog Pakistana i jugoisto\u010dnog Afganistana 1994. godine. Obe\u0107ali su da \u0107e se boriti protiv korupcije i unaprijediti sigurnost a, u to vrijeme, mnogi Afganstanci su bili [&hellip;]","og_url":"https:\/\/radioljubuski.ba\/index.php\/2021\/08\/16\/analiza-bbc-a-tko-su-talibani-koji-im-je-voda-i-kakav-afganistan-zele\/","og_site_name":"RADIO LJUBU\u0160KI","article_publisher":"https:\/\/www.facebook.com\/Radiio-Ljubuski-1490835324566332","article_published_time":"2021-08-16T12:25:30+00:00","article_modified_time":"2021-08-16T12:25:32+00:00","og_image":[{"width":1068,"height":534,"url":"https:\/\/radioljubuski.ba\/wp-content\/uploads\/2021\/08\/Taliban-voda-1068x534-1.jpg","type":"image\/jpeg"}],"author":"Radio Ljubu\u0161ki","twitter_card":"summary_large_image","twitter_creator":"@radioljubuski","twitter_site":"@radioljubuski","twitter_misc":{"Napisao\/la":"Radio Ljubu\u0161ki","Procijenjeno vrijeme \u010ditanja":"4 minute"},"schema":{"@context":"https:\/\/schema.org","@graph":[{"@type":"Article","@id":"https:\/\/radioljubuski.ba\/index.php\/2021\/08\/16\/analiza-bbc-a-tko-su-talibani-koji-im-je-voda-i-kakav-afganistan-zele\/#article","isPartOf":{"@id":"https:\/\/radioljubuski.ba\/index.php\/2021\/08\/16\/analiza-bbc-a-tko-su-talibani-koji-im-je-voda-i-kakav-afganistan-zele\/"},"author":{"name":"Radio Ljubu\u0161ki","@id":"https:\/\/radioljubuski.ba\/#\/schema\/person\/19fc700381a780f69665d7956c469e3b"},"headline":"Analiza BBC-a: Tko su talibani, koji im je vo\u0111a i kakav Afganistan \u017eele?","datePublished":"2021-08-16T12:25:30+00:00","dateModified":"2021-08-16T12:25:32+00:00","mainEntityOfPage":{"@id":"https:\/\/radioljubuski.ba\/index.php\/2021\/08\/16\/analiza-bbc-a-tko-su-talibani-koji-im-je-voda-i-kakav-afganistan-zele\/"},"wordCount":851,"publisher":{"@id":"https:\/\/radioljubuski.ba\/#organization"},"image":{"@id":"https:\/\/radioljubuski.ba\/index.php\/2021\/08\/16\/analiza-bbc-a-tko-su-talibani-koji-im-je-voda-i-kakav-afganistan-zele\/#primaryimage"},"thumbnailUrl":"https:\/\/radioljubuski.ba\/wp-content\/uploads\/2021\/08\/Taliban-voda-1068x534-1.jpg","articleSection":["BIH i regija"],"inLanguage":"hr"},{"@type":"WebPage","@id":"https:\/\/radioljubuski.ba\/index.php\/2021\/08\/16\/analiza-bbc-a-tko-su-talibani-koji-im-je-voda-i-kakav-afganistan-zele\/","url":"https:\/\/radioljubuski.ba\/index.php\/2021\/08\/16\/analiza-bbc-a-tko-su-talibani-koji-im-je-voda-i-kakav-afganistan-zele\/","name":"Analiza BBC-a: Tko su talibani, koji im je vo\u0111a i kakav Afganistan \u017eele? - RADIO LJUBU\u0160KI","isPartOf":{"@id":"https:\/\/radioljubuski.ba\/#website"},"primaryImageOfPage":{"@id":"https:\/\/radioljubuski.ba\/index.php\/2021\/08\/16\/analiza-bbc-a-tko-su-talibani-koji-im-je-voda-i-kakav-afganistan-zele\/#primaryimage"},"image":{"@id":"https:\/\/radioljubuski.ba\/index.php\/2021\/08\/16\/analiza-bbc-a-tko-su-talibani-koji-im-je-voda-i-kakav-afganistan-zele\/#primaryimage"},"thumbnailUrl":"https:\/\/radioljubuski.ba\/wp-content\/uploads\/2021\/08\/Taliban-voda-1068x534-1.jpg","datePublished":"2021-08-16T12:25:30+00:00","dateModified":"2021-08-16T12:25:32+00:00","breadcrumb":{"@id":"https:\/\/radioljubuski.ba\/index.php\/2021\/08\/16\/analiza-bbc-a-tko-su-talibani-koji-im-je-voda-i-kakav-afganistan-zele\/#breadcrumb"},"inLanguage":"hr","potentialAction":[{"@type":"ReadAction","target":["https:\/\/radioljubuski.ba\/index.php\/2021\/08\/16\/analiza-bbc-a-tko-su-talibani-koji-im-je-voda-i-kakav-afganistan-zele\/"]}]},{"@type":"ImageObject","inLanguage":"hr","@id":"https:\/\/radioljubuski.ba\/index.php\/2021\/08\/16\/analiza-bbc-a-tko-su-talibani-koji-im-je-voda-i-kakav-afganistan-zele\/#primaryimage","url":"https:\/\/radioljubuski.ba\/wp-content\/uploads\/2021\/08\/Taliban-voda-1068x534-1.jpg","contentUrl":"https:\/\/radioljubuski.ba\/wp-content\/uploads\/2021\/08\/Taliban-voda-1068x534-1.jpg","width":1068,"height":534},{"@type":"BreadcrumbList","@id":"https:\/\/radioljubuski.ba\/index.php\/2021\/08\/16\/analiza-bbc-a-tko-su-talibani-koji-im-je-voda-i-kakav-afganistan-zele\/#breadcrumb","itemListElement":[{"@type":"ListItem","position":1,"name":"Po\u010detna stranica","item":"https:\/\/radioljubuski.ba\/"},{"@type":"ListItem","position":2,"name":"Analiza BBC-a: Tko su talibani, koji im je vo\u0111a i kakav Afganistan \u017eele?"}]},{"@type":"WebSite","@id":"https:\/\/radioljubuski.ba\/#website","url":"https:\/\/radioljubuski.ba\/","name":"Radio Ljubu\u0161ki","description":"Sun\u010dana frekvencija Hercegovine","publisher":{"@id":"https:\/\/radioljubuski.ba\/#organization"},"potentialAction":[{"@type":"SearchAction","target":{"@type":"EntryPoint","urlTemplate":"https:\/\/radioljubuski.ba\/?s={search_term_string}"},"query-input":{"@type":"PropertyValueSpecification","valueRequired":true,"valueName":"search_term_string"}}],"inLanguage":"hr"},{"@type":"Organization","@id":"https:\/\/radioljubuski.ba\/#organization","name":"Radio Ljubu\u0161ki","url":"https:\/\/radioljubuski.ba\/","logo":{"@type":"ImageObject","inLanguage":"hr","@id":"https:\/\/radioljubuski.ba\/#\/schema\/logo\/image\/","url":"https:\/\/radioljubuski.ba\/wp-content\/uploads\/2021\/02\/cropped-Radio_Ljubuski_logo1.jpg","contentUrl":"https:\/\/radioljubuski.ba\/wp-content\/uploads\/2021\/02\/cropped-Radio_Ljubuski_logo1.jpg","width":512,"height":512,"caption":"Radio Ljubu\u0161ki"},"image":{"@id":"https:\/\/radioljubuski.ba\/#\/schema\/logo\/image\/"},"sameAs":["https:\/\/www.facebook.com\/Radiio-Ljubuski-1490835324566332","https:\/\/x.com\/radioljubuski","https:\/\/hr.linkedin.com\/company\/radio-ljubuski","https:\/\/www.youtube.com\/channel\/UCHYaeO_n0Db3tjNGudGpXyw"]},{"@type":"Person","@id":"https:\/\/radioljubuski.ba\/#\/schema\/person\/19fc700381a780f69665d7956c469e3b","name":"Radio Ljubu\u0161ki"}]}},"_links":{"self":[{"href":"https:\/\/radioljubuski.ba\/index.php\/wp-json\/wp\/v2\/posts\/54015","targetHints":{"allow":["GET"]}}],"collection":[{"href":"https:\/\/radioljubuski.ba\/index.php\/wp-json\/wp\/v2\/posts"}],"about":[{"href":"https:\/\/radioljubuski.ba\/index.php\/wp-json\/wp\/v2\/types\/post"}],"author":[{"embeddable":true,"href":"https:\/\/radioljubuski.ba\/index.php\/wp-json\/wp\/v2\/users\/2"}],"replies":[{"embeddable":true,"href":"https:\/\/radioljubuski.ba\/index.php\/wp-json\/wp\/v2\/comments?post=54015"}],"version-history":[{"count":1,"href":"https:\/\/radioljubuski.ba\/index.php\/wp-json\/wp\/v2\/posts\/54015\/revisions"}],"predecessor-version":[{"id":54017,"href":"https:\/\/radioljubuski.ba\/index.php\/wp-json\/wp\/v2\/posts\/54015\/revisions\/54017"}],"wp:featuredmedia":[{"embeddable":true,"href":"https:\/\/radioljubuski.ba\/index.php\/wp-json\/wp\/v2\/media\/54016"}],"wp:attachment":[{"href":"https:\/\/radioljubuski.ba\/index.php\/wp-json\/wp\/v2\/media?parent=54015"}],"wp:term":[{"taxonomy":"category","embeddable":true,"href":"https:\/\/radioljubuski.ba\/index.php\/wp-json\/wp\/v2\/categories?post=54015"},{"taxonomy":"post_tag","embeddable":true,"href":"https:\/\/radioljubuski.ba\/index.php\/wp-json\/wp\/v2\/tags?post=54015"}],"curies":[{"name":"wp","href":"https:\/\/api.w.org\/{rel}","templated":true}]}}