{"id":54163,"date":"2021-08-17T11:11:26","date_gmt":"2021-08-17T10:11:26","guid":{"rendered":"https:\/\/radioljubuski.ba\/?p=54163"},"modified":"2021-08-17T11:11:27","modified_gmt":"2021-08-17T10:11:27","slug":"stozer-rs-cijepite-se-medu-novozarazenim-prevladava-mlade-stanovnistvo","status":"publish","type":"post","link":"https:\/\/radioljubuski.ba\/index.php\/2021\/08\/17\/stozer-rs-cijepite-se-medu-novozarazenim-prevladava-mlade-stanovnistvo\/","title":{"rendered":"Sto\u017eer RS: &#8220;Cijepite se, me\u0111u novozara\u017eenim prevladava mla\u0111e stanovni\u0161tvo&#8221;"},"content":{"rendered":"\n<p>Sto\u017eer za izvanredne situacije Republike Srpske donio je Zaklju\u010dak o provo\u0111enju mjera za reagiranje na pojavu bolesti izazvane novim virusom korona (COVID-19) u ovom entitetu kojim je dosada\u0161nje mjere produ\u017eio do 30. kolovoza 2021. godine.<\/p>\n\n\n\n<p>Republi\u010dki sto\u017eer za izvanredne situacije, na dana\u0161njoj sjednici, apelirao je na gra\u0111ane da se u \u0161to ve\u0107em broju cijepljenju protiv virusa korona, da bi se sa\u010duvalo zdravlje ljudi, te odr\u017eala stabilna epidemiolo\u0161ka situacija u RS.<\/p>\n\n\n\n<p>Pozvali su sve gra\u0111ane koji se do sada nisu cijepili da to u\u010dine \u0161to je prije mogu\u0107e, budu\u0107i da se posljednjih dana bilje\u017ei stalan rast broja zara\u017eenih od virusa korona.<\/p>\n\n\n\n<p>\u201cU posljednje dva tjedna, me\u0111u novozara\u017eenim od virusa korona, prevladava mla\u0111e, radno sposobno stanovni\u0161tvo, a posebno je zabrinjavaju\u0107e da je vi\u0161e od devedeset posto oboljelih osoba, necijepljenih\u201d, navode.<\/p>\n\n\n\n<p>Poru\u010duju da se cijepljenje u Republici Srpskoj odvija nesmetano, a osiguran je dovoljan broj cjepiva protiv virusa korona, razli\u010ditih proizvo\u0111a\u010da, za sve gra\u0111ane.<\/p>\n\n\n\n<p>\u201cNa dana\u0161njoj sjednici, Republi\u010dki sto\u017eer za izvanredne situacije nalo\u017eio je Inspektoratu Republike Srpske i nadle\u017enim inspekcijama da, cijene\u0107i epidemilol\u0161ku situaciju, poja\u010daju kontrolu provo\u0111enja mjera protiv virusa korona.<\/p>\n\n\n\n<p>Izvor:BHRT<\/p>\n","protected":false},"excerpt":{"rendered":"<p>Sto\u017eer za izvanredne situacije Republike Srpske donio je Zaklju\u010dak o provo\u0111enju mjera za reagiranje na pojavu bolesti izazvane novim virusom korona (COVID-19) u ovom entitetu kojim je dosada\u0161nje mjere produ\u017eio do 30. kolovoza 2021. godine. Republi\u010dki sto\u017eer za izvanredne situacije, na dana\u0161njoj sjednici, apelirao je na gra\u0111ane da se u \u0161to ve\u0107em broju cijepljenju protiv [&hellip;]<\/p>\n","protected":false},"author":2,"featured_media":3356,"comment_status":"closed","ping_status":"closed","sticky":false,"template":"","format":"standard","meta":{"h5ap_radio_sources":[],"footnotes":""},"categories":[1],"tags":[],"class_list":["post-54163","post","type-post","status-publish","format-standard","has-post-thumbnail","hentry","category-bihiregija"],"yoast_head":"<!-- This site is optimized with the Yoast SEO plugin v27.4 - https:\/\/yoast.com\/product\/yoast-seo-wordpress\/ -->\n<title>Sto\u017eer RS: &quot;Cijepite se, me\u0111u novozara\u017eenim prevladava mla\u0111e stanovni\u0161tvo&quot; - RADIO LJUBU\u0160KI<\/title>\n<meta name=\"robots\" content=\"index, follow, max-snippet:-1, max-image-preview:large, max-video-preview:-1\" \/>\n<link rel=\"canonical\" href=\"https:\/\/radioljubuski.ba\/index.php\/2021\/08\/17\/stozer-rs-cijepite-se-medu-novozarazenim-prevladava-mlade-stanovnistvo\/\" \/>\n<meta property=\"og:locale\" content=\"hr_HR\" \/>\n<meta property=\"og:type\" content=\"article\" \/>\n<meta property=\"og:title\" content=\"Sto\u017eer RS: &quot;Cijepite se, me\u0111u novozara\u017eenim prevladava mla\u0111e stanovni\u0161tvo&quot; - RADIO LJUBU\u0160KI\" \/>\n<meta property=\"og:description\" content=\"Sto\u017eer za izvanredne situacije Republike Srpske donio je Zaklju\u010dak o provo\u0111enju mjera za reagiranje na pojavu bolesti izazvane novim virusom korona (COVID-19) u ovom entitetu kojim je dosada\u0161nje mjere produ\u017eio do 30. kolovoza 2021. godine. Republi\u010dki sto\u017eer za izvanredne situacije, na dana\u0161njoj sjednici, apelirao je na gra\u0111ane da se u \u0161to ve\u0107em broju cijepljenju protiv [&hellip;]\" \/>\n<meta property=\"og:url\" content=\"https:\/\/radioljubuski.ba\/index.php\/2021\/08\/17\/stozer-rs-cijepite-se-medu-novozarazenim-prevladava-mlade-stanovnistvo\/\" \/>\n<meta property=\"og:site_name\" content=\"RADIO LJUBU\u0160KI\" \/>\n<meta property=\"article:publisher\" content=\"https:\/\/www.facebook.com\/Radiio-Ljubuski-1490835324566332\" \/>\n<meta property=\"article:published_time\" content=\"2021-08-17T10:11:26+00:00\" \/>\n<meta property=\"article:modified_time\" content=\"2021-08-17T10:11:27+00:00\" \/>\n<meta property=\"og:image\" content=\"https:\/\/radioljubuski.ba\/wp-content\/uploads\/2021\/03\/pxl-060321-32064076-20210313064306.jpg\" \/>\n\t<meta property=\"og:image:width\" content=\"1600\" \/>\n\t<meta property=\"og:image:height\" content=\"1009\" \/>\n\t<meta property=\"og:image:type\" content=\"image\/jpeg\" \/>\n<meta name=\"author\" content=\"Radio Ljubu\u0161ki\" \/>\n<meta name=\"twitter:card\" content=\"summary_large_image\" \/>\n<meta name=\"twitter:creator\" content=\"@radioljubuski\" \/>\n<meta name=\"twitter:site\" content=\"@radioljubuski\" \/>\n<meta name=\"twitter:label1\" content=\"Napisao\/la\" \/>\n\t<meta name=\"twitter:data1\" content=\"Radio Ljubu\u0161ki\" \/>\n\t<meta name=\"twitter:label2\" content=\"Procijenjeno vrijeme \u010ditanja\" \/>\n\t<meta name=\"twitter:data2\" content=\"1 minuta\" \/>\n<script type=\"application\/ld+json\" class=\"yoast-schema-graph\">{\"@context\":\"https:\\\/\\\/schema.org\",\"@graph\":[{\"@type\":\"Article\",\"@id\":\"https:\\\/\\\/radioljubuski.ba\\\/index.php\\\/2021\\\/08\\\/17\\\/stozer-rs-cijepite-se-medu-novozarazenim-prevladava-mlade-stanovnistvo\\\/#article\",\"isPartOf\":{\"@id\":\"https:\\\/\\\/radioljubuski.ba\\\/index.php\\\/2021\\\/08\\\/17\\\/stozer-rs-cijepite-se-medu-novozarazenim-prevladava-mlade-stanovnistvo\\\/\"},\"author\":{\"name\":\"Radio Ljubu\u0161ki\",\"@id\":\"https:\\\/\\\/radioljubuski.ba\\\/#\\\/schema\\\/person\\\/19fc700381a780f69665d7956c469e3b\"},\"headline\":\"Sto\u017eer RS: &#8220;Cijepite se, me\u0111u novozara\u017eenim prevladava mla\u0111e stanovni\u0161tvo&#8221;\",\"datePublished\":\"2021-08-17T10:11:26+00:00\",\"dateModified\":\"2021-08-17T10:11:27+00:00\",\"mainEntityOfPage\":{\"@id\":\"https:\\\/\\\/radioljubuski.ba\\\/index.php\\\/2021\\\/08\\\/17\\\/stozer-rs-cijepite-se-medu-novozarazenim-prevladava-mlade-stanovnistvo\\\/\"},\"wordCount\":231,\"publisher\":{\"@id\":\"https:\\\/\\\/radioljubuski.ba\\\/#organization\"},\"image\":{\"@id\":\"https:\\\/\\\/radioljubuski.ba\\\/index.php\\\/2021\\\/08\\\/17\\\/stozer-rs-cijepite-se-medu-novozarazenim-prevladava-mlade-stanovnistvo\\\/#primaryimage\"},\"thumbnailUrl\":\"https:\\\/\\\/radioljubuski.ba\\\/wp-content\\\/uploads\\\/2021\\\/03\\\/pxl-060321-32064076-20210313064306.jpg\",\"articleSection\":[\"BIH i regija\"],\"inLanguage\":\"hr\"},{\"@type\":\"WebPage\",\"@id\":\"https:\\\/\\\/radioljubuski.ba\\\/index.php\\\/2021\\\/08\\\/17\\\/stozer-rs-cijepite-se-medu-novozarazenim-prevladava-mlade-stanovnistvo\\\/\",\"url\":\"https:\\\/\\\/radioljubuski.ba\\\/index.php\\\/2021\\\/08\\\/17\\\/stozer-rs-cijepite-se-medu-novozarazenim-prevladava-mlade-stanovnistvo\\\/\",\"name\":\"Sto\u017eer RS: \\\"Cijepite se, me\u0111u novozara\u017eenim prevladava mla\u0111e stanovni\u0161tvo\\\" - RADIO LJUBU\u0160KI\",\"isPartOf\":{\"@id\":\"https:\\\/\\\/radioljubuski.ba\\\/#website\"},\"primaryImageOfPage\":{\"@id\":\"https:\\\/\\\/radioljubuski.ba\\\/index.php\\\/2021\\\/08\\\/17\\\/stozer-rs-cijepite-se-medu-novozarazenim-prevladava-mlade-stanovnistvo\\\/#primaryimage\"},\"image\":{\"@id\":\"https:\\\/\\\/radioljubuski.ba\\\/index.php\\\/2021\\\/08\\\/17\\\/stozer-rs-cijepite-se-medu-novozarazenim-prevladava-mlade-stanovnistvo\\\/#primaryimage\"},\"thumbnailUrl\":\"https:\\\/\\\/radioljubuski.ba\\\/wp-content\\\/uploads\\\/2021\\\/03\\\/pxl-060321-32064076-20210313064306.jpg\",\"datePublished\":\"2021-08-17T10:11:26+00:00\",\"dateModified\":\"2021-08-17T10:11:27+00:00\",\"breadcrumb\":{\"@id\":\"https:\\\/\\\/radioljubuski.ba\\\/index.php\\\/2021\\\/08\\\/17\\\/stozer-rs-cijepite-se-medu-novozarazenim-prevladava-mlade-stanovnistvo\\\/#breadcrumb\"},\"inLanguage\":\"hr\",\"potentialAction\":[{\"@type\":\"ReadAction\",\"target\":[\"https:\\\/\\\/radioljubuski.ba\\\/index.php\\\/2021\\\/08\\\/17\\\/stozer-rs-cijepite-se-medu-novozarazenim-prevladava-mlade-stanovnistvo\\\/\"]}]},{\"@type\":\"ImageObject\",\"inLanguage\":\"hr\",\"@id\":\"https:\\\/\\\/radioljubuski.ba\\\/index.php\\\/2021\\\/08\\\/17\\\/stozer-rs-cijepite-se-medu-novozarazenim-prevladava-mlade-stanovnistvo\\\/#primaryimage\",\"url\":\"https:\\\/\\\/radioljubuski.ba\\\/wp-content\\\/uploads\\\/2021\\\/03\\\/pxl-060321-32064076-20210313064306.jpg\",\"contentUrl\":\"https:\\\/\\\/radioljubuski.ba\\\/wp-content\\\/uploads\\\/2021\\\/03\\\/pxl-060321-32064076-20210313064306.jpg\",\"width\":1600,\"height\":1009,\"caption\":\"06.03.2021., Karlovac - U dvorani Ekonomsko turisticke skole u Karlovcu provodi se masovno cijepljenje gradjana protiv koronavirusa. U drugom krugu cijepit ce 630 gradjana s 360 doza Pfizerovog i 270 Astra Zeneca cijepivom. Photo: Kristina Stedul Fabac\\\/PIXSELL\"},{\"@type\":\"BreadcrumbList\",\"@id\":\"https:\\\/\\\/radioljubuski.ba\\\/index.php\\\/2021\\\/08\\\/17\\\/stozer-rs-cijepite-se-medu-novozarazenim-prevladava-mlade-stanovnistvo\\\/#breadcrumb\",\"itemListElement\":[{\"@type\":\"ListItem\",\"position\":1,\"name\":\"Po\u010detna stranica\",\"item\":\"https:\\\/\\\/radioljubuski.ba\\\/\"},{\"@type\":\"ListItem\",\"position\":2,\"name\":\"Sto\u017eer RS: &#8220;Cijepite se, me\u0111u novozara\u017eenim prevladava mla\u0111e stanovni\u0161tvo&#8221;\"}]},{\"@type\":\"WebSite\",\"@id\":\"https:\\\/\\\/radioljubuski.ba\\\/#website\",\"url\":\"https:\\\/\\\/radioljubuski.ba\\\/\",\"name\":\"Radio Ljubu\u0161ki\",\"description\":\"Sun\u010dana frekvencija Hercegovine\",\"publisher\":{\"@id\":\"https:\\\/\\\/radioljubuski.ba\\\/#organization\"},\"potentialAction\":[{\"@type\":\"SearchAction\",\"target\":{\"@type\":\"EntryPoint\",\"urlTemplate\":\"https:\\\/\\\/radioljubuski.ba\\\/?s={search_term_string}\"},\"query-input\":{\"@type\":\"PropertyValueSpecification\",\"valueRequired\":true,\"valueName\":\"search_term_string\"}}],\"inLanguage\":\"hr\"},{\"@type\":\"Organization\",\"@id\":\"https:\\\/\\\/radioljubuski.ba\\\/#organization\",\"name\":\"Radio Ljubu\u0161ki\",\"url\":\"https:\\\/\\\/radioljubuski.ba\\\/\",\"logo\":{\"@type\":\"ImageObject\",\"inLanguage\":\"hr\",\"@id\":\"https:\\\/\\\/radioljubuski.ba\\\/#\\\/schema\\\/logo\\\/image\\\/\",\"url\":\"https:\\\/\\\/radioljubuski.ba\\\/wp-content\\\/uploads\\\/2021\\\/02\\\/cropped-Radio_Ljubuski_logo1.jpg\",\"contentUrl\":\"https:\\\/\\\/radioljubuski.ba\\\/wp-content\\\/uploads\\\/2021\\\/02\\\/cropped-Radio_Ljubuski_logo1.jpg\",\"width\":512,\"height\":512,\"caption\":\"Radio Ljubu\u0161ki\"},\"image\":{\"@id\":\"https:\\\/\\\/radioljubuski.ba\\\/#\\\/schema\\\/logo\\\/image\\\/\"},\"sameAs\":[\"https:\\\/\\\/www.facebook.com\\\/Radiio-Ljubuski-1490835324566332\",\"https:\\\/\\\/x.com\\\/radioljubuski\",\"https:\\\/\\\/hr.linkedin.com\\\/company\\\/radio-ljubuski\",\"https:\\\/\\\/www.youtube.com\\\/channel\\\/UCHYaeO_n0Db3tjNGudGpXyw\"]},{\"@type\":\"Person\",\"@id\":\"https:\\\/\\\/radioljubuski.ba\\\/#\\\/schema\\\/person\\\/19fc700381a780f69665d7956c469e3b\",\"name\":\"Radio Ljubu\u0161ki\"}]}<\/script>\n<!-- \/ Yoast SEO plugin. -->","yoast_head_json":{"title":"Sto\u017eer RS: \"Cijepite se, me\u0111u novozara\u017eenim prevladava mla\u0111e stanovni\u0161tvo\" - RADIO LJUBU\u0160KI","robots":{"index":"index","follow":"follow","max-snippet":"max-snippet:-1","max-image-preview":"max-image-preview:large","max-video-preview":"max-video-preview:-1"},"canonical":"https:\/\/radioljubuski.ba\/index.php\/2021\/08\/17\/stozer-rs-cijepite-se-medu-novozarazenim-prevladava-mlade-stanovnistvo\/","og_locale":"hr_HR","og_type":"article","og_title":"Sto\u017eer RS: \"Cijepite se, me\u0111u novozara\u017eenim prevladava mla\u0111e stanovni\u0161tvo\" - RADIO LJUBU\u0160KI","og_description":"Sto\u017eer za izvanredne situacije Republike Srpske donio je Zaklju\u010dak o provo\u0111enju mjera za reagiranje na pojavu bolesti izazvane novim virusom korona (COVID-19) u ovom entitetu kojim je dosada\u0161nje mjere produ\u017eio do 30. kolovoza 2021. godine. Republi\u010dki sto\u017eer za izvanredne situacije, na dana\u0161njoj sjednici, apelirao je na gra\u0111ane da se u \u0161to ve\u0107em broju cijepljenju protiv [&hellip;]","og_url":"https:\/\/radioljubuski.ba\/index.php\/2021\/08\/17\/stozer-rs-cijepite-se-medu-novozarazenim-prevladava-mlade-stanovnistvo\/","og_site_name":"RADIO LJUBU\u0160KI","article_publisher":"https:\/\/www.facebook.com\/Radiio-Ljubuski-1490835324566332","article_published_time":"2021-08-17T10:11:26+00:00","article_modified_time":"2021-08-17T10:11:27+00:00","og_image":[{"width":1600,"height":1009,"url":"https:\/\/radioljubuski.ba\/wp-content\/uploads\/2021\/03\/pxl-060321-32064076-20210313064306.jpg","type":"image\/jpeg"}],"author":"Radio Ljubu\u0161ki","twitter_card":"summary_large_image","twitter_creator":"@radioljubuski","twitter_site":"@radioljubuski","twitter_misc":{"Napisao\/la":"Radio Ljubu\u0161ki","Procijenjeno vrijeme \u010ditanja":"1 minuta"},"schema":{"@context":"https:\/\/schema.org","@graph":[{"@type":"Article","@id":"https:\/\/radioljubuski.ba\/index.php\/2021\/08\/17\/stozer-rs-cijepite-se-medu-novozarazenim-prevladava-mlade-stanovnistvo\/#article","isPartOf":{"@id":"https:\/\/radioljubuski.ba\/index.php\/2021\/08\/17\/stozer-rs-cijepite-se-medu-novozarazenim-prevladava-mlade-stanovnistvo\/"},"author":{"name":"Radio Ljubu\u0161ki","@id":"https:\/\/radioljubuski.ba\/#\/schema\/person\/19fc700381a780f69665d7956c469e3b"},"headline":"Sto\u017eer RS: &#8220;Cijepite se, me\u0111u novozara\u017eenim prevladava mla\u0111e stanovni\u0161tvo&#8221;","datePublished":"2021-08-17T10:11:26+00:00","dateModified":"2021-08-17T10:11:27+00:00","mainEntityOfPage":{"@id":"https:\/\/radioljubuski.ba\/index.php\/2021\/08\/17\/stozer-rs-cijepite-se-medu-novozarazenim-prevladava-mlade-stanovnistvo\/"},"wordCount":231,"publisher":{"@id":"https:\/\/radioljubuski.ba\/#organization"},"image":{"@id":"https:\/\/radioljubuski.ba\/index.php\/2021\/08\/17\/stozer-rs-cijepite-se-medu-novozarazenim-prevladava-mlade-stanovnistvo\/#primaryimage"},"thumbnailUrl":"https:\/\/radioljubuski.ba\/wp-content\/uploads\/2021\/03\/pxl-060321-32064076-20210313064306.jpg","articleSection":["BIH i regija"],"inLanguage":"hr"},{"@type":"WebPage","@id":"https:\/\/radioljubuski.ba\/index.php\/2021\/08\/17\/stozer-rs-cijepite-se-medu-novozarazenim-prevladava-mlade-stanovnistvo\/","url":"https:\/\/radioljubuski.ba\/index.php\/2021\/08\/17\/stozer-rs-cijepite-se-medu-novozarazenim-prevladava-mlade-stanovnistvo\/","name":"Sto\u017eer RS: \"Cijepite se, me\u0111u novozara\u017eenim prevladava mla\u0111e stanovni\u0161tvo\" - RADIO LJUBU\u0160KI","isPartOf":{"@id":"https:\/\/radioljubuski.ba\/#website"},"primaryImageOfPage":{"@id":"https:\/\/radioljubuski.ba\/index.php\/2021\/08\/17\/stozer-rs-cijepite-se-medu-novozarazenim-prevladava-mlade-stanovnistvo\/#primaryimage"},"image":{"@id":"https:\/\/radioljubuski.ba\/index.php\/2021\/08\/17\/stozer-rs-cijepite-se-medu-novozarazenim-prevladava-mlade-stanovnistvo\/#primaryimage"},"thumbnailUrl":"https:\/\/radioljubuski.ba\/wp-content\/uploads\/2021\/03\/pxl-060321-32064076-20210313064306.jpg","datePublished":"2021-08-17T10:11:26+00:00","dateModified":"2021-08-17T10:11:27+00:00","breadcrumb":{"@id":"https:\/\/radioljubuski.ba\/index.php\/2021\/08\/17\/stozer-rs-cijepite-se-medu-novozarazenim-prevladava-mlade-stanovnistvo\/#breadcrumb"},"inLanguage":"hr","potentialAction":[{"@type":"ReadAction","target":["https:\/\/radioljubuski.ba\/index.php\/2021\/08\/17\/stozer-rs-cijepite-se-medu-novozarazenim-prevladava-mlade-stanovnistvo\/"]}]},{"@type":"ImageObject","inLanguage":"hr","@id":"https:\/\/radioljubuski.ba\/index.php\/2021\/08\/17\/stozer-rs-cijepite-se-medu-novozarazenim-prevladava-mlade-stanovnistvo\/#primaryimage","url":"https:\/\/radioljubuski.ba\/wp-content\/uploads\/2021\/03\/pxl-060321-32064076-20210313064306.jpg","contentUrl":"https:\/\/radioljubuski.ba\/wp-content\/uploads\/2021\/03\/pxl-060321-32064076-20210313064306.jpg","width":1600,"height":1009,"caption":"06.03.2021., Karlovac - U dvorani Ekonomsko turisticke skole u Karlovcu provodi se masovno cijepljenje gradjana protiv koronavirusa. U drugom krugu cijepit ce 630 gradjana s 360 doza Pfizerovog i 270 Astra Zeneca cijepivom. Photo: Kristina Stedul Fabac\/PIXSELL"},{"@type":"BreadcrumbList","@id":"https:\/\/radioljubuski.ba\/index.php\/2021\/08\/17\/stozer-rs-cijepite-se-medu-novozarazenim-prevladava-mlade-stanovnistvo\/#breadcrumb","itemListElement":[{"@type":"ListItem","position":1,"name":"Po\u010detna stranica","item":"https:\/\/radioljubuski.ba\/"},{"@type":"ListItem","position":2,"name":"Sto\u017eer RS: &#8220;Cijepite se, me\u0111u novozara\u017eenim prevladava mla\u0111e stanovni\u0161tvo&#8221;"}]},{"@type":"WebSite","@id":"https:\/\/radioljubuski.ba\/#website","url":"https:\/\/radioljubuski.ba\/","name":"Radio Ljubu\u0161ki","description":"Sun\u010dana frekvencija Hercegovine","publisher":{"@id":"https:\/\/radioljubuski.ba\/#organization"},"potentialAction":[{"@type":"SearchAction","target":{"@type":"EntryPoint","urlTemplate":"https:\/\/radioljubuski.ba\/?s={search_term_string}"},"query-input":{"@type":"PropertyValueSpecification","valueRequired":true,"valueName":"search_term_string"}}],"inLanguage":"hr"},{"@type":"Organization","@id":"https:\/\/radioljubuski.ba\/#organization","name":"Radio Ljubu\u0161ki","url":"https:\/\/radioljubuski.ba\/","logo":{"@type":"ImageObject","inLanguage":"hr","@id":"https:\/\/radioljubuski.ba\/#\/schema\/logo\/image\/","url":"https:\/\/radioljubuski.ba\/wp-content\/uploads\/2021\/02\/cropped-Radio_Ljubuski_logo1.jpg","contentUrl":"https:\/\/radioljubuski.ba\/wp-content\/uploads\/2021\/02\/cropped-Radio_Ljubuski_logo1.jpg","width":512,"height":512,"caption":"Radio Ljubu\u0161ki"},"image":{"@id":"https:\/\/radioljubuski.ba\/#\/schema\/logo\/image\/"},"sameAs":["https:\/\/www.facebook.com\/Radiio-Ljubuski-1490835324566332","https:\/\/x.com\/radioljubuski","https:\/\/hr.linkedin.com\/company\/radio-ljubuski","https:\/\/www.youtube.com\/channel\/UCHYaeO_n0Db3tjNGudGpXyw"]},{"@type":"Person","@id":"https:\/\/radioljubuski.ba\/#\/schema\/person\/19fc700381a780f69665d7956c469e3b","name":"Radio Ljubu\u0161ki"}]}},"_links":{"self":[{"href":"https:\/\/radioljubuski.ba\/index.php\/wp-json\/wp\/v2\/posts\/54163","targetHints":{"allow":["GET"]}}],"collection":[{"href":"https:\/\/radioljubuski.ba\/index.php\/wp-json\/wp\/v2\/posts"}],"about":[{"href":"https:\/\/radioljubuski.ba\/index.php\/wp-json\/wp\/v2\/types\/post"}],"author":[{"embeddable":true,"href":"https:\/\/radioljubuski.ba\/index.php\/wp-json\/wp\/v2\/users\/2"}],"replies":[{"embeddable":true,"href":"https:\/\/radioljubuski.ba\/index.php\/wp-json\/wp\/v2\/comments?post=54163"}],"version-history":[{"count":1,"href":"https:\/\/radioljubuski.ba\/index.php\/wp-json\/wp\/v2\/posts\/54163\/revisions"}],"predecessor-version":[{"id":54164,"href":"https:\/\/radioljubuski.ba\/index.php\/wp-json\/wp\/v2\/posts\/54163\/revisions\/54164"}],"wp:featuredmedia":[{"embeddable":true,"href":"https:\/\/radioljubuski.ba\/index.php\/wp-json\/wp\/v2\/media\/3356"}],"wp:attachment":[{"href":"https:\/\/radioljubuski.ba\/index.php\/wp-json\/wp\/v2\/media?parent=54163"}],"wp:term":[{"taxonomy":"category","embeddable":true,"href":"https:\/\/radioljubuski.ba\/index.php\/wp-json\/wp\/v2\/categories?post=54163"},{"taxonomy":"post_tag","embeddable":true,"href":"https:\/\/radioljubuski.ba\/index.php\/wp-json\/wp\/v2\/tags?post=54163"}],"curies":[{"name":"wp","href":"https:\/\/api.w.org\/{rel}","templated":true}]}}