{"id":5418,"date":"2021-03-20T23:47:01","date_gmt":"2021-03-20T22:47:01","guid":{"rendered":"https:\/\/radioljubuski.ba\/?p=5418"},"modified":"2021-03-20T23:47:02","modified_gmt":"2021-03-20T22:47:02","slug":"sputnjik-v-vjerojatno-nece-biti-brzo-odobren-u-europi","status":"publish","type":"post","link":"https:\/\/radioljubuski.ba\/index.php\/2021\/03\/20\/sputnjik-v-vjerojatno-nece-biti-brzo-odobren-u-europi\/","title":{"rendered":"Sputnjik V vjerojatno ne\u0107e biti brzo odobren u Europi"},"content":{"rendered":"\n<p>Rusko cjepivo Sputnjik V vjerojatno ne\u0107e dobiti odobrenje europskih medicinskih regulatora u bli\u017eoj budu\u0107nosti, prema tvrdnjama RDIF-a, ruskog fonda za izravna ulaganja.<\/p>\n\n\n\n<p>Europska agencija za lijekove (EMA) jo\u0161 analizira rusko cjepivo.<br><br>&#8211; Ako se odobri, vjerojatno iza lipnja, mogli bismo dostaviti oko 100 milijuna doza za 50 milijuna ljudi u EU u tri, \u010detiri mjeseca, rekao je \u0161ef RDIF-a&nbsp;<strong>Kirill Dmitriev<\/strong>&nbsp;za list Berliner Zeitung.<br><br>Rusija o\u010dekuje da \u0107e nakon Ma\u0111arske i druge \u010dlanice EU-a odobriti uporabu Sputnjika V bez obzira na odluku EMA-e.<br><br>Dmitriev je rekao da bi Rusija tim zemljama doze cjepiva mogla poslati u travnju.<br><br>&#8211; O\u010dekujemo delegaciju EMA-e sredinom travnja i nadamo se da \u0107e odluka o Sputnjiku V biti isklju\u010divo znanstvena, a ne politi\u010dka, dodao je.<br><br>Kriti\u010dari optu\u017euju Rusiju da koristi svoje cjepivo za propagandu i geopoliti\u010dki utjecaj.<br><br>Dmitriev, koji je na \u010delu fonda odgovornog za me\u0111unarodnu distribuciju Sputnjika V, potvrdio je planove o proizvodnji cjepiva u Njema\u010dkoj i drugim \u010dlanicama EU-a.<br><br>Vode se pregovori za proizvodnju cjepiva u postrojenjima ruske farmaceutske tvrtke R-Pharm u Bavarskoj u Njema\u010dkoj, dodao je Dmitriev. Tvrtka R-Pharm je tako\u0111er podnijela zahtjev EMA-i za odobrenje Sputnjika V.<br><br>Dmitriev je rekao da postoje &#8220;preliminarni sporazumi s jo\u0161 dva proizvo\u0111a\u010da u Njema\u010dkoj&#8221; te sa \u0160panjolskom i Francuskom.<br><br>Cjepivo koje je razvio Nacionalni istra\u017eiva\u010dki centar za epidemiologiju i mikrobiologiju Gamaleja u Rusiji u\u010dinkovito je 91 posto, navode stru\u010dnjaci. Znanstvenici tvrde da bi za\u0161tita protiv koronavirusa mogla potrajati dvije godine.<br><br>Rusija tako\u0111er reklamira nisku cijenu i jednostavno skladi\u0161tenje Sputnjika V koji je odobren za uporabu u vi\u0161e od 50 zemalja.<br><br>Rusko cjepivo smatra se u\u010dinkovitim i protiv novih varijanti koronavirusa.<br><br>Znanstvenici koji su radili na Sputnjiku V i AstraZeneci sura\u0111uju kako bi vidjeli mogu li pobolj\u0161ati cjepivo.<\/p>\n\n\n\n<p>Izvor:hrt.hr<\/p>\n","protected":false},"excerpt":{"rendered":"<p>Rusko cjepivo Sputnjik V vjerojatno ne\u0107e dobiti odobrenje europskih medicinskih regulatora u bli\u017eoj budu\u0107nosti, prema tvrdnjama RDIF-a, ruskog fonda za izravna ulaganja. Europska agencija za lijekove (EMA) jo\u0161 analizira rusko cjepivo. &#8211; Ako se odobri, vjerojatno iza lipnja, mogli bismo dostaviti oko 100 milijuna doza za 50 milijuna ljudi u EU u tri, \u010detiri mjeseca, [&hellip;]<\/p>\n","protected":false},"author":2,"featured_media":5419,"comment_status":"closed","ping_status":"closed","sticky":false,"template":"","format":"standard","meta":{"h5ap_radio_sources":[],"footnotes":""},"categories":[1],"tags":[],"class_list":["post-5418","post","type-post","status-publish","format-standard","has-post-thumbnail","hentry","category-bihiregija"],"yoast_head":"<!-- This site is optimized with the Yoast SEO plugin v27.4 - https:\/\/yoast.com\/product\/yoast-seo-wordpress\/ -->\n<title>Sputnjik V vjerojatno ne\u0107e biti brzo odobren u Europi - RADIO LJUBU\u0160KI<\/title>\n<meta name=\"robots\" content=\"index, follow, max-snippet:-1, max-image-preview:large, max-video-preview:-1\" \/>\n<link rel=\"canonical\" href=\"https:\/\/radioljubuski.ba\/index.php\/2021\/03\/20\/sputnjik-v-vjerojatno-nece-biti-brzo-odobren-u-europi\/\" \/>\n<meta property=\"og:locale\" content=\"hr_HR\" \/>\n<meta property=\"og:type\" content=\"article\" \/>\n<meta property=\"og:title\" content=\"Sputnjik V vjerojatno ne\u0107e biti brzo odobren u Europi - RADIO LJUBU\u0160KI\" \/>\n<meta property=\"og:description\" content=\"Rusko cjepivo Sputnjik V vjerojatno ne\u0107e dobiti odobrenje europskih medicinskih regulatora u bli\u017eoj budu\u0107nosti, prema tvrdnjama RDIF-a, ruskog fonda za izravna ulaganja. Europska agencija za lijekove (EMA) jo\u0161 analizira rusko cjepivo. &#8211; Ako se odobri, vjerojatno iza lipnja, mogli bismo dostaviti oko 100 milijuna doza za 50 milijuna ljudi u EU u tri, \u010detiri mjeseca, [&hellip;]\" \/>\n<meta property=\"og:url\" content=\"https:\/\/radioljubuski.ba\/index.php\/2021\/03\/20\/sputnjik-v-vjerojatno-nece-biti-brzo-odobren-u-europi\/\" \/>\n<meta property=\"og:site_name\" content=\"RADIO LJUBU\u0160KI\" \/>\n<meta property=\"article:publisher\" content=\"https:\/\/www.facebook.com\/Radiio-Ljubuski-1490835324566332\" \/>\n<meta property=\"article:published_time\" content=\"2021-03-20T22:47:01+00:00\" \/>\n<meta property=\"article:modified_time\" content=\"2021-03-20T22:47:02+00:00\" \/>\n<meta property=\"og:image\" content=\"https:\/\/radioljubuski.ba\/wp-content\/uploads\/2021\/03\/preuzmi-32.jpg\" \/>\n\t<meta property=\"og:image:width\" content=\"275\" \/>\n\t<meta property=\"og:image:height\" content=\"183\" \/>\n\t<meta property=\"og:image:type\" content=\"image\/jpeg\" \/>\n<meta name=\"author\" content=\"Radio Ljubu\u0161ki\" \/>\n<meta name=\"twitter:card\" content=\"summary_large_image\" \/>\n<meta name=\"twitter:creator\" content=\"@radioljubuski\" \/>\n<meta name=\"twitter:site\" content=\"@radioljubuski\" \/>\n<meta name=\"twitter:label1\" content=\"Napisao\/la\" \/>\n\t<meta name=\"twitter:data1\" content=\"Radio Ljubu\u0161ki\" \/>\n\t<meta name=\"twitter:label2\" content=\"Procijenjeno vrijeme \u010ditanja\" \/>\n\t<meta name=\"twitter:data2\" content=\"2 minute\" \/>\n<script type=\"application\/ld+json\" class=\"yoast-schema-graph\">{\"@context\":\"https:\\\/\\\/schema.org\",\"@graph\":[{\"@type\":\"Article\",\"@id\":\"https:\\\/\\\/radioljubuski.ba\\\/index.php\\\/2021\\\/03\\\/20\\\/sputnjik-v-vjerojatno-nece-biti-brzo-odobren-u-europi\\\/#article\",\"isPartOf\":{\"@id\":\"https:\\\/\\\/radioljubuski.ba\\\/index.php\\\/2021\\\/03\\\/20\\\/sputnjik-v-vjerojatno-nece-biti-brzo-odobren-u-europi\\\/\"},\"author\":{\"name\":\"Radio Ljubu\u0161ki\",\"@id\":\"https:\\\/\\\/radioljubuski.ba\\\/#\\\/schema\\\/person\\\/19fc700381a780f69665d7956c469e3b\"},\"headline\":\"Sputnjik V vjerojatno ne\u0107e biti brzo odobren u Europi\",\"datePublished\":\"2021-03-20T22:47:01+00:00\",\"dateModified\":\"2021-03-20T22:47:02+00:00\",\"mainEntityOfPage\":{\"@id\":\"https:\\\/\\\/radioljubuski.ba\\\/index.php\\\/2021\\\/03\\\/20\\\/sputnjik-v-vjerojatno-nece-biti-brzo-odobren-u-europi\\\/\"},\"wordCount\":323,\"publisher\":{\"@id\":\"https:\\\/\\\/radioljubuski.ba\\\/#organization\"},\"image\":{\"@id\":\"https:\\\/\\\/radioljubuski.ba\\\/index.php\\\/2021\\\/03\\\/20\\\/sputnjik-v-vjerojatno-nece-biti-brzo-odobren-u-europi\\\/#primaryimage\"},\"thumbnailUrl\":\"https:\\\/\\\/radioljubuski.ba\\\/wp-content\\\/uploads\\\/2021\\\/03\\\/preuzmi-32.jpg\",\"articleSection\":[\"BIH i regija\"],\"inLanguage\":\"hr\"},{\"@type\":\"WebPage\",\"@id\":\"https:\\\/\\\/radioljubuski.ba\\\/index.php\\\/2021\\\/03\\\/20\\\/sputnjik-v-vjerojatno-nece-biti-brzo-odobren-u-europi\\\/\",\"url\":\"https:\\\/\\\/radioljubuski.ba\\\/index.php\\\/2021\\\/03\\\/20\\\/sputnjik-v-vjerojatno-nece-biti-brzo-odobren-u-europi\\\/\",\"name\":\"Sputnjik V vjerojatno ne\u0107e biti brzo odobren u Europi - RADIO LJUBU\u0160KI\",\"isPartOf\":{\"@id\":\"https:\\\/\\\/radioljubuski.ba\\\/#website\"},\"primaryImageOfPage\":{\"@id\":\"https:\\\/\\\/radioljubuski.ba\\\/index.php\\\/2021\\\/03\\\/20\\\/sputnjik-v-vjerojatno-nece-biti-brzo-odobren-u-europi\\\/#primaryimage\"},\"image\":{\"@id\":\"https:\\\/\\\/radioljubuski.ba\\\/index.php\\\/2021\\\/03\\\/20\\\/sputnjik-v-vjerojatno-nece-biti-brzo-odobren-u-europi\\\/#primaryimage\"},\"thumbnailUrl\":\"https:\\\/\\\/radioljubuski.ba\\\/wp-content\\\/uploads\\\/2021\\\/03\\\/preuzmi-32.jpg\",\"datePublished\":\"2021-03-20T22:47:01+00:00\",\"dateModified\":\"2021-03-20T22:47:02+00:00\",\"breadcrumb\":{\"@id\":\"https:\\\/\\\/radioljubuski.ba\\\/index.php\\\/2021\\\/03\\\/20\\\/sputnjik-v-vjerojatno-nece-biti-brzo-odobren-u-europi\\\/#breadcrumb\"},\"inLanguage\":\"hr\",\"potentialAction\":[{\"@type\":\"ReadAction\",\"target\":[\"https:\\\/\\\/radioljubuski.ba\\\/index.php\\\/2021\\\/03\\\/20\\\/sputnjik-v-vjerojatno-nece-biti-brzo-odobren-u-europi\\\/\"]}]},{\"@type\":\"ImageObject\",\"inLanguage\":\"hr\",\"@id\":\"https:\\\/\\\/radioljubuski.ba\\\/index.php\\\/2021\\\/03\\\/20\\\/sputnjik-v-vjerojatno-nece-biti-brzo-odobren-u-europi\\\/#primaryimage\",\"url\":\"https:\\\/\\\/radioljubuski.ba\\\/wp-content\\\/uploads\\\/2021\\\/03\\\/preuzmi-32.jpg\",\"contentUrl\":\"https:\\\/\\\/radioljubuski.ba\\\/wp-content\\\/uploads\\\/2021\\\/03\\\/preuzmi-32.jpg\",\"width\":275,\"height\":183},{\"@type\":\"BreadcrumbList\",\"@id\":\"https:\\\/\\\/radioljubuski.ba\\\/index.php\\\/2021\\\/03\\\/20\\\/sputnjik-v-vjerojatno-nece-biti-brzo-odobren-u-europi\\\/#breadcrumb\",\"itemListElement\":[{\"@type\":\"ListItem\",\"position\":1,\"name\":\"Po\u010detna stranica\",\"item\":\"https:\\\/\\\/radioljubuski.ba\\\/\"},{\"@type\":\"ListItem\",\"position\":2,\"name\":\"Sputnjik V vjerojatno ne\u0107e biti brzo odobren u Europi\"}]},{\"@type\":\"WebSite\",\"@id\":\"https:\\\/\\\/radioljubuski.ba\\\/#website\",\"url\":\"https:\\\/\\\/radioljubuski.ba\\\/\",\"name\":\"Radio Ljubu\u0161ki\",\"description\":\"Sun\u010dana frekvencija Hercegovine\",\"publisher\":{\"@id\":\"https:\\\/\\\/radioljubuski.ba\\\/#organization\"},\"potentialAction\":[{\"@type\":\"SearchAction\",\"target\":{\"@type\":\"EntryPoint\",\"urlTemplate\":\"https:\\\/\\\/radioljubuski.ba\\\/?s={search_term_string}\"},\"query-input\":{\"@type\":\"PropertyValueSpecification\",\"valueRequired\":true,\"valueName\":\"search_term_string\"}}],\"inLanguage\":\"hr\"},{\"@type\":\"Organization\",\"@id\":\"https:\\\/\\\/radioljubuski.ba\\\/#organization\",\"name\":\"Radio Ljubu\u0161ki\",\"url\":\"https:\\\/\\\/radioljubuski.ba\\\/\",\"logo\":{\"@type\":\"ImageObject\",\"inLanguage\":\"hr\",\"@id\":\"https:\\\/\\\/radioljubuski.ba\\\/#\\\/schema\\\/logo\\\/image\\\/\",\"url\":\"https:\\\/\\\/radioljubuski.ba\\\/wp-content\\\/uploads\\\/2021\\\/02\\\/cropped-Radio_Ljubuski_logo1.jpg\",\"contentUrl\":\"https:\\\/\\\/radioljubuski.ba\\\/wp-content\\\/uploads\\\/2021\\\/02\\\/cropped-Radio_Ljubuski_logo1.jpg\",\"width\":512,\"height\":512,\"caption\":\"Radio Ljubu\u0161ki\"},\"image\":{\"@id\":\"https:\\\/\\\/radioljubuski.ba\\\/#\\\/schema\\\/logo\\\/image\\\/\"},\"sameAs\":[\"https:\\\/\\\/www.facebook.com\\\/Radiio-Ljubuski-1490835324566332\",\"https:\\\/\\\/x.com\\\/radioljubuski\",\"https:\\\/\\\/hr.linkedin.com\\\/company\\\/radio-ljubuski\",\"https:\\\/\\\/www.youtube.com\\\/channel\\\/UCHYaeO_n0Db3tjNGudGpXyw\"]},{\"@type\":\"Person\",\"@id\":\"https:\\\/\\\/radioljubuski.ba\\\/#\\\/schema\\\/person\\\/19fc700381a780f69665d7956c469e3b\",\"name\":\"Radio Ljubu\u0161ki\"}]}<\/script>\n<!-- \/ Yoast SEO plugin. -->","yoast_head_json":{"title":"Sputnjik V vjerojatno ne\u0107e biti brzo odobren u Europi - RADIO LJUBU\u0160KI","robots":{"index":"index","follow":"follow","max-snippet":"max-snippet:-1","max-image-preview":"max-image-preview:large","max-video-preview":"max-video-preview:-1"},"canonical":"https:\/\/radioljubuski.ba\/index.php\/2021\/03\/20\/sputnjik-v-vjerojatno-nece-biti-brzo-odobren-u-europi\/","og_locale":"hr_HR","og_type":"article","og_title":"Sputnjik V vjerojatno ne\u0107e biti brzo odobren u Europi - RADIO LJUBU\u0160KI","og_description":"Rusko cjepivo Sputnjik V vjerojatno ne\u0107e dobiti odobrenje europskih medicinskih regulatora u bli\u017eoj budu\u0107nosti, prema tvrdnjama RDIF-a, ruskog fonda za izravna ulaganja. Europska agencija za lijekove (EMA) jo\u0161 analizira rusko cjepivo. &#8211; Ako se odobri, vjerojatno iza lipnja, mogli bismo dostaviti oko 100 milijuna doza za 50 milijuna ljudi u EU u tri, \u010detiri mjeseca, [&hellip;]","og_url":"https:\/\/radioljubuski.ba\/index.php\/2021\/03\/20\/sputnjik-v-vjerojatno-nece-biti-brzo-odobren-u-europi\/","og_site_name":"RADIO LJUBU\u0160KI","article_publisher":"https:\/\/www.facebook.com\/Radiio-Ljubuski-1490835324566332","article_published_time":"2021-03-20T22:47:01+00:00","article_modified_time":"2021-03-20T22:47:02+00:00","og_image":[{"width":275,"height":183,"url":"https:\/\/radioljubuski.ba\/wp-content\/uploads\/2021\/03\/preuzmi-32.jpg","type":"image\/jpeg"}],"author":"Radio Ljubu\u0161ki","twitter_card":"summary_large_image","twitter_creator":"@radioljubuski","twitter_site":"@radioljubuski","twitter_misc":{"Napisao\/la":"Radio Ljubu\u0161ki","Procijenjeno vrijeme \u010ditanja":"2 minute"},"schema":{"@context":"https:\/\/schema.org","@graph":[{"@type":"Article","@id":"https:\/\/radioljubuski.ba\/index.php\/2021\/03\/20\/sputnjik-v-vjerojatno-nece-biti-brzo-odobren-u-europi\/#article","isPartOf":{"@id":"https:\/\/radioljubuski.ba\/index.php\/2021\/03\/20\/sputnjik-v-vjerojatno-nece-biti-brzo-odobren-u-europi\/"},"author":{"name":"Radio Ljubu\u0161ki","@id":"https:\/\/radioljubuski.ba\/#\/schema\/person\/19fc700381a780f69665d7956c469e3b"},"headline":"Sputnjik V vjerojatno ne\u0107e biti brzo odobren u Europi","datePublished":"2021-03-20T22:47:01+00:00","dateModified":"2021-03-20T22:47:02+00:00","mainEntityOfPage":{"@id":"https:\/\/radioljubuski.ba\/index.php\/2021\/03\/20\/sputnjik-v-vjerojatno-nece-biti-brzo-odobren-u-europi\/"},"wordCount":323,"publisher":{"@id":"https:\/\/radioljubuski.ba\/#organization"},"image":{"@id":"https:\/\/radioljubuski.ba\/index.php\/2021\/03\/20\/sputnjik-v-vjerojatno-nece-biti-brzo-odobren-u-europi\/#primaryimage"},"thumbnailUrl":"https:\/\/radioljubuski.ba\/wp-content\/uploads\/2021\/03\/preuzmi-32.jpg","articleSection":["BIH i regija"],"inLanguage":"hr"},{"@type":"WebPage","@id":"https:\/\/radioljubuski.ba\/index.php\/2021\/03\/20\/sputnjik-v-vjerojatno-nece-biti-brzo-odobren-u-europi\/","url":"https:\/\/radioljubuski.ba\/index.php\/2021\/03\/20\/sputnjik-v-vjerojatno-nece-biti-brzo-odobren-u-europi\/","name":"Sputnjik V vjerojatno ne\u0107e biti brzo odobren u Europi - RADIO LJUBU\u0160KI","isPartOf":{"@id":"https:\/\/radioljubuski.ba\/#website"},"primaryImageOfPage":{"@id":"https:\/\/radioljubuski.ba\/index.php\/2021\/03\/20\/sputnjik-v-vjerojatno-nece-biti-brzo-odobren-u-europi\/#primaryimage"},"image":{"@id":"https:\/\/radioljubuski.ba\/index.php\/2021\/03\/20\/sputnjik-v-vjerojatno-nece-biti-brzo-odobren-u-europi\/#primaryimage"},"thumbnailUrl":"https:\/\/radioljubuski.ba\/wp-content\/uploads\/2021\/03\/preuzmi-32.jpg","datePublished":"2021-03-20T22:47:01+00:00","dateModified":"2021-03-20T22:47:02+00:00","breadcrumb":{"@id":"https:\/\/radioljubuski.ba\/index.php\/2021\/03\/20\/sputnjik-v-vjerojatno-nece-biti-brzo-odobren-u-europi\/#breadcrumb"},"inLanguage":"hr","potentialAction":[{"@type":"ReadAction","target":["https:\/\/radioljubuski.ba\/index.php\/2021\/03\/20\/sputnjik-v-vjerojatno-nece-biti-brzo-odobren-u-europi\/"]}]},{"@type":"ImageObject","inLanguage":"hr","@id":"https:\/\/radioljubuski.ba\/index.php\/2021\/03\/20\/sputnjik-v-vjerojatno-nece-biti-brzo-odobren-u-europi\/#primaryimage","url":"https:\/\/radioljubuski.ba\/wp-content\/uploads\/2021\/03\/preuzmi-32.jpg","contentUrl":"https:\/\/radioljubuski.ba\/wp-content\/uploads\/2021\/03\/preuzmi-32.jpg","width":275,"height":183},{"@type":"BreadcrumbList","@id":"https:\/\/radioljubuski.ba\/index.php\/2021\/03\/20\/sputnjik-v-vjerojatno-nece-biti-brzo-odobren-u-europi\/#breadcrumb","itemListElement":[{"@type":"ListItem","position":1,"name":"Po\u010detna stranica","item":"https:\/\/radioljubuski.ba\/"},{"@type":"ListItem","position":2,"name":"Sputnjik V vjerojatno ne\u0107e biti brzo odobren u Europi"}]},{"@type":"WebSite","@id":"https:\/\/radioljubuski.ba\/#website","url":"https:\/\/radioljubuski.ba\/","name":"Radio Ljubu\u0161ki","description":"Sun\u010dana frekvencija Hercegovine","publisher":{"@id":"https:\/\/radioljubuski.ba\/#organization"},"potentialAction":[{"@type":"SearchAction","target":{"@type":"EntryPoint","urlTemplate":"https:\/\/radioljubuski.ba\/?s={search_term_string}"},"query-input":{"@type":"PropertyValueSpecification","valueRequired":true,"valueName":"search_term_string"}}],"inLanguage":"hr"},{"@type":"Organization","@id":"https:\/\/radioljubuski.ba\/#organization","name":"Radio Ljubu\u0161ki","url":"https:\/\/radioljubuski.ba\/","logo":{"@type":"ImageObject","inLanguage":"hr","@id":"https:\/\/radioljubuski.ba\/#\/schema\/logo\/image\/","url":"https:\/\/radioljubuski.ba\/wp-content\/uploads\/2021\/02\/cropped-Radio_Ljubuski_logo1.jpg","contentUrl":"https:\/\/radioljubuski.ba\/wp-content\/uploads\/2021\/02\/cropped-Radio_Ljubuski_logo1.jpg","width":512,"height":512,"caption":"Radio Ljubu\u0161ki"},"image":{"@id":"https:\/\/radioljubuski.ba\/#\/schema\/logo\/image\/"},"sameAs":["https:\/\/www.facebook.com\/Radiio-Ljubuski-1490835324566332","https:\/\/x.com\/radioljubuski","https:\/\/hr.linkedin.com\/company\/radio-ljubuski","https:\/\/www.youtube.com\/channel\/UCHYaeO_n0Db3tjNGudGpXyw"]},{"@type":"Person","@id":"https:\/\/radioljubuski.ba\/#\/schema\/person\/19fc700381a780f69665d7956c469e3b","name":"Radio Ljubu\u0161ki"}]}},"_links":{"self":[{"href":"https:\/\/radioljubuski.ba\/index.php\/wp-json\/wp\/v2\/posts\/5418","targetHints":{"allow":["GET"]}}],"collection":[{"href":"https:\/\/radioljubuski.ba\/index.php\/wp-json\/wp\/v2\/posts"}],"about":[{"href":"https:\/\/radioljubuski.ba\/index.php\/wp-json\/wp\/v2\/types\/post"}],"author":[{"embeddable":true,"href":"https:\/\/radioljubuski.ba\/index.php\/wp-json\/wp\/v2\/users\/2"}],"replies":[{"embeddable":true,"href":"https:\/\/radioljubuski.ba\/index.php\/wp-json\/wp\/v2\/comments?post=5418"}],"version-history":[{"count":1,"href":"https:\/\/radioljubuski.ba\/index.php\/wp-json\/wp\/v2\/posts\/5418\/revisions"}],"predecessor-version":[{"id":5420,"href":"https:\/\/radioljubuski.ba\/index.php\/wp-json\/wp\/v2\/posts\/5418\/revisions\/5420"}],"wp:featuredmedia":[{"embeddable":true,"href":"https:\/\/radioljubuski.ba\/index.php\/wp-json\/wp\/v2\/media\/5419"}],"wp:attachment":[{"href":"https:\/\/radioljubuski.ba\/index.php\/wp-json\/wp\/v2\/media?parent=5418"}],"wp:term":[{"taxonomy":"category","embeddable":true,"href":"https:\/\/radioljubuski.ba\/index.php\/wp-json\/wp\/v2\/categories?post=5418"},{"taxonomy":"post_tag","embeddable":true,"href":"https:\/\/radioljubuski.ba\/index.php\/wp-json\/wp\/v2\/tags?post=5418"}],"curies":[{"name":"wp","href":"https:\/\/api.w.org\/{rel}","templated":true}]}}