{"id":54216,"date":"2021-08-17T13:07:07","date_gmt":"2021-08-17T12:07:07","guid":{"rendered":"https:\/\/radioljubuski.ba\/?p=54216"},"modified":"2021-08-17T13:07:08","modified_gmt":"2021-08-17T12:07:08","slug":"broj-umirovljenika-u-fbih-porastao-najvise-u-hbz-u","status":"publish","type":"post","link":"https:\/\/radioljubuski.ba\/index.php\/2021\/08\/17\/broj-umirovljenika-u-fbih-porastao-najvise-u-hbz-u\/","title":{"rendered":"Broj umirovljenika u FBiH porastao, najvi\u0161e u HB\u017d-u"},"content":{"rendered":"\n<p>Uz to \u0161to ima najvi\u0161e umirovljenika, u Sarajevskoj \u017eupaniji bilje\u017ei se i najve\u0107a prosje\u010dna mirovina na podru\u010dju Federacije BiH, \u010dija je visina 536 konvertibilnih maraka. S druge strane, najni\u017ea prosje\u010dna mirovina tijekom pro\u0161le godine zabilje\u017eena je u Unsko-sanskoj \u017eupaniji. Prosje\u010dna mirovina u ovoj \u017eupaniji iznosila je 409 konvertibilnih maraka. Prema podacima Federalnoga zavoda za mirovinsko i invalidsko osiguranje, prosje\u010dna ispla\u0107ena mirovina u Federaciji BiH u prosincu 2020. godine iznosila je 428 konvertibilnih maraka, \u0161to je vi\u0161e za 2,8 posto u odnosu na prethodnu godinu, pi\u0161e Ve\u010dernji list BiH.<\/p>\n\n\n\n<p><strong>Najni\u017ea mirovina<\/strong><\/p>\n\n\n\n<p>Najni\u017ea ispla\u0107ena mirovina iznosi 382,20 konvertibilnih maraka, a zajam\u010dena 478,90 konvertibilnih maraka. Najvi\u0161a ispla\u0107ena mirovina u prosincu 2020. godine iznosi 2174,50 konvertibilnih maraka. Kada je rije\u010d o prosje\u010dnoj mirovini, ona je u Posavskoj \u017eupaniji iznosila 437 KM, Tuzlanskoj \u017eupaniji 457 KM, Zeni\u010dko-dobojskoj 451 marku, Bosansko-podrinjskoj 464 KM, Srednjobosanskoj 427 KM, Hercegova\u010dko-neretvanskoj 481 KM, Zapadnohercegova\u010dkoj \u017eupaniji 460 KM, Hercegbosanskoj 416 KM.<\/p>\n\n\n\n<p>Podaci navedeni u dokumentu \u201cMakroekonomski pokazatelji po \u017eupanijama Federacije BiH\u201d pokazuju kako je ukupan broj umirovljenika u Federaciji BiH u prosincu 2020. godine iznosio 428.117, \u0161to je za 1 posto vi\u0161e nego u prethodnoj godini. Najvi\u0161i broj umirovljenika zabilje\u017een je u Sarajevskoj \u017eupaniji, i to 20,6 posto od ukupnog broja u FBiH, \u0161to iznosi 88.130, a najni\u017ei u Posavskoj \u017eupaniji, odnosno 0,9 posto od ukupnog broja umirovljenika u Federaciji BiH. Prema ovim pokazateljima, Posavska \u017eupanija na kraju 2020. godine imala je 3911 umirovljenika. Podaci iz navedenoga dokumenta dobiveni iz Federalnoga zavoda MIO pokazuju kako se broj umirovljenika pove\u0107ao u gotovo svim \u017eupanijama osim u Bosansko-podrinjskoj, gdje je zabilje\u017eeno smanjenje broja umirovljenika za 1,2 posto, u Sarajevskoj \u017eupaniji za 0,5 posto i u Srednjobosanskoj \u017eupaniji za 0,1 posto. Najvi\u0161e pove\u0107anje broja umirovljenika zabilje\u017eeno je u Hercegbosanskoj \u017eupaniji &#8211; za 2,9 posto, a najmanje u Hercegova\u010dko-neretvanskoj \u017eupaniji &#8211; za 0,04 posto. Kada je rije\u010d o strukturi mirovina u FBiH, najvi\u0161e je starosnih, i to 194.061, \u010dija je prosje\u010dna visina 534 KM, za \u0161to je potrebno 103,623.745 KM.<\/p>\n\n\n\n<p><strong>Obiteljske mirovine<\/strong><\/p>\n\n\n\n<p>U ovom bh. entitetu Federalni zavod MIO ispla\u0107uje i 55.396 invalidskih mirovina u prosje\u010dnoj visini od 397 KM te 103.904 obiteljske mirovine, a \u010dija prosje\u010dna visina iznosi 392 marke. Preko Zavoda MIO Federacije BiH starosnu mirovinu prima i 7868 umirovljenika u Republici Srpskoj, 2484 u Distriktu Br\u010dko te 38.259 u inozemstvu. Kada je rije\u010d o obiteljskoj mirovini, tijekom pro\u0161le godine primalo ju je 4170 osoba s prebivali\u0161tem u Republici Srpskoj, 1693 s prebivali\u0161tem na podru\u010dju Distrikta Br\u010dko te 9985 osoba koje \u017eive izvan granica Bosne i Hercegovine. Invalidsku mirovinu preko Zavoda MIO koristi 1698 umirovljenika s podru\u010dja Republike Srpske, 879 umirovljenika iz Distrikta Br\u010dko te 7720 onih koji imaju adrese stanovanja izvan granica Bosne i Hercegovine.<\/p>\n\n\n\n<p>Izvor:vecernji.ba<\/p>\n","protected":false},"excerpt":{"rendered":"<p>Uz to \u0161to ima najvi\u0161e umirovljenika, u Sarajevskoj \u017eupaniji bilje\u017ei se i najve\u0107a prosje\u010dna mirovina na podru\u010dju Federacije BiH, \u010dija je visina 536 konvertibilnih maraka. S druge strane, najni\u017ea prosje\u010dna mirovina tijekom pro\u0161le godine zabilje\u017eena je u Unsko-sanskoj \u017eupaniji. Prosje\u010dna mirovina u ovoj \u017eupaniji iznosila je 409 konvertibilnih maraka. Prema podacima Federalnoga zavoda za mirovinsko [&hellip;]<\/p>\n","protected":false},"author":2,"featured_media":54217,"comment_status":"closed","ping_status":"closed","sticky":false,"template":"","format":"standard","meta":{"h5ap_radio_sources":[],"footnotes":""},"categories":[1],"tags":[],"class_list":["post-54216","post","type-post","status-publish","format-standard","has-post-thumbnail","hentry","category-bihiregija"],"yoast_head":"<!-- This site is optimized with the Yoast SEO plugin v27.4 - https:\/\/yoast.com\/product\/yoast-seo-wordpress\/ -->\n<title>Broj umirovljenika u FBiH porastao, najvi\u0161e u HB\u017d-u - RADIO LJUBU\u0160KI<\/title>\n<meta name=\"robots\" content=\"index, follow, max-snippet:-1, max-image-preview:large, max-video-preview:-1\" \/>\n<link rel=\"canonical\" href=\"https:\/\/radioljubuski.ba\/index.php\/2021\/08\/17\/broj-umirovljenika-u-fbih-porastao-najvise-u-hbz-u\/\" \/>\n<meta property=\"og:locale\" content=\"hr_HR\" \/>\n<meta property=\"og:type\" content=\"article\" \/>\n<meta property=\"og:title\" content=\"Broj umirovljenika u FBiH porastao, najvi\u0161e u HB\u017d-u - RADIO LJUBU\u0160KI\" \/>\n<meta property=\"og:description\" content=\"Uz to \u0161to ima najvi\u0161e umirovljenika, u Sarajevskoj \u017eupaniji bilje\u017ei se i najve\u0107a prosje\u010dna mirovina na podru\u010dju Federacije BiH, \u010dija je visina 536 konvertibilnih maraka. S druge strane, najni\u017ea prosje\u010dna mirovina tijekom pro\u0161le godine zabilje\u017eena je u Unsko-sanskoj \u017eupaniji. Prosje\u010dna mirovina u ovoj \u017eupaniji iznosila je 409 konvertibilnih maraka. Prema podacima Federalnoga zavoda za mirovinsko [&hellip;]\" \/>\n<meta property=\"og:url\" content=\"https:\/\/radioljubuski.ba\/index.php\/2021\/08\/17\/broj-umirovljenika-u-fbih-porastao-najvise-u-hbz-u\/\" \/>\n<meta property=\"og:site_name\" content=\"RADIO LJUBU\u0160KI\" \/>\n<meta property=\"article:publisher\" content=\"https:\/\/www.facebook.com\/Radiio-Ljubuski-1490835324566332\" \/>\n<meta property=\"article:published_time\" content=\"2021-08-17T12:07:07+00:00\" \/>\n<meta property=\"article:modified_time\" content=\"2021-08-17T12:07:08+00:00\" \/>\n<meta property=\"og:image\" content=\"https:\/\/radioljubuski.ba\/wp-content\/uploads\/2021\/08\/5SBb4dKO_umirovljenici.jpg\" \/>\n\t<meta property=\"og:image:width\" content=\"1000\" \/>\n\t<meta property=\"og:image:height\" content=\"625\" \/>\n\t<meta property=\"og:image:type\" content=\"image\/jpeg\" \/>\n<meta name=\"author\" content=\"Radio Ljubu\u0161ki\" \/>\n<meta name=\"twitter:card\" content=\"summary_large_image\" \/>\n<meta name=\"twitter:creator\" content=\"@radioljubuski\" \/>\n<meta name=\"twitter:site\" content=\"@radioljubuski\" \/>\n<meta name=\"twitter:label1\" content=\"Napisao\/la\" \/>\n\t<meta name=\"twitter:data1\" content=\"Radio Ljubu\u0161ki\" \/>\n\t<meta name=\"twitter:label2\" content=\"Procijenjeno vrijeme \u010ditanja\" \/>\n\t<meta name=\"twitter:data2\" content=\"2 minute\" \/>\n<script type=\"application\/ld+json\" class=\"yoast-schema-graph\">{\"@context\":\"https:\\\/\\\/schema.org\",\"@graph\":[{\"@type\":\"Article\",\"@id\":\"https:\\\/\\\/radioljubuski.ba\\\/index.php\\\/2021\\\/08\\\/17\\\/broj-umirovljenika-u-fbih-porastao-najvise-u-hbz-u\\\/#article\",\"isPartOf\":{\"@id\":\"https:\\\/\\\/radioljubuski.ba\\\/index.php\\\/2021\\\/08\\\/17\\\/broj-umirovljenika-u-fbih-porastao-najvise-u-hbz-u\\\/\"},\"author\":{\"name\":\"Radio Ljubu\u0161ki\",\"@id\":\"https:\\\/\\\/radioljubuski.ba\\\/#\\\/schema\\\/person\\\/19fc700381a780f69665d7956c469e3b\"},\"headline\":\"Broj umirovljenika u FBiH porastao, najvi\u0161e u HB\u017d-u\",\"datePublished\":\"2021-08-17T12:07:07+00:00\",\"dateModified\":\"2021-08-17T12:07:08+00:00\",\"mainEntityOfPage\":{\"@id\":\"https:\\\/\\\/radioljubuski.ba\\\/index.php\\\/2021\\\/08\\\/17\\\/broj-umirovljenika-u-fbih-porastao-najvise-u-hbz-u\\\/\"},\"wordCount\":458,\"publisher\":{\"@id\":\"https:\\\/\\\/radioljubuski.ba\\\/#organization\"},\"image\":{\"@id\":\"https:\\\/\\\/radioljubuski.ba\\\/index.php\\\/2021\\\/08\\\/17\\\/broj-umirovljenika-u-fbih-porastao-najvise-u-hbz-u\\\/#primaryimage\"},\"thumbnailUrl\":\"https:\\\/\\\/radioljubuski.ba\\\/wp-content\\\/uploads\\\/2021\\\/08\\\/5SBb4dKO_umirovljenici.jpg\",\"articleSection\":[\"BIH i regija\"],\"inLanguage\":\"hr\"},{\"@type\":\"WebPage\",\"@id\":\"https:\\\/\\\/radioljubuski.ba\\\/index.php\\\/2021\\\/08\\\/17\\\/broj-umirovljenika-u-fbih-porastao-najvise-u-hbz-u\\\/\",\"url\":\"https:\\\/\\\/radioljubuski.ba\\\/index.php\\\/2021\\\/08\\\/17\\\/broj-umirovljenika-u-fbih-porastao-najvise-u-hbz-u\\\/\",\"name\":\"Broj umirovljenika u FBiH porastao, najvi\u0161e u HB\u017d-u - RADIO LJUBU\u0160KI\",\"isPartOf\":{\"@id\":\"https:\\\/\\\/radioljubuski.ba\\\/#website\"},\"primaryImageOfPage\":{\"@id\":\"https:\\\/\\\/radioljubuski.ba\\\/index.php\\\/2021\\\/08\\\/17\\\/broj-umirovljenika-u-fbih-porastao-najvise-u-hbz-u\\\/#primaryimage\"},\"image\":{\"@id\":\"https:\\\/\\\/radioljubuski.ba\\\/index.php\\\/2021\\\/08\\\/17\\\/broj-umirovljenika-u-fbih-porastao-najvise-u-hbz-u\\\/#primaryimage\"},\"thumbnailUrl\":\"https:\\\/\\\/radioljubuski.ba\\\/wp-content\\\/uploads\\\/2021\\\/08\\\/5SBb4dKO_umirovljenici.jpg\",\"datePublished\":\"2021-08-17T12:07:07+00:00\",\"dateModified\":\"2021-08-17T12:07:08+00:00\",\"breadcrumb\":{\"@id\":\"https:\\\/\\\/radioljubuski.ba\\\/index.php\\\/2021\\\/08\\\/17\\\/broj-umirovljenika-u-fbih-porastao-najvise-u-hbz-u\\\/#breadcrumb\"},\"inLanguage\":\"hr\",\"potentialAction\":[{\"@type\":\"ReadAction\",\"target\":[\"https:\\\/\\\/radioljubuski.ba\\\/index.php\\\/2021\\\/08\\\/17\\\/broj-umirovljenika-u-fbih-porastao-najvise-u-hbz-u\\\/\"]}]},{\"@type\":\"ImageObject\",\"inLanguage\":\"hr\",\"@id\":\"https:\\\/\\\/radioljubuski.ba\\\/index.php\\\/2021\\\/08\\\/17\\\/broj-umirovljenika-u-fbih-porastao-najvise-u-hbz-u\\\/#primaryimage\",\"url\":\"https:\\\/\\\/radioljubuski.ba\\\/wp-content\\\/uploads\\\/2021\\\/08\\\/5SBb4dKO_umirovljenici.jpg\",\"contentUrl\":\"https:\\\/\\\/radioljubuski.ba\\\/wp-content\\\/uploads\\\/2021\\\/08\\\/5SBb4dKO_umirovljenici.jpg\",\"width\":1000,\"height\":625},{\"@type\":\"BreadcrumbList\",\"@id\":\"https:\\\/\\\/radioljubuski.ba\\\/index.php\\\/2021\\\/08\\\/17\\\/broj-umirovljenika-u-fbih-porastao-najvise-u-hbz-u\\\/#breadcrumb\",\"itemListElement\":[{\"@type\":\"ListItem\",\"position\":1,\"name\":\"Po\u010detna stranica\",\"item\":\"https:\\\/\\\/radioljubuski.ba\\\/\"},{\"@type\":\"ListItem\",\"position\":2,\"name\":\"Broj umirovljenika u FBiH porastao, najvi\u0161e u HB\u017d-u\"}]},{\"@type\":\"WebSite\",\"@id\":\"https:\\\/\\\/radioljubuski.ba\\\/#website\",\"url\":\"https:\\\/\\\/radioljubuski.ba\\\/\",\"name\":\"Radio Ljubu\u0161ki\",\"description\":\"Sun\u010dana frekvencija Hercegovine\",\"publisher\":{\"@id\":\"https:\\\/\\\/radioljubuski.ba\\\/#organization\"},\"potentialAction\":[{\"@type\":\"SearchAction\",\"target\":{\"@type\":\"EntryPoint\",\"urlTemplate\":\"https:\\\/\\\/radioljubuski.ba\\\/?s={search_term_string}\"},\"query-input\":{\"@type\":\"PropertyValueSpecification\",\"valueRequired\":true,\"valueName\":\"search_term_string\"}}],\"inLanguage\":\"hr\"},{\"@type\":\"Organization\",\"@id\":\"https:\\\/\\\/radioljubuski.ba\\\/#organization\",\"name\":\"Radio Ljubu\u0161ki\",\"url\":\"https:\\\/\\\/radioljubuski.ba\\\/\",\"logo\":{\"@type\":\"ImageObject\",\"inLanguage\":\"hr\",\"@id\":\"https:\\\/\\\/radioljubuski.ba\\\/#\\\/schema\\\/logo\\\/image\\\/\",\"url\":\"https:\\\/\\\/radioljubuski.ba\\\/wp-content\\\/uploads\\\/2021\\\/02\\\/cropped-Radio_Ljubuski_logo1.jpg\",\"contentUrl\":\"https:\\\/\\\/radioljubuski.ba\\\/wp-content\\\/uploads\\\/2021\\\/02\\\/cropped-Radio_Ljubuski_logo1.jpg\",\"width\":512,\"height\":512,\"caption\":\"Radio Ljubu\u0161ki\"},\"image\":{\"@id\":\"https:\\\/\\\/radioljubuski.ba\\\/#\\\/schema\\\/logo\\\/image\\\/\"},\"sameAs\":[\"https:\\\/\\\/www.facebook.com\\\/Radiio-Ljubuski-1490835324566332\",\"https:\\\/\\\/x.com\\\/radioljubuski\",\"https:\\\/\\\/hr.linkedin.com\\\/company\\\/radio-ljubuski\",\"https:\\\/\\\/www.youtube.com\\\/channel\\\/UCHYaeO_n0Db3tjNGudGpXyw\"]},{\"@type\":\"Person\",\"@id\":\"https:\\\/\\\/radioljubuski.ba\\\/#\\\/schema\\\/person\\\/19fc700381a780f69665d7956c469e3b\",\"name\":\"Radio Ljubu\u0161ki\"}]}<\/script>\n<!-- \/ Yoast SEO plugin. -->","yoast_head_json":{"title":"Broj umirovljenika u FBiH porastao, najvi\u0161e u HB\u017d-u - RADIO LJUBU\u0160KI","robots":{"index":"index","follow":"follow","max-snippet":"max-snippet:-1","max-image-preview":"max-image-preview:large","max-video-preview":"max-video-preview:-1"},"canonical":"https:\/\/radioljubuski.ba\/index.php\/2021\/08\/17\/broj-umirovljenika-u-fbih-porastao-najvise-u-hbz-u\/","og_locale":"hr_HR","og_type":"article","og_title":"Broj umirovljenika u FBiH porastao, najvi\u0161e u HB\u017d-u - RADIO LJUBU\u0160KI","og_description":"Uz to \u0161to ima najvi\u0161e umirovljenika, u Sarajevskoj \u017eupaniji bilje\u017ei se i najve\u0107a prosje\u010dna mirovina na podru\u010dju Federacije BiH, \u010dija je visina 536 konvertibilnih maraka. S druge strane, najni\u017ea prosje\u010dna mirovina tijekom pro\u0161le godine zabilje\u017eena je u Unsko-sanskoj \u017eupaniji. Prosje\u010dna mirovina u ovoj \u017eupaniji iznosila je 409 konvertibilnih maraka. Prema podacima Federalnoga zavoda za mirovinsko [&hellip;]","og_url":"https:\/\/radioljubuski.ba\/index.php\/2021\/08\/17\/broj-umirovljenika-u-fbih-porastao-najvise-u-hbz-u\/","og_site_name":"RADIO LJUBU\u0160KI","article_publisher":"https:\/\/www.facebook.com\/Radiio-Ljubuski-1490835324566332","article_published_time":"2021-08-17T12:07:07+00:00","article_modified_time":"2021-08-17T12:07:08+00:00","og_image":[{"width":1000,"height":625,"url":"https:\/\/radioljubuski.ba\/wp-content\/uploads\/2021\/08\/5SBb4dKO_umirovljenici.jpg","type":"image\/jpeg"}],"author":"Radio Ljubu\u0161ki","twitter_card":"summary_large_image","twitter_creator":"@radioljubuski","twitter_site":"@radioljubuski","twitter_misc":{"Napisao\/la":"Radio Ljubu\u0161ki","Procijenjeno vrijeme \u010ditanja":"2 minute"},"schema":{"@context":"https:\/\/schema.org","@graph":[{"@type":"Article","@id":"https:\/\/radioljubuski.ba\/index.php\/2021\/08\/17\/broj-umirovljenika-u-fbih-porastao-najvise-u-hbz-u\/#article","isPartOf":{"@id":"https:\/\/radioljubuski.ba\/index.php\/2021\/08\/17\/broj-umirovljenika-u-fbih-porastao-najvise-u-hbz-u\/"},"author":{"name":"Radio Ljubu\u0161ki","@id":"https:\/\/radioljubuski.ba\/#\/schema\/person\/19fc700381a780f69665d7956c469e3b"},"headline":"Broj umirovljenika u FBiH porastao, najvi\u0161e u HB\u017d-u","datePublished":"2021-08-17T12:07:07+00:00","dateModified":"2021-08-17T12:07:08+00:00","mainEntityOfPage":{"@id":"https:\/\/radioljubuski.ba\/index.php\/2021\/08\/17\/broj-umirovljenika-u-fbih-porastao-najvise-u-hbz-u\/"},"wordCount":458,"publisher":{"@id":"https:\/\/radioljubuski.ba\/#organization"},"image":{"@id":"https:\/\/radioljubuski.ba\/index.php\/2021\/08\/17\/broj-umirovljenika-u-fbih-porastao-najvise-u-hbz-u\/#primaryimage"},"thumbnailUrl":"https:\/\/radioljubuski.ba\/wp-content\/uploads\/2021\/08\/5SBb4dKO_umirovljenici.jpg","articleSection":["BIH i regija"],"inLanguage":"hr"},{"@type":"WebPage","@id":"https:\/\/radioljubuski.ba\/index.php\/2021\/08\/17\/broj-umirovljenika-u-fbih-porastao-najvise-u-hbz-u\/","url":"https:\/\/radioljubuski.ba\/index.php\/2021\/08\/17\/broj-umirovljenika-u-fbih-porastao-najvise-u-hbz-u\/","name":"Broj umirovljenika u FBiH porastao, najvi\u0161e u HB\u017d-u - RADIO LJUBU\u0160KI","isPartOf":{"@id":"https:\/\/radioljubuski.ba\/#website"},"primaryImageOfPage":{"@id":"https:\/\/radioljubuski.ba\/index.php\/2021\/08\/17\/broj-umirovljenika-u-fbih-porastao-najvise-u-hbz-u\/#primaryimage"},"image":{"@id":"https:\/\/radioljubuski.ba\/index.php\/2021\/08\/17\/broj-umirovljenika-u-fbih-porastao-najvise-u-hbz-u\/#primaryimage"},"thumbnailUrl":"https:\/\/radioljubuski.ba\/wp-content\/uploads\/2021\/08\/5SBb4dKO_umirovljenici.jpg","datePublished":"2021-08-17T12:07:07+00:00","dateModified":"2021-08-17T12:07:08+00:00","breadcrumb":{"@id":"https:\/\/radioljubuski.ba\/index.php\/2021\/08\/17\/broj-umirovljenika-u-fbih-porastao-najvise-u-hbz-u\/#breadcrumb"},"inLanguage":"hr","potentialAction":[{"@type":"ReadAction","target":["https:\/\/radioljubuski.ba\/index.php\/2021\/08\/17\/broj-umirovljenika-u-fbih-porastao-najvise-u-hbz-u\/"]}]},{"@type":"ImageObject","inLanguage":"hr","@id":"https:\/\/radioljubuski.ba\/index.php\/2021\/08\/17\/broj-umirovljenika-u-fbih-porastao-najvise-u-hbz-u\/#primaryimage","url":"https:\/\/radioljubuski.ba\/wp-content\/uploads\/2021\/08\/5SBb4dKO_umirovljenici.jpg","contentUrl":"https:\/\/radioljubuski.ba\/wp-content\/uploads\/2021\/08\/5SBb4dKO_umirovljenici.jpg","width":1000,"height":625},{"@type":"BreadcrumbList","@id":"https:\/\/radioljubuski.ba\/index.php\/2021\/08\/17\/broj-umirovljenika-u-fbih-porastao-najvise-u-hbz-u\/#breadcrumb","itemListElement":[{"@type":"ListItem","position":1,"name":"Po\u010detna stranica","item":"https:\/\/radioljubuski.ba\/"},{"@type":"ListItem","position":2,"name":"Broj umirovljenika u FBiH porastao, najvi\u0161e u HB\u017d-u"}]},{"@type":"WebSite","@id":"https:\/\/radioljubuski.ba\/#website","url":"https:\/\/radioljubuski.ba\/","name":"Radio Ljubu\u0161ki","description":"Sun\u010dana frekvencija Hercegovine","publisher":{"@id":"https:\/\/radioljubuski.ba\/#organization"},"potentialAction":[{"@type":"SearchAction","target":{"@type":"EntryPoint","urlTemplate":"https:\/\/radioljubuski.ba\/?s={search_term_string}"},"query-input":{"@type":"PropertyValueSpecification","valueRequired":true,"valueName":"search_term_string"}}],"inLanguage":"hr"},{"@type":"Organization","@id":"https:\/\/radioljubuski.ba\/#organization","name":"Radio Ljubu\u0161ki","url":"https:\/\/radioljubuski.ba\/","logo":{"@type":"ImageObject","inLanguage":"hr","@id":"https:\/\/radioljubuski.ba\/#\/schema\/logo\/image\/","url":"https:\/\/radioljubuski.ba\/wp-content\/uploads\/2021\/02\/cropped-Radio_Ljubuski_logo1.jpg","contentUrl":"https:\/\/radioljubuski.ba\/wp-content\/uploads\/2021\/02\/cropped-Radio_Ljubuski_logo1.jpg","width":512,"height":512,"caption":"Radio Ljubu\u0161ki"},"image":{"@id":"https:\/\/radioljubuski.ba\/#\/schema\/logo\/image\/"},"sameAs":["https:\/\/www.facebook.com\/Radiio-Ljubuski-1490835324566332","https:\/\/x.com\/radioljubuski","https:\/\/hr.linkedin.com\/company\/radio-ljubuski","https:\/\/www.youtube.com\/channel\/UCHYaeO_n0Db3tjNGudGpXyw"]},{"@type":"Person","@id":"https:\/\/radioljubuski.ba\/#\/schema\/person\/19fc700381a780f69665d7956c469e3b","name":"Radio Ljubu\u0161ki"}]}},"_links":{"self":[{"href":"https:\/\/radioljubuski.ba\/index.php\/wp-json\/wp\/v2\/posts\/54216","targetHints":{"allow":["GET"]}}],"collection":[{"href":"https:\/\/radioljubuski.ba\/index.php\/wp-json\/wp\/v2\/posts"}],"about":[{"href":"https:\/\/radioljubuski.ba\/index.php\/wp-json\/wp\/v2\/types\/post"}],"author":[{"embeddable":true,"href":"https:\/\/radioljubuski.ba\/index.php\/wp-json\/wp\/v2\/users\/2"}],"replies":[{"embeddable":true,"href":"https:\/\/radioljubuski.ba\/index.php\/wp-json\/wp\/v2\/comments?post=54216"}],"version-history":[{"count":1,"href":"https:\/\/radioljubuski.ba\/index.php\/wp-json\/wp\/v2\/posts\/54216\/revisions"}],"predecessor-version":[{"id":54218,"href":"https:\/\/radioljubuski.ba\/index.php\/wp-json\/wp\/v2\/posts\/54216\/revisions\/54218"}],"wp:featuredmedia":[{"embeddable":true,"href":"https:\/\/radioljubuski.ba\/index.php\/wp-json\/wp\/v2\/media\/54217"}],"wp:attachment":[{"href":"https:\/\/radioljubuski.ba\/index.php\/wp-json\/wp\/v2\/media?parent=54216"}],"wp:term":[{"taxonomy":"category","embeddable":true,"href":"https:\/\/radioljubuski.ba\/index.php\/wp-json\/wp\/v2\/categories?post=54216"},{"taxonomy":"post_tag","embeddable":true,"href":"https:\/\/radioljubuski.ba\/index.php\/wp-json\/wp\/v2\/tags?post=54216"}],"curies":[{"name":"wp","href":"https:\/\/api.w.org\/{rel}","templated":true}]}}