{"id":54219,"date":"2021-08-17T13:08:44","date_gmt":"2021-08-17T12:08:44","guid":{"rendered":"https:\/\/radioljubuski.ba\/?p=54219"},"modified":"2021-08-17T13:08:45","modified_gmt":"2021-08-17T12:08:45","slug":"burne-reakcije-na-izjavu-stanivukovica-zabraniti-mu-ulazak-u-crnu-goru","status":"publish","type":"post","link":"https:\/\/radioljubuski.ba\/index.php\/2021\/08\/17\/burne-reakcije-na-izjavu-stanivukovica-zabraniti-mu-ulazak-u-crnu-goru\/","title":{"rendered":"Burne reakcije na izjavu Stanivukovi\u0107a: Zabraniti mu ulazak u Crnu Goru"},"content":{"rendered":"\n<p>Cjelokupna crnogorska oporba i dio vladaju\u0107ih stranaka osudili su u ponedjeljak izjavu gradona\u010delnika Banjaluke Dra\u0161ka Stanivukovi\u0107a koji je tijekom boravka u Crnoj Gori negirao crnogorsku naciju.<\/p>\n\n\n\n<p>Stanivukovi\u0107 je na jednom okupljanju istomi\u0161ljenika rekao kako smatra da su \u201eCrnogorci izmi\u0161ljena nacija\u201c, dok se video te izjave kao munja pro\u0161irio internetom.<\/p>\n\n\n\n<p>Komentiraju\u0107i to stajali\u0161te prvog \u010dovjeka Banjaluke, zastupnik \u0110ukanovi\u0107eve oporbene Demokratske partije socijalista Predrag Bo\u0161kovi\u0107 rekao je da se radi o projektu \u201csrpskog sveta\u201d u izvo\u0111enju mla\u0111ih generacija koje nisu zapamtile kako je zavr\u0161io projekt \u201cVelike Srbije\u201d jer su jo\u0161 bili u pelenama.<\/p>\n\n\n\n<p>\u201eBojim se da \u0107e tu nenau\u010denu lekciju politi\u010dki skupo platiti\u201d, ocijenio je Bo\u0161kovi\u0107, prenosi Hina.<\/p>\n\n\n\n<p>SDP-ov Ivan Vujovi\u0107 smatra da je Crna Gora pod novom vladaju\u0107om ve\u0107inom, koja je bliska Srpskoj pravoslavnoj crkvi, \u201epostala mjesto gdje orgija najve\u0107i politi\u010dki i kulturolo\u0161ki talog regije\u201c te da bi banjolu\u010dkom gradona\u010delniku &#8220;svaka normalna dr\u017eava pokazala vrata\u201d.<\/p>\n\n\n\n<p>Aleksandar Damjanovi\u0107 iz nevladine udruge Crnogorska kulturna mre\u017ea oti\u0161ao je i korak dalje i zatra\u017eio od crnogorskog MUP-a da Stanivukovi\u0107u zabrani ulazak u Crnu Goru.<\/p>\n\n\n\n<p>Nije samo oporba kritizirala stajali\u0161te prvog \u010dovjeka Banjaluke, ve\u0107 i vladaju\u0107i Demokrati, predsjednika crnogorskog parlamenta Alekse Be\u010di\u0107a, i zastupnici Ujedinjene reformske akcije (URA), potpredsjednika vlade Dritana Abazovi\u0107a.<\/p>\n\n\n\n<p>Danilo \u0160aranovi\u0107 iz Demokrata rekao je da je dosta bilo negiranja bilo koje nacije nazvav\u0161i izjavu Stanivukovi\u0107a &#8220;sramotnom&#8221;, dok je Mileta Radovanovi\u0107 iz URA rekao da su svi gosti dobrodo\u0161li u Crnu Goru, ali da je osnovna kultura da gost po\u0161tuje doma\u0107ina, odnosno zemlju u koju je do\u0161ao.<\/p>\n\n\n\n<p>Izjava gradona\u010delnika Banjaluke dolila je ulje na vatru na i onako zapaljivu atmosferu u Crnoj Gori izme\u0111u stanovnika te dr\u017eave koji se osje\u0107aju kao etni\u010dki Crnogorci i etni\u010dki Srbi, me\u0111u kojima su porasle tenzije kada je objavljeno da \u0107e novi poglavar Srpske pravoslavne crkve u Crnoj Gori Joanikije biti ustoli\u010den u crnogorskoj prijestolnici Cetinje po\u010detkom rujna.<\/p>\n\n\n\n<p>Crnogorci smatraju uvredom i provokacijom \u010dinjenicu da \u0107e poglavar SPC biti ustoli\u010den u manastiru gdje po\u010divaju mo\u0161ti Svetog Petra Cetinjskog, crnogorskog sveca iz dinastije Petrovi\u0107-Njego\u0161, pa su uz prijetnju gra\u0111anskim otporom predlo\u017eili \u010delnicima SPC-a da tu ceremoniju odr\u017ee negdje drugdje, ali ne u staroj prijestolnici Crne Gore.<\/p>\n\n\n\n<p>U crnogorskom tu\u017eiteljstvu saslu\u0161an je savjetnik za sigurnost crnogorskog predsjednika Mila \u0110ukanovi\u0107a i biv\u0161i \u0161ef crnogorske policije Veselin Veljovi\u0107 zbog kaznenog djela pozivanje na otpor, jer je u autorskom tekstu za jedan dnevni list pozvao crnogorsku policiju i vojsku da tijekom inauguracije na Cetinju odbiju poslu\u0161nost za naredbe koje su suprotne crnogorskom Ustavu.<\/p>\n\n\n\n<p>Izvor:pogled.ba<\/p>\n","protected":false},"excerpt":{"rendered":"<p>Cjelokupna crnogorska oporba i dio vladaju\u0107ih stranaka osudili su u ponedjeljak izjavu gradona\u010delnika Banjaluke Dra\u0161ka Stanivukovi\u0107a koji je tijekom boravka u Crnoj Gori negirao crnogorsku naciju. Stanivukovi\u0107 je na jednom okupljanju istomi\u0161ljenika rekao kako smatra da su \u201eCrnogorci izmi\u0161ljena nacija\u201c, dok se video te izjave kao munja pro\u0161irio internetom. Komentiraju\u0107i to stajali\u0161te prvog \u010dovjeka Banjaluke, [&hellip;]<\/p>\n","protected":false},"author":2,"featured_media":54220,"comment_status":"closed","ping_status":"closed","sticky":false,"template":"","format":"standard","meta":{"h5ap_radio_sources":[],"footnotes":""},"categories":[1],"tags":[],"class_list":["post-54219","post","type-post","status-publish","format-standard","has-post-thumbnail","hentry","category-bihiregija"],"yoast_head":"<!-- This site is optimized with the Yoast SEO plugin v27.4 - https:\/\/yoast.com\/product\/yoast-seo-wordpress\/ -->\n<title>Burne reakcije na izjavu Stanivukovi\u0107a: Zabraniti mu ulazak u Crnu Goru - RADIO LJUBU\u0160KI<\/title>\n<meta name=\"robots\" content=\"index, follow, max-snippet:-1, max-image-preview:large, max-video-preview:-1\" \/>\n<link rel=\"canonical\" href=\"https:\/\/radioljubuski.ba\/index.php\/2021\/08\/17\/burne-reakcije-na-izjavu-stanivukovica-zabraniti-mu-ulazak-u-crnu-goru\/\" \/>\n<meta property=\"og:locale\" content=\"hr_HR\" \/>\n<meta property=\"og:type\" content=\"article\" \/>\n<meta property=\"og:title\" content=\"Burne reakcije na izjavu Stanivukovi\u0107a: Zabraniti mu ulazak u Crnu Goru - RADIO LJUBU\u0160KI\" \/>\n<meta property=\"og:description\" content=\"Cjelokupna crnogorska oporba i dio vladaju\u0107ih stranaka osudili su u ponedjeljak izjavu gradona\u010delnika Banjaluke Dra\u0161ka Stanivukovi\u0107a koji je tijekom boravka u Crnoj Gori negirao crnogorsku naciju. Stanivukovi\u0107 je na jednom okupljanju istomi\u0161ljenika rekao kako smatra da su \u201eCrnogorci izmi\u0161ljena nacija\u201c, dok se video te izjave kao munja pro\u0161irio internetom. Komentiraju\u0107i to stajali\u0161te prvog \u010dovjeka Banjaluke, [&hellip;]\" \/>\n<meta property=\"og:url\" content=\"https:\/\/radioljubuski.ba\/index.php\/2021\/08\/17\/burne-reakcije-na-izjavu-stanivukovica-zabraniti-mu-ulazak-u-crnu-goru\/\" \/>\n<meta property=\"og:site_name\" content=\"RADIO LJUBU\u0160KI\" \/>\n<meta property=\"article:publisher\" content=\"https:\/\/www.facebook.com\/Radiio-Ljubuski-1490835324566332\" \/>\n<meta property=\"article:published_time\" content=\"2021-08-17T12:08:44+00:00\" \/>\n<meta property=\"article:modified_time\" content=\"2021-08-17T12:08:45+00:00\" \/>\n<meta property=\"og:image\" content=\"https:\/\/radioljubuski.ba\/wp-content\/uploads\/2021\/08\/kYylUuoq_stanivukovic.jpg\" \/>\n\t<meta property=\"og:image:width\" content=\"1000\" \/>\n\t<meta property=\"og:image:height\" content=\"625\" \/>\n\t<meta property=\"og:image:type\" content=\"image\/jpeg\" \/>\n<meta name=\"author\" content=\"Radio Ljubu\u0161ki\" \/>\n<meta name=\"twitter:card\" content=\"summary_large_image\" \/>\n<meta name=\"twitter:creator\" content=\"@radioljubuski\" \/>\n<meta name=\"twitter:site\" content=\"@radioljubuski\" \/>\n<meta name=\"twitter:label1\" content=\"Napisao\/la\" \/>\n\t<meta name=\"twitter:data1\" content=\"Radio Ljubu\u0161ki\" \/>\n\t<meta name=\"twitter:label2\" content=\"Procijenjeno vrijeme \u010ditanja\" \/>\n\t<meta name=\"twitter:data2\" content=\"2 minute\" \/>\n<script type=\"application\/ld+json\" class=\"yoast-schema-graph\">{\"@context\":\"https:\\\/\\\/schema.org\",\"@graph\":[{\"@type\":\"Article\",\"@id\":\"https:\\\/\\\/radioljubuski.ba\\\/index.php\\\/2021\\\/08\\\/17\\\/burne-reakcije-na-izjavu-stanivukovica-zabraniti-mu-ulazak-u-crnu-goru\\\/#article\",\"isPartOf\":{\"@id\":\"https:\\\/\\\/radioljubuski.ba\\\/index.php\\\/2021\\\/08\\\/17\\\/burne-reakcije-na-izjavu-stanivukovica-zabraniti-mu-ulazak-u-crnu-goru\\\/\"},\"author\":{\"name\":\"Radio Ljubu\u0161ki\",\"@id\":\"https:\\\/\\\/radioljubuski.ba\\\/#\\\/schema\\\/person\\\/19fc700381a780f69665d7956c469e3b\"},\"headline\":\"Burne reakcije na izjavu Stanivukovi\u0107a: Zabraniti mu ulazak u Crnu Goru\",\"datePublished\":\"2021-08-17T12:08:44+00:00\",\"dateModified\":\"2021-08-17T12:08:45+00:00\",\"mainEntityOfPage\":{\"@id\":\"https:\\\/\\\/radioljubuski.ba\\\/index.php\\\/2021\\\/08\\\/17\\\/burne-reakcije-na-izjavu-stanivukovica-zabraniti-mu-ulazak-u-crnu-goru\\\/\"},\"wordCount\":476,\"publisher\":{\"@id\":\"https:\\\/\\\/radioljubuski.ba\\\/#organization\"},\"image\":{\"@id\":\"https:\\\/\\\/radioljubuski.ba\\\/index.php\\\/2021\\\/08\\\/17\\\/burne-reakcije-na-izjavu-stanivukovica-zabraniti-mu-ulazak-u-crnu-goru\\\/#primaryimage\"},\"thumbnailUrl\":\"https:\\\/\\\/radioljubuski.ba\\\/wp-content\\\/uploads\\\/2021\\\/08\\\/kYylUuoq_stanivukovic.jpg\",\"articleSection\":[\"BIH i regija\"],\"inLanguage\":\"hr\"},{\"@type\":\"WebPage\",\"@id\":\"https:\\\/\\\/radioljubuski.ba\\\/index.php\\\/2021\\\/08\\\/17\\\/burne-reakcije-na-izjavu-stanivukovica-zabraniti-mu-ulazak-u-crnu-goru\\\/\",\"url\":\"https:\\\/\\\/radioljubuski.ba\\\/index.php\\\/2021\\\/08\\\/17\\\/burne-reakcije-na-izjavu-stanivukovica-zabraniti-mu-ulazak-u-crnu-goru\\\/\",\"name\":\"Burne reakcije na izjavu Stanivukovi\u0107a: Zabraniti mu ulazak u Crnu Goru - RADIO LJUBU\u0160KI\",\"isPartOf\":{\"@id\":\"https:\\\/\\\/radioljubuski.ba\\\/#website\"},\"primaryImageOfPage\":{\"@id\":\"https:\\\/\\\/radioljubuski.ba\\\/index.php\\\/2021\\\/08\\\/17\\\/burne-reakcije-na-izjavu-stanivukovica-zabraniti-mu-ulazak-u-crnu-goru\\\/#primaryimage\"},\"image\":{\"@id\":\"https:\\\/\\\/radioljubuski.ba\\\/index.php\\\/2021\\\/08\\\/17\\\/burne-reakcije-na-izjavu-stanivukovica-zabraniti-mu-ulazak-u-crnu-goru\\\/#primaryimage\"},\"thumbnailUrl\":\"https:\\\/\\\/radioljubuski.ba\\\/wp-content\\\/uploads\\\/2021\\\/08\\\/kYylUuoq_stanivukovic.jpg\",\"datePublished\":\"2021-08-17T12:08:44+00:00\",\"dateModified\":\"2021-08-17T12:08:45+00:00\",\"breadcrumb\":{\"@id\":\"https:\\\/\\\/radioljubuski.ba\\\/index.php\\\/2021\\\/08\\\/17\\\/burne-reakcije-na-izjavu-stanivukovica-zabraniti-mu-ulazak-u-crnu-goru\\\/#breadcrumb\"},\"inLanguage\":\"hr\",\"potentialAction\":[{\"@type\":\"ReadAction\",\"target\":[\"https:\\\/\\\/radioljubuski.ba\\\/index.php\\\/2021\\\/08\\\/17\\\/burne-reakcije-na-izjavu-stanivukovica-zabraniti-mu-ulazak-u-crnu-goru\\\/\"]}]},{\"@type\":\"ImageObject\",\"inLanguage\":\"hr\",\"@id\":\"https:\\\/\\\/radioljubuski.ba\\\/index.php\\\/2021\\\/08\\\/17\\\/burne-reakcije-na-izjavu-stanivukovica-zabraniti-mu-ulazak-u-crnu-goru\\\/#primaryimage\",\"url\":\"https:\\\/\\\/radioljubuski.ba\\\/wp-content\\\/uploads\\\/2021\\\/08\\\/kYylUuoq_stanivukovic.jpg\",\"contentUrl\":\"https:\\\/\\\/radioljubuski.ba\\\/wp-content\\\/uploads\\\/2021\\\/08\\\/kYylUuoq_stanivukovic.jpg\",\"width\":1000,\"height\":625},{\"@type\":\"BreadcrumbList\",\"@id\":\"https:\\\/\\\/radioljubuski.ba\\\/index.php\\\/2021\\\/08\\\/17\\\/burne-reakcije-na-izjavu-stanivukovica-zabraniti-mu-ulazak-u-crnu-goru\\\/#breadcrumb\",\"itemListElement\":[{\"@type\":\"ListItem\",\"position\":1,\"name\":\"Po\u010detna stranica\",\"item\":\"https:\\\/\\\/radioljubuski.ba\\\/\"},{\"@type\":\"ListItem\",\"position\":2,\"name\":\"Burne reakcije na izjavu Stanivukovi\u0107a: Zabraniti mu ulazak u Crnu Goru\"}]},{\"@type\":\"WebSite\",\"@id\":\"https:\\\/\\\/radioljubuski.ba\\\/#website\",\"url\":\"https:\\\/\\\/radioljubuski.ba\\\/\",\"name\":\"Radio Ljubu\u0161ki\",\"description\":\"Sun\u010dana frekvencija Hercegovine\",\"publisher\":{\"@id\":\"https:\\\/\\\/radioljubuski.ba\\\/#organization\"},\"potentialAction\":[{\"@type\":\"SearchAction\",\"target\":{\"@type\":\"EntryPoint\",\"urlTemplate\":\"https:\\\/\\\/radioljubuski.ba\\\/?s={search_term_string}\"},\"query-input\":{\"@type\":\"PropertyValueSpecification\",\"valueRequired\":true,\"valueName\":\"search_term_string\"}}],\"inLanguage\":\"hr\"},{\"@type\":\"Organization\",\"@id\":\"https:\\\/\\\/radioljubuski.ba\\\/#organization\",\"name\":\"Radio Ljubu\u0161ki\",\"url\":\"https:\\\/\\\/radioljubuski.ba\\\/\",\"logo\":{\"@type\":\"ImageObject\",\"inLanguage\":\"hr\",\"@id\":\"https:\\\/\\\/radioljubuski.ba\\\/#\\\/schema\\\/logo\\\/image\\\/\",\"url\":\"https:\\\/\\\/radioljubuski.ba\\\/wp-content\\\/uploads\\\/2021\\\/02\\\/cropped-Radio_Ljubuski_logo1.jpg\",\"contentUrl\":\"https:\\\/\\\/radioljubuski.ba\\\/wp-content\\\/uploads\\\/2021\\\/02\\\/cropped-Radio_Ljubuski_logo1.jpg\",\"width\":512,\"height\":512,\"caption\":\"Radio Ljubu\u0161ki\"},\"image\":{\"@id\":\"https:\\\/\\\/radioljubuski.ba\\\/#\\\/schema\\\/logo\\\/image\\\/\"},\"sameAs\":[\"https:\\\/\\\/www.facebook.com\\\/Radiio-Ljubuski-1490835324566332\",\"https:\\\/\\\/x.com\\\/radioljubuski\",\"https:\\\/\\\/hr.linkedin.com\\\/company\\\/radio-ljubuski\",\"https:\\\/\\\/www.youtube.com\\\/channel\\\/UCHYaeO_n0Db3tjNGudGpXyw\"]},{\"@type\":\"Person\",\"@id\":\"https:\\\/\\\/radioljubuski.ba\\\/#\\\/schema\\\/person\\\/19fc700381a780f69665d7956c469e3b\",\"name\":\"Radio Ljubu\u0161ki\"}]}<\/script>\n<!-- \/ Yoast SEO plugin. -->","yoast_head_json":{"title":"Burne reakcije na izjavu Stanivukovi\u0107a: Zabraniti mu ulazak u Crnu Goru - RADIO LJUBU\u0160KI","robots":{"index":"index","follow":"follow","max-snippet":"max-snippet:-1","max-image-preview":"max-image-preview:large","max-video-preview":"max-video-preview:-1"},"canonical":"https:\/\/radioljubuski.ba\/index.php\/2021\/08\/17\/burne-reakcije-na-izjavu-stanivukovica-zabraniti-mu-ulazak-u-crnu-goru\/","og_locale":"hr_HR","og_type":"article","og_title":"Burne reakcije na izjavu Stanivukovi\u0107a: Zabraniti mu ulazak u Crnu Goru - RADIO LJUBU\u0160KI","og_description":"Cjelokupna crnogorska oporba i dio vladaju\u0107ih stranaka osudili su u ponedjeljak izjavu gradona\u010delnika Banjaluke Dra\u0161ka Stanivukovi\u0107a koji je tijekom boravka u Crnoj Gori negirao crnogorsku naciju. Stanivukovi\u0107 je na jednom okupljanju istomi\u0161ljenika rekao kako smatra da su \u201eCrnogorci izmi\u0161ljena nacija\u201c, dok se video te izjave kao munja pro\u0161irio internetom. Komentiraju\u0107i to stajali\u0161te prvog \u010dovjeka Banjaluke, [&hellip;]","og_url":"https:\/\/radioljubuski.ba\/index.php\/2021\/08\/17\/burne-reakcije-na-izjavu-stanivukovica-zabraniti-mu-ulazak-u-crnu-goru\/","og_site_name":"RADIO LJUBU\u0160KI","article_publisher":"https:\/\/www.facebook.com\/Radiio-Ljubuski-1490835324566332","article_published_time":"2021-08-17T12:08:44+00:00","article_modified_time":"2021-08-17T12:08:45+00:00","og_image":[{"width":1000,"height":625,"url":"https:\/\/radioljubuski.ba\/wp-content\/uploads\/2021\/08\/kYylUuoq_stanivukovic.jpg","type":"image\/jpeg"}],"author":"Radio Ljubu\u0161ki","twitter_card":"summary_large_image","twitter_creator":"@radioljubuski","twitter_site":"@radioljubuski","twitter_misc":{"Napisao\/la":"Radio Ljubu\u0161ki","Procijenjeno vrijeme \u010ditanja":"2 minute"},"schema":{"@context":"https:\/\/schema.org","@graph":[{"@type":"Article","@id":"https:\/\/radioljubuski.ba\/index.php\/2021\/08\/17\/burne-reakcije-na-izjavu-stanivukovica-zabraniti-mu-ulazak-u-crnu-goru\/#article","isPartOf":{"@id":"https:\/\/radioljubuski.ba\/index.php\/2021\/08\/17\/burne-reakcije-na-izjavu-stanivukovica-zabraniti-mu-ulazak-u-crnu-goru\/"},"author":{"name":"Radio Ljubu\u0161ki","@id":"https:\/\/radioljubuski.ba\/#\/schema\/person\/19fc700381a780f69665d7956c469e3b"},"headline":"Burne reakcije na izjavu Stanivukovi\u0107a: Zabraniti mu ulazak u Crnu Goru","datePublished":"2021-08-17T12:08:44+00:00","dateModified":"2021-08-17T12:08:45+00:00","mainEntityOfPage":{"@id":"https:\/\/radioljubuski.ba\/index.php\/2021\/08\/17\/burne-reakcije-na-izjavu-stanivukovica-zabraniti-mu-ulazak-u-crnu-goru\/"},"wordCount":476,"publisher":{"@id":"https:\/\/radioljubuski.ba\/#organization"},"image":{"@id":"https:\/\/radioljubuski.ba\/index.php\/2021\/08\/17\/burne-reakcije-na-izjavu-stanivukovica-zabraniti-mu-ulazak-u-crnu-goru\/#primaryimage"},"thumbnailUrl":"https:\/\/radioljubuski.ba\/wp-content\/uploads\/2021\/08\/kYylUuoq_stanivukovic.jpg","articleSection":["BIH i regija"],"inLanguage":"hr"},{"@type":"WebPage","@id":"https:\/\/radioljubuski.ba\/index.php\/2021\/08\/17\/burne-reakcije-na-izjavu-stanivukovica-zabraniti-mu-ulazak-u-crnu-goru\/","url":"https:\/\/radioljubuski.ba\/index.php\/2021\/08\/17\/burne-reakcije-na-izjavu-stanivukovica-zabraniti-mu-ulazak-u-crnu-goru\/","name":"Burne reakcije na izjavu Stanivukovi\u0107a: Zabraniti mu ulazak u Crnu Goru - RADIO LJUBU\u0160KI","isPartOf":{"@id":"https:\/\/radioljubuski.ba\/#website"},"primaryImageOfPage":{"@id":"https:\/\/radioljubuski.ba\/index.php\/2021\/08\/17\/burne-reakcije-na-izjavu-stanivukovica-zabraniti-mu-ulazak-u-crnu-goru\/#primaryimage"},"image":{"@id":"https:\/\/radioljubuski.ba\/index.php\/2021\/08\/17\/burne-reakcije-na-izjavu-stanivukovica-zabraniti-mu-ulazak-u-crnu-goru\/#primaryimage"},"thumbnailUrl":"https:\/\/radioljubuski.ba\/wp-content\/uploads\/2021\/08\/kYylUuoq_stanivukovic.jpg","datePublished":"2021-08-17T12:08:44+00:00","dateModified":"2021-08-17T12:08:45+00:00","breadcrumb":{"@id":"https:\/\/radioljubuski.ba\/index.php\/2021\/08\/17\/burne-reakcije-na-izjavu-stanivukovica-zabraniti-mu-ulazak-u-crnu-goru\/#breadcrumb"},"inLanguage":"hr","potentialAction":[{"@type":"ReadAction","target":["https:\/\/radioljubuski.ba\/index.php\/2021\/08\/17\/burne-reakcije-na-izjavu-stanivukovica-zabraniti-mu-ulazak-u-crnu-goru\/"]}]},{"@type":"ImageObject","inLanguage":"hr","@id":"https:\/\/radioljubuski.ba\/index.php\/2021\/08\/17\/burne-reakcije-na-izjavu-stanivukovica-zabraniti-mu-ulazak-u-crnu-goru\/#primaryimage","url":"https:\/\/radioljubuski.ba\/wp-content\/uploads\/2021\/08\/kYylUuoq_stanivukovic.jpg","contentUrl":"https:\/\/radioljubuski.ba\/wp-content\/uploads\/2021\/08\/kYylUuoq_stanivukovic.jpg","width":1000,"height":625},{"@type":"BreadcrumbList","@id":"https:\/\/radioljubuski.ba\/index.php\/2021\/08\/17\/burne-reakcije-na-izjavu-stanivukovica-zabraniti-mu-ulazak-u-crnu-goru\/#breadcrumb","itemListElement":[{"@type":"ListItem","position":1,"name":"Po\u010detna stranica","item":"https:\/\/radioljubuski.ba\/"},{"@type":"ListItem","position":2,"name":"Burne reakcije na izjavu Stanivukovi\u0107a: Zabraniti mu ulazak u Crnu Goru"}]},{"@type":"WebSite","@id":"https:\/\/radioljubuski.ba\/#website","url":"https:\/\/radioljubuski.ba\/","name":"Radio Ljubu\u0161ki","description":"Sun\u010dana frekvencija Hercegovine","publisher":{"@id":"https:\/\/radioljubuski.ba\/#organization"},"potentialAction":[{"@type":"SearchAction","target":{"@type":"EntryPoint","urlTemplate":"https:\/\/radioljubuski.ba\/?s={search_term_string}"},"query-input":{"@type":"PropertyValueSpecification","valueRequired":true,"valueName":"search_term_string"}}],"inLanguage":"hr"},{"@type":"Organization","@id":"https:\/\/radioljubuski.ba\/#organization","name":"Radio Ljubu\u0161ki","url":"https:\/\/radioljubuski.ba\/","logo":{"@type":"ImageObject","inLanguage":"hr","@id":"https:\/\/radioljubuski.ba\/#\/schema\/logo\/image\/","url":"https:\/\/radioljubuski.ba\/wp-content\/uploads\/2021\/02\/cropped-Radio_Ljubuski_logo1.jpg","contentUrl":"https:\/\/radioljubuski.ba\/wp-content\/uploads\/2021\/02\/cropped-Radio_Ljubuski_logo1.jpg","width":512,"height":512,"caption":"Radio Ljubu\u0161ki"},"image":{"@id":"https:\/\/radioljubuski.ba\/#\/schema\/logo\/image\/"},"sameAs":["https:\/\/www.facebook.com\/Radiio-Ljubuski-1490835324566332","https:\/\/x.com\/radioljubuski","https:\/\/hr.linkedin.com\/company\/radio-ljubuski","https:\/\/www.youtube.com\/channel\/UCHYaeO_n0Db3tjNGudGpXyw"]},{"@type":"Person","@id":"https:\/\/radioljubuski.ba\/#\/schema\/person\/19fc700381a780f69665d7956c469e3b","name":"Radio Ljubu\u0161ki"}]}},"_links":{"self":[{"href":"https:\/\/radioljubuski.ba\/index.php\/wp-json\/wp\/v2\/posts\/54219","targetHints":{"allow":["GET"]}}],"collection":[{"href":"https:\/\/radioljubuski.ba\/index.php\/wp-json\/wp\/v2\/posts"}],"about":[{"href":"https:\/\/radioljubuski.ba\/index.php\/wp-json\/wp\/v2\/types\/post"}],"author":[{"embeddable":true,"href":"https:\/\/radioljubuski.ba\/index.php\/wp-json\/wp\/v2\/users\/2"}],"replies":[{"embeddable":true,"href":"https:\/\/radioljubuski.ba\/index.php\/wp-json\/wp\/v2\/comments?post=54219"}],"version-history":[{"count":1,"href":"https:\/\/radioljubuski.ba\/index.php\/wp-json\/wp\/v2\/posts\/54219\/revisions"}],"predecessor-version":[{"id":54221,"href":"https:\/\/radioljubuski.ba\/index.php\/wp-json\/wp\/v2\/posts\/54219\/revisions\/54221"}],"wp:featuredmedia":[{"embeddable":true,"href":"https:\/\/radioljubuski.ba\/index.php\/wp-json\/wp\/v2\/media\/54220"}],"wp:attachment":[{"href":"https:\/\/radioljubuski.ba\/index.php\/wp-json\/wp\/v2\/media?parent=54219"}],"wp:term":[{"taxonomy":"category","embeddable":true,"href":"https:\/\/radioljubuski.ba\/index.php\/wp-json\/wp\/v2\/categories?post=54219"},{"taxonomy":"post_tag","embeddable":true,"href":"https:\/\/radioljubuski.ba\/index.php\/wp-json\/wp\/v2\/tags?post=54219"}],"curies":[{"name":"wp","href":"https:\/\/api.w.org\/{rel}","templated":true}]}}