{"id":54229,"date":"2021-08-17T13:14:01","date_gmt":"2021-08-17T12:14:01","guid":{"rendered":"https:\/\/radioljubuski.ba\/?p=54229"},"modified":"2021-08-17T13:14:03","modified_gmt":"2021-08-17T12:14:03","slug":"zatvoreno-u-programu-domacih-autora-mff-a","status":"publish","type":"post","link":"https:\/\/radioljubuski.ba\/index.php\/2021\/08\/17\/zatvoreno-u-programu-domacih-autora-mff-a\/","title":{"rendered":"&#8216;Zatvoreno&#8217; u programu Doma\u0107ih autora MFF-a"},"content":{"rendered":"\n<p>Kratki dokumentarac &#8216;Zatvoreno&#8217;, redatelja Tomislava Bubala i Zdenka Jurilja, Mediteran Film Festival (MFF) prikazat \u0107e u programu \u2018Doma\u0107i autori\u2019.<\/p>\n\n\n\n<p>Film je snimljen u Hercegovini, a prikazuje vrijeme od prvog do posljednjeg vala koronavirusa, kada je virus ovu regiju, kao i ostale dijelove svijeta, zatvorio, priop\u0107ili su organizatori MFF-a.<\/p>\n\n\n\n<p>&#8220;Do\u0161ao je o\u017eujak, a s njim su do\u0161le ptice, sunce, prve latice cvije\u0107a, pupoljci drveta\u2026 No, s ulica i trgova nestali su ljudi. Preko no\u0107i su ostale prazne kavane, trgovine, shopping centri, crkve, d\u017eamije, u\u010dionice, kolodvori, pruge, ceste&#8230; Zavladali su muk i ti\u0161ina koju ponekad razbije pjev ptica, lave\u017e pasa, zujanje muha i zvuk kola hitne pomo\u0107i!&#8221;, stoji u sinopsisu.<\/p>\n\n\n\n<p>Film je ra\u0111en u produkciji \u0161irokobrije\u0161ke ku\u0107e Kadar, a premijerno \u0107e biti prikazan na ovogodi\u0161njem Sarajevo Film Festivalu u programu BH FILM.<\/p>\n\n\n\n<p>Podsje\u0107amo, 22. Mediteran Film Festival, \u010diji je generalni pokrovitelj HT Eronet, bit \u0107e odr\u017ean od 25. do 28. kolovoza u \u0160irokom Brijegu.<\/p>\n\n\n\n<p>Izvor:pogled.ba<\/p>\n","protected":false},"excerpt":{"rendered":"<p>Kratki dokumentarac &#8216;Zatvoreno&#8217;, redatelja Tomislava Bubala i Zdenka Jurilja, Mediteran Film Festival (MFF) prikazat \u0107e u programu \u2018Doma\u0107i autori\u2019. Film je snimljen u Hercegovini, a prikazuje vrijeme od prvog do posljednjeg vala koronavirusa, kada je virus ovu regiju, kao i ostale dijelove svijeta, zatvorio, priop\u0107ili su organizatori MFF-a. &#8220;Do\u0161ao je o\u017eujak, a s njim su [&hellip;]<\/p>\n","protected":false},"author":2,"featured_media":54230,"comment_status":"closed","ping_status":"closed","sticky":false,"template":"","format":"standard","meta":{"h5ap_radio_sources":[],"footnotes":""},"categories":[1],"tags":[],"class_list":["post-54229","post","type-post","status-publish","format-standard","has-post-thumbnail","hentry","category-bihiregija"],"yoast_head":"<!-- This site is optimized with the Yoast SEO plugin v27.4 - https:\/\/yoast.com\/product\/yoast-seo-wordpress\/ -->\n<title>&#039;Zatvoreno&#039; u programu Doma\u0107ih autora MFF-a - RADIO LJUBU\u0160KI<\/title>\n<meta name=\"robots\" content=\"index, follow, max-snippet:-1, max-image-preview:large, max-video-preview:-1\" \/>\n<link rel=\"canonical\" href=\"https:\/\/radioljubuski.ba\/index.php\/2021\/08\/17\/zatvoreno-u-programu-domacih-autora-mff-a\/\" \/>\n<meta property=\"og:locale\" content=\"hr_HR\" \/>\n<meta property=\"og:type\" content=\"article\" \/>\n<meta property=\"og:title\" content=\"&#039;Zatvoreno&#039; u programu Doma\u0107ih autora MFF-a - RADIO LJUBU\u0160KI\" \/>\n<meta property=\"og:description\" content=\"Kratki dokumentarac &#8216;Zatvoreno&#8217;, redatelja Tomislava Bubala i Zdenka Jurilja, Mediteran Film Festival (MFF) prikazat \u0107e u programu \u2018Doma\u0107i autori\u2019. Film je snimljen u Hercegovini, a prikazuje vrijeme od prvog do posljednjeg vala koronavirusa, kada je virus ovu regiju, kao i ostale dijelove svijeta, zatvorio, priop\u0107ili su organizatori MFF-a. &#8220;Do\u0161ao je o\u017eujak, a s njim su [&hellip;]\" \/>\n<meta property=\"og:url\" content=\"https:\/\/radioljubuski.ba\/index.php\/2021\/08\/17\/zatvoreno-u-programu-domacih-autora-mff-a\/\" \/>\n<meta property=\"og:site_name\" content=\"RADIO LJUBU\u0160KI\" \/>\n<meta property=\"article:publisher\" content=\"https:\/\/www.facebook.com\/Radiio-Ljubuski-1490835324566332\" \/>\n<meta property=\"article:published_time\" content=\"2021-08-17T12:14:01+00:00\" \/>\n<meta property=\"article:modified_time\" content=\"2021-08-17T12:14:03+00:00\" \/>\n<meta property=\"og:image\" content=\"https:\/\/radioljubuski.ba\/wp-content\/uploads\/2021\/08\/2-2021-08-17-12-38-55-Film-Zatvoreno.jpg\" \/>\n\t<meta property=\"og:image:width\" content=\"1000\" \/>\n\t<meta property=\"og:image:height\" content=\"625\" \/>\n\t<meta property=\"og:image:type\" content=\"image\/jpeg\" \/>\n<meta name=\"author\" content=\"Radio Ljubu\u0161ki\" \/>\n<meta name=\"twitter:card\" content=\"summary_large_image\" \/>\n<meta name=\"twitter:creator\" content=\"@radioljubuski\" \/>\n<meta name=\"twitter:site\" content=\"@radioljubuski\" \/>\n<meta name=\"twitter:label1\" content=\"Napisao\/la\" \/>\n\t<meta name=\"twitter:data1\" content=\"Radio Ljubu\u0161ki\" \/>\n\t<meta name=\"twitter:label2\" content=\"Procijenjeno vrijeme \u010ditanja\" \/>\n\t<meta name=\"twitter:data2\" content=\"1 minuta\" \/>\n<script type=\"application\/ld+json\" class=\"yoast-schema-graph\">{\"@context\":\"https:\\\/\\\/schema.org\",\"@graph\":[{\"@type\":\"Article\",\"@id\":\"https:\\\/\\\/radioljubuski.ba\\\/index.php\\\/2021\\\/08\\\/17\\\/zatvoreno-u-programu-domacih-autora-mff-a\\\/#article\",\"isPartOf\":{\"@id\":\"https:\\\/\\\/radioljubuski.ba\\\/index.php\\\/2021\\\/08\\\/17\\\/zatvoreno-u-programu-domacih-autora-mff-a\\\/\"},\"author\":{\"name\":\"Radio Ljubu\u0161ki\",\"@id\":\"https:\\\/\\\/radioljubuski.ba\\\/#\\\/schema\\\/person\\\/19fc700381a780f69665d7956c469e3b\"},\"headline\":\"&#8216;Zatvoreno&#8217; u programu Doma\u0107ih autora MFF-a\",\"datePublished\":\"2021-08-17T12:14:01+00:00\",\"dateModified\":\"2021-08-17T12:14:03+00:00\",\"mainEntityOfPage\":{\"@id\":\"https:\\\/\\\/radioljubuski.ba\\\/index.php\\\/2021\\\/08\\\/17\\\/zatvoreno-u-programu-domacih-autora-mff-a\\\/\"},\"wordCount\":176,\"publisher\":{\"@id\":\"https:\\\/\\\/radioljubuski.ba\\\/#organization\"},\"image\":{\"@id\":\"https:\\\/\\\/radioljubuski.ba\\\/index.php\\\/2021\\\/08\\\/17\\\/zatvoreno-u-programu-domacih-autora-mff-a\\\/#primaryimage\"},\"thumbnailUrl\":\"https:\\\/\\\/radioljubuski.ba\\\/wp-content\\\/uploads\\\/2021\\\/08\\\/2-2021-08-17-12-38-55-Film-Zatvoreno.jpg\",\"articleSection\":[\"BIH i regija\"],\"inLanguage\":\"hr\"},{\"@type\":\"WebPage\",\"@id\":\"https:\\\/\\\/radioljubuski.ba\\\/index.php\\\/2021\\\/08\\\/17\\\/zatvoreno-u-programu-domacih-autora-mff-a\\\/\",\"url\":\"https:\\\/\\\/radioljubuski.ba\\\/index.php\\\/2021\\\/08\\\/17\\\/zatvoreno-u-programu-domacih-autora-mff-a\\\/\",\"name\":\"'Zatvoreno' u programu Doma\u0107ih autora MFF-a - RADIO LJUBU\u0160KI\",\"isPartOf\":{\"@id\":\"https:\\\/\\\/radioljubuski.ba\\\/#website\"},\"primaryImageOfPage\":{\"@id\":\"https:\\\/\\\/radioljubuski.ba\\\/index.php\\\/2021\\\/08\\\/17\\\/zatvoreno-u-programu-domacih-autora-mff-a\\\/#primaryimage\"},\"image\":{\"@id\":\"https:\\\/\\\/radioljubuski.ba\\\/index.php\\\/2021\\\/08\\\/17\\\/zatvoreno-u-programu-domacih-autora-mff-a\\\/#primaryimage\"},\"thumbnailUrl\":\"https:\\\/\\\/radioljubuski.ba\\\/wp-content\\\/uploads\\\/2021\\\/08\\\/2-2021-08-17-12-38-55-Film-Zatvoreno.jpg\",\"datePublished\":\"2021-08-17T12:14:01+00:00\",\"dateModified\":\"2021-08-17T12:14:03+00:00\",\"breadcrumb\":{\"@id\":\"https:\\\/\\\/radioljubuski.ba\\\/index.php\\\/2021\\\/08\\\/17\\\/zatvoreno-u-programu-domacih-autora-mff-a\\\/#breadcrumb\"},\"inLanguage\":\"hr\",\"potentialAction\":[{\"@type\":\"ReadAction\",\"target\":[\"https:\\\/\\\/radioljubuski.ba\\\/index.php\\\/2021\\\/08\\\/17\\\/zatvoreno-u-programu-domacih-autora-mff-a\\\/\"]}]},{\"@type\":\"ImageObject\",\"inLanguage\":\"hr\",\"@id\":\"https:\\\/\\\/radioljubuski.ba\\\/index.php\\\/2021\\\/08\\\/17\\\/zatvoreno-u-programu-domacih-autora-mff-a\\\/#primaryimage\",\"url\":\"https:\\\/\\\/radioljubuski.ba\\\/wp-content\\\/uploads\\\/2021\\\/08\\\/2-2021-08-17-12-38-55-Film-Zatvoreno.jpg\",\"contentUrl\":\"https:\\\/\\\/radioljubuski.ba\\\/wp-content\\\/uploads\\\/2021\\\/08\\\/2-2021-08-17-12-38-55-Film-Zatvoreno.jpg\",\"width\":1000,\"height\":625},{\"@type\":\"BreadcrumbList\",\"@id\":\"https:\\\/\\\/radioljubuski.ba\\\/index.php\\\/2021\\\/08\\\/17\\\/zatvoreno-u-programu-domacih-autora-mff-a\\\/#breadcrumb\",\"itemListElement\":[{\"@type\":\"ListItem\",\"position\":1,\"name\":\"Po\u010detna stranica\",\"item\":\"https:\\\/\\\/radioljubuski.ba\\\/\"},{\"@type\":\"ListItem\",\"position\":2,\"name\":\"&#8216;Zatvoreno&#8217; u programu Doma\u0107ih autora MFF-a\"}]},{\"@type\":\"WebSite\",\"@id\":\"https:\\\/\\\/radioljubuski.ba\\\/#website\",\"url\":\"https:\\\/\\\/radioljubuski.ba\\\/\",\"name\":\"Radio Ljubu\u0161ki\",\"description\":\"Sun\u010dana frekvencija Hercegovine\",\"publisher\":{\"@id\":\"https:\\\/\\\/radioljubuski.ba\\\/#organization\"},\"potentialAction\":[{\"@type\":\"SearchAction\",\"target\":{\"@type\":\"EntryPoint\",\"urlTemplate\":\"https:\\\/\\\/radioljubuski.ba\\\/?s={search_term_string}\"},\"query-input\":{\"@type\":\"PropertyValueSpecification\",\"valueRequired\":true,\"valueName\":\"search_term_string\"}}],\"inLanguage\":\"hr\"},{\"@type\":\"Organization\",\"@id\":\"https:\\\/\\\/radioljubuski.ba\\\/#organization\",\"name\":\"Radio Ljubu\u0161ki\",\"url\":\"https:\\\/\\\/radioljubuski.ba\\\/\",\"logo\":{\"@type\":\"ImageObject\",\"inLanguage\":\"hr\",\"@id\":\"https:\\\/\\\/radioljubuski.ba\\\/#\\\/schema\\\/logo\\\/image\\\/\",\"url\":\"https:\\\/\\\/radioljubuski.ba\\\/wp-content\\\/uploads\\\/2021\\\/02\\\/cropped-Radio_Ljubuski_logo1.jpg\",\"contentUrl\":\"https:\\\/\\\/radioljubuski.ba\\\/wp-content\\\/uploads\\\/2021\\\/02\\\/cropped-Radio_Ljubuski_logo1.jpg\",\"width\":512,\"height\":512,\"caption\":\"Radio Ljubu\u0161ki\"},\"image\":{\"@id\":\"https:\\\/\\\/radioljubuski.ba\\\/#\\\/schema\\\/logo\\\/image\\\/\"},\"sameAs\":[\"https:\\\/\\\/www.facebook.com\\\/Radiio-Ljubuski-1490835324566332\",\"https:\\\/\\\/x.com\\\/radioljubuski\",\"https:\\\/\\\/hr.linkedin.com\\\/company\\\/radio-ljubuski\",\"https:\\\/\\\/www.youtube.com\\\/channel\\\/UCHYaeO_n0Db3tjNGudGpXyw\"]},{\"@type\":\"Person\",\"@id\":\"https:\\\/\\\/radioljubuski.ba\\\/#\\\/schema\\\/person\\\/19fc700381a780f69665d7956c469e3b\",\"name\":\"Radio Ljubu\u0161ki\"}]}<\/script>\n<!-- \/ Yoast SEO plugin. -->","yoast_head_json":{"title":"'Zatvoreno' u programu Doma\u0107ih autora MFF-a - RADIO LJUBU\u0160KI","robots":{"index":"index","follow":"follow","max-snippet":"max-snippet:-1","max-image-preview":"max-image-preview:large","max-video-preview":"max-video-preview:-1"},"canonical":"https:\/\/radioljubuski.ba\/index.php\/2021\/08\/17\/zatvoreno-u-programu-domacih-autora-mff-a\/","og_locale":"hr_HR","og_type":"article","og_title":"'Zatvoreno' u programu Doma\u0107ih autora MFF-a - RADIO LJUBU\u0160KI","og_description":"Kratki dokumentarac &#8216;Zatvoreno&#8217;, redatelja Tomislava Bubala i Zdenka Jurilja, Mediteran Film Festival (MFF) prikazat \u0107e u programu \u2018Doma\u0107i autori\u2019. Film je snimljen u Hercegovini, a prikazuje vrijeme od prvog do posljednjeg vala koronavirusa, kada je virus ovu regiju, kao i ostale dijelove svijeta, zatvorio, priop\u0107ili su organizatori MFF-a. &#8220;Do\u0161ao je o\u017eujak, a s njim su [&hellip;]","og_url":"https:\/\/radioljubuski.ba\/index.php\/2021\/08\/17\/zatvoreno-u-programu-domacih-autora-mff-a\/","og_site_name":"RADIO LJUBU\u0160KI","article_publisher":"https:\/\/www.facebook.com\/Radiio-Ljubuski-1490835324566332","article_published_time":"2021-08-17T12:14:01+00:00","article_modified_time":"2021-08-17T12:14:03+00:00","og_image":[{"width":1000,"height":625,"url":"https:\/\/radioljubuski.ba\/wp-content\/uploads\/2021\/08\/2-2021-08-17-12-38-55-Film-Zatvoreno.jpg","type":"image\/jpeg"}],"author":"Radio Ljubu\u0161ki","twitter_card":"summary_large_image","twitter_creator":"@radioljubuski","twitter_site":"@radioljubuski","twitter_misc":{"Napisao\/la":"Radio Ljubu\u0161ki","Procijenjeno vrijeme \u010ditanja":"1 minuta"},"schema":{"@context":"https:\/\/schema.org","@graph":[{"@type":"Article","@id":"https:\/\/radioljubuski.ba\/index.php\/2021\/08\/17\/zatvoreno-u-programu-domacih-autora-mff-a\/#article","isPartOf":{"@id":"https:\/\/radioljubuski.ba\/index.php\/2021\/08\/17\/zatvoreno-u-programu-domacih-autora-mff-a\/"},"author":{"name":"Radio Ljubu\u0161ki","@id":"https:\/\/radioljubuski.ba\/#\/schema\/person\/19fc700381a780f69665d7956c469e3b"},"headline":"&#8216;Zatvoreno&#8217; u programu Doma\u0107ih autora MFF-a","datePublished":"2021-08-17T12:14:01+00:00","dateModified":"2021-08-17T12:14:03+00:00","mainEntityOfPage":{"@id":"https:\/\/radioljubuski.ba\/index.php\/2021\/08\/17\/zatvoreno-u-programu-domacih-autora-mff-a\/"},"wordCount":176,"publisher":{"@id":"https:\/\/radioljubuski.ba\/#organization"},"image":{"@id":"https:\/\/radioljubuski.ba\/index.php\/2021\/08\/17\/zatvoreno-u-programu-domacih-autora-mff-a\/#primaryimage"},"thumbnailUrl":"https:\/\/radioljubuski.ba\/wp-content\/uploads\/2021\/08\/2-2021-08-17-12-38-55-Film-Zatvoreno.jpg","articleSection":["BIH i regija"],"inLanguage":"hr"},{"@type":"WebPage","@id":"https:\/\/radioljubuski.ba\/index.php\/2021\/08\/17\/zatvoreno-u-programu-domacih-autora-mff-a\/","url":"https:\/\/radioljubuski.ba\/index.php\/2021\/08\/17\/zatvoreno-u-programu-domacih-autora-mff-a\/","name":"'Zatvoreno' u programu Doma\u0107ih autora MFF-a - RADIO LJUBU\u0160KI","isPartOf":{"@id":"https:\/\/radioljubuski.ba\/#website"},"primaryImageOfPage":{"@id":"https:\/\/radioljubuski.ba\/index.php\/2021\/08\/17\/zatvoreno-u-programu-domacih-autora-mff-a\/#primaryimage"},"image":{"@id":"https:\/\/radioljubuski.ba\/index.php\/2021\/08\/17\/zatvoreno-u-programu-domacih-autora-mff-a\/#primaryimage"},"thumbnailUrl":"https:\/\/radioljubuski.ba\/wp-content\/uploads\/2021\/08\/2-2021-08-17-12-38-55-Film-Zatvoreno.jpg","datePublished":"2021-08-17T12:14:01+00:00","dateModified":"2021-08-17T12:14:03+00:00","breadcrumb":{"@id":"https:\/\/radioljubuski.ba\/index.php\/2021\/08\/17\/zatvoreno-u-programu-domacih-autora-mff-a\/#breadcrumb"},"inLanguage":"hr","potentialAction":[{"@type":"ReadAction","target":["https:\/\/radioljubuski.ba\/index.php\/2021\/08\/17\/zatvoreno-u-programu-domacih-autora-mff-a\/"]}]},{"@type":"ImageObject","inLanguage":"hr","@id":"https:\/\/radioljubuski.ba\/index.php\/2021\/08\/17\/zatvoreno-u-programu-domacih-autora-mff-a\/#primaryimage","url":"https:\/\/radioljubuski.ba\/wp-content\/uploads\/2021\/08\/2-2021-08-17-12-38-55-Film-Zatvoreno.jpg","contentUrl":"https:\/\/radioljubuski.ba\/wp-content\/uploads\/2021\/08\/2-2021-08-17-12-38-55-Film-Zatvoreno.jpg","width":1000,"height":625},{"@type":"BreadcrumbList","@id":"https:\/\/radioljubuski.ba\/index.php\/2021\/08\/17\/zatvoreno-u-programu-domacih-autora-mff-a\/#breadcrumb","itemListElement":[{"@type":"ListItem","position":1,"name":"Po\u010detna stranica","item":"https:\/\/radioljubuski.ba\/"},{"@type":"ListItem","position":2,"name":"&#8216;Zatvoreno&#8217; u programu Doma\u0107ih autora MFF-a"}]},{"@type":"WebSite","@id":"https:\/\/radioljubuski.ba\/#website","url":"https:\/\/radioljubuski.ba\/","name":"Radio Ljubu\u0161ki","description":"Sun\u010dana frekvencija Hercegovine","publisher":{"@id":"https:\/\/radioljubuski.ba\/#organization"},"potentialAction":[{"@type":"SearchAction","target":{"@type":"EntryPoint","urlTemplate":"https:\/\/radioljubuski.ba\/?s={search_term_string}"},"query-input":{"@type":"PropertyValueSpecification","valueRequired":true,"valueName":"search_term_string"}}],"inLanguage":"hr"},{"@type":"Organization","@id":"https:\/\/radioljubuski.ba\/#organization","name":"Radio Ljubu\u0161ki","url":"https:\/\/radioljubuski.ba\/","logo":{"@type":"ImageObject","inLanguage":"hr","@id":"https:\/\/radioljubuski.ba\/#\/schema\/logo\/image\/","url":"https:\/\/radioljubuski.ba\/wp-content\/uploads\/2021\/02\/cropped-Radio_Ljubuski_logo1.jpg","contentUrl":"https:\/\/radioljubuski.ba\/wp-content\/uploads\/2021\/02\/cropped-Radio_Ljubuski_logo1.jpg","width":512,"height":512,"caption":"Radio Ljubu\u0161ki"},"image":{"@id":"https:\/\/radioljubuski.ba\/#\/schema\/logo\/image\/"},"sameAs":["https:\/\/www.facebook.com\/Radiio-Ljubuski-1490835324566332","https:\/\/x.com\/radioljubuski","https:\/\/hr.linkedin.com\/company\/radio-ljubuski","https:\/\/www.youtube.com\/channel\/UCHYaeO_n0Db3tjNGudGpXyw"]},{"@type":"Person","@id":"https:\/\/radioljubuski.ba\/#\/schema\/person\/19fc700381a780f69665d7956c469e3b","name":"Radio Ljubu\u0161ki"}]}},"_links":{"self":[{"href":"https:\/\/radioljubuski.ba\/index.php\/wp-json\/wp\/v2\/posts\/54229","targetHints":{"allow":["GET"]}}],"collection":[{"href":"https:\/\/radioljubuski.ba\/index.php\/wp-json\/wp\/v2\/posts"}],"about":[{"href":"https:\/\/radioljubuski.ba\/index.php\/wp-json\/wp\/v2\/types\/post"}],"author":[{"embeddable":true,"href":"https:\/\/radioljubuski.ba\/index.php\/wp-json\/wp\/v2\/users\/2"}],"replies":[{"embeddable":true,"href":"https:\/\/radioljubuski.ba\/index.php\/wp-json\/wp\/v2\/comments?post=54229"}],"version-history":[{"count":1,"href":"https:\/\/radioljubuski.ba\/index.php\/wp-json\/wp\/v2\/posts\/54229\/revisions"}],"predecessor-version":[{"id":54231,"href":"https:\/\/radioljubuski.ba\/index.php\/wp-json\/wp\/v2\/posts\/54229\/revisions\/54231"}],"wp:featuredmedia":[{"embeddable":true,"href":"https:\/\/radioljubuski.ba\/index.php\/wp-json\/wp\/v2\/media\/54230"}],"wp:attachment":[{"href":"https:\/\/radioljubuski.ba\/index.php\/wp-json\/wp\/v2\/media?parent=54229"}],"wp:term":[{"taxonomy":"category","embeddable":true,"href":"https:\/\/radioljubuski.ba\/index.php\/wp-json\/wp\/v2\/categories?post=54229"},{"taxonomy":"post_tag","embeddable":true,"href":"https:\/\/radioljubuski.ba\/index.php\/wp-json\/wp\/v2\/tags?post=54229"}],"curies":[{"name":"wp","href":"https:\/\/api.w.org\/{rel}","templated":true}]}}