{"id":54284,"date":"2021-08-17T20:01:15","date_gmt":"2021-08-17T19:01:15","guid":{"rendered":"https:\/\/radioljubuski.ba\/?p=54284"},"modified":"2021-08-17T20:01:16","modified_gmt":"2021-08-17T19:01:16","slug":"kisa-popravila-stanje-na-pozaristu-u-jablanici-i-dalje-gori-u-mostaru-i-stocu","status":"publish","type":"post","link":"https:\/\/radioljubuski.ba\/index.php\/2021\/08\/17\/kisa-popravila-stanje-na-pozaristu-u-jablanici-i-dalje-gori-u-mostaru-i-stocu\/","title":{"rendered":"Ki\u0161a popravila stanje na po\u017eari\u0161tu u Jablanici, i dalje gori u Mostaru i Stocu"},"content":{"rendered":"\n<p>Na podru\u010dju Hercegova\u010dko-neretvanske \u017eupanije i dalje su aktivni po\u017eari na podru\u010dju Mostara i Stoca, a situaciju na po\u017eari\u0161tu u Jablanici dobrim dijelom je popravio jak ki\u0161ni pljusak.<\/p>\n\n\n\n<p>Po\u017ear na \u0110ubranima u Mostaru i dalje je aktivan, ali je pod kontrolom. Nema ugro\u017eenog stanovni\u0161tva, stambenih i drugih objekata. Od 12:15 sati izbio je novi po\u017ear pored puta za Ra\u0161ku Goru na dvije lokacije. Po\u017ear gasi dovoljan broj gasitelja i ne dozvoljavaju nekontrolirano \u0161irenje vatre. Po\u017ear na lokalitetu Malog polja- Kvanj stavljen je pod kontrolu.<\/p>\n\n\n\n<iframe loading=\"lazy\" src=\"https:\/\/www.facebook.com\/plugins\/post.php?href=https%3A%2F%2Fwww.facebook.com%2F1235234459892159%2Fphotos%2Fa.1236170739798531%2F4491693807579525%2F%3Ftype%3D3&#038;show_text=true&#038;width=500\" width=\"500\" height=\"497\" style=\"border:none;overflow:hidden\" scrolling=\"no\" frameborder=\"0\" allowfullscreen=\"true\" allow=\"autoplay; clipboard-write; encrypted-media; picture-in-picture; web-share\"><\/iframe>\n\n\n\n<p>Nakon protekle no\u0107i u kojoj je na po\u017eari\u0161tu Donja Jablanica do\u0161lo do brzog \u0161irenja po\u017eara, i aktivnog djelovanja vatrogasaca, pripadnika DVD Jablanica, GSS Jablanica, lovaca, planinara, volontera i drugih gra\u0111ana Jablanice i \u0161ire, u jutarnjim satima po\u017earna linija oko Donje Jablanice bila je pomognuta jakim ju\u017enim vjetrom i prijetila da dodatno ugrozi naselje Donja Jablanica.<\/p>\n\n\n\n<p>Proteklu no\u0107 gasitelji su uspjeli da stave pod kontrolu \u0161irenja po\u017eara prema lova\u010dkoj kolibi i njegov prelazak u dubinu povr\u0161ine direktno iznad naselja Donja Jablanica. U jutarnjim satima ponovo je uspostavljena podr\u0161ka vatrogascima sa preko 50 volontera i ostalih dobrovoljaca, a od 13 sati na po\u017eari\u0161tu je djelovao i helikopter iz Helikopterskog servisa Republike Srpske. Izvr\u0161eno je 10 izba\u010daja vode na po\u017eari\u0161te. Izba\u010daji su bili precizni, me\u0111utim opo\u017earena povr\u0161ina je bila ogromna. Helikopteri su nakon toga napravili pauzu za uzimanje goriva.<\/p>\n\n\n\n<p>U me\u0111uvremenu, na tom podru\u010dju zabilje\u017een jak ki\u0161ni pljusak, koji je dobrim djelom popravio situaciju na po\u017eari\u0161tu. I pored ki\u0161e koja je pala na cijelom po\u017eari\u0161tu i narednih dana se o\u010dekuje ponovno bu\u0111enje pojedinih po\u017earnih \u010dvori\u0161ta, te je potreban stalni nadzor, pra\u0107enje i eventualno djelovanje u svim situacijama gdje to budu dozvoljavale prilike.<\/p>\n\n\n\n<p>&nbsp;Sanje na po\u017eari\u0161tima u op\u0107ini Stolac je bez promjena. I dalje su aktivni po\u017eari na podru\u010dju Stupi\u0161ta i Derana, kao i na lokalitetu Dolovi. Gori trava,visoko i nisko raslinje, na nepristupa\u010dnom terenu. Po\u017ear za sada ne prijeti stanovni\u0161tvu i stambenim i drugim objektima. Na terenu su pripadnici DVD Stolac i lokalno stanovni\u0161tvo, priop\u0107io je Federalni operativni centar.&nbsp;<\/p>\n\n\n\n<p>Izvor:pogled.ba<\/p>\n","protected":false},"excerpt":{"rendered":"<p>Na podru\u010dju Hercegova\u010dko-neretvanske \u017eupanije i dalje su aktivni po\u017eari na podru\u010dju Mostara i Stoca, a situaciju na po\u017eari\u0161tu u Jablanici dobrim dijelom je popravio jak ki\u0161ni pljusak. Po\u017ear na \u0110ubranima u Mostaru i dalje je aktivan, ali je pod kontrolom. Nema ugro\u017eenog stanovni\u0161tva, stambenih i drugih objekata. Od 12:15 sati izbio je novi po\u017ear pored [&hellip;]<\/p>\n","protected":false},"author":2,"featured_media":54286,"comment_status":"closed","ping_status":"closed","sticky":false,"template":"","format":"standard","meta":{"h5ap_radio_sources":[],"footnotes":""},"categories":[1],"tags":[],"class_list":["post-54284","post","type-post","status-publish","format-standard","has-post-thumbnail","hentry","category-bihiregija"],"yoast_head":"<!-- This site is optimized with the Yoast SEO plugin v27.4 - https:\/\/yoast.com\/product\/yoast-seo-wordpress\/ -->\n<title>Ki\u0161a popravila stanje na po\u017eari\u0161tu u Jablanici, i dalje gori u Mostaru i Stocu - RADIO LJUBU\u0160KI<\/title>\n<meta name=\"robots\" content=\"index, follow, max-snippet:-1, max-image-preview:large, max-video-preview:-1\" \/>\n<link rel=\"canonical\" href=\"https:\/\/radioljubuski.ba\/index.php\/2021\/08\/17\/kisa-popravila-stanje-na-pozaristu-u-jablanici-i-dalje-gori-u-mostaru-i-stocu\/\" \/>\n<meta property=\"og:locale\" content=\"hr_HR\" \/>\n<meta property=\"og:type\" content=\"article\" \/>\n<meta property=\"og:title\" content=\"Ki\u0161a popravila stanje na po\u017eari\u0161tu u Jablanici, i dalje gori u Mostaru i Stocu - RADIO LJUBU\u0160KI\" \/>\n<meta property=\"og:description\" content=\"Na podru\u010dju Hercegova\u010dko-neretvanske \u017eupanije i dalje su aktivni po\u017eari na podru\u010dju Mostara i Stoca, a situaciju na po\u017eari\u0161tu u Jablanici dobrim dijelom je popravio jak ki\u0161ni pljusak. Po\u017ear na \u0110ubranima u Mostaru i dalje je aktivan, ali je pod kontrolom. Nema ugro\u017eenog stanovni\u0161tva, stambenih i drugih objekata. Od 12:15 sati izbio je novi po\u017ear pored [&hellip;]\" \/>\n<meta property=\"og:url\" content=\"https:\/\/radioljubuski.ba\/index.php\/2021\/08\/17\/kisa-popravila-stanje-na-pozaristu-u-jablanici-i-dalje-gori-u-mostaru-i-stocu\/\" \/>\n<meta property=\"og:site_name\" content=\"RADIO LJUBU\u0160KI\" \/>\n<meta property=\"article:publisher\" content=\"https:\/\/www.facebook.com\/Radiio-Ljubuski-1490835324566332\" \/>\n<meta property=\"article:published_time\" content=\"2021-08-17T19:01:15+00:00\" \/>\n<meta property=\"article:modified_time\" content=\"2021-08-17T19:01:16+00:00\" \/>\n<meta property=\"og:image\" content=\"https:\/\/radioljubuski.ba\/wp-content\/uploads\/2021\/08\/8-2021-08-17-20-05-38-rosko-polje.jpg\" \/>\n\t<meta property=\"og:image:width\" content=\"1000\" \/>\n\t<meta property=\"og:image:height\" content=\"625\" \/>\n\t<meta property=\"og:image:type\" content=\"image\/jpeg\" \/>\n<meta name=\"author\" content=\"Radio Ljubu\u0161ki\" \/>\n<meta name=\"twitter:card\" content=\"summary_large_image\" \/>\n<meta name=\"twitter:creator\" content=\"@radioljubuski\" \/>\n<meta name=\"twitter:site\" content=\"@radioljubuski\" \/>\n<meta name=\"twitter:label1\" content=\"Napisao\/la\" \/>\n\t<meta name=\"twitter:data1\" content=\"Radio Ljubu\u0161ki\" \/>\n\t<meta name=\"twitter:label2\" content=\"Procijenjeno vrijeme \u010ditanja\" \/>\n\t<meta name=\"twitter:data2\" content=\"2 minute\" \/>\n<script type=\"application\/ld+json\" class=\"yoast-schema-graph\">{\"@context\":\"https:\\\/\\\/schema.org\",\"@graph\":[{\"@type\":\"Article\",\"@id\":\"https:\\\/\\\/radioljubuski.ba\\\/index.php\\\/2021\\\/08\\\/17\\\/kisa-popravila-stanje-na-pozaristu-u-jablanici-i-dalje-gori-u-mostaru-i-stocu\\\/#article\",\"isPartOf\":{\"@id\":\"https:\\\/\\\/radioljubuski.ba\\\/index.php\\\/2021\\\/08\\\/17\\\/kisa-popravila-stanje-na-pozaristu-u-jablanici-i-dalje-gori-u-mostaru-i-stocu\\\/\"},\"author\":{\"name\":\"Radio Ljubu\u0161ki\",\"@id\":\"https:\\\/\\\/radioljubuski.ba\\\/#\\\/schema\\\/person\\\/19fc700381a780f69665d7956c469e3b\"},\"headline\":\"Ki\u0161a popravila stanje na po\u017eari\u0161tu u Jablanici, i dalje gori u Mostaru i Stocu\",\"datePublished\":\"2021-08-17T19:01:15+00:00\",\"dateModified\":\"2021-08-17T19:01:16+00:00\",\"mainEntityOfPage\":{\"@id\":\"https:\\\/\\\/radioljubuski.ba\\\/index.php\\\/2021\\\/08\\\/17\\\/kisa-popravila-stanje-na-pozaristu-u-jablanici-i-dalje-gori-u-mostaru-i-stocu\\\/\"},\"wordCount\":409,\"publisher\":{\"@id\":\"https:\\\/\\\/radioljubuski.ba\\\/#organization\"},\"image\":{\"@id\":\"https:\\\/\\\/radioljubuski.ba\\\/index.php\\\/2021\\\/08\\\/17\\\/kisa-popravila-stanje-na-pozaristu-u-jablanici-i-dalje-gori-u-mostaru-i-stocu\\\/#primaryimage\"},\"thumbnailUrl\":\"https:\\\/\\\/radioljubuski.ba\\\/wp-content\\\/uploads\\\/2021\\\/08\\\/8-2021-08-17-20-05-38-rosko-polje.jpg\",\"articleSection\":[\"BIH i regija\"],\"inLanguage\":\"hr\"},{\"@type\":\"WebPage\",\"@id\":\"https:\\\/\\\/radioljubuski.ba\\\/index.php\\\/2021\\\/08\\\/17\\\/kisa-popravila-stanje-na-pozaristu-u-jablanici-i-dalje-gori-u-mostaru-i-stocu\\\/\",\"url\":\"https:\\\/\\\/radioljubuski.ba\\\/index.php\\\/2021\\\/08\\\/17\\\/kisa-popravila-stanje-na-pozaristu-u-jablanici-i-dalje-gori-u-mostaru-i-stocu\\\/\",\"name\":\"Ki\u0161a popravila stanje na po\u017eari\u0161tu u Jablanici, i dalje gori u Mostaru i Stocu - RADIO LJUBU\u0160KI\",\"isPartOf\":{\"@id\":\"https:\\\/\\\/radioljubuski.ba\\\/#website\"},\"primaryImageOfPage\":{\"@id\":\"https:\\\/\\\/radioljubuski.ba\\\/index.php\\\/2021\\\/08\\\/17\\\/kisa-popravila-stanje-na-pozaristu-u-jablanici-i-dalje-gori-u-mostaru-i-stocu\\\/#primaryimage\"},\"image\":{\"@id\":\"https:\\\/\\\/radioljubuski.ba\\\/index.php\\\/2021\\\/08\\\/17\\\/kisa-popravila-stanje-na-pozaristu-u-jablanici-i-dalje-gori-u-mostaru-i-stocu\\\/#primaryimage\"},\"thumbnailUrl\":\"https:\\\/\\\/radioljubuski.ba\\\/wp-content\\\/uploads\\\/2021\\\/08\\\/8-2021-08-17-20-05-38-rosko-polje.jpg\",\"datePublished\":\"2021-08-17T19:01:15+00:00\",\"dateModified\":\"2021-08-17T19:01:16+00:00\",\"breadcrumb\":{\"@id\":\"https:\\\/\\\/radioljubuski.ba\\\/index.php\\\/2021\\\/08\\\/17\\\/kisa-popravila-stanje-na-pozaristu-u-jablanici-i-dalje-gori-u-mostaru-i-stocu\\\/#breadcrumb\"},\"inLanguage\":\"hr\",\"potentialAction\":[{\"@type\":\"ReadAction\",\"target\":[\"https:\\\/\\\/radioljubuski.ba\\\/index.php\\\/2021\\\/08\\\/17\\\/kisa-popravila-stanje-na-pozaristu-u-jablanici-i-dalje-gori-u-mostaru-i-stocu\\\/\"]}]},{\"@type\":\"ImageObject\",\"inLanguage\":\"hr\",\"@id\":\"https:\\\/\\\/radioljubuski.ba\\\/index.php\\\/2021\\\/08\\\/17\\\/kisa-popravila-stanje-na-pozaristu-u-jablanici-i-dalje-gori-u-mostaru-i-stocu\\\/#primaryimage\",\"url\":\"https:\\\/\\\/radioljubuski.ba\\\/wp-content\\\/uploads\\\/2021\\\/08\\\/8-2021-08-17-20-05-38-rosko-polje.jpg\",\"contentUrl\":\"https:\\\/\\\/radioljubuski.ba\\\/wp-content\\\/uploads\\\/2021\\\/08\\\/8-2021-08-17-20-05-38-rosko-polje.jpg\",\"width\":1000,\"height\":625},{\"@type\":\"BreadcrumbList\",\"@id\":\"https:\\\/\\\/radioljubuski.ba\\\/index.php\\\/2021\\\/08\\\/17\\\/kisa-popravila-stanje-na-pozaristu-u-jablanici-i-dalje-gori-u-mostaru-i-stocu\\\/#breadcrumb\",\"itemListElement\":[{\"@type\":\"ListItem\",\"position\":1,\"name\":\"Po\u010detna stranica\",\"item\":\"https:\\\/\\\/radioljubuski.ba\\\/\"},{\"@type\":\"ListItem\",\"position\":2,\"name\":\"Ki\u0161a popravila stanje na po\u017eari\u0161tu u Jablanici, i dalje gori u Mostaru i Stocu\"}]},{\"@type\":\"WebSite\",\"@id\":\"https:\\\/\\\/radioljubuski.ba\\\/#website\",\"url\":\"https:\\\/\\\/radioljubuski.ba\\\/\",\"name\":\"Radio Ljubu\u0161ki\",\"description\":\"Sun\u010dana frekvencija Hercegovine\",\"publisher\":{\"@id\":\"https:\\\/\\\/radioljubuski.ba\\\/#organization\"},\"potentialAction\":[{\"@type\":\"SearchAction\",\"target\":{\"@type\":\"EntryPoint\",\"urlTemplate\":\"https:\\\/\\\/radioljubuski.ba\\\/?s={search_term_string}\"},\"query-input\":{\"@type\":\"PropertyValueSpecification\",\"valueRequired\":true,\"valueName\":\"search_term_string\"}}],\"inLanguage\":\"hr\"},{\"@type\":\"Organization\",\"@id\":\"https:\\\/\\\/radioljubuski.ba\\\/#organization\",\"name\":\"Radio Ljubu\u0161ki\",\"url\":\"https:\\\/\\\/radioljubuski.ba\\\/\",\"logo\":{\"@type\":\"ImageObject\",\"inLanguage\":\"hr\",\"@id\":\"https:\\\/\\\/radioljubuski.ba\\\/#\\\/schema\\\/logo\\\/image\\\/\",\"url\":\"https:\\\/\\\/radioljubuski.ba\\\/wp-content\\\/uploads\\\/2021\\\/02\\\/cropped-Radio_Ljubuski_logo1.jpg\",\"contentUrl\":\"https:\\\/\\\/radioljubuski.ba\\\/wp-content\\\/uploads\\\/2021\\\/02\\\/cropped-Radio_Ljubuski_logo1.jpg\",\"width\":512,\"height\":512,\"caption\":\"Radio Ljubu\u0161ki\"},\"image\":{\"@id\":\"https:\\\/\\\/radioljubuski.ba\\\/#\\\/schema\\\/logo\\\/image\\\/\"},\"sameAs\":[\"https:\\\/\\\/www.facebook.com\\\/Radiio-Ljubuski-1490835324566332\",\"https:\\\/\\\/x.com\\\/radioljubuski\",\"https:\\\/\\\/hr.linkedin.com\\\/company\\\/radio-ljubuski\",\"https:\\\/\\\/www.youtube.com\\\/channel\\\/UCHYaeO_n0Db3tjNGudGpXyw\"]},{\"@type\":\"Person\",\"@id\":\"https:\\\/\\\/radioljubuski.ba\\\/#\\\/schema\\\/person\\\/19fc700381a780f69665d7956c469e3b\",\"name\":\"Radio Ljubu\u0161ki\"}]}<\/script>\n<!-- \/ Yoast SEO plugin. -->","yoast_head_json":{"title":"Ki\u0161a popravila stanje na po\u017eari\u0161tu u Jablanici, i dalje gori u Mostaru i Stocu - RADIO LJUBU\u0160KI","robots":{"index":"index","follow":"follow","max-snippet":"max-snippet:-1","max-image-preview":"max-image-preview:large","max-video-preview":"max-video-preview:-1"},"canonical":"https:\/\/radioljubuski.ba\/index.php\/2021\/08\/17\/kisa-popravila-stanje-na-pozaristu-u-jablanici-i-dalje-gori-u-mostaru-i-stocu\/","og_locale":"hr_HR","og_type":"article","og_title":"Ki\u0161a popravila stanje na po\u017eari\u0161tu u Jablanici, i dalje gori u Mostaru i Stocu - RADIO LJUBU\u0160KI","og_description":"Na podru\u010dju Hercegova\u010dko-neretvanske \u017eupanije i dalje su aktivni po\u017eari na podru\u010dju Mostara i Stoca, a situaciju na po\u017eari\u0161tu u Jablanici dobrim dijelom je popravio jak ki\u0161ni pljusak. Po\u017ear na \u0110ubranima u Mostaru i dalje je aktivan, ali je pod kontrolom. Nema ugro\u017eenog stanovni\u0161tva, stambenih i drugih objekata. Od 12:15 sati izbio je novi po\u017ear pored [&hellip;]","og_url":"https:\/\/radioljubuski.ba\/index.php\/2021\/08\/17\/kisa-popravila-stanje-na-pozaristu-u-jablanici-i-dalje-gori-u-mostaru-i-stocu\/","og_site_name":"RADIO LJUBU\u0160KI","article_publisher":"https:\/\/www.facebook.com\/Radiio-Ljubuski-1490835324566332","article_published_time":"2021-08-17T19:01:15+00:00","article_modified_time":"2021-08-17T19:01:16+00:00","og_image":[{"width":1000,"height":625,"url":"https:\/\/radioljubuski.ba\/wp-content\/uploads\/2021\/08\/8-2021-08-17-20-05-38-rosko-polje.jpg","type":"image\/jpeg"}],"author":"Radio Ljubu\u0161ki","twitter_card":"summary_large_image","twitter_creator":"@radioljubuski","twitter_site":"@radioljubuski","twitter_misc":{"Napisao\/la":"Radio Ljubu\u0161ki","Procijenjeno vrijeme \u010ditanja":"2 minute"},"schema":{"@context":"https:\/\/schema.org","@graph":[{"@type":"Article","@id":"https:\/\/radioljubuski.ba\/index.php\/2021\/08\/17\/kisa-popravila-stanje-na-pozaristu-u-jablanici-i-dalje-gori-u-mostaru-i-stocu\/#article","isPartOf":{"@id":"https:\/\/radioljubuski.ba\/index.php\/2021\/08\/17\/kisa-popravila-stanje-na-pozaristu-u-jablanici-i-dalje-gori-u-mostaru-i-stocu\/"},"author":{"name":"Radio Ljubu\u0161ki","@id":"https:\/\/radioljubuski.ba\/#\/schema\/person\/19fc700381a780f69665d7956c469e3b"},"headline":"Ki\u0161a popravila stanje na po\u017eari\u0161tu u Jablanici, i dalje gori u Mostaru i Stocu","datePublished":"2021-08-17T19:01:15+00:00","dateModified":"2021-08-17T19:01:16+00:00","mainEntityOfPage":{"@id":"https:\/\/radioljubuski.ba\/index.php\/2021\/08\/17\/kisa-popravila-stanje-na-pozaristu-u-jablanici-i-dalje-gori-u-mostaru-i-stocu\/"},"wordCount":409,"publisher":{"@id":"https:\/\/radioljubuski.ba\/#organization"},"image":{"@id":"https:\/\/radioljubuski.ba\/index.php\/2021\/08\/17\/kisa-popravila-stanje-na-pozaristu-u-jablanici-i-dalje-gori-u-mostaru-i-stocu\/#primaryimage"},"thumbnailUrl":"https:\/\/radioljubuski.ba\/wp-content\/uploads\/2021\/08\/8-2021-08-17-20-05-38-rosko-polje.jpg","articleSection":["BIH i regija"],"inLanguage":"hr"},{"@type":"WebPage","@id":"https:\/\/radioljubuski.ba\/index.php\/2021\/08\/17\/kisa-popravila-stanje-na-pozaristu-u-jablanici-i-dalje-gori-u-mostaru-i-stocu\/","url":"https:\/\/radioljubuski.ba\/index.php\/2021\/08\/17\/kisa-popravila-stanje-na-pozaristu-u-jablanici-i-dalje-gori-u-mostaru-i-stocu\/","name":"Ki\u0161a popravila stanje na po\u017eari\u0161tu u Jablanici, i dalje gori u Mostaru i Stocu - RADIO LJUBU\u0160KI","isPartOf":{"@id":"https:\/\/radioljubuski.ba\/#website"},"primaryImageOfPage":{"@id":"https:\/\/radioljubuski.ba\/index.php\/2021\/08\/17\/kisa-popravila-stanje-na-pozaristu-u-jablanici-i-dalje-gori-u-mostaru-i-stocu\/#primaryimage"},"image":{"@id":"https:\/\/radioljubuski.ba\/index.php\/2021\/08\/17\/kisa-popravila-stanje-na-pozaristu-u-jablanici-i-dalje-gori-u-mostaru-i-stocu\/#primaryimage"},"thumbnailUrl":"https:\/\/radioljubuski.ba\/wp-content\/uploads\/2021\/08\/8-2021-08-17-20-05-38-rosko-polje.jpg","datePublished":"2021-08-17T19:01:15+00:00","dateModified":"2021-08-17T19:01:16+00:00","breadcrumb":{"@id":"https:\/\/radioljubuski.ba\/index.php\/2021\/08\/17\/kisa-popravila-stanje-na-pozaristu-u-jablanici-i-dalje-gori-u-mostaru-i-stocu\/#breadcrumb"},"inLanguage":"hr","potentialAction":[{"@type":"ReadAction","target":["https:\/\/radioljubuski.ba\/index.php\/2021\/08\/17\/kisa-popravila-stanje-na-pozaristu-u-jablanici-i-dalje-gori-u-mostaru-i-stocu\/"]}]},{"@type":"ImageObject","inLanguage":"hr","@id":"https:\/\/radioljubuski.ba\/index.php\/2021\/08\/17\/kisa-popravila-stanje-na-pozaristu-u-jablanici-i-dalje-gori-u-mostaru-i-stocu\/#primaryimage","url":"https:\/\/radioljubuski.ba\/wp-content\/uploads\/2021\/08\/8-2021-08-17-20-05-38-rosko-polje.jpg","contentUrl":"https:\/\/radioljubuski.ba\/wp-content\/uploads\/2021\/08\/8-2021-08-17-20-05-38-rosko-polje.jpg","width":1000,"height":625},{"@type":"BreadcrumbList","@id":"https:\/\/radioljubuski.ba\/index.php\/2021\/08\/17\/kisa-popravila-stanje-na-pozaristu-u-jablanici-i-dalje-gori-u-mostaru-i-stocu\/#breadcrumb","itemListElement":[{"@type":"ListItem","position":1,"name":"Po\u010detna stranica","item":"https:\/\/radioljubuski.ba\/"},{"@type":"ListItem","position":2,"name":"Ki\u0161a popravila stanje na po\u017eari\u0161tu u Jablanici, i dalje gori u Mostaru i Stocu"}]},{"@type":"WebSite","@id":"https:\/\/radioljubuski.ba\/#website","url":"https:\/\/radioljubuski.ba\/","name":"Radio Ljubu\u0161ki","description":"Sun\u010dana frekvencija Hercegovine","publisher":{"@id":"https:\/\/radioljubuski.ba\/#organization"},"potentialAction":[{"@type":"SearchAction","target":{"@type":"EntryPoint","urlTemplate":"https:\/\/radioljubuski.ba\/?s={search_term_string}"},"query-input":{"@type":"PropertyValueSpecification","valueRequired":true,"valueName":"search_term_string"}}],"inLanguage":"hr"},{"@type":"Organization","@id":"https:\/\/radioljubuski.ba\/#organization","name":"Radio Ljubu\u0161ki","url":"https:\/\/radioljubuski.ba\/","logo":{"@type":"ImageObject","inLanguage":"hr","@id":"https:\/\/radioljubuski.ba\/#\/schema\/logo\/image\/","url":"https:\/\/radioljubuski.ba\/wp-content\/uploads\/2021\/02\/cropped-Radio_Ljubuski_logo1.jpg","contentUrl":"https:\/\/radioljubuski.ba\/wp-content\/uploads\/2021\/02\/cropped-Radio_Ljubuski_logo1.jpg","width":512,"height":512,"caption":"Radio Ljubu\u0161ki"},"image":{"@id":"https:\/\/radioljubuski.ba\/#\/schema\/logo\/image\/"},"sameAs":["https:\/\/www.facebook.com\/Radiio-Ljubuski-1490835324566332","https:\/\/x.com\/radioljubuski","https:\/\/hr.linkedin.com\/company\/radio-ljubuski","https:\/\/www.youtube.com\/channel\/UCHYaeO_n0Db3tjNGudGpXyw"]},{"@type":"Person","@id":"https:\/\/radioljubuski.ba\/#\/schema\/person\/19fc700381a780f69665d7956c469e3b","name":"Radio Ljubu\u0161ki"}]}},"_links":{"self":[{"href":"https:\/\/radioljubuski.ba\/index.php\/wp-json\/wp\/v2\/posts\/54284","targetHints":{"allow":["GET"]}}],"collection":[{"href":"https:\/\/radioljubuski.ba\/index.php\/wp-json\/wp\/v2\/posts"}],"about":[{"href":"https:\/\/radioljubuski.ba\/index.php\/wp-json\/wp\/v2\/types\/post"}],"author":[{"embeddable":true,"href":"https:\/\/radioljubuski.ba\/index.php\/wp-json\/wp\/v2\/users\/2"}],"replies":[{"embeddable":true,"href":"https:\/\/radioljubuski.ba\/index.php\/wp-json\/wp\/v2\/comments?post=54284"}],"version-history":[{"count":1,"href":"https:\/\/radioljubuski.ba\/index.php\/wp-json\/wp\/v2\/posts\/54284\/revisions"}],"predecessor-version":[{"id":54287,"href":"https:\/\/radioljubuski.ba\/index.php\/wp-json\/wp\/v2\/posts\/54284\/revisions\/54287"}],"wp:featuredmedia":[{"embeddable":true,"href":"https:\/\/radioljubuski.ba\/index.php\/wp-json\/wp\/v2\/media\/54286"}],"wp:attachment":[{"href":"https:\/\/radioljubuski.ba\/index.php\/wp-json\/wp\/v2\/media?parent=54284"}],"wp:term":[{"taxonomy":"category","embeddable":true,"href":"https:\/\/radioljubuski.ba\/index.php\/wp-json\/wp\/v2\/categories?post=54284"},{"taxonomy":"post_tag","embeddable":true,"href":"https:\/\/radioljubuski.ba\/index.php\/wp-json\/wp\/v2\/tags?post=54284"}],"curies":[{"name":"wp","href":"https:\/\/api.w.org\/{rel}","templated":true}]}}