{"id":54304,"date":"2021-08-17T20:14:43","date_gmt":"2021-08-17T19:14:43","guid":{"rendered":"https:\/\/radioljubuski.ba\/?p=54304"},"modified":"2021-08-17T20:14:44","modified_gmt":"2021-08-17T19:14:44","slug":"pijavica-poharala-dalmatinsku-zagoru","status":"publish","type":"post","link":"https:\/\/radioljubuski.ba\/index.php\/2021\/08\/17\/pijavica-poharala-dalmatinsku-zagoru\/","title":{"rendered":"Pijavica poharala Dalmatinsku zagoru"},"content":{"rendered":"\n<p>Hladna fronta premje\u0161ta se preko podru\u010dja Hrvatske i jugoisto\u010dne Europe. Protekle no\u0107i pre\u0161la je preko unutra\u0161njosti zemlje i sjevernog Jadrana, donose\u0107i mjestimi\u010dnu ki\u0161u, pljuskove i grmljavinu. Najvi\u0161e ki\u0161e palo je u dijelu Gorskog kotara, do \u010dak 46 litara po kvadratnom metru. No ve\u0107i dio Like, Istre, Slavonije i Dalmacija zadr\u017eao se potpuno suh.<\/p>\n\n\n\n<p>U unutra\u0161njosti zemlje temperature zraka osjetno su pale u odnosu na ju\u010der. Tako u 14 sati brojne postaje mjere temperature ispod 20 stupnjeva, a najhladnije je na bjelovarskom podru\u010dju gdje je ranojesenskih 17 stupnjeva.<\/p>\n\n\n\n<p>Na Jadranu je znatno toplije s temperaturama do 27 na sjevernom Jadranu i \u010dak do 34\u00b0C u dijelovima Dalmacije.<\/p>\n\n\n\n<p>U poslijepodnevnim satima fronta je stigla i do Dalmacije. Prvo je razvoj oblaka po\u010deo u zale\u0111u Trogira, a potom se premjestio nad dio Zagore srednje Dalmacije i otok Bra\u010d.<\/p>\n\n\n\n<iframe loading=\"lazy\" src=\"https:\/\/www.facebook.com\/plugins\/video.php?height=476&#038;href=https%3A%2F%2Fwww.facebook.com%2Fhrvrijeme%2Fvideos%2F258518029231975%2F&#038;show_text=false&#038;width=261&#038;t=0\" width=\"261\" height=\"476\" style=\"border:none;overflow:hidden\" scrolling=\"no\" frameborder=\"0\" allowfullscreen=\"true\" allow=\"autoplay; clipboard-write; encrypted-media; picture-in-picture; web-share\" allowFullScreen=\"true\"><\/iframe>\n\n\n\n<p>Fronta je doslovno presko\u010dila splitsko podru\u010dje i ponovno se razvila nad sredi\u0161njim i isto\u010dnim Bra\u010dom, te u Zagori od Trilja do Imotskog. U selu \u010caljku\u0161i\u0107i kod Lovre\u0107a ne\u0161to iza 12 sati razvija se pijavica iz olujnog kumulonimbusa koji se razvio na tom podru\u010dju. Cijev pijavice od podnice oblaka do tla bila je duga\u010dka preko kilometar, a pijavica je u selu nanijela \u0161tetu. Kako\u00a0<a href=\"https:\/\/www.dalmacijadanas.hr\/pijavica-poharala-dalmatinsku-zagoru-stigla-hladna-fronta-ima-srusenih-krovova-slomljenih-stabala\/\" target=\"_blank\" rel=\"noreferrer noopener\">Dalmacijadanas<\/a>\u00a0doznaje od \u010ditatelja s terena, o\u0161te\u0107eno je nekoliko krovova i polomljeno nekoliko stabala.<\/p>\n\n\n\n<blockquote class=\"twitter-tweet\"><p lang=\"und\" dir=\"ltr\">Zadvarje-\u0160estanovac upravo! \ud83d\udcf8Slaven Carevi\u0107\/HR Vrijeme <a href=\"https:\/\/twitter.com\/N1infoZG?ref_src=twsrc%5Etfw\">@N1infoZG<\/a> <a href=\"https:\/\/t.co\/umym2ckpm4\">pic.twitter.com\/umym2ckpm4<\/a><\/p>&mdash; Tea Bla\u017eevi\u0107 (@blaTeabla) <a href=\"https:\/\/twitter.com\/blaTeabla\/status\/1427587561279664129?ref_src=twsrc%5Etfw\">August 17, 2021<\/a><\/blockquote> <script async src=\"https:\/\/platform.twitter.com\/widgets.js\" charset=\"utf-8\"><\/script>\n\n\n\n<iframe loading=\"lazy\" src=\"https:\/\/www.facebook.com\/plugins\/post.php?href=https%3A%2F%2Fwww.facebook.com%2FprognozaVrimenaByIvanSolicSoki%2Fposts%2F4561570030532675&#038;show_text=true&#038;width=500\" width=\"500\" height=\"676\" style=\"border:none;overflow:hidden\" scrolling=\"no\" frameborder=\"0\" allowfullscreen=\"true\" allow=\"autoplay; clipboard-write; encrypted-media; picture-in-picture; web-share\"><\/iframe>\n\n\n\n<p>Izvor:dalmacija danas<\/p>\n","protected":false},"excerpt":{"rendered":"<p>Hladna fronta premje\u0161ta se preko podru\u010dja Hrvatske i jugoisto\u010dne Europe. Protekle no\u0107i pre\u0161la je preko unutra\u0161njosti zemlje i sjevernog Jadrana, donose\u0107i mjestimi\u010dnu ki\u0161u, pljuskove i grmljavinu. Najvi\u0161e ki\u0161e palo je u dijelu Gorskog kotara, do \u010dak 46 litara po kvadratnom metru. No ve\u0107i dio Like, Istre, Slavonije i Dalmacija zadr\u017eao se potpuno suh. U unutra\u0161njosti [&hellip;]<\/p>\n","protected":false},"author":2,"featured_media":54305,"comment_status":"closed","ping_status":"closed","sticky":false,"template":"","format":"standard","meta":{"h5ap_radio_sources":[],"footnotes":""},"categories":[1],"tags":[],"class_list":["post-54304","post","type-post","status-publish","format-standard","has-post-thumbnail","hentry","category-bihiregija"],"yoast_head":"<!-- This site is optimized with the Yoast SEO plugin v27.4 - https:\/\/yoast.com\/product\/yoast-seo-wordpress\/ -->\n<title>Pijavica poharala Dalmatinsku zagoru - RADIO LJUBU\u0160KI<\/title>\n<meta name=\"robots\" content=\"index, follow, max-snippet:-1, max-image-preview:large, max-video-preview:-1\" \/>\n<link rel=\"canonical\" href=\"https:\/\/radioljubuski.ba\/index.php\/2021\/08\/17\/pijavica-poharala-dalmatinsku-zagoru\/\" \/>\n<meta property=\"og:locale\" content=\"hr_HR\" \/>\n<meta property=\"og:type\" content=\"article\" \/>\n<meta property=\"og:title\" content=\"Pijavica poharala Dalmatinsku zagoru - RADIO LJUBU\u0160KI\" \/>\n<meta property=\"og:description\" content=\"Hladna fronta premje\u0161ta se preko podru\u010dja Hrvatske i jugoisto\u010dne Europe. Protekle no\u0107i pre\u0161la je preko unutra\u0161njosti zemlje i sjevernog Jadrana, donose\u0107i mjestimi\u010dnu ki\u0161u, pljuskove i grmljavinu. Najvi\u0161e ki\u0161e palo je u dijelu Gorskog kotara, do \u010dak 46 litara po kvadratnom metru. No ve\u0107i dio Like, Istre, Slavonije i Dalmacija zadr\u017eao se potpuno suh. U unutra\u0161njosti [&hellip;]\" \/>\n<meta property=\"og:url\" content=\"https:\/\/radioljubuski.ba\/index.php\/2021\/08\/17\/pijavica-poharala-dalmatinsku-zagoru\/\" \/>\n<meta property=\"og:site_name\" content=\"RADIO LJUBU\u0160KI\" \/>\n<meta property=\"article:publisher\" content=\"https:\/\/www.facebook.com\/Radiio-Ljubuski-1490835324566332\" \/>\n<meta property=\"article:published_time\" content=\"2021-08-17T19:14:43+00:00\" \/>\n<meta property=\"article:modified_time\" content=\"2021-08-17T19:14:44+00:00\" \/>\n<meta property=\"og:image\" content=\"https:\/\/radioljubuski.ba\/wp-content\/uploads\/2021\/08\/8-2021-08-17-14-49-55-NEVRIJEME.jpg\" \/>\n\t<meta property=\"og:image:width\" content=\"1000\" \/>\n\t<meta property=\"og:image:height\" content=\"625\" \/>\n\t<meta property=\"og:image:type\" content=\"image\/jpeg\" \/>\n<meta name=\"author\" content=\"Radio Ljubu\u0161ki\" \/>\n<meta name=\"twitter:card\" content=\"summary_large_image\" \/>\n<meta name=\"twitter:creator\" content=\"@radioljubuski\" \/>\n<meta name=\"twitter:site\" content=\"@radioljubuski\" \/>\n<meta name=\"twitter:label1\" content=\"Napisao\/la\" \/>\n\t<meta name=\"twitter:data1\" content=\"Radio Ljubu\u0161ki\" \/>\n\t<meta name=\"twitter:label2\" content=\"Procijenjeno vrijeme \u010ditanja\" \/>\n\t<meta name=\"twitter:data2\" content=\"1 minuta\" \/>\n<script type=\"application\/ld+json\" class=\"yoast-schema-graph\">{\"@context\":\"https:\\\/\\\/schema.org\",\"@graph\":[{\"@type\":\"Article\",\"@id\":\"https:\\\/\\\/radioljubuski.ba\\\/index.php\\\/2021\\\/08\\\/17\\\/pijavica-poharala-dalmatinsku-zagoru\\\/#article\",\"isPartOf\":{\"@id\":\"https:\\\/\\\/radioljubuski.ba\\\/index.php\\\/2021\\\/08\\\/17\\\/pijavica-poharala-dalmatinsku-zagoru\\\/\"},\"author\":{\"name\":\"Radio Ljubu\u0161ki\",\"@id\":\"https:\\\/\\\/radioljubuski.ba\\\/#\\\/schema\\\/person\\\/19fc700381a780f69665d7956c469e3b\"},\"headline\":\"Pijavica poharala Dalmatinsku zagoru\",\"datePublished\":\"2021-08-17T19:14:43+00:00\",\"dateModified\":\"2021-08-17T19:14:44+00:00\",\"mainEntityOfPage\":{\"@id\":\"https:\\\/\\\/radioljubuski.ba\\\/index.php\\\/2021\\\/08\\\/17\\\/pijavica-poharala-dalmatinsku-zagoru\\\/\"},\"wordCount\":264,\"publisher\":{\"@id\":\"https:\\\/\\\/radioljubuski.ba\\\/#organization\"},\"image\":{\"@id\":\"https:\\\/\\\/radioljubuski.ba\\\/index.php\\\/2021\\\/08\\\/17\\\/pijavica-poharala-dalmatinsku-zagoru\\\/#primaryimage\"},\"thumbnailUrl\":\"https:\\\/\\\/radioljubuski.ba\\\/wp-content\\\/uploads\\\/2021\\\/08\\\/8-2021-08-17-14-49-55-NEVRIJEME.jpg\",\"articleSection\":[\"BIH i regija\"],\"inLanguage\":\"hr\"},{\"@type\":\"WebPage\",\"@id\":\"https:\\\/\\\/radioljubuski.ba\\\/index.php\\\/2021\\\/08\\\/17\\\/pijavica-poharala-dalmatinsku-zagoru\\\/\",\"url\":\"https:\\\/\\\/radioljubuski.ba\\\/index.php\\\/2021\\\/08\\\/17\\\/pijavica-poharala-dalmatinsku-zagoru\\\/\",\"name\":\"Pijavica poharala Dalmatinsku zagoru - RADIO LJUBU\u0160KI\",\"isPartOf\":{\"@id\":\"https:\\\/\\\/radioljubuski.ba\\\/#website\"},\"primaryImageOfPage\":{\"@id\":\"https:\\\/\\\/radioljubuski.ba\\\/index.php\\\/2021\\\/08\\\/17\\\/pijavica-poharala-dalmatinsku-zagoru\\\/#primaryimage\"},\"image\":{\"@id\":\"https:\\\/\\\/radioljubuski.ba\\\/index.php\\\/2021\\\/08\\\/17\\\/pijavica-poharala-dalmatinsku-zagoru\\\/#primaryimage\"},\"thumbnailUrl\":\"https:\\\/\\\/radioljubuski.ba\\\/wp-content\\\/uploads\\\/2021\\\/08\\\/8-2021-08-17-14-49-55-NEVRIJEME.jpg\",\"datePublished\":\"2021-08-17T19:14:43+00:00\",\"dateModified\":\"2021-08-17T19:14:44+00:00\",\"breadcrumb\":{\"@id\":\"https:\\\/\\\/radioljubuski.ba\\\/index.php\\\/2021\\\/08\\\/17\\\/pijavica-poharala-dalmatinsku-zagoru\\\/#breadcrumb\"},\"inLanguage\":\"hr\",\"potentialAction\":[{\"@type\":\"ReadAction\",\"target\":[\"https:\\\/\\\/radioljubuski.ba\\\/index.php\\\/2021\\\/08\\\/17\\\/pijavica-poharala-dalmatinsku-zagoru\\\/\"]}]},{\"@type\":\"ImageObject\",\"inLanguage\":\"hr\",\"@id\":\"https:\\\/\\\/radioljubuski.ba\\\/index.php\\\/2021\\\/08\\\/17\\\/pijavica-poharala-dalmatinsku-zagoru\\\/#primaryimage\",\"url\":\"https:\\\/\\\/radioljubuski.ba\\\/wp-content\\\/uploads\\\/2021\\\/08\\\/8-2021-08-17-14-49-55-NEVRIJEME.jpg\",\"contentUrl\":\"https:\\\/\\\/radioljubuski.ba\\\/wp-content\\\/uploads\\\/2021\\\/08\\\/8-2021-08-17-14-49-55-NEVRIJEME.jpg\",\"width\":1000,\"height\":625},{\"@type\":\"BreadcrumbList\",\"@id\":\"https:\\\/\\\/radioljubuski.ba\\\/index.php\\\/2021\\\/08\\\/17\\\/pijavica-poharala-dalmatinsku-zagoru\\\/#breadcrumb\",\"itemListElement\":[{\"@type\":\"ListItem\",\"position\":1,\"name\":\"Po\u010detna stranica\",\"item\":\"https:\\\/\\\/radioljubuski.ba\\\/\"},{\"@type\":\"ListItem\",\"position\":2,\"name\":\"Pijavica poharala Dalmatinsku zagoru\"}]},{\"@type\":\"WebSite\",\"@id\":\"https:\\\/\\\/radioljubuski.ba\\\/#website\",\"url\":\"https:\\\/\\\/radioljubuski.ba\\\/\",\"name\":\"Radio Ljubu\u0161ki\",\"description\":\"Sun\u010dana frekvencija Hercegovine\",\"publisher\":{\"@id\":\"https:\\\/\\\/radioljubuski.ba\\\/#organization\"},\"potentialAction\":[{\"@type\":\"SearchAction\",\"target\":{\"@type\":\"EntryPoint\",\"urlTemplate\":\"https:\\\/\\\/radioljubuski.ba\\\/?s={search_term_string}\"},\"query-input\":{\"@type\":\"PropertyValueSpecification\",\"valueRequired\":true,\"valueName\":\"search_term_string\"}}],\"inLanguage\":\"hr\"},{\"@type\":\"Organization\",\"@id\":\"https:\\\/\\\/radioljubuski.ba\\\/#organization\",\"name\":\"Radio Ljubu\u0161ki\",\"url\":\"https:\\\/\\\/radioljubuski.ba\\\/\",\"logo\":{\"@type\":\"ImageObject\",\"inLanguage\":\"hr\",\"@id\":\"https:\\\/\\\/radioljubuski.ba\\\/#\\\/schema\\\/logo\\\/image\\\/\",\"url\":\"https:\\\/\\\/radioljubuski.ba\\\/wp-content\\\/uploads\\\/2021\\\/02\\\/cropped-Radio_Ljubuski_logo1.jpg\",\"contentUrl\":\"https:\\\/\\\/radioljubuski.ba\\\/wp-content\\\/uploads\\\/2021\\\/02\\\/cropped-Radio_Ljubuski_logo1.jpg\",\"width\":512,\"height\":512,\"caption\":\"Radio Ljubu\u0161ki\"},\"image\":{\"@id\":\"https:\\\/\\\/radioljubuski.ba\\\/#\\\/schema\\\/logo\\\/image\\\/\"},\"sameAs\":[\"https:\\\/\\\/www.facebook.com\\\/Radiio-Ljubuski-1490835324566332\",\"https:\\\/\\\/x.com\\\/radioljubuski\",\"https:\\\/\\\/hr.linkedin.com\\\/company\\\/radio-ljubuski\",\"https:\\\/\\\/www.youtube.com\\\/channel\\\/UCHYaeO_n0Db3tjNGudGpXyw\"]},{\"@type\":\"Person\",\"@id\":\"https:\\\/\\\/radioljubuski.ba\\\/#\\\/schema\\\/person\\\/19fc700381a780f69665d7956c469e3b\",\"name\":\"Radio Ljubu\u0161ki\"}]}<\/script>\n<!-- \/ Yoast SEO plugin. -->","yoast_head_json":{"title":"Pijavica poharala Dalmatinsku zagoru - RADIO LJUBU\u0160KI","robots":{"index":"index","follow":"follow","max-snippet":"max-snippet:-1","max-image-preview":"max-image-preview:large","max-video-preview":"max-video-preview:-1"},"canonical":"https:\/\/radioljubuski.ba\/index.php\/2021\/08\/17\/pijavica-poharala-dalmatinsku-zagoru\/","og_locale":"hr_HR","og_type":"article","og_title":"Pijavica poharala Dalmatinsku zagoru - RADIO LJUBU\u0160KI","og_description":"Hladna fronta premje\u0161ta se preko podru\u010dja Hrvatske i jugoisto\u010dne Europe. Protekle no\u0107i pre\u0161la je preko unutra\u0161njosti zemlje i sjevernog Jadrana, donose\u0107i mjestimi\u010dnu ki\u0161u, pljuskove i grmljavinu. Najvi\u0161e ki\u0161e palo je u dijelu Gorskog kotara, do \u010dak 46 litara po kvadratnom metru. No ve\u0107i dio Like, Istre, Slavonije i Dalmacija zadr\u017eao se potpuno suh. U unutra\u0161njosti [&hellip;]","og_url":"https:\/\/radioljubuski.ba\/index.php\/2021\/08\/17\/pijavica-poharala-dalmatinsku-zagoru\/","og_site_name":"RADIO LJUBU\u0160KI","article_publisher":"https:\/\/www.facebook.com\/Radiio-Ljubuski-1490835324566332","article_published_time":"2021-08-17T19:14:43+00:00","article_modified_time":"2021-08-17T19:14:44+00:00","og_image":[{"width":1000,"height":625,"url":"https:\/\/radioljubuski.ba\/wp-content\/uploads\/2021\/08\/8-2021-08-17-14-49-55-NEVRIJEME.jpg","type":"image\/jpeg"}],"author":"Radio Ljubu\u0161ki","twitter_card":"summary_large_image","twitter_creator":"@radioljubuski","twitter_site":"@radioljubuski","twitter_misc":{"Napisao\/la":"Radio Ljubu\u0161ki","Procijenjeno vrijeme \u010ditanja":"1 minuta"},"schema":{"@context":"https:\/\/schema.org","@graph":[{"@type":"Article","@id":"https:\/\/radioljubuski.ba\/index.php\/2021\/08\/17\/pijavica-poharala-dalmatinsku-zagoru\/#article","isPartOf":{"@id":"https:\/\/radioljubuski.ba\/index.php\/2021\/08\/17\/pijavica-poharala-dalmatinsku-zagoru\/"},"author":{"name":"Radio Ljubu\u0161ki","@id":"https:\/\/radioljubuski.ba\/#\/schema\/person\/19fc700381a780f69665d7956c469e3b"},"headline":"Pijavica poharala Dalmatinsku zagoru","datePublished":"2021-08-17T19:14:43+00:00","dateModified":"2021-08-17T19:14:44+00:00","mainEntityOfPage":{"@id":"https:\/\/radioljubuski.ba\/index.php\/2021\/08\/17\/pijavica-poharala-dalmatinsku-zagoru\/"},"wordCount":264,"publisher":{"@id":"https:\/\/radioljubuski.ba\/#organization"},"image":{"@id":"https:\/\/radioljubuski.ba\/index.php\/2021\/08\/17\/pijavica-poharala-dalmatinsku-zagoru\/#primaryimage"},"thumbnailUrl":"https:\/\/radioljubuski.ba\/wp-content\/uploads\/2021\/08\/8-2021-08-17-14-49-55-NEVRIJEME.jpg","articleSection":["BIH i regija"],"inLanguage":"hr"},{"@type":"WebPage","@id":"https:\/\/radioljubuski.ba\/index.php\/2021\/08\/17\/pijavica-poharala-dalmatinsku-zagoru\/","url":"https:\/\/radioljubuski.ba\/index.php\/2021\/08\/17\/pijavica-poharala-dalmatinsku-zagoru\/","name":"Pijavica poharala Dalmatinsku zagoru - RADIO LJUBU\u0160KI","isPartOf":{"@id":"https:\/\/radioljubuski.ba\/#website"},"primaryImageOfPage":{"@id":"https:\/\/radioljubuski.ba\/index.php\/2021\/08\/17\/pijavica-poharala-dalmatinsku-zagoru\/#primaryimage"},"image":{"@id":"https:\/\/radioljubuski.ba\/index.php\/2021\/08\/17\/pijavica-poharala-dalmatinsku-zagoru\/#primaryimage"},"thumbnailUrl":"https:\/\/radioljubuski.ba\/wp-content\/uploads\/2021\/08\/8-2021-08-17-14-49-55-NEVRIJEME.jpg","datePublished":"2021-08-17T19:14:43+00:00","dateModified":"2021-08-17T19:14:44+00:00","breadcrumb":{"@id":"https:\/\/radioljubuski.ba\/index.php\/2021\/08\/17\/pijavica-poharala-dalmatinsku-zagoru\/#breadcrumb"},"inLanguage":"hr","potentialAction":[{"@type":"ReadAction","target":["https:\/\/radioljubuski.ba\/index.php\/2021\/08\/17\/pijavica-poharala-dalmatinsku-zagoru\/"]}]},{"@type":"ImageObject","inLanguage":"hr","@id":"https:\/\/radioljubuski.ba\/index.php\/2021\/08\/17\/pijavica-poharala-dalmatinsku-zagoru\/#primaryimage","url":"https:\/\/radioljubuski.ba\/wp-content\/uploads\/2021\/08\/8-2021-08-17-14-49-55-NEVRIJEME.jpg","contentUrl":"https:\/\/radioljubuski.ba\/wp-content\/uploads\/2021\/08\/8-2021-08-17-14-49-55-NEVRIJEME.jpg","width":1000,"height":625},{"@type":"BreadcrumbList","@id":"https:\/\/radioljubuski.ba\/index.php\/2021\/08\/17\/pijavica-poharala-dalmatinsku-zagoru\/#breadcrumb","itemListElement":[{"@type":"ListItem","position":1,"name":"Po\u010detna stranica","item":"https:\/\/radioljubuski.ba\/"},{"@type":"ListItem","position":2,"name":"Pijavica poharala Dalmatinsku zagoru"}]},{"@type":"WebSite","@id":"https:\/\/radioljubuski.ba\/#website","url":"https:\/\/radioljubuski.ba\/","name":"Radio Ljubu\u0161ki","description":"Sun\u010dana frekvencija Hercegovine","publisher":{"@id":"https:\/\/radioljubuski.ba\/#organization"},"potentialAction":[{"@type":"SearchAction","target":{"@type":"EntryPoint","urlTemplate":"https:\/\/radioljubuski.ba\/?s={search_term_string}"},"query-input":{"@type":"PropertyValueSpecification","valueRequired":true,"valueName":"search_term_string"}}],"inLanguage":"hr"},{"@type":"Organization","@id":"https:\/\/radioljubuski.ba\/#organization","name":"Radio Ljubu\u0161ki","url":"https:\/\/radioljubuski.ba\/","logo":{"@type":"ImageObject","inLanguage":"hr","@id":"https:\/\/radioljubuski.ba\/#\/schema\/logo\/image\/","url":"https:\/\/radioljubuski.ba\/wp-content\/uploads\/2021\/02\/cropped-Radio_Ljubuski_logo1.jpg","contentUrl":"https:\/\/radioljubuski.ba\/wp-content\/uploads\/2021\/02\/cropped-Radio_Ljubuski_logo1.jpg","width":512,"height":512,"caption":"Radio Ljubu\u0161ki"},"image":{"@id":"https:\/\/radioljubuski.ba\/#\/schema\/logo\/image\/"},"sameAs":["https:\/\/www.facebook.com\/Radiio-Ljubuski-1490835324566332","https:\/\/x.com\/radioljubuski","https:\/\/hr.linkedin.com\/company\/radio-ljubuski","https:\/\/www.youtube.com\/channel\/UCHYaeO_n0Db3tjNGudGpXyw"]},{"@type":"Person","@id":"https:\/\/radioljubuski.ba\/#\/schema\/person\/19fc700381a780f69665d7956c469e3b","name":"Radio Ljubu\u0161ki"}]}},"_links":{"self":[{"href":"https:\/\/radioljubuski.ba\/index.php\/wp-json\/wp\/v2\/posts\/54304","targetHints":{"allow":["GET"]}}],"collection":[{"href":"https:\/\/radioljubuski.ba\/index.php\/wp-json\/wp\/v2\/posts"}],"about":[{"href":"https:\/\/radioljubuski.ba\/index.php\/wp-json\/wp\/v2\/types\/post"}],"author":[{"embeddable":true,"href":"https:\/\/radioljubuski.ba\/index.php\/wp-json\/wp\/v2\/users\/2"}],"replies":[{"embeddable":true,"href":"https:\/\/radioljubuski.ba\/index.php\/wp-json\/wp\/v2\/comments?post=54304"}],"version-history":[{"count":1,"href":"https:\/\/radioljubuski.ba\/index.php\/wp-json\/wp\/v2\/posts\/54304\/revisions"}],"predecessor-version":[{"id":54306,"href":"https:\/\/radioljubuski.ba\/index.php\/wp-json\/wp\/v2\/posts\/54304\/revisions\/54306"}],"wp:featuredmedia":[{"embeddable":true,"href":"https:\/\/radioljubuski.ba\/index.php\/wp-json\/wp\/v2\/media\/54305"}],"wp:attachment":[{"href":"https:\/\/radioljubuski.ba\/index.php\/wp-json\/wp\/v2\/media?parent=54304"}],"wp:term":[{"taxonomy":"category","embeddable":true,"href":"https:\/\/radioljubuski.ba\/index.php\/wp-json\/wp\/v2\/categories?post=54304"},{"taxonomy":"post_tag","embeddable":true,"href":"https:\/\/radioljubuski.ba\/index.php\/wp-json\/wp\/v2\/tags?post=54304"}],"curies":[{"name":"wp","href":"https:\/\/api.w.org\/{rel}","templated":true}]}}