{"id":54370,"date":"2021-08-17T20:51:43","date_gmt":"2021-08-17T19:51:43","guid":{"rendered":"https:\/\/radioljubuski.ba\/?p=54370"},"modified":"2021-08-17T20:51:45","modified_gmt":"2021-08-17T19:51:45","slug":"embiid-potpisao-visegodisnji-ugovor-sa-sixersima","status":"publish","type":"post","link":"https:\/\/radioljubuski.ba\/index.php\/2021\/08\/17\/embiid-potpisao-visegodisnji-ugovor-sa-sixersima\/","title":{"rendered":"Embiid potpisao vi\u0161egodi\u0161nji ugovor sa Sixersima"},"content":{"rendered":"\n<p><strong>Zvijezda NBA mom\u010dadi Philadelphia 76ersa Joel Embiid produljio je vjernost klubu za jo\u0161 \u010detiri godine iako mu postoje\u0107i ugovor vrijedi jo\u0161 dvije godine za koje treba dobiti 65 milijuna dolara.<\/strong><\/p>\n\n\n\n<p>U Sixersima \u0107e tako Embiid provesti do 2027., a vrijednost novog ugovora je 196 milijuna dolara, navode ameri\u010dki mediji. U\u00a0postoje\u0107em ugovoru uprava kluba ubacila je klauzulu po kojoj ne treba platiti cijeli iznos ako Embiid bude ozbiljnije ozlije\u0111en, a u novom ugovoru iznos mu je zajam\u010den.\u00a0<br><br>&#8211; Joel je definitivno elitni igra\u010d, primjer za zajednicu i pravi MVP kalibar na terenu. Njegova kombinacija vje\u0161tina, karizme i vodstva preobratilo je ovaj klub, objavili su Sixersi.<\/p>\n\n\n\n<blockquote class=\"twitter-tweet\"><p lang=\"en\" dir=\"ltr\">OFFICIAL! <a href=\"https:\/\/twitter.com\/JoelEmbiid?ref_src=twsrc%5Etfw\">@JoelEmbiid<\/a> has signed a multi-year contract extension to remain in Philadelphia \ud83d\udcdd <a href=\"https:\/\/t.co\/hL99axlIC6\">pic.twitter.com\/hL99axlIC6<\/a><\/p>&mdash; Philadelphia 76ers (@sixers) <a href=\"https:\/\/twitter.com\/sixers\/status\/1427640400597159937?ref_src=twsrc%5Etfw\">August 17, 2021<\/a><\/blockquote> <script async src=\"https:\/\/platform.twitter.com\/widgets.js\" charset=\"utf-8\"><\/script>\n\n\n\n<p>Kamerunac je na po\u010detku karijere imao problema s ozljedama le\u0111a i noge, a pro\u0161le sezone je propustio najvi\u0161e 11 utakmica u nizu.<\/p>\n\n\n\n<p><br><br>Centar Philadelphije \u010detverostruki je sudionik All Star utakmice, a protekle sezone ovaj 27-godi\u0161njak bio je drugi u glasovanju za najkorisnijeg igra\u010da (MVP) prvo dijela sezone. Bio je izabran u drugu petorku lige, a prosje\u010dno je postizao 28,5 ko\u0161eva uz 10,6 skokova te je vodio Sixerse do statusa\u00a0prvog nositelja Isto\u010dne konferencije u doigravanju. No, u polufinalu Istoka izgubila je od Atlante sa 3-4.<\/p>\n\n\n\n<p>Izvor:hrt.hr<\/p>\n","protected":false},"excerpt":{"rendered":"<p>Zvijezda NBA mom\u010dadi Philadelphia 76ersa Joel Embiid produljio je vjernost klubu za jo\u0161 \u010detiri godine iako mu postoje\u0107i ugovor vrijedi jo\u0161 dvije godine za koje treba dobiti 65 milijuna dolara. U Sixersima \u0107e tako Embiid provesti do 2027., a vrijednost novog ugovora je 196 milijuna dolara, navode ameri\u010dki mediji. U\u00a0postoje\u0107em ugovoru uprava kluba ubacila je [&hellip;]<\/p>\n","protected":false},"author":2,"featured_media":54371,"comment_status":"closed","ping_status":"closed","sticky":false,"template":"","format":"standard","meta":{"h5ap_radio_sources":[],"footnotes":""},"categories":[7],"tags":[],"class_list":["post-54370","post","type-post","status-publish","format-standard","has-post-thumbnail","hentry","category-sport"],"yoast_head":"<!-- This site is optimized with the Yoast SEO plugin v27.4 - https:\/\/yoast.com\/product\/yoast-seo-wordpress\/ -->\n<title>Embiid potpisao vi\u0161egodi\u0161nji ugovor sa Sixersima - RADIO LJUBU\u0160KI<\/title>\n<meta name=\"robots\" content=\"index, follow, max-snippet:-1, max-image-preview:large, max-video-preview:-1\" \/>\n<link rel=\"canonical\" href=\"https:\/\/radioljubuski.ba\/index.php\/2021\/08\/17\/embiid-potpisao-visegodisnji-ugovor-sa-sixersima\/\" \/>\n<meta property=\"og:locale\" content=\"hr_HR\" \/>\n<meta property=\"og:type\" content=\"article\" \/>\n<meta property=\"og:title\" content=\"Embiid potpisao vi\u0161egodi\u0161nji ugovor sa Sixersima - RADIO LJUBU\u0160KI\" \/>\n<meta property=\"og:description\" content=\"Zvijezda NBA mom\u010dadi Philadelphia 76ersa Joel Embiid produljio je vjernost klubu za jo\u0161 \u010detiri godine iako mu postoje\u0107i ugovor vrijedi jo\u0161 dvije godine za koje treba dobiti 65 milijuna dolara. U Sixersima \u0107e tako Embiid provesti do 2027., a vrijednost novog ugovora je 196 milijuna dolara, navode ameri\u010dki mediji. U\u00a0postoje\u0107em ugovoru uprava kluba ubacila je [&hellip;]\" \/>\n<meta property=\"og:url\" content=\"https:\/\/radioljubuski.ba\/index.php\/2021\/08\/17\/embiid-potpisao-visegodisnji-ugovor-sa-sixersima\/\" \/>\n<meta property=\"og:site_name\" content=\"RADIO LJUBU\u0160KI\" \/>\n<meta property=\"article:publisher\" content=\"https:\/\/www.facebook.com\/Radiio-Ljubuski-1490835324566332\" \/>\n<meta property=\"article:published_time\" content=\"2021-08-17T19:51:43+00:00\" \/>\n<meta property=\"article:modified_time\" content=\"2021-08-17T19:51:45+00:00\" \/>\n<meta property=\"og:image\" content=\"https:\/\/radioljubuski.ba\/wp-content\/uploads\/2021\/08\/embiid-1708-20210817150051.jpg\" \/>\n\t<meta property=\"og:image:width\" content=\"2500\" \/>\n\t<meta property=\"og:image:height\" content=\"1667\" \/>\n\t<meta property=\"og:image:type\" content=\"image\/jpeg\" \/>\n<meta name=\"author\" content=\"Radio Ljubu\u0161ki\" \/>\n<meta name=\"twitter:card\" content=\"summary_large_image\" \/>\n<meta name=\"twitter:creator\" content=\"@radioljubuski\" \/>\n<meta name=\"twitter:site\" content=\"@radioljubuski\" \/>\n<meta name=\"twitter:label1\" content=\"Napisao\/la\" \/>\n\t<meta name=\"twitter:data1\" content=\"Radio Ljubu\u0161ki\" \/>\n\t<meta name=\"twitter:label2\" content=\"Procijenjeno vrijeme \u010ditanja\" \/>\n\t<meta name=\"twitter:data2\" content=\"1 minuta\" \/>\n<script type=\"application\/ld+json\" class=\"yoast-schema-graph\">{\"@context\":\"https:\\\/\\\/schema.org\",\"@graph\":[{\"@type\":\"Article\",\"@id\":\"https:\\\/\\\/radioljubuski.ba\\\/index.php\\\/2021\\\/08\\\/17\\\/embiid-potpisao-visegodisnji-ugovor-sa-sixersima\\\/#article\",\"isPartOf\":{\"@id\":\"https:\\\/\\\/radioljubuski.ba\\\/index.php\\\/2021\\\/08\\\/17\\\/embiid-potpisao-visegodisnji-ugovor-sa-sixersima\\\/\"},\"author\":{\"name\":\"Radio Ljubu\u0161ki\",\"@id\":\"https:\\\/\\\/radioljubuski.ba\\\/#\\\/schema\\\/person\\\/19fc700381a780f69665d7956c469e3b\"},\"headline\":\"Embiid potpisao vi\u0161egodi\u0161nji ugovor sa Sixersima\",\"datePublished\":\"2021-08-17T19:51:43+00:00\",\"dateModified\":\"2021-08-17T19:51:45+00:00\",\"mainEntityOfPage\":{\"@id\":\"https:\\\/\\\/radioljubuski.ba\\\/index.php\\\/2021\\\/08\\\/17\\\/embiid-potpisao-visegodisnji-ugovor-sa-sixersima\\\/\"},\"wordCount\":233,\"publisher\":{\"@id\":\"https:\\\/\\\/radioljubuski.ba\\\/#organization\"},\"image\":{\"@id\":\"https:\\\/\\\/radioljubuski.ba\\\/index.php\\\/2021\\\/08\\\/17\\\/embiid-potpisao-visegodisnji-ugovor-sa-sixersima\\\/#primaryimage\"},\"thumbnailUrl\":\"https:\\\/\\\/radioljubuski.ba\\\/wp-content\\\/uploads\\\/2021\\\/08\\\/embiid-1708-20210817150051.jpg\",\"articleSection\":[\"\u0160port\"],\"inLanguage\":\"hr\"},{\"@type\":\"WebPage\",\"@id\":\"https:\\\/\\\/radioljubuski.ba\\\/index.php\\\/2021\\\/08\\\/17\\\/embiid-potpisao-visegodisnji-ugovor-sa-sixersima\\\/\",\"url\":\"https:\\\/\\\/radioljubuski.ba\\\/index.php\\\/2021\\\/08\\\/17\\\/embiid-potpisao-visegodisnji-ugovor-sa-sixersima\\\/\",\"name\":\"Embiid potpisao vi\u0161egodi\u0161nji ugovor sa Sixersima - RADIO LJUBU\u0160KI\",\"isPartOf\":{\"@id\":\"https:\\\/\\\/radioljubuski.ba\\\/#website\"},\"primaryImageOfPage\":{\"@id\":\"https:\\\/\\\/radioljubuski.ba\\\/index.php\\\/2021\\\/08\\\/17\\\/embiid-potpisao-visegodisnji-ugovor-sa-sixersima\\\/#primaryimage\"},\"image\":{\"@id\":\"https:\\\/\\\/radioljubuski.ba\\\/index.php\\\/2021\\\/08\\\/17\\\/embiid-potpisao-visegodisnji-ugovor-sa-sixersima\\\/#primaryimage\"},\"thumbnailUrl\":\"https:\\\/\\\/radioljubuski.ba\\\/wp-content\\\/uploads\\\/2021\\\/08\\\/embiid-1708-20210817150051.jpg\",\"datePublished\":\"2021-08-17T19:51:43+00:00\",\"dateModified\":\"2021-08-17T19:51:45+00:00\",\"breadcrumb\":{\"@id\":\"https:\\\/\\\/radioljubuski.ba\\\/index.php\\\/2021\\\/08\\\/17\\\/embiid-potpisao-visegodisnji-ugovor-sa-sixersima\\\/#breadcrumb\"},\"inLanguage\":\"hr\",\"potentialAction\":[{\"@type\":\"ReadAction\",\"target\":[\"https:\\\/\\\/radioljubuski.ba\\\/index.php\\\/2021\\\/08\\\/17\\\/embiid-potpisao-visegodisnji-ugovor-sa-sixersima\\\/\"]}]},{\"@type\":\"ImageObject\",\"inLanguage\":\"hr\",\"@id\":\"https:\\\/\\\/radioljubuski.ba\\\/index.php\\\/2021\\\/08\\\/17\\\/embiid-potpisao-visegodisnji-ugovor-sa-sixersima\\\/#primaryimage\",\"url\":\"https:\\\/\\\/radioljubuski.ba\\\/wp-content\\\/uploads\\\/2021\\\/08\\\/embiid-1708-20210817150051.jpg\",\"contentUrl\":\"https:\\\/\\\/radioljubuski.ba\\\/wp-content\\\/uploads\\\/2021\\\/08\\\/embiid-1708-20210817150051.jpg\",\"width\":2500,\"height\":1667},{\"@type\":\"BreadcrumbList\",\"@id\":\"https:\\\/\\\/radioljubuski.ba\\\/index.php\\\/2021\\\/08\\\/17\\\/embiid-potpisao-visegodisnji-ugovor-sa-sixersima\\\/#breadcrumb\",\"itemListElement\":[{\"@type\":\"ListItem\",\"position\":1,\"name\":\"Po\u010detna stranica\",\"item\":\"https:\\\/\\\/radioljubuski.ba\\\/\"},{\"@type\":\"ListItem\",\"position\":2,\"name\":\"Embiid potpisao vi\u0161egodi\u0161nji ugovor sa Sixersima\"}]},{\"@type\":\"WebSite\",\"@id\":\"https:\\\/\\\/radioljubuski.ba\\\/#website\",\"url\":\"https:\\\/\\\/radioljubuski.ba\\\/\",\"name\":\"Radio Ljubu\u0161ki\",\"description\":\"Sun\u010dana frekvencija Hercegovine\",\"publisher\":{\"@id\":\"https:\\\/\\\/radioljubuski.ba\\\/#organization\"},\"potentialAction\":[{\"@type\":\"SearchAction\",\"target\":{\"@type\":\"EntryPoint\",\"urlTemplate\":\"https:\\\/\\\/radioljubuski.ba\\\/?s={search_term_string}\"},\"query-input\":{\"@type\":\"PropertyValueSpecification\",\"valueRequired\":true,\"valueName\":\"search_term_string\"}}],\"inLanguage\":\"hr\"},{\"@type\":\"Organization\",\"@id\":\"https:\\\/\\\/radioljubuski.ba\\\/#organization\",\"name\":\"Radio Ljubu\u0161ki\",\"url\":\"https:\\\/\\\/radioljubuski.ba\\\/\",\"logo\":{\"@type\":\"ImageObject\",\"inLanguage\":\"hr\",\"@id\":\"https:\\\/\\\/radioljubuski.ba\\\/#\\\/schema\\\/logo\\\/image\\\/\",\"url\":\"https:\\\/\\\/radioljubuski.ba\\\/wp-content\\\/uploads\\\/2021\\\/02\\\/cropped-Radio_Ljubuski_logo1.jpg\",\"contentUrl\":\"https:\\\/\\\/radioljubuski.ba\\\/wp-content\\\/uploads\\\/2021\\\/02\\\/cropped-Radio_Ljubuski_logo1.jpg\",\"width\":512,\"height\":512,\"caption\":\"Radio Ljubu\u0161ki\"},\"image\":{\"@id\":\"https:\\\/\\\/radioljubuski.ba\\\/#\\\/schema\\\/logo\\\/image\\\/\"},\"sameAs\":[\"https:\\\/\\\/www.facebook.com\\\/Radiio-Ljubuski-1490835324566332\",\"https:\\\/\\\/x.com\\\/radioljubuski\",\"https:\\\/\\\/hr.linkedin.com\\\/company\\\/radio-ljubuski\",\"https:\\\/\\\/www.youtube.com\\\/channel\\\/UCHYaeO_n0Db3tjNGudGpXyw\"]},{\"@type\":\"Person\",\"@id\":\"https:\\\/\\\/radioljubuski.ba\\\/#\\\/schema\\\/person\\\/19fc700381a780f69665d7956c469e3b\",\"name\":\"Radio Ljubu\u0161ki\"}]}<\/script>\n<!-- \/ Yoast SEO plugin. -->","yoast_head_json":{"title":"Embiid potpisao vi\u0161egodi\u0161nji ugovor sa Sixersima - RADIO LJUBU\u0160KI","robots":{"index":"index","follow":"follow","max-snippet":"max-snippet:-1","max-image-preview":"max-image-preview:large","max-video-preview":"max-video-preview:-1"},"canonical":"https:\/\/radioljubuski.ba\/index.php\/2021\/08\/17\/embiid-potpisao-visegodisnji-ugovor-sa-sixersima\/","og_locale":"hr_HR","og_type":"article","og_title":"Embiid potpisao vi\u0161egodi\u0161nji ugovor sa Sixersima - RADIO LJUBU\u0160KI","og_description":"Zvijezda NBA mom\u010dadi Philadelphia 76ersa Joel Embiid produljio je vjernost klubu za jo\u0161 \u010detiri godine iako mu postoje\u0107i ugovor vrijedi jo\u0161 dvije godine za koje treba dobiti 65 milijuna dolara. U Sixersima \u0107e tako Embiid provesti do 2027., a vrijednost novog ugovora je 196 milijuna dolara, navode ameri\u010dki mediji. U\u00a0postoje\u0107em ugovoru uprava kluba ubacila je [&hellip;]","og_url":"https:\/\/radioljubuski.ba\/index.php\/2021\/08\/17\/embiid-potpisao-visegodisnji-ugovor-sa-sixersima\/","og_site_name":"RADIO LJUBU\u0160KI","article_publisher":"https:\/\/www.facebook.com\/Radiio-Ljubuski-1490835324566332","article_published_time":"2021-08-17T19:51:43+00:00","article_modified_time":"2021-08-17T19:51:45+00:00","og_image":[{"width":2500,"height":1667,"url":"https:\/\/radioljubuski.ba\/wp-content\/uploads\/2021\/08\/embiid-1708-20210817150051.jpg","type":"image\/jpeg"}],"author":"Radio Ljubu\u0161ki","twitter_card":"summary_large_image","twitter_creator":"@radioljubuski","twitter_site":"@radioljubuski","twitter_misc":{"Napisao\/la":"Radio Ljubu\u0161ki","Procijenjeno vrijeme \u010ditanja":"1 minuta"},"schema":{"@context":"https:\/\/schema.org","@graph":[{"@type":"Article","@id":"https:\/\/radioljubuski.ba\/index.php\/2021\/08\/17\/embiid-potpisao-visegodisnji-ugovor-sa-sixersima\/#article","isPartOf":{"@id":"https:\/\/radioljubuski.ba\/index.php\/2021\/08\/17\/embiid-potpisao-visegodisnji-ugovor-sa-sixersima\/"},"author":{"name":"Radio Ljubu\u0161ki","@id":"https:\/\/radioljubuski.ba\/#\/schema\/person\/19fc700381a780f69665d7956c469e3b"},"headline":"Embiid potpisao vi\u0161egodi\u0161nji ugovor sa Sixersima","datePublished":"2021-08-17T19:51:43+00:00","dateModified":"2021-08-17T19:51:45+00:00","mainEntityOfPage":{"@id":"https:\/\/radioljubuski.ba\/index.php\/2021\/08\/17\/embiid-potpisao-visegodisnji-ugovor-sa-sixersima\/"},"wordCount":233,"publisher":{"@id":"https:\/\/radioljubuski.ba\/#organization"},"image":{"@id":"https:\/\/radioljubuski.ba\/index.php\/2021\/08\/17\/embiid-potpisao-visegodisnji-ugovor-sa-sixersima\/#primaryimage"},"thumbnailUrl":"https:\/\/radioljubuski.ba\/wp-content\/uploads\/2021\/08\/embiid-1708-20210817150051.jpg","articleSection":["\u0160port"],"inLanguage":"hr"},{"@type":"WebPage","@id":"https:\/\/radioljubuski.ba\/index.php\/2021\/08\/17\/embiid-potpisao-visegodisnji-ugovor-sa-sixersima\/","url":"https:\/\/radioljubuski.ba\/index.php\/2021\/08\/17\/embiid-potpisao-visegodisnji-ugovor-sa-sixersima\/","name":"Embiid potpisao vi\u0161egodi\u0161nji ugovor sa Sixersima - RADIO LJUBU\u0160KI","isPartOf":{"@id":"https:\/\/radioljubuski.ba\/#website"},"primaryImageOfPage":{"@id":"https:\/\/radioljubuski.ba\/index.php\/2021\/08\/17\/embiid-potpisao-visegodisnji-ugovor-sa-sixersima\/#primaryimage"},"image":{"@id":"https:\/\/radioljubuski.ba\/index.php\/2021\/08\/17\/embiid-potpisao-visegodisnji-ugovor-sa-sixersima\/#primaryimage"},"thumbnailUrl":"https:\/\/radioljubuski.ba\/wp-content\/uploads\/2021\/08\/embiid-1708-20210817150051.jpg","datePublished":"2021-08-17T19:51:43+00:00","dateModified":"2021-08-17T19:51:45+00:00","breadcrumb":{"@id":"https:\/\/radioljubuski.ba\/index.php\/2021\/08\/17\/embiid-potpisao-visegodisnji-ugovor-sa-sixersima\/#breadcrumb"},"inLanguage":"hr","potentialAction":[{"@type":"ReadAction","target":["https:\/\/radioljubuski.ba\/index.php\/2021\/08\/17\/embiid-potpisao-visegodisnji-ugovor-sa-sixersima\/"]}]},{"@type":"ImageObject","inLanguage":"hr","@id":"https:\/\/radioljubuski.ba\/index.php\/2021\/08\/17\/embiid-potpisao-visegodisnji-ugovor-sa-sixersima\/#primaryimage","url":"https:\/\/radioljubuski.ba\/wp-content\/uploads\/2021\/08\/embiid-1708-20210817150051.jpg","contentUrl":"https:\/\/radioljubuski.ba\/wp-content\/uploads\/2021\/08\/embiid-1708-20210817150051.jpg","width":2500,"height":1667},{"@type":"BreadcrumbList","@id":"https:\/\/radioljubuski.ba\/index.php\/2021\/08\/17\/embiid-potpisao-visegodisnji-ugovor-sa-sixersima\/#breadcrumb","itemListElement":[{"@type":"ListItem","position":1,"name":"Po\u010detna stranica","item":"https:\/\/radioljubuski.ba\/"},{"@type":"ListItem","position":2,"name":"Embiid potpisao vi\u0161egodi\u0161nji ugovor sa Sixersima"}]},{"@type":"WebSite","@id":"https:\/\/radioljubuski.ba\/#website","url":"https:\/\/radioljubuski.ba\/","name":"Radio Ljubu\u0161ki","description":"Sun\u010dana frekvencija Hercegovine","publisher":{"@id":"https:\/\/radioljubuski.ba\/#organization"},"potentialAction":[{"@type":"SearchAction","target":{"@type":"EntryPoint","urlTemplate":"https:\/\/radioljubuski.ba\/?s={search_term_string}"},"query-input":{"@type":"PropertyValueSpecification","valueRequired":true,"valueName":"search_term_string"}}],"inLanguage":"hr"},{"@type":"Organization","@id":"https:\/\/radioljubuski.ba\/#organization","name":"Radio Ljubu\u0161ki","url":"https:\/\/radioljubuski.ba\/","logo":{"@type":"ImageObject","inLanguage":"hr","@id":"https:\/\/radioljubuski.ba\/#\/schema\/logo\/image\/","url":"https:\/\/radioljubuski.ba\/wp-content\/uploads\/2021\/02\/cropped-Radio_Ljubuski_logo1.jpg","contentUrl":"https:\/\/radioljubuski.ba\/wp-content\/uploads\/2021\/02\/cropped-Radio_Ljubuski_logo1.jpg","width":512,"height":512,"caption":"Radio Ljubu\u0161ki"},"image":{"@id":"https:\/\/radioljubuski.ba\/#\/schema\/logo\/image\/"},"sameAs":["https:\/\/www.facebook.com\/Radiio-Ljubuski-1490835324566332","https:\/\/x.com\/radioljubuski","https:\/\/hr.linkedin.com\/company\/radio-ljubuski","https:\/\/www.youtube.com\/channel\/UCHYaeO_n0Db3tjNGudGpXyw"]},{"@type":"Person","@id":"https:\/\/radioljubuski.ba\/#\/schema\/person\/19fc700381a780f69665d7956c469e3b","name":"Radio Ljubu\u0161ki"}]}},"_links":{"self":[{"href":"https:\/\/radioljubuski.ba\/index.php\/wp-json\/wp\/v2\/posts\/54370","targetHints":{"allow":["GET"]}}],"collection":[{"href":"https:\/\/radioljubuski.ba\/index.php\/wp-json\/wp\/v2\/posts"}],"about":[{"href":"https:\/\/radioljubuski.ba\/index.php\/wp-json\/wp\/v2\/types\/post"}],"author":[{"embeddable":true,"href":"https:\/\/radioljubuski.ba\/index.php\/wp-json\/wp\/v2\/users\/2"}],"replies":[{"embeddable":true,"href":"https:\/\/radioljubuski.ba\/index.php\/wp-json\/wp\/v2\/comments?post=54370"}],"version-history":[{"count":1,"href":"https:\/\/radioljubuski.ba\/index.php\/wp-json\/wp\/v2\/posts\/54370\/revisions"}],"predecessor-version":[{"id":54372,"href":"https:\/\/radioljubuski.ba\/index.php\/wp-json\/wp\/v2\/posts\/54370\/revisions\/54372"}],"wp:featuredmedia":[{"embeddable":true,"href":"https:\/\/radioljubuski.ba\/index.php\/wp-json\/wp\/v2\/media\/54371"}],"wp:attachment":[{"href":"https:\/\/radioljubuski.ba\/index.php\/wp-json\/wp\/v2\/media?parent=54370"}],"wp:term":[{"taxonomy":"category","embeddable":true,"href":"https:\/\/radioljubuski.ba\/index.php\/wp-json\/wp\/v2\/categories?post=54370"},{"taxonomy":"post_tag","embeddable":true,"href":"https:\/\/radioljubuski.ba\/index.php\/wp-json\/wp\/v2\/tags?post=54370"}],"curies":[{"name":"wp","href":"https:\/\/api.w.org\/{rel}","templated":true}]}}