{"id":54451,"date":"2021-08-18T10:52:53","date_gmt":"2021-08-18T09:52:53","guid":{"rendered":"https:\/\/radioljubuski.ba\/?p=54451"},"modified":"2021-08-18T10:52:54","modified_gmt":"2021-08-18T09:52:54","slug":"madarska-nece-bezuvjetno-primati-migrante-iz-afganistana-necemo-placati-za-pogrjeske-sad-a","status":"publish","type":"post","link":"https:\/\/radioljubuski.ba\/index.php\/2021\/08\/18\/madarska-nece-bezuvjetno-primati-migrante-iz-afganistana-necemo-placati-za-pogrjeske-sad-a\/","title":{"rendered":"Ma\u0111arska ne\u0107e bezuvjetno primati migrante iz Afganistana: Ne\u0107emo pla\u0107ati za pogrje\u0161ke SAD-a"},"content":{"rendered":"\n<p><strong>Ma\u0111arski ministar vanjskih poslova i trgovine Levante Magyar u ponedjeljak je izjavio kako Ma\u0111arska ne\u0107e bezuvjetno i neograni\u010deno primati migrante iz Afganistana. Magyar je podsjetio kako su u bliskoj pro\u0161losti svi mogli svjedo\u010diti potpunom vojnom i politi\u010dkom kolapsu Afganistana dok su se me\u0111unarodne snage predvo\u0111ene SAD-om odlu\u010dile povu\u0107i iz te zemlje nakon 20 godina, prouzro\u010div\u0161i tako scene kaosa u afganistanskom glavnom gradu Kabulu<\/strong>, prenosi <a href=\"https:\/\/rmx.news\/hungary\/hungary-will-not-accept-afghan-migrants-without-limit-refuses-to-make-hungarians-pay-for-foreign-policy-disaster\/\">Remix<\/a>.<\/p>\n\n\n\n<p>\u201cKada su Amerikanci najavili povla\u010denje, ma\u0111arska je vlada priop\u0107ila kako se proces povla\u010denja mora odigrati tako da Afganistan ne postane opet uto\u010di\u0161te me\u0111unarodnog terorizma i zemlja masovnih migracija\u201d, rekao je dodav\u0161i da \u010ditava operacija nije uspjela udovoljiti o\u010dekivanjima koja je prihvatila i artikulirala me\u0111unarodna zajednica.<\/p>\n\n\n\n<p>Kako je kazao, ma\u0111arska vlada nije voljna dopustiti da ma\u0111arski narod pla\u0107a za posljedice pogrje\u0161ne geopoliti\u010dke odluke i pogrje\u0161no implementirane geopoliti\u010dke akcije.<\/p>\n\n\n\n<p>\u201cNe prihva\u0107amo o\u010dekivanja, inicijative i pozive upu\u0107ene Ma\u0111arskoj da ona bez ograni\u010denja primi svakoga tko \u017eeli u ovim te\u0161kim vremenima napustiti Afganistan\u201d, rekao je Magyar.<\/p>\n\n\n\n<p>Tako\u0111er se osvrnuo na \u010dinjenicu da \u0107e Ma\u0111arska i u ovom slu\u010daju <strong>dopustiti iznimku<\/strong>: ozbiljno se razmatra kako pomo\u0107i onima koji su <strong>radili za ma\u0111arske ekipe kao prevoditelji, tuma\u010di ili sura\u0111ivali s Ma\u0111arima na druge na\u010dine u proteklih 20 godina<\/strong>.<\/p>\n\n\n\n<p>Magyar je napomenuo da su u kontaktu s tim osobama i razmatra se o na\u010dinu na koji im se mo\u017ee pomo\u0107i. Kazao je kako je Ma\u0111arska vojni saveznik SAD-a, ali u isto vrijeme Amerika \u2013 zbog svoje snage \u2013 mo\u017ee na globalnoj razini \u010diniti ono \u0161to nitko ne mo\u017ee. Dodao je da je o\u010dito kako se <strong>vojno povla\u010denje nije trebalo dogoditi na ovakav na\u010din<\/strong>.<\/p>\n\n\n\n<p>\u201cOno \u0161to sada vidimo u Kabulu i raznim dijelovima Afganistana uistinu je zastra\u0161uju\u0107e i mislim da bi to mogao biti po\u010detak jednog razdoblja \u2013 ne samo za sredi\u0161nju Aziju i Bliski Istok, nego i za cijeli svijet \u2013 u kontekstu <strong>migracija i me\u0111unarodnog terorizma<\/strong>. Ovakav razvoj doga\u0111aja svakako je nepo\u017eeljan, a mo\u017eda ga se moglo i izbje\u0107i\u201d, kazao je Magyar.<\/p>\n\n\n\n<p>Prema njemu, oni koji \u017eele napustiti Afganistan danas, mogu bez ve\u0107ih prepreka do\u0107i do Turske i \u201cna na\u0161im je Turskim prijateljima da rije\u0161e tu situaciju\u201d. Smatra da ako migranti pro\u0111u Tursku, bit \u0107e na grani\u010dnom prijelazu izme\u0111u Srbije i Ma\u0111arske (R\u00f6szke) za samo nekoliko dana, i zato se moraju <strong>pripremiti za ozbiljan val potencijalne migracije<\/strong>.<\/p>\n\n\n\n<p>\u201cNe bojim se da \u0107e ma\u0111arska sigurnost biti ugro\u017eena\u201d, rekao je, dodav\u0161i da bez obzira na to Ma\u0111arska mora poslati <strong>jasnu poruku svim svojim partnerima da je potpuno neprihvatljivo da takve odluke donose velike sile i proizvode katastrofalne posljedice u ovom slu\u010daju.<\/strong><\/p>\n\n\n\n<p><em>Izvor: narod.hr\/rmx.news<\/em><\/p>\n","protected":false},"excerpt":{"rendered":"<p>Ma\u0111arski ministar vanjskih poslova i trgovine Levante Magyar u ponedjeljak je izjavio kako Ma\u0111arska ne\u0107e bezuvjetno i neograni\u010deno primati migrante iz Afganistana. Magyar je podsjetio kako su u bliskoj pro\u0161losti svi mogli svjedo\u010diti potpunom vojnom i politi\u010dkom kolapsu Afganistana dok su se me\u0111unarodne snage predvo\u0111ene SAD-om odlu\u010dile povu\u0107i iz te zemlje nakon 20 godina, prouzro\u010div\u0161i [&hellip;]<\/p>\n","protected":false},"author":2,"featured_media":54453,"comment_status":"closed","ping_status":"closed","sticky":false,"template":"","format":"standard","meta":{"h5ap_radio_sources":[],"footnotes":""},"categories":[1],"tags":[],"class_list":["post-54451","post","type-post","status-publish","format-standard","has-post-thumbnail","hentry","category-bihiregija"],"yoast_head":"<!-- This site is optimized with the Yoast SEO plugin v27.4 - https:\/\/yoast.com\/product\/yoast-seo-wordpress\/ -->\n<title>Ma\u0111arska ne\u0107e bezuvjetno primati migrante iz Afganistana: Ne\u0107emo pla\u0107ati za pogrje\u0161ke SAD-a - RADIO LJUBU\u0160KI<\/title>\n<meta name=\"robots\" content=\"index, follow, max-snippet:-1, max-image-preview:large, max-video-preview:-1\" \/>\n<link rel=\"canonical\" href=\"https:\/\/radioljubuski.ba\/index.php\/2021\/08\/18\/madarska-nece-bezuvjetno-primati-migrante-iz-afganistana-necemo-placati-za-pogrjeske-sad-a\/\" \/>\n<meta property=\"og:locale\" content=\"hr_HR\" \/>\n<meta property=\"og:type\" content=\"article\" \/>\n<meta property=\"og:title\" content=\"Ma\u0111arska ne\u0107e bezuvjetno primati migrante iz Afganistana: Ne\u0107emo pla\u0107ati za pogrje\u0161ke SAD-a - RADIO LJUBU\u0160KI\" \/>\n<meta property=\"og:description\" content=\"Ma\u0111arski ministar vanjskih poslova i trgovine Levante Magyar u ponedjeljak je izjavio kako Ma\u0111arska ne\u0107e bezuvjetno i neograni\u010deno primati migrante iz Afganistana. Magyar je podsjetio kako su u bliskoj pro\u0161losti svi mogli svjedo\u010diti potpunom vojnom i politi\u010dkom kolapsu Afganistana dok su se me\u0111unarodne snage predvo\u0111ene SAD-om odlu\u010dile povu\u0107i iz te zemlje nakon 20 godina, prouzro\u010div\u0161i [&hellip;]\" \/>\n<meta property=\"og:url\" content=\"https:\/\/radioljubuski.ba\/index.php\/2021\/08\/18\/madarska-nece-bezuvjetno-primati-migrante-iz-afganistana-necemo-placati-za-pogrjeske-sad-a\/\" \/>\n<meta property=\"og:site_name\" content=\"RADIO LJUBU\u0160KI\" \/>\n<meta property=\"article:publisher\" content=\"https:\/\/www.facebook.com\/Radiio-Ljubuski-1490835324566332\" \/>\n<meta property=\"article:published_time\" content=\"2021-08-18T09:52:53+00:00\" \/>\n<meta property=\"article:modified_time\" content=\"2021-08-18T09:52:54+00:00\" \/>\n<meta property=\"og:image\" content=\"https:\/\/radioljubuski.ba\/wp-content\/uploads\/2021\/08\/orban-talibani-696x464-1.jpg\" \/>\n\t<meta property=\"og:image:width\" content=\"696\" \/>\n\t<meta property=\"og:image:height\" content=\"464\" \/>\n\t<meta property=\"og:image:type\" content=\"image\/jpeg\" \/>\n<meta name=\"author\" content=\"Radio Ljubu\u0161ki\" \/>\n<meta name=\"twitter:card\" content=\"summary_large_image\" \/>\n<meta name=\"twitter:creator\" content=\"@radioljubuski\" \/>\n<meta name=\"twitter:site\" content=\"@radioljubuski\" \/>\n<meta name=\"twitter:label1\" content=\"Napisao\/la\" \/>\n\t<meta name=\"twitter:data1\" content=\"Radio Ljubu\u0161ki\" \/>\n\t<meta name=\"twitter:label2\" content=\"Procijenjeno vrijeme \u010ditanja\" \/>\n\t<meta name=\"twitter:data2\" content=\"2 minute\" \/>\n<script type=\"application\/ld+json\" class=\"yoast-schema-graph\">{\"@context\":\"https:\\\/\\\/schema.org\",\"@graph\":[{\"@type\":\"Article\",\"@id\":\"https:\\\/\\\/radioljubuski.ba\\\/index.php\\\/2021\\\/08\\\/18\\\/madarska-nece-bezuvjetno-primati-migrante-iz-afganistana-necemo-placati-za-pogrjeske-sad-a\\\/#article\",\"isPartOf\":{\"@id\":\"https:\\\/\\\/radioljubuski.ba\\\/index.php\\\/2021\\\/08\\\/18\\\/madarska-nece-bezuvjetno-primati-migrante-iz-afganistana-necemo-placati-za-pogrjeske-sad-a\\\/\"},\"author\":{\"name\":\"Radio Ljubu\u0161ki\",\"@id\":\"https:\\\/\\\/radioljubuski.ba\\\/#\\\/schema\\\/person\\\/19fc700381a780f69665d7956c469e3b\"},\"headline\":\"Ma\u0111arska ne\u0107e bezuvjetno primati migrante iz Afganistana: Ne\u0107emo pla\u0107ati za pogrje\u0161ke SAD-a\",\"datePublished\":\"2021-08-18T09:52:53+00:00\",\"dateModified\":\"2021-08-18T09:52:54+00:00\",\"mainEntityOfPage\":{\"@id\":\"https:\\\/\\\/radioljubuski.ba\\\/index.php\\\/2021\\\/08\\\/18\\\/madarska-nece-bezuvjetno-primati-migrante-iz-afganistana-necemo-placati-za-pogrjeske-sad-a\\\/\"},\"wordCount\":511,\"publisher\":{\"@id\":\"https:\\\/\\\/radioljubuski.ba\\\/#organization\"},\"image\":{\"@id\":\"https:\\\/\\\/radioljubuski.ba\\\/index.php\\\/2021\\\/08\\\/18\\\/madarska-nece-bezuvjetno-primati-migrante-iz-afganistana-necemo-placati-za-pogrjeske-sad-a\\\/#primaryimage\"},\"thumbnailUrl\":\"https:\\\/\\\/radioljubuski.ba\\\/wp-content\\\/uploads\\\/2021\\\/08\\\/orban-talibani-696x464-1.jpg\",\"articleSection\":[\"BIH i regija\"],\"inLanguage\":\"hr\"},{\"@type\":\"WebPage\",\"@id\":\"https:\\\/\\\/radioljubuski.ba\\\/index.php\\\/2021\\\/08\\\/18\\\/madarska-nece-bezuvjetno-primati-migrante-iz-afganistana-necemo-placati-za-pogrjeske-sad-a\\\/\",\"url\":\"https:\\\/\\\/radioljubuski.ba\\\/index.php\\\/2021\\\/08\\\/18\\\/madarska-nece-bezuvjetno-primati-migrante-iz-afganistana-necemo-placati-za-pogrjeske-sad-a\\\/\",\"name\":\"Ma\u0111arska ne\u0107e bezuvjetno primati migrante iz Afganistana: Ne\u0107emo pla\u0107ati za pogrje\u0161ke SAD-a - RADIO LJUBU\u0160KI\",\"isPartOf\":{\"@id\":\"https:\\\/\\\/radioljubuski.ba\\\/#website\"},\"primaryImageOfPage\":{\"@id\":\"https:\\\/\\\/radioljubuski.ba\\\/index.php\\\/2021\\\/08\\\/18\\\/madarska-nece-bezuvjetno-primati-migrante-iz-afganistana-necemo-placati-za-pogrjeske-sad-a\\\/#primaryimage\"},\"image\":{\"@id\":\"https:\\\/\\\/radioljubuski.ba\\\/index.php\\\/2021\\\/08\\\/18\\\/madarska-nece-bezuvjetno-primati-migrante-iz-afganistana-necemo-placati-za-pogrjeske-sad-a\\\/#primaryimage\"},\"thumbnailUrl\":\"https:\\\/\\\/radioljubuski.ba\\\/wp-content\\\/uploads\\\/2021\\\/08\\\/orban-talibani-696x464-1.jpg\",\"datePublished\":\"2021-08-18T09:52:53+00:00\",\"dateModified\":\"2021-08-18T09:52:54+00:00\",\"breadcrumb\":{\"@id\":\"https:\\\/\\\/radioljubuski.ba\\\/index.php\\\/2021\\\/08\\\/18\\\/madarska-nece-bezuvjetno-primati-migrante-iz-afganistana-necemo-placati-za-pogrjeske-sad-a\\\/#breadcrumb\"},\"inLanguage\":\"hr\",\"potentialAction\":[{\"@type\":\"ReadAction\",\"target\":[\"https:\\\/\\\/radioljubuski.ba\\\/index.php\\\/2021\\\/08\\\/18\\\/madarska-nece-bezuvjetno-primati-migrante-iz-afganistana-necemo-placati-za-pogrjeske-sad-a\\\/\"]}]},{\"@type\":\"ImageObject\",\"inLanguage\":\"hr\",\"@id\":\"https:\\\/\\\/radioljubuski.ba\\\/index.php\\\/2021\\\/08\\\/18\\\/madarska-nece-bezuvjetno-primati-migrante-iz-afganistana-necemo-placati-za-pogrjeske-sad-a\\\/#primaryimage\",\"url\":\"https:\\\/\\\/radioljubuski.ba\\\/wp-content\\\/uploads\\\/2021\\\/08\\\/orban-talibani-696x464-1.jpg\",\"contentUrl\":\"https:\\\/\\\/radioljubuski.ba\\\/wp-content\\\/uploads\\\/2021\\\/08\\\/orban-talibani-696x464-1.jpg\",\"width\":696,\"height\":464},{\"@type\":\"BreadcrumbList\",\"@id\":\"https:\\\/\\\/radioljubuski.ba\\\/index.php\\\/2021\\\/08\\\/18\\\/madarska-nece-bezuvjetno-primati-migrante-iz-afganistana-necemo-placati-za-pogrjeske-sad-a\\\/#breadcrumb\",\"itemListElement\":[{\"@type\":\"ListItem\",\"position\":1,\"name\":\"Po\u010detna stranica\",\"item\":\"https:\\\/\\\/radioljubuski.ba\\\/\"},{\"@type\":\"ListItem\",\"position\":2,\"name\":\"Ma\u0111arska ne\u0107e bezuvjetno primati migrante iz Afganistana: Ne\u0107emo pla\u0107ati za pogrje\u0161ke SAD-a\"}]},{\"@type\":\"WebSite\",\"@id\":\"https:\\\/\\\/radioljubuski.ba\\\/#website\",\"url\":\"https:\\\/\\\/radioljubuski.ba\\\/\",\"name\":\"Radio Ljubu\u0161ki\",\"description\":\"Sun\u010dana frekvencija Hercegovine\",\"publisher\":{\"@id\":\"https:\\\/\\\/radioljubuski.ba\\\/#organization\"},\"potentialAction\":[{\"@type\":\"SearchAction\",\"target\":{\"@type\":\"EntryPoint\",\"urlTemplate\":\"https:\\\/\\\/radioljubuski.ba\\\/?s={search_term_string}\"},\"query-input\":{\"@type\":\"PropertyValueSpecification\",\"valueRequired\":true,\"valueName\":\"search_term_string\"}}],\"inLanguage\":\"hr\"},{\"@type\":\"Organization\",\"@id\":\"https:\\\/\\\/radioljubuski.ba\\\/#organization\",\"name\":\"Radio Ljubu\u0161ki\",\"url\":\"https:\\\/\\\/radioljubuski.ba\\\/\",\"logo\":{\"@type\":\"ImageObject\",\"inLanguage\":\"hr\",\"@id\":\"https:\\\/\\\/radioljubuski.ba\\\/#\\\/schema\\\/logo\\\/image\\\/\",\"url\":\"https:\\\/\\\/radioljubuski.ba\\\/wp-content\\\/uploads\\\/2021\\\/02\\\/cropped-Radio_Ljubuski_logo1.jpg\",\"contentUrl\":\"https:\\\/\\\/radioljubuski.ba\\\/wp-content\\\/uploads\\\/2021\\\/02\\\/cropped-Radio_Ljubuski_logo1.jpg\",\"width\":512,\"height\":512,\"caption\":\"Radio Ljubu\u0161ki\"},\"image\":{\"@id\":\"https:\\\/\\\/radioljubuski.ba\\\/#\\\/schema\\\/logo\\\/image\\\/\"},\"sameAs\":[\"https:\\\/\\\/www.facebook.com\\\/Radiio-Ljubuski-1490835324566332\",\"https:\\\/\\\/x.com\\\/radioljubuski\",\"https:\\\/\\\/hr.linkedin.com\\\/company\\\/radio-ljubuski\",\"https:\\\/\\\/www.youtube.com\\\/channel\\\/UCHYaeO_n0Db3tjNGudGpXyw\"]},{\"@type\":\"Person\",\"@id\":\"https:\\\/\\\/radioljubuski.ba\\\/#\\\/schema\\\/person\\\/19fc700381a780f69665d7956c469e3b\",\"name\":\"Radio Ljubu\u0161ki\"}]}<\/script>\n<!-- \/ Yoast SEO plugin. -->","yoast_head_json":{"title":"Ma\u0111arska ne\u0107e bezuvjetno primati migrante iz Afganistana: Ne\u0107emo pla\u0107ati za pogrje\u0161ke SAD-a - RADIO LJUBU\u0160KI","robots":{"index":"index","follow":"follow","max-snippet":"max-snippet:-1","max-image-preview":"max-image-preview:large","max-video-preview":"max-video-preview:-1"},"canonical":"https:\/\/radioljubuski.ba\/index.php\/2021\/08\/18\/madarska-nece-bezuvjetno-primati-migrante-iz-afganistana-necemo-placati-za-pogrjeske-sad-a\/","og_locale":"hr_HR","og_type":"article","og_title":"Ma\u0111arska ne\u0107e bezuvjetno primati migrante iz Afganistana: Ne\u0107emo pla\u0107ati za pogrje\u0161ke SAD-a - RADIO LJUBU\u0160KI","og_description":"Ma\u0111arski ministar vanjskih poslova i trgovine Levante Magyar u ponedjeljak je izjavio kako Ma\u0111arska ne\u0107e bezuvjetno i neograni\u010deno primati migrante iz Afganistana. Magyar je podsjetio kako su u bliskoj pro\u0161losti svi mogli svjedo\u010diti potpunom vojnom i politi\u010dkom kolapsu Afganistana dok su se me\u0111unarodne snage predvo\u0111ene SAD-om odlu\u010dile povu\u0107i iz te zemlje nakon 20 godina, prouzro\u010div\u0161i [&hellip;]","og_url":"https:\/\/radioljubuski.ba\/index.php\/2021\/08\/18\/madarska-nece-bezuvjetno-primati-migrante-iz-afganistana-necemo-placati-za-pogrjeske-sad-a\/","og_site_name":"RADIO LJUBU\u0160KI","article_publisher":"https:\/\/www.facebook.com\/Radiio-Ljubuski-1490835324566332","article_published_time":"2021-08-18T09:52:53+00:00","article_modified_time":"2021-08-18T09:52:54+00:00","og_image":[{"width":696,"height":464,"url":"https:\/\/radioljubuski.ba\/wp-content\/uploads\/2021\/08\/orban-talibani-696x464-1.jpg","type":"image\/jpeg"}],"author":"Radio Ljubu\u0161ki","twitter_card":"summary_large_image","twitter_creator":"@radioljubuski","twitter_site":"@radioljubuski","twitter_misc":{"Napisao\/la":"Radio Ljubu\u0161ki","Procijenjeno vrijeme \u010ditanja":"2 minute"},"schema":{"@context":"https:\/\/schema.org","@graph":[{"@type":"Article","@id":"https:\/\/radioljubuski.ba\/index.php\/2021\/08\/18\/madarska-nece-bezuvjetno-primati-migrante-iz-afganistana-necemo-placati-za-pogrjeske-sad-a\/#article","isPartOf":{"@id":"https:\/\/radioljubuski.ba\/index.php\/2021\/08\/18\/madarska-nece-bezuvjetno-primati-migrante-iz-afganistana-necemo-placati-za-pogrjeske-sad-a\/"},"author":{"name":"Radio Ljubu\u0161ki","@id":"https:\/\/radioljubuski.ba\/#\/schema\/person\/19fc700381a780f69665d7956c469e3b"},"headline":"Ma\u0111arska ne\u0107e bezuvjetno primati migrante iz Afganistana: Ne\u0107emo pla\u0107ati za pogrje\u0161ke SAD-a","datePublished":"2021-08-18T09:52:53+00:00","dateModified":"2021-08-18T09:52:54+00:00","mainEntityOfPage":{"@id":"https:\/\/radioljubuski.ba\/index.php\/2021\/08\/18\/madarska-nece-bezuvjetno-primati-migrante-iz-afganistana-necemo-placati-za-pogrjeske-sad-a\/"},"wordCount":511,"publisher":{"@id":"https:\/\/radioljubuski.ba\/#organization"},"image":{"@id":"https:\/\/radioljubuski.ba\/index.php\/2021\/08\/18\/madarska-nece-bezuvjetno-primati-migrante-iz-afganistana-necemo-placati-za-pogrjeske-sad-a\/#primaryimage"},"thumbnailUrl":"https:\/\/radioljubuski.ba\/wp-content\/uploads\/2021\/08\/orban-talibani-696x464-1.jpg","articleSection":["BIH i regija"],"inLanguage":"hr"},{"@type":"WebPage","@id":"https:\/\/radioljubuski.ba\/index.php\/2021\/08\/18\/madarska-nece-bezuvjetno-primati-migrante-iz-afganistana-necemo-placati-za-pogrjeske-sad-a\/","url":"https:\/\/radioljubuski.ba\/index.php\/2021\/08\/18\/madarska-nece-bezuvjetno-primati-migrante-iz-afganistana-necemo-placati-za-pogrjeske-sad-a\/","name":"Ma\u0111arska ne\u0107e bezuvjetno primati migrante iz Afganistana: Ne\u0107emo pla\u0107ati za pogrje\u0161ke SAD-a - RADIO LJUBU\u0160KI","isPartOf":{"@id":"https:\/\/radioljubuski.ba\/#website"},"primaryImageOfPage":{"@id":"https:\/\/radioljubuski.ba\/index.php\/2021\/08\/18\/madarska-nece-bezuvjetno-primati-migrante-iz-afganistana-necemo-placati-za-pogrjeske-sad-a\/#primaryimage"},"image":{"@id":"https:\/\/radioljubuski.ba\/index.php\/2021\/08\/18\/madarska-nece-bezuvjetno-primati-migrante-iz-afganistana-necemo-placati-za-pogrjeske-sad-a\/#primaryimage"},"thumbnailUrl":"https:\/\/radioljubuski.ba\/wp-content\/uploads\/2021\/08\/orban-talibani-696x464-1.jpg","datePublished":"2021-08-18T09:52:53+00:00","dateModified":"2021-08-18T09:52:54+00:00","breadcrumb":{"@id":"https:\/\/radioljubuski.ba\/index.php\/2021\/08\/18\/madarska-nece-bezuvjetno-primati-migrante-iz-afganistana-necemo-placati-za-pogrjeske-sad-a\/#breadcrumb"},"inLanguage":"hr","potentialAction":[{"@type":"ReadAction","target":["https:\/\/radioljubuski.ba\/index.php\/2021\/08\/18\/madarska-nece-bezuvjetno-primati-migrante-iz-afganistana-necemo-placati-za-pogrjeske-sad-a\/"]}]},{"@type":"ImageObject","inLanguage":"hr","@id":"https:\/\/radioljubuski.ba\/index.php\/2021\/08\/18\/madarska-nece-bezuvjetno-primati-migrante-iz-afganistana-necemo-placati-za-pogrjeske-sad-a\/#primaryimage","url":"https:\/\/radioljubuski.ba\/wp-content\/uploads\/2021\/08\/orban-talibani-696x464-1.jpg","contentUrl":"https:\/\/radioljubuski.ba\/wp-content\/uploads\/2021\/08\/orban-talibani-696x464-1.jpg","width":696,"height":464},{"@type":"BreadcrumbList","@id":"https:\/\/radioljubuski.ba\/index.php\/2021\/08\/18\/madarska-nece-bezuvjetno-primati-migrante-iz-afganistana-necemo-placati-za-pogrjeske-sad-a\/#breadcrumb","itemListElement":[{"@type":"ListItem","position":1,"name":"Po\u010detna stranica","item":"https:\/\/radioljubuski.ba\/"},{"@type":"ListItem","position":2,"name":"Ma\u0111arska ne\u0107e bezuvjetno primati migrante iz Afganistana: Ne\u0107emo pla\u0107ati za pogrje\u0161ke SAD-a"}]},{"@type":"WebSite","@id":"https:\/\/radioljubuski.ba\/#website","url":"https:\/\/radioljubuski.ba\/","name":"Radio Ljubu\u0161ki","description":"Sun\u010dana frekvencija Hercegovine","publisher":{"@id":"https:\/\/radioljubuski.ba\/#organization"},"potentialAction":[{"@type":"SearchAction","target":{"@type":"EntryPoint","urlTemplate":"https:\/\/radioljubuski.ba\/?s={search_term_string}"},"query-input":{"@type":"PropertyValueSpecification","valueRequired":true,"valueName":"search_term_string"}}],"inLanguage":"hr"},{"@type":"Organization","@id":"https:\/\/radioljubuski.ba\/#organization","name":"Radio Ljubu\u0161ki","url":"https:\/\/radioljubuski.ba\/","logo":{"@type":"ImageObject","inLanguage":"hr","@id":"https:\/\/radioljubuski.ba\/#\/schema\/logo\/image\/","url":"https:\/\/radioljubuski.ba\/wp-content\/uploads\/2021\/02\/cropped-Radio_Ljubuski_logo1.jpg","contentUrl":"https:\/\/radioljubuski.ba\/wp-content\/uploads\/2021\/02\/cropped-Radio_Ljubuski_logo1.jpg","width":512,"height":512,"caption":"Radio Ljubu\u0161ki"},"image":{"@id":"https:\/\/radioljubuski.ba\/#\/schema\/logo\/image\/"},"sameAs":["https:\/\/www.facebook.com\/Radiio-Ljubuski-1490835324566332","https:\/\/x.com\/radioljubuski","https:\/\/hr.linkedin.com\/company\/radio-ljubuski","https:\/\/www.youtube.com\/channel\/UCHYaeO_n0Db3tjNGudGpXyw"]},{"@type":"Person","@id":"https:\/\/radioljubuski.ba\/#\/schema\/person\/19fc700381a780f69665d7956c469e3b","name":"Radio Ljubu\u0161ki"}]}},"_links":{"self":[{"href":"https:\/\/radioljubuski.ba\/index.php\/wp-json\/wp\/v2\/posts\/54451","targetHints":{"allow":["GET"]}}],"collection":[{"href":"https:\/\/radioljubuski.ba\/index.php\/wp-json\/wp\/v2\/posts"}],"about":[{"href":"https:\/\/radioljubuski.ba\/index.php\/wp-json\/wp\/v2\/types\/post"}],"author":[{"embeddable":true,"href":"https:\/\/radioljubuski.ba\/index.php\/wp-json\/wp\/v2\/users\/2"}],"replies":[{"embeddable":true,"href":"https:\/\/radioljubuski.ba\/index.php\/wp-json\/wp\/v2\/comments?post=54451"}],"version-history":[{"count":1,"href":"https:\/\/radioljubuski.ba\/index.php\/wp-json\/wp\/v2\/posts\/54451\/revisions"}],"predecessor-version":[{"id":54454,"href":"https:\/\/radioljubuski.ba\/index.php\/wp-json\/wp\/v2\/posts\/54451\/revisions\/54454"}],"wp:featuredmedia":[{"embeddable":true,"href":"https:\/\/radioljubuski.ba\/index.php\/wp-json\/wp\/v2\/media\/54453"}],"wp:attachment":[{"href":"https:\/\/radioljubuski.ba\/index.php\/wp-json\/wp\/v2\/media?parent=54451"}],"wp:term":[{"taxonomy":"category","embeddable":true,"href":"https:\/\/radioljubuski.ba\/index.php\/wp-json\/wp\/v2\/categories?post=54451"},{"taxonomy":"post_tag","embeddable":true,"href":"https:\/\/radioljubuski.ba\/index.php\/wp-json\/wp\/v2\/tags?post=54451"}],"curies":[{"name":"wp","href":"https:\/\/api.w.org\/{rel}","templated":true}]}}