{"id":54472,"date":"2021-08-18T11:00:56","date_gmt":"2021-08-18T10:00:56","guid":{"rendered":"https:\/\/radioljubuski.ba\/?p=54472"},"modified":"2021-08-18T11:00:57","modified_gmt":"2021-08-18T10:00:57","slug":"od-2013-u-njemacku-otislo-310-000-hrvata-zasto-se-vecina-njih-ne-planira-uskoro-vratiti","status":"publish","type":"post","link":"https:\/\/radioljubuski.ba\/index.php\/2021\/08\/18\/od-2013-u-njemacku-otislo-310-000-hrvata-zasto-se-vecina-njih-ne-planira-uskoro-vratiti\/","title":{"rendered":"Od 2013. u Njema\u010dku oti\u0161lo 310.000 Hrvata: Za\u0161to se ve\u0107ina njih ne planira uskoro vratiti?"},"content":{"rendered":"\n<p><strong>\u010cak 79 posto Hrvata koji su se u Njema\u010dku odselili od 2013., kada je Hrvatska u\u0161la u Europsku uniju, do danas zadovoljno je svojim novim \u017eivotom u toj zemlji, a samo je tri posto nezadovoljnih. To potvr\u0111uje i kontrolno pitanje, prema kojemu 65,2 posto iseljenika nije po\u017ealilo \u0161to se odselilo u Njema\u010dku, a 80 posto tvrdi da su im se ispunila o\u010dekivanja u vezi s realizacijom u Njema\u010dkoj<\/strong>, prenosi <a href=\"https:\/\/slobodnadalmacija.hr\/vijesti\/hrvatska\/u-njemacku-se-od-2013-iselilo-310-000-hrvata-i-kada-su-ih-pitali-hoce-li-se-vratiti-u-hrvatsku-svi-su-slozno-rekli-ne-evo-zasto-su-zauvijek-rekli-zbogom-domovini-1120246\">Slobodna Dalmacija<\/a>.<\/p>\n\n\n\n<p>Samo 15 posto ih razmi\u0161lja o povratku u Hrvatsku u nekom kratkoro\u010dnom ili srednjoro\u010dnom razdoblju, 45 posto bi se eventualno vratilo samo kada budu u mirovini, dok 40 posto ispitanika tvrdi da povratak ne dolazi ni u kojem slu\u010daju u obzir.<\/p>\n\n\n\n<p>Rezultati su to iz istra\u017eivanja \u201cPercepcija iseljenika o Hrvatskoj\u201d koje je znanstvenik doc. dr. sc. Tado Juri\u0107 s Odjela za povijest Hrvatskog katoli\u010dkog sveu\u010dili\u0161ta proveo u Njema\u010dkoj na uzorku od 1200 ispitanika 2018. godine i 534 ispitanika ove godine.<\/p>\n\n\n\n<p>Upravo u Njema\u010dku od 2013. do danas iselilo se oko 310.000 hrvatskih dr\u017eavljana, \u0161to je 85 posto ukupnog broja iseljenih u tom razdoblju. Uz to ih se, napominje Juri\u0107, oko 20.000 odselilo u Irsku, isto toliko u Austriju te jo\u0161 oko 20.000 u sve ostale zemlje.<\/p>\n\n\n\n<p>Bitno je, dodaje, uzeti u obzir i \u010dinjenicu da su iseljenici, u pravilu, prvih tri do pet godina zadovoljniji svojom odlukom o iseljenju nego poslije. Naime, nakon prvotne patnje, u pravilu, zaklju\u010duje Juri\u0107, nastupa du\u017ei period zadovoljstva odlukom o iseljenju jer iseljenik ima osje\u0107aj da napreduje te da mu raste \u017eivotna snaga. Me\u0111utim, kada dosegnu odre\u0111enu razinu i sve ponovno postane rutina, kod mnogih se pojavljuje sumnja u ispravnost odluke i preispitivanje koje mo\u017ee potrajati godinama.<\/p>\n\n\n\n<p>Otkriva kako se novi hrvatski iseljenici u Njema\u010dkoj dominantno dru\u017ee i provode slobodno vrijeme sa svojim sunarodnjacima ili pak iseljenicima iz Bosne i Hercegovine i Srbije, dok s Nijemcima kontakt ve\u0107inom imaju samo na poslu.<\/p>\n\n\n\n<p>\u201cOvo je istra\u017eivanje nastavak moga istra\u017eivanja o motivima iseljavanja, a pokazalo je da iseljenici smatraju da domovinska i iseljena Hrvatska nisu u\u010dinkovito i uspje\u0161no povezane, kao i to da Hrvati u domovini imaju negativan stav prema hrvatskom iseljeni\u0161tvu i njeguju brojne predrasude te da Hrvatska ne \u010dini dovoljno da pomogne iseljenicima\u201d, zaklju\u010duje Juri\u0107, \u010dije \u0107e istra\u017eivanje uskoro biti objavljeno u knjizi \u201cGastarbeiter Millennials.<\/p>\n\n\n\n<p>Danas su visokoobrazovani, zaposleni i osobe u braku znatno skloniji migriranju, \u0161to u prija\u0161njim migracijama nije bio slu\u010daj. Dominantno obilje\u017eje ovoga iseljeni\u010dkoga vala je, dodaje, iseljavanje kompletnih obitelji, \u0161to je u prija\u0161njim migracijama u Njema\u010dku tako\u0111er bilo rijetko<\/p>\n\n\n\n<p>Najve\u0107u sklonost migriranju iskazuju ljudi u dobi izme\u0111u 20 i 35 godina, koji predstavljaju najproduktivniji dio dru\u0161tva.<\/p>\n\n\n\n<p><em>Izvor: narod.hr\/tportal.hr<\/em><\/p>\n","protected":false},"excerpt":{"rendered":"<p>\u010cak 79 posto Hrvata koji su se u Njema\u010dku odselili od 2013., kada je Hrvatska u\u0161la u Europsku uniju, do danas zadovoljno je svojim novim \u017eivotom u toj zemlji, a samo je tri posto nezadovoljnih. To potvr\u0111uje i kontrolno pitanje, prema kojemu 65,2 posto iseljenika nije po\u017ealilo \u0161to se odselilo u Njema\u010dku, a 80 posto [&hellip;]<\/p>\n","protected":false},"author":2,"featured_media":54473,"comment_status":"closed","ping_status":"closed","sticky":false,"template":"","format":"standard","meta":{"h5ap_radio_sources":[],"footnotes":""},"categories":[1],"tags":[],"class_list":["post-54472","post","type-post","status-publish","format-standard","has-post-thumbnail","hentry","category-bihiregija"],"yoast_head":"<!-- This site is optimized with the Yoast SEO plugin v27.4 - https:\/\/yoast.com\/product\/yoast-seo-wordpress\/ -->\n<title>Od 2013. u Njema\u010dku oti\u0161lo 310.000 Hrvata: Za\u0161to se ve\u0107ina njih ne planira uskoro vratiti? - RADIO LJUBU\u0160KI<\/title>\n<meta name=\"robots\" content=\"index, follow, max-snippet:-1, max-image-preview:large, max-video-preview:-1\" \/>\n<link rel=\"canonical\" href=\"https:\/\/radioljubuski.ba\/index.php\/2021\/08\/18\/od-2013-u-njemacku-otislo-310-000-hrvata-zasto-se-vecina-njih-ne-planira-uskoro-vratiti\/\" \/>\n<meta property=\"og:locale\" content=\"hr_HR\" \/>\n<meta property=\"og:type\" content=\"article\" \/>\n<meta property=\"og:title\" content=\"Od 2013. u Njema\u010dku oti\u0161lo 310.000 Hrvata: Za\u0161to se ve\u0107ina njih ne planira uskoro vratiti? - RADIO LJUBU\u0160KI\" \/>\n<meta property=\"og:description\" content=\"\u010cak 79 posto Hrvata koji su se u Njema\u010dku odselili od 2013., kada je Hrvatska u\u0161la u Europsku uniju, do danas zadovoljno je svojim novim \u017eivotom u toj zemlji, a samo je tri posto nezadovoljnih. To potvr\u0111uje i kontrolno pitanje, prema kojemu 65,2 posto iseljenika nije po\u017ealilo \u0161to se odselilo u Njema\u010dku, a 80 posto [&hellip;]\" \/>\n<meta property=\"og:url\" content=\"https:\/\/radioljubuski.ba\/index.php\/2021\/08\/18\/od-2013-u-njemacku-otislo-310-000-hrvata-zasto-se-vecina-njih-ne-planira-uskoro-vratiti\/\" \/>\n<meta property=\"og:site_name\" content=\"RADIO LJUBU\u0160KI\" \/>\n<meta property=\"article:publisher\" content=\"https:\/\/www.facebook.com\/Radiio-Ljubuski-1490835324566332\" \/>\n<meta property=\"article:published_time\" content=\"2021-08-18T10:00:56+00:00\" \/>\n<meta property=\"article:modified_time\" content=\"2021-08-18T10:00:57+00:00\" \/>\n<meta property=\"og:image\" content=\"https:\/\/radioljubuski.ba\/wp-content\/uploads\/2021\/08\/GettyImages-1223013127-696x464-1.jpg\" \/>\n\t<meta property=\"og:image:width\" content=\"696\" \/>\n\t<meta property=\"og:image:height\" content=\"464\" \/>\n\t<meta property=\"og:image:type\" content=\"image\/jpeg\" \/>\n<meta name=\"author\" content=\"Radio Ljubu\u0161ki\" \/>\n<meta name=\"twitter:card\" content=\"summary_large_image\" \/>\n<meta name=\"twitter:creator\" content=\"@radioljubuski\" \/>\n<meta name=\"twitter:site\" content=\"@radioljubuski\" \/>\n<meta name=\"twitter:label1\" content=\"Napisao\/la\" \/>\n\t<meta name=\"twitter:data1\" content=\"Radio Ljubu\u0161ki\" \/>\n\t<meta name=\"twitter:label2\" content=\"Procijenjeno vrijeme \u010ditanja\" \/>\n\t<meta name=\"twitter:data2\" content=\"2 minute\" \/>\n<script type=\"application\/ld+json\" class=\"yoast-schema-graph\">{\"@context\":\"https:\\\/\\\/schema.org\",\"@graph\":[{\"@type\":\"Article\",\"@id\":\"https:\\\/\\\/radioljubuski.ba\\\/index.php\\\/2021\\\/08\\\/18\\\/od-2013-u-njemacku-otislo-310-000-hrvata-zasto-se-vecina-njih-ne-planira-uskoro-vratiti\\\/#article\",\"isPartOf\":{\"@id\":\"https:\\\/\\\/radioljubuski.ba\\\/index.php\\\/2021\\\/08\\\/18\\\/od-2013-u-njemacku-otislo-310-000-hrvata-zasto-se-vecina-njih-ne-planira-uskoro-vratiti\\\/\"},\"author\":{\"name\":\"Radio Ljubu\u0161ki\",\"@id\":\"https:\\\/\\\/radioljubuski.ba\\\/#\\\/schema\\\/person\\\/19fc700381a780f69665d7956c469e3b\"},\"headline\":\"Od 2013. u Njema\u010dku oti\u0161lo 310.000 Hrvata: Za\u0161to se ve\u0107ina njih ne planira uskoro vratiti?\",\"datePublished\":\"2021-08-18T10:00:56+00:00\",\"dateModified\":\"2021-08-18T10:00:57+00:00\",\"mainEntityOfPage\":{\"@id\":\"https:\\\/\\\/radioljubuski.ba\\\/index.php\\\/2021\\\/08\\\/18\\\/od-2013-u-njemacku-otislo-310-000-hrvata-zasto-se-vecina-njih-ne-planira-uskoro-vratiti\\\/\"},\"wordCount\":475,\"publisher\":{\"@id\":\"https:\\\/\\\/radioljubuski.ba\\\/#organization\"},\"image\":{\"@id\":\"https:\\\/\\\/radioljubuski.ba\\\/index.php\\\/2021\\\/08\\\/18\\\/od-2013-u-njemacku-otislo-310-000-hrvata-zasto-se-vecina-njih-ne-planira-uskoro-vratiti\\\/#primaryimage\"},\"thumbnailUrl\":\"https:\\\/\\\/radioljubuski.ba\\\/wp-content\\\/uploads\\\/2021\\\/08\\\/GettyImages-1223013127-696x464-1.jpg\",\"articleSection\":[\"BIH i regija\"],\"inLanguage\":\"hr\"},{\"@type\":\"WebPage\",\"@id\":\"https:\\\/\\\/radioljubuski.ba\\\/index.php\\\/2021\\\/08\\\/18\\\/od-2013-u-njemacku-otislo-310-000-hrvata-zasto-se-vecina-njih-ne-planira-uskoro-vratiti\\\/\",\"url\":\"https:\\\/\\\/radioljubuski.ba\\\/index.php\\\/2021\\\/08\\\/18\\\/od-2013-u-njemacku-otislo-310-000-hrvata-zasto-se-vecina-njih-ne-planira-uskoro-vratiti\\\/\",\"name\":\"Od 2013. u Njema\u010dku oti\u0161lo 310.000 Hrvata: Za\u0161to se ve\u0107ina njih ne planira uskoro vratiti? - RADIO LJUBU\u0160KI\",\"isPartOf\":{\"@id\":\"https:\\\/\\\/radioljubuski.ba\\\/#website\"},\"primaryImageOfPage\":{\"@id\":\"https:\\\/\\\/radioljubuski.ba\\\/index.php\\\/2021\\\/08\\\/18\\\/od-2013-u-njemacku-otislo-310-000-hrvata-zasto-se-vecina-njih-ne-planira-uskoro-vratiti\\\/#primaryimage\"},\"image\":{\"@id\":\"https:\\\/\\\/radioljubuski.ba\\\/index.php\\\/2021\\\/08\\\/18\\\/od-2013-u-njemacku-otislo-310-000-hrvata-zasto-se-vecina-njih-ne-planira-uskoro-vratiti\\\/#primaryimage\"},\"thumbnailUrl\":\"https:\\\/\\\/radioljubuski.ba\\\/wp-content\\\/uploads\\\/2021\\\/08\\\/GettyImages-1223013127-696x464-1.jpg\",\"datePublished\":\"2021-08-18T10:00:56+00:00\",\"dateModified\":\"2021-08-18T10:00:57+00:00\",\"breadcrumb\":{\"@id\":\"https:\\\/\\\/radioljubuski.ba\\\/index.php\\\/2021\\\/08\\\/18\\\/od-2013-u-njemacku-otislo-310-000-hrvata-zasto-se-vecina-njih-ne-planira-uskoro-vratiti\\\/#breadcrumb\"},\"inLanguage\":\"hr\",\"potentialAction\":[{\"@type\":\"ReadAction\",\"target\":[\"https:\\\/\\\/radioljubuski.ba\\\/index.php\\\/2021\\\/08\\\/18\\\/od-2013-u-njemacku-otislo-310-000-hrvata-zasto-se-vecina-njih-ne-planira-uskoro-vratiti\\\/\"]}]},{\"@type\":\"ImageObject\",\"inLanguage\":\"hr\",\"@id\":\"https:\\\/\\\/radioljubuski.ba\\\/index.php\\\/2021\\\/08\\\/18\\\/od-2013-u-njemacku-otislo-310-000-hrvata-zasto-se-vecina-njih-ne-planira-uskoro-vratiti\\\/#primaryimage\",\"url\":\"https:\\\/\\\/radioljubuski.ba\\\/wp-content\\\/uploads\\\/2021\\\/08\\\/GettyImages-1223013127-696x464-1.jpg\",\"contentUrl\":\"https:\\\/\\\/radioljubuski.ba\\\/wp-content\\\/uploads\\\/2021\\\/08\\\/GettyImages-1223013127-696x464-1.jpg\",\"width\":696,\"height\":464},{\"@type\":\"BreadcrumbList\",\"@id\":\"https:\\\/\\\/radioljubuski.ba\\\/index.php\\\/2021\\\/08\\\/18\\\/od-2013-u-njemacku-otislo-310-000-hrvata-zasto-se-vecina-njih-ne-planira-uskoro-vratiti\\\/#breadcrumb\",\"itemListElement\":[{\"@type\":\"ListItem\",\"position\":1,\"name\":\"Po\u010detna stranica\",\"item\":\"https:\\\/\\\/radioljubuski.ba\\\/\"},{\"@type\":\"ListItem\",\"position\":2,\"name\":\"Od 2013. u Njema\u010dku oti\u0161lo 310.000 Hrvata: Za\u0161to se ve\u0107ina njih ne planira uskoro vratiti?\"}]},{\"@type\":\"WebSite\",\"@id\":\"https:\\\/\\\/radioljubuski.ba\\\/#website\",\"url\":\"https:\\\/\\\/radioljubuski.ba\\\/\",\"name\":\"Radio Ljubu\u0161ki\",\"description\":\"Sun\u010dana frekvencija Hercegovine\",\"publisher\":{\"@id\":\"https:\\\/\\\/radioljubuski.ba\\\/#organization\"},\"potentialAction\":[{\"@type\":\"SearchAction\",\"target\":{\"@type\":\"EntryPoint\",\"urlTemplate\":\"https:\\\/\\\/radioljubuski.ba\\\/?s={search_term_string}\"},\"query-input\":{\"@type\":\"PropertyValueSpecification\",\"valueRequired\":true,\"valueName\":\"search_term_string\"}}],\"inLanguage\":\"hr\"},{\"@type\":\"Organization\",\"@id\":\"https:\\\/\\\/radioljubuski.ba\\\/#organization\",\"name\":\"Radio Ljubu\u0161ki\",\"url\":\"https:\\\/\\\/radioljubuski.ba\\\/\",\"logo\":{\"@type\":\"ImageObject\",\"inLanguage\":\"hr\",\"@id\":\"https:\\\/\\\/radioljubuski.ba\\\/#\\\/schema\\\/logo\\\/image\\\/\",\"url\":\"https:\\\/\\\/radioljubuski.ba\\\/wp-content\\\/uploads\\\/2021\\\/02\\\/cropped-Radio_Ljubuski_logo1.jpg\",\"contentUrl\":\"https:\\\/\\\/radioljubuski.ba\\\/wp-content\\\/uploads\\\/2021\\\/02\\\/cropped-Radio_Ljubuski_logo1.jpg\",\"width\":512,\"height\":512,\"caption\":\"Radio Ljubu\u0161ki\"},\"image\":{\"@id\":\"https:\\\/\\\/radioljubuski.ba\\\/#\\\/schema\\\/logo\\\/image\\\/\"},\"sameAs\":[\"https:\\\/\\\/www.facebook.com\\\/Radiio-Ljubuski-1490835324566332\",\"https:\\\/\\\/x.com\\\/radioljubuski\",\"https:\\\/\\\/hr.linkedin.com\\\/company\\\/radio-ljubuski\",\"https:\\\/\\\/www.youtube.com\\\/channel\\\/UCHYaeO_n0Db3tjNGudGpXyw\"]},{\"@type\":\"Person\",\"@id\":\"https:\\\/\\\/radioljubuski.ba\\\/#\\\/schema\\\/person\\\/19fc700381a780f69665d7956c469e3b\",\"name\":\"Radio Ljubu\u0161ki\"}]}<\/script>\n<!-- \/ Yoast SEO plugin. -->","yoast_head_json":{"title":"Od 2013. u Njema\u010dku oti\u0161lo 310.000 Hrvata: Za\u0161to se ve\u0107ina njih ne planira uskoro vratiti? - RADIO LJUBU\u0160KI","robots":{"index":"index","follow":"follow","max-snippet":"max-snippet:-1","max-image-preview":"max-image-preview:large","max-video-preview":"max-video-preview:-1"},"canonical":"https:\/\/radioljubuski.ba\/index.php\/2021\/08\/18\/od-2013-u-njemacku-otislo-310-000-hrvata-zasto-se-vecina-njih-ne-planira-uskoro-vratiti\/","og_locale":"hr_HR","og_type":"article","og_title":"Od 2013. u Njema\u010dku oti\u0161lo 310.000 Hrvata: Za\u0161to se ve\u0107ina njih ne planira uskoro vratiti? - RADIO LJUBU\u0160KI","og_description":"\u010cak 79 posto Hrvata koji su se u Njema\u010dku odselili od 2013., kada je Hrvatska u\u0161la u Europsku uniju, do danas zadovoljno je svojim novim \u017eivotom u toj zemlji, a samo je tri posto nezadovoljnih. To potvr\u0111uje i kontrolno pitanje, prema kojemu 65,2 posto iseljenika nije po\u017ealilo \u0161to se odselilo u Njema\u010dku, a 80 posto [&hellip;]","og_url":"https:\/\/radioljubuski.ba\/index.php\/2021\/08\/18\/od-2013-u-njemacku-otislo-310-000-hrvata-zasto-se-vecina-njih-ne-planira-uskoro-vratiti\/","og_site_name":"RADIO LJUBU\u0160KI","article_publisher":"https:\/\/www.facebook.com\/Radiio-Ljubuski-1490835324566332","article_published_time":"2021-08-18T10:00:56+00:00","article_modified_time":"2021-08-18T10:00:57+00:00","og_image":[{"width":696,"height":464,"url":"https:\/\/radioljubuski.ba\/wp-content\/uploads\/2021\/08\/GettyImages-1223013127-696x464-1.jpg","type":"image\/jpeg"}],"author":"Radio Ljubu\u0161ki","twitter_card":"summary_large_image","twitter_creator":"@radioljubuski","twitter_site":"@radioljubuski","twitter_misc":{"Napisao\/la":"Radio Ljubu\u0161ki","Procijenjeno vrijeme \u010ditanja":"2 minute"},"schema":{"@context":"https:\/\/schema.org","@graph":[{"@type":"Article","@id":"https:\/\/radioljubuski.ba\/index.php\/2021\/08\/18\/od-2013-u-njemacku-otislo-310-000-hrvata-zasto-se-vecina-njih-ne-planira-uskoro-vratiti\/#article","isPartOf":{"@id":"https:\/\/radioljubuski.ba\/index.php\/2021\/08\/18\/od-2013-u-njemacku-otislo-310-000-hrvata-zasto-se-vecina-njih-ne-planira-uskoro-vratiti\/"},"author":{"name":"Radio Ljubu\u0161ki","@id":"https:\/\/radioljubuski.ba\/#\/schema\/person\/19fc700381a780f69665d7956c469e3b"},"headline":"Od 2013. u Njema\u010dku oti\u0161lo 310.000 Hrvata: Za\u0161to se ve\u0107ina njih ne planira uskoro vratiti?","datePublished":"2021-08-18T10:00:56+00:00","dateModified":"2021-08-18T10:00:57+00:00","mainEntityOfPage":{"@id":"https:\/\/radioljubuski.ba\/index.php\/2021\/08\/18\/od-2013-u-njemacku-otislo-310-000-hrvata-zasto-se-vecina-njih-ne-planira-uskoro-vratiti\/"},"wordCount":475,"publisher":{"@id":"https:\/\/radioljubuski.ba\/#organization"},"image":{"@id":"https:\/\/radioljubuski.ba\/index.php\/2021\/08\/18\/od-2013-u-njemacku-otislo-310-000-hrvata-zasto-se-vecina-njih-ne-planira-uskoro-vratiti\/#primaryimage"},"thumbnailUrl":"https:\/\/radioljubuski.ba\/wp-content\/uploads\/2021\/08\/GettyImages-1223013127-696x464-1.jpg","articleSection":["BIH i regija"],"inLanguage":"hr"},{"@type":"WebPage","@id":"https:\/\/radioljubuski.ba\/index.php\/2021\/08\/18\/od-2013-u-njemacku-otislo-310-000-hrvata-zasto-se-vecina-njih-ne-planira-uskoro-vratiti\/","url":"https:\/\/radioljubuski.ba\/index.php\/2021\/08\/18\/od-2013-u-njemacku-otislo-310-000-hrvata-zasto-se-vecina-njih-ne-planira-uskoro-vratiti\/","name":"Od 2013. u Njema\u010dku oti\u0161lo 310.000 Hrvata: Za\u0161to se ve\u0107ina njih ne planira uskoro vratiti? - RADIO LJUBU\u0160KI","isPartOf":{"@id":"https:\/\/radioljubuski.ba\/#website"},"primaryImageOfPage":{"@id":"https:\/\/radioljubuski.ba\/index.php\/2021\/08\/18\/od-2013-u-njemacku-otislo-310-000-hrvata-zasto-se-vecina-njih-ne-planira-uskoro-vratiti\/#primaryimage"},"image":{"@id":"https:\/\/radioljubuski.ba\/index.php\/2021\/08\/18\/od-2013-u-njemacku-otislo-310-000-hrvata-zasto-se-vecina-njih-ne-planira-uskoro-vratiti\/#primaryimage"},"thumbnailUrl":"https:\/\/radioljubuski.ba\/wp-content\/uploads\/2021\/08\/GettyImages-1223013127-696x464-1.jpg","datePublished":"2021-08-18T10:00:56+00:00","dateModified":"2021-08-18T10:00:57+00:00","breadcrumb":{"@id":"https:\/\/radioljubuski.ba\/index.php\/2021\/08\/18\/od-2013-u-njemacku-otislo-310-000-hrvata-zasto-se-vecina-njih-ne-planira-uskoro-vratiti\/#breadcrumb"},"inLanguage":"hr","potentialAction":[{"@type":"ReadAction","target":["https:\/\/radioljubuski.ba\/index.php\/2021\/08\/18\/od-2013-u-njemacku-otislo-310-000-hrvata-zasto-se-vecina-njih-ne-planira-uskoro-vratiti\/"]}]},{"@type":"ImageObject","inLanguage":"hr","@id":"https:\/\/radioljubuski.ba\/index.php\/2021\/08\/18\/od-2013-u-njemacku-otislo-310-000-hrvata-zasto-se-vecina-njih-ne-planira-uskoro-vratiti\/#primaryimage","url":"https:\/\/radioljubuski.ba\/wp-content\/uploads\/2021\/08\/GettyImages-1223013127-696x464-1.jpg","contentUrl":"https:\/\/radioljubuski.ba\/wp-content\/uploads\/2021\/08\/GettyImages-1223013127-696x464-1.jpg","width":696,"height":464},{"@type":"BreadcrumbList","@id":"https:\/\/radioljubuski.ba\/index.php\/2021\/08\/18\/od-2013-u-njemacku-otislo-310-000-hrvata-zasto-se-vecina-njih-ne-planira-uskoro-vratiti\/#breadcrumb","itemListElement":[{"@type":"ListItem","position":1,"name":"Po\u010detna stranica","item":"https:\/\/radioljubuski.ba\/"},{"@type":"ListItem","position":2,"name":"Od 2013. u Njema\u010dku oti\u0161lo 310.000 Hrvata: Za\u0161to se ve\u0107ina njih ne planira uskoro vratiti?"}]},{"@type":"WebSite","@id":"https:\/\/radioljubuski.ba\/#website","url":"https:\/\/radioljubuski.ba\/","name":"Radio Ljubu\u0161ki","description":"Sun\u010dana frekvencija Hercegovine","publisher":{"@id":"https:\/\/radioljubuski.ba\/#organization"},"potentialAction":[{"@type":"SearchAction","target":{"@type":"EntryPoint","urlTemplate":"https:\/\/radioljubuski.ba\/?s={search_term_string}"},"query-input":{"@type":"PropertyValueSpecification","valueRequired":true,"valueName":"search_term_string"}}],"inLanguage":"hr"},{"@type":"Organization","@id":"https:\/\/radioljubuski.ba\/#organization","name":"Radio Ljubu\u0161ki","url":"https:\/\/radioljubuski.ba\/","logo":{"@type":"ImageObject","inLanguage":"hr","@id":"https:\/\/radioljubuski.ba\/#\/schema\/logo\/image\/","url":"https:\/\/radioljubuski.ba\/wp-content\/uploads\/2021\/02\/cropped-Radio_Ljubuski_logo1.jpg","contentUrl":"https:\/\/radioljubuski.ba\/wp-content\/uploads\/2021\/02\/cropped-Radio_Ljubuski_logo1.jpg","width":512,"height":512,"caption":"Radio Ljubu\u0161ki"},"image":{"@id":"https:\/\/radioljubuski.ba\/#\/schema\/logo\/image\/"},"sameAs":["https:\/\/www.facebook.com\/Radiio-Ljubuski-1490835324566332","https:\/\/x.com\/radioljubuski","https:\/\/hr.linkedin.com\/company\/radio-ljubuski","https:\/\/www.youtube.com\/channel\/UCHYaeO_n0Db3tjNGudGpXyw"]},{"@type":"Person","@id":"https:\/\/radioljubuski.ba\/#\/schema\/person\/19fc700381a780f69665d7956c469e3b","name":"Radio Ljubu\u0161ki"}]}},"_links":{"self":[{"href":"https:\/\/radioljubuski.ba\/index.php\/wp-json\/wp\/v2\/posts\/54472","targetHints":{"allow":["GET"]}}],"collection":[{"href":"https:\/\/radioljubuski.ba\/index.php\/wp-json\/wp\/v2\/posts"}],"about":[{"href":"https:\/\/radioljubuski.ba\/index.php\/wp-json\/wp\/v2\/types\/post"}],"author":[{"embeddable":true,"href":"https:\/\/radioljubuski.ba\/index.php\/wp-json\/wp\/v2\/users\/2"}],"replies":[{"embeddable":true,"href":"https:\/\/radioljubuski.ba\/index.php\/wp-json\/wp\/v2\/comments?post=54472"}],"version-history":[{"count":1,"href":"https:\/\/radioljubuski.ba\/index.php\/wp-json\/wp\/v2\/posts\/54472\/revisions"}],"predecessor-version":[{"id":54474,"href":"https:\/\/radioljubuski.ba\/index.php\/wp-json\/wp\/v2\/posts\/54472\/revisions\/54474"}],"wp:featuredmedia":[{"embeddable":true,"href":"https:\/\/radioljubuski.ba\/index.php\/wp-json\/wp\/v2\/media\/54473"}],"wp:attachment":[{"href":"https:\/\/radioljubuski.ba\/index.php\/wp-json\/wp\/v2\/media?parent=54472"}],"wp:term":[{"taxonomy":"category","embeddable":true,"href":"https:\/\/radioljubuski.ba\/index.php\/wp-json\/wp\/v2\/categories?post=54472"},{"taxonomy":"post_tag","embeddable":true,"href":"https:\/\/radioljubuski.ba\/index.php\/wp-json\/wp\/v2\/tags?post=54472"}],"curies":[{"name":"wp","href":"https:\/\/api.w.org\/{rel}","templated":true}]}}