{"id":54479,"date":"2021-08-18T11:04:05","date_gmt":"2021-08-18T10:04:05","guid":{"rendered":"https:\/\/radioljubuski.ba\/?p=54479"},"modified":"2021-08-18T11:04:06","modified_gmt":"2021-08-18T10:04:06","slug":"velika-prijetnja-za-izvoz-oruzja-iz-bih-u-afganistan","status":"publish","type":"post","link":"https:\/\/radioljubuski.ba\/index.php\/2021\/08\/18\/velika-prijetnja-za-izvoz-oruzja-iz-bih-u-afganistan\/","title":{"rendered":"Velika prijetnja za izvoz oru\u017eja iz BiH u Afganistan"},"content":{"rendered":"\n<p><strong>Namjenska industrija BiH mogla bi ostati bez milijunski vrijednog izvoza oru\u017eja u Afganistan, smatraju stru\u010dnjaci.<\/strong><\/p>\n\n\n\n<p>Mi\u0161ljenja su razli\u010dita, pa su tako neki u svojim prognozama potpuno sigurni da se tvornice naoru\u017eanja i streljiva iz BiH mogu pozdraviti s tr\u017ei\u0161tem u zemlji gdje ve\u0107 danima vlada kaos.<\/p>\n\n\n\n<p>Drugi su, pak, ne\u0161to suzdr\u017eaniji, ali ka\u017eu da su sve opcije otvorene, uklju\u010duju\u0107i i onu koja nije nimalo ohrabruju\u0107a za bh. namjensku industriju.<\/p>\n\n\n\n<p>\u201cAfganistan vi\u0161e ne\u0107e biti tr\u017ei\u0161te za bh. industriju. Afganistanska pri\u010da je sada istro\u0161ena kada je rije\u010d o izvozu BiH, a bila je profitabilna\u201d, rekao je za \u201cNezavisne novine\u201d Aleksandar Radi\u0107, vojni analiti\u010dar, a koji isti\u010de da se na snimcima koji dolaze iz Afganistana, a na kojima se vide talibani, mogu uo\u010diti i haubice napravljene u BiH.<\/p>\n\n\n\n<p>Da razlog za strah postoji, mo\u017ee se zaklju\u010diti i iz izjave Almina Mali\u0161evi\u0107a, tajnika Grupacije namjenske industrije u FBiH Gospodarske komore FBiH, koji isti\u010de da su sve opcije otvorene.<\/p>\n\n\n\n<p>\u201cDoga\u0111anja u Afganistanu su ba\u0161 iznenadna i te\u0161ko je predvidjeti u kom pravcu \u0107e to i\u0107i. Ali ako ostane ovako, te ako ne bude dogovora izme\u0111u velikih sila, vjerujem da se mo\u017ee desiti da do\u0111e do sankcija na izvoz tamo, \u0161to mo\u017ee utjecati na na\u0161u industriju u smislu smanjenja na\u0161eg izvoza u Afganistan\u201d, rekao je Mali\u0161evi\u0107 u izjavi za \u201cNezavisne novine\u201d.<\/p>\n\n\n\n<p>Prema podacima Vanjskotrgovinske komore BiH, u pro\u0161loj godini na\u0161a industrija naoru\u017eanja i streljiva nije izvezla ni marku svoje robe u Afganistan.<\/p>\n\n\n\n<p>Me\u0111utim, u ovoj godini, tijekom proteklih sedam mjeseci, krenulo je nabolje \u2013 izvezeno je 22.220 kg ovih proizvoda, a vrijednost je 3.159.498 maraka. U pitanju su dijelovi i pribor za oru\u017eje.<\/p>\n\n\n\n<p>Ranijih godina, recimo 2019, u Afganistan smo izvezli 77.770 kg ovih dijelova odnosno pribora, vrijednosti 12.197.000 maraka. Godinu ranije, odnosno 2018, Afganistancima smo prodali dijelove i pribor za oru\u017eje vrijedne 7.923.915 KM, ali i vojnu municiju, poput granata, vrijednosti koja prema\u0161uje 15 milijuna KM.<\/p>\n\n\n\n<p>Ina\u010de, bh. namjenska industrija je tijekom pro\u0161le godine zabilje\u017eila pad, ali je ove godine, odnosno u proteklim mjesecima, zabilje\u017een oporavak.<\/p>\n\n\n\n<p>\u201cNamjenska industrija je u 2020. godini ostvarila smanjen izvoz za 44,5 milijuna KM (-18 posto ) u odnosu na 2019. godinu, pa je ukupno izvezena vrijednost namjenske industrije iznosila 198.525.304 KM\u201d, rekli su za \u201cNezavisne novine\u201d iz Vanjskotrgovinske komore BiH.<\/p>\n\n\n\n<p>Kako dodaju, pozitivni trendovi su u toku, izvoz namjenske industrije BiH je u prvih \u0161est mjeseci ove godine iznosio vi\u0161e od 131 milijun KM, \u0161to je za 20 posto vi\u0161e u odnosu na isti period pro\u0161le godine.<\/p>\n\n\n\n<p>\u201cNamjenska proizvodnja BiH je koncentrirana na proizvodnju streljiva, te kao i uvijek ova kategorija bilje\u017ei najve\u0107e u\u010de\u0161\u0107e u izvozu od 73,4 posto, a potom eksplozivi s u\u010de\u0161\u0107em od 14,6 posto\u201d, precizirali su iz Vanjskotrgovinske komore BiH.<\/p>\n\n\n\n<p>Za razliku od prvih \u0161est mjeseci pro\u0161le godine, kada smo najvi\u0161e izvozili u Egipat (32 posto), Saudijsku Arabiju (20 posto) i Tursku (11,2 posto), u prvom polugodi\u0161tu 2021. godine namjenska industrija BiH navi\u0161e je izvozila u SAD (30 posto), Egipat (21,77 posto) i \u010ce\u0161ku (devet posto).<\/p>\n\n\n\n<p>Kako isti\u010du iz Vanjskotrgovinske komore BiH, ostala zna\u010dajna tr\u017ei\u0161ta u ovoj godini bila su Njema\u010dka, Slovenija, Afganistan, Srbija, \u0160vicarska, Kuvajt, Al\u017eir i Banglade\u0161.<\/p>\n\n\n\n<p>\/HMS\/<\/p>\n","protected":false},"excerpt":{"rendered":"<p>Namjenska industrija BiH mogla bi ostati bez milijunski vrijednog izvoza oru\u017eja u Afganistan, smatraju stru\u010dnjaci. Mi\u0161ljenja su razli\u010dita, pa su tako neki u svojim prognozama potpuno sigurni da se tvornice naoru\u017eanja i streljiva iz BiH mogu pozdraviti s tr\u017ei\u0161tem u zemlji gdje ve\u0107 danima vlada kaos. Drugi su, pak, ne\u0161to suzdr\u017eaniji, ali ka\u017eu da su [&hellip;]<\/p>\n","protected":false},"author":2,"featured_media":54480,"comment_status":"closed","ping_status":"closed","sticky":false,"template":"","format":"standard","meta":{"h5ap_radio_sources":[],"footnotes":""},"categories":[1],"tags":[],"class_list":["post-54479","post","type-post","status-publish","format-standard","has-post-thumbnail","hentry","category-bihiregija"],"yoast_head":"<!-- This site is optimized with the Yoast SEO plugin v27.4 - https:\/\/yoast.com\/product\/yoast-seo-wordpress\/ -->\n<title>Velika prijetnja za izvoz oru\u017eja iz BiH u Afganistan - RADIO LJUBU\u0160KI<\/title>\n<meta name=\"robots\" content=\"index, follow, max-snippet:-1, max-image-preview:large, max-video-preview:-1\" \/>\n<link rel=\"canonical\" href=\"https:\/\/radioljubuski.ba\/index.php\/2021\/08\/18\/velika-prijetnja-za-izvoz-oruzja-iz-bih-u-afganistan\/\" \/>\n<meta property=\"og:locale\" content=\"hr_HR\" \/>\n<meta property=\"og:type\" content=\"article\" \/>\n<meta property=\"og:title\" content=\"Velika prijetnja za izvoz oru\u017eja iz BiH u Afganistan - RADIO LJUBU\u0160KI\" \/>\n<meta property=\"og:description\" content=\"Namjenska industrija BiH mogla bi ostati bez milijunski vrijednog izvoza oru\u017eja u Afganistan, smatraju stru\u010dnjaci. Mi\u0161ljenja su razli\u010dita, pa su tako neki u svojim prognozama potpuno sigurni da se tvornice naoru\u017eanja i streljiva iz BiH mogu pozdraviti s tr\u017ei\u0161tem u zemlji gdje ve\u0107 danima vlada kaos. Drugi su, pak, ne\u0161to suzdr\u017eaniji, ali ka\u017eu da su [&hellip;]\" \/>\n<meta property=\"og:url\" content=\"https:\/\/radioljubuski.ba\/index.php\/2021\/08\/18\/velika-prijetnja-za-izvoz-oruzja-iz-bih-u-afganistan\/\" \/>\n<meta property=\"og:site_name\" content=\"RADIO LJUBU\u0160KI\" \/>\n<meta property=\"article:publisher\" content=\"https:\/\/www.facebook.com\/Radiio-Ljubuski-1490835324566332\" \/>\n<meta property=\"article:published_time\" content=\"2021-08-18T10:04:05+00:00\" \/>\n<meta property=\"article:modified_time\" content=\"2021-08-18T10:04:06+00:00\" \/>\n<meta property=\"og:image\" content=\"https:\/\/radioljubuski.ba\/wp-content\/uploads\/2021\/08\/20210817183714_676476.jpg\" \/>\n\t<meta property=\"og:image:width\" content=\"750\" \/>\n\t<meta property=\"og:image:height\" content=\"500\" \/>\n\t<meta property=\"og:image:type\" content=\"image\/jpeg\" \/>\n<meta name=\"author\" content=\"Radio Ljubu\u0161ki\" \/>\n<meta name=\"twitter:card\" content=\"summary_large_image\" \/>\n<meta name=\"twitter:creator\" content=\"@radioljubuski\" \/>\n<meta name=\"twitter:site\" content=\"@radioljubuski\" \/>\n<meta name=\"twitter:label1\" content=\"Napisao\/la\" \/>\n\t<meta name=\"twitter:data1\" content=\"Radio Ljubu\u0161ki\" \/>\n\t<meta name=\"twitter:label2\" content=\"Procijenjeno vrijeme \u010ditanja\" \/>\n\t<meta name=\"twitter:data2\" content=\"3 minute\" \/>\n<script type=\"application\/ld+json\" class=\"yoast-schema-graph\">{\"@context\":\"https:\\\/\\\/schema.org\",\"@graph\":[{\"@type\":\"Article\",\"@id\":\"https:\\\/\\\/radioljubuski.ba\\\/index.php\\\/2021\\\/08\\\/18\\\/velika-prijetnja-za-izvoz-oruzja-iz-bih-u-afganistan\\\/#article\",\"isPartOf\":{\"@id\":\"https:\\\/\\\/radioljubuski.ba\\\/index.php\\\/2021\\\/08\\\/18\\\/velika-prijetnja-za-izvoz-oruzja-iz-bih-u-afganistan\\\/\"},\"author\":{\"name\":\"Radio Ljubu\u0161ki\",\"@id\":\"https:\\\/\\\/radioljubuski.ba\\\/#\\\/schema\\\/person\\\/19fc700381a780f69665d7956c469e3b\"},\"headline\":\"Velika prijetnja za izvoz oru\u017eja iz BiH u Afganistan\",\"datePublished\":\"2021-08-18T10:04:05+00:00\",\"dateModified\":\"2021-08-18T10:04:06+00:00\",\"mainEntityOfPage\":{\"@id\":\"https:\\\/\\\/radioljubuski.ba\\\/index.php\\\/2021\\\/08\\\/18\\\/velika-prijetnja-za-izvoz-oruzja-iz-bih-u-afganistan\\\/\"},\"wordCount\":568,\"publisher\":{\"@id\":\"https:\\\/\\\/radioljubuski.ba\\\/#organization\"},\"image\":{\"@id\":\"https:\\\/\\\/radioljubuski.ba\\\/index.php\\\/2021\\\/08\\\/18\\\/velika-prijetnja-za-izvoz-oruzja-iz-bih-u-afganistan\\\/#primaryimage\"},\"thumbnailUrl\":\"https:\\\/\\\/radioljubuski.ba\\\/wp-content\\\/uploads\\\/2021\\\/08\\\/20210817183714_676476.jpg\",\"articleSection\":[\"BIH i regija\"],\"inLanguage\":\"hr\"},{\"@type\":\"WebPage\",\"@id\":\"https:\\\/\\\/radioljubuski.ba\\\/index.php\\\/2021\\\/08\\\/18\\\/velika-prijetnja-za-izvoz-oruzja-iz-bih-u-afganistan\\\/\",\"url\":\"https:\\\/\\\/radioljubuski.ba\\\/index.php\\\/2021\\\/08\\\/18\\\/velika-prijetnja-za-izvoz-oruzja-iz-bih-u-afganistan\\\/\",\"name\":\"Velika prijetnja za izvoz oru\u017eja iz BiH u Afganistan - RADIO LJUBU\u0160KI\",\"isPartOf\":{\"@id\":\"https:\\\/\\\/radioljubuski.ba\\\/#website\"},\"primaryImageOfPage\":{\"@id\":\"https:\\\/\\\/radioljubuski.ba\\\/index.php\\\/2021\\\/08\\\/18\\\/velika-prijetnja-za-izvoz-oruzja-iz-bih-u-afganistan\\\/#primaryimage\"},\"image\":{\"@id\":\"https:\\\/\\\/radioljubuski.ba\\\/index.php\\\/2021\\\/08\\\/18\\\/velika-prijetnja-za-izvoz-oruzja-iz-bih-u-afganistan\\\/#primaryimage\"},\"thumbnailUrl\":\"https:\\\/\\\/radioljubuski.ba\\\/wp-content\\\/uploads\\\/2021\\\/08\\\/20210817183714_676476.jpg\",\"datePublished\":\"2021-08-18T10:04:05+00:00\",\"dateModified\":\"2021-08-18T10:04:06+00:00\",\"breadcrumb\":{\"@id\":\"https:\\\/\\\/radioljubuski.ba\\\/index.php\\\/2021\\\/08\\\/18\\\/velika-prijetnja-za-izvoz-oruzja-iz-bih-u-afganistan\\\/#breadcrumb\"},\"inLanguage\":\"hr\",\"potentialAction\":[{\"@type\":\"ReadAction\",\"target\":[\"https:\\\/\\\/radioljubuski.ba\\\/index.php\\\/2021\\\/08\\\/18\\\/velika-prijetnja-za-izvoz-oruzja-iz-bih-u-afganistan\\\/\"]}]},{\"@type\":\"ImageObject\",\"inLanguage\":\"hr\",\"@id\":\"https:\\\/\\\/radioljubuski.ba\\\/index.php\\\/2021\\\/08\\\/18\\\/velika-prijetnja-za-izvoz-oruzja-iz-bih-u-afganistan\\\/#primaryimage\",\"url\":\"https:\\\/\\\/radioljubuski.ba\\\/wp-content\\\/uploads\\\/2021\\\/08\\\/20210817183714_676476.jpg\",\"contentUrl\":\"https:\\\/\\\/radioljubuski.ba\\\/wp-content\\\/uploads\\\/2021\\\/08\\\/20210817183714_676476.jpg\",\"width\":750,\"height\":500},{\"@type\":\"BreadcrumbList\",\"@id\":\"https:\\\/\\\/radioljubuski.ba\\\/index.php\\\/2021\\\/08\\\/18\\\/velika-prijetnja-za-izvoz-oruzja-iz-bih-u-afganistan\\\/#breadcrumb\",\"itemListElement\":[{\"@type\":\"ListItem\",\"position\":1,\"name\":\"Po\u010detna stranica\",\"item\":\"https:\\\/\\\/radioljubuski.ba\\\/\"},{\"@type\":\"ListItem\",\"position\":2,\"name\":\"Velika prijetnja za izvoz oru\u017eja iz BiH u Afganistan\"}]},{\"@type\":\"WebSite\",\"@id\":\"https:\\\/\\\/radioljubuski.ba\\\/#website\",\"url\":\"https:\\\/\\\/radioljubuski.ba\\\/\",\"name\":\"Radio Ljubu\u0161ki\",\"description\":\"Sun\u010dana frekvencija Hercegovine\",\"publisher\":{\"@id\":\"https:\\\/\\\/radioljubuski.ba\\\/#organization\"},\"potentialAction\":[{\"@type\":\"SearchAction\",\"target\":{\"@type\":\"EntryPoint\",\"urlTemplate\":\"https:\\\/\\\/radioljubuski.ba\\\/?s={search_term_string}\"},\"query-input\":{\"@type\":\"PropertyValueSpecification\",\"valueRequired\":true,\"valueName\":\"search_term_string\"}}],\"inLanguage\":\"hr\"},{\"@type\":\"Organization\",\"@id\":\"https:\\\/\\\/radioljubuski.ba\\\/#organization\",\"name\":\"Radio Ljubu\u0161ki\",\"url\":\"https:\\\/\\\/radioljubuski.ba\\\/\",\"logo\":{\"@type\":\"ImageObject\",\"inLanguage\":\"hr\",\"@id\":\"https:\\\/\\\/radioljubuski.ba\\\/#\\\/schema\\\/logo\\\/image\\\/\",\"url\":\"https:\\\/\\\/radioljubuski.ba\\\/wp-content\\\/uploads\\\/2021\\\/02\\\/cropped-Radio_Ljubuski_logo1.jpg\",\"contentUrl\":\"https:\\\/\\\/radioljubuski.ba\\\/wp-content\\\/uploads\\\/2021\\\/02\\\/cropped-Radio_Ljubuski_logo1.jpg\",\"width\":512,\"height\":512,\"caption\":\"Radio Ljubu\u0161ki\"},\"image\":{\"@id\":\"https:\\\/\\\/radioljubuski.ba\\\/#\\\/schema\\\/logo\\\/image\\\/\"},\"sameAs\":[\"https:\\\/\\\/www.facebook.com\\\/Radiio-Ljubuski-1490835324566332\",\"https:\\\/\\\/x.com\\\/radioljubuski\",\"https:\\\/\\\/hr.linkedin.com\\\/company\\\/radio-ljubuski\",\"https:\\\/\\\/www.youtube.com\\\/channel\\\/UCHYaeO_n0Db3tjNGudGpXyw\"]},{\"@type\":\"Person\",\"@id\":\"https:\\\/\\\/radioljubuski.ba\\\/#\\\/schema\\\/person\\\/19fc700381a780f69665d7956c469e3b\",\"name\":\"Radio Ljubu\u0161ki\"}]}<\/script>\n<!-- \/ Yoast SEO plugin. -->","yoast_head_json":{"title":"Velika prijetnja za izvoz oru\u017eja iz BiH u Afganistan - RADIO LJUBU\u0160KI","robots":{"index":"index","follow":"follow","max-snippet":"max-snippet:-1","max-image-preview":"max-image-preview:large","max-video-preview":"max-video-preview:-1"},"canonical":"https:\/\/radioljubuski.ba\/index.php\/2021\/08\/18\/velika-prijetnja-za-izvoz-oruzja-iz-bih-u-afganistan\/","og_locale":"hr_HR","og_type":"article","og_title":"Velika prijetnja za izvoz oru\u017eja iz BiH u Afganistan - RADIO LJUBU\u0160KI","og_description":"Namjenska industrija BiH mogla bi ostati bez milijunski vrijednog izvoza oru\u017eja u Afganistan, smatraju stru\u010dnjaci. Mi\u0161ljenja su razli\u010dita, pa su tako neki u svojim prognozama potpuno sigurni da se tvornice naoru\u017eanja i streljiva iz BiH mogu pozdraviti s tr\u017ei\u0161tem u zemlji gdje ve\u0107 danima vlada kaos. Drugi su, pak, ne\u0161to suzdr\u017eaniji, ali ka\u017eu da su [&hellip;]","og_url":"https:\/\/radioljubuski.ba\/index.php\/2021\/08\/18\/velika-prijetnja-za-izvoz-oruzja-iz-bih-u-afganistan\/","og_site_name":"RADIO LJUBU\u0160KI","article_publisher":"https:\/\/www.facebook.com\/Radiio-Ljubuski-1490835324566332","article_published_time":"2021-08-18T10:04:05+00:00","article_modified_time":"2021-08-18T10:04:06+00:00","og_image":[{"width":750,"height":500,"url":"https:\/\/radioljubuski.ba\/wp-content\/uploads\/2021\/08\/20210817183714_676476.jpg","type":"image\/jpeg"}],"author":"Radio Ljubu\u0161ki","twitter_card":"summary_large_image","twitter_creator":"@radioljubuski","twitter_site":"@radioljubuski","twitter_misc":{"Napisao\/la":"Radio Ljubu\u0161ki","Procijenjeno vrijeme \u010ditanja":"3 minute"},"schema":{"@context":"https:\/\/schema.org","@graph":[{"@type":"Article","@id":"https:\/\/radioljubuski.ba\/index.php\/2021\/08\/18\/velika-prijetnja-za-izvoz-oruzja-iz-bih-u-afganistan\/#article","isPartOf":{"@id":"https:\/\/radioljubuski.ba\/index.php\/2021\/08\/18\/velika-prijetnja-za-izvoz-oruzja-iz-bih-u-afganistan\/"},"author":{"name":"Radio Ljubu\u0161ki","@id":"https:\/\/radioljubuski.ba\/#\/schema\/person\/19fc700381a780f69665d7956c469e3b"},"headline":"Velika prijetnja za izvoz oru\u017eja iz BiH u Afganistan","datePublished":"2021-08-18T10:04:05+00:00","dateModified":"2021-08-18T10:04:06+00:00","mainEntityOfPage":{"@id":"https:\/\/radioljubuski.ba\/index.php\/2021\/08\/18\/velika-prijetnja-za-izvoz-oruzja-iz-bih-u-afganistan\/"},"wordCount":568,"publisher":{"@id":"https:\/\/radioljubuski.ba\/#organization"},"image":{"@id":"https:\/\/radioljubuski.ba\/index.php\/2021\/08\/18\/velika-prijetnja-za-izvoz-oruzja-iz-bih-u-afganistan\/#primaryimage"},"thumbnailUrl":"https:\/\/radioljubuski.ba\/wp-content\/uploads\/2021\/08\/20210817183714_676476.jpg","articleSection":["BIH i regija"],"inLanguage":"hr"},{"@type":"WebPage","@id":"https:\/\/radioljubuski.ba\/index.php\/2021\/08\/18\/velika-prijetnja-za-izvoz-oruzja-iz-bih-u-afganistan\/","url":"https:\/\/radioljubuski.ba\/index.php\/2021\/08\/18\/velika-prijetnja-za-izvoz-oruzja-iz-bih-u-afganistan\/","name":"Velika prijetnja za izvoz oru\u017eja iz BiH u Afganistan - RADIO LJUBU\u0160KI","isPartOf":{"@id":"https:\/\/radioljubuski.ba\/#website"},"primaryImageOfPage":{"@id":"https:\/\/radioljubuski.ba\/index.php\/2021\/08\/18\/velika-prijetnja-za-izvoz-oruzja-iz-bih-u-afganistan\/#primaryimage"},"image":{"@id":"https:\/\/radioljubuski.ba\/index.php\/2021\/08\/18\/velika-prijetnja-za-izvoz-oruzja-iz-bih-u-afganistan\/#primaryimage"},"thumbnailUrl":"https:\/\/radioljubuski.ba\/wp-content\/uploads\/2021\/08\/20210817183714_676476.jpg","datePublished":"2021-08-18T10:04:05+00:00","dateModified":"2021-08-18T10:04:06+00:00","breadcrumb":{"@id":"https:\/\/radioljubuski.ba\/index.php\/2021\/08\/18\/velika-prijetnja-za-izvoz-oruzja-iz-bih-u-afganistan\/#breadcrumb"},"inLanguage":"hr","potentialAction":[{"@type":"ReadAction","target":["https:\/\/radioljubuski.ba\/index.php\/2021\/08\/18\/velika-prijetnja-za-izvoz-oruzja-iz-bih-u-afganistan\/"]}]},{"@type":"ImageObject","inLanguage":"hr","@id":"https:\/\/radioljubuski.ba\/index.php\/2021\/08\/18\/velika-prijetnja-za-izvoz-oruzja-iz-bih-u-afganistan\/#primaryimage","url":"https:\/\/radioljubuski.ba\/wp-content\/uploads\/2021\/08\/20210817183714_676476.jpg","contentUrl":"https:\/\/radioljubuski.ba\/wp-content\/uploads\/2021\/08\/20210817183714_676476.jpg","width":750,"height":500},{"@type":"BreadcrumbList","@id":"https:\/\/radioljubuski.ba\/index.php\/2021\/08\/18\/velika-prijetnja-za-izvoz-oruzja-iz-bih-u-afganistan\/#breadcrumb","itemListElement":[{"@type":"ListItem","position":1,"name":"Po\u010detna stranica","item":"https:\/\/radioljubuski.ba\/"},{"@type":"ListItem","position":2,"name":"Velika prijetnja za izvoz oru\u017eja iz BiH u Afganistan"}]},{"@type":"WebSite","@id":"https:\/\/radioljubuski.ba\/#website","url":"https:\/\/radioljubuski.ba\/","name":"Radio Ljubu\u0161ki","description":"Sun\u010dana frekvencija Hercegovine","publisher":{"@id":"https:\/\/radioljubuski.ba\/#organization"},"potentialAction":[{"@type":"SearchAction","target":{"@type":"EntryPoint","urlTemplate":"https:\/\/radioljubuski.ba\/?s={search_term_string}"},"query-input":{"@type":"PropertyValueSpecification","valueRequired":true,"valueName":"search_term_string"}}],"inLanguage":"hr"},{"@type":"Organization","@id":"https:\/\/radioljubuski.ba\/#organization","name":"Radio Ljubu\u0161ki","url":"https:\/\/radioljubuski.ba\/","logo":{"@type":"ImageObject","inLanguage":"hr","@id":"https:\/\/radioljubuski.ba\/#\/schema\/logo\/image\/","url":"https:\/\/radioljubuski.ba\/wp-content\/uploads\/2021\/02\/cropped-Radio_Ljubuski_logo1.jpg","contentUrl":"https:\/\/radioljubuski.ba\/wp-content\/uploads\/2021\/02\/cropped-Radio_Ljubuski_logo1.jpg","width":512,"height":512,"caption":"Radio Ljubu\u0161ki"},"image":{"@id":"https:\/\/radioljubuski.ba\/#\/schema\/logo\/image\/"},"sameAs":["https:\/\/www.facebook.com\/Radiio-Ljubuski-1490835324566332","https:\/\/x.com\/radioljubuski","https:\/\/hr.linkedin.com\/company\/radio-ljubuski","https:\/\/www.youtube.com\/channel\/UCHYaeO_n0Db3tjNGudGpXyw"]},{"@type":"Person","@id":"https:\/\/radioljubuski.ba\/#\/schema\/person\/19fc700381a780f69665d7956c469e3b","name":"Radio Ljubu\u0161ki"}]}},"_links":{"self":[{"href":"https:\/\/radioljubuski.ba\/index.php\/wp-json\/wp\/v2\/posts\/54479","targetHints":{"allow":["GET"]}}],"collection":[{"href":"https:\/\/radioljubuski.ba\/index.php\/wp-json\/wp\/v2\/posts"}],"about":[{"href":"https:\/\/radioljubuski.ba\/index.php\/wp-json\/wp\/v2\/types\/post"}],"author":[{"embeddable":true,"href":"https:\/\/radioljubuski.ba\/index.php\/wp-json\/wp\/v2\/users\/2"}],"replies":[{"embeddable":true,"href":"https:\/\/radioljubuski.ba\/index.php\/wp-json\/wp\/v2\/comments?post=54479"}],"version-history":[{"count":1,"href":"https:\/\/radioljubuski.ba\/index.php\/wp-json\/wp\/v2\/posts\/54479\/revisions"}],"predecessor-version":[{"id":54481,"href":"https:\/\/radioljubuski.ba\/index.php\/wp-json\/wp\/v2\/posts\/54479\/revisions\/54481"}],"wp:featuredmedia":[{"embeddable":true,"href":"https:\/\/radioljubuski.ba\/index.php\/wp-json\/wp\/v2\/media\/54480"}],"wp:attachment":[{"href":"https:\/\/radioljubuski.ba\/index.php\/wp-json\/wp\/v2\/media?parent=54479"}],"wp:term":[{"taxonomy":"category","embeddable":true,"href":"https:\/\/radioljubuski.ba\/index.php\/wp-json\/wp\/v2\/categories?post=54479"},{"taxonomy":"post_tag","embeddable":true,"href":"https:\/\/radioljubuski.ba\/index.php\/wp-json\/wp\/v2\/tags?post=54479"}],"curies":[{"name":"wp","href":"https:\/\/api.w.org\/{rel}","templated":true}]}}