{"id":54482,"date":"2021-08-18T11:05:26","date_gmt":"2021-08-18T10:05:26","guid":{"rendered":"https:\/\/radioljubuski.ba\/?p=54482"},"modified":"2021-08-18T11:05:27","modified_gmt":"2021-08-18T10:05:27","slug":"influencerica-21-skocila-s-mosta-na-rijeci-tari-u-smrt-a-nakon-nje-isto-je-ucinio-djecak-13","status":"publish","type":"post","link":"https:\/\/radioljubuski.ba\/index.php\/2021\/08\/18\/influencerica-21-skocila-s-mosta-na-rijeci-tari-u-smrt-a-nakon-nje-isto-je-ucinio-djecak-13\/","title":{"rendered":"Influencerica (21) sko\u010dila s mosta na rijeci Tari u smrt, a nakon nje \u2013 isto je u\u010dinio dje\u010dak (13)"},"content":{"rendered":"\n<p><strong>Dvadesetjednogodi\u0161nja M.G. iz Pljevalja u Crnoj Gori, ina\u010de tamo\u0161nja popularna tiktokerica, 27. srpnja ove godine po\u010dinila je samoubojstvo sko\u010div\u0161i s mosta na rijeci Tari (na slici). Na istom mjestu nekoliko dana kasnije s mosta je sko\u010dio i 13-godi\u0161nji V.K., a oba samoubojstva dovode se u vezu, pi\u0161e <a href=\"https:\/\/www.blic.rs\/vesti\/hronika\/devojka-koja-je-skocila-sa-mosta-na-tari-a-za-njom-i-tinejdzer-bila-jedna-od\/enz3wle?ref=dino&amp;utm_source=Facebook&amp;utm_medium=Social&amp;utm_campaign=dino&amp;utm_term=dino&amp;utm_content=dino&amp;fbclid=IwAR105lysz0yXIw3PldQcry0PLPBUgrgbJq_L0n4bwA9gIIQBQLHP_95qzG8\" target=\"_blank\" rel=\"noreferrer noopener\">Blic<\/a>.<\/strong><\/p>\n\n\n\n<p><strong>Dao naslutiti da \u0107e si u\u010diniti ne\u0161to na\u017eao<\/strong><\/p>\n\n\n\n<p>M.G. je, prema statistici, bila na devetom mjestu najposje\u0107enijih TikTok profila u Crnoj Gori, s ne\u0161to vi\u0161e od 31.000 pratitelja i s vi\u0161e od milijun lajkova na svojim objavama. Na njezinom profilu na TikToku ostala je samo jedna snimka, navodno objavljena dan prije nego \u0161to je po\u010dinila samoubojstvo. Posvetila ga je prijateljici, a njezini su pratitelji ostavili mno\u0161tvo komentara iskazuju\u0107i odu\u0161evljenje. Me\u0111u njima je bio i maloljetni V. K. koji je nekoliko dana kasnije po\u010dinio samoubojstvo na istom mjestu kao i M.G..<\/p>\n\n\n\n<p>Upada u o\u010di da je dje\u010dak na svoju profilnu sliku stavio fotografiju stradale M.G., a u svoj nadimak na toj mre\u017ei ubacio je nastavak koji je ona koristila. Kada se saznalo za njezino samoubojstvo, tinejd\u017eer je na njezinom profilu nastavio ostavljati komentare od kojih su neki, sude\u0107i po sadr\u017eaju, bili naznaka da i on namjerava sebi u\u010diniti ne\u0161to na\u017eao, pi\u0161e <a href=\"https:\/\/www.blic.rs\/vesti\/hronika\/devojka-koja-je-skocila-sa-mosta-na-tari-a-za-njom-i-tinejdzer-bila-jedna-od\/enz3wle?ref=dino&amp;utm_source=Facebook&amp;utm_medium=Social&amp;utm_campaign=dino&amp;utm_term=dino&amp;utm_content=dino&amp;fbclid=IwAR105lysz0yXIw3PldQcry0PLPBUgrgbJq_L0n4bwA9gIIQBQLHP_95qzG8\" target=\"_blank\" rel=\"noreferrer noopener\">Blic<\/a>.<\/p>\n\n\n\n<p><strong>\u2018Volim te zauvijek, uskoro dolazim\u2019<\/strong><\/p>\n\n\n\n<p>\u201cUvijek \u0107e\u0161 biti s nama legendo, an\u0111eli nikada ne umiru. Volim te zauvijek, uskoro dolazim M.\u201d, napisao je u jednom komentaru.<\/p>\n\n\n\n<p>On se \u010desto ogla\u0161avao u komentarima ispod njezinih objava na TikToku. Iz njih se dalo zaklju\u010diti kako se njih dvoje nisu poznavali, nego da je samo bio njezin obo\u017eavatelj.<\/p>\n\n\n\n<p>\u201cPla\u010de mi se kada \u010dujem ovako ne\u0161to. Poznajem jednu osobu koja je ostala bez najboljeg prijatelja. Iako je nisam poznavao, pla\u010de mi se\u201d, napisao je on.<\/p>\n\n\n\n<p>Na dan kada je dje\u010dak po\u010dinio samoubojstvo, na TikToku je prethodno objavo snimku u kojoj je kazao kako se \u201cdjevojka koju najvi\u0161e voli nalazi u raju, zbog \u010dega i on \u017eeli tamo oti\u0107i\u201d. Na njihovim Instagram profilima stajala je identi\u010dna poruka \u201cSafe place\u201d uz \u0161est srca u duginim bojama. Poruka je kod oboje bila napisana istim fontom uz identi\u010dan redoslijed srca. Blic isti\u010de i bizaran podatak da je oboje pratio isti broj ljudi \u2013 538.<\/p>\n\n\n\n<p>\/HMS\/<\/p>\n","protected":false},"excerpt":{"rendered":"<p>Dvadesetjednogodi\u0161nja M.G. iz Pljevalja u Crnoj Gori, ina\u010de tamo\u0161nja popularna tiktokerica, 27. srpnja ove godine po\u010dinila je samoubojstvo sko\u010div\u0161i s mosta na rijeci Tari (na slici). Na istom mjestu nekoliko dana kasnije s mosta je sko\u010dio i 13-godi\u0161nji V.K., a oba samoubojstva dovode se u vezu, pi\u0161e Blic. Dao naslutiti da \u0107e si u\u010diniti ne\u0161to [&hellip;]<\/p>\n","protected":false},"author":2,"featured_media":54483,"comment_status":"closed","ping_status":"closed","sticky":false,"template":"","format":"standard","meta":{"h5ap_radio_sources":[],"footnotes":""},"categories":[1],"tags":[],"class_list":["post-54482","post","type-post","status-publish","format-standard","has-post-thumbnail","hentry","category-bihiregija"],"yoast_head":"<!-- This site is optimized with the Yoast SEO plugin v27.5 - https:\/\/yoast.com\/product\/yoast-seo-wordpress\/ -->\n<title>Influencerica (21) sko\u010dila s mosta na rijeci Tari u smrt, a nakon nje \u2013 isto je u\u010dinio dje\u010dak (13) - RADIO LJUBU\u0160KI<\/title>\n<meta name=\"robots\" content=\"index, follow, max-snippet:-1, max-image-preview:large, max-video-preview:-1\" \/>\n<link rel=\"canonical\" href=\"https:\/\/radioljubuski.ba\/index.php\/2021\/08\/18\/influencerica-21-skocila-s-mosta-na-rijeci-tari-u-smrt-a-nakon-nje-isto-je-ucinio-djecak-13\/\" \/>\n<meta property=\"og:locale\" content=\"hr_HR\" \/>\n<meta property=\"og:type\" content=\"article\" \/>\n<meta property=\"og:title\" content=\"Influencerica (21) sko\u010dila s mosta na rijeci Tari u smrt, a nakon nje \u2013 isto je u\u010dinio dje\u010dak (13) - RADIO LJUBU\u0160KI\" \/>\n<meta property=\"og:description\" content=\"Dvadesetjednogodi\u0161nja M.G. iz Pljevalja u Crnoj Gori, ina\u010de tamo\u0161nja popularna tiktokerica, 27. srpnja ove godine po\u010dinila je samoubojstvo sko\u010div\u0161i s mosta na rijeci Tari (na slici). Na istom mjestu nekoliko dana kasnije s mosta je sko\u010dio i 13-godi\u0161nji V.K., a oba samoubojstva dovode se u vezu, pi\u0161e Blic. Dao naslutiti da \u0107e si u\u010diniti ne\u0161to [&hellip;]\" \/>\n<meta property=\"og:url\" content=\"https:\/\/radioljubuski.ba\/index.php\/2021\/08\/18\/influencerica-21-skocila-s-mosta-na-rijeci-tari-u-smrt-a-nakon-nje-isto-je-ucinio-djecak-13\/\" \/>\n<meta property=\"og:site_name\" content=\"RADIO LJUBU\u0160KI\" \/>\n<meta property=\"article:publisher\" content=\"https:\/\/www.facebook.com\/Radiio-Ljubuski-1490835324566332\" \/>\n<meta property=\"article:published_time\" content=\"2021-08-18T10:05:26+00:00\" \/>\n<meta property=\"article:modified_time\" content=\"2021-08-18T10:05:27+00:00\" \/>\n<meta property=\"og:image\" content=\"https:\/\/radioljubuski.ba\/wp-content\/uploads\/2021\/08\/most-na-tari.png\" \/>\n\t<meta property=\"og:image:width\" content=\"840\" \/>\n\t<meta property=\"og:image:height\" content=\"470\" \/>\n\t<meta property=\"og:image:type\" content=\"image\/png\" \/>\n<meta name=\"author\" content=\"Radio Ljubu\u0161ki\" \/>\n<meta name=\"twitter:card\" content=\"summary_large_image\" \/>\n<meta name=\"twitter:creator\" content=\"@radioljubuski\" \/>\n<meta name=\"twitter:site\" content=\"@radioljubuski\" \/>\n<meta name=\"twitter:label1\" content=\"Napisao\/la\" \/>\n\t<meta name=\"twitter:data1\" content=\"Radio Ljubu\u0161ki\" \/>\n\t<meta name=\"twitter:label2\" content=\"Procijenjeno vrijeme \u010ditanja\" \/>\n\t<meta name=\"twitter:data2\" content=\"2 minute\" \/>\n<script type=\"application\/ld+json\" class=\"yoast-schema-graph\">{\"@context\":\"https:\\\/\\\/schema.org\",\"@graph\":[{\"@type\":\"Article\",\"@id\":\"https:\\\/\\\/radioljubuski.ba\\\/index.php\\\/2021\\\/08\\\/18\\\/influencerica-21-skocila-s-mosta-na-rijeci-tari-u-smrt-a-nakon-nje-isto-je-ucinio-djecak-13\\\/#article\",\"isPartOf\":{\"@id\":\"https:\\\/\\\/radioljubuski.ba\\\/index.php\\\/2021\\\/08\\\/18\\\/influencerica-21-skocila-s-mosta-na-rijeci-tari-u-smrt-a-nakon-nje-isto-je-ucinio-djecak-13\\\/\"},\"author\":{\"name\":\"Radio Ljubu\u0161ki\",\"@id\":\"https:\\\/\\\/radioljubuski.ba\\\/#\\\/schema\\\/person\\\/19fc700381a780f69665d7956c469e3b\"},\"headline\":\"Influencerica (21) sko\u010dila s mosta na rijeci Tari u smrt, a nakon nje \u2013 isto je u\u010dinio dje\u010dak (13)\",\"datePublished\":\"2021-08-18T10:05:26+00:00\",\"dateModified\":\"2021-08-18T10:05:27+00:00\",\"mainEntityOfPage\":{\"@id\":\"https:\\\/\\\/radioljubuski.ba\\\/index.php\\\/2021\\\/08\\\/18\\\/influencerica-21-skocila-s-mosta-na-rijeci-tari-u-smrt-a-nakon-nje-isto-je-ucinio-djecak-13\\\/\"},\"wordCount\":422,\"publisher\":{\"@id\":\"https:\\\/\\\/radioljubuski.ba\\\/#organization\"},\"image\":{\"@id\":\"https:\\\/\\\/radioljubuski.ba\\\/index.php\\\/2021\\\/08\\\/18\\\/influencerica-21-skocila-s-mosta-na-rijeci-tari-u-smrt-a-nakon-nje-isto-je-ucinio-djecak-13\\\/#primaryimage\"},\"thumbnailUrl\":\"https:\\\/\\\/radioljubuski.ba\\\/wp-content\\\/uploads\\\/2021\\\/08\\\/most-na-tari.png\",\"articleSection\":[\"BIH i regija\"],\"inLanguage\":\"hr\"},{\"@type\":\"WebPage\",\"@id\":\"https:\\\/\\\/radioljubuski.ba\\\/index.php\\\/2021\\\/08\\\/18\\\/influencerica-21-skocila-s-mosta-na-rijeci-tari-u-smrt-a-nakon-nje-isto-je-ucinio-djecak-13\\\/\",\"url\":\"https:\\\/\\\/radioljubuski.ba\\\/index.php\\\/2021\\\/08\\\/18\\\/influencerica-21-skocila-s-mosta-na-rijeci-tari-u-smrt-a-nakon-nje-isto-je-ucinio-djecak-13\\\/\",\"name\":\"Influencerica (21) sko\u010dila s mosta na rijeci Tari u smrt, a nakon nje \u2013 isto je u\u010dinio dje\u010dak (13) - RADIO LJUBU\u0160KI\",\"isPartOf\":{\"@id\":\"https:\\\/\\\/radioljubuski.ba\\\/#website\"},\"primaryImageOfPage\":{\"@id\":\"https:\\\/\\\/radioljubuski.ba\\\/index.php\\\/2021\\\/08\\\/18\\\/influencerica-21-skocila-s-mosta-na-rijeci-tari-u-smrt-a-nakon-nje-isto-je-ucinio-djecak-13\\\/#primaryimage\"},\"image\":{\"@id\":\"https:\\\/\\\/radioljubuski.ba\\\/index.php\\\/2021\\\/08\\\/18\\\/influencerica-21-skocila-s-mosta-na-rijeci-tari-u-smrt-a-nakon-nje-isto-je-ucinio-djecak-13\\\/#primaryimage\"},\"thumbnailUrl\":\"https:\\\/\\\/radioljubuski.ba\\\/wp-content\\\/uploads\\\/2021\\\/08\\\/most-na-tari.png\",\"datePublished\":\"2021-08-18T10:05:26+00:00\",\"dateModified\":\"2021-08-18T10:05:27+00:00\",\"breadcrumb\":{\"@id\":\"https:\\\/\\\/radioljubuski.ba\\\/index.php\\\/2021\\\/08\\\/18\\\/influencerica-21-skocila-s-mosta-na-rijeci-tari-u-smrt-a-nakon-nje-isto-je-ucinio-djecak-13\\\/#breadcrumb\"},\"inLanguage\":\"hr\",\"potentialAction\":[{\"@type\":\"ReadAction\",\"target\":[\"https:\\\/\\\/radioljubuski.ba\\\/index.php\\\/2021\\\/08\\\/18\\\/influencerica-21-skocila-s-mosta-na-rijeci-tari-u-smrt-a-nakon-nje-isto-je-ucinio-djecak-13\\\/\"]}]},{\"@type\":\"ImageObject\",\"inLanguage\":\"hr\",\"@id\":\"https:\\\/\\\/radioljubuski.ba\\\/index.php\\\/2021\\\/08\\\/18\\\/influencerica-21-skocila-s-mosta-na-rijeci-tari-u-smrt-a-nakon-nje-isto-je-ucinio-djecak-13\\\/#primaryimage\",\"url\":\"https:\\\/\\\/radioljubuski.ba\\\/wp-content\\\/uploads\\\/2021\\\/08\\\/most-na-tari.png\",\"contentUrl\":\"https:\\\/\\\/radioljubuski.ba\\\/wp-content\\\/uploads\\\/2021\\\/08\\\/most-na-tari.png\",\"width\":840,\"height\":470},{\"@type\":\"BreadcrumbList\",\"@id\":\"https:\\\/\\\/radioljubuski.ba\\\/index.php\\\/2021\\\/08\\\/18\\\/influencerica-21-skocila-s-mosta-na-rijeci-tari-u-smrt-a-nakon-nje-isto-je-ucinio-djecak-13\\\/#breadcrumb\",\"itemListElement\":[{\"@type\":\"ListItem\",\"position\":1,\"name\":\"Po\u010detna stranica\",\"item\":\"https:\\\/\\\/radioljubuski.ba\\\/\"},{\"@type\":\"ListItem\",\"position\":2,\"name\":\"Influencerica (21) sko\u010dila s mosta na rijeci Tari u smrt, a nakon nje \u2013 isto je u\u010dinio dje\u010dak (13)\"}]},{\"@type\":\"WebSite\",\"@id\":\"https:\\\/\\\/radioljubuski.ba\\\/#website\",\"url\":\"https:\\\/\\\/radioljubuski.ba\\\/\",\"name\":\"Radio Ljubu\u0161ki\",\"description\":\"Sun\u010dana frekvencija Hercegovine\",\"publisher\":{\"@id\":\"https:\\\/\\\/radioljubuski.ba\\\/#organization\"},\"potentialAction\":[{\"@type\":\"SearchAction\",\"target\":{\"@type\":\"EntryPoint\",\"urlTemplate\":\"https:\\\/\\\/radioljubuski.ba\\\/?s={search_term_string}\"},\"query-input\":{\"@type\":\"PropertyValueSpecification\",\"valueRequired\":true,\"valueName\":\"search_term_string\"}}],\"inLanguage\":\"hr\"},{\"@type\":\"Organization\",\"@id\":\"https:\\\/\\\/radioljubuski.ba\\\/#organization\",\"name\":\"Radio Ljubu\u0161ki\",\"url\":\"https:\\\/\\\/radioljubuski.ba\\\/\",\"logo\":{\"@type\":\"ImageObject\",\"inLanguage\":\"hr\",\"@id\":\"https:\\\/\\\/radioljubuski.ba\\\/#\\\/schema\\\/logo\\\/image\\\/\",\"url\":\"https:\\\/\\\/radioljubuski.ba\\\/wp-content\\\/uploads\\\/2021\\\/02\\\/cropped-Radio_Ljubuski_logo1.jpg\",\"contentUrl\":\"https:\\\/\\\/radioljubuski.ba\\\/wp-content\\\/uploads\\\/2021\\\/02\\\/cropped-Radio_Ljubuski_logo1.jpg\",\"width\":512,\"height\":512,\"caption\":\"Radio Ljubu\u0161ki\"},\"image\":{\"@id\":\"https:\\\/\\\/radioljubuski.ba\\\/#\\\/schema\\\/logo\\\/image\\\/\"},\"sameAs\":[\"https:\\\/\\\/www.facebook.com\\\/Radiio-Ljubuski-1490835324566332\",\"https:\\\/\\\/x.com\\\/radioljubuski\",\"https:\\\/\\\/hr.linkedin.com\\\/company\\\/radio-ljubuski\",\"https:\\\/\\\/www.youtube.com\\\/channel\\\/UCHYaeO_n0Db3tjNGudGpXyw\"]},{\"@type\":\"Person\",\"@id\":\"https:\\\/\\\/radioljubuski.ba\\\/#\\\/schema\\\/person\\\/19fc700381a780f69665d7956c469e3b\",\"name\":\"Radio Ljubu\u0161ki\"}]}<\/script>\n<!-- \/ Yoast SEO plugin. -->","yoast_head_json":{"title":"Influencerica (21) sko\u010dila s mosta na rijeci Tari u smrt, a nakon nje \u2013 isto je u\u010dinio dje\u010dak (13) - RADIO LJUBU\u0160KI","robots":{"index":"index","follow":"follow","max-snippet":"max-snippet:-1","max-image-preview":"max-image-preview:large","max-video-preview":"max-video-preview:-1"},"canonical":"https:\/\/radioljubuski.ba\/index.php\/2021\/08\/18\/influencerica-21-skocila-s-mosta-na-rijeci-tari-u-smrt-a-nakon-nje-isto-je-ucinio-djecak-13\/","og_locale":"hr_HR","og_type":"article","og_title":"Influencerica (21) sko\u010dila s mosta na rijeci Tari u smrt, a nakon nje \u2013 isto je u\u010dinio dje\u010dak (13) - RADIO LJUBU\u0160KI","og_description":"Dvadesetjednogodi\u0161nja M.G. iz Pljevalja u Crnoj Gori, ina\u010de tamo\u0161nja popularna tiktokerica, 27. srpnja ove godine po\u010dinila je samoubojstvo sko\u010div\u0161i s mosta na rijeci Tari (na slici). Na istom mjestu nekoliko dana kasnije s mosta je sko\u010dio i 13-godi\u0161nji V.K., a oba samoubojstva dovode se u vezu, pi\u0161e Blic. Dao naslutiti da \u0107e si u\u010diniti ne\u0161to [&hellip;]","og_url":"https:\/\/radioljubuski.ba\/index.php\/2021\/08\/18\/influencerica-21-skocila-s-mosta-na-rijeci-tari-u-smrt-a-nakon-nje-isto-je-ucinio-djecak-13\/","og_site_name":"RADIO LJUBU\u0160KI","article_publisher":"https:\/\/www.facebook.com\/Radiio-Ljubuski-1490835324566332","article_published_time":"2021-08-18T10:05:26+00:00","article_modified_time":"2021-08-18T10:05:27+00:00","og_image":[{"width":840,"height":470,"url":"https:\/\/radioljubuski.ba\/wp-content\/uploads\/2021\/08\/most-na-tari.png","type":"image\/png"}],"author":"Radio Ljubu\u0161ki","twitter_card":"summary_large_image","twitter_creator":"@radioljubuski","twitter_site":"@radioljubuski","twitter_misc":{"Napisao\/la":"Radio Ljubu\u0161ki","Procijenjeno vrijeme \u010ditanja":"2 minute"},"schema":{"@context":"https:\/\/schema.org","@graph":[{"@type":"Article","@id":"https:\/\/radioljubuski.ba\/index.php\/2021\/08\/18\/influencerica-21-skocila-s-mosta-na-rijeci-tari-u-smrt-a-nakon-nje-isto-je-ucinio-djecak-13\/#article","isPartOf":{"@id":"https:\/\/radioljubuski.ba\/index.php\/2021\/08\/18\/influencerica-21-skocila-s-mosta-na-rijeci-tari-u-smrt-a-nakon-nje-isto-je-ucinio-djecak-13\/"},"author":{"name":"Radio Ljubu\u0161ki","@id":"https:\/\/radioljubuski.ba\/#\/schema\/person\/19fc700381a780f69665d7956c469e3b"},"headline":"Influencerica (21) sko\u010dila s mosta na rijeci Tari u smrt, a nakon nje \u2013 isto je u\u010dinio dje\u010dak (13)","datePublished":"2021-08-18T10:05:26+00:00","dateModified":"2021-08-18T10:05:27+00:00","mainEntityOfPage":{"@id":"https:\/\/radioljubuski.ba\/index.php\/2021\/08\/18\/influencerica-21-skocila-s-mosta-na-rijeci-tari-u-smrt-a-nakon-nje-isto-je-ucinio-djecak-13\/"},"wordCount":422,"publisher":{"@id":"https:\/\/radioljubuski.ba\/#organization"},"image":{"@id":"https:\/\/radioljubuski.ba\/index.php\/2021\/08\/18\/influencerica-21-skocila-s-mosta-na-rijeci-tari-u-smrt-a-nakon-nje-isto-je-ucinio-djecak-13\/#primaryimage"},"thumbnailUrl":"https:\/\/radioljubuski.ba\/wp-content\/uploads\/2021\/08\/most-na-tari.png","articleSection":["BIH i regija"],"inLanguage":"hr"},{"@type":"WebPage","@id":"https:\/\/radioljubuski.ba\/index.php\/2021\/08\/18\/influencerica-21-skocila-s-mosta-na-rijeci-tari-u-smrt-a-nakon-nje-isto-je-ucinio-djecak-13\/","url":"https:\/\/radioljubuski.ba\/index.php\/2021\/08\/18\/influencerica-21-skocila-s-mosta-na-rijeci-tari-u-smrt-a-nakon-nje-isto-je-ucinio-djecak-13\/","name":"Influencerica (21) sko\u010dila s mosta na rijeci Tari u smrt, a nakon nje \u2013 isto je u\u010dinio dje\u010dak (13) - RADIO LJUBU\u0160KI","isPartOf":{"@id":"https:\/\/radioljubuski.ba\/#website"},"primaryImageOfPage":{"@id":"https:\/\/radioljubuski.ba\/index.php\/2021\/08\/18\/influencerica-21-skocila-s-mosta-na-rijeci-tari-u-smrt-a-nakon-nje-isto-je-ucinio-djecak-13\/#primaryimage"},"image":{"@id":"https:\/\/radioljubuski.ba\/index.php\/2021\/08\/18\/influencerica-21-skocila-s-mosta-na-rijeci-tari-u-smrt-a-nakon-nje-isto-je-ucinio-djecak-13\/#primaryimage"},"thumbnailUrl":"https:\/\/radioljubuski.ba\/wp-content\/uploads\/2021\/08\/most-na-tari.png","datePublished":"2021-08-18T10:05:26+00:00","dateModified":"2021-08-18T10:05:27+00:00","breadcrumb":{"@id":"https:\/\/radioljubuski.ba\/index.php\/2021\/08\/18\/influencerica-21-skocila-s-mosta-na-rijeci-tari-u-smrt-a-nakon-nje-isto-je-ucinio-djecak-13\/#breadcrumb"},"inLanguage":"hr","potentialAction":[{"@type":"ReadAction","target":["https:\/\/radioljubuski.ba\/index.php\/2021\/08\/18\/influencerica-21-skocila-s-mosta-na-rijeci-tari-u-smrt-a-nakon-nje-isto-je-ucinio-djecak-13\/"]}]},{"@type":"ImageObject","inLanguage":"hr","@id":"https:\/\/radioljubuski.ba\/index.php\/2021\/08\/18\/influencerica-21-skocila-s-mosta-na-rijeci-tari-u-smrt-a-nakon-nje-isto-je-ucinio-djecak-13\/#primaryimage","url":"https:\/\/radioljubuski.ba\/wp-content\/uploads\/2021\/08\/most-na-tari.png","contentUrl":"https:\/\/radioljubuski.ba\/wp-content\/uploads\/2021\/08\/most-na-tari.png","width":840,"height":470},{"@type":"BreadcrumbList","@id":"https:\/\/radioljubuski.ba\/index.php\/2021\/08\/18\/influencerica-21-skocila-s-mosta-na-rijeci-tari-u-smrt-a-nakon-nje-isto-je-ucinio-djecak-13\/#breadcrumb","itemListElement":[{"@type":"ListItem","position":1,"name":"Po\u010detna stranica","item":"https:\/\/radioljubuski.ba\/"},{"@type":"ListItem","position":2,"name":"Influencerica (21) sko\u010dila s mosta na rijeci Tari u smrt, a nakon nje \u2013 isto je u\u010dinio dje\u010dak (13)"}]},{"@type":"WebSite","@id":"https:\/\/radioljubuski.ba\/#website","url":"https:\/\/radioljubuski.ba\/","name":"Radio Ljubu\u0161ki","description":"Sun\u010dana frekvencija Hercegovine","publisher":{"@id":"https:\/\/radioljubuski.ba\/#organization"},"potentialAction":[{"@type":"SearchAction","target":{"@type":"EntryPoint","urlTemplate":"https:\/\/radioljubuski.ba\/?s={search_term_string}"},"query-input":{"@type":"PropertyValueSpecification","valueRequired":true,"valueName":"search_term_string"}}],"inLanguage":"hr"},{"@type":"Organization","@id":"https:\/\/radioljubuski.ba\/#organization","name":"Radio Ljubu\u0161ki","url":"https:\/\/radioljubuski.ba\/","logo":{"@type":"ImageObject","inLanguage":"hr","@id":"https:\/\/radioljubuski.ba\/#\/schema\/logo\/image\/","url":"https:\/\/radioljubuski.ba\/wp-content\/uploads\/2021\/02\/cropped-Radio_Ljubuski_logo1.jpg","contentUrl":"https:\/\/radioljubuski.ba\/wp-content\/uploads\/2021\/02\/cropped-Radio_Ljubuski_logo1.jpg","width":512,"height":512,"caption":"Radio Ljubu\u0161ki"},"image":{"@id":"https:\/\/radioljubuski.ba\/#\/schema\/logo\/image\/"},"sameAs":["https:\/\/www.facebook.com\/Radiio-Ljubuski-1490835324566332","https:\/\/x.com\/radioljubuski","https:\/\/hr.linkedin.com\/company\/radio-ljubuski","https:\/\/www.youtube.com\/channel\/UCHYaeO_n0Db3tjNGudGpXyw"]},{"@type":"Person","@id":"https:\/\/radioljubuski.ba\/#\/schema\/person\/19fc700381a780f69665d7956c469e3b","name":"Radio Ljubu\u0161ki"}]}},"_links":{"self":[{"href":"https:\/\/radioljubuski.ba\/index.php\/wp-json\/wp\/v2\/posts\/54482","targetHints":{"allow":["GET"]}}],"collection":[{"href":"https:\/\/radioljubuski.ba\/index.php\/wp-json\/wp\/v2\/posts"}],"about":[{"href":"https:\/\/radioljubuski.ba\/index.php\/wp-json\/wp\/v2\/types\/post"}],"author":[{"embeddable":true,"href":"https:\/\/radioljubuski.ba\/index.php\/wp-json\/wp\/v2\/users\/2"}],"replies":[{"embeddable":true,"href":"https:\/\/radioljubuski.ba\/index.php\/wp-json\/wp\/v2\/comments?post=54482"}],"version-history":[{"count":1,"href":"https:\/\/radioljubuski.ba\/index.php\/wp-json\/wp\/v2\/posts\/54482\/revisions"}],"predecessor-version":[{"id":54484,"href":"https:\/\/radioljubuski.ba\/index.php\/wp-json\/wp\/v2\/posts\/54482\/revisions\/54484"}],"wp:featuredmedia":[{"embeddable":true,"href":"https:\/\/radioljubuski.ba\/index.php\/wp-json\/wp\/v2\/media\/54483"}],"wp:attachment":[{"href":"https:\/\/radioljubuski.ba\/index.php\/wp-json\/wp\/v2\/media?parent=54482"}],"wp:term":[{"taxonomy":"category","embeddable":true,"href":"https:\/\/radioljubuski.ba\/index.php\/wp-json\/wp\/v2\/categories?post=54482"},{"taxonomy":"post_tag","embeddable":true,"href":"https:\/\/radioljubuski.ba\/index.php\/wp-json\/wp\/v2\/tags?post=54482"}],"curies":[{"name":"wp","href":"https:\/\/api.w.org\/{rel}","templated":true}]}}