{"id":54525,"date":"2021-08-18T12:15:27","date_gmt":"2021-08-18T11:15:27","guid":{"rendered":"https:\/\/radioljubuski.ba\/?p=54525"},"modified":"2021-08-18T12:15:27","modified_gmt":"2021-08-18T11:15:27","slug":"kino-na-otvorenom-mediteran-film-festivala-drama-o-pobunjenim-hrvatskim-braniteljima","status":"publish","type":"post","link":"https:\/\/radioljubuski.ba\/index.php\/2021\/08\/18\/kino-na-otvorenom-mediteran-film-festivala-drama-o-pobunjenim-hrvatskim-braniteljima\/","title":{"rendered":"Kino na otvorenom Mediteran Film Festivala: Drama o pobunjenim hrvatskim braniteljima"},"content":{"rendered":"\n<p>Prvi dokumentarni film o legendarnim \u2018Indexima\u2019, redatelja Zorana Kubure i Bojana Had\u017eiabdi\u0107a, Mediteran Film Festival prikazat \u0107e u off programu Kino na otvorenom.<\/p>\n\n\n\n<p>Nagra\u0111ivani dokumentarac donosi pri\u010du o rokerima u odijelu koji su, u svoja \u010detiri desetlje\u0107a postojanja, lutali od avangarde do festivalskih \u0161lagera i natrag, ostaju\u0107i jedan od najautenti\u010dnijih fenomena jugoslavenske glazbene scene i za\u0161titni znak svog grada.<\/p>\n\n\n\n<p>\u2018\u2019Sarajevo je iznjedrilo bendove koji su prodali vi\u0161e plo\u010da i postali popularniji od Indexa, ali za Sarajlije nijedan nije bio ve\u0107i od njih\u2019\u2019, istaknuli su autori.<\/p>\n\n\n\n<p>Uz ovu glazbenu poslasticu u programu Kina na otvorenom posjetitelji 22. MFF-a gledat \u0107e i igrani film Branka Schmidta, o pobunjenim hrvatskim braniteljima &#8211; \u2018A bili smo vam dobri\u2019.<\/p>\n\n\n\n<p>Schmidtova drama nastala je po pri\u010di Josipa Mlaki\u0107a, inspiriranog doga\u0111ajima pred Ministarstvom branitelja u Savskoj ulici u Zagrebu, kada su takozvani \u0161atora\u0161i \u2013 ba\u0161 kao u filmu \u2013 na vrhuncu obra\u010duna s tada\u0161njom Vladom na ulice iznijeli plinske boce.Glavne uloge u filmu nose Rene Bitorajac, Nela Kocsis, Slaven Knezovi\u0107, Rakan Rushaidat&#8230;.<\/p>\n\n\n\n<p>Podsje\u0107amo, 22. Mediteran Film Festival, \u010diji je generalni pokrovitelj HT Eronet, bit \u0107e odr\u017ean&nbsp;od 25. do 28. kolovoza u \u0160irokom Brijegu.&nbsp;<\/p>\n\n\n\n<p>Izvor:pogled.ba<\/p>\n","protected":false},"excerpt":{"rendered":"<p>Prvi dokumentarni film o legendarnim \u2018Indexima\u2019, redatelja Zorana Kubure i Bojana Had\u017eiabdi\u0107a, Mediteran Film Festival prikazat \u0107e u off programu Kino na otvorenom. Nagra\u0111ivani dokumentarac donosi pri\u010du o rokerima u odijelu koji su, u svoja \u010detiri desetlje\u0107a postojanja, lutali od avangarde do festivalskih \u0161lagera i natrag, ostaju\u0107i jedan od najautenti\u010dnijih fenomena jugoslavenske glazbene scene i [&hellip;]<\/p>\n","protected":false},"author":2,"featured_media":54526,"comment_status":"closed","ping_status":"closed","sticky":false,"template":"","format":"standard","meta":{"h5ap_radio_sources":[],"footnotes":""},"categories":[1],"tags":[],"class_list":["post-54525","post","type-post","status-publish","format-standard","has-post-thumbnail","hentry","category-bihiregija"],"yoast_head":"<!-- This site is optimized with the Yoast SEO plugin v27.4 - https:\/\/yoast.com\/product\/yoast-seo-wordpress\/ -->\n<title>Kino na otvorenom Mediteran Film Festivala: Drama o pobunjenim hrvatskim braniteljima - RADIO LJUBU\u0160KI<\/title>\n<meta name=\"robots\" content=\"index, follow, max-snippet:-1, max-image-preview:large, max-video-preview:-1\" \/>\n<link rel=\"canonical\" href=\"https:\/\/radioljubuski.ba\/index.php\/2021\/08\/18\/kino-na-otvorenom-mediteran-film-festivala-drama-o-pobunjenim-hrvatskim-braniteljima\/\" \/>\n<meta property=\"og:locale\" content=\"hr_HR\" \/>\n<meta property=\"og:type\" content=\"article\" \/>\n<meta property=\"og:title\" content=\"Kino na otvorenom Mediteran Film Festivala: Drama o pobunjenim hrvatskim braniteljima - RADIO LJUBU\u0160KI\" \/>\n<meta property=\"og:description\" content=\"Prvi dokumentarni film o legendarnim \u2018Indexima\u2019, redatelja Zorana Kubure i Bojana Had\u017eiabdi\u0107a, Mediteran Film Festival prikazat \u0107e u off programu Kino na otvorenom. Nagra\u0111ivani dokumentarac donosi pri\u010du o rokerima u odijelu koji su, u svoja \u010detiri desetlje\u0107a postojanja, lutali od avangarde do festivalskih \u0161lagera i natrag, ostaju\u0107i jedan od najautenti\u010dnijih fenomena jugoslavenske glazbene scene i [&hellip;]\" \/>\n<meta property=\"og:url\" content=\"https:\/\/radioljubuski.ba\/index.php\/2021\/08\/18\/kino-na-otvorenom-mediteran-film-festivala-drama-o-pobunjenim-hrvatskim-braniteljima\/\" \/>\n<meta property=\"og:site_name\" content=\"RADIO LJUBU\u0160KI\" \/>\n<meta property=\"article:publisher\" content=\"https:\/\/www.facebook.com\/Radiio-Ljubuski-1490835324566332\" \/>\n<meta property=\"article:published_time\" content=\"2021-08-18T11:15:27+00:00\" \/>\n<meta property=\"og:image\" content=\"https:\/\/radioljubuski.ba\/wp-content\/uploads\/2021\/08\/2-2021-08-18-11-44-08-a-bili-smo-vam-dobri.jpg\" \/>\n\t<meta property=\"og:image:width\" content=\"1000\" \/>\n\t<meta property=\"og:image:height\" content=\"625\" \/>\n\t<meta property=\"og:image:type\" content=\"image\/jpeg\" \/>\n<meta name=\"author\" content=\"Radio Ljubu\u0161ki\" \/>\n<meta name=\"twitter:card\" content=\"summary_large_image\" \/>\n<meta name=\"twitter:creator\" content=\"@radioljubuski\" \/>\n<meta name=\"twitter:site\" content=\"@radioljubuski\" \/>\n<meta name=\"twitter:label1\" content=\"Napisao\/la\" \/>\n\t<meta name=\"twitter:data1\" content=\"Radio Ljubu\u0161ki\" \/>\n\t<meta name=\"twitter:label2\" content=\"Procijenjeno vrijeme \u010ditanja\" \/>\n\t<meta name=\"twitter:data2\" content=\"1 minuta\" \/>\n<script type=\"application\/ld+json\" class=\"yoast-schema-graph\">{\"@context\":\"https:\\\/\\\/schema.org\",\"@graph\":[{\"@type\":\"Article\",\"@id\":\"https:\\\/\\\/radioljubuski.ba\\\/index.php\\\/2021\\\/08\\\/18\\\/kino-na-otvorenom-mediteran-film-festivala-drama-o-pobunjenim-hrvatskim-braniteljima\\\/#article\",\"isPartOf\":{\"@id\":\"https:\\\/\\\/radioljubuski.ba\\\/index.php\\\/2021\\\/08\\\/18\\\/kino-na-otvorenom-mediteran-film-festivala-drama-o-pobunjenim-hrvatskim-braniteljima\\\/\"},\"author\":{\"name\":\"Radio Ljubu\u0161ki\",\"@id\":\"https:\\\/\\\/radioljubuski.ba\\\/#\\\/schema\\\/person\\\/19fc700381a780f69665d7956c469e3b\"},\"headline\":\"Kino na otvorenom Mediteran Film Festivala: Drama o pobunjenim hrvatskim braniteljima\",\"datePublished\":\"2021-08-18T11:15:27+00:00\",\"mainEntityOfPage\":{\"@id\":\"https:\\\/\\\/radioljubuski.ba\\\/index.php\\\/2021\\\/08\\\/18\\\/kino-na-otvorenom-mediteran-film-festivala-drama-o-pobunjenim-hrvatskim-braniteljima\\\/\"},\"wordCount\":217,\"publisher\":{\"@id\":\"https:\\\/\\\/radioljubuski.ba\\\/#organization\"},\"image\":{\"@id\":\"https:\\\/\\\/radioljubuski.ba\\\/index.php\\\/2021\\\/08\\\/18\\\/kino-na-otvorenom-mediteran-film-festivala-drama-o-pobunjenim-hrvatskim-braniteljima\\\/#primaryimage\"},\"thumbnailUrl\":\"https:\\\/\\\/radioljubuski.ba\\\/wp-content\\\/uploads\\\/2021\\\/08\\\/2-2021-08-18-11-44-08-a-bili-smo-vam-dobri.jpg\",\"articleSection\":[\"BIH i regija\"],\"inLanguage\":\"hr\"},{\"@type\":\"WebPage\",\"@id\":\"https:\\\/\\\/radioljubuski.ba\\\/index.php\\\/2021\\\/08\\\/18\\\/kino-na-otvorenom-mediteran-film-festivala-drama-o-pobunjenim-hrvatskim-braniteljima\\\/\",\"url\":\"https:\\\/\\\/radioljubuski.ba\\\/index.php\\\/2021\\\/08\\\/18\\\/kino-na-otvorenom-mediteran-film-festivala-drama-o-pobunjenim-hrvatskim-braniteljima\\\/\",\"name\":\"Kino na otvorenom Mediteran Film Festivala: Drama o pobunjenim hrvatskim braniteljima - RADIO LJUBU\u0160KI\",\"isPartOf\":{\"@id\":\"https:\\\/\\\/radioljubuski.ba\\\/#website\"},\"primaryImageOfPage\":{\"@id\":\"https:\\\/\\\/radioljubuski.ba\\\/index.php\\\/2021\\\/08\\\/18\\\/kino-na-otvorenom-mediteran-film-festivala-drama-o-pobunjenim-hrvatskim-braniteljima\\\/#primaryimage\"},\"image\":{\"@id\":\"https:\\\/\\\/radioljubuski.ba\\\/index.php\\\/2021\\\/08\\\/18\\\/kino-na-otvorenom-mediteran-film-festivala-drama-o-pobunjenim-hrvatskim-braniteljima\\\/#primaryimage\"},\"thumbnailUrl\":\"https:\\\/\\\/radioljubuski.ba\\\/wp-content\\\/uploads\\\/2021\\\/08\\\/2-2021-08-18-11-44-08-a-bili-smo-vam-dobri.jpg\",\"datePublished\":\"2021-08-18T11:15:27+00:00\",\"breadcrumb\":{\"@id\":\"https:\\\/\\\/radioljubuski.ba\\\/index.php\\\/2021\\\/08\\\/18\\\/kino-na-otvorenom-mediteran-film-festivala-drama-o-pobunjenim-hrvatskim-braniteljima\\\/#breadcrumb\"},\"inLanguage\":\"hr\",\"potentialAction\":[{\"@type\":\"ReadAction\",\"target\":[\"https:\\\/\\\/radioljubuski.ba\\\/index.php\\\/2021\\\/08\\\/18\\\/kino-na-otvorenom-mediteran-film-festivala-drama-o-pobunjenim-hrvatskim-braniteljima\\\/\"]}]},{\"@type\":\"ImageObject\",\"inLanguage\":\"hr\",\"@id\":\"https:\\\/\\\/radioljubuski.ba\\\/index.php\\\/2021\\\/08\\\/18\\\/kino-na-otvorenom-mediteran-film-festivala-drama-o-pobunjenim-hrvatskim-braniteljima\\\/#primaryimage\",\"url\":\"https:\\\/\\\/radioljubuski.ba\\\/wp-content\\\/uploads\\\/2021\\\/08\\\/2-2021-08-18-11-44-08-a-bili-smo-vam-dobri.jpg\",\"contentUrl\":\"https:\\\/\\\/radioljubuski.ba\\\/wp-content\\\/uploads\\\/2021\\\/08\\\/2-2021-08-18-11-44-08-a-bili-smo-vam-dobri.jpg\",\"width\":1000,\"height\":625},{\"@type\":\"BreadcrumbList\",\"@id\":\"https:\\\/\\\/radioljubuski.ba\\\/index.php\\\/2021\\\/08\\\/18\\\/kino-na-otvorenom-mediteran-film-festivala-drama-o-pobunjenim-hrvatskim-braniteljima\\\/#breadcrumb\",\"itemListElement\":[{\"@type\":\"ListItem\",\"position\":1,\"name\":\"Po\u010detna stranica\",\"item\":\"https:\\\/\\\/radioljubuski.ba\\\/\"},{\"@type\":\"ListItem\",\"position\":2,\"name\":\"Kino na otvorenom Mediteran Film Festivala: Drama o pobunjenim hrvatskim braniteljima\"}]},{\"@type\":\"WebSite\",\"@id\":\"https:\\\/\\\/radioljubuski.ba\\\/#website\",\"url\":\"https:\\\/\\\/radioljubuski.ba\\\/\",\"name\":\"Radio Ljubu\u0161ki\",\"description\":\"Sun\u010dana frekvencija Hercegovine\",\"publisher\":{\"@id\":\"https:\\\/\\\/radioljubuski.ba\\\/#organization\"},\"potentialAction\":[{\"@type\":\"SearchAction\",\"target\":{\"@type\":\"EntryPoint\",\"urlTemplate\":\"https:\\\/\\\/radioljubuski.ba\\\/?s={search_term_string}\"},\"query-input\":{\"@type\":\"PropertyValueSpecification\",\"valueRequired\":true,\"valueName\":\"search_term_string\"}}],\"inLanguage\":\"hr\"},{\"@type\":\"Organization\",\"@id\":\"https:\\\/\\\/radioljubuski.ba\\\/#organization\",\"name\":\"Radio Ljubu\u0161ki\",\"url\":\"https:\\\/\\\/radioljubuski.ba\\\/\",\"logo\":{\"@type\":\"ImageObject\",\"inLanguage\":\"hr\",\"@id\":\"https:\\\/\\\/radioljubuski.ba\\\/#\\\/schema\\\/logo\\\/image\\\/\",\"url\":\"https:\\\/\\\/radioljubuski.ba\\\/wp-content\\\/uploads\\\/2021\\\/02\\\/cropped-Radio_Ljubuski_logo1.jpg\",\"contentUrl\":\"https:\\\/\\\/radioljubuski.ba\\\/wp-content\\\/uploads\\\/2021\\\/02\\\/cropped-Radio_Ljubuski_logo1.jpg\",\"width\":512,\"height\":512,\"caption\":\"Radio Ljubu\u0161ki\"},\"image\":{\"@id\":\"https:\\\/\\\/radioljubuski.ba\\\/#\\\/schema\\\/logo\\\/image\\\/\"},\"sameAs\":[\"https:\\\/\\\/www.facebook.com\\\/Radiio-Ljubuski-1490835324566332\",\"https:\\\/\\\/x.com\\\/radioljubuski\",\"https:\\\/\\\/hr.linkedin.com\\\/company\\\/radio-ljubuski\",\"https:\\\/\\\/www.youtube.com\\\/channel\\\/UCHYaeO_n0Db3tjNGudGpXyw\"]},{\"@type\":\"Person\",\"@id\":\"https:\\\/\\\/radioljubuski.ba\\\/#\\\/schema\\\/person\\\/19fc700381a780f69665d7956c469e3b\",\"name\":\"Radio Ljubu\u0161ki\"}]}<\/script>\n<!-- \/ Yoast SEO plugin. -->","yoast_head_json":{"title":"Kino na otvorenom Mediteran Film Festivala: Drama o pobunjenim hrvatskim braniteljima - RADIO LJUBU\u0160KI","robots":{"index":"index","follow":"follow","max-snippet":"max-snippet:-1","max-image-preview":"max-image-preview:large","max-video-preview":"max-video-preview:-1"},"canonical":"https:\/\/radioljubuski.ba\/index.php\/2021\/08\/18\/kino-na-otvorenom-mediteran-film-festivala-drama-o-pobunjenim-hrvatskim-braniteljima\/","og_locale":"hr_HR","og_type":"article","og_title":"Kino na otvorenom Mediteran Film Festivala: Drama o pobunjenim hrvatskim braniteljima - RADIO LJUBU\u0160KI","og_description":"Prvi dokumentarni film o legendarnim \u2018Indexima\u2019, redatelja Zorana Kubure i Bojana Had\u017eiabdi\u0107a, Mediteran Film Festival prikazat \u0107e u off programu Kino na otvorenom. Nagra\u0111ivani dokumentarac donosi pri\u010du o rokerima u odijelu koji su, u svoja \u010detiri desetlje\u0107a postojanja, lutali od avangarde do festivalskih \u0161lagera i natrag, ostaju\u0107i jedan od najautenti\u010dnijih fenomena jugoslavenske glazbene scene i [&hellip;]","og_url":"https:\/\/radioljubuski.ba\/index.php\/2021\/08\/18\/kino-na-otvorenom-mediteran-film-festivala-drama-o-pobunjenim-hrvatskim-braniteljima\/","og_site_name":"RADIO LJUBU\u0160KI","article_publisher":"https:\/\/www.facebook.com\/Radiio-Ljubuski-1490835324566332","article_published_time":"2021-08-18T11:15:27+00:00","og_image":[{"width":1000,"height":625,"url":"https:\/\/radioljubuski.ba\/wp-content\/uploads\/2021\/08\/2-2021-08-18-11-44-08-a-bili-smo-vam-dobri.jpg","type":"image\/jpeg"}],"author":"Radio Ljubu\u0161ki","twitter_card":"summary_large_image","twitter_creator":"@radioljubuski","twitter_site":"@radioljubuski","twitter_misc":{"Napisao\/la":"Radio Ljubu\u0161ki","Procijenjeno vrijeme \u010ditanja":"1 minuta"},"schema":{"@context":"https:\/\/schema.org","@graph":[{"@type":"Article","@id":"https:\/\/radioljubuski.ba\/index.php\/2021\/08\/18\/kino-na-otvorenom-mediteran-film-festivala-drama-o-pobunjenim-hrvatskim-braniteljima\/#article","isPartOf":{"@id":"https:\/\/radioljubuski.ba\/index.php\/2021\/08\/18\/kino-na-otvorenom-mediteran-film-festivala-drama-o-pobunjenim-hrvatskim-braniteljima\/"},"author":{"name":"Radio Ljubu\u0161ki","@id":"https:\/\/radioljubuski.ba\/#\/schema\/person\/19fc700381a780f69665d7956c469e3b"},"headline":"Kino na otvorenom Mediteran Film Festivala: Drama o pobunjenim hrvatskim braniteljima","datePublished":"2021-08-18T11:15:27+00:00","mainEntityOfPage":{"@id":"https:\/\/radioljubuski.ba\/index.php\/2021\/08\/18\/kino-na-otvorenom-mediteran-film-festivala-drama-o-pobunjenim-hrvatskim-braniteljima\/"},"wordCount":217,"publisher":{"@id":"https:\/\/radioljubuski.ba\/#organization"},"image":{"@id":"https:\/\/radioljubuski.ba\/index.php\/2021\/08\/18\/kino-na-otvorenom-mediteran-film-festivala-drama-o-pobunjenim-hrvatskim-braniteljima\/#primaryimage"},"thumbnailUrl":"https:\/\/radioljubuski.ba\/wp-content\/uploads\/2021\/08\/2-2021-08-18-11-44-08-a-bili-smo-vam-dobri.jpg","articleSection":["BIH i regija"],"inLanguage":"hr"},{"@type":"WebPage","@id":"https:\/\/radioljubuski.ba\/index.php\/2021\/08\/18\/kino-na-otvorenom-mediteran-film-festivala-drama-o-pobunjenim-hrvatskim-braniteljima\/","url":"https:\/\/radioljubuski.ba\/index.php\/2021\/08\/18\/kino-na-otvorenom-mediteran-film-festivala-drama-o-pobunjenim-hrvatskim-braniteljima\/","name":"Kino na otvorenom Mediteran Film Festivala: Drama o pobunjenim hrvatskim braniteljima - RADIO LJUBU\u0160KI","isPartOf":{"@id":"https:\/\/radioljubuski.ba\/#website"},"primaryImageOfPage":{"@id":"https:\/\/radioljubuski.ba\/index.php\/2021\/08\/18\/kino-na-otvorenom-mediteran-film-festivala-drama-o-pobunjenim-hrvatskim-braniteljima\/#primaryimage"},"image":{"@id":"https:\/\/radioljubuski.ba\/index.php\/2021\/08\/18\/kino-na-otvorenom-mediteran-film-festivala-drama-o-pobunjenim-hrvatskim-braniteljima\/#primaryimage"},"thumbnailUrl":"https:\/\/radioljubuski.ba\/wp-content\/uploads\/2021\/08\/2-2021-08-18-11-44-08-a-bili-smo-vam-dobri.jpg","datePublished":"2021-08-18T11:15:27+00:00","breadcrumb":{"@id":"https:\/\/radioljubuski.ba\/index.php\/2021\/08\/18\/kino-na-otvorenom-mediteran-film-festivala-drama-o-pobunjenim-hrvatskim-braniteljima\/#breadcrumb"},"inLanguage":"hr","potentialAction":[{"@type":"ReadAction","target":["https:\/\/radioljubuski.ba\/index.php\/2021\/08\/18\/kino-na-otvorenom-mediteran-film-festivala-drama-o-pobunjenim-hrvatskim-braniteljima\/"]}]},{"@type":"ImageObject","inLanguage":"hr","@id":"https:\/\/radioljubuski.ba\/index.php\/2021\/08\/18\/kino-na-otvorenom-mediteran-film-festivala-drama-o-pobunjenim-hrvatskim-braniteljima\/#primaryimage","url":"https:\/\/radioljubuski.ba\/wp-content\/uploads\/2021\/08\/2-2021-08-18-11-44-08-a-bili-smo-vam-dobri.jpg","contentUrl":"https:\/\/radioljubuski.ba\/wp-content\/uploads\/2021\/08\/2-2021-08-18-11-44-08-a-bili-smo-vam-dobri.jpg","width":1000,"height":625},{"@type":"BreadcrumbList","@id":"https:\/\/radioljubuski.ba\/index.php\/2021\/08\/18\/kino-na-otvorenom-mediteran-film-festivala-drama-o-pobunjenim-hrvatskim-braniteljima\/#breadcrumb","itemListElement":[{"@type":"ListItem","position":1,"name":"Po\u010detna stranica","item":"https:\/\/radioljubuski.ba\/"},{"@type":"ListItem","position":2,"name":"Kino na otvorenom Mediteran Film Festivala: Drama o pobunjenim hrvatskim braniteljima"}]},{"@type":"WebSite","@id":"https:\/\/radioljubuski.ba\/#website","url":"https:\/\/radioljubuski.ba\/","name":"Radio Ljubu\u0161ki","description":"Sun\u010dana frekvencija Hercegovine","publisher":{"@id":"https:\/\/radioljubuski.ba\/#organization"},"potentialAction":[{"@type":"SearchAction","target":{"@type":"EntryPoint","urlTemplate":"https:\/\/radioljubuski.ba\/?s={search_term_string}"},"query-input":{"@type":"PropertyValueSpecification","valueRequired":true,"valueName":"search_term_string"}}],"inLanguage":"hr"},{"@type":"Organization","@id":"https:\/\/radioljubuski.ba\/#organization","name":"Radio Ljubu\u0161ki","url":"https:\/\/radioljubuski.ba\/","logo":{"@type":"ImageObject","inLanguage":"hr","@id":"https:\/\/radioljubuski.ba\/#\/schema\/logo\/image\/","url":"https:\/\/radioljubuski.ba\/wp-content\/uploads\/2021\/02\/cropped-Radio_Ljubuski_logo1.jpg","contentUrl":"https:\/\/radioljubuski.ba\/wp-content\/uploads\/2021\/02\/cropped-Radio_Ljubuski_logo1.jpg","width":512,"height":512,"caption":"Radio Ljubu\u0161ki"},"image":{"@id":"https:\/\/radioljubuski.ba\/#\/schema\/logo\/image\/"},"sameAs":["https:\/\/www.facebook.com\/Radiio-Ljubuski-1490835324566332","https:\/\/x.com\/radioljubuski","https:\/\/hr.linkedin.com\/company\/radio-ljubuski","https:\/\/www.youtube.com\/channel\/UCHYaeO_n0Db3tjNGudGpXyw"]},{"@type":"Person","@id":"https:\/\/radioljubuski.ba\/#\/schema\/person\/19fc700381a780f69665d7956c469e3b","name":"Radio Ljubu\u0161ki"}]}},"_links":{"self":[{"href":"https:\/\/radioljubuski.ba\/index.php\/wp-json\/wp\/v2\/posts\/54525","targetHints":{"allow":["GET"]}}],"collection":[{"href":"https:\/\/radioljubuski.ba\/index.php\/wp-json\/wp\/v2\/posts"}],"about":[{"href":"https:\/\/radioljubuski.ba\/index.php\/wp-json\/wp\/v2\/types\/post"}],"author":[{"embeddable":true,"href":"https:\/\/radioljubuski.ba\/index.php\/wp-json\/wp\/v2\/users\/2"}],"replies":[{"embeddable":true,"href":"https:\/\/radioljubuski.ba\/index.php\/wp-json\/wp\/v2\/comments?post=54525"}],"version-history":[{"count":1,"href":"https:\/\/radioljubuski.ba\/index.php\/wp-json\/wp\/v2\/posts\/54525\/revisions"}],"predecessor-version":[{"id":54527,"href":"https:\/\/radioljubuski.ba\/index.php\/wp-json\/wp\/v2\/posts\/54525\/revisions\/54527"}],"wp:featuredmedia":[{"embeddable":true,"href":"https:\/\/radioljubuski.ba\/index.php\/wp-json\/wp\/v2\/media\/54526"}],"wp:attachment":[{"href":"https:\/\/radioljubuski.ba\/index.php\/wp-json\/wp\/v2\/media?parent=54525"}],"wp:term":[{"taxonomy":"category","embeddable":true,"href":"https:\/\/radioljubuski.ba\/index.php\/wp-json\/wp\/v2\/categories?post=54525"},{"taxonomy":"post_tag","embeddable":true,"href":"https:\/\/radioljubuski.ba\/index.php\/wp-json\/wp\/v2\/tags?post=54525"}],"curies":[{"name":"wp","href":"https:\/\/api.w.org\/{rel}","templated":true}]}}