{"id":54549,"date":"2021-08-18T12:29:23","date_gmt":"2021-08-18T11:29:23","guid":{"rendered":"https:\/\/radioljubuski.ba\/?p=54549"},"modified":"2021-08-18T12:29:24","modified_gmt":"2021-08-18T11:29:24","slug":"gordana-tadic-ostaje-na-mjestu-glavne-bh-tuziteljice","status":"publish","type":"post","link":"https:\/\/radioljubuski.ba\/index.php\/2021\/08\/18\/gordana-tadic-ostaje-na-mjestu-glavne-bh-tuziteljice\/","title":{"rendered":"Gordana Tadi\u0107 ostaje na mjestu glavne bh. tu\u017eiteljice"},"content":{"rendered":"\n<p><strong>Drugostupanjska disciplinska komisija u postupku protiv Gordane Tadi\u0107 nije donijela odluku, \u0161to zna\u010di da Tadi\u0107 i dalje ostaje na mjestu glavne tu\u017eiteljice Tu\u017eiteljstva BiH- potvr\u0111eno je RTRS-u iz VSTV BiH.<\/strong><\/p>\n\n\n\n<p>Podsje\u0107amo, krajem pro\u0161log mjeseca prvostupanjska disciplinska komisija donijela je odluku o smjeni koja \u0107e biti pravosna\u017ena samo ako je potvrdi drugostupanjska komisija. Ru\u0161enjem Tadi\u0107eve \u017eeli se spasiti Osman Mehmedagi\u0107, ali kona\u010dni cilj je da SDA zagospodari kompletnim pravosu\u0111em na razini BiH \u2013 ka\u017ee za RTRS biv\u0161i predsjednik VSTV Milan Tegeltija.<\/p>\n\n\n\n<p>Smjenom Gordane Tadi\u0107 s mjesta glavne bh. tu\u017eiteljice bila bi uklonjena i posljednja prepreka da SDA ovlada bh. pravosu\u0111em. Prethodno je iz Sarajeva, zdru\u017eenom obavje\u0161tajno-medijskom hajkom, protjeran Milan Tegeltija i VSTV je stavljen pod kontrolu te stranke.<\/p>\n\n\n\n<p>Po oprobanom receptu, prvo su mediji bliski OSA pokrenuli pri\u010du o propustima u radu Gordane Tadi\u0107 da bi joj prvi u Bo\u0161njaka otvoreno zaprijetio jer se drznula da tu\u017ei ratne bo\u0161nja\u010dke generale i otvori predmet Respiratori.<\/p>\n\n\n\n<p>\u201cSvilen gajtan\u201d kona\u010dno je namaknut kada je u Sud i Tu\u017eiteljastvo, kao optu\u017eeni, po\u010deo dolaziti Osman Mehmedagi\u0107 Osmica, podsje\u0107a RTRS.<\/p>\n\n\n\n<p>\u2013 To Tu\u017eietljstvo koje je vodila Gordana Tadi\u0107 se bavilo isklju\u010divo Bo\u0161njacima i to s fokusom na Bo\u0161njake iz SDA. To je neprihvatljivo \u2013 govorio je Bakir Izetbegovi\u0107.<\/p>\n\n\n\n<p>Zna li Izetbegovi\u0107 da \u0107e biti potvr\u0111ena odluka prvostupanjske disciplinske komisije pa o Tadi\u0107govori u pro\u0161lom vremenu? Je li mu to potvrdio glavni javni tu\u017eitelj Republike Srpske Mahmut \u0160vraka koji je prema pisanju Avaza bio u prostorijama SDA u Sarajevu. Navodno, obe\u0107ano mu je da bira novu poziciju ako kao \u010dlan drugostupanjske disciplinske komisije potvrdi mjeru protiv Tadi\u0107.<\/p>\n\n\n\n<p>\u2013 Ne vidim da je itko demantirao te napise u medijima koji govore o sastancima pojedinim \u010dlanova VSTV s rukovodstvom SDA. Nitko to nije demantirao \u2013 ka\u017ee Tegeltija.<\/p>\n\n\n\n<p>U VSTS ka\u017eu da \u0107e sastav drugostupanjske disciplinske komisije tek biti odre\u0111en, mada su pojedini sarajevski mediji ve\u0107 objavili da su, osim \u0160vrake, izabrani federalni tu\u017eitelj Slavo Laki\u0107 i sudac federalnog Vrhovnog suda Mustafa \u0160abi\u0107.<\/p>\n\n\n\n<p>Drugostupanjska komisija u navedenom predmetu odre\u0111ena je putem Sustava za automatsko upravljanje predmetima, ali imaju\u0107i u vidu da postoje zahtjevi za izuze\u0107em, jo\u0161 uvijek nije potvr\u0111en kona\u010dan sastav komisije \u2013 priop\u0107eno je iz VSTV.<\/p>\n\n\n\n<p>Prolongiranje je potvrda da je u tijeku podzemna obavje\u0161tajno-medijska akcija kako bi se odredio sastav drugostupanjske komisije na koju SDA ima utjecaj i koja bi potvrdila navodne grijehe Gordane Tadi\u0107e, a jedan od njih je \u0161to je predmete tu\u017eiteljima raspore\u0111ivala mimo automatskog sustava raspodjele.<\/p>\n\n\n\n<p>\u2013 Glavni tu\u017eitelj po zakonu ima pravo da u svakom trenutku od svakog tu\u017eitelja uzme bilo koji predmet i dodijeli drugom ili samom sebi. Zbog toga \u0161to je glavni tu\u017eitelj primjenjivala zakon, sada nju razrje\u0161uju. Mislim da je to jedna vrlo opasna politi\u010dka zamka \u2013 naglasio je Milan Tegeltija.<\/p>\n\n\n\n<p>Neslu\u017ebeno, drugostupanjska komisija \u0107e tek u rujnu donijeti odluku. Ako bude smijenjena, Gordana Tadi\u0107 bit \u0107e \u010detvrti glavni bh. tu\u017eitelj koji nije do\u010dekao kraj mandata.<\/p>\n\n\n\n<p>Nakon smjene uslijedit \u0107e otvoreni obra\u010dun s Republikom Srpskom u \u010demu \u0107e se maksimalno koristiti kapaciteti Tu\u017eiteljstva i Suda BiH, ka\u017ee Tegeltija za RTRS.<\/p>\n\n\n\n<p>\/HMS\/<\/p>\n","protected":false},"excerpt":{"rendered":"<p>Drugostupanjska disciplinska komisija u postupku protiv Gordane Tadi\u0107 nije donijela odluku, \u0161to zna\u010di da Tadi\u0107 i dalje ostaje na mjestu glavne tu\u017eiteljice Tu\u017eiteljstva BiH- potvr\u0111eno je RTRS-u iz VSTV BiH. Podsje\u0107amo, krajem pro\u0161log mjeseca prvostupanjska disciplinska komisija donijela je odluku o smjeni koja \u0107e biti pravosna\u017ena samo ako je potvrdi drugostupanjska komisija. Ru\u0161enjem Tadi\u0107eve \u017eeli [&hellip;]<\/p>\n","protected":false},"author":2,"featured_media":51668,"comment_status":"closed","ping_status":"closed","sticky":false,"template":"","format":"standard","meta":{"h5ap_radio_sources":[],"footnotes":""},"categories":[1],"tags":[],"class_list":["post-54549","post","type-post","status-publish","format-standard","has-post-thumbnail","hentry","category-bihiregija"],"yoast_head":"<!-- This site is optimized with the Yoast SEO plugin v27.4 - https:\/\/yoast.com\/product\/yoast-seo-wordpress\/ -->\n<title>Gordana Tadi\u0107 ostaje na mjestu glavne bh. tu\u017eiteljice - RADIO LJUBU\u0160KI<\/title>\n<meta name=\"robots\" content=\"index, follow, max-snippet:-1, max-image-preview:large, max-video-preview:-1\" \/>\n<link rel=\"canonical\" href=\"https:\/\/radioljubuski.ba\/index.php\/2021\/08\/18\/gordana-tadic-ostaje-na-mjestu-glavne-bh-tuziteljice\/\" \/>\n<meta property=\"og:locale\" content=\"hr_HR\" \/>\n<meta property=\"og:type\" content=\"article\" \/>\n<meta property=\"og:title\" content=\"Gordana Tadi\u0107 ostaje na mjestu glavne bh. tu\u017eiteljice - RADIO LJUBU\u0160KI\" \/>\n<meta property=\"og:description\" content=\"Drugostupanjska disciplinska komisija u postupku protiv Gordane Tadi\u0107 nije donijela odluku, \u0161to zna\u010di da Tadi\u0107 i dalje ostaje na mjestu glavne tu\u017eiteljice Tu\u017eiteljstva BiH- potvr\u0111eno je RTRS-u iz VSTV BiH. Podsje\u0107amo, krajem pro\u0161log mjeseca prvostupanjska disciplinska komisija donijela je odluku o smjeni koja \u0107e biti pravosna\u017ena samo ako je potvrdi drugostupanjska komisija. Ru\u0161enjem Tadi\u0107eve \u017eeli [&hellip;]\" \/>\n<meta property=\"og:url\" content=\"https:\/\/radioljubuski.ba\/index.php\/2021\/08\/18\/gordana-tadic-ostaje-na-mjestu-glavne-bh-tuziteljice\/\" \/>\n<meta property=\"og:site_name\" content=\"RADIO LJUBU\u0160KI\" \/>\n<meta property=\"article:publisher\" content=\"https:\/\/www.facebook.com\/Radiio-Ljubuski-1490835324566332\" \/>\n<meta property=\"article:published_time\" content=\"2021-08-18T11:29:23+00:00\" \/>\n<meta property=\"article:modified_time\" content=\"2021-08-18T11:29:24+00:00\" \/>\n<meta property=\"og:image\" content=\"https:\/\/radioljubuski.ba\/wp-content\/uploads\/2021\/08\/3ptTf76R_tadic.jpg\" \/>\n\t<meta property=\"og:image:width\" content=\"1000\" \/>\n\t<meta property=\"og:image:height\" content=\"625\" \/>\n\t<meta property=\"og:image:type\" content=\"image\/jpeg\" \/>\n<meta name=\"author\" content=\"Radio Ljubu\u0161ki\" \/>\n<meta name=\"twitter:card\" content=\"summary_large_image\" \/>\n<meta name=\"twitter:creator\" content=\"@radioljubuski\" \/>\n<meta name=\"twitter:site\" content=\"@radioljubuski\" \/>\n<meta name=\"twitter:label1\" content=\"Napisao\/la\" \/>\n\t<meta name=\"twitter:data1\" content=\"Radio Ljubu\u0161ki\" \/>\n\t<meta name=\"twitter:label2\" content=\"Procijenjeno vrijeme \u010ditanja\" \/>\n\t<meta name=\"twitter:data2\" content=\"3 minute\" \/>\n<script type=\"application\/ld+json\" class=\"yoast-schema-graph\">{\"@context\":\"https:\\\/\\\/schema.org\",\"@graph\":[{\"@type\":\"Article\",\"@id\":\"https:\\\/\\\/radioljubuski.ba\\\/index.php\\\/2021\\\/08\\\/18\\\/gordana-tadic-ostaje-na-mjestu-glavne-bh-tuziteljice\\\/#article\",\"isPartOf\":{\"@id\":\"https:\\\/\\\/radioljubuski.ba\\\/index.php\\\/2021\\\/08\\\/18\\\/gordana-tadic-ostaje-na-mjestu-glavne-bh-tuziteljice\\\/\"},\"author\":{\"name\":\"Radio Ljubu\u0161ki\",\"@id\":\"https:\\\/\\\/radioljubuski.ba\\\/#\\\/schema\\\/person\\\/19fc700381a780f69665d7956c469e3b\"},\"headline\":\"Gordana Tadi\u0107 ostaje na mjestu glavne bh. tu\u017eiteljice\",\"datePublished\":\"2021-08-18T11:29:23+00:00\",\"dateModified\":\"2021-08-18T11:29:24+00:00\",\"mainEntityOfPage\":{\"@id\":\"https:\\\/\\\/radioljubuski.ba\\\/index.php\\\/2021\\\/08\\\/18\\\/gordana-tadic-ostaje-na-mjestu-glavne-bh-tuziteljice\\\/\"},\"wordCount\":561,\"publisher\":{\"@id\":\"https:\\\/\\\/radioljubuski.ba\\\/#organization\"},\"image\":{\"@id\":\"https:\\\/\\\/radioljubuski.ba\\\/index.php\\\/2021\\\/08\\\/18\\\/gordana-tadic-ostaje-na-mjestu-glavne-bh-tuziteljice\\\/#primaryimage\"},\"thumbnailUrl\":\"https:\\\/\\\/radioljubuski.ba\\\/wp-content\\\/uploads\\\/2021\\\/08\\\/3ptTf76R_tadic.jpg\",\"articleSection\":[\"BIH i regija\"],\"inLanguage\":\"hr\"},{\"@type\":\"WebPage\",\"@id\":\"https:\\\/\\\/radioljubuski.ba\\\/index.php\\\/2021\\\/08\\\/18\\\/gordana-tadic-ostaje-na-mjestu-glavne-bh-tuziteljice\\\/\",\"url\":\"https:\\\/\\\/radioljubuski.ba\\\/index.php\\\/2021\\\/08\\\/18\\\/gordana-tadic-ostaje-na-mjestu-glavne-bh-tuziteljice\\\/\",\"name\":\"Gordana Tadi\u0107 ostaje na mjestu glavne bh. tu\u017eiteljice - RADIO LJUBU\u0160KI\",\"isPartOf\":{\"@id\":\"https:\\\/\\\/radioljubuski.ba\\\/#website\"},\"primaryImageOfPage\":{\"@id\":\"https:\\\/\\\/radioljubuski.ba\\\/index.php\\\/2021\\\/08\\\/18\\\/gordana-tadic-ostaje-na-mjestu-glavne-bh-tuziteljice\\\/#primaryimage\"},\"image\":{\"@id\":\"https:\\\/\\\/radioljubuski.ba\\\/index.php\\\/2021\\\/08\\\/18\\\/gordana-tadic-ostaje-na-mjestu-glavne-bh-tuziteljice\\\/#primaryimage\"},\"thumbnailUrl\":\"https:\\\/\\\/radioljubuski.ba\\\/wp-content\\\/uploads\\\/2021\\\/08\\\/3ptTf76R_tadic.jpg\",\"datePublished\":\"2021-08-18T11:29:23+00:00\",\"dateModified\":\"2021-08-18T11:29:24+00:00\",\"breadcrumb\":{\"@id\":\"https:\\\/\\\/radioljubuski.ba\\\/index.php\\\/2021\\\/08\\\/18\\\/gordana-tadic-ostaje-na-mjestu-glavne-bh-tuziteljice\\\/#breadcrumb\"},\"inLanguage\":\"hr\",\"potentialAction\":[{\"@type\":\"ReadAction\",\"target\":[\"https:\\\/\\\/radioljubuski.ba\\\/index.php\\\/2021\\\/08\\\/18\\\/gordana-tadic-ostaje-na-mjestu-glavne-bh-tuziteljice\\\/\"]}]},{\"@type\":\"ImageObject\",\"inLanguage\":\"hr\",\"@id\":\"https:\\\/\\\/radioljubuski.ba\\\/index.php\\\/2021\\\/08\\\/18\\\/gordana-tadic-ostaje-na-mjestu-glavne-bh-tuziteljice\\\/#primaryimage\",\"url\":\"https:\\\/\\\/radioljubuski.ba\\\/wp-content\\\/uploads\\\/2021\\\/08\\\/3ptTf76R_tadic.jpg\",\"contentUrl\":\"https:\\\/\\\/radioljubuski.ba\\\/wp-content\\\/uploads\\\/2021\\\/08\\\/3ptTf76R_tadic.jpg\",\"width\":1000,\"height\":625},{\"@type\":\"BreadcrumbList\",\"@id\":\"https:\\\/\\\/radioljubuski.ba\\\/index.php\\\/2021\\\/08\\\/18\\\/gordana-tadic-ostaje-na-mjestu-glavne-bh-tuziteljice\\\/#breadcrumb\",\"itemListElement\":[{\"@type\":\"ListItem\",\"position\":1,\"name\":\"Po\u010detna stranica\",\"item\":\"https:\\\/\\\/radioljubuski.ba\\\/\"},{\"@type\":\"ListItem\",\"position\":2,\"name\":\"Gordana Tadi\u0107 ostaje na mjestu glavne bh. tu\u017eiteljice\"}]},{\"@type\":\"WebSite\",\"@id\":\"https:\\\/\\\/radioljubuski.ba\\\/#website\",\"url\":\"https:\\\/\\\/radioljubuski.ba\\\/\",\"name\":\"Radio Ljubu\u0161ki\",\"description\":\"Sun\u010dana frekvencija Hercegovine\",\"publisher\":{\"@id\":\"https:\\\/\\\/radioljubuski.ba\\\/#organization\"},\"potentialAction\":[{\"@type\":\"SearchAction\",\"target\":{\"@type\":\"EntryPoint\",\"urlTemplate\":\"https:\\\/\\\/radioljubuski.ba\\\/?s={search_term_string}\"},\"query-input\":{\"@type\":\"PropertyValueSpecification\",\"valueRequired\":true,\"valueName\":\"search_term_string\"}}],\"inLanguage\":\"hr\"},{\"@type\":\"Organization\",\"@id\":\"https:\\\/\\\/radioljubuski.ba\\\/#organization\",\"name\":\"Radio Ljubu\u0161ki\",\"url\":\"https:\\\/\\\/radioljubuski.ba\\\/\",\"logo\":{\"@type\":\"ImageObject\",\"inLanguage\":\"hr\",\"@id\":\"https:\\\/\\\/radioljubuski.ba\\\/#\\\/schema\\\/logo\\\/image\\\/\",\"url\":\"https:\\\/\\\/radioljubuski.ba\\\/wp-content\\\/uploads\\\/2021\\\/02\\\/cropped-Radio_Ljubuski_logo1.jpg\",\"contentUrl\":\"https:\\\/\\\/radioljubuski.ba\\\/wp-content\\\/uploads\\\/2021\\\/02\\\/cropped-Radio_Ljubuski_logo1.jpg\",\"width\":512,\"height\":512,\"caption\":\"Radio Ljubu\u0161ki\"},\"image\":{\"@id\":\"https:\\\/\\\/radioljubuski.ba\\\/#\\\/schema\\\/logo\\\/image\\\/\"},\"sameAs\":[\"https:\\\/\\\/www.facebook.com\\\/Radiio-Ljubuski-1490835324566332\",\"https:\\\/\\\/x.com\\\/radioljubuski\",\"https:\\\/\\\/hr.linkedin.com\\\/company\\\/radio-ljubuski\",\"https:\\\/\\\/www.youtube.com\\\/channel\\\/UCHYaeO_n0Db3tjNGudGpXyw\"]},{\"@type\":\"Person\",\"@id\":\"https:\\\/\\\/radioljubuski.ba\\\/#\\\/schema\\\/person\\\/19fc700381a780f69665d7956c469e3b\",\"name\":\"Radio Ljubu\u0161ki\"}]}<\/script>\n<!-- \/ Yoast SEO plugin. -->","yoast_head_json":{"title":"Gordana Tadi\u0107 ostaje na mjestu glavne bh. tu\u017eiteljice - RADIO LJUBU\u0160KI","robots":{"index":"index","follow":"follow","max-snippet":"max-snippet:-1","max-image-preview":"max-image-preview:large","max-video-preview":"max-video-preview:-1"},"canonical":"https:\/\/radioljubuski.ba\/index.php\/2021\/08\/18\/gordana-tadic-ostaje-na-mjestu-glavne-bh-tuziteljice\/","og_locale":"hr_HR","og_type":"article","og_title":"Gordana Tadi\u0107 ostaje na mjestu glavne bh. tu\u017eiteljice - RADIO LJUBU\u0160KI","og_description":"Drugostupanjska disciplinska komisija u postupku protiv Gordane Tadi\u0107 nije donijela odluku, \u0161to zna\u010di da Tadi\u0107 i dalje ostaje na mjestu glavne tu\u017eiteljice Tu\u017eiteljstva BiH- potvr\u0111eno je RTRS-u iz VSTV BiH. Podsje\u0107amo, krajem pro\u0161log mjeseca prvostupanjska disciplinska komisija donijela je odluku o smjeni koja \u0107e biti pravosna\u017ena samo ako je potvrdi drugostupanjska komisija. Ru\u0161enjem Tadi\u0107eve \u017eeli [&hellip;]","og_url":"https:\/\/radioljubuski.ba\/index.php\/2021\/08\/18\/gordana-tadic-ostaje-na-mjestu-glavne-bh-tuziteljice\/","og_site_name":"RADIO LJUBU\u0160KI","article_publisher":"https:\/\/www.facebook.com\/Radiio-Ljubuski-1490835324566332","article_published_time":"2021-08-18T11:29:23+00:00","article_modified_time":"2021-08-18T11:29:24+00:00","og_image":[{"width":1000,"height":625,"url":"https:\/\/radioljubuski.ba\/wp-content\/uploads\/2021\/08\/3ptTf76R_tadic.jpg","type":"image\/jpeg"}],"author":"Radio Ljubu\u0161ki","twitter_card":"summary_large_image","twitter_creator":"@radioljubuski","twitter_site":"@radioljubuski","twitter_misc":{"Napisao\/la":"Radio Ljubu\u0161ki","Procijenjeno vrijeme \u010ditanja":"3 minute"},"schema":{"@context":"https:\/\/schema.org","@graph":[{"@type":"Article","@id":"https:\/\/radioljubuski.ba\/index.php\/2021\/08\/18\/gordana-tadic-ostaje-na-mjestu-glavne-bh-tuziteljice\/#article","isPartOf":{"@id":"https:\/\/radioljubuski.ba\/index.php\/2021\/08\/18\/gordana-tadic-ostaje-na-mjestu-glavne-bh-tuziteljice\/"},"author":{"name":"Radio Ljubu\u0161ki","@id":"https:\/\/radioljubuski.ba\/#\/schema\/person\/19fc700381a780f69665d7956c469e3b"},"headline":"Gordana Tadi\u0107 ostaje na mjestu glavne bh. tu\u017eiteljice","datePublished":"2021-08-18T11:29:23+00:00","dateModified":"2021-08-18T11:29:24+00:00","mainEntityOfPage":{"@id":"https:\/\/radioljubuski.ba\/index.php\/2021\/08\/18\/gordana-tadic-ostaje-na-mjestu-glavne-bh-tuziteljice\/"},"wordCount":561,"publisher":{"@id":"https:\/\/radioljubuski.ba\/#organization"},"image":{"@id":"https:\/\/radioljubuski.ba\/index.php\/2021\/08\/18\/gordana-tadic-ostaje-na-mjestu-glavne-bh-tuziteljice\/#primaryimage"},"thumbnailUrl":"https:\/\/radioljubuski.ba\/wp-content\/uploads\/2021\/08\/3ptTf76R_tadic.jpg","articleSection":["BIH i regija"],"inLanguage":"hr"},{"@type":"WebPage","@id":"https:\/\/radioljubuski.ba\/index.php\/2021\/08\/18\/gordana-tadic-ostaje-na-mjestu-glavne-bh-tuziteljice\/","url":"https:\/\/radioljubuski.ba\/index.php\/2021\/08\/18\/gordana-tadic-ostaje-na-mjestu-glavne-bh-tuziteljice\/","name":"Gordana Tadi\u0107 ostaje na mjestu glavne bh. tu\u017eiteljice - RADIO LJUBU\u0160KI","isPartOf":{"@id":"https:\/\/radioljubuski.ba\/#website"},"primaryImageOfPage":{"@id":"https:\/\/radioljubuski.ba\/index.php\/2021\/08\/18\/gordana-tadic-ostaje-na-mjestu-glavne-bh-tuziteljice\/#primaryimage"},"image":{"@id":"https:\/\/radioljubuski.ba\/index.php\/2021\/08\/18\/gordana-tadic-ostaje-na-mjestu-glavne-bh-tuziteljice\/#primaryimage"},"thumbnailUrl":"https:\/\/radioljubuski.ba\/wp-content\/uploads\/2021\/08\/3ptTf76R_tadic.jpg","datePublished":"2021-08-18T11:29:23+00:00","dateModified":"2021-08-18T11:29:24+00:00","breadcrumb":{"@id":"https:\/\/radioljubuski.ba\/index.php\/2021\/08\/18\/gordana-tadic-ostaje-na-mjestu-glavne-bh-tuziteljice\/#breadcrumb"},"inLanguage":"hr","potentialAction":[{"@type":"ReadAction","target":["https:\/\/radioljubuski.ba\/index.php\/2021\/08\/18\/gordana-tadic-ostaje-na-mjestu-glavne-bh-tuziteljice\/"]}]},{"@type":"ImageObject","inLanguage":"hr","@id":"https:\/\/radioljubuski.ba\/index.php\/2021\/08\/18\/gordana-tadic-ostaje-na-mjestu-glavne-bh-tuziteljice\/#primaryimage","url":"https:\/\/radioljubuski.ba\/wp-content\/uploads\/2021\/08\/3ptTf76R_tadic.jpg","contentUrl":"https:\/\/radioljubuski.ba\/wp-content\/uploads\/2021\/08\/3ptTf76R_tadic.jpg","width":1000,"height":625},{"@type":"BreadcrumbList","@id":"https:\/\/radioljubuski.ba\/index.php\/2021\/08\/18\/gordana-tadic-ostaje-na-mjestu-glavne-bh-tuziteljice\/#breadcrumb","itemListElement":[{"@type":"ListItem","position":1,"name":"Po\u010detna stranica","item":"https:\/\/radioljubuski.ba\/"},{"@type":"ListItem","position":2,"name":"Gordana Tadi\u0107 ostaje na mjestu glavne bh. tu\u017eiteljice"}]},{"@type":"WebSite","@id":"https:\/\/radioljubuski.ba\/#website","url":"https:\/\/radioljubuski.ba\/","name":"Radio Ljubu\u0161ki","description":"Sun\u010dana frekvencija Hercegovine","publisher":{"@id":"https:\/\/radioljubuski.ba\/#organization"},"potentialAction":[{"@type":"SearchAction","target":{"@type":"EntryPoint","urlTemplate":"https:\/\/radioljubuski.ba\/?s={search_term_string}"},"query-input":{"@type":"PropertyValueSpecification","valueRequired":true,"valueName":"search_term_string"}}],"inLanguage":"hr"},{"@type":"Organization","@id":"https:\/\/radioljubuski.ba\/#organization","name":"Radio Ljubu\u0161ki","url":"https:\/\/radioljubuski.ba\/","logo":{"@type":"ImageObject","inLanguage":"hr","@id":"https:\/\/radioljubuski.ba\/#\/schema\/logo\/image\/","url":"https:\/\/radioljubuski.ba\/wp-content\/uploads\/2021\/02\/cropped-Radio_Ljubuski_logo1.jpg","contentUrl":"https:\/\/radioljubuski.ba\/wp-content\/uploads\/2021\/02\/cropped-Radio_Ljubuski_logo1.jpg","width":512,"height":512,"caption":"Radio Ljubu\u0161ki"},"image":{"@id":"https:\/\/radioljubuski.ba\/#\/schema\/logo\/image\/"},"sameAs":["https:\/\/www.facebook.com\/Radiio-Ljubuski-1490835324566332","https:\/\/x.com\/radioljubuski","https:\/\/hr.linkedin.com\/company\/radio-ljubuski","https:\/\/www.youtube.com\/channel\/UCHYaeO_n0Db3tjNGudGpXyw"]},{"@type":"Person","@id":"https:\/\/radioljubuski.ba\/#\/schema\/person\/19fc700381a780f69665d7956c469e3b","name":"Radio Ljubu\u0161ki"}]}},"_links":{"self":[{"href":"https:\/\/radioljubuski.ba\/index.php\/wp-json\/wp\/v2\/posts\/54549","targetHints":{"allow":["GET"]}}],"collection":[{"href":"https:\/\/radioljubuski.ba\/index.php\/wp-json\/wp\/v2\/posts"}],"about":[{"href":"https:\/\/radioljubuski.ba\/index.php\/wp-json\/wp\/v2\/types\/post"}],"author":[{"embeddable":true,"href":"https:\/\/radioljubuski.ba\/index.php\/wp-json\/wp\/v2\/users\/2"}],"replies":[{"embeddable":true,"href":"https:\/\/radioljubuski.ba\/index.php\/wp-json\/wp\/v2\/comments?post=54549"}],"version-history":[{"count":1,"href":"https:\/\/radioljubuski.ba\/index.php\/wp-json\/wp\/v2\/posts\/54549\/revisions"}],"predecessor-version":[{"id":54550,"href":"https:\/\/radioljubuski.ba\/index.php\/wp-json\/wp\/v2\/posts\/54549\/revisions\/54550"}],"wp:featuredmedia":[{"embeddable":true,"href":"https:\/\/radioljubuski.ba\/index.php\/wp-json\/wp\/v2\/media\/51668"}],"wp:attachment":[{"href":"https:\/\/radioljubuski.ba\/index.php\/wp-json\/wp\/v2\/media?parent=54549"}],"wp:term":[{"taxonomy":"category","embeddable":true,"href":"https:\/\/radioljubuski.ba\/index.php\/wp-json\/wp\/v2\/categories?post=54549"},{"taxonomy":"post_tag","embeddable":true,"href":"https:\/\/radioljubuski.ba\/index.php\/wp-json\/wp\/v2\/tags?post=54549"}],"curies":[{"name":"wp","href":"https:\/\/api.w.org\/{rel}","templated":true}]}}