{"id":54554,"date":"2021-08-18T12:33:14","date_gmt":"2021-08-18T11:33:14","guid":{"rendered":"https:\/\/radioljubuski.ba\/?p=54554"},"modified":"2021-08-18T12:33:15","modified_gmt":"2021-08-18T11:33:15","slug":"cetiri-nastupa-koja-ne-smijete-propustiti-na-mostar-summer-festu","status":"publish","type":"post","link":"https:\/\/radioljubuski.ba\/index.php\/2021\/08\/18\/cetiri-nastupa-koja-ne-smijete-propustiti-na-mostar-summer-festu\/","title":{"rendered":"\u010cetiri nastupa koja ne smijete propustiti na Mostar Summer Festu"},"content":{"rendered":"\n<p><strong>I\u0161\u010dekivanje se primaklo kraju i jo\u0161 nas sasvim malo dijeli do otvaranja festivalskih kapija ovogodi\u0161njeg Mostar Summer Festa. Programska shema izvo\u0111a\u010da je raznolika, a organizatori su se potrudili da glazbeni apetit svakog posjetitelja bude zadovoljen. Bilo da ste za tvr\u0111i gitarski zvuk ili za moderan hip hop, na Mostar Summer Festu<\/strong><br><strong>\u0107ete uta\u017eiti svoje \u017eedno uho, a mi vam donosimo \u010detiri nastupa koja nikako ne smijete propustiti.<\/strong><\/p>\n\n\n\n<p><strong>Galija<\/strong><br>Poznati po fantasti\u010dnim nastupima i s preko \u010detrdeset godina karijere, Ni\u0161lije su bend koji je favorit na svakom festivalu u regiji. Na Mostar Summer Fest dolaze premijerno, a na festivalu \u0107emo imati priliku da \u010dujemo sve one bezvremenske hitove: No\u0107, Da me nisi, Jo\u0161 uvek sanjam, Kada me pogleda\u0161, Na tvojim usnama, Kotor, Digni ruke\u2026<\/p>\n\n\n\n<p><strong>Cunami Flo<\/strong><br>Ovaj sarajevski reper osvojio je Bosnu i Hercegovinu i regiju gotovo na prepad. I to za svega par godina. Hitovi mu na youtubeu broje milijunske preglede, a himna Klizim po mahali obara sve rekorde s vi\u0161e od deset milijuna pregleda. Beskompromisan i energi\u010dan, britkog jezika i jedinstvenog flowa, Cunami Flo je trenutno najvru\u0107a regionalna rap zvijezda.<\/p>\n\n\n\n<p><strong>Brkovi<\/strong><br>Frontmen Brkova Shamso 69 ro\u0111eni je Mostarac, koji uvijek u svom rodnom gradu napravi koncert za pam\u0107enje. Vjerojatno najve\u0107i bend koji je nastao u regiji u zadnjih petnaest godina, Brkovi iza sebe imaju 7 studijskih albuma, jednu kompilaciju i stotine rasprodanih koncerata, te jednu posebnost: jedini su koji su u svom zvuku spojili turbofolk i punkrock, a da to stvarno funkcionira i ima smisla.<\/p>\n\n\n\n<p><strong>Vojko V<\/strong><br>Pro\u0161ao je Dje\u010dake i Ki\u0161u metaka, pa zaplovio u solo vodama. I to kako. Hitovima Ne mo\u017ee, Kako to, Pasta Italiana, Zovi \u010dovika i drugima, regiju je osvojio dok si rekao keks.<br>Najtalentiraniji hrvatski reper nema problema s bilo kojom metrikom, a stil mu je toliko jak da njegov rap mo\u017ee iznijeti i Ton\u010dija Hulji\u0107a na huljofonu. A tek je u\u017eivo fenomenalan.<\/p>\n\n\n\n<p>Mostar Summer Fest \u0107e se odr\u017eati 2., 3. i 4.9., a ulazak je prvog dana festivala (\u010detvrtak 2.9.) slobodan za sve.<\/p>\n\n\n\n<p>Na festivalu \u0107e nastupiti Galija, S.A.R.S., Hladno pivo, Brkovi, Vojko V, TBF, Edo Maajka, Cunami Flo i mnogi drugi.<\/p>\n\n\n\n<p>\/HMS\/<\/p>\n","protected":false},"excerpt":{"rendered":"<p>I\u0161\u010dekivanje se primaklo kraju i jo\u0161 nas sasvim malo dijeli do otvaranja festivalskih kapija ovogodi\u0161njeg Mostar Summer Festa. Programska shema izvo\u0111a\u010da je raznolika, a organizatori su se potrudili da glazbeni apetit svakog posjetitelja bude zadovoljen. Bilo da ste za tvr\u0111i gitarski zvuk ili za moderan hip hop, na Mostar Summer Festu\u0107ete uta\u017eiti svoje \u017eedno uho, [&hellip;]<\/p>\n","protected":false},"author":2,"featured_media":54555,"comment_status":"closed","ping_status":"closed","sticky":false,"template":"","format":"standard","meta":{"h5ap_radio_sources":[],"footnotes":""},"categories":[1],"tags":[],"class_list":["post-54554","post","type-post","status-publish","format-standard","has-post-thumbnail","hentry","category-bihiregija"],"yoast_head":"<!-- This site is optimized with the Yoast SEO plugin v27.5 - https:\/\/yoast.com\/product\/yoast-seo-wordpress\/ -->\n<title>\u010cetiri nastupa koja ne smijete propustiti na Mostar Summer Festu - RADIO LJUBU\u0160KI<\/title>\n<meta name=\"robots\" content=\"index, follow, max-snippet:-1, max-image-preview:large, max-video-preview:-1\" \/>\n<link rel=\"canonical\" href=\"https:\/\/radioljubuski.ba\/index.php\/2021\/08\/18\/cetiri-nastupa-koja-ne-smijete-propustiti-na-mostar-summer-festu\/\" \/>\n<meta property=\"og:locale\" content=\"hr_HR\" \/>\n<meta property=\"og:type\" content=\"article\" \/>\n<meta property=\"og:title\" content=\"\u010cetiri nastupa koja ne smijete propustiti na Mostar Summer Festu - RADIO LJUBU\u0160KI\" \/>\n<meta property=\"og:description\" content=\"I\u0161\u010dekivanje se primaklo kraju i jo\u0161 nas sasvim malo dijeli do otvaranja festivalskih kapija ovogodi\u0161njeg Mostar Summer Festa. Programska shema izvo\u0111a\u010da je raznolika, a organizatori su se potrudili da glazbeni apetit svakog posjetitelja bude zadovoljen. Bilo da ste za tvr\u0111i gitarski zvuk ili za moderan hip hop, na Mostar Summer Festu\u0107ete uta\u017eiti svoje \u017eedno uho, [&hellip;]\" \/>\n<meta property=\"og:url\" content=\"https:\/\/radioljubuski.ba\/index.php\/2021\/08\/18\/cetiri-nastupa-koja-ne-smijete-propustiti-na-mostar-summer-festu\/\" \/>\n<meta property=\"og:site_name\" content=\"RADIO LJUBU\u0160KI\" \/>\n<meta property=\"article:publisher\" content=\"https:\/\/www.facebook.com\/Radiio-Ljubuski-1490835324566332\" \/>\n<meta property=\"article:published_time\" content=\"2021-08-18T11:33:14+00:00\" \/>\n<meta property=\"article:modified_time\" content=\"2021-08-18T11:33:15+00:00\" \/>\n<meta property=\"og:image\" content=\"https:\/\/radioljubuski.ba\/wp-content\/uploads\/2021\/08\/Vinjeta-1068x1068-1.jpg\" \/>\n\t<meta property=\"og:image:width\" content=\"1068\" \/>\n\t<meta property=\"og:image:height\" content=\"1068\" \/>\n\t<meta property=\"og:image:type\" content=\"image\/jpeg\" \/>\n<meta name=\"author\" content=\"Radio Ljubu\u0161ki\" \/>\n<meta name=\"twitter:card\" content=\"summary_large_image\" \/>\n<meta name=\"twitter:creator\" content=\"@radioljubuski\" \/>\n<meta name=\"twitter:site\" content=\"@radioljubuski\" \/>\n<meta name=\"twitter:label1\" content=\"Napisao\/la\" \/>\n\t<meta name=\"twitter:data1\" content=\"Radio Ljubu\u0161ki\" \/>\n\t<meta name=\"twitter:label2\" content=\"Procijenjeno vrijeme \u010ditanja\" \/>\n\t<meta name=\"twitter:data2\" content=\"2 minute\" \/>\n<script type=\"application\/ld+json\" class=\"yoast-schema-graph\">{\"@context\":\"https:\\\/\\\/schema.org\",\"@graph\":[{\"@type\":\"Article\",\"@id\":\"https:\\\/\\\/radioljubuski.ba\\\/index.php\\\/2021\\\/08\\\/18\\\/cetiri-nastupa-koja-ne-smijete-propustiti-na-mostar-summer-festu\\\/#article\",\"isPartOf\":{\"@id\":\"https:\\\/\\\/radioljubuski.ba\\\/index.php\\\/2021\\\/08\\\/18\\\/cetiri-nastupa-koja-ne-smijete-propustiti-na-mostar-summer-festu\\\/\"},\"author\":{\"name\":\"Radio Ljubu\u0161ki\",\"@id\":\"https:\\\/\\\/radioljubuski.ba\\\/#\\\/schema\\\/person\\\/19fc700381a780f69665d7956c469e3b\"},\"headline\":\"\u010cetiri nastupa koja ne smijete propustiti na Mostar Summer Festu\",\"datePublished\":\"2021-08-18T11:33:14+00:00\",\"dateModified\":\"2021-08-18T11:33:15+00:00\",\"mainEntityOfPage\":{\"@id\":\"https:\\\/\\\/radioljubuski.ba\\\/index.php\\\/2021\\\/08\\\/18\\\/cetiri-nastupa-koja-ne-smijete-propustiti-na-mostar-summer-festu\\\/\"},\"wordCount\":381,\"publisher\":{\"@id\":\"https:\\\/\\\/radioljubuski.ba\\\/#organization\"},\"image\":{\"@id\":\"https:\\\/\\\/radioljubuski.ba\\\/index.php\\\/2021\\\/08\\\/18\\\/cetiri-nastupa-koja-ne-smijete-propustiti-na-mostar-summer-festu\\\/#primaryimage\"},\"thumbnailUrl\":\"https:\\\/\\\/radioljubuski.ba\\\/wp-content\\\/uploads\\\/2021\\\/08\\\/Vinjeta-1068x1068-1.jpg\",\"articleSection\":[\"BIH i regija\"],\"inLanguage\":\"hr\"},{\"@type\":\"WebPage\",\"@id\":\"https:\\\/\\\/radioljubuski.ba\\\/index.php\\\/2021\\\/08\\\/18\\\/cetiri-nastupa-koja-ne-smijete-propustiti-na-mostar-summer-festu\\\/\",\"url\":\"https:\\\/\\\/radioljubuski.ba\\\/index.php\\\/2021\\\/08\\\/18\\\/cetiri-nastupa-koja-ne-smijete-propustiti-na-mostar-summer-festu\\\/\",\"name\":\"\u010cetiri nastupa koja ne smijete propustiti na Mostar Summer Festu - RADIO LJUBU\u0160KI\",\"isPartOf\":{\"@id\":\"https:\\\/\\\/radioljubuski.ba\\\/#website\"},\"primaryImageOfPage\":{\"@id\":\"https:\\\/\\\/radioljubuski.ba\\\/index.php\\\/2021\\\/08\\\/18\\\/cetiri-nastupa-koja-ne-smijete-propustiti-na-mostar-summer-festu\\\/#primaryimage\"},\"image\":{\"@id\":\"https:\\\/\\\/radioljubuski.ba\\\/index.php\\\/2021\\\/08\\\/18\\\/cetiri-nastupa-koja-ne-smijete-propustiti-na-mostar-summer-festu\\\/#primaryimage\"},\"thumbnailUrl\":\"https:\\\/\\\/radioljubuski.ba\\\/wp-content\\\/uploads\\\/2021\\\/08\\\/Vinjeta-1068x1068-1.jpg\",\"datePublished\":\"2021-08-18T11:33:14+00:00\",\"dateModified\":\"2021-08-18T11:33:15+00:00\",\"breadcrumb\":{\"@id\":\"https:\\\/\\\/radioljubuski.ba\\\/index.php\\\/2021\\\/08\\\/18\\\/cetiri-nastupa-koja-ne-smijete-propustiti-na-mostar-summer-festu\\\/#breadcrumb\"},\"inLanguage\":\"hr\",\"potentialAction\":[{\"@type\":\"ReadAction\",\"target\":[\"https:\\\/\\\/radioljubuski.ba\\\/index.php\\\/2021\\\/08\\\/18\\\/cetiri-nastupa-koja-ne-smijete-propustiti-na-mostar-summer-festu\\\/\"]}]},{\"@type\":\"ImageObject\",\"inLanguage\":\"hr\",\"@id\":\"https:\\\/\\\/radioljubuski.ba\\\/index.php\\\/2021\\\/08\\\/18\\\/cetiri-nastupa-koja-ne-smijete-propustiti-na-mostar-summer-festu\\\/#primaryimage\",\"url\":\"https:\\\/\\\/radioljubuski.ba\\\/wp-content\\\/uploads\\\/2021\\\/08\\\/Vinjeta-1068x1068-1.jpg\",\"contentUrl\":\"https:\\\/\\\/radioljubuski.ba\\\/wp-content\\\/uploads\\\/2021\\\/08\\\/Vinjeta-1068x1068-1.jpg\",\"width\":1068,\"height\":1068},{\"@type\":\"BreadcrumbList\",\"@id\":\"https:\\\/\\\/radioljubuski.ba\\\/index.php\\\/2021\\\/08\\\/18\\\/cetiri-nastupa-koja-ne-smijete-propustiti-na-mostar-summer-festu\\\/#breadcrumb\",\"itemListElement\":[{\"@type\":\"ListItem\",\"position\":1,\"name\":\"Po\u010detna stranica\",\"item\":\"https:\\\/\\\/radioljubuski.ba\\\/\"},{\"@type\":\"ListItem\",\"position\":2,\"name\":\"\u010cetiri nastupa koja ne smijete propustiti na Mostar Summer Festu\"}]},{\"@type\":\"WebSite\",\"@id\":\"https:\\\/\\\/radioljubuski.ba\\\/#website\",\"url\":\"https:\\\/\\\/radioljubuski.ba\\\/\",\"name\":\"Radio Ljubu\u0161ki\",\"description\":\"Sun\u010dana frekvencija Hercegovine\",\"publisher\":{\"@id\":\"https:\\\/\\\/radioljubuski.ba\\\/#organization\"},\"potentialAction\":[{\"@type\":\"SearchAction\",\"target\":{\"@type\":\"EntryPoint\",\"urlTemplate\":\"https:\\\/\\\/radioljubuski.ba\\\/?s={search_term_string}\"},\"query-input\":{\"@type\":\"PropertyValueSpecification\",\"valueRequired\":true,\"valueName\":\"search_term_string\"}}],\"inLanguage\":\"hr\"},{\"@type\":\"Organization\",\"@id\":\"https:\\\/\\\/radioljubuski.ba\\\/#organization\",\"name\":\"Radio Ljubu\u0161ki\",\"url\":\"https:\\\/\\\/radioljubuski.ba\\\/\",\"logo\":{\"@type\":\"ImageObject\",\"inLanguage\":\"hr\",\"@id\":\"https:\\\/\\\/radioljubuski.ba\\\/#\\\/schema\\\/logo\\\/image\\\/\",\"url\":\"https:\\\/\\\/radioljubuski.ba\\\/wp-content\\\/uploads\\\/2021\\\/02\\\/cropped-Radio_Ljubuski_logo1.jpg\",\"contentUrl\":\"https:\\\/\\\/radioljubuski.ba\\\/wp-content\\\/uploads\\\/2021\\\/02\\\/cropped-Radio_Ljubuski_logo1.jpg\",\"width\":512,\"height\":512,\"caption\":\"Radio Ljubu\u0161ki\"},\"image\":{\"@id\":\"https:\\\/\\\/radioljubuski.ba\\\/#\\\/schema\\\/logo\\\/image\\\/\"},\"sameAs\":[\"https:\\\/\\\/www.facebook.com\\\/Radiio-Ljubuski-1490835324566332\",\"https:\\\/\\\/x.com\\\/radioljubuski\",\"https:\\\/\\\/hr.linkedin.com\\\/company\\\/radio-ljubuski\",\"https:\\\/\\\/www.youtube.com\\\/channel\\\/UCHYaeO_n0Db3tjNGudGpXyw\"]},{\"@type\":\"Person\",\"@id\":\"https:\\\/\\\/radioljubuski.ba\\\/#\\\/schema\\\/person\\\/19fc700381a780f69665d7956c469e3b\",\"name\":\"Radio Ljubu\u0161ki\"}]}<\/script>\n<!-- \/ Yoast SEO plugin. -->","yoast_head_json":{"title":"\u010cetiri nastupa koja ne smijete propustiti na Mostar Summer Festu - RADIO LJUBU\u0160KI","robots":{"index":"index","follow":"follow","max-snippet":"max-snippet:-1","max-image-preview":"max-image-preview:large","max-video-preview":"max-video-preview:-1"},"canonical":"https:\/\/radioljubuski.ba\/index.php\/2021\/08\/18\/cetiri-nastupa-koja-ne-smijete-propustiti-na-mostar-summer-festu\/","og_locale":"hr_HR","og_type":"article","og_title":"\u010cetiri nastupa koja ne smijete propustiti na Mostar Summer Festu - RADIO LJUBU\u0160KI","og_description":"I\u0161\u010dekivanje se primaklo kraju i jo\u0161 nas sasvim malo dijeli do otvaranja festivalskih kapija ovogodi\u0161njeg Mostar Summer Festa. Programska shema izvo\u0111a\u010da je raznolika, a organizatori su se potrudili da glazbeni apetit svakog posjetitelja bude zadovoljen. Bilo da ste za tvr\u0111i gitarski zvuk ili za moderan hip hop, na Mostar Summer Festu\u0107ete uta\u017eiti svoje \u017eedno uho, [&hellip;]","og_url":"https:\/\/radioljubuski.ba\/index.php\/2021\/08\/18\/cetiri-nastupa-koja-ne-smijete-propustiti-na-mostar-summer-festu\/","og_site_name":"RADIO LJUBU\u0160KI","article_publisher":"https:\/\/www.facebook.com\/Radiio-Ljubuski-1490835324566332","article_published_time":"2021-08-18T11:33:14+00:00","article_modified_time":"2021-08-18T11:33:15+00:00","og_image":[{"width":1068,"height":1068,"url":"https:\/\/radioljubuski.ba\/wp-content\/uploads\/2021\/08\/Vinjeta-1068x1068-1.jpg","type":"image\/jpeg"}],"author":"Radio Ljubu\u0161ki","twitter_card":"summary_large_image","twitter_creator":"@radioljubuski","twitter_site":"@radioljubuski","twitter_misc":{"Napisao\/la":"Radio Ljubu\u0161ki","Procijenjeno vrijeme \u010ditanja":"2 minute"},"schema":{"@context":"https:\/\/schema.org","@graph":[{"@type":"Article","@id":"https:\/\/radioljubuski.ba\/index.php\/2021\/08\/18\/cetiri-nastupa-koja-ne-smijete-propustiti-na-mostar-summer-festu\/#article","isPartOf":{"@id":"https:\/\/radioljubuski.ba\/index.php\/2021\/08\/18\/cetiri-nastupa-koja-ne-smijete-propustiti-na-mostar-summer-festu\/"},"author":{"name":"Radio Ljubu\u0161ki","@id":"https:\/\/radioljubuski.ba\/#\/schema\/person\/19fc700381a780f69665d7956c469e3b"},"headline":"\u010cetiri nastupa koja ne smijete propustiti na Mostar Summer Festu","datePublished":"2021-08-18T11:33:14+00:00","dateModified":"2021-08-18T11:33:15+00:00","mainEntityOfPage":{"@id":"https:\/\/radioljubuski.ba\/index.php\/2021\/08\/18\/cetiri-nastupa-koja-ne-smijete-propustiti-na-mostar-summer-festu\/"},"wordCount":381,"publisher":{"@id":"https:\/\/radioljubuski.ba\/#organization"},"image":{"@id":"https:\/\/radioljubuski.ba\/index.php\/2021\/08\/18\/cetiri-nastupa-koja-ne-smijete-propustiti-na-mostar-summer-festu\/#primaryimage"},"thumbnailUrl":"https:\/\/radioljubuski.ba\/wp-content\/uploads\/2021\/08\/Vinjeta-1068x1068-1.jpg","articleSection":["BIH i regija"],"inLanguage":"hr"},{"@type":"WebPage","@id":"https:\/\/radioljubuski.ba\/index.php\/2021\/08\/18\/cetiri-nastupa-koja-ne-smijete-propustiti-na-mostar-summer-festu\/","url":"https:\/\/radioljubuski.ba\/index.php\/2021\/08\/18\/cetiri-nastupa-koja-ne-smijete-propustiti-na-mostar-summer-festu\/","name":"\u010cetiri nastupa koja ne smijete propustiti na Mostar Summer Festu - RADIO LJUBU\u0160KI","isPartOf":{"@id":"https:\/\/radioljubuski.ba\/#website"},"primaryImageOfPage":{"@id":"https:\/\/radioljubuski.ba\/index.php\/2021\/08\/18\/cetiri-nastupa-koja-ne-smijete-propustiti-na-mostar-summer-festu\/#primaryimage"},"image":{"@id":"https:\/\/radioljubuski.ba\/index.php\/2021\/08\/18\/cetiri-nastupa-koja-ne-smijete-propustiti-na-mostar-summer-festu\/#primaryimage"},"thumbnailUrl":"https:\/\/radioljubuski.ba\/wp-content\/uploads\/2021\/08\/Vinjeta-1068x1068-1.jpg","datePublished":"2021-08-18T11:33:14+00:00","dateModified":"2021-08-18T11:33:15+00:00","breadcrumb":{"@id":"https:\/\/radioljubuski.ba\/index.php\/2021\/08\/18\/cetiri-nastupa-koja-ne-smijete-propustiti-na-mostar-summer-festu\/#breadcrumb"},"inLanguage":"hr","potentialAction":[{"@type":"ReadAction","target":["https:\/\/radioljubuski.ba\/index.php\/2021\/08\/18\/cetiri-nastupa-koja-ne-smijete-propustiti-na-mostar-summer-festu\/"]}]},{"@type":"ImageObject","inLanguage":"hr","@id":"https:\/\/radioljubuski.ba\/index.php\/2021\/08\/18\/cetiri-nastupa-koja-ne-smijete-propustiti-na-mostar-summer-festu\/#primaryimage","url":"https:\/\/radioljubuski.ba\/wp-content\/uploads\/2021\/08\/Vinjeta-1068x1068-1.jpg","contentUrl":"https:\/\/radioljubuski.ba\/wp-content\/uploads\/2021\/08\/Vinjeta-1068x1068-1.jpg","width":1068,"height":1068},{"@type":"BreadcrumbList","@id":"https:\/\/radioljubuski.ba\/index.php\/2021\/08\/18\/cetiri-nastupa-koja-ne-smijete-propustiti-na-mostar-summer-festu\/#breadcrumb","itemListElement":[{"@type":"ListItem","position":1,"name":"Po\u010detna stranica","item":"https:\/\/radioljubuski.ba\/"},{"@type":"ListItem","position":2,"name":"\u010cetiri nastupa koja ne smijete propustiti na Mostar Summer Festu"}]},{"@type":"WebSite","@id":"https:\/\/radioljubuski.ba\/#website","url":"https:\/\/radioljubuski.ba\/","name":"Radio Ljubu\u0161ki","description":"Sun\u010dana frekvencija Hercegovine","publisher":{"@id":"https:\/\/radioljubuski.ba\/#organization"},"potentialAction":[{"@type":"SearchAction","target":{"@type":"EntryPoint","urlTemplate":"https:\/\/radioljubuski.ba\/?s={search_term_string}"},"query-input":{"@type":"PropertyValueSpecification","valueRequired":true,"valueName":"search_term_string"}}],"inLanguage":"hr"},{"@type":"Organization","@id":"https:\/\/radioljubuski.ba\/#organization","name":"Radio Ljubu\u0161ki","url":"https:\/\/radioljubuski.ba\/","logo":{"@type":"ImageObject","inLanguage":"hr","@id":"https:\/\/radioljubuski.ba\/#\/schema\/logo\/image\/","url":"https:\/\/radioljubuski.ba\/wp-content\/uploads\/2021\/02\/cropped-Radio_Ljubuski_logo1.jpg","contentUrl":"https:\/\/radioljubuski.ba\/wp-content\/uploads\/2021\/02\/cropped-Radio_Ljubuski_logo1.jpg","width":512,"height":512,"caption":"Radio Ljubu\u0161ki"},"image":{"@id":"https:\/\/radioljubuski.ba\/#\/schema\/logo\/image\/"},"sameAs":["https:\/\/www.facebook.com\/Radiio-Ljubuski-1490835324566332","https:\/\/x.com\/radioljubuski","https:\/\/hr.linkedin.com\/company\/radio-ljubuski","https:\/\/www.youtube.com\/channel\/UCHYaeO_n0Db3tjNGudGpXyw"]},{"@type":"Person","@id":"https:\/\/radioljubuski.ba\/#\/schema\/person\/19fc700381a780f69665d7956c469e3b","name":"Radio Ljubu\u0161ki"}]}},"_links":{"self":[{"href":"https:\/\/radioljubuski.ba\/index.php\/wp-json\/wp\/v2\/posts\/54554","targetHints":{"allow":["GET"]}}],"collection":[{"href":"https:\/\/radioljubuski.ba\/index.php\/wp-json\/wp\/v2\/posts"}],"about":[{"href":"https:\/\/radioljubuski.ba\/index.php\/wp-json\/wp\/v2\/types\/post"}],"author":[{"embeddable":true,"href":"https:\/\/radioljubuski.ba\/index.php\/wp-json\/wp\/v2\/users\/2"}],"replies":[{"embeddable":true,"href":"https:\/\/radioljubuski.ba\/index.php\/wp-json\/wp\/v2\/comments?post=54554"}],"version-history":[{"count":1,"href":"https:\/\/radioljubuski.ba\/index.php\/wp-json\/wp\/v2\/posts\/54554\/revisions"}],"predecessor-version":[{"id":54556,"href":"https:\/\/radioljubuski.ba\/index.php\/wp-json\/wp\/v2\/posts\/54554\/revisions\/54556"}],"wp:featuredmedia":[{"embeddable":true,"href":"https:\/\/radioljubuski.ba\/index.php\/wp-json\/wp\/v2\/media\/54555"}],"wp:attachment":[{"href":"https:\/\/radioljubuski.ba\/index.php\/wp-json\/wp\/v2\/media?parent=54554"}],"wp:term":[{"taxonomy":"category","embeddable":true,"href":"https:\/\/radioljubuski.ba\/index.php\/wp-json\/wp\/v2\/categories?post=54554"},{"taxonomy":"post_tag","embeddable":true,"href":"https:\/\/radioljubuski.ba\/index.php\/wp-json\/wp\/v2\/tags?post=54554"}],"curies":[{"name":"wp","href":"https:\/\/api.w.org\/{rel}","templated":true}]}}