{"id":54576,"date":"2021-08-18T12:46:31","date_gmt":"2021-08-18T11:46:31","guid":{"rendered":"https:\/\/radioljubuski.ba\/?p=54576"},"modified":"2021-08-18T12:46:32","modified_gmt":"2021-08-18T11:46:32","slug":"vodeci-malteski-biznismen-optuzen-za-ubojstvo-antikorupcijske-novinarke","status":"publish","type":"post","link":"https:\/\/radioljubuski.ba\/index.php\/2021\/08\/18\/vodeci-malteski-biznismen-optuzen-za-ubojstvo-antikorupcijske-novinarke\/","title":{"rendered":"Vode\u0107i malte\u0161ki biznismen optu\u017een za ubojstvo antikorupcijske novinarke"},"content":{"rendered":"\n<p>Jedan od najbogatijih malte\u0161kih poslovnih ljudi Yorgen Fenech optu\u017een je za ubojstvo antikorupcijske novinarke Daphne Caruane Galizie, naveli su tu\u017eitelji u sudskim dokumentima podnesenima u srijedu.&nbsp;<\/p>\n\n\n\n<p>Za sada nije jo\u0161 odre\u0111en datum su\u0111enja.<\/p>\n\n\n\n<p>Fenech je uhi\u0107en u studenom 2019. pod optu\u017ebom za suu\u010desni\u0161tvo u ubojstvu. Tijekom prikupljanja dokaza prije su\u0111enja izjasnio se da nije kriv.<\/p>\n\n\n\n<p>Caruana Galizia ubijena je u eksploziji automobila bombe dok je napu\u0161tala svoj dom 16. listopada 2017. To je ubojstvo \u0161okiralo Europu i pokrenulo pitanja o vladavini prava u toj najmanjoj \u010dlanici Europske unije.<\/p>\n\n\n\n<p>Fenech je bio na \u010delu poslovnog carstva koje je uklju\u010divalo nekretnine, uvoz i trgovinu automobilima. Tako\u0111er je bio na \u010delu konzorcija kojem je kontroverzno dodijeljen dr\u017eavni ugovor za izgradnju elektrane.<\/p>\n\n\n\n<p>Caruana Galizia istra\u017eivala je mogu\u0107u korupciju pri sklapanju ugovora kada je ubijena.<\/p>\n\n\n\n<p>Trojica mu\u0161karaca optu\u017eena za podmetanje i postavljanje bombe uhi\u0107ena su u prosincu 2017. Jedan od njih izjasnio se krivim u sklopu nagodbe i osu\u0111en je na 15-godi\u0161nju zatvorsku kaznu. Druga dvojica \u010dekaju su\u0111enje.<\/p>\n\n\n\n<p>Melvin Theuma, koji je priznao da je bio posrednik u zavjeri, predao je dokaze te je dobio pomilovanje. Rekao je da ga je Fenech zadu\u017eio da organizira ubojstvo.<\/p>\n\n\n\n<p>Tu\u017eitelji zahtijevaju do\u017eivotnu kaznu zatvora za Fenecha, rekli su sudski du\u017enosnici. Fenech je uhi\u0107en 20. studenog 2019. godine, u trenutku kada se njegova jahta nalazila nedaleko od Malte u, kako policija ka\u017ee, poku\u0161aju bijega s otoka.<\/p>\n\n\n\n<p>Tada\u0161nji malte\u0161ki premijer Joseph Muscat, objavio je ostavku u roku od nekoliko dana nakon Fenechova uhi\u0107enja nakon \u0161to su otkrivene bliske veze izme\u0111u poslovnog \u010dovjeka i visokih du\u017enosnika vlade.<\/p>\n\n\n\n<p>Sam Muscat uvijek je nijekao zlouporabe polo\u017eaja.<\/p>\n\n\n\n<p>Provoditelji neovisne istrage o ubojstvu Caruane Galizie pro\u0161li su mjesec rekli da dr\u017eava mora snositi odgovornost za ubojstvo nakon stvaranja &#8220;kulture neka\u017enjivosti&#8221;.<\/p>\n\n\n\n<p>Izvor:pogled.ba<\/p>\n","protected":false},"excerpt":{"rendered":"<p>Jedan od najbogatijih malte\u0161kih poslovnih ljudi Yorgen Fenech optu\u017een je za ubojstvo antikorupcijske novinarke Daphne Caruane Galizie, naveli su tu\u017eitelji u sudskim dokumentima podnesenima u srijedu.&nbsp; Za sada nije jo\u0161 odre\u0111en datum su\u0111enja. Fenech je uhi\u0107en u studenom 2019. pod optu\u017ebom za suu\u010desni\u0161tvo u ubojstvu. Tijekom prikupljanja dokaza prije su\u0111enja izjasnio se da nije kriv. [&hellip;]<\/p>\n","protected":false},"author":2,"featured_media":54577,"comment_status":"closed","ping_status":"closed","sticky":false,"template":"","format":"standard","meta":{"h5ap_radio_sources":[],"footnotes":""},"categories":[1],"tags":[],"class_list":["post-54576","post","type-post","status-publish","format-standard","has-post-thumbnail","hentry","category-bihiregija"],"yoast_head":"<!-- This site is optimized with the Yoast SEO plugin v27.4 - https:\/\/yoast.com\/product\/yoast-seo-wordpress\/ -->\n<title>Vode\u0107i malte\u0161ki biznismen optu\u017een za ubojstvo antikorupcijske novinarke - RADIO LJUBU\u0160KI<\/title>\n<meta name=\"robots\" content=\"index, follow, max-snippet:-1, max-image-preview:large, max-video-preview:-1\" \/>\n<link rel=\"canonical\" href=\"https:\/\/radioljubuski.ba\/index.php\/2021\/08\/18\/vodeci-malteski-biznismen-optuzen-za-ubojstvo-antikorupcijske-novinarke\/\" \/>\n<meta property=\"og:locale\" content=\"hr_HR\" \/>\n<meta property=\"og:type\" content=\"article\" \/>\n<meta property=\"og:title\" content=\"Vode\u0107i malte\u0161ki biznismen optu\u017een za ubojstvo antikorupcijske novinarke - RADIO LJUBU\u0160KI\" \/>\n<meta property=\"og:description\" content=\"Jedan od najbogatijih malte\u0161kih poslovnih ljudi Yorgen Fenech optu\u017een je za ubojstvo antikorupcijske novinarke Daphne Caruane Galizie, naveli su tu\u017eitelji u sudskim dokumentima podnesenima u srijedu.&nbsp; Za sada nije jo\u0161 odre\u0111en datum su\u0111enja. Fenech je uhi\u0107en u studenom 2019. pod optu\u017ebom za suu\u010desni\u0161tvo u ubojstvu. Tijekom prikupljanja dokaza prije su\u0111enja izjasnio se da nije kriv. [&hellip;]\" \/>\n<meta property=\"og:url\" content=\"https:\/\/radioljubuski.ba\/index.php\/2021\/08\/18\/vodeci-malteski-biznismen-optuzen-za-ubojstvo-antikorupcijske-novinarke\/\" \/>\n<meta property=\"og:site_name\" content=\"RADIO LJUBU\u0160KI\" \/>\n<meta property=\"article:publisher\" content=\"https:\/\/www.facebook.com\/Radiio-Ljubuski-1490835324566332\" \/>\n<meta property=\"article:published_time\" content=\"2021-08-18T11:46:31+00:00\" \/>\n<meta property=\"article:modified_time\" content=\"2021-08-18T11:46:32+00:00\" \/>\n<meta property=\"og:image\" content=\"https:\/\/radioljubuski.ba\/wp-content\/uploads\/2021\/08\/2-2021-08-18-13-34-23-279236.jpg\" \/>\n\t<meta property=\"og:image:width\" content=\"1000\" \/>\n\t<meta property=\"og:image:height\" content=\"625\" \/>\n\t<meta property=\"og:image:type\" content=\"image\/jpeg\" \/>\n<meta name=\"author\" content=\"Radio Ljubu\u0161ki\" \/>\n<meta name=\"twitter:card\" content=\"summary_large_image\" \/>\n<meta name=\"twitter:creator\" content=\"@radioljubuski\" \/>\n<meta name=\"twitter:site\" content=\"@radioljubuski\" \/>\n<meta name=\"twitter:label1\" content=\"Napisao\/la\" \/>\n\t<meta name=\"twitter:data1\" content=\"Radio Ljubu\u0161ki\" \/>\n\t<meta name=\"twitter:label2\" content=\"Procijenjeno vrijeme \u010ditanja\" \/>\n\t<meta name=\"twitter:data2\" content=\"2 minute\" \/>\n<script type=\"application\/ld+json\" class=\"yoast-schema-graph\">{\"@context\":\"https:\\\/\\\/schema.org\",\"@graph\":[{\"@type\":\"Article\",\"@id\":\"https:\\\/\\\/radioljubuski.ba\\\/index.php\\\/2021\\\/08\\\/18\\\/vodeci-malteski-biznismen-optuzen-za-ubojstvo-antikorupcijske-novinarke\\\/#article\",\"isPartOf\":{\"@id\":\"https:\\\/\\\/radioljubuski.ba\\\/index.php\\\/2021\\\/08\\\/18\\\/vodeci-malteski-biznismen-optuzen-za-ubojstvo-antikorupcijske-novinarke\\\/\"},\"author\":{\"name\":\"Radio Ljubu\u0161ki\",\"@id\":\"https:\\\/\\\/radioljubuski.ba\\\/#\\\/schema\\\/person\\\/19fc700381a780f69665d7956c469e3b\"},\"headline\":\"Vode\u0107i malte\u0161ki biznismen optu\u017een za ubojstvo antikorupcijske novinarke\",\"datePublished\":\"2021-08-18T11:46:31+00:00\",\"dateModified\":\"2021-08-18T11:46:32+00:00\",\"mainEntityOfPage\":{\"@id\":\"https:\\\/\\\/radioljubuski.ba\\\/index.php\\\/2021\\\/08\\\/18\\\/vodeci-malteski-biznismen-optuzen-za-ubojstvo-antikorupcijske-novinarke\\\/\"},\"wordCount\":332,\"publisher\":{\"@id\":\"https:\\\/\\\/radioljubuski.ba\\\/#organization\"},\"image\":{\"@id\":\"https:\\\/\\\/radioljubuski.ba\\\/index.php\\\/2021\\\/08\\\/18\\\/vodeci-malteski-biznismen-optuzen-za-ubojstvo-antikorupcijske-novinarke\\\/#primaryimage\"},\"thumbnailUrl\":\"https:\\\/\\\/radioljubuski.ba\\\/wp-content\\\/uploads\\\/2021\\\/08\\\/2-2021-08-18-13-34-23-279236.jpg\",\"articleSection\":[\"BIH i regija\"],\"inLanguage\":\"hr\"},{\"@type\":\"WebPage\",\"@id\":\"https:\\\/\\\/radioljubuski.ba\\\/index.php\\\/2021\\\/08\\\/18\\\/vodeci-malteski-biznismen-optuzen-za-ubojstvo-antikorupcijske-novinarke\\\/\",\"url\":\"https:\\\/\\\/radioljubuski.ba\\\/index.php\\\/2021\\\/08\\\/18\\\/vodeci-malteski-biznismen-optuzen-za-ubojstvo-antikorupcijske-novinarke\\\/\",\"name\":\"Vode\u0107i malte\u0161ki biznismen optu\u017een za ubojstvo antikorupcijske novinarke - RADIO LJUBU\u0160KI\",\"isPartOf\":{\"@id\":\"https:\\\/\\\/radioljubuski.ba\\\/#website\"},\"primaryImageOfPage\":{\"@id\":\"https:\\\/\\\/radioljubuski.ba\\\/index.php\\\/2021\\\/08\\\/18\\\/vodeci-malteski-biznismen-optuzen-za-ubojstvo-antikorupcijske-novinarke\\\/#primaryimage\"},\"image\":{\"@id\":\"https:\\\/\\\/radioljubuski.ba\\\/index.php\\\/2021\\\/08\\\/18\\\/vodeci-malteski-biznismen-optuzen-za-ubojstvo-antikorupcijske-novinarke\\\/#primaryimage\"},\"thumbnailUrl\":\"https:\\\/\\\/radioljubuski.ba\\\/wp-content\\\/uploads\\\/2021\\\/08\\\/2-2021-08-18-13-34-23-279236.jpg\",\"datePublished\":\"2021-08-18T11:46:31+00:00\",\"dateModified\":\"2021-08-18T11:46:32+00:00\",\"breadcrumb\":{\"@id\":\"https:\\\/\\\/radioljubuski.ba\\\/index.php\\\/2021\\\/08\\\/18\\\/vodeci-malteski-biznismen-optuzen-za-ubojstvo-antikorupcijske-novinarke\\\/#breadcrumb\"},\"inLanguage\":\"hr\",\"potentialAction\":[{\"@type\":\"ReadAction\",\"target\":[\"https:\\\/\\\/radioljubuski.ba\\\/index.php\\\/2021\\\/08\\\/18\\\/vodeci-malteski-biznismen-optuzen-za-ubojstvo-antikorupcijske-novinarke\\\/\"]}]},{\"@type\":\"ImageObject\",\"inLanguage\":\"hr\",\"@id\":\"https:\\\/\\\/radioljubuski.ba\\\/index.php\\\/2021\\\/08\\\/18\\\/vodeci-malteski-biznismen-optuzen-za-ubojstvo-antikorupcijske-novinarke\\\/#primaryimage\",\"url\":\"https:\\\/\\\/radioljubuski.ba\\\/wp-content\\\/uploads\\\/2021\\\/08\\\/2-2021-08-18-13-34-23-279236.jpg\",\"contentUrl\":\"https:\\\/\\\/radioljubuski.ba\\\/wp-content\\\/uploads\\\/2021\\\/08\\\/2-2021-08-18-13-34-23-279236.jpg\",\"width\":1000,\"height\":625},{\"@type\":\"BreadcrumbList\",\"@id\":\"https:\\\/\\\/radioljubuski.ba\\\/index.php\\\/2021\\\/08\\\/18\\\/vodeci-malteski-biznismen-optuzen-za-ubojstvo-antikorupcijske-novinarke\\\/#breadcrumb\",\"itemListElement\":[{\"@type\":\"ListItem\",\"position\":1,\"name\":\"Po\u010detna stranica\",\"item\":\"https:\\\/\\\/radioljubuski.ba\\\/\"},{\"@type\":\"ListItem\",\"position\":2,\"name\":\"Vode\u0107i malte\u0161ki biznismen optu\u017een za ubojstvo antikorupcijske novinarke\"}]},{\"@type\":\"WebSite\",\"@id\":\"https:\\\/\\\/radioljubuski.ba\\\/#website\",\"url\":\"https:\\\/\\\/radioljubuski.ba\\\/\",\"name\":\"Radio Ljubu\u0161ki\",\"description\":\"Sun\u010dana frekvencija Hercegovine\",\"publisher\":{\"@id\":\"https:\\\/\\\/radioljubuski.ba\\\/#organization\"},\"potentialAction\":[{\"@type\":\"SearchAction\",\"target\":{\"@type\":\"EntryPoint\",\"urlTemplate\":\"https:\\\/\\\/radioljubuski.ba\\\/?s={search_term_string}\"},\"query-input\":{\"@type\":\"PropertyValueSpecification\",\"valueRequired\":true,\"valueName\":\"search_term_string\"}}],\"inLanguage\":\"hr\"},{\"@type\":\"Organization\",\"@id\":\"https:\\\/\\\/radioljubuski.ba\\\/#organization\",\"name\":\"Radio Ljubu\u0161ki\",\"url\":\"https:\\\/\\\/radioljubuski.ba\\\/\",\"logo\":{\"@type\":\"ImageObject\",\"inLanguage\":\"hr\",\"@id\":\"https:\\\/\\\/radioljubuski.ba\\\/#\\\/schema\\\/logo\\\/image\\\/\",\"url\":\"https:\\\/\\\/radioljubuski.ba\\\/wp-content\\\/uploads\\\/2021\\\/02\\\/cropped-Radio_Ljubuski_logo1.jpg\",\"contentUrl\":\"https:\\\/\\\/radioljubuski.ba\\\/wp-content\\\/uploads\\\/2021\\\/02\\\/cropped-Radio_Ljubuski_logo1.jpg\",\"width\":512,\"height\":512,\"caption\":\"Radio Ljubu\u0161ki\"},\"image\":{\"@id\":\"https:\\\/\\\/radioljubuski.ba\\\/#\\\/schema\\\/logo\\\/image\\\/\"},\"sameAs\":[\"https:\\\/\\\/www.facebook.com\\\/Radiio-Ljubuski-1490835324566332\",\"https:\\\/\\\/x.com\\\/radioljubuski\",\"https:\\\/\\\/hr.linkedin.com\\\/company\\\/radio-ljubuski\",\"https:\\\/\\\/www.youtube.com\\\/channel\\\/UCHYaeO_n0Db3tjNGudGpXyw\"]},{\"@type\":\"Person\",\"@id\":\"https:\\\/\\\/radioljubuski.ba\\\/#\\\/schema\\\/person\\\/19fc700381a780f69665d7956c469e3b\",\"name\":\"Radio Ljubu\u0161ki\"}]}<\/script>\n<!-- \/ Yoast SEO plugin. -->","yoast_head_json":{"title":"Vode\u0107i malte\u0161ki biznismen optu\u017een za ubojstvo antikorupcijske novinarke - RADIO LJUBU\u0160KI","robots":{"index":"index","follow":"follow","max-snippet":"max-snippet:-1","max-image-preview":"max-image-preview:large","max-video-preview":"max-video-preview:-1"},"canonical":"https:\/\/radioljubuski.ba\/index.php\/2021\/08\/18\/vodeci-malteski-biznismen-optuzen-za-ubojstvo-antikorupcijske-novinarke\/","og_locale":"hr_HR","og_type":"article","og_title":"Vode\u0107i malte\u0161ki biznismen optu\u017een za ubojstvo antikorupcijske novinarke - RADIO LJUBU\u0160KI","og_description":"Jedan od najbogatijih malte\u0161kih poslovnih ljudi Yorgen Fenech optu\u017een je za ubojstvo antikorupcijske novinarke Daphne Caruane Galizie, naveli su tu\u017eitelji u sudskim dokumentima podnesenima u srijedu.&nbsp; Za sada nije jo\u0161 odre\u0111en datum su\u0111enja. Fenech je uhi\u0107en u studenom 2019. pod optu\u017ebom za suu\u010desni\u0161tvo u ubojstvu. Tijekom prikupljanja dokaza prije su\u0111enja izjasnio se da nije kriv. [&hellip;]","og_url":"https:\/\/radioljubuski.ba\/index.php\/2021\/08\/18\/vodeci-malteski-biznismen-optuzen-za-ubojstvo-antikorupcijske-novinarke\/","og_site_name":"RADIO LJUBU\u0160KI","article_publisher":"https:\/\/www.facebook.com\/Radiio-Ljubuski-1490835324566332","article_published_time":"2021-08-18T11:46:31+00:00","article_modified_time":"2021-08-18T11:46:32+00:00","og_image":[{"width":1000,"height":625,"url":"https:\/\/radioljubuski.ba\/wp-content\/uploads\/2021\/08\/2-2021-08-18-13-34-23-279236.jpg","type":"image\/jpeg"}],"author":"Radio Ljubu\u0161ki","twitter_card":"summary_large_image","twitter_creator":"@radioljubuski","twitter_site":"@radioljubuski","twitter_misc":{"Napisao\/la":"Radio Ljubu\u0161ki","Procijenjeno vrijeme \u010ditanja":"2 minute"},"schema":{"@context":"https:\/\/schema.org","@graph":[{"@type":"Article","@id":"https:\/\/radioljubuski.ba\/index.php\/2021\/08\/18\/vodeci-malteski-biznismen-optuzen-za-ubojstvo-antikorupcijske-novinarke\/#article","isPartOf":{"@id":"https:\/\/radioljubuski.ba\/index.php\/2021\/08\/18\/vodeci-malteski-biznismen-optuzen-za-ubojstvo-antikorupcijske-novinarke\/"},"author":{"name":"Radio Ljubu\u0161ki","@id":"https:\/\/radioljubuski.ba\/#\/schema\/person\/19fc700381a780f69665d7956c469e3b"},"headline":"Vode\u0107i malte\u0161ki biznismen optu\u017een za ubojstvo antikorupcijske novinarke","datePublished":"2021-08-18T11:46:31+00:00","dateModified":"2021-08-18T11:46:32+00:00","mainEntityOfPage":{"@id":"https:\/\/radioljubuski.ba\/index.php\/2021\/08\/18\/vodeci-malteski-biznismen-optuzen-za-ubojstvo-antikorupcijske-novinarke\/"},"wordCount":332,"publisher":{"@id":"https:\/\/radioljubuski.ba\/#organization"},"image":{"@id":"https:\/\/radioljubuski.ba\/index.php\/2021\/08\/18\/vodeci-malteski-biznismen-optuzen-za-ubojstvo-antikorupcijske-novinarke\/#primaryimage"},"thumbnailUrl":"https:\/\/radioljubuski.ba\/wp-content\/uploads\/2021\/08\/2-2021-08-18-13-34-23-279236.jpg","articleSection":["BIH i regija"],"inLanguage":"hr"},{"@type":"WebPage","@id":"https:\/\/radioljubuski.ba\/index.php\/2021\/08\/18\/vodeci-malteski-biznismen-optuzen-za-ubojstvo-antikorupcijske-novinarke\/","url":"https:\/\/radioljubuski.ba\/index.php\/2021\/08\/18\/vodeci-malteski-biznismen-optuzen-za-ubojstvo-antikorupcijske-novinarke\/","name":"Vode\u0107i malte\u0161ki biznismen optu\u017een za ubojstvo antikorupcijske novinarke - RADIO LJUBU\u0160KI","isPartOf":{"@id":"https:\/\/radioljubuski.ba\/#website"},"primaryImageOfPage":{"@id":"https:\/\/radioljubuski.ba\/index.php\/2021\/08\/18\/vodeci-malteski-biznismen-optuzen-za-ubojstvo-antikorupcijske-novinarke\/#primaryimage"},"image":{"@id":"https:\/\/radioljubuski.ba\/index.php\/2021\/08\/18\/vodeci-malteski-biznismen-optuzen-za-ubojstvo-antikorupcijske-novinarke\/#primaryimage"},"thumbnailUrl":"https:\/\/radioljubuski.ba\/wp-content\/uploads\/2021\/08\/2-2021-08-18-13-34-23-279236.jpg","datePublished":"2021-08-18T11:46:31+00:00","dateModified":"2021-08-18T11:46:32+00:00","breadcrumb":{"@id":"https:\/\/radioljubuski.ba\/index.php\/2021\/08\/18\/vodeci-malteski-biznismen-optuzen-za-ubojstvo-antikorupcijske-novinarke\/#breadcrumb"},"inLanguage":"hr","potentialAction":[{"@type":"ReadAction","target":["https:\/\/radioljubuski.ba\/index.php\/2021\/08\/18\/vodeci-malteski-biznismen-optuzen-za-ubojstvo-antikorupcijske-novinarke\/"]}]},{"@type":"ImageObject","inLanguage":"hr","@id":"https:\/\/radioljubuski.ba\/index.php\/2021\/08\/18\/vodeci-malteski-biznismen-optuzen-za-ubojstvo-antikorupcijske-novinarke\/#primaryimage","url":"https:\/\/radioljubuski.ba\/wp-content\/uploads\/2021\/08\/2-2021-08-18-13-34-23-279236.jpg","contentUrl":"https:\/\/radioljubuski.ba\/wp-content\/uploads\/2021\/08\/2-2021-08-18-13-34-23-279236.jpg","width":1000,"height":625},{"@type":"BreadcrumbList","@id":"https:\/\/radioljubuski.ba\/index.php\/2021\/08\/18\/vodeci-malteski-biznismen-optuzen-za-ubojstvo-antikorupcijske-novinarke\/#breadcrumb","itemListElement":[{"@type":"ListItem","position":1,"name":"Po\u010detna stranica","item":"https:\/\/radioljubuski.ba\/"},{"@type":"ListItem","position":2,"name":"Vode\u0107i malte\u0161ki biznismen optu\u017een za ubojstvo antikorupcijske novinarke"}]},{"@type":"WebSite","@id":"https:\/\/radioljubuski.ba\/#website","url":"https:\/\/radioljubuski.ba\/","name":"Radio Ljubu\u0161ki","description":"Sun\u010dana frekvencija Hercegovine","publisher":{"@id":"https:\/\/radioljubuski.ba\/#organization"},"potentialAction":[{"@type":"SearchAction","target":{"@type":"EntryPoint","urlTemplate":"https:\/\/radioljubuski.ba\/?s={search_term_string}"},"query-input":{"@type":"PropertyValueSpecification","valueRequired":true,"valueName":"search_term_string"}}],"inLanguage":"hr"},{"@type":"Organization","@id":"https:\/\/radioljubuski.ba\/#organization","name":"Radio Ljubu\u0161ki","url":"https:\/\/radioljubuski.ba\/","logo":{"@type":"ImageObject","inLanguage":"hr","@id":"https:\/\/radioljubuski.ba\/#\/schema\/logo\/image\/","url":"https:\/\/radioljubuski.ba\/wp-content\/uploads\/2021\/02\/cropped-Radio_Ljubuski_logo1.jpg","contentUrl":"https:\/\/radioljubuski.ba\/wp-content\/uploads\/2021\/02\/cropped-Radio_Ljubuski_logo1.jpg","width":512,"height":512,"caption":"Radio Ljubu\u0161ki"},"image":{"@id":"https:\/\/radioljubuski.ba\/#\/schema\/logo\/image\/"},"sameAs":["https:\/\/www.facebook.com\/Radiio-Ljubuski-1490835324566332","https:\/\/x.com\/radioljubuski","https:\/\/hr.linkedin.com\/company\/radio-ljubuski","https:\/\/www.youtube.com\/channel\/UCHYaeO_n0Db3tjNGudGpXyw"]},{"@type":"Person","@id":"https:\/\/radioljubuski.ba\/#\/schema\/person\/19fc700381a780f69665d7956c469e3b","name":"Radio Ljubu\u0161ki"}]}},"_links":{"self":[{"href":"https:\/\/radioljubuski.ba\/index.php\/wp-json\/wp\/v2\/posts\/54576","targetHints":{"allow":["GET"]}}],"collection":[{"href":"https:\/\/radioljubuski.ba\/index.php\/wp-json\/wp\/v2\/posts"}],"about":[{"href":"https:\/\/radioljubuski.ba\/index.php\/wp-json\/wp\/v2\/types\/post"}],"author":[{"embeddable":true,"href":"https:\/\/radioljubuski.ba\/index.php\/wp-json\/wp\/v2\/users\/2"}],"replies":[{"embeddable":true,"href":"https:\/\/radioljubuski.ba\/index.php\/wp-json\/wp\/v2\/comments?post=54576"}],"version-history":[{"count":1,"href":"https:\/\/radioljubuski.ba\/index.php\/wp-json\/wp\/v2\/posts\/54576\/revisions"}],"predecessor-version":[{"id":54578,"href":"https:\/\/radioljubuski.ba\/index.php\/wp-json\/wp\/v2\/posts\/54576\/revisions\/54578"}],"wp:featuredmedia":[{"embeddable":true,"href":"https:\/\/radioljubuski.ba\/index.php\/wp-json\/wp\/v2\/media\/54577"}],"wp:attachment":[{"href":"https:\/\/radioljubuski.ba\/index.php\/wp-json\/wp\/v2\/media?parent=54576"}],"wp:term":[{"taxonomy":"category","embeddable":true,"href":"https:\/\/radioljubuski.ba\/index.php\/wp-json\/wp\/v2\/categories?post=54576"},{"taxonomy":"post_tag","embeddable":true,"href":"https:\/\/radioljubuski.ba\/index.php\/wp-json\/wp\/v2\/tags?post=54576"}],"curies":[{"name":"wp","href":"https:\/\/api.w.org\/{rel}","templated":true}]}}